{"id":3663,"date":"2025-01-02T09:13:00","date_gmt":"2025-01-02T12:13:00","guid":{"rendered":"https:\/\/portalraizesnoticias.com.br\/?p=3663"},"modified":"2025-01-02T09:21:36","modified_gmt":"2025-01-02T12:21:36","slug":"incendio-em-poste-por-pouco-nao-atinge-loja-de-cosmeticos-em-conceicao-do-coite","status":"publish","type":"post","link":"https:\/\/portalraizesnoticias.com.br\/?p=3663","title":{"rendered":"Inc\u00eandio em poste de energia por pouco n\u00e3o  atinge loja de cosm\u00e9ticos em Concei\u00e7\u00e3o do Coit\u00e9"},"content":{"rendered":"<p>Um princ\u00edpio de inc\u00eandio em um poste de energia\u00a0 por pouco n\u00e3o atingiu a\u00a0 loja Vigor Cosm\u00e9ticos, localizada no centro de Concei\u00e7\u00e3o do Coit\u00e9, regi\u00e3o sisaleira. O incidente aconteceu na madrugada desta quinta-feira (02).<\/p>\n<div style=\"width: 480px;\" class=\"wp-video\"><!--[if lt IE 9]><script>document.createElement('video');<\/script><![endif]-->\n<video class=\"wp-video-shortcode\" id=\"video-3663-1\" width=\"480\" height=\"848\" preload=\"metadata\" controls=\"controls\"><source type=\"video\/mp4\" src=\"https:\/\/portalraizesnoticias.com.br\/wp-content\/uploads\/2025\/01\/VID-20250102-WA0051.mp4?_=1\" \/><a href=\"https:\/\/portalraizesnoticias.com.br\/wp-content\/uploads\/2025\/01\/VID-20250102-WA0051.mp4\">https:\/\/portalraizesnoticias.com.br\/wp-content\/uploads\/2025\/01\/VID-20250102-WA0051.mp4<\/a><\/video><\/div>\n<p>Em uma entrevista \u00e0 jornalista Rafaela Rodrigues, a propriet\u00e1ria do estabelecimento, Adriana Brito, informou que chegou na loja e viu os fios e uma lixeira queimadas, por\u00e9m, a loja intacta.<\/p>\n<p><img fetchpriority=\"high\" decoding=\"async\" class=\"size-medium wp-image-3669 aligncenter\" src=\"https:\/\/portalraizesnoticias.com.br\/wp-content\/uploads\/2025\/01\/IMG-20250102-WA0032-225x300.jpg\" alt=\"\" width=\"225\" height=\"300\" srcset=\"https:\/\/portalraizesnoticias.com.br\/wp-content\/uploads\/2025\/01\/IMG-20250102-WA0032-225x300.jpg 225w, https:\/\/portalraizesnoticias.com.br\/wp-content\/uploads\/2025\/01\/IMG-20250102-WA0032-768x1024.jpg 768w, https:\/\/portalraizesnoticias.com.br\/wp-content\/uploads\/2025\/01\/IMG-20250102-WA0032-1152x1536.jpg 1152w, https:\/\/portalraizesnoticias.com.br\/wp-content\/uploads\/2025\/01\/IMG-20250102-WA0032-1536x2048.jpg 1536w, https:\/\/portalraizesnoticias.com.br\/wp-content\/uploads\/2025\/01\/IMG-20250102-WA0032-scaled.jpg 1920w\" sizes=\"(max-width: 225px) 100vw, 225px\" \/><\/p>\n<p>\u201cGra\u00e7as a Deus, o pior n\u00e3o aconteceu. Vejo como um livramento, pois o fogo poderia ter atingido nossa loja e a da vizinha\u201d, relata.<\/p>\n<p><img decoding=\"async\" class=\"size-medium wp-image-3670 aligncenter\" src=\"https:\/\/portalraizesnoticias.com.br\/wp-content\/uploads\/2025\/01\/IMG-20250102-WA0028-225x300.jpg\" alt=\"\" width=\"225\" height=\"300\" srcset=\"https:\/\/portalraizesnoticias.com.br\/wp-content\/uploads\/2025\/01\/IMG-20250102-WA0028-225x300.jpg 225w, https:\/\/portalraizesnoticias.com.br\/wp-content\/uploads\/2025\/01\/IMG-20250102-WA0028-768x1024.jpg 768w, https:\/\/portalraizesnoticias.com.br\/wp-content\/uploads\/2025\/01\/IMG-20250102-WA0028-1152x1536.jpg 1152w, https:\/\/portalraizesnoticias.com.br\/wp-content\/uploads\/2025\/01\/IMG-20250102-WA0028-1536x2048.jpg 1536w, https:\/\/portalraizesnoticias.com.br\/wp-content\/uploads\/2025\/01\/IMG-20250102-WA0028-scaled.jpg 1920w\" sizes=\"(max-width: 225px) 100vw, 225px\" \/><\/p>\n<p>Apesar de especula\u00e7\u00f5es de que possivelmente as chamas teriam sido causadas pela decora\u00e7\u00e3o de enfeites natalinos ao entrar em contato com fios de alta tens\u00e3o, n\u00e3o h\u00e1 nenhuma comprova\u00e7\u00e3o.<\/p>\n<p>Entramos em contato com a Coelba para saber se houve alguma ocorr\u00eancia, mas, at\u00e9 o momento, n\u00e3o obtivemos retorno.<\/p>\n<p>O espa\u00e7o segue aberto.<\/p>\n","protected":false},"excerpt":{"rendered":"<p>Um princ\u00edpio de inc\u00eandio em um poste de energia\u00a0 por pouco n\u00e3o atingiu a\u00a0 loja Vigor Cosm\u00e9ticos, localizada no centro de Concei\u00e7\u00e3o do Coit\u00e9, regi\u00e3o sisaleira. O incidente aconteceu na madrugada desta quinta-feira (02). Em uma entrevista \u00e0 jornalista Rafaela Rodrigues, a propriet\u00e1ria do estabelecimento, Adriana Brito, informou que chegou na loja e viu os fios e uma lixeira queimadas, por\u00e9m, a loja intacta. \u201cGra\u00e7as a Deus, o pior n\u00e3o aconteceu. Vejo como um livramento, pois o fogo poderia ter atingido nossa loja e a da vizinha\u201d, relata. Apesar de especula\u00e7\u00f5es de que possivelmente as chamas teriam sido causadas pela decora\u00e7\u00e3o de enfeites natalinos ao entrar em contato com fios de alta tens\u00e3o, n\u00e3o h\u00e1 nenhuma comprova\u00e7\u00e3o. Entramos em contato com a Coelba para saber se houve alguma ocorr\u00eancia, mas, at\u00e9 o momento, n\u00e3o obtivemos retorno. O espa\u00e7o segue aberto.<\/p>\n","protected":false},"author":3,"featured_media":3664,"comment_status":"open","ping_status":"open","sticky":false,"template":"","format":"standard","meta":{"_joinchat":[],"footnotes":""},"categories":[58,55,59],"tags":[75,586,587],"class_list":["post-3663","post","type-post","status-publish","format-standard","has-post-thumbnail","hentry","category-acidentes","category-destaques","category-ultimas-noticias","tag-coite","tag-incendio-2","tag-loja"],"yoast_head":"<!-- This site is optimized with the Yoast SEO plugin v24.4 - https:\/\/yoast.com\/wordpress\/plugins\/seo\/ -->\n<title>Inc\u00eandio em poste de energia por pouco n\u00e3o atinge loja de cosm\u00e9ticos em Concei\u00e7\u00e3o do Coit\u00e9 - Portal raizes noticias<\/title>\n<meta name=\"robots\" content=\"index, follow, max-snippet:-1, max-image-preview:large, max-video-preview:-1\" \/>\n<link rel=\"canonical\" href=\"https:\/\/portalraizesnoticias.com.br\/?p=3663\" \/>\n<meta property=\"og:locale\" content=\"pt_BR\" \/>\n<meta property=\"og:type\" content=\"article\" \/>\n<meta property=\"og:title\" content=\"Inc\u00eandio em poste de energia por pouco n\u00e3o atinge loja de cosm\u00e9ticos em Concei\u00e7\u00e3o do Coit\u00e9 - Portal raizes noticias\" \/>\n<meta property=\"og:description\" content=\"Um princ\u00edpio de inc\u00eandio em um poste de energia\u00a0 por pouco n\u00e3o atingiu a\u00a0 loja Vigor Cosm\u00e9ticos, localizada no centro de Concei\u00e7\u00e3o do Coit\u00e9, regi\u00e3o sisaleira. O incidente aconteceu na madrugada desta quinta-feira (02). Em uma entrevista \u00e0 jornalista Rafaela Rodrigues, a propriet\u00e1ria do estabelecimento, Adriana Brito, informou que chegou na loja e viu os fios e uma lixeira queimadas, por\u00e9m, a loja intacta. \u201cGra\u00e7as a Deus, o pior n\u00e3o aconteceu. Vejo como um livramento, pois o fogo poderia ter atingido nossa loja e a da vizinha\u201d, relata. Apesar de especula\u00e7\u00f5es de que possivelmente as chamas teriam sido causadas pela decora\u00e7\u00e3o de enfeites natalinos ao entrar em contato com fios de alta tens\u00e3o, n\u00e3o h\u00e1 nenhuma comprova\u00e7\u00e3o. Entramos em contato com a Coelba para saber se houve alguma ocorr\u00eancia, mas, at\u00e9 o momento, n\u00e3o obtivemos retorno. O espa\u00e7o segue aberto.\" \/>\n<meta property=\"og:url\" content=\"https:\/\/portalraizesnoticias.com.br\/?p=3663\" \/>\n<meta property=\"og:site_name\" content=\"Portal raizes noticias\" \/>\n<meta property=\"article:published_time\" content=\"2025-01-02T12:13:00+00:00\" \/>\n<meta property=\"article:modified_time\" content=\"2025-01-02T12:21:36+00:00\" \/>\n<meta property=\"og:image\" content=\"https:\/\/portalraizesnoticias.com.br\/wp-content\/uploads\/2025\/01\/IMG-20250102-WA0023.jpg\" \/>\n\t<meta property=\"og:image:width\" content=\"1080\" \/>\n\t<meta property=\"og:image:height\" content=\"1045\" \/>\n\t<meta property=\"og:image:type\" content=\"image\/jpeg\" \/>\n<meta name=\"author\" content=\"Portal Raizes\" \/>\n<meta name=\"twitter:card\" content=\"summary_large_image\" \/>\n<meta name=\"twitter:label1\" content=\"Escrito por\" \/>\n\t<meta name=\"twitter:data1\" content=\"Portal Raizes\" \/>\n\t<meta name=\"twitter:label2\" content=\"Est. tempo de leitura\" \/>\n\t<meta name=\"twitter:data2\" content=\"2 minutos\" \/>\n<script type=\"application\/ld+json\" class=\"yoast-schema-graph\">{\"@context\":\"https:\/\/schema.org\",\"@graph\":[{\"@type\":\"Article\",\"@id\":\"https:\/\/portalraizesnoticias.com.br\/?p=3663#article\",\"isPartOf\":{\"@id\":\"https:\/\/portalraizesnoticias.com.br\/?p=3663\"},\"author\":{\"name\":\"Portal Raizes\",\"@id\":\"https:\/\/portalraizesnoticias.com.br\/#\/schema\/person\/a3ca6b0fc701e78df19756c417d943ae\"},\"headline\":\"Inc\u00eandio em poste de energia por pouco n\u00e3o atinge loja de cosm\u00e9ticos em Concei\u00e7\u00e3o do Coit\u00e9\",\"datePublished\":\"2025-01-02T12:13:00+00:00\",\"dateModified\":\"2025-01-02T12:21:36+00:00\",\"mainEntityOfPage\":{\"@id\":\"https:\/\/portalraizesnoticias.com.br\/?p=3663\"},\"wordCount\":190,\"commentCount\":0,\"publisher\":{\"@id\":\"https:\/\/portalraizesnoticias.com.br\/#organization\"},\"image\":{\"@id\":\"https:\/\/portalraizesnoticias.com.br\/?p=3663#primaryimage\"},\"thumbnailUrl\":\"https:\/\/portalraizesnoticias.com.br\/wp-content\/uploads\/2025\/01\/IMG-20250102-WA0023.jpg\",\"keywords\":[\"Coit\u00e9\",\"Inc\u00eandio\",\"Loja\"],\"articleSection\":[\"ACIDENTES\",\"DESTAQUES\",\"ULTIMAS NOTICIAS\"],\"inLanguage\":\"pt-BR\",\"potentialAction\":[{\"@type\":\"CommentAction\",\"name\":\"Comment\",\"target\":[\"https:\/\/portalraizesnoticias.com.br\/?p=3663#respond\"]}]},{\"@type\":\"WebPage\",\"@id\":\"https:\/\/portalraizesnoticias.com.br\/?p=3663\",\"url\":\"https:\/\/portalraizesnoticias.com.br\/?p=3663\",\"name\":\"Inc\u00eandio em poste de energia por pouco n\u00e3o atinge loja de cosm\u00e9ticos em Concei\u00e7\u00e3o do Coit\u00e9 - Portal raizes noticias\",\"isPartOf\":{\"@id\":\"https:\/\/portalraizesnoticias.com.br\/#website\"},\"primaryImageOfPage\":{\"@id\":\"https:\/\/portalraizesnoticias.com.br\/?p=3663#primaryimage\"},\"image\":{\"@id\":\"https:\/\/portalraizesnoticias.com.br\/?p=3663#primaryimage\"},\"thumbnailUrl\":\"https:\/\/portalraizesnoticias.com.br\/wp-content\/uploads\/2025\/01\/IMG-20250102-WA0023.jpg\",\"datePublished\":\"2025-01-02T12:13:00+00:00\",\"dateModified\":\"2025-01-02T12:21:36+00:00\",\"breadcrumb\":{\"@id\":\"https:\/\/portalraizesnoticias.com.br\/?p=3663#breadcrumb\"},\"inLanguage\":\"pt-BR\",\"potentialAction\":[{\"@type\":\"ReadAction\",\"target\":[\"https:\/\/portalraizesnoticias.com.br\/?p=3663\"]}]},{\"@type\":\"ImageObject\",\"inLanguage\":\"pt-BR\",\"@id\":\"https:\/\/portalraizesnoticias.com.br\/?p=3663#primaryimage\",\"url\":\"https:\/\/portalraizesnoticias.com.br\/wp-content\/uploads\/2025\/01\/IMG-20250102-WA0023.jpg\",\"contentUrl\":\"https:\/\/portalraizesnoticias.com.br\/wp-content\/uploads\/2025\/01\/IMG-20250102-WA0023.jpg\",\"width\":1080,\"height\":1045},{\"@type\":\"BreadcrumbList\",\"@id\":\"https:\/\/portalraizesnoticias.com.br\/?p=3663#breadcrumb\",\"itemListElement\":[{\"@type\":\"ListItem\",\"position\":1,\"name\":\"In\u00edcio\",\"item\":\"https:\/\/portalraizesnoticias.com.br\/\"},{\"@type\":\"ListItem\",\"position\":2,\"name\":\"Inc\u00eandio em poste de energia por pouco n\u00e3o atinge loja de cosm\u00e9ticos em Concei\u00e7\u00e3o do Coit\u00e9\"}]},{\"@type\":\"WebSite\",\"@id\":\"https:\/\/portalraizesnoticias.com.br\/#website\",\"url\":\"https:\/\/portalraizesnoticias.com.br\/\",\"name\":\"Portal raizes NOTICIAS\",\"description\":\"site de noticias de concei\u00e7\u00e3o do coit\u00e9 e regi\u00e3o\",\"publisher\":{\"@id\":\"https:\/\/portalraizesnoticias.com.br\/#organization\"},\"alternateName\":\"PORTAL RAIZES COIT\u00c9\",\"potentialAction\":[{\"@type\":\"SearchAction\",\"target\":{\"@type\":\"EntryPoint\",\"urlTemplate\":\"https:\/\/portalraizesnoticias.com.br\/?s={search_term_string}\"},\"query-input\":{\"@type\":\"PropertyValueSpecification\",\"valueRequired\":true,\"valueName\":\"search_term_string\"}}],\"inLanguage\":\"pt-BR\"},{\"@type\":\"Organization\",\"@id\":\"https:\/\/portalraizesnoticias.com.br\/#organization\",\"name\":\"Portal raizes NOTICIAS\",\"url\":\"https:\/\/portalraizesnoticias.com.br\/\",\"logo\":{\"@type\":\"ImageObject\",\"inLanguage\":\"pt-BR\",\"@id\":\"https:\/\/portalraizesnoticias.com.br\/#\/schema\/logo\/image\/\",\"url\":\"https:\/\/portalraizesnoticias.com.br\/wp-content\/uploads\/2024\/09\/cropped-Captura-de-tela-2024-09-08-011108.png\",\"contentUrl\":\"https:\/\/portalraizesnoticias.com.br\/wp-content\/uploads\/2024\/09\/cropped-Captura-de-tela-2024-09-08-011108.png\",\"width\":606,\"height\":173,\"caption\":\"Portal raizes NOTICIAS\"},\"image\":{\"@id\":\"https:\/\/portalraizesnoticias.com.br\/#\/schema\/logo\/image\/\"}},{\"@type\":\"Person\",\"@id\":\"https:\/\/portalraizesnoticias.com.br\/#\/schema\/person\/a3ca6b0fc701e78df19756c417d943ae\",\"name\":\"Portal Raizes\",\"image\":{\"@type\":\"ImageObject\",\"inLanguage\":\"pt-BR\",\"@id\":\"https:\/\/portalraizesnoticias.com.br\/#\/schema\/person\/image\/\",\"url\":\"https:\/\/secure.gravatar.com\/avatar\/ef450d29013a3d3fba867a12a249d7b1?s=96&d=mm&r=g\",\"contentUrl\":\"https:\/\/secure.gravatar.com\/avatar\/ef450d29013a3d3fba867a12a249d7b1?s=96&d=mm&r=g\",\"caption\":\"Portal Raizes\"},\"url\":\"https:\/\/portalraizesnoticias.com.br\/?author=3\"}]}<\/script>\n<!-- \/ Yoast SEO plugin. -->","yoast_head_json":{"title":"Inc\u00eandio em poste de energia por pouco n\u00e3o atinge loja de cosm\u00e9ticos em Concei\u00e7\u00e3o do Coit\u00e9 - Portal raizes noticias","robots":{"index":"index","follow":"follow","max-snippet":"max-snippet:-1","max-image-preview":"max-image-preview:large","max-video-preview":"max-video-preview:-1"},"canonical":"https:\/\/portalraizesnoticias.com.br\/?p=3663","og_locale":"pt_BR","og_type":"article","og_title":"Inc\u00eandio em poste de energia por pouco n\u00e3o atinge loja de cosm\u00e9ticos em Concei\u00e7\u00e3o do Coit\u00e9 - Portal raizes noticias","og_description":"Um princ\u00edpio de inc\u00eandio em um poste de energia\u00a0 por pouco n\u00e3o atingiu a\u00a0 loja Vigor Cosm\u00e9ticos, localizada no centro de Concei\u00e7\u00e3o do Coit\u00e9, regi\u00e3o sisaleira. O incidente aconteceu na madrugada desta quinta-feira (02). Em uma entrevista \u00e0 jornalista Rafaela Rodrigues, a propriet\u00e1ria do estabelecimento, Adriana Brito, informou que chegou na loja e viu os fios e uma lixeira queimadas, por\u00e9m, a loja intacta. \u201cGra\u00e7as a Deus, o pior n\u00e3o aconteceu. Vejo como um livramento, pois o fogo poderia ter atingido nossa loja e a da vizinha\u201d, relata. Apesar de especula\u00e7\u00f5es de que possivelmente as chamas teriam sido causadas pela decora\u00e7\u00e3o de enfeites natalinos ao entrar em contato com fios de alta tens\u00e3o, n\u00e3o h\u00e1 nenhuma comprova\u00e7\u00e3o. Entramos em contato com a Coelba para saber se houve alguma ocorr\u00eancia, mas, at\u00e9 o momento, n\u00e3o obtivemos retorno. O espa\u00e7o segue aberto.","og_url":"https:\/\/portalraizesnoticias.com.br\/?p=3663","og_site_name":"Portal raizes noticias","article_published_time":"2025-01-02T12:13:00+00:00","article_modified_time":"2025-01-02T12:21:36+00:00","og_image":[{"width":1080,"height":1045,"url":"https:\/\/portalraizesnoticias.com.br\/wp-content\/uploads\/2025\/01\/IMG-20250102-WA0023.jpg","type":"image\/jpeg"}],"author":"Portal Raizes","twitter_card":"summary_large_image","twitter_misc":{"Escrito por":"Portal Raizes","Est. tempo de leitura":"2 minutos"},"schema":{"@context":"https:\/\/schema.org","@graph":[{"@type":"Article","@id":"https:\/\/portalraizesnoticias.com.br\/?p=3663#article","isPartOf":{"@id":"https:\/\/portalraizesnoticias.com.br\/?p=3663"},"author":{"name":"Portal Raizes","@id":"https:\/\/portalraizesnoticias.com.br\/#\/schema\/person\/a3ca6b0fc701e78df19756c417d943ae"},"headline":"Inc\u00eandio em poste de energia por pouco n\u00e3o atinge loja de cosm\u00e9ticos em Concei\u00e7\u00e3o do Coit\u00e9","datePublished":"2025-01-02T12:13:00+00:00","dateModified":"2025-01-02T12:21:36+00:00","mainEntityOfPage":{"@id":"https:\/\/portalraizesnoticias.com.br\/?p=3663"},"wordCount":190,"commentCount":0,"publisher":{"@id":"https:\/\/portalraizesnoticias.com.br\/#organization"},"image":{"@id":"https:\/\/portalraizesnoticias.com.br\/?p=3663#primaryimage"},"thumbnailUrl":"https:\/\/portalraizesnoticias.com.br\/wp-content\/uploads\/2025\/01\/IMG-20250102-WA0023.jpg","keywords":["Coit\u00e9","Inc\u00eandio","Loja"],"articleSection":["ACIDENTES","DESTAQUES","ULTIMAS NOTICIAS"],"inLanguage":"pt-BR","potentialAction":[{"@type":"CommentAction","name":"Comment","target":["https:\/\/portalraizesnoticias.com.br\/?p=3663#respond"]}]},{"@type":"WebPage","@id":"https:\/\/portalraizesnoticias.com.br\/?p=3663","url":"https:\/\/portalraizesnoticias.com.br\/?p=3663","name":"Inc\u00eandio em poste de energia por pouco n\u00e3o atinge loja de cosm\u00e9ticos em Concei\u00e7\u00e3o do Coit\u00e9 - Portal raizes noticias","isPartOf":{"@id":"https:\/\/portalraizesnoticias.com.br\/#website"},"primaryImageOfPage":{"@id":"https:\/\/portalraizesnoticias.com.br\/?p=3663#primaryimage"},"image":{"@id":"https:\/\/portalraizesnoticias.com.br\/?p=3663#primaryimage"},"thumbnailUrl":"https:\/\/portalraizesnoticias.com.br\/wp-content\/uploads\/2025\/01\/IMG-20250102-WA0023.jpg","datePublished":"2025-01-02T12:13:00+00:00","dateModified":"2025-01-02T12:21:36+00:00","breadcrumb":{"@id":"https:\/\/portalraizesnoticias.com.br\/?p=3663#breadcrumb"},"inLanguage":"pt-BR","potentialAction":[{"@type":"ReadAction","target":["https:\/\/portalraizesnoticias.com.br\/?p=3663"]}]},{"@type":"ImageObject","inLanguage":"pt-BR","@id":"https:\/\/portalraizesnoticias.com.br\/?p=3663#primaryimage","url":"https:\/\/portalraizesnoticias.com.br\/wp-content\/uploads\/2025\/01\/IMG-20250102-WA0023.jpg","contentUrl":"https:\/\/portalraizesnoticias.com.br\/wp-content\/uploads\/2025\/01\/IMG-20250102-WA0023.jpg","width":1080,"height":1045},{"@type":"BreadcrumbList","@id":"https:\/\/portalraizesnoticias.com.br\/?p=3663#breadcrumb","itemListElement":[{"@type":"ListItem","position":1,"name":"In\u00edcio","item":"https:\/\/portalraizesnoticias.com.br\/"},{"@type":"ListItem","position":2,"name":"Inc\u00eandio em poste de energia por pouco n\u00e3o atinge loja de cosm\u00e9ticos em Concei\u00e7\u00e3o do Coit\u00e9"}]},{"@type":"WebSite","@id":"https:\/\/portalraizesnoticias.com.br\/#website","url":"https:\/\/portalraizesnoticias.com.br\/","name":"Portal raizes NOTICIAS","description":"site de noticias de concei\u00e7\u00e3o do coit\u00e9 e regi\u00e3o","publisher":{"@id":"https:\/\/portalraizesnoticias.com.br\/#organization"},"alternateName":"PORTAL RAIZES COIT\u00c9","potentialAction":[{"@type":"SearchAction","target":{"@type":"EntryPoint","urlTemplate":"https:\/\/portalraizesnoticias.com.br\/?s={search_term_string}"},"query-input":{"@type":"PropertyValueSpecification","valueRequired":true,"valueName":"search_term_string"}}],"inLanguage":"pt-BR"},{"@type":"Organization","@id":"https:\/\/portalraizesnoticias.com.br\/#organization","name":"Portal raizes NOTICIAS","url":"https:\/\/portalraizesnoticias.com.br\/","logo":{"@type":"ImageObject","inLanguage":"pt-BR","@id":"https:\/\/portalraizesnoticias.com.br\/#\/schema\/logo\/image\/","url":"https:\/\/portalraizesnoticias.com.br\/wp-content\/uploads\/2024\/09\/cropped-Captura-de-tela-2024-09-08-011108.png","contentUrl":"https:\/\/portalraizesnoticias.com.br\/wp-content\/uploads\/2024\/09\/cropped-Captura-de-tela-2024-09-08-011108.png","width":606,"height":173,"caption":"Portal raizes NOTICIAS"},"image":{"@id":"https:\/\/portalraizesnoticias.com.br\/#\/schema\/logo\/image\/"}},{"@type":"Person","@id":"https:\/\/portalraizesnoticias.com.br\/#\/schema\/person\/a3ca6b0fc701e78df19756c417d943ae","name":"Portal Raizes","image":{"@type":"ImageObject","inLanguage":"pt-BR","@id":"https:\/\/portalraizesnoticias.com.br\/#\/schema\/person\/image\/","url":"https:\/\/secure.gravatar.com\/avatar\/ef450d29013a3d3fba867a12a249d7b1?s=96&d=mm&r=g","contentUrl":"https:\/\/secure.gravatar.com\/avatar\/ef450d29013a3d3fba867a12a249d7b1?s=96&d=mm&r=g","caption":"Portal Raizes"},"url":"https:\/\/portalraizesnoticias.com.br\/?author=3"}]}},"_links":{"self":[{"href":"https:\/\/portalraizesnoticias.com.br\/index.php?rest_route=\/wp\/v2\/posts\/3663"}],"collection":[{"href":"https:\/\/portalraizesnoticias.com.br\/index.php?rest_route=\/wp\/v2\/posts"}],"about":[{"href":"https:\/\/portalraizesnoticias.com.br\/index.php?rest_route=\/wp\/v2\/types\/post"}],"author":[{"embeddable":true,"href":"https:\/\/portalraizesnoticias.com.br\/index.php?rest_route=\/wp\/v2\/users\/3"}],"replies":[{"embeddable":true,"href":"https:\/\/portalraizesnoticias.com.br\/index.php?rest_route=%2Fwp%2Fv2%2Fcomments&post=3663"}],"version-history":[{"count":3,"href":"https:\/\/portalraizesnoticias.com.br\/index.php?rest_route=\/wp\/v2\/posts\/3663\/revisions"}],"predecessor-version":[{"id":3671,"href":"https:\/\/portalraizesnoticias.com.br\/index.php?rest_route=\/wp\/v2\/posts\/3663\/revisions\/3671"}],"wp:featuredmedia":[{"embeddable":true,"href":"https:\/\/portalraizesnoticias.com.br\/index.php?rest_route=\/wp\/v2\/media\/3664"}],"wp:attachment":[{"href":"https:\/\/portalraizesnoticias.com.br\/index.php?rest_route=%2Fwp%2Fv2%2Fmedia&parent=3663"}],"wp:term":[{"taxonomy":"category","embeddable":true,"href":"https:\/\/portalraizesnoticias.com.br\/index.php?rest_route=%2Fwp%2Fv2%2Fcategories&post=3663"},{"taxonomy":"post_tag","embeddable":true,"href":"https:\/\/portalraizesnoticias.com.br\/index.php?rest_route=%2Fwp%2Fv2%2Ftags&post=3663"}],"curies":[{"name":"wp","href":"https:\/\/api.w.org\/{rel}","templated":true}]}}