{"id":3660,"date":"2025-01-02T00:19:57","date_gmt":"2025-01-02T03:19:57","guid":{"rendered":"https:\/\/portalraizesnoticias.com.br\/?p=3660"},"modified":"2025-01-02T00:19:58","modified_gmt":"2025-01-02T03:19:58","slug":"homem-e-assassinado-com-golpes-de-faca-em-bar-na-zona-rural-de-itiuba","status":"publish","type":"post","link":"https:\/\/portalraizesnoticias.com.br\/?p=3660","title":{"rendered":"Homem \u00e9 assassinado com golpes de faca  em bar na zona rural de Iti\u00faba"},"content":{"rendered":"<p>Um homem de 38 anos morreu na manh\u00e3 de quarta-feira (1\u00ba) ap\u00f3s ser esfaqueado em um bar no povoado A\u00e7u, na zona rural de Iti\u00faba, regi\u00e3o sisaleira da Bahia.<\/p>\n<p>Segundo a Pol\u00edcia Militar, o autor do crime chegou de moto, entrou no bar e atingiu Arlindo Sim\u00f5es Costa com uma facada no t\u00f3rax.<\/p>\n<p>A v\u00edtima foi socorrida pelo irm\u00e3o e levada ao hospital da cidade, mas j\u00e1 chegou \u00e0 unidade sem vida.<\/p>\n<p>A pol\u00edcia realizou buscas pelo suspeito, mas ele n\u00e3o foi encontrado. A motiva\u00e7\u00e3o do homic\u00eddio n\u00e3o foi divulgada. O caso deve ser investigado pela delegacia de Iti\u00faba.<\/p>\n<p>Not\u00edcias de Santaluz<\/p>\n<p>Foto: Isaacfersi<\/p>\n","protected":false},"excerpt":{"rendered":"<p>Um homem de 38 anos morreu na manh\u00e3 de quarta-feira (1\u00ba) ap\u00f3s ser esfaqueado em um bar no povoado A\u00e7u, na zona rural de Iti\u00faba, regi\u00e3o sisaleira da Bahia. Segundo a Pol\u00edcia Militar, o autor do crime chegou de moto, entrou no bar e atingiu Arlindo Sim\u00f5es Costa com uma facada no t\u00f3rax. A v\u00edtima foi socorrida pelo irm\u00e3o e levada ao hospital da cidade, mas j\u00e1 chegou \u00e0 unidade sem vida. A pol\u00edcia realizou buscas pelo suspeito, mas ele n\u00e3o foi encontrado. A motiva\u00e7\u00e3o do homic\u00eddio n\u00e3o foi divulgada. O caso deve ser investigado pela delegacia de Iti\u00faba. Not\u00edcias de Santaluz Foto: Isaacfersi<\/p>\n","protected":false},"author":3,"featured_media":3661,"comment_status":"open","ping_status":"open","sticky":false,"template":"","format":"standard","meta":{"_joinchat":[],"footnotes":""},"categories":[55,67,59],"tags":[142,585,163],"class_list":["post-3660","post","type-post","status-publish","format-standard","has-post-thumbnail","hentry","category-destaques","category-policia","category-ultimas-noticias","tag-homem","tag-itiuba","tag-morre"],"yoast_head":"<!-- This site is optimized with the Yoast SEO plugin v24.4 - https:\/\/yoast.com\/wordpress\/plugins\/seo\/ -->\n<title>Homem \u00e9 assassinado com golpes de faca em bar na zona rural de Iti\u00faba - Portal raizes noticias<\/title>\n<meta name=\"robots\" content=\"index, follow, max-snippet:-1, max-image-preview:large, max-video-preview:-1\" \/>\n<link rel=\"canonical\" href=\"https:\/\/portalraizesnoticias.com.br\/?p=3660\" \/>\n<meta property=\"og:locale\" content=\"pt_BR\" \/>\n<meta property=\"og:type\" content=\"article\" \/>\n<meta property=\"og:title\" content=\"Homem \u00e9 assassinado com golpes de faca em bar na zona rural de Iti\u00faba - Portal raizes noticias\" \/>\n<meta property=\"og:description\" content=\"Um homem de 38 anos morreu na manh\u00e3 de quarta-feira (1\u00ba) ap\u00f3s ser esfaqueado em um bar no povoado A\u00e7u, na zona rural de Iti\u00faba, regi\u00e3o sisaleira da Bahia. Segundo a Pol\u00edcia Militar, o autor do crime chegou de moto, entrou no bar e atingiu Arlindo Sim\u00f5es Costa com uma facada no t\u00f3rax. A v\u00edtima foi socorrida pelo irm\u00e3o e levada ao hospital da cidade, mas j\u00e1 chegou \u00e0 unidade sem vida. A pol\u00edcia realizou buscas pelo suspeito, mas ele n\u00e3o foi encontrado. A motiva\u00e7\u00e3o do homic\u00eddio n\u00e3o foi divulgada. O caso deve ser investigado pela delegacia de Iti\u00faba. Not\u00edcias de Santaluz Foto: Isaacfersi\" \/>\n<meta property=\"og:url\" content=\"https:\/\/portalraizesnoticias.com.br\/?p=3660\" \/>\n<meta property=\"og:site_name\" content=\"Portal raizes noticias\" \/>\n<meta property=\"article:published_time\" content=\"2025-01-02T03:19:57+00:00\" \/>\n<meta property=\"article:modified_time\" content=\"2025-01-02T03:19:58+00:00\" \/>\n<meta property=\"og:image\" content=\"https:\/\/portalraizesnoticias.com.br\/wp-content\/uploads\/2025\/01\/itiuba-ba.jpg\" \/>\n\t<meta property=\"og:image:width\" content=\"540\" \/>\n\t<meta property=\"og:image:height\" content=\"405\" \/>\n\t<meta property=\"og:image:type\" content=\"image\/jpeg\" \/>\n<meta name=\"author\" content=\"Portal Raizes\" \/>\n<meta name=\"twitter:card\" content=\"summary_large_image\" \/>\n<meta name=\"twitter:label1\" content=\"Escrito por\" \/>\n\t<meta name=\"twitter:data1\" content=\"Portal Raizes\" \/>\n\t<meta name=\"twitter:label2\" content=\"Est. tempo de leitura\" \/>\n\t<meta name=\"twitter:data2\" content=\"1 minuto\" \/>\n<script type=\"application\/ld+json\" class=\"yoast-schema-graph\">{\"@context\":\"https:\/\/schema.org\",\"@graph\":[{\"@type\":\"Article\",\"@id\":\"https:\/\/portalraizesnoticias.com.br\/?p=3660#article\",\"isPartOf\":{\"@id\":\"https:\/\/portalraizesnoticias.com.br\/?p=3660\"},\"author\":{\"name\":\"Portal Raizes\",\"@id\":\"https:\/\/portalraizesnoticias.com.br\/#\/schema\/person\/a3ca6b0fc701e78df19756c417d943ae\"},\"headline\":\"Homem \u00e9 assassinado com golpes de faca em bar na zona rural de Iti\u00faba\",\"datePublished\":\"2025-01-02T03:19:57+00:00\",\"dateModified\":\"2025-01-02T03:19:58+00:00\",\"mainEntityOfPage\":{\"@id\":\"https:\/\/portalraizesnoticias.com.br\/?p=3660\"},\"wordCount\":131,\"commentCount\":0,\"publisher\":{\"@id\":\"https:\/\/portalraizesnoticias.com.br\/#organization\"},\"image\":{\"@id\":\"https:\/\/portalraizesnoticias.com.br\/?p=3660#primaryimage\"},\"thumbnailUrl\":\"https:\/\/portalraizesnoticias.com.br\/wp-content\/uploads\/2025\/01\/itiuba-ba.jpg\",\"keywords\":[\"Homem\",\"Itiuba\",\"Morre\"],\"articleSection\":[\"DESTAQUES\",\"POLICIA\",\"ULTIMAS NOTICIAS\"],\"inLanguage\":\"pt-BR\",\"potentialAction\":[{\"@type\":\"CommentAction\",\"name\":\"Comment\",\"target\":[\"https:\/\/portalraizesnoticias.com.br\/?p=3660#respond\"]}]},{\"@type\":\"WebPage\",\"@id\":\"https:\/\/portalraizesnoticias.com.br\/?p=3660\",\"url\":\"https:\/\/portalraizesnoticias.com.br\/?p=3660\",\"name\":\"Homem \u00e9 assassinado com golpes de faca em bar na zona rural de Iti\u00faba - Portal raizes noticias\",\"isPartOf\":{\"@id\":\"https:\/\/portalraizesnoticias.com.br\/#website\"},\"primaryImageOfPage\":{\"@id\":\"https:\/\/portalraizesnoticias.com.br\/?p=3660#primaryimage\"},\"image\":{\"@id\":\"https:\/\/portalraizesnoticias.com.br\/?p=3660#primaryimage\"},\"thumbnailUrl\":\"https:\/\/portalraizesnoticias.com.br\/wp-content\/uploads\/2025\/01\/itiuba-ba.jpg\",\"datePublished\":\"2025-01-02T03:19:57+00:00\",\"dateModified\":\"2025-01-02T03:19:58+00:00\",\"breadcrumb\":{\"@id\":\"https:\/\/portalraizesnoticias.com.br\/?p=3660#breadcrumb\"},\"inLanguage\":\"pt-BR\",\"potentialAction\":[{\"@type\":\"ReadAction\",\"target\":[\"https:\/\/portalraizesnoticias.com.br\/?p=3660\"]}]},{\"@type\":\"ImageObject\",\"inLanguage\":\"pt-BR\",\"@id\":\"https:\/\/portalraizesnoticias.com.br\/?p=3660#primaryimage\",\"url\":\"https:\/\/portalraizesnoticias.com.br\/wp-content\/uploads\/2025\/01\/itiuba-ba.jpg\",\"contentUrl\":\"https:\/\/portalraizesnoticias.com.br\/wp-content\/uploads\/2025\/01\/itiuba-ba.jpg\",\"width\":540,\"height\":405},{\"@type\":\"BreadcrumbList\",\"@id\":\"https:\/\/portalraizesnoticias.com.br\/?p=3660#breadcrumb\",\"itemListElement\":[{\"@type\":\"ListItem\",\"position\":1,\"name\":\"In\u00edcio\",\"item\":\"https:\/\/portalraizesnoticias.com.br\/\"},{\"@type\":\"ListItem\",\"position\":2,\"name\":\"Homem \u00e9 assassinado com golpes de faca em bar na zona rural de Iti\u00faba\"}]},{\"@type\":\"WebSite\",\"@id\":\"https:\/\/portalraizesnoticias.com.br\/#website\",\"url\":\"https:\/\/portalraizesnoticias.com.br\/\",\"name\":\"Portal raizes NOTICIAS\",\"description\":\"site de noticias de concei\u00e7\u00e3o do coit\u00e9 e regi\u00e3o\",\"publisher\":{\"@id\":\"https:\/\/portalraizesnoticias.com.br\/#organization\"},\"alternateName\":\"PORTAL RAIZES COIT\u00c9\",\"potentialAction\":[{\"@type\":\"SearchAction\",\"target\":{\"@type\":\"EntryPoint\",\"urlTemplate\":\"https:\/\/portalraizesnoticias.com.br\/?s={search_term_string}\"},\"query-input\":{\"@type\":\"PropertyValueSpecification\",\"valueRequired\":true,\"valueName\":\"search_term_string\"}}],\"inLanguage\":\"pt-BR\"},{\"@type\":\"Organization\",\"@id\":\"https:\/\/portalraizesnoticias.com.br\/#organization\",\"name\":\"Portal raizes NOTICIAS\",\"url\":\"https:\/\/portalraizesnoticias.com.br\/\",\"logo\":{\"@type\":\"ImageObject\",\"inLanguage\":\"pt-BR\",\"@id\":\"https:\/\/portalraizesnoticias.com.br\/#\/schema\/logo\/image\/\",\"url\":\"https:\/\/portalraizesnoticias.com.br\/wp-content\/uploads\/2024\/09\/cropped-Captura-de-tela-2024-09-08-011108.png\",\"contentUrl\":\"https:\/\/portalraizesnoticias.com.br\/wp-content\/uploads\/2024\/09\/cropped-Captura-de-tela-2024-09-08-011108.png\",\"width\":606,\"height\":173,\"caption\":\"Portal raizes NOTICIAS\"},\"image\":{\"@id\":\"https:\/\/portalraizesnoticias.com.br\/#\/schema\/logo\/image\/\"}},{\"@type\":\"Person\",\"@id\":\"https:\/\/portalraizesnoticias.com.br\/#\/schema\/person\/a3ca6b0fc701e78df19756c417d943ae\",\"name\":\"Portal Raizes\",\"image\":{\"@type\":\"ImageObject\",\"inLanguage\":\"pt-BR\",\"@id\":\"https:\/\/portalraizesnoticias.com.br\/#\/schema\/person\/image\/\",\"url\":\"https:\/\/secure.gravatar.com\/avatar\/ef450d29013a3d3fba867a12a249d7b1?s=96&d=mm&r=g\",\"contentUrl\":\"https:\/\/secure.gravatar.com\/avatar\/ef450d29013a3d3fba867a12a249d7b1?s=96&d=mm&r=g\",\"caption\":\"Portal Raizes\"},\"url\":\"https:\/\/portalraizesnoticias.com.br\/?author=3\"}]}<\/script>\n<!-- \/ Yoast SEO plugin. -->","yoast_head_json":{"title":"Homem \u00e9 assassinado com golpes de faca em bar na zona rural de Iti\u00faba - Portal raizes noticias","robots":{"index":"index","follow":"follow","max-snippet":"max-snippet:-1","max-image-preview":"max-image-preview:large","max-video-preview":"max-video-preview:-1"},"canonical":"https:\/\/portalraizesnoticias.com.br\/?p=3660","og_locale":"pt_BR","og_type":"article","og_title":"Homem \u00e9 assassinado com golpes de faca em bar na zona rural de Iti\u00faba - Portal raizes noticias","og_description":"Um homem de 38 anos morreu na manh\u00e3 de quarta-feira (1\u00ba) ap\u00f3s ser esfaqueado em um bar no povoado A\u00e7u, na zona rural de Iti\u00faba, regi\u00e3o sisaleira da Bahia. Segundo a Pol\u00edcia Militar, o autor do crime chegou de moto, entrou no bar e atingiu Arlindo Sim\u00f5es Costa com uma facada no t\u00f3rax. A v\u00edtima foi socorrida pelo irm\u00e3o e levada ao hospital da cidade, mas j\u00e1 chegou \u00e0 unidade sem vida. A pol\u00edcia realizou buscas pelo suspeito, mas ele n\u00e3o foi encontrado. A motiva\u00e7\u00e3o do homic\u00eddio n\u00e3o foi divulgada. O caso deve ser investigado pela delegacia de Iti\u00faba. Not\u00edcias de Santaluz Foto: Isaacfersi","og_url":"https:\/\/portalraizesnoticias.com.br\/?p=3660","og_site_name":"Portal raizes noticias","article_published_time":"2025-01-02T03:19:57+00:00","article_modified_time":"2025-01-02T03:19:58+00:00","og_image":[{"width":540,"height":405,"url":"https:\/\/portalraizesnoticias.com.br\/wp-content\/uploads\/2025\/01\/itiuba-ba.jpg","type":"image\/jpeg"}],"author":"Portal Raizes","twitter_card":"summary_large_image","twitter_misc":{"Escrito por":"Portal Raizes","Est. tempo de leitura":"1 minuto"},"schema":{"@context":"https:\/\/schema.org","@graph":[{"@type":"Article","@id":"https:\/\/portalraizesnoticias.com.br\/?p=3660#article","isPartOf":{"@id":"https:\/\/portalraizesnoticias.com.br\/?p=3660"},"author":{"name":"Portal Raizes","@id":"https:\/\/portalraizesnoticias.com.br\/#\/schema\/person\/a3ca6b0fc701e78df19756c417d943ae"},"headline":"Homem \u00e9 assassinado com golpes de faca em bar na zona rural de Iti\u00faba","datePublished":"2025-01-02T03:19:57+00:00","dateModified":"2025-01-02T03:19:58+00:00","mainEntityOfPage":{"@id":"https:\/\/portalraizesnoticias.com.br\/?p=3660"},"wordCount":131,"commentCount":0,"publisher":{"@id":"https:\/\/portalraizesnoticias.com.br\/#organization"},"image":{"@id":"https:\/\/portalraizesnoticias.com.br\/?p=3660#primaryimage"},"thumbnailUrl":"https:\/\/portalraizesnoticias.com.br\/wp-content\/uploads\/2025\/01\/itiuba-ba.jpg","keywords":["Homem","Itiuba","Morre"],"articleSection":["DESTAQUES","POLICIA","ULTIMAS NOTICIAS"],"inLanguage":"pt-BR","potentialAction":[{"@type":"CommentAction","name":"Comment","target":["https:\/\/portalraizesnoticias.com.br\/?p=3660#respond"]}]},{"@type":"WebPage","@id":"https:\/\/portalraizesnoticias.com.br\/?p=3660","url":"https:\/\/portalraizesnoticias.com.br\/?p=3660","name":"Homem \u00e9 assassinado com golpes de faca em bar na zona rural de Iti\u00faba - Portal raizes noticias","isPartOf":{"@id":"https:\/\/portalraizesnoticias.com.br\/#website"},"primaryImageOfPage":{"@id":"https:\/\/portalraizesnoticias.com.br\/?p=3660#primaryimage"},"image":{"@id":"https:\/\/portalraizesnoticias.com.br\/?p=3660#primaryimage"},"thumbnailUrl":"https:\/\/portalraizesnoticias.com.br\/wp-content\/uploads\/2025\/01\/itiuba-ba.jpg","datePublished":"2025-01-02T03:19:57+00:00","dateModified":"2025-01-02T03:19:58+00:00","breadcrumb":{"@id":"https:\/\/portalraizesnoticias.com.br\/?p=3660#breadcrumb"},"inLanguage":"pt-BR","potentialAction":[{"@type":"ReadAction","target":["https:\/\/portalraizesnoticias.com.br\/?p=3660"]}]},{"@type":"ImageObject","inLanguage":"pt-BR","@id":"https:\/\/portalraizesnoticias.com.br\/?p=3660#primaryimage","url":"https:\/\/portalraizesnoticias.com.br\/wp-content\/uploads\/2025\/01\/itiuba-ba.jpg","contentUrl":"https:\/\/portalraizesnoticias.com.br\/wp-content\/uploads\/2025\/01\/itiuba-ba.jpg","width":540,"height":405},{"@type":"BreadcrumbList","@id":"https:\/\/portalraizesnoticias.com.br\/?p=3660#breadcrumb","itemListElement":[{"@type":"ListItem","position":1,"name":"In\u00edcio","item":"https:\/\/portalraizesnoticias.com.br\/"},{"@type":"ListItem","position":2,"name":"Homem \u00e9 assassinado com golpes de faca em bar na zona rural de Iti\u00faba"}]},{"@type":"WebSite","@id":"https:\/\/portalraizesnoticias.com.br\/#website","url":"https:\/\/portalraizesnoticias.com.br\/","name":"Portal raizes NOTICIAS","description":"site de noticias de concei\u00e7\u00e3o do coit\u00e9 e regi\u00e3o","publisher":{"@id":"https:\/\/portalraizesnoticias.com.br\/#organization"},"alternateName":"PORTAL RAIZES COIT\u00c9","potentialAction":[{"@type":"SearchAction","target":{"@type":"EntryPoint","urlTemplate":"https:\/\/portalraizesnoticias.com.br\/?s={search_term_string}"},"query-input":{"@type":"PropertyValueSpecification","valueRequired":true,"valueName":"search_term_string"}}],"inLanguage":"pt-BR"},{"@type":"Organization","@id":"https:\/\/portalraizesnoticias.com.br\/#organization","name":"Portal raizes NOTICIAS","url":"https:\/\/portalraizesnoticias.com.br\/","logo":{"@type":"ImageObject","inLanguage":"pt-BR","@id":"https:\/\/portalraizesnoticias.com.br\/#\/schema\/logo\/image\/","url":"https:\/\/portalraizesnoticias.com.br\/wp-content\/uploads\/2024\/09\/cropped-Captura-de-tela-2024-09-08-011108.png","contentUrl":"https:\/\/portalraizesnoticias.com.br\/wp-content\/uploads\/2024\/09\/cropped-Captura-de-tela-2024-09-08-011108.png","width":606,"height":173,"caption":"Portal raizes NOTICIAS"},"image":{"@id":"https:\/\/portalraizesnoticias.com.br\/#\/schema\/logo\/image\/"}},{"@type":"Person","@id":"https:\/\/portalraizesnoticias.com.br\/#\/schema\/person\/a3ca6b0fc701e78df19756c417d943ae","name":"Portal Raizes","image":{"@type":"ImageObject","inLanguage":"pt-BR","@id":"https:\/\/portalraizesnoticias.com.br\/#\/schema\/person\/image\/","url":"https:\/\/secure.gravatar.com\/avatar\/ef450d29013a3d3fba867a12a249d7b1?s=96&d=mm&r=g","contentUrl":"https:\/\/secure.gravatar.com\/avatar\/ef450d29013a3d3fba867a12a249d7b1?s=96&d=mm&r=g","caption":"Portal Raizes"},"url":"https:\/\/portalraizesnoticias.com.br\/?author=3"}]}},"_links":{"self":[{"href":"https:\/\/portalraizesnoticias.com.br\/index.php?rest_route=\/wp\/v2\/posts\/3660"}],"collection":[{"href":"https:\/\/portalraizesnoticias.com.br\/index.php?rest_route=\/wp\/v2\/posts"}],"about":[{"href":"https:\/\/portalraizesnoticias.com.br\/index.php?rest_route=\/wp\/v2\/types\/post"}],"author":[{"embeddable":true,"href":"https:\/\/portalraizesnoticias.com.br\/index.php?rest_route=\/wp\/v2\/users\/3"}],"replies":[{"embeddable":true,"href":"https:\/\/portalraizesnoticias.com.br\/index.php?rest_route=%2Fwp%2Fv2%2Fcomments&post=3660"}],"version-history":[{"count":1,"href":"https:\/\/portalraizesnoticias.com.br\/index.php?rest_route=\/wp\/v2\/posts\/3660\/revisions"}],"predecessor-version":[{"id":3662,"href":"https:\/\/portalraizesnoticias.com.br\/index.php?rest_route=\/wp\/v2\/posts\/3660\/revisions\/3662"}],"wp:featuredmedia":[{"embeddable":true,"href":"https:\/\/portalraizesnoticias.com.br\/index.php?rest_route=\/wp\/v2\/media\/3661"}],"wp:attachment":[{"href":"https:\/\/portalraizesnoticias.com.br\/index.php?rest_route=%2Fwp%2Fv2%2Fmedia&parent=3660"}],"wp:term":[{"taxonomy":"category","embeddable":true,"href":"https:\/\/portalraizesnoticias.com.br\/index.php?rest_route=%2Fwp%2Fv2%2Fcategories&post=3660"},{"taxonomy":"post_tag","embeddable":true,"href":"https:\/\/portalraizesnoticias.com.br\/index.php?rest_route=%2Fwp%2Fv2%2Ftags&post=3660"}],"curies":[{"name":"wp","href":"https:\/\/api.w.org\/{rel}","templated":true}]}}