{"id":3592,"date":"2025-01-01T00:08:10","date_gmt":"2025-01-01T03:08:10","guid":{"rendered":"https:\/\/portalraizesnoticias.com.br\/?p=3592"},"modified":"2025-01-01T11:01:47","modified_gmt":"2025-01-01T14:01:47","slug":"coite-cerimonia-de-posse-do-prefeito-marcelo-araujo-vice-marquinhos-e-vereadores-acontece-hoje-01-saiba-como-participar","status":"publish","type":"post","link":"https:\/\/portalraizesnoticias.com.br\/?p=3592","title":{"rendered":"Coit\u00e9: Cerim\u00f4nia de posse do prefeito Marcelo Ara\u00fajo, vice Marquinhos e vereadores acontece hoje (01); Saiba como participar"},"content":{"rendered":"<p>O Centro Educacional Ana Rios de Ara\u00fajo (antigo Cultural) ser\u00e1 palco da posse do prefeito reeleito de Concei\u00e7\u00e3o do Coit\u00e9, Marcelo Ara\u00fajo, vice-prefeito Marquinhos e vereadores. O evento acontecer\u00e1 hoje,\u00a0 1\u00ba de janeiro, quarta-feira, \u00e0s 19h.<\/p>\n<p>Durante a cerim\u00f4nia, ocorrer\u00e3o o juramento e a assinatura do termo de posse.<\/p>\n<p>Na elei\u00e7\u00e3o que aconteceu em outubro, Marcelo e Marquinhos tiveram 27.028 votos, 59,90% dos votos v\u00e1lidos (dados a todos os candidatos).<\/p>\n<p>\u201cEste evento marca o in\u00edcio de um novo mandato, comprometido com o bem-estar da nossa comunidade\u201d, disse Marcelo no convite enviado \u00e0 popula\u00e7\u00e3o.<\/p>\n<p>A cerim\u00f4nia \u00e9 aberta ao p\u00fablico.<\/p>\n<p>Reda\u00e7\u00e3o<\/p>\n","protected":false},"excerpt":{"rendered":"<p>O Centro Educacional Ana Rios de Ara\u00fajo (antigo Cultural) ser\u00e1 palco da posse do prefeito reeleito de Concei\u00e7\u00e3o do Coit\u00e9, Marcelo Ara\u00fajo, vice-prefeito Marquinhos e vereadores. O evento acontecer\u00e1 hoje,\u00a0 1\u00ba de janeiro, quarta-feira, \u00e0s 19h. Durante a cerim\u00f4nia, ocorrer\u00e3o o juramento e a assinatura do termo de posse. Na elei\u00e7\u00e3o que aconteceu em outubro, Marcelo e Marquinhos tiveram 27.028 votos, 59,90% dos votos v\u00e1lidos (dados a todos os candidatos). \u201cEste evento marca o in\u00edcio de um novo mandato, comprometido com o bem-estar da nossa comunidade\u201d, disse Marcelo no convite enviado \u00e0 popula\u00e7\u00e3o. A cerim\u00f4nia \u00e9 aberta ao p\u00fablico. Reda\u00e7\u00e3o<\/p>\n","protected":false},"author":3,"featured_media":3593,"comment_status":"open","ping_status":"open","sticky":false,"template":"","format":"standard","meta":{"_joinchat":[],"footnotes":""},"categories":[55,53,59],"tags":[575,577,576],"class_list":["post-3592","post","type-post","status-publish","format-standard","has-post-thumbnail","hentry","category-destaques","category-politica","category-ultimas-noticias","tag-cerimonia","tag-marcelo","tag-poase"],"yoast_head":"<!-- This site is optimized with the Yoast SEO plugin v24.4 - https:\/\/yoast.com\/wordpress\/plugins\/seo\/ -->\n<title>Coit\u00e9: Cerim\u00f4nia de posse do prefeito Marcelo Ara\u00fajo, vice Marquinhos e vereadores acontece hoje (01); Saiba como participar - Portal raizes noticias<\/title>\n<meta name=\"robots\" content=\"index, follow, max-snippet:-1, max-image-preview:large, max-video-preview:-1\" \/>\n<link rel=\"canonical\" href=\"https:\/\/portalraizesnoticias.com.br\/?p=3592\" \/>\n<meta property=\"og:locale\" content=\"pt_BR\" \/>\n<meta property=\"og:type\" content=\"article\" \/>\n<meta property=\"og:title\" content=\"Coit\u00e9: Cerim\u00f4nia de posse do prefeito Marcelo Ara\u00fajo, vice Marquinhos e vereadores acontece hoje (01); Saiba como participar - Portal raizes noticias\" \/>\n<meta property=\"og:description\" content=\"O Centro Educacional Ana Rios de Ara\u00fajo (antigo Cultural) ser\u00e1 palco da posse do prefeito reeleito de Concei\u00e7\u00e3o do Coit\u00e9, Marcelo Ara\u00fajo, vice-prefeito Marquinhos e vereadores. O evento acontecer\u00e1 hoje,\u00a0 1\u00ba de janeiro, quarta-feira, \u00e0s 19h. Durante a cerim\u00f4nia, ocorrer\u00e3o o juramento e a assinatura do termo de posse. Na elei\u00e7\u00e3o que aconteceu em outubro, Marcelo e Marquinhos tiveram 27.028 votos, 59,90% dos votos v\u00e1lidos (dados a todos os candidatos). \u201cEste evento marca o in\u00edcio de um novo mandato, comprometido com o bem-estar da nossa comunidade\u201d, disse Marcelo no convite enviado \u00e0 popula\u00e7\u00e3o. A cerim\u00f4nia \u00e9 aberta ao p\u00fablico. Reda\u00e7\u00e3o\" \/>\n<meta property=\"og:url\" content=\"https:\/\/portalraizesnoticias.com.br\/?p=3592\" \/>\n<meta property=\"og:site_name\" content=\"Portal raizes noticias\" \/>\n<meta property=\"article:published_time\" content=\"2025-01-01T03:08:10+00:00\" \/>\n<meta property=\"article:modified_time\" content=\"2025-01-01T14:01:47+00:00\" \/>\n<meta property=\"og:image\" content=\"https:\/\/portalraizesnoticias.com.br\/wp-content\/uploads\/2025\/01\/images-65.jpeg\" \/>\n\t<meta property=\"og:image:width\" content=\"258\" \/>\n\t<meta property=\"og:image:height\" content=\"195\" \/>\n\t<meta property=\"og:image:type\" content=\"image\/jpeg\" \/>\n<meta name=\"author\" content=\"Portal Raizes\" \/>\n<meta name=\"twitter:card\" content=\"summary_large_image\" \/>\n<meta name=\"twitter:label1\" content=\"Escrito por\" \/>\n\t<meta name=\"twitter:data1\" content=\"Portal Raizes\" \/>\n\t<meta name=\"twitter:label2\" content=\"Est. tempo de leitura\" \/>\n\t<meta name=\"twitter:data2\" content=\"1 minuto\" \/>\n<script type=\"application\/ld+json\" class=\"yoast-schema-graph\">{\"@context\":\"https:\/\/schema.org\",\"@graph\":[{\"@type\":\"Article\",\"@id\":\"https:\/\/portalraizesnoticias.com.br\/?p=3592#article\",\"isPartOf\":{\"@id\":\"https:\/\/portalraizesnoticias.com.br\/?p=3592\"},\"author\":{\"name\":\"Portal Raizes\",\"@id\":\"https:\/\/portalraizesnoticias.com.br\/#\/schema\/person\/a3ca6b0fc701e78df19756c417d943ae\"},\"headline\":\"Coit\u00e9: Cerim\u00f4nia de posse do prefeito Marcelo Ara\u00fajo, vice Marquinhos e vereadores acontece hoje (01); Saiba como participar\",\"datePublished\":\"2025-01-01T03:08:10+00:00\",\"dateModified\":\"2025-01-01T14:01:47+00:00\",\"mainEntityOfPage\":{\"@id\":\"https:\/\/portalraizesnoticias.com.br\/?p=3592\"},\"wordCount\":126,\"commentCount\":0,\"publisher\":{\"@id\":\"https:\/\/portalraizesnoticias.com.br\/#organization\"},\"image\":{\"@id\":\"https:\/\/portalraizesnoticias.com.br\/?p=3592#primaryimage\"},\"thumbnailUrl\":\"https:\/\/portalraizesnoticias.com.br\/wp-content\/uploads\/2025\/01\/images-65.jpeg\",\"keywords\":[\"Cerim\u00f4nia\",\"MARCELO\",\"Poase\"],\"articleSection\":[\"DESTAQUES\",\"POLITICA\",\"ULTIMAS NOTICIAS\"],\"inLanguage\":\"pt-BR\",\"potentialAction\":[{\"@type\":\"CommentAction\",\"name\":\"Comment\",\"target\":[\"https:\/\/portalraizesnoticias.com.br\/?p=3592#respond\"]}]},{\"@type\":\"WebPage\",\"@id\":\"https:\/\/portalraizesnoticias.com.br\/?p=3592\",\"url\":\"https:\/\/portalraizesnoticias.com.br\/?p=3592\",\"name\":\"Coit\u00e9: Cerim\u00f4nia de posse do prefeito Marcelo Ara\u00fajo, vice Marquinhos e vereadores acontece hoje (01); Saiba como participar - Portal raizes noticias\",\"isPartOf\":{\"@id\":\"https:\/\/portalraizesnoticias.com.br\/#website\"},\"primaryImageOfPage\":{\"@id\":\"https:\/\/portalraizesnoticias.com.br\/?p=3592#primaryimage\"},\"image\":{\"@id\":\"https:\/\/portalraizesnoticias.com.br\/?p=3592#primaryimage\"},\"thumbnailUrl\":\"https:\/\/portalraizesnoticias.com.br\/wp-content\/uploads\/2025\/01\/images-65.jpeg\",\"datePublished\":\"2025-01-01T03:08:10+00:00\",\"dateModified\":\"2025-01-01T14:01:47+00:00\",\"breadcrumb\":{\"@id\":\"https:\/\/portalraizesnoticias.com.br\/?p=3592#breadcrumb\"},\"inLanguage\":\"pt-BR\",\"potentialAction\":[{\"@type\":\"ReadAction\",\"target\":[\"https:\/\/portalraizesnoticias.com.br\/?p=3592\"]}]},{\"@type\":\"ImageObject\",\"inLanguage\":\"pt-BR\",\"@id\":\"https:\/\/portalraizesnoticias.com.br\/?p=3592#primaryimage\",\"url\":\"https:\/\/portalraizesnoticias.com.br\/wp-content\/uploads\/2025\/01\/images-65.jpeg\",\"contentUrl\":\"https:\/\/portalraizesnoticias.com.br\/wp-content\/uploads\/2025\/01\/images-65.jpeg\",\"width\":258,\"height\":195},{\"@type\":\"BreadcrumbList\",\"@id\":\"https:\/\/portalraizesnoticias.com.br\/?p=3592#breadcrumb\",\"itemListElement\":[{\"@type\":\"ListItem\",\"position\":1,\"name\":\"In\u00edcio\",\"item\":\"https:\/\/portalraizesnoticias.com.br\/\"},{\"@type\":\"ListItem\",\"position\":2,\"name\":\"Coit\u00e9: Cerim\u00f4nia de posse do prefeito Marcelo Ara\u00fajo, vice Marquinhos e vereadores acontece hoje (01); Saiba como participar\"}]},{\"@type\":\"WebSite\",\"@id\":\"https:\/\/portalraizesnoticias.com.br\/#website\",\"url\":\"https:\/\/portalraizesnoticias.com.br\/\",\"name\":\"Portal raizes NOTICIAS\",\"description\":\"site de noticias de concei\u00e7\u00e3o do coit\u00e9 e regi\u00e3o\",\"publisher\":{\"@id\":\"https:\/\/portalraizesnoticias.com.br\/#organization\"},\"alternateName\":\"PORTAL RAIZES COIT\u00c9\",\"potentialAction\":[{\"@type\":\"SearchAction\",\"target\":{\"@type\":\"EntryPoint\",\"urlTemplate\":\"https:\/\/portalraizesnoticias.com.br\/?s={search_term_string}\"},\"query-input\":{\"@type\":\"PropertyValueSpecification\",\"valueRequired\":true,\"valueName\":\"search_term_string\"}}],\"inLanguage\":\"pt-BR\"},{\"@type\":\"Organization\",\"@id\":\"https:\/\/portalraizesnoticias.com.br\/#organization\",\"name\":\"Portal raizes NOTICIAS\",\"url\":\"https:\/\/portalraizesnoticias.com.br\/\",\"logo\":{\"@type\":\"ImageObject\",\"inLanguage\":\"pt-BR\",\"@id\":\"https:\/\/portalraizesnoticias.com.br\/#\/schema\/logo\/image\/\",\"url\":\"https:\/\/portalraizesnoticias.com.br\/wp-content\/uploads\/2024\/09\/cropped-Captura-de-tela-2024-09-08-011108.png\",\"contentUrl\":\"https:\/\/portalraizesnoticias.com.br\/wp-content\/uploads\/2024\/09\/cropped-Captura-de-tela-2024-09-08-011108.png\",\"width\":606,\"height\":173,\"caption\":\"Portal raizes NOTICIAS\"},\"image\":{\"@id\":\"https:\/\/portalraizesnoticias.com.br\/#\/schema\/logo\/image\/\"}},{\"@type\":\"Person\",\"@id\":\"https:\/\/portalraizesnoticias.com.br\/#\/schema\/person\/a3ca6b0fc701e78df19756c417d943ae\",\"name\":\"Portal Raizes\",\"image\":{\"@type\":\"ImageObject\",\"inLanguage\":\"pt-BR\",\"@id\":\"https:\/\/portalraizesnoticias.com.br\/#\/schema\/person\/image\/\",\"url\":\"https:\/\/secure.gravatar.com\/avatar\/ef450d29013a3d3fba867a12a249d7b1?s=96&d=mm&r=g\",\"contentUrl\":\"https:\/\/secure.gravatar.com\/avatar\/ef450d29013a3d3fba867a12a249d7b1?s=96&d=mm&r=g\",\"caption\":\"Portal Raizes\"},\"url\":\"https:\/\/portalraizesnoticias.com.br\/?author=3\"}]}<\/script>\n<!-- \/ Yoast SEO plugin. -->","yoast_head_json":{"title":"Coit\u00e9: Cerim\u00f4nia de posse do prefeito Marcelo Ara\u00fajo, vice Marquinhos e vereadores acontece hoje (01); Saiba como participar - Portal raizes noticias","robots":{"index":"index","follow":"follow","max-snippet":"max-snippet:-1","max-image-preview":"max-image-preview:large","max-video-preview":"max-video-preview:-1"},"canonical":"https:\/\/portalraizesnoticias.com.br\/?p=3592","og_locale":"pt_BR","og_type":"article","og_title":"Coit\u00e9: Cerim\u00f4nia de posse do prefeito Marcelo Ara\u00fajo, vice Marquinhos e vereadores acontece hoje (01); Saiba como participar - Portal raizes noticias","og_description":"O Centro Educacional Ana Rios de Ara\u00fajo (antigo Cultural) ser\u00e1 palco da posse do prefeito reeleito de Concei\u00e7\u00e3o do Coit\u00e9, Marcelo Ara\u00fajo, vice-prefeito Marquinhos e vereadores. O evento acontecer\u00e1 hoje,\u00a0 1\u00ba de janeiro, quarta-feira, \u00e0s 19h. Durante a cerim\u00f4nia, ocorrer\u00e3o o juramento e a assinatura do termo de posse. Na elei\u00e7\u00e3o que aconteceu em outubro, Marcelo e Marquinhos tiveram 27.028 votos, 59,90% dos votos v\u00e1lidos (dados a todos os candidatos). \u201cEste evento marca o in\u00edcio de um novo mandato, comprometido com o bem-estar da nossa comunidade\u201d, disse Marcelo no convite enviado \u00e0 popula\u00e7\u00e3o. A cerim\u00f4nia \u00e9 aberta ao p\u00fablico. Reda\u00e7\u00e3o","og_url":"https:\/\/portalraizesnoticias.com.br\/?p=3592","og_site_name":"Portal raizes noticias","article_published_time":"2025-01-01T03:08:10+00:00","article_modified_time":"2025-01-01T14:01:47+00:00","og_image":[{"width":258,"height":195,"url":"https:\/\/portalraizesnoticias.com.br\/wp-content\/uploads\/2025\/01\/images-65.jpeg","type":"image\/jpeg"}],"author":"Portal Raizes","twitter_card":"summary_large_image","twitter_misc":{"Escrito por":"Portal Raizes","Est. tempo de leitura":"1 minuto"},"schema":{"@context":"https:\/\/schema.org","@graph":[{"@type":"Article","@id":"https:\/\/portalraizesnoticias.com.br\/?p=3592#article","isPartOf":{"@id":"https:\/\/portalraizesnoticias.com.br\/?p=3592"},"author":{"name":"Portal Raizes","@id":"https:\/\/portalraizesnoticias.com.br\/#\/schema\/person\/a3ca6b0fc701e78df19756c417d943ae"},"headline":"Coit\u00e9: Cerim\u00f4nia de posse do prefeito Marcelo Ara\u00fajo, vice Marquinhos e vereadores acontece hoje (01); Saiba como participar","datePublished":"2025-01-01T03:08:10+00:00","dateModified":"2025-01-01T14:01:47+00:00","mainEntityOfPage":{"@id":"https:\/\/portalraizesnoticias.com.br\/?p=3592"},"wordCount":126,"commentCount":0,"publisher":{"@id":"https:\/\/portalraizesnoticias.com.br\/#organization"},"image":{"@id":"https:\/\/portalraizesnoticias.com.br\/?p=3592#primaryimage"},"thumbnailUrl":"https:\/\/portalraizesnoticias.com.br\/wp-content\/uploads\/2025\/01\/images-65.jpeg","keywords":["Cerim\u00f4nia","MARCELO","Poase"],"articleSection":["DESTAQUES","POLITICA","ULTIMAS NOTICIAS"],"inLanguage":"pt-BR","potentialAction":[{"@type":"CommentAction","name":"Comment","target":["https:\/\/portalraizesnoticias.com.br\/?p=3592#respond"]}]},{"@type":"WebPage","@id":"https:\/\/portalraizesnoticias.com.br\/?p=3592","url":"https:\/\/portalraizesnoticias.com.br\/?p=3592","name":"Coit\u00e9: Cerim\u00f4nia de posse do prefeito Marcelo Ara\u00fajo, vice Marquinhos e vereadores acontece hoje (01); Saiba como participar - Portal raizes noticias","isPartOf":{"@id":"https:\/\/portalraizesnoticias.com.br\/#website"},"primaryImageOfPage":{"@id":"https:\/\/portalraizesnoticias.com.br\/?p=3592#primaryimage"},"image":{"@id":"https:\/\/portalraizesnoticias.com.br\/?p=3592#primaryimage"},"thumbnailUrl":"https:\/\/portalraizesnoticias.com.br\/wp-content\/uploads\/2025\/01\/images-65.jpeg","datePublished":"2025-01-01T03:08:10+00:00","dateModified":"2025-01-01T14:01:47+00:00","breadcrumb":{"@id":"https:\/\/portalraizesnoticias.com.br\/?p=3592#breadcrumb"},"inLanguage":"pt-BR","potentialAction":[{"@type":"ReadAction","target":["https:\/\/portalraizesnoticias.com.br\/?p=3592"]}]},{"@type":"ImageObject","inLanguage":"pt-BR","@id":"https:\/\/portalraizesnoticias.com.br\/?p=3592#primaryimage","url":"https:\/\/portalraizesnoticias.com.br\/wp-content\/uploads\/2025\/01\/images-65.jpeg","contentUrl":"https:\/\/portalraizesnoticias.com.br\/wp-content\/uploads\/2025\/01\/images-65.jpeg","width":258,"height":195},{"@type":"BreadcrumbList","@id":"https:\/\/portalraizesnoticias.com.br\/?p=3592#breadcrumb","itemListElement":[{"@type":"ListItem","position":1,"name":"In\u00edcio","item":"https:\/\/portalraizesnoticias.com.br\/"},{"@type":"ListItem","position":2,"name":"Coit\u00e9: Cerim\u00f4nia de posse do prefeito Marcelo Ara\u00fajo, vice Marquinhos e vereadores acontece hoje (01); Saiba como participar"}]},{"@type":"WebSite","@id":"https:\/\/portalraizesnoticias.com.br\/#website","url":"https:\/\/portalraizesnoticias.com.br\/","name":"Portal raizes NOTICIAS","description":"site de noticias de concei\u00e7\u00e3o do coit\u00e9 e regi\u00e3o","publisher":{"@id":"https:\/\/portalraizesnoticias.com.br\/#organization"},"alternateName":"PORTAL RAIZES COIT\u00c9","potentialAction":[{"@type":"SearchAction","target":{"@type":"EntryPoint","urlTemplate":"https:\/\/portalraizesnoticias.com.br\/?s={search_term_string}"},"query-input":{"@type":"PropertyValueSpecification","valueRequired":true,"valueName":"search_term_string"}}],"inLanguage":"pt-BR"},{"@type":"Organization","@id":"https:\/\/portalraizesnoticias.com.br\/#organization","name":"Portal raizes NOTICIAS","url":"https:\/\/portalraizesnoticias.com.br\/","logo":{"@type":"ImageObject","inLanguage":"pt-BR","@id":"https:\/\/portalraizesnoticias.com.br\/#\/schema\/logo\/image\/","url":"https:\/\/portalraizesnoticias.com.br\/wp-content\/uploads\/2024\/09\/cropped-Captura-de-tela-2024-09-08-011108.png","contentUrl":"https:\/\/portalraizesnoticias.com.br\/wp-content\/uploads\/2024\/09\/cropped-Captura-de-tela-2024-09-08-011108.png","width":606,"height":173,"caption":"Portal raizes NOTICIAS"},"image":{"@id":"https:\/\/portalraizesnoticias.com.br\/#\/schema\/logo\/image\/"}},{"@type":"Person","@id":"https:\/\/portalraizesnoticias.com.br\/#\/schema\/person\/a3ca6b0fc701e78df19756c417d943ae","name":"Portal Raizes","image":{"@type":"ImageObject","inLanguage":"pt-BR","@id":"https:\/\/portalraizesnoticias.com.br\/#\/schema\/person\/image\/","url":"https:\/\/secure.gravatar.com\/avatar\/ef450d29013a3d3fba867a12a249d7b1?s=96&d=mm&r=g","contentUrl":"https:\/\/secure.gravatar.com\/avatar\/ef450d29013a3d3fba867a12a249d7b1?s=96&d=mm&r=g","caption":"Portal Raizes"},"url":"https:\/\/portalraizesnoticias.com.br\/?author=3"}]}},"_links":{"self":[{"href":"https:\/\/portalraizesnoticias.com.br\/index.php?rest_route=\/wp\/v2\/posts\/3592"}],"collection":[{"href":"https:\/\/portalraizesnoticias.com.br\/index.php?rest_route=\/wp\/v2\/posts"}],"about":[{"href":"https:\/\/portalraizesnoticias.com.br\/index.php?rest_route=\/wp\/v2\/types\/post"}],"author":[{"embeddable":true,"href":"https:\/\/portalraizesnoticias.com.br\/index.php?rest_route=\/wp\/v2\/users\/3"}],"replies":[{"embeddable":true,"href":"https:\/\/portalraizesnoticias.com.br\/index.php?rest_route=%2Fwp%2Fv2%2Fcomments&post=3592"}],"version-history":[{"count":2,"href":"https:\/\/portalraizesnoticias.com.br\/index.php?rest_route=\/wp\/v2\/posts\/3592\/revisions"}],"predecessor-version":[{"id":3615,"href":"https:\/\/portalraizesnoticias.com.br\/index.php?rest_route=\/wp\/v2\/posts\/3592\/revisions\/3615"}],"wp:featuredmedia":[{"embeddable":true,"href":"https:\/\/portalraizesnoticias.com.br\/index.php?rest_route=\/wp\/v2\/media\/3593"}],"wp:attachment":[{"href":"https:\/\/portalraizesnoticias.com.br\/index.php?rest_route=%2Fwp%2Fv2%2Fmedia&parent=3592"}],"wp:term":[{"taxonomy":"category","embeddable":true,"href":"https:\/\/portalraizesnoticias.com.br\/index.php?rest_route=%2Fwp%2Fv2%2Fcategories&post=3592"},{"taxonomy":"post_tag","embeddable":true,"href":"https:\/\/portalraizesnoticias.com.br\/index.php?rest_route=%2Fwp%2Fv2%2Ftags&post=3592"}],"curies":[{"name":"wp","href":"https:\/\/api.w.org\/{rel}","templated":true}]}}