{"id":3402,"date":"2024-12-27T19:20:59","date_gmt":"2024-12-27T22:20:59","guid":{"rendered":"https:\/\/portalraizesnoticias.com.br\/?p=3402"},"modified":"2024-12-27T19:20:59","modified_gmt":"2024-12-27T22:20:59","slug":"a-educacao-transforma-aos-29-anos-professor-se-destaca-e-assume-escola-com-rede-de-ensino-conceituada-no-brasil","status":"publish","type":"post","link":"https:\/\/portalraizesnoticias.com.br\/?p=3402","title":{"rendered":"A educa\u00e7\u00e3o transforma!  Aos 29 anos, professor se destaca e assume escola com rede de ensino conceituada no Brasil"},"content":{"rendered":"\n<p><\/p>\n\n\n<p>Um homem nascido na Para\u00edba e residente em Feira de Santana, interior da Bahia, demonstrou a import\u00e2ncia da educa\u00e7\u00e3o na sua vida e como ela seria um dos degraus para a transforma\u00e7\u00e3o da realidade de muitas crian\u00e7as e adultos.<\/p>\n<p><img fetchpriority=\"high\" decoding=\"async\" class=\"size-medium wp-image-3403 aligncenter\" src=\"https:\/\/portalraizesnoticias.com.br\/wp-content\/uploads\/2024\/12\/IMG-20241227-WA0489-300x260.jpg\" alt=\"\" width=\"300\" height=\"260\" srcset=\"https:\/\/portalraizesnoticias.com.br\/wp-content\/uploads\/2024\/12\/IMG-20241227-WA0489-300x260.jpg 300w, https:\/\/portalraizesnoticias.com.br\/wp-content\/uploads\/2024\/12\/IMG-20241227-WA0489-768x665.jpg 768w, https:\/\/portalraizesnoticias.com.br\/wp-content\/uploads\/2024\/12\/IMG-20241227-WA0489.jpg 828w\" sizes=\"(max-width: 300px) 100vw, 300px\" \/><\/p>\n<p>Aos 29 anos, Jos\u00e9 Edimilson Matias J\u00fanior \u00e9 um dos gestores mais jovens da Carpe Diem, uma das redes de ensino mais conceituadas do pa\u00eds.<\/p>\n<p>Matias, como \u00e9 conhecido popularmente, pertence \u00e0 unidade de Feira de Santana e se destaca pelo empenho e dedica\u00e7\u00e3o aos alunos.<\/p>\n<p>Formado em Licenciatura em Letras, graduado em gest\u00e3o escolar, especializa\u00e7\u00e3o em Pr\u00e1ticas Pedag\u00f3gicas e Tecnologias Educacionais, Matias ingressou profissionalmente na carreira profissional h\u00e1 12 anos.<\/p>\n<p>\u201cDe in\u00edcio, me dediquei a entender as necessidades dos estudantes e a desenvolver projetos que os impactassem positivamente\u201d, disse Matias.<\/p>\n<p><strong>Uma hist\u00f3ria que deu certo!\u00a0<\/strong><\/p>\n<p>Ele disse \u00e0 jornalista Rafaela Rodrigues que trabalhou em v\u00e1rios projetos e institui\u00e7\u00f5es, deixando muito conhecimento.<\/p>\n<p>\u201cTive a oportunidade de desenvolver projetos sociais e culturais na \u00c1frica, sempre visando contribuir para o avan\u00e7o educacional. Al\u00e9m disso, fundei e sou CEO do Espa\u00e7o Pedag\u00f3gico Inteligente, um projeto inovador em S\u00e3o Gon\u00e7alo dos Campos. Atualmente, sou diretor do Col\u00e9gio Carpe Diem em Feira de Santana, onde concentro meus esfor\u00e7os em promover e fortalecer a qualidade do ensino\u201d, relata.<\/p>\n<p><img decoding=\"async\" class=\"size-medium wp-image-3406 aligncenter\" src=\"https:\/\/portalraizesnoticias.com.br\/wp-content\/uploads\/2024\/12\/IMG-20241227-WA0503-300x166.jpg\" alt=\"\" width=\"300\" height=\"166\" srcset=\"https:\/\/portalraizesnoticias.com.br\/wp-content\/uploads\/2024\/12\/IMG-20241227-WA0503-300x166.jpg 300w, https:\/\/portalraizesnoticias.com.br\/wp-content\/uploads\/2024\/12\/IMG-20241227-WA0503-768x424.jpg 768w, https:\/\/portalraizesnoticias.com.br\/wp-content\/uploads\/2024\/12\/IMG-20241227-WA0503.jpg 828w\" sizes=\"(max-width: 300px) 100vw, 300px\" \/><\/p>\n<p style=\"text-align: center;\"><em>EPI- S\u00e3o Gon\u00e7alo<\/em>\u00a0<\/p>\n<p>A \u201cnova casa\u201d de J\u00fanior faz todo sentido na tradu\u00e7\u00e3o do nome Carpe Diem: Curta o momento!<\/p>\n<p><img decoding=\"async\" class=\"size-medium wp-image-3407 aligncenter\" src=\"https:\/\/portalraizesnoticias.com.br\/wp-content\/uploads\/2024\/12\/IMG-20230719-WA0047-300x225.jpg\" alt=\"\" width=\"300\" height=\"225\" srcset=\"https:\/\/portalraizesnoticias.com.br\/wp-content\/uploads\/2024\/12\/IMG-20230719-WA0047-300x225.jpg 300w, https:\/\/portalraizesnoticias.com.br\/wp-content\/uploads\/2024\/12\/IMG-20230719-WA0047.jpg 768w\" sizes=\"(max-width: 300px) 100vw, 300px\" \/><\/p>\n<p>Ele vive a educa\u00e7\u00e3o intensamente, que tem uma proposta pedag\u00f3gica, reconhecida pela certifica\u00e7\u00e3o de qualidade ISO 9001. Esse m\u00e9todo inovador j\u00e1 formou mais de 30 mil estudantes, proporcionando uma educa\u00e7\u00e3o que ultrapassa o ensino tradicional, integrando carinho, cuidado e um ambiente acolhedor para todos os estudantes.<\/p>\n<p><img loading=\"lazy\" decoding=\"async\" class=\"size-medium wp-image-3408 aligncenter\" src=\"https:\/\/portalraizesnoticias.com.br\/wp-content\/uploads\/2024\/12\/IMG-20241227-WA0502-300x227.jpg\" alt=\"\" width=\"300\" height=\"227\" srcset=\"https:\/\/portalraizesnoticias.com.br\/wp-content\/uploads\/2024\/12\/IMG-20241227-WA0502-300x227.jpg 300w, https:\/\/portalraizesnoticias.com.br\/wp-content\/uploads\/2024\/12\/IMG-20241227-WA0502.jpg 732w\" sizes=\"(max-width: 300px) 100vw, 300px\" \/><\/p>\n<p style=\"text-align: center;\"><em>Equipe\u00a0 junto \u00e0 diretora geral da Rede Carpe Diem<\/em><\/p>\n<p>Provavelmente esse foi um dos motivos pelos quais Matias foi escolhido para assumir a Carpe, uma vez que \u00e9 um profissional completo.<\/p>\n<p>\u201cCom certeza. Sempre acreditei que o ensino com metodologias ativas \u00e9 um diferencial importante. Ele deve ir al\u00e9m do conte\u00fado tradicional, envolvendo inova\u00e7\u00e3o e pr\u00e1ticas que conectem o aluno \u00e0 realidade. Acredito que minha experi\u00eancia na \u00e1rea educacional, minha capacidade de gest\u00e3o e meu compromisso com um aprendizado acolhedor e eficiente foram fatores decisivos na minha escolha\u201d, complementa.<\/p>\n<div style=\"width: 480px;\" class=\"wp-video\"><!--[if lt IE 9]><script>document.createElement('video');<\/script><![endif]-->\n<video class=\"wp-video-shortcode\" id=\"video-3402-1\" width=\"480\" height=\"848\" preload=\"metadata\" controls=\"controls\"><source type=\"video\/mp4\" src=\"https:\/\/portalraizesnoticias.com.br\/wp-content\/uploads\/2024\/12\/VID-20241227-WA0492-1.mp4?_=1\" \/><a href=\"https:\/\/portalraizesnoticias.com.br\/wp-content\/uploads\/2024\/12\/VID-20241227-WA0492-1.mp4\">https:\/\/portalraizesnoticias.com.br\/wp-content\/uploads\/2024\/12\/VID-20241227-WA0492-1.mp4<\/a><\/video><\/div>\n<p>\u00a0<\/p>\n<p>Ele revelou ainda que foi um desafio assumir a dire\u00e7\u00e3o escolar e alinhar a diversidade de ideias e pr\u00e1ticas pedag\u00f3gicas com uma vis\u00e3o unificada de excel\u00eancia educacional.<\/p>\n<p>\u201cMinha gest\u00e3o \u00e9 pautada por um planejamento estrat\u00e9gico para o sucesso da empresa\u201d, conta.<\/p>\n<p><strong>Cen\u00e1rio na educa\u00e7\u00e3o brasileira!<\/strong><\/p>\n<p>\u201cAvalio o cen\u00e1rio da educa\u00e7\u00e3o no Brasil como algo que, por um lado, est\u00e1 em crescimento com a incorpora\u00e7\u00e3o de tecnologias e intelig\u00eancia artificial, trazendo mais din\u00e2mica e efici\u00eancia ao ensino. Por outro lado, ainda existe uma necessidade urgente de um investimento mais significativo ao n\u00edvel nacional para garantir que a educa\u00e7\u00e3o seja, de fato, acess\u00edvel a todos. A educa\u00e7\u00e3o \u00e9 um direito fundamental de cada indiv\u00edduo, e s\u00f3 com esfor\u00e7os conseguiremos alcan\u00e7ar os objetivos de uma educa\u00e7\u00e3o inclusiva e de qualidade para todos\u201d, afirma.<\/p>\n<p>.<\/p>\n<p><strong>A recompensa!<\/strong><\/p>\n<p>Quando questionado sobre qual conquista foi mais satisfat\u00f3ria nesta nova empreitada, ele foi enf\u00e1tico:<\/p>\n<p>\u201cCada sorriso, cada hist\u00f3ria de supera\u00e7\u00e3o e cada resultado alcan\u00e7ado reafirmam meu prop\u00f3sito na educa\u00e7\u00e3o. Esse sempre ser\u00e1 a minha maior conquista\u201d, finaliza.<\/p>\n<p>Reda\u00e7\u00e3o<\/p>","protected":false},"excerpt":{"rendered":"<p>Um homem nascido na Para\u00edba e residente em Feira de Santana, interior da Bahia, demonstrou a import\u00e2ncia da educa\u00e7\u00e3o na sua vida e como ela seria um dos degraus para a transforma\u00e7\u00e3o da realidade de muitas crian\u00e7as e adultos. Aos 29 anos, Jos\u00e9 Edimilson Matias J\u00fanior \u00e9 um dos gestores mais jovens da Carpe Diem, uma das redes de ensino mais conceituadas do pa\u00eds. Matias, como \u00e9 conhecido popularmente, pertence \u00e0 unidade de Feira de Santana e se destaca pelo empenho e dedica\u00e7\u00e3o aos alunos. Formado em Licenciatura em Letras, graduado em gest\u00e3o escolar, especializa\u00e7\u00e3o em Pr\u00e1ticas Pedag\u00f3gicas e Tecnologias Educacionais, Matias ingressou profissionalmente na carreira profissional h\u00e1 12 anos. \u201cDe in\u00edcio, me dediquei a entender as necessidades dos estudantes e a desenvolver projetos que os impactassem positivamente\u201d, disse Matias. Uma hist\u00f3ria que deu certo!\u00a0 Ele disse \u00e0 jornalista Rafaela Rodrigues que trabalhou em v\u00e1rios projetos e institui\u00e7\u00f5es, deixando muito conhecimento. \u201cTive a oportunidade de desenvolver projetos sociais e culturais na \u00c1frica, sempre visando contribuir para o avan\u00e7o educacional. Al\u00e9m disso, fundei e sou CEO do Espa\u00e7o Pedag\u00f3gico Inteligente, um projeto inovador em S\u00e3o Gon\u00e7alo dos Campos. Atualmente, sou diretor do Col\u00e9gio Carpe Diem em Feira de Santana, onde concentro meus esfor\u00e7os em promover e fortalecer a qualidade do ensino\u201d, relata. EPI- S\u00e3o Gon\u00e7alo\u00a0 A \u201cnova casa\u201d de J\u00fanior faz todo sentido na tradu\u00e7\u00e3o do nome Carpe Diem: Curta o momento! Ele vive a educa\u00e7\u00e3o intensamente, que tem uma proposta pedag\u00f3gica, reconhecida pela certifica\u00e7\u00e3o de qualidade ISO 9001. Esse m\u00e9todo inovador j\u00e1 formou mais de 30 mil estudantes, proporcionando uma educa\u00e7\u00e3o que ultrapassa o ensino tradicional, integrando carinho, cuidado e um ambiente acolhedor para todos os estudantes. Equipe\u00a0 junto \u00e0 diretora geral da Rede Carpe Diem Provavelmente esse foi um dos motivos pelos quais Matias foi escolhido para assumir a Carpe, uma vez que \u00e9 um profissional completo. \u201cCom certeza. Sempre acreditei que o ensino com metodologias ativas \u00e9 um diferencial importante. Ele deve ir al\u00e9m do conte\u00fado tradicional, envolvendo inova\u00e7\u00e3o e pr\u00e1ticas que conectem o aluno \u00e0 realidade. Acredito que minha experi\u00eancia na \u00e1rea educacional, minha capacidade de gest\u00e3o e meu compromisso com um aprendizado acolhedor e eficiente foram fatores decisivos na minha escolha\u201d, complementa. \u00a0 Ele revelou ainda que foi um desafio assumir a dire\u00e7\u00e3o escolar e alinhar a diversidade de ideias e pr\u00e1ticas pedag\u00f3gicas com uma vis\u00e3o unificada de excel\u00eancia educacional. \u201cMinha gest\u00e3o \u00e9 pautada por um planejamento estrat\u00e9gico para o sucesso da empresa\u201d, conta. Cen\u00e1rio na educa\u00e7\u00e3o brasileira! \u201cAvalio o cen\u00e1rio da educa\u00e7\u00e3o no Brasil como algo que, por um lado, est\u00e1 em crescimento com a incorpora\u00e7\u00e3o de tecnologias e intelig\u00eancia artificial, trazendo mais din\u00e2mica e efici\u00eancia ao ensino. Por outro lado, ainda existe uma necessidade urgente de um investimento mais significativo ao n\u00edvel nacional para garantir que a educa\u00e7\u00e3o seja, de fato, acess\u00edvel a todos. A educa\u00e7\u00e3o \u00e9 um direito fundamental de cada indiv\u00edduo, e s\u00f3 com esfor\u00e7os conseguiremos alcan\u00e7ar os objetivos de uma educa\u00e7\u00e3o inclusiva e de qualidade para todos\u201d, afirma. . A recompensa! Quando questionado sobre qual conquista foi mais satisfat\u00f3ria nesta nova empreitada, ele foi enf\u00e1tico: \u201cCada sorriso, cada hist\u00f3ria de supera\u00e7\u00e3o e cada resultado alcan\u00e7ado reafirmam meu prop\u00f3sito na educa\u00e7\u00e3o. Esse sempre ser\u00e1 a minha maior conquista\u201d, finaliza. Reda\u00e7\u00e3o<\/p>\n","protected":false},"author":3,"featured_media":3404,"comment_status":"open","ping_status":"open","sticky":false,"template":"","format":"standard","meta":{"_joinchat":[],"footnotes":""},"categories":[55,52,59],"tags":[520,522,521,518,519],"class_list":["post-3402","post","type-post","status-publish","format-standard","has-post-thumbnail","hentry","category-destaques","category-educacao","category-ultimas-noticias","tag-diretor-carpe-diem","tag-educacao-2","tag-feira-de-santana","tag-junior-matias","tag-professor"],"yoast_head":"<!-- This site is optimized with the Yoast SEO plugin v24.4 - https:\/\/yoast.com\/wordpress\/plugins\/seo\/ -->\n<title>A educa\u00e7\u00e3o transforma! Aos 29 anos, professor se destaca e assume escola com rede de ensino conceituada no Brasil - Portal raizes noticias<\/title>\n<meta name=\"robots\" content=\"index, follow, max-snippet:-1, max-image-preview:large, max-video-preview:-1\" \/>\n<link rel=\"canonical\" href=\"https:\/\/portalraizesnoticias.com.br\/?p=3402\" \/>\n<meta property=\"og:locale\" content=\"pt_BR\" \/>\n<meta property=\"og:type\" content=\"article\" \/>\n<meta property=\"og:title\" content=\"A educa\u00e7\u00e3o transforma! Aos 29 anos, professor se destaca e assume escola com rede de ensino conceituada no Brasil - Portal raizes noticias\" \/>\n<meta property=\"og:description\" content=\"Um homem nascido na Para\u00edba e residente em Feira de Santana, interior da Bahia, demonstrou a import\u00e2ncia da educa\u00e7\u00e3o na sua vida e como ela seria um dos degraus para a transforma\u00e7\u00e3o da realidade de muitas crian\u00e7as e adultos. Aos 29 anos, Jos\u00e9 Edimilson Matias J\u00fanior \u00e9 um dos gestores mais jovens da Carpe Diem, uma das redes de ensino mais conceituadas do pa\u00eds. Matias, como \u00e9 conhecido popularmente, pertence \u00e0 unidade de Feira de Santana e se destaca pelo empenho e dedica\u00e7\u00e3o aos alunos. Formado em Licenciatura em Letras, graduado em gest\u00e3o escolar, especializa\u00e7\u00e3o em Pr\u00e1ticas Pedag\u00f3gicas e Tecnologias Educacionais, Matias ingressou profissionalmente na carreira profissional h\u00e1 12 anos. \u201cDe in\u00edcio, me dediquei a entender as necessidades dos estudantes e a desenvolver projetos que os impactassem positivamente\u201d, disse Matias. Uma hist\u00f3ria que deu certo!\u00a0 Ele disse \u00e0 jornalista Rafaela Rodrigues que trabalhou em v\u00e1rios projetos e institui\u00e7\u00f5es, deixando muito conhecimento. \u201cTive a oportunidade de desenvolver projetos sociais e culturais na \u00c1frica, sempre visando contribuir para o avan\u00e7o educacional. Al\u00e9m disso, fundei e sou CEO do Espa\u00e7o Pedag\u00f3gico Inteligente, um projeto inovador em S\u00e3o Gon\u00e7alo dos Campos. Atualmente, sou diretor do Col\u00e9gio Carpe Diem em Feira de Santana, onde concentro meus esfor\u00e7os em promover e fortalecer a qualidade do ensino\u201d, relata. EPI- S\u00e3o Gon\u00e7alo\u00a0 A \u201cnova casa\u201d de J\u00fanior faz todo sentido na tradu\u00e7\u00e3o do nome Carpe Diem: Curta o momento! Ele vive a educa\u00e7\u00e3o intensamente, que tem uma proposta pedag\u00f3gica, reconhecida pela certifica\u00e7\u00e3o de qualidade ISO 9001. Esse m\u00e9todo inovador j\u00e1 formou mais de 30 mil estudantes, proporcionando uma educa\u00e7\u00e3o que ultrapassa o ensino tradicional, integrando carinho, cuidado e um ambiente acolhedor para todos os estudantes. Equipe\u00a0 junto \u00e0 diretora geral da Rede Carpe Diem Provavelmente esse foi um dos motivos pelos quais Matias foi escolhido para assumir a Carpe, uma vez que \u00e9 um profissional completo. \u201cCom certeza. Sempre acreditei que o ensino com metodologias ativas \u00e9 um diferencial importante. Ele deve ir al\u00e9m do conte\u00fado tradicional, envolvendo inova\u00e7\u00e3o e pr\u00e1ticas que conectem o aluno \u00e0 realidade. Acredito que minha experi\u00eancia na \u00e1rea educacional, minha capacidade de gest\u00e3o e meu compromisso com um aprendizado acolhedor e eficiente foram fatores decisivos na minha escolha\u201d, complementa. \u00a0 Ele revelou ainda que foi um desafio assumir a dire\u00e7\u00e3o escolar e alinhar a diversidade de ideias e pr\u00e1ticas pedag\u00f3gicas com uma vis\u00e3o unificada de excel\u00eancia educacional. \u201cMinha gest\u00e3o \u00e9 pautada por um planejamento estrat\u00e9gico para o sucesso da empresa\u201d, conta. Cen\u00e1rio na educa\u00e7\u00e3o brasileira! \u201cAvalio o cen\u00e1rio da educa\u00e7\u00e3o no Brasil como algo que, por um lado, est\u00e1 em crescimento com a incorpora\u00e7\u00e3o de tecnologias e intelig\u00eancia artificial, trazendo mais din\u00e2mica e efici\u00eancia ao ensino. Por outro lado, ainda existe uma necessidade urgente de um investimento mais significativo ao n\u00edvel nacional para garantir que a educa\u00e7\u00e3o seja, de fato, acess\u00edvel a todos. A educa\u00e7\u00e3o \u00e9 um direito fundamental de cada indiv\u00edduo, e s\u00f3 com esfor\u00e7os conseguiremos alcan\u00e7ar os objetivos de uma educa\u00e7\u00e3o inclusiva e de qualidade para todos\u201d, afirma. . A recompensa! Quando questionado sobre qual conquista foi mais satisfat\u00f3ria nesta nova empreitada, ele foi enf\u00e1tico: \u201cCada sorriso, cada hist\u00f3ria de supera\u00e7\u00e3o e cada resultado alcan\u00e7ado reafirmam meu prop\u00f3sito na educa\u00e7\u00e3o. Esse sempre ser\u00e1 a minha maior conquista\u201d, finaliza. Reda\u00e7\u00e3o\" \/>\n<meta property=\"og:url\" content=\"https:\/\/portalraizesnoticias.com.br\/?p=3402\" \/>\n<meta property=\"og:site_name\" content=\"Portal raizes noticias\" \/>\n<meta property=\"article:published_time\" content=\"2024-12-27T22:20:59+00:00\" \/>\n<meta property=\"og:image\" content=\"https:\/\/portalraizesnoticias.com.br\/wp-content\/uploads\/2024\/12\/IMG-20241227-WA0493.jpg\" \/>\n\t<meta property=\"og:image:width\" content=\"800\" \/>\n\t<meta property=\"og:image:height\" content=\"809\" \/>\n\t<meta property=\"og:image:type\" content=\"image\/jpeg\" \/>\n<meta name=\"author\" content=\"Portal Raizes\" \/>\n<meta name=\"twitter:card\" content=\"summary_large_image\" \/>\n<meta name=\"twitter:label1\" content=\"Escrito por\" \/>\n\t<meta name=\"twitter:data1\" content=\"Portal Raizes\" \/>\n\t<meta name=\"twitter:label2\" content=\"Est. tempo de leitura\" \/>\n\t<meta name=\"twitter:data2\" content=\"4 minutos\" \/>\n<script type=\"application\/ld+json\" class=\"yoast-schema-graph\">{\"@context\":\"https:\/\/schema.org\",\"@graph\":[{\"@type\":\"Article\",\"@id\":\"https:\/\/portalraizesnoticias.com.br\/?p=3402#article\",\"isPartOf\":{\"@id\":\"https:\/\/portalraizesnoticias.com.br\/?p=3402\"},\"author\":{\"name\":\"Portal Raizes\",\"@id\":\"https:\/\/portalraizesnoticias.com.br\/#\/schema\/person\/a3ca6b0fc701e78df19756c417d943ae\"},\"headline\":\"A educa\u00e7\u00e3o transforma! Aos 29 anos, professor se destaca e assume escola com rede de ensino conceituada no Brasil\",\"datePublished\":\"2024-12-27T22:20:59+00:00\",\"mainEntityOfPage\":{\"@id\":\"https:\/\/portalraizesnoticias.com.br\/?p=3402\"},\"wordCount\":626,\"commentCount\":0,\"publisher\":{\"@id\":\"https:\/\/portalraizesnoticias.com.br\/#organization\"},\"image\":{\"@id\":\"https:\/\/portalraizesnoticias.com.br\/?p=3402#primaryimage\"},\"thumbnailUrl\":\"https:\/\/portalraizesnoticias.com.br\/wp-content\/uploads\/2024\/12\/IMG-20241227-WA0493.jpg\",\"keywords\":[\"Diretor carpe diem\",\"Educa\u00e7\u00e3o\",\"Feira de Santana\",\"Junior Matias\",\"Professor\"],\"articleSection\":[\"DESTAQUES\",\"EDUCA\u00c7\u00c3O\",\"ULTIMAS NOTICIAS\"],\"inLanguage\":\"pt-BR\",\"potentialAction\":[{\"@type\":\"CommentAction\",\"name\":\"Comment\",\"target\":[\"https:\/\/portalraizesnoticias.com.br\/?p=3402#respond\"]}]},{\"@type\":\"WebPage\",\"@id\":\"https:\/\/portalraizesnoticias.com.br\/?p=3402\",\"url\":\"https:\/\/portalraizesnoticias.com.br\/?p=3402\",\"name\":\"A educa\u00e7\u00e3o transforma! Aos 29 anos, professor se destaca e assume escola com rede de ensino conceituada no Brasil - Portal raizes noticias\",\"isPartOf\":{\"@id\":\"https:\/\/portalraizesnoticias.com.br\/#website\"},\"primaryImageOfPage\":{\"@id\":\"https:\/\/portalraizesnoticias.com.br\/?p=3402#primaryimage\"},\"image\":{\"@id\":\"https:\/\/portalraizesnoticias.com.br\/?p=3402#primaryimage\"},\"thumbnailUrl\":\"https:\/\/portalraizesnoticias.com.br\/wp-content\/uploads\/2024\/12\/IMG-20241227-WA0493.jpg\",\"datePublished\":\"2024-12-27T22:20:59+00:00\",\"breadcrumb\":{\"@id\":\"https:\/\/portalraizesnoticias.com.br\/?p=3402#breadcrumb\"},\"inLanguage\":\"pt-BR\",\"potentialAction\":[{\"@type\":\"ReadAction\",\"target\":[\"https:\/\/portalraizesnoticias.com.br\/?p=3402\"]}]},{\"@type\":\"ImageObject\",\"inLanguage\":\"pt-BR\",\"@id\":\"https:\/\/portalraizesnoticias.com.br\/?p=3402#primaryimage\",\"url\":\"https:\/\/portalraizesnoticias.com.br\/wp-content\/uploads\/2024\/12\/IMG-20241227-WA0493.jpg\",\"contentUrl\":\"https:\/\/portalraizesnoticias.com.br\/wp-content\/uploads\/2024\/12\/IMG-20241227-WA0493.jpg\",\"width\":800,\"height\":809},{\"@type\":\"BreadcrumbList\",\"@id\":\"https:\/\/portalraizesnoticias.com.br\/?p=3402#breadcrumb\",\"itemListElement\":[{\"@type\":\"ListItem\",\"position\":1,\"name\":\"In\u00edcio\",\"item\":\"https:\/\/portalraizesnoticias.com.br\/\"},{\"@type\":\"ListItem\",\"position\":2,\"name\":\"A educa\u00e7\u00e3o transforma! Aos 29 anos, professor se destaca e assume escola com rede de ensino conceituada no Brasil\"}]},{\"@type\":\"WebSite\",\"@id\":\"https:\/\/portalraizesnoticias.com.br\/#website\",\"url\":\"https:\/\/portalraizesnoticias.com.br\/\",\"name\":\"Portal raizes NOTICIAS\",\"description\":\"site de noticias de concei\u00e7\u00e3o do coit\u00e9 e regi\u00e3o\",\"publisher\":{\"@id\":\"https:\/\/portalraizesnoticias.com.br\/#organization\"},\"alternateName\":\"PORTAL RAIZES COIT\u00c9\",\"potentialAction\":[{\"@type\":\"SearchAction\",\"target\":{\"@type\":\"EntryPoint\",\"urlTemplate\":\"https:\/\/portalraizesnoticias.com.br\/?s={search_term_string}\"},\"query-input\":{\"@type\":\"PropertyValueSpecification\",\"valueRequired\":true,\"valueName\":\"search_term_string\"}}],\"inLanguage\":\"pt-BR\"},{\"@type\":\"Organization\",\"@id\":\"https:\/\/portalraizesnoticias.com.br\/#organization\",\"name\":\"Portal raizes NOTICIAS\",\"url\":\"https:\/\/portalraizesnoticias.com.br\/\",\"logo\":{\"@type\":\"ImageObject\",\"inLanguage\":\"pt-BR\",\"@id\":\"https:\/\/portalraizesnoticias.com.br\/#\/schema\/logo\/image\/\",\"url\":\"https:\/\/portalraizesnoticias.com.br\/wp-content\/uploads\/2024\/09\/cropped-Captura-de-tela-2024-09-08-011108.png\",\"contentUrl\":\"https:\/\/portalraizesnoticias.com.br\/wp-content\/uploads\/2024\/09\/cropped-Captura-de-tela-2024-09-08-011108.png\",\"width\":606,\"height\":173,\"caption\":\"Portal raizes NOTICIAS\"},\"image\":{\"@id\":\"https:\/\/portalraizesnoticias.com.br\/#\/schema\/logo\/image\/\"}},{\"@type\":\"Person\",\"@id\":\"https:\/\/portalraizesnoticias.com.br\/#\/schema\/person\/a3ca6b0fc701e78df19756c417d943ae\",\"name\":\"Portal Raizes\",\"image\":{\"@type\":\"ImageObject\",\"inLanguage\":\"pt-BR\",\"@id\":\"https:\/\/portalraizesnoticias.com.br\/#\/schema\/person\/image\/\",\"url\":\"https:\/\/secure.gravatar.com\/avatar\/ef450d29013a3d3fba867a12a249d7b1?s=96&d=mm&r=g\",\"contentUrl\":\"https:\/\/secure.gravatar.com\/avatar\/ef450d29013a3d3fba867a12a249d7b1?s=96&d=mm&r=g\",\"caption\":\"Portal Raizes\"},\"url\":\"https:\/\/portalraizesnoticias.com.br\/?author=3\"}]}<\/script>\n<!-- \/ Yoast SEO plugin. -->","yoast_head_json":{"title":"A educa\u00e7\u00e3o transforma! Aos 29 anos, professor se destaca e assume escola com rede de ensino conceituada no Brasil - Portal raizes noticias","robots":{"index":"index","follow":"follow","max-snippet":"max-snippet:-1","max-image-preview":"max-image-preview:large","max-video-preview":"max-video-preview:-1"},"canonical":"https:\/\/portalraizesnoticias.com.br\/?p=3402","og_locale":"pt_BR","og_type":"article","og_title":"A educa\u00e7\u00e3o transforma! Aos 29 anos, professor se destaca e assume escola com rede de ensino conceituada no Brasil - Portal raizes noticias","og_description":"Um homem nascido na Para\u00edba e residente em Feira de Santana, interior da Bahia, demonstrou a import\u00e2ncia da educa\u00e7\u00e3o na sua vida e como ela seria um dos degraus para a transforma\u00e7\u00e3o da realidade de muitas crian\u00e7as e adultos. Aos 29 anos, Jos\u00e9 Edimilson Matias J\u00fanior \u00e9 um dos gestores mais jovens da Carpe Diem, uma das redes de ensino mais conceituadas do pa\u00eds. Matias, como \u00e9 conhecido popularmente, pertence \u00e0 unidade de Feira de Santana e se destaca pelo empenho e dedica\u00e7\u00e3o aos alunos. Formado em Licenciatura em Letras, graduado em gest\u00e3o escolar, especializa\u00e7\u00e3o em Pr\u00e1ticas Pedag\u00f3gicas e Tecnologias Educacionais, Matias ingressou profissionalmente na carreira profissional h\u00e1 12 anos. \u201cDe in\u00edcio, me dediquei a entender as necessidades dos estudantes e a desenvolver projetos que os impactassem positivamente\u201d, disse Matias. Uma hist\u00f3ria que deu certo!\u00a0 Ele disse \u00e0 jornalista Rafaela Rodrigues que trabalhou em v\u00e1rios projetos e institui\u00e7\u00f5es, deixando muito conhecimento. \u201cTive a oportunidade de desenvolver projetos sociais e culturais na \u00c1frica, sempre visando contribuir para o avan\u00e7o educacional. Al\u00e9m disso, fundei e sou CEO do Espa\u00e7o Pedag\u00f3gico Inteligente, um projeto inovador em S\u00e3o Gon\u00e7alo dos Campos. Atualmente, sou diretor do Col\u00e9gio Carpe Diem em Feira de Santana, onde concentro meus esfor\u00e7os em promover e fortalecer a qualidade do ensino\u201d, relata. EPI- S\u00e3o Gon\u00e7alo\u00a0 A \u201cnova casa\u201d de J\u00fanior faz todo sentido na tradu\u00e7\u00e3o do nome Carpe Diem: Curta o momento! Ele vive a educa\u00e7\u00e3o intensamente, que tem uma proposta pedag\u00f3gica, reconhecida pela certifica\u00e7\u00e3o de qualidade ISO 9001. Esse m\u00e9todo inovador j\u00e1 formou mais de 30 mil estudantes, proporcionando uma educa\u00e7\u00e3o que ultrapassa o ensino tradicional, integrando carinho, cuidado e um ambiente acolhedor para todos os estudantes. Equipe\u00a0 junto \u00e0 diretora geral da Rede Carpe Diem Provavelmente esse foi um dos motivos pelos quais Matias foi escolhido para assumir a Carpe, uma vez que \u00e9 um profissional completo. \u201cCom certeza. Sempre acreditei que o ensino com metodologias ativas \u00e9 um diferencial importante. Ele deve ir al\u00e9m do conte\u00fado tradicional, envolvendo inova\u00e7\u00e3o e pr\u00e1ticas que conectem o aluno \u00e0 realidade. Acredito que minha experi\u00eancia na \u00e1rea educacional, minha capacidade de gest\u00e3o e meu compromisso com um aprendizado acolhedor e eficiente foram fatores decisivos na minha escolha\u201d, complementa. \u00a0 Ele revelou ainda que foi um desafio assumir a dire\u00e7\u00e3o escolar e alinhar a diversidade de ideias e pr\u00e1ticas pedag\u00f3gicas com uma vis\u00e3o unificada de excel\u00eancia educacional. \u201cMinha gest\u00e3o \u00e9 pautada por um planejamento estrat\u00e9gico para o sucesso da empresa\u201d, conta. Cen\u00e1rio na educa\u00e7\u00e3o brasileira! \u201cAvalio o cen\u00e1rio da educa\u00e7\u00e3o no Brasil como algo que, por um lado, est\u00e1 em crescimento com a incorpora\u00e7\u00e3o de tecnologias e intelig\u00eancia artificial, trazendo mais din\u00e2mica e efici\u00eancia ao ensino. Por outro lado, ainda existe uma necessidade urgente de um investimento mais significativo ao n\u00edvel nacional para garantir que a educa\u00e7\u00e3o seja, de fato, acess\u00edvel a todos. A educa\u00e7\u00e3o \u00e9 um direito fundamental de cada indiv\u00edduo, e s\u00f3 com esfor\u00e7os conseguiremos alcan\u00e7ar os objetivos de uma educa\u00e7\u00e3o inclusiva e de qualidade para todos\u201d, afirma. . A recompensa! Quando questionado sobre qual conquista foi mais satisfat\u00f3ria nesta nova empreitada, ele foi enf\u00e1tico: \u201cCada sorriso, cada hist\u00f3ria de supera\u00e7\u00e3o e cada resultado alcan\u00e7ado reafirmam meu prop\u00f3sito na educa\u00e7\u00e3o. Esse sempre ser\u00e1 a minha maior conquista\u201d, finaliza. Reda\u00e7\u00e3o","og_url":"https:\/\/portalraizesnoticias.com.br\/?p=3402","og_site_name":"Portal raizes noticias","article_published_time":"2024-12-27T22:20:59+00:00","og_image":[{"width":800,"height":809,"url":"https:\/\/portalraizesnoticias.com.br\/wp-content\/uploads\/2024\/12\/IMG-20241227-WA0493.jpg","type":"image\/jpeg"}],"author":"Portal Raizes","twitter_card":"summary_large_image","twitter_misc":{"Escrito por":"Portal Raizes","Est. tempo de leitura":"4 minutos"},"schema":{"@context":"https:\/\/schema.org","@graph":[{"@type":"Article","@id":"https:\/\/portalraizesnoticias.com.br\/?p=3402#article","isPartOf":{"@id":"https:\/\/portalraizesnoticias.com.br\/?p=3402"},"author":{"name":"Portal Raizes","@id":"https:\/\/portalraizesnoticias.com.br\/#\/schema\/person\/a3ca6b0fc701e78df19756c417d943ae"},"headline":"A educa\u00e7\u00e3o transforma! Aos 29 anos, professor se destaca e assume escola com rede de ensino conceituada no Brasil","datePublished":"2024-12-27T22:20:59+00:00","mainEntityOfPage":{"@id":"https:\/\/portalraizesnoticias.com.br\/?p=3402"},"wordCount":626,"commentCount":0,"publisher":{"@id":"https:\/\/portalraizesnoticias.com.br\/#organization"},"image":{"@id":"https:\/\/portalraizesnoticias.com.br\/?p=3402#primaryimage"},"thumbnailUrl":"https:\/\/portalraizesnoticias.com.br\/wp-content\/uploads\/2024\/12\/IMG-20241227-WA0493.jpg","keywords":["Diretor carpe diem","Educa\u00e7\u00e3o","Feira de Santana","Junior Matias","Professor"],"articleSection":["DESTAQUES","EDUCA\u00c7\u00c3O","ULTIMAS NOTICIAS"],"inLanguage":"pt-BR","potentialAction":[{"@type":"CommentAction","name":"Comment","target":["https:\/\/portalraizesnoticias.com.br\/?p=3402#respond"]}]},{"@type":"WebPage","@id":"https:\/\/portalraizesnoticias.com.br\/?p=3402","url":"https:\/\/portalraizesnoticias.com.br\/?p=3402","name":"A educa\u00e7\u00e3o transforma! Aos 29 anos, professor se destaca e assume escola com rede de ensino conceituada no Brasil - Portal raizes noticias","isPartOf":{"@id":"https:\/\/portalraizesnoticias.com.br\/#website"},"primaryImageOfPage":{"@id":"https:\/\/portalraizesnoticias.com.br\/?p=3402#primaryimage"},"image":{"@id":"https:\/\/portalraizesnoticias.com.br\/?p=3402#primaryimage"},"thumbnailUrl":"https:\/\/portalraizesnoticias.com.br\/wp-content\/uploads\/2024\/12\/IMG-20241227-WA0493.jpg","datePublished":"2024-12-27T22:20:59+00:00","breadcrumb":{"@id":"https:\/\/portalraizesnoticias.com.br\/?p=3402#breadcrumb"},"inLanguage":"pt-BR","potentialAction":[{"@type":"ReadAction","target":["https:\/\/portalraizesnoticias.com.br\/?p=3402"]}]},{"@type":"ImageObject","inLanguage":"pt-BR","@id":"https:\/\/portalraizesnoticias.com.br\/?p=3402#primaryimage","url":"https:\/\/portalraizesnoticias.com.br\/wp-content\/uploads\/2024\/12\/IMG-20241227-WA0493.jpg","contentUrl":"https:\/\/portalraizesnoticias.com.br\/wp-content\/uploads\/2024\/12\/IMG-20241227-WA0493.jpg","width":800,"height":809},{"@type":"BreadcrumbList","@id":"https:\/\/portalraizesnoticias.com.br\/?p=3402#breadcrumb","itemListElement":[{"@type":"ListItem","position":1,"name":"In\u00edcio","item":"https:\/\/portalraizesnoticias.com.br\/"},{"@type":"ListItem","position":2,"name":"A educa\u00e7\u00e3o transforma! Aos 29 anos, professor se destaca e assume escola com rede de ensino conceituada no Brasil"}]},{"@type":"WebSite","@id":"https:\/\/portalraizesnoticias.com.br\/#website","url":"https:\/\/portalraizesnoticias.com.br\/","name":"Portal raizes NOTICIAS","description":"site de noticias de concei\u00e7\u00e3o do coit\u00e9 e regi\u00e3o","publisher":{"@id":"https:\/\/portalraizesnoticias.com.br\/#organization"},"alternateName":"PORTAL RAIZES COIT\u00c9","potentialAction":[{"@type":"SearchAction","target":{"@type":"EntryPoint","urlTemplate":"https:\/\/portalraizesnoticias.com.br\/?s={search_term_string}"},"query-input":{"@type":"PropertyValueSpecification","valueRequired":true,"valueName":"search_term_string"}}],"inLanguage":"pt-BR"},{"@type":"Organization","@id":"https:\/\/portalraizesnoticias.com.br\/#organization","name":"Portal raizes NOTICIAS","url":"https:\/\/portalraizesnoticias.com.br\/","logo":{"@type":"ImageObject","inLanguage":"pt-BR","@id":"https:\/\/portalraizesnoticias.com.br\/#\/schema\/logo\/image\/","url":"https:\/\/portalraizesnoticias.com.br\/wp-content\/uploads\/2024\/09\/cropped-Captura-de-tela-2024-09-08-011108.png","contentUrl":"https:\/\/portalraizesnoticias.com.br\/wp-content\/uploads\/2024\/09\/cropped-Captura-de-tela-2024-09-08-011108.png","width":606,"height":173,"caption":"Portal raizes NOTICIAS"},"image":{"@id":"https:\/\/portalraizesnoticias.com.br\/#\/schema\/logo\/image\/"}},{"@type":"Person","@id":"https:\/\/portalraizesnoticias.com.br\/#\/schema\/person\/a3ca6b0fc701e78df19756c417d943ae","name":"Portal Raizes","image":{"@type":"ImageObject","inLanguage":"pt-BR","@id":"https:\/\/portalraizesnoticias.com.br\/#\/schema\/person\/image\/","url":"https:\/\/secure.gravatar.com\/avatar\/ef450d29013a3d3fba867a12a249d7b1?s=96&d=mm&r=g","contentUrl":"https:\/\/secure.gravatar.com\/avatar\/ef450d29013a3d3fba867a12a249d7b1?s=96&d=mm&r=g","caption":"Portal Raizes"},"url":"https:\/\/portalraizesnoticias.com.br\/?author=3"}]}},"_links":{"self":[{"href":"https:\/\/portalraizesnoticias.com.br\/index.php?rest_route=\/wp\/v2\/posts\/3402"}],"collection":[{"href":"https:\/\/portalraizesnoticias.com.br\/index.php?rest_route=\/wp\/v2\/posts"}],"about":[{"href":"https:\/\/portalraizesnoticias.com.br\/index.php?rest_route=\/wp\/v2\/types\/post"}],"author":[{"embeddable":true,"href":"https:\/\/portalraizesnoticias.com.br\/index.php?rest_route=\/wp\/v2\/users\/3"}],"replies":[{"embeddable":true,"href":"https:\/\/portalraizesnoticias.com.br\/index.php?rest_route=%2Fwp%2Fv2%2Fcomments&post=3402"}],"version-history":[{"count":1,"href":"https:\/\/portalraizesnoticias.com.br\/index.php?rest_route=\/wp\/v2\/posts\/3402\/revisions"}],"predecessor-version":[{"id":3410,"href":"https:\/\/portalraizesnoticias.com.br\/index.php?rest_route=\/wp\/v2\/posts\/3402\/revisions\/3410"}],"wp:featuredmedia":[{"embeddable":true,"href":"https:\/\/portalraizesnoticias.com.br\/index.php?rest_route=\/wp\/v2\/media\/3404"}],"wp:attachment":[{"href":"https:\/\/portalraizesnoticias.com.br\/index.php?rest_route=%2Fwp%2Fv2%2Fmedia&parent=3402"}],"wp:term":[{"taxonomy":"category","embeddable":true,"href":"https:\/\/portalraizesnoticias.com.br\/index.php?rest_route=%2Fwp%2Fv2%2Fcategories&post=3402"},{"taxonomy":"post_tag","embeddable":true,"href":"https:\/\/portalraizesnoticias.com.br\/index.php?rest_route=%2Fwp%2Fv2%2Ftags&post=3402"}],"curies":[{"name":"wp","href":"https:\/\/api.w.org\/{rel}","templated":true}]}}