{"id":3370,"date":"2024-12-26T18:18:42","date_gmt":"2024-12-26T21:18:42","guid":{"rendered":"https:\/\/portalraizesnoticias.com.br\/?p=3370"},"modified":"2024-12-26T22:46:09","modified_gmt":"2024-12-27T01:46:09","slug":"coite-autor-do-hit-to-em-agua-revela-arrependimento-devido-o-uso-excessivo-de-alcool-e-drogas-destruiu-minha-carreira","status":"publish","type":"post","link":"https:\/\/portalraizesnoticias.com.br\/?p=3370","title":{"rendered":"Coit\u00e9: Autor do hit &#8220;T\u00f4 em \u00c1gua&#8221; revela arrependimento devido o uso excessivo de \u00e1lcool e drogas: &#8220;Destruiu minha carreira!&#8221;"},"content":{"rendered":"<p>Dono de uma das composi\u00e7\u00f5es mais executadas em 2005 e at\u00e9 hoje ouvidas nos eventos, o cantor e compositor de Concei\u00e7\u00e3o do Coit\u00e9, criado no bairro Terra Nova, Ailton Vizek fez hist\u00f3ria com a cria\u00e7\u00e3o do single \u201cT\u00f4 em \u00c1gua\u201d.<\/p>\n<p><iframe title=\"T\u00f4 em \u00e1gua - Vizek\" width=\"960\" height=\"720\" src=\"https:\/\/www.youtube.com\/embed\/vJIAruBaX60?feature=oembed\" frameborder=\"0\" allow=\"accelerometer; autoplay; clipboard-write; encrypted-media; gyroscope; picture-in-picture; web-share\" referrerpolicy=\"strict-origin-when-cross-origin\" allowfullscreen><\/iframe><\/p>\n<p>A can\u00e7\u00e3o foi originalmente interpretada por ele no ritmo xote, sendo posteriormente reproduzida, propagada no Nordeste e alguns Estados pela banda Batuker\u00ea comandada at\u00e9 hoje por Marquinhos.<\/p>\n<p><iframe title=\"T\u00f4 em \u00c1gua\" width=\"960\" height=\"720\" src=\"https:\/\/www.youtube.com\/embed\/kOJ4JrAATS8?feature=oembed\" frameborder=\"0\" allow=\"accelerometer; autoplay; clipboard-write; encrypted-media; gyroscope; picture-in-picture; web-share\" referrerpolicy=\"strict-origin-when-cross-origin\" allowfullscreen><\/iframe><\/p>\n<p>Com o \u00eaxito de &#8220;T\u00f4 em \u00c1gua&#8221;, a banda Cheiro de Amor, que tinha Aline Rosa como vocalista, conseguiu espalhar a can\u00e7\u00e3o do coiteense pelos quatro cantos do pa\u00eds.<\/p>\n<p><iframe title=\"17   T\u00d4 EM \u00c1GUA\" width=\"960\" height=\"540\" src=\"https:\/\/www.youtube.com\/embed\/NF5L-GXkxvM?feature=oembed\" frameborder=\"0\" allow=\"accelerometer; autoplay; clipboard-write; encrypted-media; gyroscope; picture-in-picture; web-share\" referrerpolicy=\"strict-origin-when-cross-origin\" allowfullscreen><\/iframe><\/p>\n<p>No entanto, poucos conhecem que o hit composto por Vizek foi lan\u00e7ado ap\u00f3s um dos per\u00edodos mais dif\u00edceis da carreira art\u00edstica devido ao v\u00edcio em \u00e1lcool e droga (maconha).<\/p>\n<p><img fetchpriority=\"high\" decoding=\"async\" class=\"size-medium wp-image-2320 aligncenter\" src=\"https:\/\/portalraizesnoticias.com.br\/wp-content\/uploads\/2024\/11\/1732216879983-d784d47a-39b1-443f-82e8-60565a1d94d1_1-e1732217067640-300x259.jpg\" alt=\"\" width=\"300\" height=\"259\" srcset=\"https:\/\/portalraizesnoticias.com.br\/wp-content\/uploads\/2024\/11\/1732216879983-d784d47a-39b1-443f-82e8-60565a1d94d1_1-e1732217067640-300x259.jpg 300w, https:\/\/portalraizesnoticias.com.br\/wp-content\/uploads\/2024\/11\/1732216879983-d784d47a-39b1-443f-82e8-60565a1d94d1_1-e1732217067640-768x664.jpg 768w, https:\/\/portalraizesnoticias.com.br\/wp-content\/uploads\/2024\/11\/1732216879983-d784d47a-39b1-443f-82e8-60565a1d94d1_1-e1732217067640.jpg 839w\" sizes=\"(max-width: 300px) 100vw, 300px\" \/><\/p>\n<p><strong>O in\u00edcio!\u00a0<\/strong><\/p>\n<p>Em uma conversa com a jornalista Rafaela Rodrigues, Vizek, de 60 anos, disse que tem dedicado 40 anos \u00e0 m\u00fasica.<\/p>\n<p><img decoding=\"async\" class=\"size-medium wp-image-3371 aligncenter\" src=\"https:\/\/portalraizesnoticias.com.br\/wp-content\/uploads\/2024\/12\/IMG-20241226-WA0158-300x281.jpg\" alt=\"\" width=\"300\" height=\"281\" srcset=\"https:\/\/portalraizesnoticias.com.br\/wp-content\/uploads\/2024\/12\/IMG-20241226-WA0158-300x281.jpg 300w, https:\/\/portalraizesnoticias.com.br\/wp-content\/uploads\/2024\/12\/IMG-20241226-WA0158-1024x958.jpg 1024w, https:\/\/portalraizesnoticias.com.br\/wp-content\/uploads\/2024\/12\/IMG-20241226-WA0158-768x718.jpg 768w, https:\/\/portalraizesnoticias.com.br\/wp-content\/uploads\/2024\/12\/IMG-20241226-WA0158.jpg 1080w\" sizes=\"(max-width: 300px) 100vw, 300px\" \/><\/p>\n<p style=\"text-align: center;\">Vizek<\/p>\n<p>Em meados de 1985, ele ficou encantado ao assumir o comando da extinta banda Astral (hoje Batuker\u00ea). Logo em seguida, passou Cacique do\u00a0Nordeste, onde comp\u00f4s a can\u00e7\u00e3o &#8220;Vai cair Tor\u00f3&#8221;, m\u00fasica nostalgia no per\u00edodo junino, Diagonais do Bai\u00e3o e Banda Traz Amor.<\/p>\n<p><img decoding=\"async\" class=\"size-medium wp-image-3372 aligncenter\" src=\"https:\/\/portalraizesnoticias.com.br\/wp-content\/uploads\/2024\/12\/IMG-20241226-WA0162-300x233.jpg\" alt=\"\" width=\"300\" height=\"233\" srcset=\"https:\/\/portalraizesnoticias.com.br\/wp-content\/uploads\/2024\/12\/IMG-20241226-WA0162-300x233.jpg 300w, https:\/\/portalraizesnoticias.com.br\/wp-content\/uploads\/2024\/12\/IMG-20241226-WA0162-1024x797.jpg 1024w, https:\/\/portalraizesnoticias.com.br\/wp-content\/uploads\/2024\/12\/IMG-20241226-WA0162-768x597.jpg 768w, https:\/\/portalraizesnoticias.com.br\/wp-content\/uploads\/2024\/12\/IMG-20241226-WA0162.jpg 1283w\" sizes=\"(max-width: 300px) 100vw, 300px\" \/> <img loading=\"lazy\" decoding=\"async\" class=\"size-medium wp-image-3373 aligncenter\" src=\"https:\/\/portalraizesnoticias.com.br\/wp-content\/uploads\/2024\/12\/IMG-20241226-WA0163-300x206.jpg\" alt=\"\" width=\"300\" height=\"206\" srcset=\"https:\/\/portalraizesnoticias.com.br\/wp-content\/uploads\/2024\/12\/IMG-20241226-WA0163-300x206.jpg 300w, https:\/\/portalraizesnoticias.com.br\/wp-content\/uploads\/2024\/12\/IMG-20241226-WA0163-1024x704.jpg 1024w, https:\/\/portalraizesnoticias.com.br\/wp-content\/uploads\/2024\/12\/IMG-20241226-WA0163-768x528.jpg 768w, https:\/\/portalraizesnoticias.com.br\/wp-content\/uploads\/2024\/12\/IMG-20241226-WA0163.jpg 1080w\" sizes=\"(max-width: 300px) 100vw, 300px\" \/><\/p>\n<p style=\"text-align: center;\"><em>Vizek na Banda Astral e Caciques do Nordeste<\/em><\/p>\n<p><strong>Ele disse \u00e0 jornalista Rafaela Rodrigues que o problema com a bebida alco\u00f3lica come\u00e7ou ainda no in\u00edcio da carreira.\u00a0<\/strong><\/p>\n<p>&#8220;Est\u00e1vamos ainda no come\u00e7o da banda Astral e estouramos a can\u00e7\u00e3o &#8216;Ninfa&#8217; e &#8216;O c\u00e9u est\u00e1 lindo&#8217;.\u00a0 Come\u00e7amos a fazer diversos shows pelo Brasil e tocamos em lugares que nunca imaginamos, como no Carnaval de Salvador. Era muita folia e comecei a beber e usar drogas&#8221;, revelou.<\/p>\n<p><img loading=\"lazy\" decoding=\"async\" class=\"size-medium wp-image-2633 aligncenter\" src=\"https:\/\/portalraizesnoticias.com.br\/wp-content\/uploads\/2024\/12\/Card-Matricula_02-300x300.png\" alt=\"\" width=\"300\" height=\"300\" srcset=\"https:\/\/portalraizesnoticias.com.br\/wp-content\/uploads\/2024\/12\/Card-Matricula_02-300x300.png 300w, https:\/\/portalraizesnoticias.com.br\/wp-content\/uploads\/2024\/12\/Card-Matricula_02-1024x1024.png 1024w, https:\/\/portalraizesnoticias.com.br\/wp-content\/uploads\/2024\/12\/Card-Matricula_02-150x150.png 150w, https:\/\/portalraizesnoticias.com.br\/wp-content\/uploads\/2024\/12\/Card-Matricula_02-768x768.png 768w, https:\/\/portalraizesnoticias.com.br\/wp-content\/uploads\/2024\/12\/Card-Matricula_02.png 1080w\" sizes=\"(max-width: 300px) 100vw, 300px\" \/><\/p>\n<p style=\"text-align: center;\"><strong>Publicidade<\/strong><\/p>\n<p>Vizek disse que n\u00e3o havia um dia em que ele n\u00e3o usasse cacha\u00e7a, sem ter consci\u00eancia do que poderia ocorrer.<\/p>\n<p>&#8220;Eu achava que era normal, pois v\u00e1rios artistas de renome tamb\u00e9m viviam essa rotina, o que consideramos um momento que fazia parte do cotidiano, mas, n\u00e3o eram todos que faziam isso&#8221;, afirma<\/p>\n<p><strong>Os problemas come\u00e7aram!\u00a0<\/strong><\/p>\n<p>De todas as apresenta\u00e7\u00f5es que Vizek fez, um dos seus principais objetivos era se apresentar na Micareta de Feira de Santana, mas sua participa\u00e7\u00e3o foi interrompida antes de ele subir ao trio, pois estava b\u00eabado.<\/p>\n<p><img loading=\"lazy\" decoding=\"async\" class=\"size-medium wp-image-3374 aligncenter\" src=\"https:\/\/portalraizesnoticias.com.br\/wp-content\/uploads\/2024\/12\/IMG-20241226-WA0157-300x281.jpg\" alt=\"\" width=\"300\" height=\"281\" srcset=\"https:\/\/portalraizesnoticias.com.br\/wp-content\/uploads\/2024\/12\/IMG-20241226-WA0157-300x281.jpg 300w, https:\/\/portalraizesnoticias.com.br\/wp-content\/uploads\/2024\/12\/IMG-20241226-WA0157-1024x959.jpg 1024w, https:\/\/portalraizesnoticias.com.br\/wp-content\/uploads\/2024\/12\/IMG-20241226-WA0157-768x719.jpg 768w, https:\/\/portalraizesnoticias.com.br\/wp-content\/uploads\/2024\/12\/IMG-20241226-WA0157.jpg 1080w\" sizes=\"(max-width: 300px) 100vw, 300px\" \/><\/p>\n<p>&#8220;Os meus colegas perceberam que eu estava completamente b\u00eabado e, como a maioria era de s\u00f3cios, chegaram a um acordo e, naquele dia, decidiram que eu n\u00e3o faria parte do grupo. A tristeza foi profunda, &#8220;relembra.<\/p>\n<p>Ap\u00f3s o choque de realidade, Vizek resolveu se internar em uma cl\u00ednica de reabilita\u00e7\u00e3o em S\u00e3o Paulo, onde permaneceu por v\u00e1rios dias. Nesse per\u00edodo, houve uma festa no bairro Terra Nova, promovida pelo pr\u00f3pria banda Astral onde foi arrecadado o valor para a realiza\u00e7\u00e3o do tratamento.<\/p>\n<p><img loading=\"lazy\" decoding=\"async\" class=\"size-medium wp-image-1968 aligncenter\" src=\"https:\/\/portalraizesnoticias.com.br\/wp-content\/uploads\/2024\/11\/Imagem-do-WhatsApp-de-2024-11-01-as-13.17.23_592d9bdd-300x142.jpg\" alt=\"\" width=\"300\" height=\"142\" srcset=\"https:\/\/portalraizesnoticias.com.br\/wp-content\/uploads\/2024\/11\/Imagem-do-WhatsApp-de-2024-11-01-as-13.17.23_592d9bdd-300x142.jpg 300w, https:\/\/portalraizesnoticias.com.br\/wp-content\/uploads\/2024\/11\/Imagem-do-WhatsApp-de-2024-11-01-as-13.17.23_592d9bdd.jpg 722w\" sizes=\"(max-width: 300px) 100vw, 300px\" \/><\/p>\n<p style=\"text-align: center;\"><strong>Publicidade<\/strong><\/p>\n<p>&#8220;Na cl\u00ednica, ouvi muitas hist\u00f3rias e uma delas me fez pensar que poderia atrapalhar o crescimento da minha filha rec\u00e9m-nascida devido \u00e0 bebida. Ap\u00f3s isso, voltei para Coit\u00e9 e comecei a respeitar os meus limites e adaptar-me ao novo estilo de vida&#8221;, disse.<\/p>\n<p><strong>A m\u00fasica &#8220;T\u00f4 em \u00c1gua<\/strong>&#8221;<\/p>\n<p>Ao retornar para Concei\u00e7\u00e3o do Coit\u00e9, Vizek decidiu registrar sua experi\u00eancia ap\u00f3s o consumo excessivo de bebidas alco\u00f3licas.<\/p>\n<p><img loading=\"lazy\" decoding=\"async\" class=\"size-medium wp-image-1970 aligncenter\" src=\"https:\/\/portalraizesnoticias.com.br\/wp-content\/uploads\/2024\/11\/Banner-home-center-300x300.jpg\" alt=\"\" width=\"300\" height=\"300\" srcset=\"https:\/\/portalraizesnoticias.com.br\/wp-content\/uploads\/2024\/11\/Banner-home-center-300x300.jpg 300w, https:\/\/portalraizesnoticias.com.br\/wp-content\/uploads\/2024\/11\/Banner-home-center-1024x1024.jpg 1024w, https:\/\/portalraizesnoticias.com.br\/wp-content\/uploads\/2024\/11\/Banner-home-center-150x150.jpg 150w, https:\/\/portalraizesnoticias.com.br\/wp-content\/uploads\/2024\/11\/Banner-home-center-768x768.jpg 768w, https:\/\/portalraizesnoticias.com.br\/wp-content\/uploads\/2024\/11\/Banner-home-center-700x700.jpg 700w, https:\/\/portalraizesnoticias.com.br\/wp-content\/uploads\/2024\/11\/Banner-home-center-620x620.jpg 620w, https:\/\/portalraizesnoticias.com.br\/wp-content\/uploads\/2024\/11\/Banner-home-center-400x400.jpg 400w, https:\/\/portalraizesnoticias.com.br\/wp-content\/uploads\/2024\/11\/Banner-home-center.jpg 1080w\" sizes=\"(max-width: 300px) 100vw, 300px\" \/><\/p>\n<p style=\"text-align: center;\"><strong>Publicidade<\/strong><\/p>\n<p>&#8220;Acreditava que estava muito contente e que, mesmo estando sob efeito de bebidas alco\u00f3licas, estava em estado de relaxamento&#8221;.<\/p>\n<p>Embora o hit trate do que viveu h\u00e1 quase duas d\u00e9cadas, Vizek garante:<\/p>\n<p>&#8220;A m\u00fasica \u00e9 maravilhosa, mas a sensa\u00e7\u00e3o que eu achava que sentia era pura ilus\u00e3o. A primeira dose que desenfreia a pessoa, ficando at\u00e9 de manh\u00e3 na rua e n\u00e3o honrando os compromissos como deveria&#8221;, relata.<\/p>\n<p><strong>Os danos!\u00a0<\/strong><\/p>\n<p><strong>A vida de Vizek nunca mais foi a mesma!\u00a0<\/strong><\/p>\n<p>Ao contr\u00e1rio de artistas que se iniciam em bares e logo alcan\u00e7am o sucesso, Vizek alcan\u00e7ou seu auge cedo, mas o consumo de bebidas alco\u00f3licas o fez voltar ao lugar habitual onde os m\u00fasicos iniciam suas carreiras.<\/p>\n<p><iframe title=\"Vizek :Forr\u00f3 na Budega Cultural\" width=\"960\" height=\"540\" src=\"https:\/\/www.youtube.com\/embed\/l0WK2bUMwq8?feature=oembed\" frameborder=\"0\" allow=\"accelerometer; autoplay; clipboard-write; encrypted-media; gyroscope; picture-in-picture; web-share\" referrerpolicy=\"strict-origin-when-cross-origin\" allowfullscreen><\/iframe><\/p>\n<p>&#8220;Retornei aos barzinhos, mas nunca mais tive o reconhecimento merecido. N\u00e3o soube lidar com o sucesso mete\u00f3rico. Hoje sofro as consequ\u00eancias do \u00e1lcool, mas n\u00e3o desisto. Inclusive, estou finalizando um projeto para mostrar \u00e0 popula\u00e7\u00e3o&#8221;, falou.<\/p>\n<p>Atualmente, Vizek segue em tratamento devido ao impacto que o consumo de bebidas alco\u00f3licas causou em sua sa\u00fade f\u00edsica e mental.<\/p>\n<p>&#8220;Realizo tratamentos, terapia e mantenho minha concentra\u00e7\u00e3o e energia positiva. Continuo participando das reuni\u00f5es no grupo de ajuda m\u00fatua no meu bairro e tamb\u00e9m ajudo outras pessoas a sairem do v\u00edcio&#8221;, complementa.<\/p>\n<p><img loading=\"lazy\" decoding=\"async\" class=\"size-medium wp-image-2974 aligncenter\" src=\"https:\/\/portalraizesnoticias.com.br\/wp-content\/uploads\/2024\/12\/Imagem-do-WhatsApp-de-2024-12-13-as-17.29.14_14156b3f-300x300.jpg\" alt=\"\" width=\"300\" height=\"300\" srcset=\"https:\/\/portalraizesnoticias.com.br\/wp-content\/uploads\/2024\/12\/Imagem-do-WhatsApp-de-2024-12-13-as-17.29.14_14156b3f-300x300.jpg 300w, https:\/\/portalraizesnoticias.com.br\/wp-content\/uploads\/2024\/12\/Imagem-do-WhatsApp-de-2024-12-13-as-17.29.14_14156b3f-1024x1024.jpg 1024w, https:\/\/portalraizesnoticias.com.br\/wp-content\/uploads\/2024\/12\/Imagem-do-WhatsApp-de-2024-12-13-as-17.29.14_14156b3f-150x150.jpg 150w, https:\/\/portalraizesnoticias.com.br\/wp-content\/uploads\/2024\/12\/Imagem-do-WhatsApp-de-2024-12-13-as-17.29.14_14156b3f-768x768.jpg 768w, https:\/\/portalraizesnoticias.com.br\/wp-content\/uploads\/2024\/12\/Imagem-do-WhatsApp-de-2024-12-13-as-17.29.14_14156b3f-700x700.jpg 700w, https:\/\/portalraizesnoticias.com.br\/wp-content\/uploads\/2024\/12\/Imagem-do-WhatsApp-de-2024-12-13-as-17.29.14_14156b3f-620x620.jpg 620w, https:\/\/portalraizesnoticias.com.br\/wp-content\/uploads\/2024\/12\/Imagem-do-WhatsApp-de-2024-12-13-as-17.29.14_14156b3f-400x400.jpg 400w, https:\/\/portalraizesnoticias.com.br\/wp-content\/uploads\/2024\/12\/Imagem-do-WhatsApp-de-2024-12-13-as-17.29.14_14156b3f.jpg 1190w\" sizes=\"(max-width: 300px) 100vw, 300px\" \/><\/p>\n<p style=\"text-align: center;\"><strong>Publicidade<\/strong><\/p>\n<p>Quando questionado por Rafaela Rodrigues sobre o que o Vizek de hoje diria para o Vizek de 40 anos atr\u00e1s, ele foi enf\u00e1tico:<\/p>\n<p>&#8220;Toma ju\u00edzo, menino! Voc\u00ea precisa saber lidar com o sucesso e ouvir quem gosta de voc\u00ea&#8221;, diz.<\/p>\n<p><img loading=\"lazy\" decoding=\"async\" class=\"size-medium wp-image-3171 aligncenter\" src=\"https:\/\/portalraizesnoticias.com.br\/wp-content\/uploads\/2024\/12\/Brasao-Clube-de-Tiro-vetorizado-2-300x176.png\" alt=\"\" width=\"300\" height=\"176\" srcset=\"https:\/\/portalraizesnoticias.com.br\/wp-content\/uploads\/2024\/12\/Brasao-Clube-de-Tiro-vetorizado-2-300x176.png 300w, https:\/\/portalraizesnoticias.com.br\/wp-content\/uploads\/2024\/12\/Brasao-Clube-de-Tiro-vetorizado-2-1024x602.png 1024w, https:\/\/portalraizesnoticias.com.br\/wp-content\/uploads\/2024\/12\/Brasao-Clube-de-Tiro-vetorizado-2-768x451.png 768w, https:\/\/portalraizesnoticias.com.br\/wp-content\/uploads\/2024\/12\/Brasao-Clube-de-Tiro-vetorizado-2-1536x902.png 1536w, https:\/\/portalraizesnoticias.com.br\/wp-content\/uploads\/2024\/12\/Brasao-Clube-de-Tiro-vetorizado-2-2048x1203.png 2048w\" sizes=\"(max-width: 300px) 100vw, 300px\" \/><\/p>\n<p style=\"text-align: center;\"><strong>Publicidade<\/strong><\/p>\n<p>O coiteense expressa a sua lamenta\u00e7\u00e3o por causar danos \u00e0 sua sa\u00fade e aconselha aqueles que est\u00e3o trilhando o caminho do consumo excessivo de \u00e1lcool.<\/p>\n<p><strong>&#8220;Vejo muitos amigos falecendo devido \u00e0 bebida, acidentes acontecendo e aconselho que evitem ou procurem ajuda. For\u00e7a de vontade \u00e9 essencial para n\u00e3o cair no abismo&#8221;, finaliza<\/strong>.<\/p>\n<p>Reda\u00e7\u00e3o<\/p>\n<p>Fotos: Arquivo Pessoal<\/p>\n","protected":false},"excerpt":{"rendered":"<p>Dono de uma das composi\u00e7\u00f5es mais executadas em 2005 e at\u00e9 hoje ouvidas nos eventos, o cantor e compositor de Concei\u00e7\u00e3o do Coit\u00e9, criado no bairro Terra Nova, Ailton Vizek fez hist\u00f3ria com a cria\u00e7\u00e3o do single \u201cT\u00f4 em \u00c1gua\u201d. A can\u00e7\u00e3o foi originalmente interpretada por ele no ritmo xote, sendo posteriormente reproduzida, propagada no Nordeste e alguns Estados pela banda Batuker\u00ea comandada at\u00e9 hoje por Marquinhos. Com o \u00eaxito de &#8220;T\u00f4 em \u00c1gua&#8221;, a banda Cheiro de Amor, que tinha Aline Rosa como vocalista, conseguiu espalhar a can\u00e7\u00e3o do coiteense pelos quatro cantos do pa\u00eds. No entanto, poucos conhecem que o hit composto por Vizek foi lan\u00e7ado ap\u00f3s um dos per\u00edodos mais dif\u00edceis da carreira art\u00edstica devido ao v\u00edcio em \u00e1lcool e droga (maconha). O in\u00edcio!\u00a0 Em uma conversa com a jornalista Rafaela Rodrigues, Vizek, de 60 anos, disse que tem dedicado 40 anos \u00e0 m\u00fasica. Vizek Em meados de 1985, ele ficou encantado ao assumir o comando da extinta banda Astral (hoje Batuker\u00ea). Logo em seguida, passou Cacique do\u00a0Nordeste, onde comp\u00f4s a can\u00e7\u00e3o &#8220;Vai cair Tor\u00f3&#8221;, m\u00fasica nostalgia no per\u00edodo junino, Diagonais do Bai\u00e3o e Banda Traz Amor. Vizek na Banda Astral e Caciques do Nordeste Ele disse \u00e0 jornalista Rafaela Rodrigues que o problema com a bebida alco\u00f3lica come\u00e7ou ainda no in\u00edcio da carreira.\u00a0 &#8220;Est\u00e1vamos ainda no come\u00e7o da banda Astral e estouramos a can\u00e7\u00e3o &#8216;Ninfa&#8217; e &#8216;O c\u00e9u est\u00e1 lindo&#8217;.\u00a0 Come\u00e7amos a fazer diversos shows pelo Brasil e tocamos em lugares que nunca imaginamos, como no Carnaval de Salvador. Era muita folia e comecei a beber e usar drogas&#8221;, revelou. Publicidade Vizek disse que n\u00e3o havia um dia em que ele n\u00e3o usasse cacha\u00e7a, sem ter consci\u00eancia do que poderia ocorrer. &#8220;Eu achava que era normal, pois v\u00e1rios artistas de renome tamb\u00e9m viviam essa rotina, o que consideramos um momento que fazia parte do cotidiano, mas, n\u00e3o eram todos que faziam isso&#8221;, afirma Os problemas come\u00e7aram!\u00a0 De todas as apresenta\u00e7\u00f5es que Vizek fez, um dos seus principais objetivos era se apresentar na Micareta de Feira de Santana, mas sua participa\u00e7\u00e3o foi interrompida antes de ele subir ao trio, pois estava b\u00eabado. &#8220;Os meus colegas perceberam que eu estava completamente b\u00eabado e, como a maioria era de s\u00f3cios, chegaram a um acordo e, naquele dia, decidiram que eu n\u00e3o faria parte do grupo. A tristeza foi profunda, &#8220;relembra. Ap\u00f3s o choque de realidade, Vizek resolveu se internar em uma cl\u00ednica de reabilita\u00e7\u00e3o em S\u00e3o Paulo, onde permaneceu por v\u00e1rios dias. Nesse per\u00edodo, houve uma festa no bairro Terra Nova, promovida pelo pr\u00f3pria banda Astral onde foi arrecadado o valor para a realiza\u00e7\u00e3o do tratamento. Publicidade &#8220;Na cl\u00ednica, ouvi muitas hist\u00f3rias e uma delas me fez pensar que poderia atrapalhar o crescimento da minha filha rec\u00e9m-nascida devido \u00e0 bebida. Ap\u00f3s isso, voltei para Coit\u00e9 e comecei a respeitar os meus limites e adaptar-me ao novo estilo de vida&#8221;, disse. A m\u00fasica &#8220;T\u00f4 em \u00c1gua&#8221; Ao retornar para Concei\u00e7\u00e3o do Coit\u00e9, Vizek decidiu registrar sua experi\u00eancia ap\u00f3s o consumo excessivo de bebidas alco\u00f3licas. Publicidade &#8220;Acreditava que estava muito contente e que, mesmo estando sob efeito de bebidas alco\u00f3licas, estava em estado de relaxamento&#8221;. Embora o hit trate do que viveu h\u00e1 quase duas d\u00e9cadas, Vizek garante: &#8220;A m\u00fasica \u00e9 maravilhosa, mas a sensa\u00e7\u00e3o que eu achava que sentia era pura ilus\u00e3o. A primeira dose que desenfreia a pessoa, ficando at\u00e9 de manh\u00e3 na rua e n\u00e3o honrando os compromissos como deveria&#8221;, relata. Os danos!\u00a0 A vida de Vizek nunca mais foi a mesma!\u00a0 Ao contr\u00e1rio de artistas que se iniciam em bares e logo alcan\u00e7am o sucesso, Vizek alcan\u00e7ou seu auge cedo, mas o consumo de bebidas alco\u00f3licas o fez voltar ao lugar habitual onde os m\u00fasicos iniciam suas carreiras. &#8220;Retornei aos barzinhos, mas nunca mais tive o reconhecimento merecido. N\u00e3o soube lidar com o sucesso mete\u00f3rico. Hoje sofro as consequ\u00eancias do \u00e1lcool, mas n\u00e3o desisto. Inclusive, estou finalizando um projeto para mostrar \u00e0 popula\u00e7\u00e3o&#8221;, falou. Atualmente, Vizek segue em tratamento devido ao impacto que o consumo de bebidas alco\u00f3licas causou em sua sa\u00fade f\u00edsica e mental. &#8220;Realizo tratamentos, terapia e mantenho minha concentra\u00e7\u00e3o e energia positiva. Continuo participando das reuni\u00f5es no grupo de ajuda m\u00fatua no meu bairro e tamb\u00e9m ajudo outras pessoas a sairem do v\u00edcio&#8221;, complementa. Publicidade Quando questionado por Rafaela Rodrigues sobre o que o Vizek de hoje diria para o Vizek de 40 anos atr\u00e1s, ele foi enf\u00e1tico: &#8220;Toma ju\u00edzo, menino! Voc\u00ea precisa saber lidar com o sucesso e ouvir quem gosta de voc\u00ea&#8221;, diz. Publicidade O coiteense expressa a sua lamenta\u00e7\u00e3o por causar danos \u00e0 sua sa\u00fade e aconselha aqueles que est\u00e3o trilhando o caminho do consumo excessivo de \u00e1lcool. &#8220;Vejo muitos amigos falecendo devido \u00e0 bebida, acidentes acontecendo e aconselho que evitem ou procurem ajuda. For\u00e7a de vontade \u00e9 essencial para n\u00e3o cair no abismo&#8221;, finaliza. Reda\u00e7\u00e3o Fotos: Arquivo Pessoal<\/p>\n","protected":false},"author":3,"featured_media":3375,"comment_status":"open","ping_status":"open","sticky":false,"template":"","format":"standard","meta":{"_joinchat":[],"footnotes":""},"categories":[55,54,59],"tags":[137,514,75,515,513,512],"class_list":["post-3370","post","type-post","status-publish","format-standard","has-post-thumbnail","hentry","category-destaques","category-famosos","category-ultimas-noticias","tag-bahia","tag-cheiro-de-amor","tag-coite","tag-musica","tag-to-em-agua","tag-vizek"],"yoast_head":"<!-- This site is optimized with the Yoast SEO plugin v24.4 - https:\/\/yoast.com\/wordpress\/plugins\/seo\/ -->\n<title>Coit\u00e9: Autor do hit &quot;T\u00f4 em \u00c1gua&quot; revela arrependimento devido o uso excessivo de \u00e1lcool e drogas: &quot;Destruiu minha carreira!&quot; - Portal raizes noticias<\/title>\n<meta name=\"robots\" content=\"index, follow, max-snippet:-1, max-image-preview:large, max-video-preview:-1\" \/>\n<link rel=\"canonical\" href=\"https:\/\/portalraizesnoticias.com.br\/?p=3370\" \/>\n<meta property=\"og:locale\" content=\"pt_BR\" \/>\n<meta property=\"og:type\" content=\"article\" \/>\n<meta property=\"og:title\" content=\"Coit\u00e9: Autor do hit &quot;T\u00f4 em \u00c1gua&quot; revela arrependimento devido o uso excessivo de \u00e1lcool e drogas: &quot;Destruiu minha carreira!&quot; - Portal raizes noticias\" \/>\n<meta property=\"og:description\" content=\"Dono de uma das composi\u00e7\u00f5es mais executadas em 2005 e at\u00e9 hoje ouvidas nos eventos, o cantor e compositor de Concei\u00e7\u00e3o do Coit\u00e9, criado no bairro Terra Nova, Ailton Vizek fez hist\u00f3ria com a cria\u00e7\u00e3o do single \u201cT\u00f4 em \u00c1gua\u201d. A can\u00e7\u00e3o foi originalmente interpretada por ele no ritmo xote, sendo posteriormente reproduzida, propagada no Nordeste e alguns Estados pela banda Batuker\u00ea comandada at\u00e9 hoje por Marquinhos. Com o \u00eaxito de &#8220;T\u00f4 em \u00c1gua&#8221;, a banda Cheiro de Amor, que tinha Aline Rosa como vocalista, conseguiu espalhar a can\u00e7\u00e3o do coiteense pelos quatro cantos do pa\u00eds. No entanto, poucos conhecem que o hit composto por Vizek foi lan\u00e7ado ap\u00f3s um dos per\u00edodos mais dif\u00edceis da carreira art\u00edstica devido ao v\u00edcio em \u00e1lcool e droga (maconha). O in\u00edcio!\u00a0 Em uma conversa com a jornalista Rafaela Rodrigues, Vizek, de 60 anos, disse que tem dedicado 40 anos \u00e0 m\u00fasica. Vizek Em meados de 1985, ele ficou encantado ao assumir o comando da extinta banda Astral (hoje Batuker\u00ea). Logo em seguida, passou Cacique do\u00a0Nordeste, onde comp\u00f4s a can\u00e7\u00e3o &#8220;Vai cair Tor\u00f3&#8221;, m\u00fasica nostalgia no per\u00edodo junino, Diagonais do Bai\u00e3o e Banda Traz Amor. Vizek na Banda Astral e Caciques do Nordeste Ele disse \u00e0 jornalista Rafaela Rodrigues que o problema com a bebida alco\u00f3lica come\u00e7ou ainda no in\u00edcio da carreira.\u00a0 &#8220;Est\u00e1vamos ainda no come\u00e7o da banda Astral e estouramos a can\u00e7\u00e3o &#8216;Ninfa&#8217; e &#8216;O c\u00e9u est\u00e1 lindo&#8217;.\u00a0 Come\u00e7amos a fazer diversos shows pelo Brasil e tocamos em lugares que nunca imaginamos, como no Carnaval de Salvador. Era muita folia e comecei a beber e usar drogas&#8221;, revelou. Publicidade Vizek disse que n\u00e3o havia um dia em que ele n\u00e3o usasse cacha\u00e7a, sem ter consci\u00eancia do que poderia ocorrer. &#8220;Eu achava que era normal, pois v\u00e1rios artistas de renome tamb\u00e9m viviam essa rotina, o que consideramos um momento que fazia parte do cotidiano, mas, n\u00e3o eram todos que faziam isso&#8221;, afirma Os problemas come\u00e7aram!\u00a0 De todas as apresenta\u00e7\u00f5es que Vizek fez, um dos seus principais objetivos era se apresentar na Micareta de Feira de Santana, mas sua participa\u00e7\u00e3o foi interrompida antes de ele subir ao trio, pois estava b\u00eabado. &#8220;Os meus colegas perceberam que eu estava completamente b\u00eabado e, como a maioria era de s\u00f3cios, chegaram a um acordo e, naquele dia, decidiram que eu n\u00e3o faria parte do grupo. A tristeza foi profunda, &#8220;relembra. Ap\u00f3s o choque de realidade, Vizek resolveu se internar em uma cl\u00ednica de reabilita\u00e7\u00e3o em S\u00e3o Paulo, onde permaneceu por v\u00e1rios dias. Nesse per\u00edodo, houve uma festa no bairro Terra Nova, promovida pelo pr\u00f3pria banda Astral onde foi arrecadado o valor para a realiza\u00e7\u00e3o do tratamento. Publicidade &#8220;Na cl\u00ednica, ouvi muitas hist\u00f3rias e uma delas me fez pensar que poderia atrapalhar o crescimento da minha filha rec\u00e9m-nascida devido \u00e0 bebida. Ap\u00f3s isso, voltei para Coit\u00e9 e comecei a respeitar os meus limites e adaptar-me ao novo estilo de vida&#8221;, disse. A m\u00fasica &#8220;T\u00f4 em \u00c1gua&#8221; Ao retornar para Concei\u00e7\u00e3o do Coit\u00e9, Vizek decidiu registrar sua experi\u00eancia ap\u00f3s o consumo excessivo de bebidas alco\u00f3licas. Publicidade &#8220;Acreditava que estava muito contente e que, mesmo estando sob efeito de bebidas alco\u00f3licas, estava em estado de relaxamento&#8221;. Embora o hit trate do que viveu h\u00e1 quase duas d\u00e9cadas, Vizek garante: &#8220;A m\u00fasica \u00e9 maravilhosa, mas a sensa\u00e7\u00e3o que eu achava que sentia era pura ilus\u00e3o. A primeira dose que desenfreia a pessoa, ficando at\u00e9 de manh\u00e3 na rua e n\u00e3o honrando os compromissos como deveria&#8221;, relata. Os danos!\u00a0 A vida de Vizek nunca mais foi a mesma!\u00a0 Ao contr\u00e1rio de artistas que se iniciam em bares e logo alcan\u00e7am o sucesso, Vizek alcan\u00e7ou seu auge cedo, mas o consumo de bebidas alco\u00f3licas o fez voltar ao lugar habitual onde os m\u00fasicos iniciam suas carreiras. &#8220;Retornei aos barzinhos, mas nunca mais tive o reconhecimento merecido. N\u00e3o soube lidar com o sucesso mete\u00f3rico. Hoje sofro as consequ\u00eancias do \u00e1lcool, mas n\u00e3o desisto. Inclusive, estou finalizando um projeto para mostrar \u00e0 popula\u00e7\u00e3o&#8221;, falou. Atualmente, Vizek segue em tratamento devido ao impacto que o consumo de bebidas alco\u00f3licas causou em sua sa\u00fade f\u00edsica e mental. &#8220;Realizo tratamentos, terapia e mantenho minha concentra\u00e7\u00e3o e energia positiva. Continuo participando das reuni\u00f5es no grupo de ajuda m\u00fatua no meu bairro e tamb\u00e9m ajudo outras pessoas a sairem do v\u00edcio&#8221;, complementa. Publicidade Quando questionado por Rafaela Rodrigues sobre o que o Vizek de hoje diria para o Vizek de 40 anos atr\u00e1s, ele foi enf\u00e1tico: &#8220;Toma ju\u00edzo, menino! Voc\u00ea precisa saber lidar com o sucesso e ouvir quem gosta de voc\u00ea&#8221;, diz. Publicidade O coiteense expressa a sua lamenta\u00e7\u00e3o por causar danos \u00e0 sua sa\u00fade e aconselha aqueles que est\u00e3o trilhando o caminho do consumo excessivo de \u00e1lcool. &#8220;Vejo muitos amigos falecendo devido \u00e0 bebida, acidentes acontecendo e aconselho que evitem ou procurem ajuda. For\u00e7a de vontade \u00e9 essencial para n\u00e3o cair no abismo&#8221;, finaliza. Reda\u00e7\u00e3o Fotos: Arquivo Pessoal\" \/>\n<meta property=\"og:url\" content=\"https:\/\/portalraizesnoticias.com.br\/?p=3370\" \/>\n<meta property=\"og:site_name\" content=\"Portal raizes noticias\" \/>\n<meta property=\"article:published_time\" content=\"2024-12-26T21:18:42+00:00\" \/>\n<meta property=\"article:modified_time\" content=\"2024-12-27T01:46:09+00:00\" \/>\n<meta property=\"og:image\" content=\"https:\/\/portalraizesnoticias.com.br\/wp-content\/uploads\/2024\/12\/IMG-20241226-WA0159.jpg\" \/>\n\t<meta property=\"og:image:width\" content=\"1080\" \/>\n\t<meta property=\"og:image:height\" content=\"1000\" \/>\n\t<meta property=\"og:image:type\" content=\"image\/jpeg\" \/>\n<meta name=\"author\" content=\"Portal Raizes\" \/>\n<meta name=\"twitter:card\" content=\"summary_large_image\" \/>\n<meta name=\"twitter:label1\" content=\"Escrito por\" \/>\n\t<meta name=\"twitter:data1\" content=\"Portal Raizes\" \/>\n\t<meta name=\"twitter:label2\" content=\"Est. tempo de leitura\" \/>\n\t<meta name=\"twitter:data2\" content=\"7 minutos\" \/>\n<script type=\"application\/ld+json\" class=\"yoast-schema-graph\">{\"@context\":\"https:\/\/schema.org\",\"@graph\":[{\"@type\":\"Article\",\"@id\":\"https:\/\/portalraizesnoticias.com.br\/?p=3370#article\",\"isPartOf\":{\"@id\":\"https:\/\/portalraizesnoticias.com.br\/?p=3370\"},\"author\":{\"name\":\"Portal Raizes\",\"@id\":\"https:\/\/portalraizesnoticias.com.br\/#\/schema\/person\/a3ca6b0fc701e78df19756c417d943ae\"},\"headline\":\"Coit\u00e9: Autor do hit &#8220;T\u00f4 em \u00c1gua&#8221; revela arrependimento devido o uso excessivo de \u00e1lcool e drogas: &#8220;Destruiu minha carreira!&#8221;\",\"datePublished\":\"2024-12-26T21:18:42+00:00\",\"dateModified\":\"2024-12-27T01:46:09+00:00\",\"mainEntityOfPage\":{\"@id\":\"https:\/\/portalraizesnoticias.com.br\/?p=3370\"},\"wordCount\":953,\"commentCount\":0,\"publisher\":{\"@id\":\"https:\/\/portalraizesnoticias.com.br\/#organization\"},\"image\":{\"@id\":\"https:\/\/portalraizesnoticias.com.br\/?p=3370#primaryimage\"},\"thumbnailUrl\":\"https:\/\/portalraizesnoticias.com.br\/wp-content\/uploads\/2024\/12\/IMG-20241226-WA0159.jpg\",\"keywords\":[\"Bahia\",\"Cheiro de Amor\",\"Coit\u00e9\",\"M\u00fasica\",\"T\u00f4 em \u00c1gua\",\"Vizek\"],\"articleSection\":[\"DESTAQUES\",\"FAMOSOS\",\"ULTIMAS NOTICIAS\"],\"inLanguage\":\"pt-BR\",\"potentialAction\":[{\"@type\":\"CommentAction\",\"name\":\"Comment\",\"target\":[\"https:\/\/portalraizesnoticias.com.br\/?p=3370#respond\"]}]},{\"@type\":\"WebPage\",\"@id\":\"https:\/\/portalraizesnoticias.com.br\/?p=3370\",\"url\":\"https:\/\/portalraizesnoticias.com.br\/?p=3370\",\"name\":\"Coit\u00e9: Autor do hit \\\"T\u00f4 em \u00c1gua\\\" revela arrependimento devido o uso excessivo de \u00e1lcool e drogas: \\\"Destruiu minha carreira!\\\" - Portal raizes noticias\",\"isPartOf\":{\"@id\":\"https:\/\/portalraizesnoticias.com.br\/#website\"},\"primaryImageOfPage\":{\"@id\":\"https:\/\/portalraizesnoticias.com.br\/?p=3370#primaryimage\"},\"image\":{\"@id\":\"https:\/\/portalraizesnoticias.com.br\/?p=3370#primaryimage\"},\"thumbnailUrl\":\"https:\/\/portalraizesnoticias.com.br\/wp-content\/uploads\/2024\/12\/IMG-20241226-WA0159.jpg\",\"datePublished\":\"2024-12-26T21:18:42+00:00\",\"dateModified\":\"2024-12-27T01:46:09+00:00\",\"breadcrumb\":{\"@id\":\"https:\/\/portalraizesnoticias.com.br\/?p=3370#breadcrumb\"},\"inLanguage\":\"pt-BR\",\"potentialAction\":[{\"@type\":\"ReadAction\",\"target\":[\"https:\/\/portalraizesnoticias.com.br\/?p=3370\"]}]},{\"@type\":\"ImageObject\",\"inLanguage\":\"pt-BR\",\"@id\":\"https:\/\/portalraizesnoticias.com.br\/?p=3370#primaryimage\",\"url\":\"https:\/\/portalraizesnoticias.com.br\/wp-content\/uploads\/2024\/12\/IMG-20241226-WA0159.jpg\",\"contentUrl\":\"https:\/\/portalraizesnoticias.com.br\/wp-content\/uploads\/2024\/12\/IMG-20241226-WA0159.jpg\",\"width\":1080,\"height\":1000},{\"@type\":\"BreadcrumbList\",\"@id\":\"https:\/\/portalraizesnoticias.com.br\/?p=3370#breadcrumb\",\"itemListElement\":[{\"@type\":\"ListItem\",\"position\":1,\"name\":\"In\u00edcio\",\"item\":\"https:\/\/portalraizesnoticias.com.br\/\"},{\"@type\":\"ListItem\",\"position\":2,\"name\":\"Coit\u00e9: Autor do hit &#8220;T\u00f4 em \u00c1gua&#8221; revela arrependimento devido o uso excessivo de \u00e1lcool e drogas: &#8220;Destruiu minha carreira!&#8221;\"}]},{\"@type\":\"WebSite\",\"@id\":\"https:\/\/portalraizesnoticias.com.br\/#website\",\"url\":\"https:\/\/portalraizesnoticias.com.br\/\",\"name\":\"Portal raizes NOTICIAS\",\"description\":\"site de noticias de concei\u00e7\u00e3o do coit\u00e9 e regi\u00e3o\",\"publisher\":{\"@id\":\"https:\/\/portalraizesnoticias.com.br\/#organization\"},\"alternateName\":\"PORTAL RAIZES COIT\u00c9\",\"potentialAction\":[{\"@type\":\"SearchAction\",\"target\":{\"@type\":\"EntryPoint\",\"urlTemplate\":\"https:\/\/portalraizesnoticias.com.br\/?s={search_term_string}\"},\"query-input\":{\"@type\":\"PropertyValueSpecification\",\"valueRequired\":true,\"valueName\":\"search_term_string\"}}],\"inLanguage\":\"pt-BR\"},{\"@type\":\"Organization\",\"@id\":\"https:\/\/portalraizesnoticias.com.br\/#organization\",\"name\":\"Portal raizes NOTICIAS\",\"url\":\"https:\/\/portalraizesnoticias.com.br\/\",\"logo\":{\"@type\":\"ImageObject\",\"inLanguage\":\"pt-BR\",\"@id\":\"https:\/\/portalraizesnoticias.com.br\/#\/schema\/logo\/image\/\",\"url\":\"https:\/\/portalraizesnoticias.com.br\/wp-content\/uploads\/2024\/09\/cropped-Captura-de-tela-2024-09-08-011108.png\",\"contentUrl\":\"https:\/\/portalraizesnoticias.com.br\/wp-content\/uploads\/2024\/09\/cropped-Captura-de-tela-2024-09-08-011108.png\",\"width\":606,\"height\":173,\"caption\":\"Portal raizes NOTICIAS\"},\"image\":{\"@id\":\"https:\/\/portalraizesnoticias.com.br\/#\/schema\/logo\/image\/\"}},{\"@type\":\"Person\",\"@id\":\"https:\/\/portalraizesnoticias.com.br\/#\/schema\/person\/a3ca6b0fc701e78df19756c417d943ae\",\"name\":\"Portal Raizes\",\"image\":{\"@type\":\"ImageObject\",\"inLanguage\":\"pt-BR\",\"@id\":\"https:\/\/portalraizesnoticias.com.br\/#\/schema\/person\/image\/\",\"url\":\"https:\/\/secure.gravatar.com\/avatar\/ef450d29013a3d3fba867a12a249d7b1?s=96&d=mm&r=g\",\"contentUrl\":\"https:\/\/secure.gravatar.com\/avatar\/ef450d29013a3d3fba867a12a249d7b1?s=96&d=mm&r=g\",\"caption\":\"Portal Raizes\"},\"url\":\"https:\/\/portalraizesnoticias.com.br\/?author=3\"}]}<\/script>\n<!-- \/ Yoast SEO plugin. -->","yoast_head_json":{"title":"Coit\u00e9: Autor do hit \"T\u00f4 em \u00c1gua\" revela arrependimento devido o uso excessivo de \u00e1lcool e drogas: \"Destruiu minha carreira!\" - Portal raizes noticias","robots":{"index":"index","follow":"follow","max-snippet":"max-snippet:-1","max-image-preview":"max-image-preview:large","max-video-preview":"max-video-preview:-1"},"canonical":"https:\/\/portalraizesnoticias.com.br\/?p=3370","og_locale":"pt_BR","og_type":"article","og_title":"Coit\u00e9: Autor do hit \"T\u00f4 em \u00c1gua\" revela arrependimento devido o uso excessivo de \u00e1lcool e drogas: \"Destruiu minha carreira!\" - Portal raizes noticias","og_description":"Dono de uma das composi\u00e7\u00f5es mais executadas em 2005 e at\u00e9 hoje ouvidas nos eventos, o cantor e compositor de Concei\u00e7\u00e3o do Coit\u00e9, criado no bairro Terra Nova, Ailton Vizek fez hist\u00f3ria com a cria\u00e7\u00e3o do single \u201cT\u00f4 em \u00c1gua\u201d. A can\u00e7\u00e3o foi originalmente interpretada por ele no ritmo xote, sendo posteriormente reproduzida, propagada no Nordeste e alguns Estados pela banda Batuker\u00ea comandada at\u00e9 hoje por Marquinhos. Com o \u00eaxito de &#8220;T\u00f4 em \u00c1gua&#8221;, a banda Cheiro de Amor, que tinha Aline Rosa como vocalista, conseguiu espalhar a can\u00e7\u00e3o do coiteense pelos quatro cantos do pa\u00eds. No entanto, poucos conhecem que o hit composto por Vizek foi lan\u00e7ado ap\u00f3s um dos per\u00edodos mais dif\u00edceis da carreira art\u00edstica devido ao v\u00edcio em \u00e1lcool e droga (maconha). O in\u00edcio!\u00a0 Em uma conversa com a jornalista Rafaela Rodrigues, Vizek, de 60 anos, disse que tem dedicado 40 anos \u00e0 m\u00fasica. Vizek Em meados de 1985, ele ficou encantado ao assumir o comando da extinta banda Astral (hoje Batuker\u00ea). Logo em seguida, passou Cacique do\u00a0Nordeste, onde comp\u00f4s a can\u00e7\u00e3o &#8220;Vai cair Tor\u00f3&#8221;, m\u00fasica nostalgia no per\u00edodo junino, Diagonais do Bai\u00e3o e Banda Traz Amor. Vizek na Banda Astral e Caciques do Nordeste Ele disse \u00e0 jornalista Rafaela Rodrigues que o problema com a bebida alco\u00f3lica come\u00e7ou ainda no in\u00edcio da carreira.\u00a0 &#8220;Est\u00e1vamos ainda no come\u00e7o da banda Astral e estouramos a can\u00e7\u00e3o &#8216;Ninfa&#8217; e &#8216;O c\u00e9u est\u00e1 lindo&#8217;.\u00a0 Come\u00e7amos a fazer diversos shows pelo Brasil e tocamos em lugares que nunca imaginamos, como no Carnaval de Salvador. Era muita folia e comecei a beber e usar drogas&#8221;, revelou. Publicidade Vizek disse que n\u00e3o havia um dia em que ele n\u00e3o usasse cacha\u00e7a, sem ter consci\u00eancia do que poderia ocorrer. &#8220;Eu achava que era normal, pois v\u00e1rios artistas de renome tamb\u00e9m viviam essa rotina, o que consideramos um momento que fazia parte do cotidiano, mas, n\u00e3o eram todos que faziam isso&#8221;, afirma Os problemas come\u00e7aram!\u00a0 De todas as apresenta\u00e7\u00f5es que Vizek fez, um dos seus principais objetivos era se apresentar na Micareta de Feira de Santana, mas sua participa\u00e7\u00e3o foi interrompida antes de ele subir ao trio, pois estava b\u00eabado. &#8220;Os meus colegas perceberam que eu estava completamente b\u00eabado e, como a maioria era de s\u00f3cios, chegaram a um acordo e, naquele dia, decidiram que eu n\u00e3o faria parte do grupo. A tristeza foi profunda, &#8220;relembra. Ap\u00f3s o choque de realidade, Vizek resolveu se internar em uma cl\u00ednica de reabilita\u00e7\u00e3o em S\u00e3o Paulo, onde permaneceu por v\u00e1rios dias. Nesse per\u00edodo, houve uma festa no bairro Terra Nova, promovida pelo pr\u00f3pria banda Astral onde foi arrecadado o valor para a realiza\u00e7\u00e3o do tratamento. Publicidade &#8220;Na cl\u00ednica, ouvi muitas hist\u00f3rias e uma delas me fez pensar que poderia atrapalhar o crescimento da minha filha rec\u00e9m-nascida devido \u00e0 bebida. Ap\u00f3s isso, voltei para Coit\u00e9 e comecei a respeitar os meus limites e adaptar-me ao novo estilo de vida&#8221;, disse. A m\u00fasica &#8220;T\u00f4 em \u00c1gua&#8221; Ao retornar para Concei\u00e7\u00e3o do Coit\u00e9, Vizek decidiu registrar sua experi\u00eancia ap\u00f3s o consumo excessivo de bebidas alco\u00f3licas. Publicidade &#8220;Acreditava que estava muito contente e que, mesmo estando sob efeito de bebidas alco\u00f3licas, estava em estado de relaxamento&#8221;. Embora o hit trate do que viveu h\u00e1 quase duas d\u00e9cadas, Vizek garante: &#8220;A m\u00fasica \u00e9 maravilhosa, mas a sensa\u00e7\u00e3o que eu achava que sentia era pura ilus\u00e3o. A primeira dose que desenfreia a pessoa, ficando at\u00e9 de manh\u00e3 na rua e n\u00e3o honrando os compromissos como deveria&#8221;, relata. Os danos!\u00a0 A vida de Vizek nunca mais foi a mesma!\u00a0 Ao contr\u00e1rio de artistas que se iniciam em bares e logo alcan\u00e7am o sucesso, Vizek alcan\u00e7ou seu auge cedo, mas o consumo de bebidas alco\u00f3licas o fez voltar ao lugar habitual onde os m\u00fasicos iniciam suas carreiras. &#8220;Retornei aos barzinhos, mas nunca mais tive o reconhecimento merecido. N\u00e3o soube lidar com o sucesso mete\u00f3rico. Hoje sofro as consequ\u00eancias do \u00e1lcool, mas n\u00e3o desisto. Inclusive, estou finalizando um projeto para mostrar \u00e0 popula\u00e7\u00e3o&#8221;, falou. Atualmente, Vizek segue em tratamento devido ao impacto que o consumo de bebidas alco\u00f3licas causou em sua sa\u00fade f\u00edsica e mental. &#8220;Realizo tratamentos, terapia e mantenho minha concentra\u00e7\u00e3o e energia positiva. Continuo participando das reuni\u00f5es no grupo de ajuda m\u00fatua no meu bairro e tamb\u00e9m ajudo outras pessoas a sairem do v\u00edcio&#8221;, complementa. Publicidade Quando questionado por Rafaela Rodrigues sobre o que o Vizek de hoje diria para o Vizek de 40 anos atr\u00e1s, ele foi enf\u00e1tico: &#8220;Toma ju\u00edzo, menino! Voc\u00ea precisa saber lidar com o sucesso e ouvir quem gosta de voc\u00ea&#8221;, diz. Publicidade O coiteense expressa a sua lamenta\u00e7\u00e3o por causar danos \u00e0 sua sa\u00fade e aconselha aqueles que est\u00e3o trilhando o caminho do consumo excessivo de \u00e1lcool. &#8220;Vejo muitos amigos falecendo devido \u00e0 bebida, acidentes acontecendo e aconselho que evitem ou procurem ajuda. For\u00e7a de vontade \u00e9 essencial para n\u00e3o cair no abismo&#8221;, finaliza. Reda\u00e7\u00e3o Fotos: Arquivo Pessoal","og_url":"https:\/\/portalraizesnoticias.com.br\/?p=3370","og_site_name":"Portal raizes noticias","article_published_time":"2024-12-26T21:18:42+00:00","article_modified_time":"2024-12-27T01:46:09+00:00","og_image":[{"width":1080,"height":1000,"url":"https:\/\/portalraizesnoticias.com.br\/wp-content\/uploads\/2024\/12\/IMG-20241226-WA0159.jpg","type":"image\/jpeg"}],"author":"Portal Raizes","twitter_card":"summary_large_image","twitter_misc":{"Escrito por":"Portal Raizes","Est. tempo de leitura":"7 minutos"},"schema":{"@context":"https:\/\/schema.org","@graph":[{"@type":"Article","@id":"https:\/\/portalraizesnoticias.com.br\/?p=3370#article","isPartOf":{"@id":"https:\/\/portalraizesnoticias.com.br\/?p=3370"},"author":{"name":"Portal Raizes","@id":"https:\/\/portalraizesnoticias.com.br\/#\/schema\/person\/a3ca6b0fc701e78df19756c417d943ae"},"headline":"Coit\u00e9: Autor do hit &#8220;T\u00f4 em \u00c1gua&#8221; revela arrependimento devido o uso excessivo de \u00e1lcool e drogas: &#8220;Destruiu minha carreira!&#8221;","datePublished":"2024-12-26T21:18:42+00:00","dateModified":"2024-12-27T01:46:09+00:00","mainEntityOfPage":{"@id":"https:\/\/portalraizesnoticias.com.br\/?p=3370"},"wordCount":953,"commentCount":0,"publisher":{"@id":"https:\/\/portalraizesnoticias.com.br\/#organization"},"image":{"@id":"https:\/\/portalraizesnoticias.com.br\/?p=3370#primaryimage"},"thumbnailUrl":"https:\/\/portalraizesnoticias.com.br\/wp-content\/uploads\/2024\/12\/IMG-20241226-WA0159.jpg","keywords":["Bahia","Cheiro de Amor","Coit\u00e9","M\u00fasica","T\u00f4 em \u00c1gua","Vizek"],"articleSection":["DESTAQUES","FAMOSOS","ULTIMAS NOTICIAS"],"inLanguage":"pt-BR","potentialAction":[{"@type":"CommentAction","name":"Comment","target":["https:\/\/portalraizesnoticias.com.br\/?p=3370#respond"]}]},{"@type":"WebPage","@id":"https:\/\/portalraizesnoticias.com.br\/?p=3370","url":"https:\/\/portalraizesnoticias.com.br\/?p=3370","name":"Coit\u00e9: Autor do hit \"T\u00f4 em \u00c1gua\" revela arrependimento devido o uso excessivo de \u00e1lcool e drogas: \"Destruiu minha carreira!\" - Portal raizes noticias","isPartOf":{"@id":"https:\/\/portalraizesnoticias.com.br\/#website"},"primaryImageOfPage":{"@id":"https:\/\/portalraizesnoticias.com.br\/?p=3370#primaryimage"},"image":{"@id":"https:\/\/portalraizesnoticias.com.br\/?p=3370#primaryimage"},"thumbnailUrl":"https:\/\/portalraizesnoticias.com.br\/wp-content\/uploads\/2024\/12\/IMG-20241226-WA0159.jpg","datePublished":"2024-12-26T21:18:42+00:00","dateModified":"2024-12-27T01:46:09+00:00","breadcrumb":{"@id":"https:\/\/portalraizesnoticias.com.br\/?p=3370#breadcrumb"},"inLanguage":"pt-BR","potentialAction":[{"@type":"ReadAction","target":["https:\/\/portalraizesnoticias.com.br\/?p=3370"]}]},{"@type":"ImageObject","inLanguage":"pt-BR","@id":"https:\/\/portalraizesnoticias.com.br\/?p=3370#primaryimage","url":"https:\/\/portalraizesnoticias.com.br\/wp-content\/uploads\/2024\/12\/IMG-20241226-WA0159.jpg","contentUrl":"https:\/\/portalraizesnoticias.com.br\/wp-content\/uploads\/2024\/12\/IMG-20241226-WA0159.jpg","width":1080,"height":1000},{"@type":"BreadcrumbList","@id":"https:\/\/portalraizesnoticias.com.br\/?p=3370#breadcrumb","itemListElement":[{"@type":"ListItem","position":1,"name":"In\u00edcio","item":"https:\/\/portalraizesnoticias.com.br\/"},{"@type":"ListItem","position":2,"name":"Coit\u00e9: Autor do hit &#8220;T\u00f4 em \u00c1gua&#8221; revela arrependimento devido o uso excessivo de \u00e1lcool e drogas: &#8220;Destruiu minha carreira!&#8221;"}]},{"@type":"WebSite","@id":"https:\/\/portalraizesnoticias.com.br\/#website","url":"https:\/\/portalraizesnoticias.com.br\/","name":"Portal raizes NOTICIAS","description":"site de noticias de concei\u00e7\u00e3o do coit\u00e9 e regi\u00e3o","publisher":{"@id":"https:\/\/portalraizesnoticias.com.br\/#organization"},"alternateName":"PORTAL RAIZES COIT\u00c9","potentialAction":[{"@type":"SearchAction","target":{"@type":"EntryPoint","urlTemplate":"https:\/\/portalraizesnoticias.com.br\/?s={search_term_string}"},"query-input":{"@type":"PropertyValueSpecification","valueRequired":true,"valueName":"search_term_string"}}],"inLanguage":"pt-BR"},{"@type":"Organization","@id":"https:\/\/portalraizesnoticias.com.br\/#organization","name":"Portal raizes NOTICIAS","url":"https:\/\/portalraizesnoticias.com.br\/","logo":{"@type":"ImageObject","inLanguage":"pt-BR","@id":"https:\/\/portalraizesnoticias.com.br\/#\/schema\/logo\/image\/","url":"https:\/\/portalraizesnoticias.com.br\/wp-content\/uploads\/2024\/09\/cropped-Captura-de-tela-2024-09-08-011108.png","contentUrl":"https:\/\/portalraizesnoticias.com.br\/wp-content\/uploads\/2024\/09\/cropped-Captura-de-tela-2024-09-08-011108.png","width":606,"height":173,"caption":"Portal raizes NOTICIAS"},"image":{"@id":"https:\/\/portalraizesnoticias.com.br\/#\/schema\/logo\/image\/"}},{"@type":"Person","@id":"https:\/\/portalraizesnoticias.com.br\/#\/schema\/person\/a3ca6b0fc701e78df19756c417d943ae","name":"Portal Raizes","image":{"@type":"ImageObject","inLanguage":"pt-BR","@id":"https:\/\/portalraizesnoticias.com.br\/#\/schema\/person\/image\/","url":"https:\/\/secure.gravatar.com\/avatar\/ef450d29013a3d3fba867a12a249d7b1?s=96&d=mm&r=g","contentUrl":"https:\/\/secure.gravatar.com\/avatar\/ef450d29013a3d3fba867a12a249d7b1?s=96&d=mm&r=g","caption":"Portal Raizes"},"url":"https:\/\/portalraizesnoticias.com.br\/?author=3"}]}},"_links":{"self":[{"href":"https:\/\/portalraizesnoticias.com.br\/index.php?rest_route=\/wp\/v2\/posts\/3370"}],"collection":[{"href":"https:\/\/portalraizesnoticias.com.br\/index.php?rest_route=\/wp\/v2\/posts"}],"about":[{"href":"https:\/\/portalraizesnoticias.com.br\/index.php?rest_route=\/wp\/v2\/types\/post"}],"author":[{"embeddable":true,"href":"https:\/\/portalraizesnoticias.com.br\/index.php?rest_route=\/wp\/v2\/users\/3"}],"replies":[{"embeddable":true,"href":"https:\/\/portalraizesnoticias.com.br\/index.php?rest_route=%2Fwp%2Fv2%2Fcomments&post=3370"}],"version-history":[{"count":8,"href":"https:\/\/portalraizesnoticias.com.br\/index.php?rest_route=\/wp\/v2\/posts\/3370\/revisions"}],"predecessor-version":[{"id":3395,"href":"https:\/\/portalraizesnoticias.com.br\/index.php?rest_route=\/wp\/v2\/posts\/3370\/revisions\/3395"}],"wp:featuredmedia":[{"embeddable":true,"href":"https:\/\/portalraizesnoticias.com.br\/index.php?rest_route=\/wp\/v2\/media\/3375"}],"wp:attachment":[{"href":"https:\/\/portalraizesnoticias.com.br\/index.php?rest_route=%2Fwp%2Fv2%2Fmedia&parent=3370"}],"wp:term":[{"taxonomy":"category","embeddable":true,"href":"https:\/\/portalraizesnoticias.com.br\/index.php?rest_route=%2Fwp%2Fv2%2Fcategories&post=3370"},{"taxonomy":"post_tag","embeddable":true,"href":"https:\/\/portalraizesnoticias.com.br\/index.php?rest_route=%2Fwp%2Fv2%2Ftags&post=3370"}],"curies":[{"name":"wp","href":"https:\/\/api.w.org\/{rel}","templated":true}]}}