{"id":3309,"date":"2024-12-23T17:28:43","date_gmt":"2024-12-23T20:28:43","guid":{"rendered":"https:\/\/portalraizesnoticias.com.br\/?p=3309"},"modified":"2024-12-23T17:28:43","modified_gmt":"2024-12-23T20:28:43","slug":"corpo-do-ex-vereador-pedro-rico-e-sepultado-conceicao-do-coite","status":"publish","type":"post","link":"https:\/\/portalraizesnoticias.com.br\/?p=3309","title":{"rendered":"Corpo do ex-vereador Pedro Rico \u00e9 sepultado  Concei\u00e7\u00e3o do Coit\u00e9"},"content":{"rendered":"<p>Foi sepultado na tarde desta segunda-feira (23), o ex-vereador Pedro Cordeiro dos Santos, popularmente conhecido como Pedro Rico, 78 anos. As informa\u00e7\u00f5es s\u00e3o do Calila Noticias.<\/p>\n<p>O ex-parlamentar coiteense sofreu dois AVC no espa\u00e7o de um ano e tamb\u00e9m havia sido diagnosticado com c\u00e2ncer de pele. Apesar das enfermidades, seu filho Vin\u00edcius disse ao CN que ele levava uma vida quase que normal, por\u00e9m, nos \u00faltimos trinta dias, come\u00e7ou a perder for\u00e7as, ficou acamado e faleceu na resid\u00eancia na madrugada de hoje (23).<\/p>\n<p>\u00c9werton Rios D\u2019Ara\u00fajo Filho, popularmente conhecido por Vertinho que governou Coit\u00e9 por tr\u00eas mandatos, um deles, tendo na C\u00e2mara o aliado Pedro Rico (1997\u20132000), esteve no vel\u00f3rio pela manh\u00e3 e, ao falar para o Calila Not\u00edcias, lembrou do seu grande legado e dedica\u00e7\u00e3o enquanto esteve na vida p\u00fablica.<\/p>\n<p>Segundo Vertinho, Pedro Rico despontou na vida p\u00fablica na \u00e9poca de Hamilton Rios [ex-prefeito], ainda jovem fazia pra\u00e7a [dirigia t\u00e1xi]\u201d e j\u00e1 era eleitor ferrenho de Hamilton Rios, tanto que a ent\u00e3o noiva dele que veio ser a esposa, que era de uma fam\u00edlia tradicionalmente advers\u00e1ria o acompanhou\u201d, lembra \u00c9werton.<\/p>\n<p>Ainda segundo Vertinho, Pedro Rico ganhou popularidade, se tornou vereador e deu grande assist\u00eancia a popula\u00e7\u00e3o da regi\u00e3o do Povoado Altinho da Vargem, \u201ceu chamo o primeiro quadrante, divide Coit\u00e9 de Almas a Salgad\u00e1lia, de Bandia\u00e7u a Santa Rosa, e o quadrante que compreende as comunidades de Pinda, Samba\u00edba, Correia, Altinho da Vargem, Olhos D\u2019\u00e1gua. Laranjeiras, ele conduzia muito bem. Um pedido de Pedro Rico para mim ou para Mitinho [Hamilton Rios] era uma ordem\u201d<\/p>\n<p>Vertinho comentou de forma muito positiva a rela\u00e7\u00e3o de amizade que Pedro tinha com sua irm\u00e3 Carmosinha do Bar. \u201cEle a adorava, vira e mexe, estando com ele, dizia: vamos l\u00e1 em Carm\u00f3, levava Mitinho, era um cara muito camaradeiro, muito amigo e vai deixar uma lacuna muito grande, mas ficam as boas lembran\u00e7as de um guerreiro\u201d, afirmou.<\/p>\n<p>Perguntamos ao ex-prefeito se Pedro deixa uma grande marca em termo de obra estrutural, sendo indica\u00e7\u00e3o dele, e a resposta foi n\u00e3o, por\u00e9m, afirmou que fez coisa muito mais importante na \u00e1rea social. \u201cEle n\u00e3o media esfor\u00e7os para atender todos que lhes procuravam, cuidar de pessoas carentes era o forte dele, e para mim foi seu maior legado\u201d, finalizou Vertinho.<\/p>\n<p>Pedro Rico tentou o terceiro mandato seguido em 2004, mas n\u00e3o obteve \u00eaxito, ficou na supl\u00eancia e depois disso n\u00e3o concorreu mais a cargo pol\u00edtico.<\/p>\n<p>Ex-prefeito lembrou de outros vereadores e vereadoras que partiram.<\/p>\n<p>Vertinho lembrou com tristeza da gera\u00e7\u00e3o de grandes vereadores (as) que trabalharam ao longo dos seus tr\u00eas mandatos: 1989-1992; 1997-2000 e 2005-2008, j\u00e1 partiram; Armando Ramos, Eliana Cirino, Zezinho, Neusa de Da\u00e7o, Andr\u00e9 Cana Brasil, ; Cassimiro Ramos, Miguel Dominiense e Nai.<\/p>\n<p>C\u00e2mara divulgou Nota de Pesar.<\/p>\n<p><img fetchpriority=\"high\" decoding=\"async\" class=\"size-medium wp-image-3310 aligncenter\" src=\"https:\/\/portalraizesnoticias.com.br\/wp-content\/uploads\/2024\/12\/WhatsApp-Image-2024-12-23-at-09.39.09-169x300.jpeg\" alt=\"\" width=\"169\" height=\"300\" srcset=\"https:\/\/portalraizesnoticias.com.br\/wp-content\/uploads\/2024\/12\/WhatsApp-Image-2024-12-23-at-09.39.09-169x300.jpeg 169w, https:\/\/portalraizesnoticias.com.br\/wp-content\/uploads\/2024\/12\/WhatsApp-Image-2024-12-23-at-09.39.09-576x1024.jpeg 576w, https:\/\/portalraizesnoticias.com.br\/wp-content\/uploads\/2024\/12\/WhatsApp-Image-2024-12-23-at-09.39.09-768x1365.jpeg 768w, https:\/\/portalraizesnoticias.com.br\/wp-content\/uploads\/2024\/12\/WhatsApp-Image-2024-12-23-at-09.39.09-864x1536.jpeg 864w, https:\/\/portalraizesnoticias.com.br\/wp-content\/uploads\/2024\/12\/WhatsApp-Image-2024-12-23-at-09.39.09.jpeg 900w\" sizes=\"(max-width: 169px) 100vw, 169px\" \/><\/p>\n","protected":false},"excerpt":{"rendered":"<p>Foi sepultado na tarde desta segunda-feira (23), o ex-vereador Pedro Cordeiro dos Santos, popularmente conhecido como Pedro Rico, 78 anos. As informa\u00e7\u00f5es s\u00e3o do Calila Noticias. O ex-parlamentar coiteense sofreu dois AVC no espa\u00e7o de um ano e tamb\u00e9m havia sido diagnosticado com c\u00e2ncer de pele. Apesar das enfermidades, seu filho Vin\u00edcius disse ao CN que ele levava uma vida quase que normal, por\u00e9m, nos \u00faltimos trinta dias, come\u00e7ou a perder for\u00e7as, ficou acamado e faleceu na resid\u00eancia na madrugada de hoje (23). \u00c9werton Rios D\u2019Ara\u00fajo Filho, popularmente conhecido por Vertinho que governou Coit\u00e9 por tr\u00eas mandatos, um deles, tendo na C\u00e2mara o aliado Pedro Rico (1997\u20132000), esteve no vel\u00f3rio pela manh\u00e3 e, ao falar para o Calila Not\u00edcias, lembrou do seu grande legado e dedica\u00e7\u00e3o enquanto esteve na vida p\u00fablica. Segundo Vertinho, Pedro Rico despontou na vida p\u00fablica na \u00e9poca de Hamilton Rios [ex-prefeito], ainda jovem fazia pra\u00e7a [dirigia t\u00e1xi]\u201d e j\u00e1 era eleitor ferrenho de Hamilton Rios, tanto que a ent\u00e3o noiva dele que veio ser a esposa, que era de uma fam\u00edlia tradicionalmente advers\u00e1ria o acompanhou\u201d, lembra \u00c9werton. Ainda segundo Vertinho, Pedro Rico ganhou popularidade, se tornou vereador e deu grande assist\u00eancia a popula\u00e7\u00e3o da regi\u00e3o do Povoado Altinho da Vargem, \u201ceu chamo o primeiro quadrante, divide Coit\u00e9 de Almas a Salgad\u00e1lia, de Bandia\u00e7u a Santa Rosa, e o quadrante que compreende as comunidades de Pinda, Samba\u00edba, Correia, Altinho da Vargem, Olhos D\u2019\u00e1gua. Laranjeiras, ele conduzia muito bem. Um pedido de Pedro Rico para mim ou para Mitinho [Hamilton Rios] era uma ordem\u201d Vertinho comentou de forma muito positiva a rela\u00e7\u00e3o de amizade que Pedro tinha com sua irm\u00e3 Carmosinha do Bar. \u201cEle a adorava, vira e mexe, estando com ele, dizia: vamos l\u00e1 em Carm\u00f3, levava Mitinho, era um cara muito camaradeiro, muito amigo e vai deixar uma lacuna muito grande, mas ficam as boas lembran\u00e7as de um guerreiro\u201d, afirmou. Perguntamos ao ex-prefeito se Pedro deixa uma grande marca em termo de obra estrutural, sendo indica\u00e7\u00e3o dele, e a resposta foi n\u00e3o, por\u00e9m, afirmou que fez coisa muito mais importante na \u00e1rea social. \u201cEle n\u00e3o media esfor\u00e7os para atender todos que lhes procuravam, cuidar de pessoas carentes era o forte dele, e para mim foi seu maior legado\u201d, finalizou Vertinho. Pedro Rico tentou o terceiro mandato seguido em 2004, mas n\u00e3o obteve \u00eaxito, ficou na supl\u00eancia e depois disso n\u00e3o concorreu mais a cargo pol\u00edtico. Ex-prefeito lembrou de outros vereadores e vereadoras que partiram. Vertinho lembrou com tristeza da gera\u00e7\u00e3o de grandes vereadores (as) que trabalharam ao longo dos seus tr\u00eas mandatos: 1989-1992; 1997-2000 e 2005-2008, j\u00e1 partiram; Armando Ramos, Eliana Cirino, Zezinho, Neusa de Da\u00e7o, Andr\u00e9 Cana Brasil, ; Cassimiro Ramos, Miguel Dominiense e Nai. C\u00e2mara divulgou Nota de Pesar.<\/p>\n","protected":false},"author":3,"featured_media":3311,"comment_status":"open","ping_status":"open","sticky":false,"template":"","format":"standard","meta":{"_joinchat":[],"footnotes":""},"categories":[55,59],"tags":[75,329,500],"class_list":["post-3309","post","type-post","status-publish","format-standard","has-post-thumbnail","hentry","category-destaques","category-ultimas-noticias","tag-coite","tag-corpo","tag-pedro-rico"],"yoast_head":"<!-- This site is optimized with the Yoast SEO plugin v24.4 - https:\/\/yoast.com\/wordpress\/plugins\/seo\/ -->\n<title>Corpo do ex-vereador Pedro Rico \u00e9 sepultado Concei\u00e7\u00e3o do Coit\u00e9 - Portal raizes noticias<\/title>\n<meta name=\"robots\" content=\"index, follow, max-snippet:-1, max-image-preview:large, max-video-preview:-1\" \/>\n<link rel=\"canonical\" href=\"https:\/\/portalraizesnoticias.com.br\/?p=3309\" \/>\n<meta property=\"og:locale\" content=\"pt_BR\" \/>\n<meta property=\"og:type\" content=\"article\" \/>\n<meta property=\"og:title\" content=\"Corpo do ex-vereador Pedro Rico \u00e9 sepultado Concei\u00e7\u00e3o do Coit\u00e9 - Portal raizes noticias\" \/>\n<meta property=\"og:description\" content=\"Foi sepultado na tarde desta segunda-feira (23), o ex-vereador Pedro Cordeiro dos Santos, popularmente conhecido como Pedro Rico, 78 anos. As informa\u00e7\u00f5es s\u00e3o do Calila Noticias. O ex-parlamentar coiteense sofreu dois AVC no espa\u00e7o de um ano e tamb\u00e9m havia sido diagnosticado com c\u00e2ncer de pele. Apesar das enfermidades, seu filho Vin\u00edcius disse ao CN que ele levava uma vida quase que normal, por\u00e9m, nos \u00faltimos trinta dias, come\u00e7ou a perder for\u00e7as, ficou acamado e faleceu na resid\u00eancia na madrugada de hoje (23). \u00c9werton Rios D\u2019Ara\u00fajo Filho, popularmente conhecido por Vertinho que governou Coit\u00e9 por tr\u00eas mandatos, um deles, tendo na C\u00e2mara o aliado Pedro Rico (1997\u20132000), esteve no vel\u00f3rio pela manh\u00e3 e, ao falar para o Calila Not\u00edcias, lembrou do seu grande legado e dedica\u00e7\u00e3o enquanto esteve na vida p\u00fablica. Segundo Vertinho, Pedro Rico despontou na vida p\u00fablica na \u00e9poca de Hamilton Rios [ex-prefeito], ainda jovem fazia pra\u00e7a [dirigia t\u00e1xi]\u201d e j\u00e1 era eleitor ferrenho de Hamilton Rios, tanto que a ent\u00e3o noiva dele que veio ser a esposa, que era de uma fam\u00edlia tradicionalmente advers\u00e1ria o acompanhou\u201d, lembra \u00c9werton. Ainda segundo Vertinho, Pedro Rico ganhou popularidade, se tornou vereador e deu grande assist\u00eancia a popula\u00e7\u00e3o da regi\u00e3o do Povoado Altinho da Vargem, \u201ceu chamo o primeiro quadrante, divide Coit\u00e9 de Almas a Salgad\u00e1lia, de Bandia\u00e7u a Santa Rosa, e o quadrante que compreende as comunidades de Pinda, Samba\u00edba, Correia, Altinho da Vargem, Olhos D\u2019\u00e1gua. Laranjeiras, ele conduzia muito bem. Um pedido de Pedro Rico para mim ou para Mitinho [Hamilton Rios] era uma ordem\u201d Vertinho comentou de forma muito positiva a rela\u00e7\u00e3o de amizade que Pedro tinha com sua irm\u00e3 Carmosinha do Bar. \u201cEle a adorava, vira e mexe, estando com ele, dizia: vamos l\u00e1 em Carm\u00f3, levava Mitinho, era um cara muito camaradeiro, muito amigo e vai deixar uma lacuna muito grande, mas ficam as boas lembran\u00e7as de um guerreiro\u201d, afirmou. Perguntamos ao ex-prefeito se Pedro deixa uma grande marca em termo de obra estrutural, sendo indica\u00e7\u00e3o dele, e a resposta foi n\u00e3o, por\u00e9m, afirmou que fez coisa muito mais importante na \u00e1rea social. \u201cEle n\u00e3o media esfor\u00e7os para atender todos que lhes procuravam, cuidar de pessoas carentes era o forte dele, e para mim foi seu maior legado\u201d, finalizou Vertinho. Pedro Rico tentou o terceiro mandato seguido em 2004, mas n\u00e3o obteve \u00eaxito, ficou na supl\u00eancia e depois disso n\u00e3o concorreu mais a cargo pol\u00edtico. Ex-prefeito lembrou de outros vereadores e vereadoras que partiram. Vertinho lembrou com tristeza da gera\u00e7\u00e3o de grandes vereadores (as) que trabalharam ao longo dos seus tr\u00eas mandatos: 1989-1992; 1997-2000 e 2005-2008, j\u00e1 partiram; Armando Ramos, Eliana Cirino, Zezinho, Neusa de Da\u00e7o, Andr\u00e9 Cana Brasil, ; Cassimiro Ramos, Miguel Dominiense e Nai. C\u00e2mara divulgou Nota de Pesar.\" \/>\n<meta property=\"og:url\" content=\"https:\/\/portalraizesnoticias.com.br\/?p=3309\" \/>\n<meta property=\"og:site_name\" content=\"Portal raizes noticias\" \/>\n<meta property=\"article:published_time\" content=\"2024-12-23T20:28:43+00:00\" \/>\n<meta property=\"og:image\" content=\"https:\/\/portalraizesnoticias.com.br\/wp-content\/uploads\/2024\/12\/WhatsApp-Image-2024-12-23-at-12.23.08-1.jpeg\" \/>\n\t<meta property=\"og:image:width\" content=\"667\" \/>\n\t<meta property=\"og:image:height\" content=\"435\" \/>\n\t<meta property=\"og:image:type\" content=\"image\/jpeg\" \/>\n<meta name=\"author\" content=\"Portal Raizes\" \/>\n<meta name=\"twitter:card\" content=\"summary_large_image\" \/>\n<meta name=\"twitter:label1\" content=\"Escrito por\" \/>\n\t<meta name=\"twitter:data1\" content=\"Portal Raizes\" \/>\n\t<meta name=\"twitter:label2\" content=\"Est. tempo de leitura\" \/>\n\t<meta name=\"twitter:data2\" content=\"3 minutos\" \/>\n<script type=\"application\/ld+json\" class=\"yoast-schema-graph\">{\"@context\":\"https:\/\/schema.org\",\"@graph\":[{\"@type\":\"Article\",\"@id\":\"https:\/\/portalraizesnoticias.com.br\/?p=3309#article\",\"isPartOf\":{\"@id\":\"https:\/\/portalraizesnoticias.com.br\/?p=3309\"},\"author\":{\"name\":\"Portal Raizes\",\"@id\":\"https:\/\/portalraizesnoticias.com.br\/#\/schema\/person\/a3ca6b0fc701e78df19756c417d943ae\"},\"headline\":\"Corpo do ex-vereador Pedro Rico \u00e9 sepultado Concei\u00e7\u00e3o do Coit\u00e9\",\"datePublished\":\"2024-12-23T20:28:43+00:00\",\"mainEntityOfPage\":{\"@id\":\"https:\/\/portalraizesnoticias.com.br\/?p=3309\"},\"wordCount\":505,\"commentCount\":0,\"publisher\":{\"@id\":\"https:\/\/portalraizesnoticias.com.br\/#organization\"},\"image\":{\"@id\":\"https:\/\/portalraizesnoticias.com.br\/?p=3309#primaryimage\"},\"thumbnailUrl\":\"https:\/\/portalraizesnoticias.com.br\/wp-content\/uploads\/2024\/12\/WhatsApp-Image-2024-12-23-at-12.23.08-1.jpeg\",\"keywords\":[\"Coit\u00e9\",\"Corpo\",\"Pedro rico\"],\"articleSection\":[\"DESTAQUES\",\"ULTIMAS NOTICIAS\"],\"inLanguage\":\"pt-BR\",\"potentialAction\":[{\"@type\":\"CommentAction\",\"name\":\"Comment\",\"target\":[\"https:\/\/portalraizesnoticias.com.br\/?p=3309#respond\"]}]},{\"@type\":\"WebPage\",\"@id\":\"https:\/\/portalraizesnoticias.com.br\/?p=3309\",\"url\":\"https:\/\/portalraizesnoticias.com.br\/?p=3309\",\"name\":\"Corpo do ex-vereador Pedro Rico \u00e9 sepultado Concei\u00e7\u00e3o do Coit\u00e9 - Portal raizes noticias\",\"isPartOf\":{\"@id\":\"https:\/\/portalraizesnoticias.com.br\/#website\"},\"primaryImageOfPage\":{\"@id\":\"https:\/\/portalraizesnoticias.com.br\/?p=3309#primaryimage\"},\"image\":{\"@id\":\"https:\/\/portalraizesnoticias.com.br\/?p=3309#primaryimage\"},\"thumbnailUrl\":\"https:\/\/portalraizesnoticias.com.br\/wp-content\/uploads\/2024\/12\/WhatsApp-Image-2024-12-23-at-12.23.08-1.jpeg\",\"datePublished\":\"2024-12-23T20:28:43+00:00\",\"breadcrumb\":{\"@id\":\"https:\/\/portalraizesnoticias.com.br\/?p=3309#breadcrumb\"},\"inLanguage\":\"pt-BR\",\"potentialAction\":[{\"@type\":\"ReadAction\",\"target\":[\"https:\/\/portalraizesnoticias.com.br\/?p=3309\"]}]},{\"@type\":\"ImageObject\",\"inLanguage\":\"pt-BR\",\"@id\":\"https:\/\/portalraizesnoticias.com.br\/?p=3309#primaryimage\",\"url\":\"https:\/\/portalraizesnoticias.com.br\/wp-content\/uploads\/2024\/12\/WhatsApp-Image-2024-12-23-at-12.23.08-1.jpeg\",\"contentUrl\":\"https:\/\/portalraizesnoticias.com.br\/wp-content\/uploads\/2024\/12\/WhatsApp-Image-2024-12-23-at-12.23.08-1.jpeg\",\"width\":667,\"height\":435},{\"@type\":\"BreadcrumbList\",\"@id\":\"https:\/\/portalraizesnoticias.com.br\/?p=3309#breadcrumb\",\"itemListElement\":[{\"@type\":\"ListItem\",\"position\":1,\"name\":\"In\u00edcio\",\"item\":\"https:\/\/portalraizesnoticias.com.br\/\"},{\"@type\":\"ListItem\",\"position\":2,\"name\":\"Corpo do ex-vereador Pedro Rico \u00e9 sepultado Concei\u00e7\u00e3o do Coit\u00e9\"}]},{\"@type\":\"WebSite\",\"@id\":\"https:\/\/portalraizesnoticias.com.br\/#website\",\"url\":\"https:\/\/portalraizesnoticias.com.br\/\",\"name\":\"Portal raizes NOTICIAS\",\"description\":\"site de noticias de concei\u00e7\u00e3o do coit\u00e9 e regi\u00e3o\",\"publisher\":{\"@id\":\"https:\/\/portalraizesnoticias.com.br\/#organization\"},\"alternateName\":\"PORTAL RAIZES COIT\u00c9\",\"potentialAction\":[{\"@type\":\"SearchAction\",\"target\":{\"@type\":\"EntryPoint\",\"urlTemplate\":\"https:\/\/portalraizesnoticias.com.br\/?s={search_term_string}\"},\"query-input\":{\"@type\":\"PropertyValueSpecification\",\"valueRequired\":true,\"valueName\":\"search_term_string\"}}],\"inLanguage\":\"pt-BR\"},{\"@type\":\"Organization\",\"@id\":\"https:\/\/portalraizesnoticias.com.br\/#organization\",\"name\":\"Portal raizes NOTICIAS\",\"url\":\"https:\/\/portalraizesnoticias.com.br\/\",\"logo\":{\"@type\":\"ImageObject\",\"inLanguage\":\"pt-BR\",\"@id\":\"https:\/\/portalraizesnoticias.com.br\/#\/schema\/logo\/image\/\",\"url\":\"https:\/\/portalraizesnoticias.com.br\/wp-content\/uploads\/2024\/09\/cropped-Captura-de-tela-2024-09-08-011108.png\",\"contentUrl\":\"https:\/\/portalraizesnoticias.com.br\/wp-content\/uploads\/2024\/09\/cropped-Captura-de-tela-2024-09-08-011108.png\",\"width\":606,\"height\":173,\"caption\":\"Portal raizes NOTICIAS\"},\"image\":{\"@id\":\"https:\/\/portalraizesnoticias.com.br\/#\/schema\/logo\/image\/\"}},{\"@type\":\"Person\",\"@id\":\"https:\/\/portalraizesnoticias.com.br\/#\/schema\/person\/a3ca6b0fc701e78df19756c417d943ae\",\"name\":\"Portal Raizes\",\"image\":{\"@type\":\"ImageObject\",\"inLanguage\":\"pt-BR\",\"@id\":\"https:\/\/portalraizesnoticias.com.br\/#\/schema\/person\/image\/\",\"url\":\"https:\/\/secure.gravatar.com\/avatar\/ef450d29013a3d3fba867a12a249d7b1?s=96&d=mm&r=g\",\"contentUrl\":\"https:\/\/secure.gravatar.com\/avatar\/ef450d29013a3d3fba867a12a249d7b1?s=96&d=mm&r=g\",\"caption\":\"Portal Raizes\"},\"url\":\"https:\/\/portalraizesnoticias.com.br\/?author=3\"}]}<\/script>\n<!-- \/ Yoast SEO plugin. -->","yoast_head_json":{"title":"Corpo do ex-vereador Pedro Rico \u00e9 sepultado Concei\u00e7\u00e3o do Coit\u00e9 - Portal raizes noticias","robots":{"index":"index","follow":"follow","max-snippet":"max-snippet:-1","max-image-preview":"max-image-preview:large","max-video-preview":"max-video-preview:-1"},"canonical":"https:\/\/portalraizesnoticias.com.br\/?p=3309","og_locale":"pt_BR","og_type":"article","og_title":"Corpo do ex-vereador Pedro Rico \u00e9 sepultado Concei\u00e7\u00e3o do Coit\u00e9 - Portal raizes noticias","og_description":"Foi sepultado na tarde desta segunda-feira (23), o ex-vereador Pedro Cordeiro dos Santos, popularmente conhecido como Pedro Rico, 78 anos. As informa\u00e7\u00f5es s\u00e3o do Calila Noticias. O ex-parlamentar coiteense sofreu dois AVC no espa\u00e7o de um ano e tamb\u00e9m havia sido diagnosticado com c\u00e2ncer de pele. Apesar das enfermidades, seu filho Vin\u00edcius disse ao CN que ele levava uma vida quase que normal, por\u00e9m, nos \u00faltimos trinta dias, come\u00e7ou a perder for\u00e7as, ficou acamado e faleceu na resid\u00eancia na madrugada de hoje (23). \u00c9werton Rios D\u2019Ara\u00fajo Filho, popularmente conhecido por Vertinho que governou Coit\u00e9 por tr\u00eas mandatos, um deles, tendo na C\u00e2mara o aliado Pedro Rico (1997\u20132000), esteve no vel\u00f3rio pela manh\u00e3 e, ao falar para o Calila Not\u00edcias, lembrou do seu grande legado e dedica\u00e7\u00e3o enquanto esteve na vida p\u00fablica. Segundo Vertinho, Pedro Rico despontou na vida p\u00fablica na \u00e9poca de Hamilton Rios [ex-prefeito], ainda jovem fazia pra\u00e7a [dirigia t\u00e1xi]\u201d e j\u00e1 era eleitor ferrenho de Hamilton Rios, tanto que a ent\u00e3o noiva dele que veio ser a esposa, que era de uma fam\u00edlia tradicionalmente advers\u00e1ria o acompanhou\u201d, lembra \u00c9werton. Ainda segundo Vertinho, Pedro Rico ganhou popularidade, se tornou vereador e deu grande assist\u00eancia a popula\u00e7\u00e3o da regi\u00e3o do Povoado Altinho da Vargem, \u201ceu chamo o primeiro quadrante, divide Coit\u00e9 de Almas a Salgad\u00e1lia, de Bandia\u00e7u a Santa Rosa, e o quadrante que compreende as comunidades de Pinda, Samba\u00edba, Correia, Altinho da Vargem, Olhos D\u2019\u00e1gua. Laranjeiras, ele conduzia muito bem. Um pedido de Pedro Rico para mim ou para Mitinho [Hamilton Rios] era uma ordem\u201d Vertinho comentou de forma muito positiva a rela\u00e7\u00e3o de amizade que Pedro tinha com sua irm\u00e3 Carmosinha do Bar. \u201cEle a adorava, vira e mexe, estando com ele, dizia: vamos l\u00e1 em Carm\u00f3, levava Mitinho, era um cara muito camaradeiro, muito amigo e vai deixar uma lacuna muito grande, mas ficam as boas lembran\u00e7as de um guerreiro\u201d, afirmou. Perguntamos ao ex-prefeito se Pedro deixa uma grande marca em termo de obra estrutural, sendo indica\u00e7\u00e3o dele, e a resposta foi n\u00e3o, por\u00e9m, afirmou que fez coisa muito mais importante na \u00e1rea social. \u201cEle n\u00e3o media esfor\u00e7os para atender todos que lhes procuravam, cuidar de pessoas carentes era o forte dele, e para mim foi seu maior legado\u201d, finalizou Vertinho. Pedro Rico tentou o terceiro mandato seguido em 2004, mas n\u00e3o obteve \u00eaxito, ficou na supl\u00eancia e depois disso n\u00e3o concorreu mais a cargo pol\u00edtico. Ex-prefeito lembrou de outros vereadores e vereadoras que partiram. Vertinho lembrou com tristeza da gera\u00e7\u00e3o de grandes vereadores (as) que trabalharam ao longo dos seus tr\u00eas mandatos: 1989-1992; 1997-2000 e 2005-2008, j\u00e1 partiram; Armando Ramos, Eliana Cirino, Zezinho, Neusa de Da\u00e7o, Andr\u00e9 Cana Brasil, ; Cassimiro Ramos, Miguel Dominiense e Nai. C\u00e2mara divulgou Nota de Pesar.","og_url":"https:\/\/portalraizesnoticias.com.br\/?p=3309","og_site_name":"Portal raizes noticias","article_published_time":"2024-12-23T20:28:43+00:00","og_image":[{"width":667,"height":435,"url":"https:\/\/portalraizesnoticias.com.br\/wp-content\/uploads\/2024\/12\/WhatsApp-Image-2024-12-23-at-12.23.08-1.jpeg","type":"image\/jpeg"}],"author":"Portal Raizes","twitter_card":"summary_large_image","twitter_misc":{"Escrito por":"Portal Raizes","Est. tempo de leitura":"3 minutos"},"schema":{"@context":"https:\/\/schema.org","@graph":[{"@type":"Article","@id":"https:\/\/portalraizesnoticias.com.br\/?p=3309#article","isPartOf":{"@id":"https:\/\/portalraizesnoticias.com.br\/?p=3309"},"author":{"name":"Portal Raizes","@id":"https:\/\/portalraizesnoticias.com.br\/#\/schema\/person\/a3ca6b0fc701e78df19756c417d943ae"},"headline":"Corpo do ex-vereador Pedro Rico \u00e9 sepultado Concei\u00e7\u00e3o do Coit\u00e9","datePublished":"2024-12-23T20:28:43+00:00","mainEntityOfPage":{"@id":"https:\/\/portalraizesnoticias.com.br\/?p=3309"},"wordCount":505,"commentCount":0,"publisher":{"@id":"https:\/\/portalraizesnoticias.com.br\/#organization"},"image":{"@id":"https:\/\/portalraizesnoticias.com.br\/?p=3309#primaryimage"},"thumbnailUrl":"https:\/\/portalraizesnoticias.com.br\/wp-content\/uploads\/2024\/12\/WhatsApp-Image-2024-12-23-at-12.23.08-1.jpeg","keywords":["Coit\u00e9","Corpo","Pedro rico"],"articleSection":["DESTAQUES","ULTIMAS NOTICIAS"],"inLanguage":"pt-BR","potentialAction":[{"@type":"CommentAction","name":"Comment","target":["https:\/\/portalraizesnoticias.com.br\/?p=3309#respond"]}]},{"@type":"WebPage","@id":"https:\/\/portalraizesnoticias.com.br\/?p=3309","url":"https:\/\/portalraizesnoticias.com.br\/?p=3309","name":"Corpo do ex-vereador Pedro Rico \u00e9 sepultado Concei\u00e7\u00e3o do Coit\u00e9 - Portal raizes noticias","isPartOf":{"@id":"https:\/\/portalraizesnoticias.com.br\/#website"},"primaryImageOfPage":{"@id":"https:\/\/portalraizesnoticias.com.br\/?p=3309#primaryimage"},"image":{"@id":"https:\/\/portalraizesnoticias.com.br\/?p=3309#primaryimage"},"thumbnailUrl":"https:\/\/portalraizesnoticias.com.br\/wp-content\/uploads\/2024\/12\/WhatsApp-Image-2024-12-23-at-12.23.08-1.jpeg","datePublished":"2024-12-23T20:28:43+00:00","breadcrumb":{"@id":"https:\/\/portalraizesnoticias.com.br\/?p=3309#breadcrumb"},"inLanguage":"pt-BR","potentialAction":[{"@type":"ReadAction","target":["https:\/\/portalraizesnoticias.com.br\/?p=3309"]}]},{"@type":"ImageObject","inLanguage":"pt-BR","@id":"https:\/\/portalraizesnoticias.com.br\/?p=3309#primaryimage","url":"https:\/\/portalraizesnoticias.com.br\/wp-content\/uploads\/2024\/12\/WhatsApp-Image-2024-12-23-at-12.23.08-1.jpeg","contentUrl":"https:\/\/portalraizesnoticias.com.br\/wp-content\/uploads\/2024\/12\/WhatsApp-Image-2024-12-23-at-12.23.08-1.jpeg","width":667,"height":435},{"@type":"BreadcrumbList","@id":"https:\/\/portalraizesnoticias.com.br\/?p=3309#breadcrumb","itemListElement":[{"@type":"ListItem","position":1,"name":"In\u00edcio","item":"https:\/\/portalraizesnoticias.com.br\/"},{"@type":"ListItem","position":2,"name":"Corpo do ex-vereador Pedro Rico \u00e9 sepultado Concei\u00e7\u00e3o do Coit\u00e9"}]},{"@type":"WebSite","@id":"https:\/\/portalraizesnoticias.com.br\/#website","url":"https:\/\/portalraizesnoticias.com.br\/","name":"Portal raizes NOTICIAS","description":"site de noticias de concei\u00e7\u00e3o do coit\u00e9 e regi\u00e3o","publisher":{"@id":"https:\/\/portalraizesnoticias.com.br\/#organization"},"alternateName":"PORTAL RAIZES COIT\u00c9","potentialAction":[{"@type":"SearchAction","target":{"@type":"EntryPoint","urlTemplate":"https:\/\/portalraizesnoticias.com.br\/?s={search_term_string}"},"query-input":{"@type":"PropertyValueSpecification","valueRequired":true,"valueName":"search_term_string"}}],"inLanguage":"pt-BR"},{"@type":"Organization","@id":"https:\/\/portalraizesnoticias.com.br\/#organization","name":"Portal raizes NOTICIAS","url":"https:\/\/portalraizesnoticias.com.br\/","logo":{"@type":"ImageObject","inLanguage":"pt-BR","@id":"https:\/\/portalraizesnoticias.com.br\/#\/schema\/logo\/image\/","url":"https:\/\/portalraizesnoticias.com.br\/wp-content\/uploads\/2024\/09\/cropped-Captura-de-tela-2024-09-08-011108.png","contentUrl":"https:\/\/portalraizesnoticias.com.br\/wp-content\/uploads\/2024\/09\/cropped-Captura-de-tela-2024-09-08-011108.png","width":606,"height":173,"caption":"Portal raizes NOTICIAS"},"image":{"@id":"https:\/\/portalraizesnoticias.com.br\/#\/schema\/logo\/image\/"}},{"@type":"Person","@id":"https:\/\/portalraizesnoticias.com.br\/#\/schema\/person\/a3ca6b0fc701e78df19756c417d943ae","name":"Portal Raizes","image":{"@type":"ImageObject","inLanguage":"pt-BR","@id":"https:\/\/portalraizesnoticias.com.br\/#\/schema\/person\/image\/","url":"https:\/\/secure.gravatar.com\/avatar\/ef450d29013a3d3fba867a12a249d7b1?s=96&d=mm&r=g","contentUrl":"https:\/\/secure.gravatar.com\/avatar\/ef450d29013a3d3fba867a12a249d7b1?s=96&d=mm&r=g","caption":"Portal Raizes"},"url":"https:\/\/portalraizesnoticias.com.br\/?author=3"}]}},"_links":{"self":[{"href":"https:\/\/portalraizesnoticias.com.br\/index.php?rest_route=\/wp\/v2\/posts\/3309"}],"collection":[{"href":"https:\/\/portalraizesnoticias.com.br\/index.php?rest_route=\/wp\/v2\/posts"}],"about":[{"href":"https:\/\/portalraizesnoticias.com.br\/index.php?rest_route=\/wp\/v2\/types\/post"}],"author":[{"embeddable":true,"href":"https:\/\/portalraizesnoticias.com.br\/index.php?rest_route=\/wp\/v2\/users\/3"}],"replies":[{"embeddable":true,"href":"https:\/\/portalraizesnoticias.com.br\/index.php?rest_route=%2Fwp%2Fv2%2Fcomments&post=3309"}],"version-history":[{"count":1,"href":"https:\/\/portalraizesnoticias.com.br\/index.php?rest_route=\/wp\/v2\/posts\/3309\/revisions"}],"predecessor-version":[{"id":3312,"href":"https:\/\/portalraizesnoticias.com.br\/index.php?rest_route=\/wp\/v2\/posts\/3309\/revisions\/3312"}],"wp:featuredmedia":[{"embeddable":true,"href":"https:\/\/portalraizesnoticias.com.br\/index.php?rest_route=\/wp\/v2\/media\/3311"}],"wp:attachment":[{"href":"https:\/\/portalraizesnoticias.com.br\/index.php?rest_route=%2Fwp%2Fv2%2Fmedia&parent=3309"}],"wp:term":[{"taxonomy":"category","embeddable":true,"href":"https:\/\/portalraizesnoticias.com.br\/index.php?rest_route=%2Fwp%2Fv2%2Fcategories&post=3309"},{"taxonomy":"post_tag","embeddable":true,"href":"https:\/\/portalraizesnoticias.com.br\/index.php?rest_route=%2Fwp%2Fv2%2Ftags&post=3309"}],"curies":[{"name":"wp","href":"https:\/\/api.w.org\/{rel}","templated":true}]}}