{"id":3246,"date":"2024-12-22T16:29:55","date_gmt":"2024-12-22T19:29:55","guid":{"rendered":"https:\/\/portalraizesnoticias.com.br\/?p=3246"},"modified":"2024-12-22T16:29:55","modified_gmt":"2024-12-22T19:29:55","slug":"video-tarcisio-do-acordeon-convida-cantor-e-compositor-coiteense-para-o-palco-e-juntos-interpretam-sucesso-nacional","status":"publish","type":"post","link":"https:\/\/portalraizesnoticias.com.br\/?p=3246","title":{"rendered":"V\u00eddeo: Tarc\u00edsio do Acordeon convida cantor e compositor coiteense para o palco e, juntos, interpretam sucesso nacional"},"content":{"rendered":"<p>O cantor e compositor coiteense Duguinho do Acordeon surpreendeu o p\u00fablico que curtia o Hangar neste s\u00e1bado (21), no Est\u00e1dio Municipal de Concei\u00e7\u00e3o do Coit\u00e9.\u00a0<\/p>\n<p>\u00a0<\/p>\n<p>Com atra\u00e7\u00f5es consagradas no cen\u00e1rio musical brasileiro, Duguinho recebeu um convite para se apresentar com Tarc\u00edsio do Acordeon.\u00a0<\/p>\n<p><img fetchpriority=\"high\" decoding=\"async\" class=\"size-medium wp-image-3247 aligncenter\" src=\"https:\/\/portalraizesnoticias.com.br\/wp-content\/uploads\/2024\/12\/IMG-20241222-WA0062-261x300.jpg\" alt=\"\" width=\"261\" height=\"300\" srcset=\"https:\/\/portalraizesnoticias.com.br\/wp-content\/uploads\/2024\/12\/IMG-20241222-WA0062-261x300.jpg 261w, https:\/\/portalraizesnoticias.com.br\/wp-content\/uploads\/2024\/12\/IMG-20241222-WA0062-890x1024.jpg 890w, https:\/\/portalraizesnoticias.com.br\/wp-content\/uploads\/2024\/12\/IMG-20241222-WA0062-768x883.jpg 768w, https:\/\/portalraizesnoticias.com.br\/wp-content\/uploads\/2024\/12\/IMG-20241222-WA0062.jpg 1080w\" sizes=\"(max-width: 261px) 100vw, 261px\" \/><\/p>\n<p>\u00a0<\/p>\n<p><strong>Em entrevista \u00e0 jornalista Rafaela Rodrigues, Duguinho relatou que j\u00e1 teve oportunidade de realizar um trabalho com Tarc\u00edsio quando integrava a banda de Tierry e, ao visit\u00e1-lo no camarim, foi surpreendido com a proposta<\/strong>.\u00a0<\/p>\n<p><img decoding=\"async\" class=\"size-medium wp-image-2672 aligncenter\" src=\"https:\/\/portalraizesnoticias.com.br\/wp-content\/uploads\/2024\/12\/Card-Matricula_021-300x300.png\" alt=\"\" width=\"300\" height=\"300\" srcset=\"https:\/\/portalraizesnoticias.com.br\/wp-content\/uploads\/2024\/12\/Card-Matricula_021-300x300.png 300w, https:\/\/portalraizesnoticias.com.br\/wp-content\/uploads\/2024\/12\/Card-Matricula_021-1024x1024.png 1024w, https:\/\/portalraizesnoticias.com.br\/wp-content\/uploads\/2024\/12\/Card-Matricula_021-150x150.png 150w, https:\/\/portalraizesnoticias.com.br\/wp-content\/uploads\/2024\/12\/Card-Matricula_021-768x768.png 768w, https:\/\/portalraizesnoticias.com.br\/wp-content\/uploads\/2024\/12\/Card-Matricula_021-700x700.png 700w, https:\/\/portalraizesnoticias.com.br\/wp-content\/uploads\/2024\/12\/Card-Matricula_021-620x620.png 620w, https:\/\/portalraizesnoticias.com.br\/wp-content\/uploads\/2024\/12\/Card-Matricula_021-400x400.png 400w, https:\/\/portalraizesnoticias.com.br\/wp-content\/uploads\/2024\/12\/Card-Matricula_021.png 1080w\" sizes=\"(max-width: 300px) 100vw, 300px\" \/><\/p>\n<blockquote>\n<p style=\"text-align: center;\"><strong>Publicidade<\/strong>\u00a0<\/p>\n<\/blockquote>\n<p>\u201cNa \u00e9poca em que Tierry gravou o DVD, Tarc\u00edsio fez participa\u00e7\u00e3o e, a partir daquele momento, nos tornamos parceiros.\u00a0No Hangar, fui aos bastidores somente cumpriment\u00e1-lo e ele me fez essa surpresa\u201d, contou Duguinho.\u00a0<\/p>\n<p>\u00a0<\/p>\n<p>Mesmo desprevenido, Tarc\u00edsio fez quest\u00e3o de providenciar um acordeon para Duguinho e, juntos, interpretaram a can\u00e7\u00e3o \u201cChorei na Vaquejada\u201d, um dos hits mais tocados em 2024. Confira o v\u00eddeo:<\/p>\n<div style=\"width: 720px;\" class=\"wp-video\"><!--[if lt IE 9]><script>document.createElement('video');<\/script><![endif]-->\n<video class=\"wp-video-shortcode\" id=\"video-3246-1\" width=\"720\" height=\"1280\" preload=\"metadata\" controls=\"controls\"><source type=\"video\/mp4\" src=\"https:\/\/portalraizesnoticias.com.br\/wp-content\/uploads\/2024\/12\/Snapinsta.app_video_AQN6pqjCj_u6GlSzrOk7K5Lonsw7NW5_wHqF1bCQmJAqnL_fhu-ppkk31sxXTMEwtIh080F1mdldUFqsVCmCgBNA1BGHYYq4LWp8K2w-1.mp4?_=1\" \/><a href=\"https:\/\/portalraizesnoticias.com.br\/wp-content\/uploads\/2024\/12\/Snapinsta.app_video_AQN6pqjCj_u6GlSzrOk7K5Lonsw7NW5_wHqF1bCQmJAqnL_fhu-ppkk31sxXTMEwtIh080F1mdldUFqsVCmCgBNA1BGHYYq4LWp8K2w-1.mp4\">https:\/\/portalraizesnoticias.com.br\/wp-content\/uploads\/2024\/12\/Snapinsta.app_video_AQN6pqjCj_u6GlSzrOk7K5Lonsw7NW5_wHqF1bCQmJAqnL_fhu-ppkk31sxXTMEwtIh080F1mdldUFqsVCmCgBNA1BGHYYq4LWp8K2w-1.mp4<\/a><\/video><\/div>\n<p>\u00a0<\/p>\n<p>\u201cFoi uma honra participar do show desse amigo incr\u00edvel, diferenciado e talentoso. Tarc\u00edsio \u00e9 um ser humano incr\u00edvel e me conceder essa oportunidade na minha cidade natal \u00e9 simplesmente gratificante\u201d, afirmou Duguinho.\u00a0<\/p>\n<p><img decoding=\"async\" class=\"size-medium wp-image-3249 aligncenter\" src=\"https:\/\/portalraizesnoticias.com.br\/wp-content\/uploads\/2024\/12\/IMG-20241222-WA0063-300x294.jpg\" alt=\"\" width=\"300\" height=\"294\" srcset=\"https:\/\/portalraizesnoticias.com.br\/wp-content\/uploads\/2024\/12\/IMG-20241222-WA0063-300x294.jpg 300w, https:\/\/portalraizesnoticias.com.br\/wp-content\/uploads\/2024\/12\/IMG-20241222-WA0063-1024x1005.jpg 1024w, https:\/\/portalraizesnoticias.com.br\/wp-content\/uploads\/2024\/12\/IMG-20241222-WA0063-768x754.jpg 768w, https:\/\/portalraizesnoticias.com.br\/wp-content\/uploads\/2024\/12\/IMG-20241222-WA0063.jpg 1080w\" sizes=\"(max-width: 300px) 100vw, 300px\" \/><\/p>\n<p>\u00a0<\/p>\n<p>Duguinho, compositor de sucessos consagrados no Brasil, como &#8216;Let\u00edcia&#8217;, interpretada por Z\u00e9 Vaqueiro, &#8216;Hb20&#8217; (Tierry), Amoreco (Simone e Simaria), Mete seu Cachorro (L\u00e1 F\u00faria), Previs\u00e3o do Tempo (Claudia Leitte), Vers\u00f5es (Enzo Rabelo), entre outros, revelou \u00e0 jornalista Rafaela Rodrigues sobre uma poss\u00edvel parceria com Tarc\u00edsio do Acordeon.\u00a0<\/p>\n<p><img loading=\"lazy\" decoding=\"async\" class=\"size-medium wp-image-1970 aligncenter\" src=\"https:\/\/portalraizesnoticias.com.br\/wp-content\/uploads\/2024\/11\/Banner-home-center-300x300.jpg\" alt=\"\" width=\"300\" height=\"300\" srcset=\"https:\/\/portalraizesnoticias.com.br\/wp-content\/uploads\/2024\/11\/Banner-home-center-300x300.jpg 300w, https:\/\/portalraizesnoticias.com.br\/wp-content\/uploads\/2024\/11\/Banner-home-center-1024x1024.jpg 1024w, https:\/\/portalraizesnoticias.com.br\/wp-content\/uploads\/2024\/11\/Banner-home-center-150x150.jpg 150w, https:\/\/portalraizesnoticias.com.br\/wp-content\/uploads\/2024\/11\/Banner-home-center-768x768.jpg 768w, https:\/\/portalraizesnoticias.com.br\/wp-content\/uploads\/2024\/11\/Banner-home-center-700x700.jpg 700w, https:\/\/portalraizesnoticias.com.br\/wp-content\/uploads\/2024\/11\/Banner-home-center-620x620.jpg 620w, https:\/\/portalraizesnoticias.com.br\/wp-content\/uploads\/2024\/11\/Banner-home-center-400x400.jpg 400w, https:\/\/portalraizesnoticias.com.br\/wp-content\/uploads\/2024\/11\/Banner-home-center.jpg 1080w\" sizes=\"(max-width: 300px) 100vw, 300px\" \/><\/p>\n<p style=\"text-align: center;\"><strong>Publicidade<\/strong>\u00a0<\/p>\n<p>\u201cNo camarim apresentei uma composi\u00e7\u00e3o, mas ainda n\u00e3o posso dar detalhes. O que posso dizer \u00e9 que vem algo bom que tenho a certeza de que ser\u00e1 abra\u00e7ado por todos&#8221;, finaliza.<\/p>\n<p>Reda\u00e7\u00e3o\u00a0<\/p>\n<p>Foto: Rede Social\u00a0<\/p>\n\n\n<p><\/p>\n","protected":false},"excerpt":{"rendered":"<p>O cantor e compositor coiteense Duguinho do Acordeon surpreendeu o p\u00fablico que curtia o Hangar neste s\u00e1bado (21), no Est\u00e1dio Municipal de Concei\u00e7\u00e3o do Coit\u00e9.\u00a0 \u00a0 Com atra\u00e7\u00f5es consagradas no cen\u00e1rio musical brasileiro, Duguinho recebeu um convite para se apresentar com Tarc\u00edsio do Acordeon.\u00a0 \u00a0 Em entrevista \u00e0 jornalista Rafaela Rodrigues, Duguinho relatou que j\u00e1 teve oportunidade de realizar um trabalho com Tarc\u00edsio quando integrava a banda de Tierry e, ao visit\u00e1-lo no camarim, foi surpreendido com a proposta.\u00a0 Publicidade\u00a0 \u201cNa \u00e9poca em que Tierry gravou o DVD, Tarc\u00edsio fez participa\u00e7\u00e3o e, a partir daquele momento, nos tornamos parceiros.\u00a0No Hangar, fui aos bastidores somente cumpriment\u00e1-lo e ele me fez essa surpresa\u201d, contou Duguinho.\u00a0 \u00a0 Mesmo desprevenido, Tarc\u00edsio fez quest\u00e3o de providenciar um acordeon para Duguinho e, juntos, interpretaram a can\u00e7\u00e3o \u201cChorei na Vaquejada\u201d, um dos hits mais tocados em 2024. Confira o v\u00eddeo: \u00a0 \u201cFoi uma honra participar do show desse amigo incr\u00edvel, diferenciado e talentoso. Tarc\u00edsio \u00e9 um ser humano incr\u00edvel e me conceder essa oportunidade na minha cidade natal \u00e9 simplesmente gratificante\u201d, afirmou Duguinho.\u00a0 \u00a0 Duguinho, compositor de sucessos consagrados no Brasil, como &#8216;Let\u00edcia&#8217;, interpretada por Z\u00e9 Vaqueiro, &#8216;Hb20&#8217; (Tierry), Amoreco (Simone e Simaria), Mete seu Cachorro (L\u00e1 F\u00faria), Previs\u00e3o do Tempo (Claudia Leitte), Vers\u00f5es (Enzo Rabelo), entre outros, revelou \u00e0 jornalista Rafaela Rodrigues sobre uma poss\u00edvel parceria com Tarc\u00edsio do Acordeon.\u00a0 Publicidade\u00a0 \u201cNo camarim apresentei uma composi\u00e7\u00e3o, mas ainda n\u00e3o posso dar detalhes. O que posso dizer \u00e9 que vem algo bom que tenho a certeza de que ser\u00e1 abra\u00e7ado por todos&#8221;, finaliza. Reda\u00e7\u00e3o\u00a0 Foto: Rede Social\u00a0<\/p>\n","protected":false},"author":3,"featured_media":3250,"comment_status":"open","ping_status":"open","sticky":false,"template":"","format":"standard","meta":{"_joinchat":[],"footnotes":""},"categories":[55,69,59],"tags":[494,75,495,492,493,491,490],"class_list":["post-3246","post","type-post","status-publish","format-standard","has-post-thumbnail","hentry","category-destaques","category-entreterimento-e-cultura","category-ultimas-noticias","tag-cantor","tag-coite","tag-compositor","tag-convite","tag-duguinho","tag-hangar-2024","tag-tarcisio-do-arcodeon"],"yoast_head":"<!-- This site is optimized with the Yoast SEO plugin v24.4 - https:\/\/yoast.com\/wordpress\/plugins\/seo\/ -->\n<title>V\u00eddeo: Tarc\u00edsio do Acordeon convida cantor e compositor coiteense para o palco e, juntos, interpretam sucesso nacional - Portal raizes noticias<\/title>\n<meta name=\"robots\" content=\"index, follow, max-snippet:-1, max-image-preview:large, max-video-preview:-1\" \/>\n<link rel=\"canonical\" href=\"https:\/\/portalraizesnoticias.com.br\/?p=3246\" \/>\n<meta property=\"og:locale\" content=\"pt_BR\" \/>\n<meta property=\"og:type\" content=\"article\" \/>\n<meta property=\"og:title\" content=\"V\u00eddeo: Tarc\u00edsio do Acordeon convida cantor e compositor coiteense para o palco e, juntos, interpretam sucesso nacional - Portal raizes noticias\" \/>\n<meta property=\"og:description\" content=\"O cantor e compositor coiteense Duguinho do Acordeon surpreendeu o p\u00fablico que curtia o Hangar neste s\u00e1bado (21), no Est\u00e1dio Municipal de Concei\u00e7\u00e3o do Coit\u00e9.\u00a0 \u00a0 Com atra\u00e7\u00f5es consagradas no cen\u00e1rio musical brasileiro, Duguinho recebeu um convite para se apresentar com Tarc\u00edsio do Acordeon.\u00a0 \u00a0 Em entrevista \u00e0 jornalista Rafaela Rodrigues, Duguinho relatou que j\u00e1 teve oportunidade de realizar um trabalho com Tarc\u00edsio quando integrava a banda de Tierry e, ao visit\u00e1-lo no camarim, foi surpreendido com a proposta.\u00a0 Publicidade\u00a0 \u201cNa \u00e9poca em que Tierry gravou o DVD, Tarc\u00edsio fez participa\u00e7\u00e3o e, a partir daquele momento, nos tornamos parceiros.\u00a0No Hangar, fui aos bastidores somente cumpriment\u00e1-lo e ele me fez essa surpresa\u201d, contou Duguinho.\u00a0 \u00a0 Mesmo desprevenido, Tarc\u00edsio fez quest\u00e3o de providenciar um acordeon para Duguinho e, juntos, interpretaram a can\u00e7\u00e3o \u201cChorei na Vaquejada\u201d, um dos hits mais tocados em 2024. Confira o v\u00eddeo: \u00a0 \u201cFoi uma honra participar do show desse amigo incr\u00edvel, diferenciado e talentoso. Tarc\u00edsio \u00e9 um ser humano incr\u00edvel e me conceder essa oportunidade na minha cidade natal \u00e9 simplesmente gratificante\u201d, afirmou Duguinho.\u00a0 \u00a0 Duguinho, compositor de sucessos consagrados no Brasil, como &#8216;Let\u00edcia&#8217;, interpretada por Z\u00e9 Vaqueiro, &#8216;Hb20&#8217; (Tierry), Amoreco (Simone e Simaria), Mete seu Cachorro (L\u00e1 F\u00faria), Previs\u00e3o do Tempo (Claudia Leitte), Vers\u00f5es (Enzo Rabelo), entre outros, revelou \u00e0 jornalista Rafaela Rodrigues sobre uma poss\u00edvel parceria com Tarc\u00edsio do Acordeon.\u00a0 Publicidade\u00a0 \u201cNo camarim apresentei uma composi\u00e7\u00e3o, mas ainda n\u00e3o posso dar detalhes. O que posso dizer \u00e9 que vem algo bom que tenho a certeza de que ser\u00e1 abra\u00e7ado por todos&#8221;, finaliza. Reda\u00e7\u00e3o\u00a0 Foto: Rede Social\u00a0\" \/>\n<meta property=\"og:url\" content=\"https:\/\/portalraizesnoticias.com.br\/?p=3246\" \/>\n<meta property=\"og:site_name\" content=\"Portal raizes noticias\" \/>\n<meta property=\"article:published_time\" content=\"2024-12-22T19:29:55+00:00\" \/>\n<meta property=\"og:image\" content=\"https:\/\/portalraizesnoticias.com.br\/wp-content\/uploads\/2024\/12\/IMG-20241222-WA0064.jpg\" \/>\n\t<meta property=\"og:image:width\" content=\"1080\" \/>\n\t<meta property=\"og:image:height\" content=\"1250\" \/>\n\t<meta property=\"og:image:type\" content=\"image\/jpeg\" \/>\n<meta name=\"author\" content=\"Portal Raizes\" \/>\n<meta name=\"twitter:card\" content=\"summary_large_image\" \/>\n<meta name=\"twitter:label1\" content=\"Escrito por\" \/>\n\t<meta name=\"twitter:data1\" content=\"Portal Raizes\" \/>\n\t<meta name=\"twitter:label2\" content=\"Est. tempo de leitura\" \/>\n\t<meta name=\"twitter:data2\" content=\"3 minutos\" \/>\n<script type=\"application\/ld+json\" class=\"yoast-schema-graph\">{\"@context\":\"https:\/\/schema.org\",\"@graph\":[{\"@type\":\"Article\",\"@id\":\"https:\/\/portalraizesnoticias.com.br\/?p=3246#article\",\"isPartOf\":{\"@id\":\"https:\/\/portalraizesnoticias.com.br\/?p=3246\"},\"author\":{\"name\":\"Portal Raizes\",\"@id\":\"https:\/\/portalraizesnoticias.com.br\/#\/schema\/person\/a3ca6b0fc701e78df19756c417d943ae\"},\"headline\":\"V\u00eddeo: Tarc\u00edsio do Acordeon convida cantor e compositor coiteense para o palco e, juntos, interpretam sucesso nacional\",\"datePublished\":\"2024-12-22T19:29:55+00:00\",\"mainEntityOfPage\":{\"@id\":\"https:\/\/portalraizesnoticias.com.br\/?p=3246\"},\"wordCount\":329,\"commentCount\":0,\"publisher\":{\"@id\":\"https:\/\/portalraizesnoticias.com.br\/#organization\"},\"image\":{\"@id\":\"https:\/\/portalraizesnoticias.com.br\/?p=3246#primaryimage\"},\"thumbnailUrl\":\"https:\/\/portalraizesnoticias.com.br\/wp-content\/uploads\/2024\/12\/IMG-20241222-WA0064.jpg\",\"keywords\":[\"Cantor\",\"Coit\u00e9\",\"Compositor\",\"Convite\",\"Duguinho\",\"Hangar 2024\",\"Tarcisio do Arcodeon\"],\"articleSection\":[\"DESTAQUES\",\"ENTRETERIMENTO E CULTURA\",\"ULTIMAS NOTICIAS\"],\"inLanguage\":\"pt-BR\",\"potentialAction\":[{\"@type\":\"CommentAction\",\"name\":\"Comment\",\"target\":[\"https:\/\/portalraizesnoticias.com.br\/?p=3246#respond\"]}]},{\"@type\":\"WebPage\",\"@id\":\"https:\/\/portalraizesnoticias.com.br\/?p=3246\",\"url\":\"https:\/\/portalraizesnoticias.com.br\/?p=3246\",\"name\":\"V\u00eddeo: Tarc\u00edsio do Acordeon convida cantor e compositor coiteense para o palco e, juntos, interpretam sucesso nacional - Portal raizes noticias\",\"isPartOf\":{\"@id\":\"https:\/\/portalraizesnoticias.com.br\/#website\"},\"primaryImageOfPage\":{\"@id\":\"https:\/\/portalraizesnoticias.com.br\/?p=3246#primaryimage\"},\"image\":{\"@id\":\"https:\/\/portalraizesnoticias.com.br\/?p=3246#primaryimage\"},\"thumbnailUrl\":\"https:\/\/portalraizesnoticias.com.br\/wp-content\/uploads\/2024\/12\/IMG-20241222-WA0064.jpg\",\"datePublished\":\"2024-12-22T19:29:55+00:00\",\"breadcrumb\":{\"@id\":\"https:\/\/portalraizesnoticias.com.br\/?p=3246#breadcrumb\"},\"inLanguage\":\"pt-BR\",\"potentialAction\":[{\"@type\":\"ReadAction\",\"target\":[\"https:\/\/portalraizesnoticias.com.br\/?p=3246\"]}]},{\"@type\":\"ImageObject\",\"inLanguage\":\"pt-BR\",\"@id\":\"https:\/\/portalraizesnoticias.com.br\/?p=3246#primaryimage\",\"url\":\"https:\/\/portalraizesnoticias.com.br\/wp-content\/uploads\/2024\/12\/IMG-20241222-WA0064.jpg\",\"contentUrl\":\"https:\/\/portalraizesnoticias.com.br\/wp-content\/uploads\/2024\/12\/IMG-20241222-WA0064.jpg\",\"width\":1080,\"height\":1250},{\"@type\":\"BreadcrumbList\",\"@id\":\"https:\/\/portalraizesnoticias.com.br\/?p=3246#breadcrumb\",\"itemListElement\":[{\"@type\":\"ListItem\",\"position\":1,\"name\":\"In\u00edcio\",\"item\":\"https:\/\/portalraizesnoticias.com.br\/\"},{\"@type\":\"ListItem\",\"position\":2,\"name\":\"V\u00eddeo: Tarc\u00edsio do Acordeon convida cantor e compositor coiteense para o palco e, juntos, interpretam sucesso nacional\"}]},{\"@type\":\"WebSite\",\"@id\":\"https:\/\/portalraizesnoticias.com.br\/#website\",\"url\":\"https:\/\/portalraizesnoticias.com.br\/\",\"name\":\"Portal raizes NOTICIAS\",\"description\":\"site de noticias de concei\u00e7\u00e3o do coit\u00e9 e regi\u00e3o\",\"publisher\":{\"@id\":\"https:\/\/portalraizesnoticias.com.br\/#organization\"},\"alternateName\":\"PORTAL RAIZES COIT\u00c9\",\"potentialAction\":[{\"@type\":\"SearchAction\",\"target\":{\"@type\":\"EntryPoint\",\"urlTemplate\":\"https:\/\/portalraizesnoticias.com.br\/?s={search_term_string}\"},\"query-input\":{\"@type\":\"PropertyValueSpecification\",\"valueRequired\":true,\"valueName\":\"search_term_string\"}}],\"inLanguage\":\"pt-BR\"},{\"@type\":\"Organization\",\"@id\":\"https:\/\/portalraizesnoticias.com.br\/#organization\",\"name\":\"Portal raizes NOTICIAS\",\"url\":\"https:\/\/portalraizesnoticias.com.br\/\",\"logo\":{\"@type\":\"ImageObject\",\"inLanguage\":\"pt-BR\",\"@id\":\"https:\/\/portalraizesnoticias.com.br\/#\/schema\/logo\/image\/\",\"url\":\"https:\/\/portalraizesnoticias.com.br\/wp-content\/uploads\/2024\/09\/cropped-Captura-de-tela-2024-09-08-011108.png\",\"contentUrl\":\"https:\/\/portalraizesnoticias.com.br\/wp-content\/uploads\/2024\/09\/cropped-Captura-de-tela-2024-09-08-011108.png\",\"width\":606,\"height\":173,\"caption\":\"Portal raizes NOTICIAS\"},\"image\":{\"@id\":\"https:\/\/portalraizesnoticias.com.br\/#\/schema\/logo\/image\/\"}},{\"@type\":\"Person\",\"@id\":\"https:\/\/portalraizesnoticias.com.br\/#\/schema\/person\/a3ca6b0fc701e78df19756c417d943ae\",\"name\":\"Portal Raizes\",\"image\":{\"@type\":\"ImageObject\",\"inLanguage\":\"pt-BR\",\"@id\":\"https:\/\/portalraizesnoticias.com.br\/#\/schema\/person\/image\/\",\"url\":\"https:\/\/secure.gravatar.com\/avatar\/ef450d29013a3d3fba867a12a249d7b1?s=96&d=mm&r=g\",\"contentUrl\":\"https:\/\/secure.gravatar.com\/avatar\/ef450d29013a3d3fba867a12a249d7b1?s=96&d=mm&r=g\",\"caption\":\"Portal Raizes\"},\"url\":\"https:\/\/portalraizesnoticias.com.br\/?author=3\"}]}<\/script>\n<!-- \/ Yoast SEO plugin. -->","yoast_head_json":{"title":"V\u00eddeo: Tarc\u00edsio do Acordeon convida cantor e compositor coiteense para o palco e, juntos, interpretam sucesso nacional - Portal raizes noticias","robots":{"index":"index","follow":"follow","max-snippet":"max-snippet:-1","max-image-preview":"max-image-preview:large","max-video-preview":"max-video-preview:-1"},"canonical":"https:\/\/portalraizesnoticias.com.br\/?p=3246","og_locale":"pt_BR","og_type":"article","og_title":"V\u00eddeo: Tarc\u00edsio do Acordeon convida cantor e compositor coiteense para o palco e, juntos, interpretam sucesso nacional - Portal raizes noticias","og_description":"O cantor e compositor coiteense Duguinho do Acordeon surpreendeu o p\u00fablico que curtia o Hangar neste s\u00e1bado (21), no Est\u00e1dio Municipal de Concei\u00e7\u00e3o do Coit\u00e9.\u00a0 \u00a0 Com atra\u00e7\u00f5es consagradas no cen\u00e1rio musical brasileiro, Duguinho recebeu um convite para se apresentar com Tarc\u00edsio do Acordeon.\u00a0 \u00a0 Em entrevista \u00e0 jornalista Rafaela Rodrigues, Duguinho relatou que j\u00e1 teve oportunidade de realizar um trabalho com Tarc\u00edsio quando integrava a banda de Tierry e, ao visit\u00e1-lo no camarim, foi surpreendido com a proposta.\u00a0 Publicidade\u00a0 \u201cNa \u00e9poca em que Tierry gravou o DVD, Tarc\u00edsio fez participa\u00e7\u00e3o e, a partir daquele momento, nos tornamos parceiros.\u00a0No Hangar, fui aos bastidores somente cumpriment\u00e1-lo e ele me fez essa surpresa\u201d, contou Duguinho.\u00a0 \u00a0 Mesmo desprevenido, Tarc\u00edsio fez quest\u00e3o de providenciar um acordeon para Duguinho e, juntos, interpretaram a can\u00e7\u00e3o \u201cChorei na Vaquejada\u201d, um dos hits mais tocados em 2024. Confira o v\u00eddeo: \u00a0 \u201cFoi uma honra participar do show desse amigo incr\u00edvel, diferenciado e talentoso. Tarc\u00edsio \u00e9 um ser humano incr\u00edvel e me conceder essa oportunidade na minha cidade natal \u00e9 simplesmente gratificante\u201d, afirmou Duguinho.\u00a0 \u00a0 Duguinho, compositor de sucessos consagrados no Brasil, como &#8216;Let\u00edcia&#8217;, interpretada por Z\u00e9 Vaqueiro, &#8216;Hb20&#8217; (Tierry), Amoreco (Simone e Simaria), Mete seu Cachorro (L\u00e1 F\u00faria), Previs\u00e3o do Tempo (Claudia Leitte), Vers\u00f5es (Enzo Rabelo), entre outros, revelou \u00e0 jornalista Rafaela Rodrigues sobre uma poss\u00edvel parceria com Tarc\u00edsio do Acordeon.\u00a0 Publicidade\u00a0 \u201cNo camarim apresentei uma composi\u00e7\u00e3o, mas ainda n\u00e3o posso dar detalhes. O que posso dizer \u00e9 que vem algo bom que tenho a certeza de que ser\u00e1 abra\u00e7ado por todos&#8221;, finaliza. Reda\u00e7\u00e3o\u00a0 Foto: Rede Social\u00a0","og_url":"https:\/\/portalraizesnoticias.com.br\/?p=3246","og_site_name":"Portal raizes noticias","article_published_time":"2024-12-22T19:29:55+00:00","og_image":[{"width":1080,"height":1250,"url":"https:\/\/portalraizesnoticias.com.br\/wp-content\/uploads\/2024\/12\/IMG-20241222-WA0064.jpg","type":"image\/jpeg"}],"author":"Portal Raizes","twitter_card":"summary_large_image","twitter_misc":{"Escrito por":"Portal Raizes","Est. tempo de leitura":"3 minutos"},"schema":{"@context":"https:\/\/schema.org","@graph":[{"@type":"Article","@id":"https:\/\/portalraizesnoticias.com.br\/?p=3246#article","isPartOf":{"@id":"https:\/\/portalraizesnoticias.com.br\/?p=3246"},"author":{"name":"Portal Raizes","@id":"https:\/\/portalraizesnoticias.com.br\/#\/schema\/person\/a3ca6b0fc701e78df19756c417d943ae"},"headline":"V\u00eddeo: Tarc\u00edsio do Acordeon convida cantor e compositor coiteense para o palco e, juntos, interpretam sucesso nacional","datePublished":"2024-12-22T19:29:55+00:00","mainEntityOfPage":{"@id":"https:\/\/portalraizesnoticias.com.br\/?p=3246"},"wordCount":329,"commentCount":0,"publisher":{"@id":"https:\/\/portalraizesnoticias.com.br\/#organization"},"image":{"@id":"https:\/\/portalraizesnoticias.com.br\/?p=3246#primaryimage"},"thumbnailUrl":"https:\/\/portalraizesnoticias.com.br\/wp-content\/uploads\/2024\/12\/IMG-20241222-WA0064.jpg","keywords":["Cantor","Coit\u00e9","Compositor","Convite","Duguinho","Hangar 2024","Tarcisio do Arcodeon"],"articleSection":["DESTAQUES","ENTRETERIMENTO E CULTURA","ULTIMAS NOTICIAS"],"inLanguage":"pt-BR","potentialAction":[{"@type":"CommentAction","name":"Comment","target":["https:\/\/portalraizesnoticias.com.br\/?p=3246#respond"]}]},{"@type":"WebPage","@id":"https:\/\/portalraizesnoticias.com.br\/?p=3246","url":"https:\/\/portalraizesnoticias.com.br\/?p=3246","name":"V\u00eddeo: Tarc\u00edsio do Acordeon convida cantor e compositor coiteense para o palco e, juntos, interpretam sucesso nacional - Portal raizes noticias","isPartOf":{"@id":"https:\/\/portalraizesnoticias.com.br\/#website"},"primaryImageOfPage":{"@id":"https:\/\/portalraizesnoticias.com.br\/?p=3246#primaryimage"},"image":{"@id":"https:\/\/portalraizesnoticias.com.br\/?p=3246#primaryimage"},"thumbnailUrl":"https:\/\/portalraizesnoticias.com.br\/wp-content\/uploads\/2024\/12\/IMG-20241222-WA0064.jpg","datePublished":"2024-12-22T19:29:55+00:00","breadcrumb":{"@id":"https:\/\/portalraizesnoticias.com.br\/?p=3246#breadcrumb"},"inLanguage":"pt-BR","potentialAction":[{"@type":"ReadAction","target":["https:\/\/portalraizesnoticias.com.br\/?p=3246"]}]},{"@type":"ImageObject","inLanguage":"pt-BR","@id":"https:\/\/portalraizesnoticias.com.br\/?p=3246#primaryimage","url":"https:\/\/portalraizesnoticias.com.br\/wp-content\/uploads\/2024\/12\/IMG-20241222-WA0064.jpg","contentUrl":"https:\/\/portalraizesnoticias.com.br\/wp-content\/uploads\/2024\/12\/IMG-20241222-WA0064.jpg","width":1080,"height":1250},{"@type":"BreadcrumbList","@id":"https:\/\/portalraizesnoticias.com.br\/?p=3246#breadcrumb","itemListElement":[{"@type":"ListItem","position":1,"name":"In\u00edcio","item":"https:\/\/portalraizesnoticias.com.br\/"},{"@type":"ListItem","position":2,"name":"V\u00eddeo: Tarc\u00edsio do Acordeon convida cantor e compositor coiteense para o palco e, juntos, interpretam sucesso nacional"}]},{"@type":"WebSite","@id":"https:\/\/portalraizesnoticias.com.br\/#website","url":"https:\/\/portalraizesnoticias.com.br\/","name":"Portal raizes NOTICIAS","description":"site de noticias de concei\u00e7\u00e3o do coit\u00e9 e regi\u00e3o","publisher":{"@id":"https:\/\/portalraizesnoticias.com.br\/#organization"},"alternateName":"PORTAL RAIZES COIT\u00c9","potentialAction":[{"@type":"SearchAction","target":{"@type":"EntryPoint","urlTemplate":"https:\/\/portalraizesnoticias.com.br\/?s={search_term_string}"},"query-input":{"@type":"PropertyValueSpecification","valueRequired":true,"valueName":"search_term_string"}}],"inLanguage":"pt-BR"},{"@type":"Organization","@id":"https:\/\/portalraizesnoticias.com.br\/#organization","name":"Portal raizes NOTICIAS","url":"https:\/\/portalraizesnoticias.com.br\/","logo":{"@type":"ImageObject","inLanguage":"pt-BR","@id":"https:\/\/portalraizesnoticias.com.br\/#\/schema\/logo\/image\/","url":"https:\/\/portalraizesnoticias.com.br\/wp-content\/uploads\/2024\/09\/cropped-Captura-de-tela-2024-09-08-011108.png","contentUrl":"https:\/\/portalraizesnoticias.com.br\/wp-content\/uploads\/2024\/09\/cropped-Captura-de-tela-2024-09-08-011108.png","width":606,"height":173,"caption":"Portal raizes NOTICIAS"},"image":{"@id":"https:\/\/portalraizesnoticias.com.br\/#\/schema\/logo\/image\/"}},{"@type":"Person","@id":"https:\/\/portalraizesnoticias.com.br\/#\/schema\/person\/a3ca6b0fc701e78df19756c417d943ae","name":"Portal Raizes","image":{"@type":"ImageObject","inLanguage":"pt-BR","@id":"https:\/\/portalraizesnoticias.com.br\/#\/schema\/person\/image\/","url":"https:\/\/secure.gravatar.com\/avatar\/ef450d29013a3d3fba867a12a249d7b1?s=96&d=mm&r=g","contentUrl":"https:\/\/secure.gravatar.com\/avatar\/ef450d29013a3d3fba867a12a249d7b1?s=96&d=mm&r=g","caption":"Portal Raizes"},"url":"https:\/\/portalraizesnoticias.com.br\/?author=3"}]}},"_links":{"self":[{"href":"https:\/\/portalraizesnoticias.com.br\/index.php?rest_route=\/wp\/v2\/posts\/3246"}],"collection":[{"href":"https:\/\/portalraizesnoticias.com.br\/index.php?rest_route=\/wp\/v2\/posts"}],"about":[{"href":"https:\/\/portalraizesnoticias.com.br\/index.php?rest_route=\/wp\/v2\/types\/post"}],"author":[{"embeddable":true,"href":"https:\/\/portalraizesnoticias.com.br\/index.php?rest_route=\/wp\/v2\/users\/3"}],"replies":[{"embeddable":true,"href":"https:\/\/portalraizesnoticias.com.br\/index.php?rest_route=%2Fwp%2Fv2%2Fcomments&post=3246"}],"version-history":[{"count":1,"href":"https:\/\/portalraizesnoticias.com.br\/index.php?rest_route=\/wp\/v2\/posts\/3246\/revisions"}],"predecessor-version":[{"id":3251,"href":"https:\/\/portalraizesnoticias.com.br\/index.php?rest_route=\/wp\/v2\/posts\/3246\/revisions\/3251"}],"wp:featuredmedia":[{"embeddable":true,"href":"https:\/\/portalraizesnoticias.com.br\/index.php?rest_route=\/wp\/v2\/media\/3250"}],"wp:attachment":[{"href":"https:\/\/portalraizesnoticias.com.br\/index.php?rest_route=%2Fwp%2Fv2%2Fmedia&parent=3246"}],"wp:term":[{"taxonomy":"category","embeddable":true,"href":"https:\/\/portalraizesnoticias.com.br\/index.php?rest_route=%2Fwp%2Fv2%2Fcategories&post=3246"},{"taxonomy":"post_tag","embeddable":true,"href":"https:\/\/portalraizesnoticias.com.br\/index.php?rest_route=%2Fwp%2Fv2%2Ftags&post=3246"}],"curies":[{"name":"wp","href":"https:\/\/api.w.org\/{rel}","templated":true}]}}