{"id":3241,"date":"2024-12-22T09:58:19","date_gmt":"2024-12-22T12:58:19","guid":{"rendered":"https:\/\/portalraizesnoticias.com.br\/?p=3241"},"modified":"2024-12-22T10:00:00","modified_gmt":"2024-12-22T13:00:00","slug":"suspeito-de-agredir-esposa-e-atirar-contra-portao-da-residencia-e-preso-no-bairro-alto-da-colina-em-conceicao-do-coite","status":"publish","type":"post","link":"https:\/\/portalraizesnoticias.com.br\/?p=3241","title":{"rendered":"Suspeito de agredir esposa e atirar contra port\u00e3o da resid\u00eancia \u00e9 preso no bairro Alto da Colina em Concei\u00e7\u00e3o do Coit\u00e9"},"content":{"rendered":"<p>Por volta das 21h58 deste s\u00e1bado (21), um homem foi preso ap\u00f3s agredir a companheira e disparar com uma arma de fogo contra o port\u00e3o da resid\u00eancia localizada no bairro Alto da Colina, em Concei\u00e7\u00e3o do Coit\u00e9.<\/p>\n<p><img fetchpriority=\"high\" decoding=\"async\" class=\"size-medium wp-image-3243 aligncenter\" src=\"https:\/\/portalraizesnoticias.com.br\/wp-content\/uploads\/2024\/12\/IMG-20241222-WA0137-300x277.jpg\" alt=\"\" width=\"300\" height=\"277\" srcset=\"https:\/\/portalraizesnoticias.com.br\/wp-content\/uploads\/2024\/12\/IMG-20241222-WA0137-300x277.jpg 300w, https:\/\/portalraizesnoticias.com.br\/wp-content\/uploads\/2024\/12\/IMG-20241222-WA0137-1024x946.jpg 1024w, https:\/\/portalraizesnoticias.com.br\/wp-content\/uploads\/2024\/12\/IMG-20241222-WA0137-768x709.jpg 768w, https:\/\/portalraizesnoticias.com.br\/wp-content\/uploads\/2024\/12\/IMG-20241222-WA0137.jpg 1280w\" sizes=\"(max-width: 300px) 100vw, 300px\" \/><\/p>\n<p>De acordo com informa\u00e7\u00f5es apuradas pela jornalista Rafaela Rodrigues junto \u00e1 Pol\u00edcia Militar, uma liga\u00e7\u00e3o an\u00f4nima resultou na chegada da guarni\u00e7\u00e3o \u00e0 resid\u00eancia do suspeito.<\/p>\n<p><img decoding=\"async\" class=\"size-medium wp-image-3171 aligncenter\" src=\"https:\/\/portalraizesnoticias.com.br\/wp-content\/uploads\/2024\/12\/Brasao-Clube-de-Tiro-vetorizado-2-300x176.png\" alt=\"\" width=\"300\" height=\"176\" srcset=\"https:\/\/portalraizesnoticias.com.br\/wp-content\/uploads\/2024\/12\/Brasao-Clube-de-Tiro-vetorizado-2-300x176.png 300w, https:\/\/portalraizesnoticias.com.br\/wp-content\/uploads\/2024\/12\/Brasao-Clube-de-Tiro-vetorizado-2-1024x602.png 1024w, https:\/\/portalraizesnoticias.com.br\/wp-content\/uploads\/2024\/12\/Brasao-Clube-de-Tiro-vetorizado-2-768x451.png 768w, https:\/\/portalraizesnoticias.com.br\/wp-content\/uploads\/2024\/12\/Brasao-Clube-de-Tiro-vetorizado-2-1536x902.png 1536w, https:\/\/portalraizesnoticias.com.br\/wp-content\/uploads\/2024\/12\/Brasao-Clube-de-Tiro-vetorizado-2-2048x1203.png 2048w\" sizes=\"(max-width: 300px) 100vw, 300px\" \/><\/p>\n<p style=\"text-align: center;\"><strong>Publicidade<\/strong><\/p>\n<p>Ao chegarem ao local, os policiais da 4\u00b0 Cia do munic\u00edpio se depararam com os port\u00f5es abertos e o homem apresentando comportamento agressivo sob porte de uma arma de calibre 9 mm o qual ele n\u00e3o possu\u00eda porte. As autoridades encontraram marcas de poss\u00edveis tiros no port\u00e3o.<\/p>\n<p><img decoding=\"async\" class=\"size-medium wp-image-1905 aligncenter\" src=\"https:\/\/portalraizesnoticias.com.br\/wp-content\/uploads\/2024\/10\/Banner-quadrado-Mercadinho-Carneiro-1-300x300.jpg\" alt=\"\" width=\"300\" height=\"300\" srcset=\"https:\/\/portalraizesnoticias.com.br\/wp-content\/uploads\/2024\/10\/Banner-quadrado-Mercadinho-Carneiro-1-300x300.jpg 300w, https:\/\/portalraizesnoticias.com.br\/wp-content\/uploads\/2024\/10\/Banner-quadrado-Mercadinho-Carneiro-1-1024x1024.jpg 1024w, https:\/\/portalraizesnoticias.com.br\/wp-content\/uploads\/2024\/10\/Banner-quadrado-Mercadinho-Carneiro-1-150x150.jpg 150w, https:\/\/portalraizesnoticias.com.br\/wp-content\/uploads\/2024\/10\/Banner-quadrado-Mercadinho-Carneiro-1-768x768.jpg 768w, https:\/\/portalraizesnoticias.com.br\/wp-content\/uploads\/2024\/10\/Banner-quadrado-Mercadinho-Carneiro-1-200x200.jpg 200w, https:\/\/portalraizesnoticias.com.br\/wp-content\/uploads\/2024\/10\/Banner-quadrado-Mercadinho-Carneiro-1-700x700.jpg 700w, https:\/\/portalraizesnoticias.com.br\/wp-content\/uploads\/2024\/10\/Banner-quadrado-Mercadinho-Carneiro-1-620x620.jpg 620w, https:\/\/portalraizesnoticias.com.br\/wp-content\/uploads\/2024\/10\/Banner-quadrado-Mercadinho-Carneiro-1-400x400.jpg 400w, https:\/\/portalraizesnoticias.com.br\/wp-content\/uploads\/2024\/10\/Banner-quadrado-Mercadinho-Carneiro-1.jpg 1080w\" sizes=\"(max-width: 300px) 100vw, 300px\" \/><\/p>\n<blockquote>\n<p style=\"text-align: center;\"><strong>Publicidade<\/strong><\/p>\n<\/blockquote>\n<p>A esposa do suspeito tamb\u00e9m apresentou ferimentos na boca e no bra\u00e7o esquerdo.<\/p>\n<p>Diante da situa\u00e7\u00e3o, o suspeito e a v\u00edtima foram conduzidos \u00e0 delegacia, onde foram tomadas as medidas adequadas<\/p>\n<p>Reda\u00e7\u00e3o<\/p>\n","protected":false},"excerpt":{"rendered":"<p>Por volta das 21h58 deste s\u00e1bado (21), um homem foi preso ap\u00f3s agredir a companheira e disparar com uma arma de fogo contra o port\u00e3o da resid\u00eancia localizada no bairro Alto da Colina, em Concei\u00e7\u00e3o do Coit\u00e9. De acordo com informa\u00e7\u00f5es apuradas pela jornalista Rafaela Rodrigues junto \u00e1 Pol\u00edcia Militar, uma liga\u00e7\u00e3o an\u00f4nima resultou na chegada da guarni\u00e7\u00e3o \u00e0 resid\u00eancia do suspeito. Publicidade Ao chegarem ao local, os policiais da 4\u00b0 Cia do munic\u00edpio se depararam com os port\u00f5es abertos e o homem apresentando comportamento agressivo sob porte de uma arma de calibre 9 mm o qual ele n\u00e3o possu\u00eda porte. As autoridades encontraram marcas de poss\u00edveis tiros no port\u00e3o. Publicidade A esposa do suspeito tamb\u00e9m apresentou ferimentos na boca e no bra\u00e7o esquerdo. Diante da situa\u00e7\u00e3o, o suspeito e a v\u00edtima foram conduzidos \u00e0 delegacia, onde foram tomadas as medidas adequadas Reda\u00e7\u00e3o<\/p>\n","protected":false},"author":3,"featured_media":3242,"comment_status":"open","ping_status":"open","sticky":false,"template":"","format":"standard","meta":{"_joinchat":[],"footnotes":""},"categories":[55,67,59],"tags":[489,75,236,248],"class_list":["post-3241","post","type-post","status-publish","format-standard","has-post-thumbnail","hentry","category-destaques","category-policia","category-ultimas-noticias","tag-alto-da-colina","tag-coite","tag-preso","tag-suspeito"],"yoast_head":"<!-- This site is optimized with the Yoast SEO plugin v24.4 - https:\/\/yoast.com\/wordpress\/plugins\/seo\/ -->\n<title>Suspeito de agredir esposa e atirar contra port\u00e3o da resid\u00eancia \u00e9 preso no bairro Alto da Colina em Concei\u00e7\u00e3o do Coit\u00e9 - Portal raizes noticias<\/title>\n<meta name=\"robots\" content=\"index, follow, max-snippet:-1, max-image-preview:large, max-video-preview:-1\" \/>\n<link rel=\"canonical\" href=\"https:\/\/portalraizesnoticias.com.br\/?p=3241\" \/>\n<meta property=\"og:locale\" content=\"pt_BR\" \/>\n<meta property=\"og:type\" content=\"article\" \/>\n<meta property=\"og:title\" content=\"Suspeito de agredir esposa e atirar contra port\u00e3o da resid\u00eancia \u00e9 preso no bairro Alto da Colina em Concei\u00e7\u00e3o do Coit\u00e9 - Portal raizes noticias\" \/>\n<meta property=\"og:description\" content=\"Por volta das 21h58 deste s\u00e1bado (21), um homem foi preso ap\u00f3s agredir a companheira e disparar com uma arma de fogo contra o port\u00e3o da resid\u00eancia localizada no bairro Alto da Colina, em Concei\u00e7\u00e3o do Coit\u00e9. De acordo com informa\u00e7\u00f5es apuradas pela jornalista Rafaela Rodrigues junto \u00e1 Pol\u00edcia Militar, uma liga\u00e7\u00e3o an\u00f4nima resultou na chegada da guarni\u00e7\u00e3o \u00e0 resid\u00eancia do suspeito. Publicidade Ao chegarem ao local, os policiais da 4\u00b0 Cia do munic\u00edpio se depararam com os port\u00f5es abertos e o homem apresentando comportamento agressivo sob porte de uma arma de calibre 9 mm o qual ele n\u00e3o possu\u00eda porte. As autoridades encontraram marcas de poss\u00edveis tiros no port\u00e3o. Publicidade A esposa do suspeito tamb\u00e9m apresentou ferimentos na boca e no bra\u00e7o esquerdo. Diante da situa\u00e7\u00e3o, o suspeito e a v\u00edtima foram conduzidos \u00e0 delegacia, onde foram tomadas as medidas adequadas Reda\u00e7\u00e3o\" \/>\n<meta property=\"og:url\" content=\"https:\/\/portalraizesnoticias.com.br\/?p=3241\" \/>\n<meta property=\"og:site_name\" content=\"Portal raizes noticias\" \/>\n<meta property=\"article:published_time\" content=\"2024-12-22T12:58:19+00:00\" \/>\n<meta property=\"article:modified_time\" content=\"2024-12-22T13:00:00+00:00\" \/>\n<meta property=\"og:image\" content=\"https:\/\/portalraizesnoticias.com.br\/wp-content\/uploads\/2024\/12\/IMG-20241222-WA0138.jpg\" \/>\n\t<meta property=\"og:image:width\" content=\"960\" \/>\n\t<meta property=\"og:image:height\" content=\"1280\" \/>\n\t<meta property=\"og:image:type\" content=\"image\/jpeg\" \/>\n<meta name=\"author\" content=\"Portal Raizes\" \/>\n<meta name=\"twitter:card\" content=\"summary_large_image\" \/>\n<meta name=\"twitter:label1\" content=\"Escrito por\" \/>\n\t<meta name=\"twitter:data1\" content=\"Portal Raizes\" \/>\n\t<meta name=\"twitter:label2\" content=\"Est. tempo de leitura\" \/>\n\t<meta name=\"twitter:data2\" content=\"2 minutos\" \/>\n<script type=\"application\/ld+json\" class=\"yoast-schema-graph\">{\"@context\":\"https:\/\/schema.org\",\"@graph\":[{\"@type\":\"Article\",\"@id\":\"https:\/\/portalraizesnoticias.com.br\/?p=3241#article\",\"isPartOf\":{\"@id\":\"https:\/\/portalraizesnoticias.com.br\/?p=3241\"},\"author\":{\"name\":\"Portal Raizes\",\"@id\":\"https:\/\/portalraizesnoticias.com.br\/#\/schema\/person\/a3ca6b0fc701e78df19756c417d943ae\"},\"headline\":\"Suspeito de agredir esposa e atirar contra port\u00e3o da resid\u00eancia \u00e9 preso no bairro Alto da Colina em Concei\u00e7\u00e3o do Coit\u00e9\",\"datePublished\":\"2024-12-22T12:58:19+00:00\",\"dateModified\":\"2024-12-22T13:00:00+00:00\",\"mainEntityOfPage\":{\"@id\":\"https:\/\/portalraizesnoticias.com.br\/?p=3241\"},\"wordCount\":182,\"commentCount\":0,\"publisher\":{\"@id\":\"https:\/\/portalraizesnoticias.com.br\/#organization\"},\"image\":{\"@id\":\"https:\/\/portalraizesnoticias.com.br\/?p=3241#primaryimage\"},\"thumbnailUrl\":\"https:\/\/portalraizesnoticias.com.br\/wp-content\/uploads\/2024\/12\/IMG-20241222-WA0138.jpg\",\"keywords\":[\"Alto da colina\",\"Coit\u00e9\",\"Preso\",\"Suspeito\"],\"articleSection\":[\"DESTAQUES\",\"POLICIA\",\"ULTIMAS NOTICIAS\"],\"inLanguage\":\"pt-BR\",\"potentialAction\":[{\"@type\":\"CommentAction\",\"name\":\"Comment\",\"target\":[\"https:\/\/portalraizesnoticias.com.br\/?p=3241#respond\"]}]},{\"@type\":\"WebPage\",\"@id\":\"https:\/\/portalraizesnoticias.com.br\/?p=3241\",\"url\":\"https:\/\/portalraizesnoticias.com.br\/?p=3241\",\"name\":\"Suspeito de agredir esposa e atirar contra port\u00e3o da resid\u00eancia \u00e9 preso no bairro Alto da Colina em Concei\u00e7\u00e3o do Coit\u00e9 - Portal raizes noticias\",\"isPartOf\":{\"@id\":\"https:\/\/portalraizesnoticias.com.br\/#website\"},\"primaryImageOfPage\":{\"@id\":\"https:\/\/portalraizesnoticias.com.br\/?p=3241#primaryimage\"},\"image\":{\"@id\":\"https:\/\/portalraizesnoticias.com.br\/?p=3241#primaryimage\"},\"thumbnailUrl\":\"https:\/\/portalraizesnoticias.com.br\/wp-content\/uploads\/2024\/12\/IMG-20241222-WA0138.jpg\",\"datePublished\":\"2024-12-22T12:58:19+00:00\",\"dateModified\":\"2024-12-22T13:00:00+00:00\",\"breadcrumb\":{\"@id\":\"https:\/\/portalraizesnoticias.com.br\/?p=3241#breadcrumb\"},\"inLanguage\":\"pt-BR\",\"potentialAction\":[{\"@type\":\"ReadAction\",\"target\":[\"https:\/\/portalraizesnoticias.com.br\/?p=3241\"]}]},{\"@type\":\"ImageObject\",\"inLanguage\":\"pt-BR\",\"@id\":\"https:\/\/portalraizesnoticias.com.br\/?p=3241#primaryimage\",\"url\":\"https:\/\/portalraizesnoticias.com.br\/wp-content\/uploads\/2024\/12\/IMG-20241222-WA0138.jpg\",\"contentUrl\":\"https:\/\/portalraizesnoticias.com.br\/wp-content\/uploads\/2024\/12\/IMG-20241222-WA0138.jpg\",\"width\":960,\"height\":1280},{\"@type\":\"BreadcrumbList\",\"@id\":\"https:\/\/portalraizesnoticias.com.br\/?p=3241#breadcrumb\",\"itemListElement\":[{\"@type\":\"ListItem\",\"position\":1,\"name\":\"In\u00edcio\",\"item\":\"https:\/\/portalraizesnoticias.com.br\/\"},{\"@type\":\"ListItem\",\"position\":2,\"name\":\"Suspeito de agredir esposa e atirar contra port\u00e3o da resid\u00eancia \u00e9 preso no bairro Alto da Colina em Concei\u00e7\u00e3o do Coit\u00e9\"}]},{\"@type\":\"WebSite\",\"@id\":\"https:\/\/portalraizesnoticias.com.br\/#website\",\"url\":\"https:\/\/portalraizesnoticias.com.br\/\",\"name\":\"Portal raizes NOTICIAS\",\"description\":\"site de noticias de concei\u00e7\u00e3o do coit\u00e9 e regi\u00e3o\",\"publisher\":{\"@id\":\"https:\/\/portalraizesnoticias.com.br\/#organization\"},\"alternateName\":\"PORTAL RAIZES COIT\u00c9\",\"potentialAction\":[{\"@type\":\"SearchAction\",\"target\":{\"@type\":\"EntryPoint\",\"urlTemplate\":\"https:\/\/portalraizesnoticias.com.br\/?s={search_term_string}\"},\"query-input\":{\"@type\":\"PropertyValueSpecification\",\"valueRequired\":true,\"valueName\":\"search_term_string\"}}],\"inLanguage\":\"pt-BR\"},{\"@type\":\"Organization\",\"@id\":\"https:\/\/portalraizesnoticias.com.br\/#organization\",\"name\":\"Portal raizes NOTICIAS\",\"url\":\"https:\/\/portalraizesnoticias.com.br\/\",\"logo\":{\"@type\":\"ImageObject\",\"inLanguage\":\"pt-BR\",\"@id\":\"https:\/\/portalraizesnoticias.com.br\/#\/schema\/logo\/image\/\",\"url\":\"https:\/\/portalraizesnoticias.com.br\/wp-content\/uploads\/2024\/09\/cropped-Captura-de-tela-2024-09-08-011108.png\",\"contentUrl\":\"https:\/\/portalraizesnoticias.com.br\/wp-content\/uploads\/2024\/09\/cropped-Captura-de-tela-2024-09-08-011108.png\",\"width\":606,\"height\":173,\"caption\":\"Portal raizes NOTICIAS\"},\"image\":{\"@id\":\"https:\/\/portalraizesnoticias.com.br\/#\/schema\/logo\/image\/\"}},{\"@type\":\"Person\",\"@id\":\"https:\/\/portalraizesnoticias.com.br\/#\/schema\/person\/a3ca6b0fc701e78df19756c417d943ae\",\"name\":\"Portal Raizes\",\"image\":{\"@type\":\"ImageObject\",\"inLanguage\":\"pt-BR\",\"@id\":\"https:\/\/portalraizesnoticias.com.br\/#\/schema\/person\/image\/\",\"url\":\"https:\/\/secure.gravatar.com\/avatar\/ef450d29013a3d3fba867a12a249d7b1?s=96&d=mm&r=g\",\"contentUrl\":\"https:\/\/secure.gravatar.com\/avatar\/ef450d29013a3d3fba867a12a249d7b1?s=96&d=mm&r=g\",\"caption\":\"Portal Raizes\"},\"url\":\"https:\/\/portalraizesnoticias.com.br\/?author=3\"}]}<\/script>\n<!-- \/ Yoast SEO plugin. -->","yoast_head_json":{"title":"Suspeito de agredir esposa e atirar contra port\u00e3o da resid\u00eancia \u00e9 preso no bairro Alto da Colina em Concei\u00e7\u00e3o do Coit\u00e9 - Portal raizes noticias","robots":{"index":"index","follow":"follow","max-snippet":"max-snippet:-1","max-image-preview":"max-image-preview:large","max-video-preview":"max-video-preview:-1"},"canonical":"https:\/\/portalraizesnoticias.com.br\/?p=3241","og_locale":"pt_BR","og_type":"article","og_title":"Suspeito de agredir esposa e atirar contra port\u00e3o da resid\u00eancia \u00e9 preso no bairro Alto da Colina em Concei\u00e7\u00e3o do Coit\u00e9 - Portal raizes noticias","og_description":"Por volta das 21h58 deste s\u00e1bado (21), um homem foi preso ap\u00f3s agredir a companheira e disparar com uma arma de fogo contra o port\u00e3o da resid\u00eancia localizada no bairro Alto da Colina, em Concei\u00e7\u00e3o do Coit\u00e9. De acordo com informa\u00e7\u00f5es apuradas pela jornalista Rafaela Rodrigues junto \u00e1 Pol\u00edcia Militar, uma liga\u00e7\u00e3o an\u00f4nima resultou na chegada da guarni\u00e7\u00e3o \u00e0 resid\u00eancia do suspeito. Publicidade Ao chegarem ao local, os policiais da 4\u00b0 Cia do munic\u00edpio se depararam com os port\u00f5es abertos e o homem apresentando comportamento agressivo sob porte de uma arma de calibre 9 mm o qual ele n\u00e3o possu\u00eda porte. As autoridades encontraram marcas de poss\u00edveis tiros no port\u00e3o. Publicidade A esposa do suspeito tamb\u00e9m apresentou ferimentos na boca e no bra\u00e7o esquerdo. Diante da situa\u00e7\u00e3o, o suspeito e a v\u00edtima foram conduzidos \u00e0 delegacia, onde foram tomadas as medidas adequadas Reda\u00e7\u00e3o","og_url":"https:\/\/portalraizesnoticias.com.br\/?p=3241","og_site_name":"Portal raizes noticias","article_published_time":"2024-12-22T12:58:19+00:00","article_modified_time":"2024-12-22T13:00:00+00:00","og_image":[{"width":960,"height":1280,"url":"https:\/\/portalraizesnoticias.com.br\/wp-content\/uploads\/2024\/12\/IMG-20241222-WA0138.jpg","type":"image\/jpeg"}],"author":"Portal Raizes","twitter_card":"summary_large_image","twitter_misc":{"Escrito por":"Portal Raizes","Est. tempo de leitura":"2 minutos"},"schema":{"@context":"https:\/\/schema.org","@graph":[{"@type":"Article","@id":"https:\/\/portalraizesnoticias.com.br\/?p=3241#article","isPartOf":{"@id":"https:\/\/portalraizesnoticias.com.br\/?p=3241"},"author":{"name":"Portal Raizes","@id":"https:\/\/portalraizesnoticias.com.br\/#\/schema\/person\/a3ca6b0fc701e78df19756c417d943ae"},"headline":"Suspeito de agredir esposa e atirar contra port\u00e3o da resid\u00eancia \u00e9 preso no bairro Alto da Colina em Concei\u00e7\u00e3o do Coit\u00e9","datePublished":"2024-12-22T12:58:19+00:00","dateModified":"2024-12-22T13:00:00+00:00","mainEntityOfPage":{"@id":"https:\/\/portalraizesnoticias.com.br\/?p=3241"},"wordCount":182,"commentCount":0,"publisher":{"@id":"https:\/\/portalraizesnoticias.com.br\/#organization"},"image":{"@id":"https:\/\/portalraizesnoticias.com.br\/?p=3241#primaryimage"},"thumbnailUrl":"https:\/\/portalraizesnoticias.com.br\/wp-content\/uploads\/2024\/12\/IMG-20241222-WA0138.jpg","keywords":["Alto da colina","Coit\u00e9","Preso","Suspeito"],"articleSection":["DESTAQUES","POLICIA","ULTIMAS NOTICIAS"],"inLanguage":"pt-BR","potentialAction":[{"@type":"CommentAction","name":"Comment","target":["https:\/\/portalraizesnoticias.com.br\/?p=3241#respond"]}]},{"@type":"WebPage","@id":"https:\/\/portalraizesnoticias.com.br\/?p=3241","url":"https:\/\/portalraizesnoticias.com.br\/?p=3241","name":"Suspeito de agredir esposa e atirar contra port\u00e3o da resid\u00eancia \u00e9 preso no bairro Alto da Colina em Concei\u00e7\u00e3o do Coit\u00e9 - Portal raizes noticias","isPartOf":{"@id":"https:\/\/portalraizesnoticias.com.br\/#website"},"primaryImageOfPage":{"@id":"https:\/\/portalraizesnoticias.com.br\/?p=3241#primaryimage"},"image":{"@id":"https:\/\/portalraizesnoticias.com.br\/?p=3241#primaryimage"},"thumbnailUrl":"https:\/\/portalraizesnoticias.com.br\/wp-content\/uploads\/2024\/12\/IMG-20241222-WA0138.jpg","datePublished":"2024-12-22T12:58:19+00:00","dateModified":"2024-12-22T13:00:00+00:00","breadcrumb":{"@id":"https:\/\/portalraizesnoticias.com.br\/?p=3241#breadcrumb"},"inLanguage":"pt-BR","potentialAction":[{"@type":"ReadAction","target":["https:\/\/portalraizesnoticias.com.br\/?p=3241"]}]},{"@type":"ImageObject","inLanguage":"pt-BR","@id":"https:\/\/portalraizesnoticias.com.br\/?p=3241#primaryimage","url":"https:\/\/portalraizesnoticias.com.br\/wp-content\/uploads\/2024\/12\/IMG-20241222-WA0138.jpg","contentUrl":"https:\/\/portalraizesnoticias.com.br\/wp-content\/uploads\/2024\/12\/IMG-20241222-WA0138.jpg","width":960,"height":1280},{"@type":"BreadcrumbList","@id":"https:\/\/portalraizesnoticias.com.br\/?p=3241#breadcrumb","itemListElement":[{"@type":"ListItem","position":1,"name":"In\u00edcio","item":"https:\/\/portalraizesnoticias.com.br\/"},{"@type":"ListItem","position":2,"name":"Suspeito de agredir esposa e atirar contra port\u00e3o da resid\u00eancia \u00e9 preso no bairro Alto da Colina em Concei\u00e7\u00e3o do Coit\u00e9"}]},{"@type":"WebSite","@id":"https:\/\/portalraizesnoticias.com.br\/#website","url":"https:\/\/portalraizesnoticias.com.br\/","name":"Portal raizes NOTICIAS","description":"site de noticias de concei\u00e7\u00e3o do coit\u00e9 e regi\u00e3o","publisher":{"@id":"https:\/\/portalraizesnoticias.com.br\/#organization"},"alternateName":"PORTAL RAIZES COIT\u00c9","potentialAction":[{"@type":"SearchAction","target":{"@type":"EntryPoint","urlTemplate":"https:\/\/portalraizesnoticias.com.br\/?s={search_term_string}"},"query-input":{"@type":"PropertyValueSpecification","valueRequired":true,"valueName":"search_term_string"}}],"inLanguage":"pt-BR"},{"@type":"Organization","@id":"https:\/\/portalraizesnoticias.com.br\/#organization","name":"Portal raizes NOTICIAS","url":"https:\/\/portalraizesnoticias.com.br\/","logo":{"@type":"ImageObject","inLanguage":"pt-BR","@id":"https:\/\/portalraizesnoticias.com.br\/#\/schema\/logo\/image\/","url":"https:\/\/portalraizesnoticias.com.br\/wp-content\/uploads\/2024\/09\/cropped-Captura-de-tela-2024-09-08-011108.png","contentUrl":"https:\/\/portalraizesnoticias.com.br\/wp-content\/uploads\/2024\/09\/cropped-Captura-de-tela-2024-09-08-011108.png","width":606,"height":173,"caption":"Portal raizes NOTICIAS"},"image":{"@id":"https:\/\/portalraizesnoticias.com.br\/#\/schema\/logo\/image\/"}},{"@type":"Person","@id":"https:\/\/portalraizesnoticias.com.br\/#\/schema\/person\/a3ca6b0fc701e78df19756c417d943ae","name":"Portal Raizes","image":{"@type":"ImageObject","inLanguage":"pt-BR","@id":"https:\/\/portalraizesnoticias.com.br\/#\/schema\/person\/image\/","url":"https:\/\/secure.gravatar.com\/avatar\/ef450d29013a3d3fba867a12a249d7b1?s=96&d=mm&r=g","contentUrl":"https:\/\/secure.gravatar.com\/avatar\/ef450d29013a3d3fba867a12a249d7b1?s=96&d=mm&r=g","caption":"Portal Raizes"},"url":"https:\/\/portalraizesnoticias.com.br\/?author=3"}]}},"_links":{"self":[{"href":"https:\/\/portalraizesnoticias.com.br\/index.php?rest_route=\/wp\/v2\/posts\/3241"}],"collection":[{"href":"https:\/\/portalraizesnoticias.com.br\/index.php?rest_route=\/wp\/v2\/posts"}],"about":[{"href":"https:\/\/portalraizesnoticias.com.br\/index.php?rest_route=\/wp\/v2\/types\/post"}],"author":[{"embeddable":true,"href":"https:\/\/portalraizesnoticias.com.br\/index.php?rest_route=\/wp\/v2\/users\/3"}],"replies":[{"embeddable":true,"href":"https:\/\/portalraizesnoticias.com.br\/index.php?rest_route=%2Fwp%2Fv2%2Fcomments&post=3241"}],"version-history":[{"count":2,"href":"https:\/\/portalraizesnoticias.com.br\/index.php?rest_route=\/wp\/v2\/posts\/3241\/revisions"}],"predecessor-version":[{"id":3245,"href":"https:\/\/portalraizesnoticias.com.br\/index.php?rest_route=\/wp\/v2\/posts\/3241\/revisions\/3245"}],"wp:featuredmedia":[{"embeddable":true,"href":"https:\/\/portalraizesnoticias.com.br\/index.php?rest_route=\/wp\/v2\/media\/3242"}],"wp:attachment":[{"href":"https:\/\/portalraizesnoticias.com.br\/index.php?rest_route=%2Fwp%2Fv2%2Fmedia&parent=3241"}],"wp:term":[{"taxonomy":"category","embeddable":true,"href":"https:\/\/portalraizesnoticias.com.br\/index.php?rest_route=%2Fwp%2Fv2%2Fcategories&post=3241"},{"taxonomy":"post_tag","embeddable":true,"href":"https:\/\/portalraizesnoticias.com.br\/index.php?rest_route=%2Fwp%2Fv2%2Ftags&post=3241"}],"curies":[{"name":"wp","href":"https:\/\/api.w.org\/{rel}","templated":true}]}}