{"id":3001,"date":"2024-12-15T01:02:32","date_gmt":"2024-12-15T04:02:32","guid":{"rendered":"https:\/\/portalraizesnoticias.com.br\/?p=3001"},"modified":"2024-12-15T01:02:33","modified_gmt":"2024-12-15T04:02:33","slug":"pm-prende-homem-por-porte-ilegal-de-apos-suspeito-apontar-arma-para-motorista-no-transito-na-ba-120-em-conceicao-do-coite","status":"publish","type":"post","link":"https:\/\/portalraizesnoticias.com.br\/?p=3001","title":{"rendered":"PM prende homem por porte ilegal de ap\u00f3s suspeito apontar arma para motorista no tr\u00e2nsito na BA-120 em Concei\u00e7\u00e3o do Coit\u00e9"},"content":{"rendered":"\n<p><\/p>\n\n\n<p>Na noite de s\u00e1bado (14), um homem de 33 anos foi detido por porte ilegal de arma de fogo na BA-120, na localidade de Santa Rosa, em Concei\u00e7\u00e3o do Coit\u00e9, na regi\u00e3o do Sisal.<\/p>\n<p><img fetchpriority=\"high\" decoding=\"async\" class=\"size-medium wp-image-1905 aligncenter\" src=\"https:\/\/portalraizesnoticias.com.br\/wp-content\/uploads\/2024\/10\/Banner-quadrado-Mercadinho-Carneiro-1-300x300.jpg\" alt=\"\" width=\"300\" height=\"300\" srcset=\"https:\/\/portalraizesnoticias.com.br\/wp-content\/uploads\/2024\/10\/Banner-quadrado-Mercadinho-Carneiro-1-300x300.jpg 300w, https:\/\/portalraizesnoticias.com.br\/wp-content\/uploads\/2024\/10\/Banner-quadrado-Mercadinho-Carneiro-1-1024x1024.jpg 1024w, https:\/\/portalraizesnoticias.com.br\/wp-content\/uploads\/2024\/10\/Banner-quadrado-Mercadinho-Carneiro-1-150x150.jpg 150w, https:\/\/portalraizesnoticias.com.br\/wp-content\/uploads\/2024\/10\/Banner-quadrado-Mercadinho-Carneiro-1-768x768.jpg 768w, https:\/\/portalraizesnoticias.com.br\/wp-content\/uploads\/2024\/10\/Banner-quadrado-Mercadinho-Carneiro-1-200x200.jpg 200w, https:\/\/portalraizesnoticias.com.br\/wp-content\/uploads\/2024\/10\/Banner-quadrado-Mercadinho-Carneiro-1-700x700.jpg 700w, https:\/\/portalraizesnoticias.com.br\/wp-content\/uploads\/2024\/10\/Banner-quadrado-Mercadinho-Carneiro-1-620x620.jpg 620w, https:\/\/portalraizesnoticias.com.br\/wp-content\/uploads\/2024\/10\/Banner-quadrado-Mercadinho-Carneiro-1-400x400.jpg 400w, https:\/\/portalraizesnoticias.com.br\/wp-content\/uploads\/2024\/10\/Banner-quadrado-Mercadinho-Carneiro-1.jpg 1080w\" sizes=\"(max-width: 300px) 100vw, 300px\" \/><\/p>\n<p style=\"text-align: center;\"><strong>Publicidade<\/strong>\u00a0<\/p>\n<p>Segundo a Pol\u00edcia Militar, atrav\u00e9s da CETO-BASE AVAN\u00c7ADA de Retirol\u00e2ndia, um indiv\u00edduo procurou a equipe relatando ter sido abordado no tr\u00e2nsito por um carro Toyota Corolla de cor vinho. De acordo com ele, o motorista do ve\u00edculo apontou uma arma para ele antes de prosseguir em dire\u00e7\u00e3o \u00e0 cidade de Retirol\u00e2ndia.<\/p>\n<p><img decoding=\"async\" class=\"size-medium wp-image-1970 aligncenter\" src=\"https:\/\/portalraizesnoticias.com.br\/wp-content\/uploads\/2024\/11\/Banner-home-center-300x300.jpg\" alt=\"\" width=\"300\" height=\"300\" srcset=\"https:\/\/portalraizesnoticias.com.br\/wp-content\/uploads\/2024\/11\/Banner-home-center-300x300.jpg 300w, https:\/\/portalraizesnoticias.com.br\/wp-content\/uploads\/2024\/11\/Banner-home-center-1024x1024.jpg 1024w, https:\/\/portalraizesnoticias.com.br\/wp-content\/uploads\/2024\/11\/Banner-home-center-150x150.jpg 150w, https:\/\/portalraizesnoticias.com.br\/wp-content\/uploads\/2024\/11\/Banner-home-center-768x768.jpg 768w, https:\/\/portalraizesnoticias.com.br\/wp-content\/uploads\/2024\/11\/Banner-home-center-700x700.jpg 700w, https:\/\/portalraizesnoticias.com.br\/wp-content\/uploads\/2024\/11\/Banner-home-center-620x620.jpg 620w, https:\/\/portalraizesnoticias.com.br\/wp-content\/uploads\/2024\/11\/Banner-home-center-400x400.jpg 400w, https:\/\/portalraizesnoticias.com.br\/wp-content\/uploads\/2024\/11\/Banner-home-center.jpg 1080w\" sizes=\"(max-width: 300px) 100vw, 300px\" \/><\/p>\n<p style=\"text-align: center;\"><strong>Publicidade<\/strong><\/p>\n<p>A patrulha abordou o carro no distrito de Santa Rosa e, durante a revista, descobriu a arma de fogo no piso do banco do condutor. O motorista foi algemado e levado \u00e0 delegacia regional da Pol\u00edcia Civil, localizada na cidade de Riach\u00e3o do Jacu\u00edpe, para as medidas legais apropriadas.<\/p>\n<p>\u00a0<\/p>\n<p>Informa\u00e7\u00f5es extra\u00eddas do site Not\u00edcias de Coit\u00e9 parceiro do Portal Ra\u00edzes\u00a0<\/p>","protected":false},"excerpt":{"rendered":"<p>Na noite de s\u00e1bado (14), um homem de 33 anos foi detido por porte ilegal de arma de fogo na BA-120, na localidade de Santa Rosa, em Concei\u00e7\u00e3o do Coit\u00e9, na regi\u00e3o do Sisal. Publicidade\u00a0 Segundo a Pol\u00edcia Militar, atrav\u00e9s da CETO-BASE AVAN\u00c7ADA de Retirol\u00e2ndia, um indiv\u00edduo procurou a equipe relatando ter sido abordado no tr\u00e2nsito por um carro Toyota Corolla de cor vinho. De acordo com ele, o motorista do ve\u00edculo apontou uma arma para ele antes de prosseguir em dire\u00e7\u00e3o \u00e0 cidade de Retirol\u00e2ndia. Publicidade A patrulha abordou o carro no distrito de Santa Rosa e, durante a revista, descobriu a arma de fogo no piso do banco do condutor. O motorista foi algemado e levado \u00e0 delegacia regional da Pol\u00edcia Civil, localizada na cidade de Riach\u00e3o do Jacu\u00edpe, para as medidas legais apropriadas. \u00a0 Informa\u00e7\u00f5es extra\u00eddas do site Not\u00edcias de Coit\u00e9 parceiro do Portal Ra\u00edzes\u00a0<\/p>\n","protected":false},"author":3,"featured_media":3002,"comment_status":"open","ping_status":"open","sticky":false,"template":"","format":"standard","meta":{"_joinchat":[],"footnotes":""},"categories":[55,67,59],"tags":[75,142,441,236],"class_list":["post-3001","post","type-post","status-publish","format-standard","has-post-thumbnail","hentry","category-destaques","category-policia","category-ultimas-noticias","tag-coite","tag-homem","tag-porte","tag-preso"],"yoast_head":"<!-- This site is optimized with the Yoast SEO plugin v24.4 - https:\/\/yoast.com\/wordpress\/plugins\/seo\/ -->\n<title>PM prende homem por porte ilegal de ap\u00f3s suspeito apontar arma para motorista no tr\u00e2nsito na BA-120 em Concei\u00e7\u00e3o do Coit\u00e9 - Portal raizes noticias<\/title>\n<meta name=\"robots\" content=\"index, follow, max-snippet:-1, max-image-preview:large, max-video-preview:-1\" \/>\n<link rel=\"canonical\" href=\"https:\/\/portalraizesnoticias.com.br\/?p=3001\" \/>\n<meta property=\"og:locale\" content=\"pt_BR\" \/>\n<meta property=\"og:type\" content=\"article\" \/>\n<meta property=\"og:title\" content=\"PM prende homem por porte ilegal de ap\u00f3s suspeito apontar arma para motorista no tr\u00e2nsito na BA-120 em Concei\u00e7\u00e3o do Coit\u00e9 - Portal raizes noticias\" \/>\n<meta property=\"og:description\" content=\"Na noite de s\u00e1bado (14), um homem de 33 anos foi detido por porte ilegal de arma de fogo na BA-120, na localidade de Santa Rosa, em Concei\u00e7\u00e3o do Coit\u00e9, na regi\u00e3o do Sisal. Publicidade\u00a0 Segundo a Pol\u00edcia Militar, atrav\u00e9s da CETO-BASE AVAN\u00c7ADA de Retirol\u00e2ndia, um indiv\u00edduo procurou a equipe relatando ter sido abordado no tr\u00e2nsito por um carro Toyota Corolla de cor vinho. De acordo com ele, o motorista do ve\u00edculo apontou uma arma para ele antes de prosseguir em dire\u00e7\u00e3o \u00e0 cidade de Retirol\u00e2ndia. Publicidade A patrulha abordou o carro no distrito de Santa Rosa e, durante a revista, descobriu a arma de fogo no piso do banco do condutor. O motorista foi algemado e levado \u00e0 delegacia regional da Pol\u00edcia Civil, localizada na cidade de Riach\u00e3o do Jacu\u00edpe, para as medidas legais apropriadas. \u00a0 Informa\u00e7\u00f5es extra\u00eddas do site Not\u00edcias de Coit\u00e9 parceiro do Portal Ra\u00edzes\u00a0\" \/>\n<meta property=\"og:url\" content=\"https:\/\/portalraizesnoticias.com.br\/?p=3001\" \/>\n<meta property=\"og:site_name\" content=\"Portal raizes noticias\" \/>\n<meta property=\"article:published_time\" content=\"2024-12-15T04:02:32+00:00\" \/>\n<meta property=\"article:modified_time\" content=\"2024-12-15T04:02:33+00:00\" \/>\n<meta property=\"og:image\" content=\"https:\/\/portalraizesnoticias.com.br\/wp-content\/uploads\/2024\/12\/IMG-20241214-WA0431-1024x558-1.jpg\" \/>\n\t<meta property=\"og:image:width\" content=\"1024\" \/>\n\t<meta property=\"og:image:height\" content=\"558\" \/>\n\t<meta property=\"og:image:type\" content=\"image\/jpeg\" \/>\n<meta name=\"author\" content=\"Portal Raizes\" \/>\n<meta name=\"twitter:card\" content=\"summary_large_image\" \/>\n<meta name=\"twitter:label1\" content=\"Escrito por\" \/>\n\t<meta name=\"twitter:data1\" content=\"Portal Raizes\" \/>\n\t<meta name=\"twitter:label2\" content=\"Est. tempo de leitura\" \/>\n\t<meta name=\"twitter:data2\" content=\"2 minutos\" \/>\n<script type=\"application\/ld+json\" class=\"yoast-schema-graph\">{\"@context\":\"https:\/\/schema.org\",\"@graph\":[{\"@type\":\"Article\",\"@id\":\"https:\/\/portalraizesnoticias.com.br\/?p=3001#article\",\"isPartOf\":{\"@id\":\"https:\/\/portalraizesnoticias.com.br\/?p=3001\"},\"author\":{\"name\":\"Portal Raizes\",\"@id\":\"https:\/\/portalraizesnoticias.com.br\/#\/schema\/person\/a3ca6b0fc701e78df19756c417d943ae\"},\"headline\":\"PM prende homem por porte ilegal de ap\u00f3s suspeito apontar arma para motorista no tr\u00e2nsito na BA-120 em Concei\u00e7\u00e3o do Coit\u00e9\",\"datePublished\":\"2024-12-15T04:02:32+00:00\",\"dateModified\":\"2024-12-15T04:02:33+00:00\",\"mainEntityOfPage\":{\"@id\":\"https:\/\/portalraizesnoticias.com.br\/?p=3001\"},\"wordCount\":186,\"commentCount\":0,\"publisher\":{\"@id\":\"https:\/\/portalraizesnoticias.com.br\/#organization\"},\"image\":{\"@id\":\"https:\/\/portalraizesnoticias.com.br\/?p=3001#primaryimage\"},\"thumbnailUrl\":\"https:\/\/portalraizesnoticias.com.br\/wp-content\/uploads\/2024\/12\/IMG-20241214-WA0431-1024x558-1.jpg\",\"keywords\":[\"Coit\u00e9\",\"Homem\",\"Porte\",\"Preso\"],\"articleSection\":[\"DESTAQUES\",\"POLICIA\",\"ULTIMAS NOTICIAS\"],\"inLanguage\":\"pt-BR\",\"potentialAction\":[{\"@type\":\"CommentAction\",\"name\":\"Comment\",\"target\":[\"https:\/\/portalraizesnoticias.com.br\/?p=3001#respond\"]}]},{\"@type\":\"WebPage\",\"@id\":\"https:\/\/portalraizesnoticias.com.br\/?p=3001\",\"url\":\"https:\/\/portalraizesnoticias.com.br\/?p=3001\",\"name\":\"PM prende homem por porte ilegal de ap\u00f3s suspeito apontar arma para motorista no tr\u00e2nsito na BA-120 em Concei\u00e7\u00e3o do Coit\u00e9 - Portal raizes noticias\",\"isPartOf\":{\"@id\":\"https:\/\/portalraizesnoticias.com.br\/#website\"},\"primaryImageOfPage\":{\"@id\":\"https:\/\/portalraizesnoticias.com.br\/?p=3001#primaryimage\"},\"image\":{\"@id\":\"https:\/\/portalraizesnoticias.com.br\/?p=3001#primaryimage\"},\"thumbnailUrl\":\"https:\/\/portalraizesnoticias.com.br\/wp-content\/uploads\/2024\/12\/IMG-20241214-WA0431-1024x558-1.jpg\",\"datePublished\":\"2024-12-15T04:02:32+00:00\",\"dateModified\":\"2024-12-15T04:02:33+00:00\",\"breadcrumb\":{\"@id\":\"https:\/\/portalraizesnoticias.com.br\/?p=3001#breadcrumb\"},\"inLanguage\":\"pt-BR\",\"potentialAction\":[{\"@type\":\"ReadAction\",\"target\":[\"https:\/\/portalraizesnoticias.com.br\/?p=3001\"]}]},{\"@type\":\"ImageObject\",\"inLanguage\":\"pt-BR\",\"@id\":\"https:\/\/portalraizesnoticias.com.br\/?p=3001#primaryimage\",\"url\":\"https:\/\/portalraizesnoticias.com.br\/wp-content\/uploads\/2024\/12\/IMG-20241214-WA0431-1024x558-1.jpg\",\"contentUrl\":\"https:\/\/portalraizesnoticias.com.br\/wp-content\/uploads\/2024\/12\/IMG-20241214-WA0431-1024x558-1.jpg\",\"width\":1024,\"height\":558},{\"@type\":\"BreadcrumbList\",\"@id\":\"https:\/\/portalraizesnoticias.com.br\/?p=3001#breadcrumb\",\"itemListElement\":[{\"@type\":\"ListItem\",\"position\":1,\"name\":\"In\u00edcio\",\"item\":\"https:\/\/portalraizesnoticias.com.br\/\"},{\"@type\":\"ListItem\",\"position\":2,\"name\":\"PM prende homem por porte ilegal de ap\u00f3s suspeito apontar arma para motorista no tr\u00e2nsito na BA-120 em Concei\u00e7\u00e3o do Coit\u00e9\"}]},{\"@type\":\"WebSite\",\"@id\":\"https:\/\/portalraizesnoticias.com.br\/#website\",\"url\":\"https:\/\/portalraizesnoticias.com.br\/\",\"name\":\"Portal raizes NOTICIAS\",\"description\":\"site de noticias de concei\u00e7\u00e3o do coit\u00e9 e regi\u00e3o\",\"publisher\":{\"@id\":\"https:\/\/portalraizesnoticias.com.br\/#organization\"},\"alternateName\":\"PORTAL RAIZES COIT\u00c9\",\"potentialAction\":[{\"@type\":\"SearchAction\",\"target\":{\"@type\":\"EntryPoint\",\"urlTemplate\":\"https:\/\/portalraizesnoticias.com.br\/?s={search_term_string}\"},\"query-input\":{\"@type\":\"PropertyValueSpecification\",\"valueRequired\":true,\"valueName\":\"search_term_string\"}}],\"inLanguage\":\"pt-BR\"},{\"@type\":\"Organization\",\"@id\":\"https:\/\/portalraizesnoticias.com.br\/#organization\",\"name\":\"Portal raizes NOTICIAS\",\"url\":\"https:\/\/portalraizesnoticias.com.br\/\",\"logo\":{\"@type\":\"ImageObject\",\"inLanguage\":\"pt-BR\",\"@id\":\"https:\/\/portalraizesnoticias.com.br\/#\/schema\/logo\/image\/\",\"url\":\"https:\/\/portalraizesnoticias.com.br\/wp-content\/uploads\/2024\/09\/cropped-Captura-de-tela-2024-09-08-011108.png\",\"contentUrl\":\"https:\/\/portalraizesnoticias.com.br\/wp-content\/uploads\/2024\/09\/cropped-Captura-de-tela-2024-09-08-011108.png\",\"width\":606,\"height\":173,\"caption\":\"Portal raizes NOTICIAS\"},\"image\":{\"@id\":\"https:\/\/portalraizesnoticias.com.br\/#\/schema\/logo\/image\/\"}},{\"@type\":\"Person\",\"@id\":\"https:\/\/portalraizesnoticias.com.br\/#\/schema\/person\/a3ca6b0fc701e78df19756c417d943ae\",\"name\":\"Portal Raizes\",\"image\":{\"@type\":\"ImageObject\",\"inLanguage\":\"pt-BR\",\"@id\":\"https:\/\/portalraizesnoticias.com.br\/#\/schema\/person\/image\/\",\"url\":\"https:\/\/secure.gravatar.com\/avatar\/ef450d29013a3d3fba867a12a249d7b1?s=96&d=mm&r=g\",\"contentUrl\":\"https:\/\/secure.gravatar.com\/avatar\/ef450d29013a3d3fba867a12a249d7b1?s=96&d=mm&r=g\",\"caption\":\"Portal Raizes\"},\"url\":\"https:\/\/portalraizesnoticias.com.br\/?author=3\"}]}<\/script>\n<!-- \/ Yoast SEO plugin. -->","yoast_head_json":{"title":"PM prende homem por porte ilegal de ap\u00f3s suspeito apontar arma para motorista no tr\u00e2nsito na BA-120 em Concei\u00e7\u00e3o do Coit\u00e9 - Portal raizes noticias","robots":{"index":"index","follow":"follow","max-snippet":"max-snippet:-1","max-image-preview":"max-image-preview:large","max-video-preview":"max-video-preview:-1"},"canonical":"https:\/\/portalraizesnoticias.com.br\/?p=3001","og_locale":"pt_BR","og_type":"article","og_title":"PM prende homem por porte ilegal de ap\u00f3s suspeito apontar arma para motorista no tr\u00e2nsito na BA-120 em Concei\u00e7\u00e3o do Coit\u00e9 - Portal raizes noticias","og_description":"Na noite de s\u00e1bado (14), um homem de 33 anos foi detido por porte ilegal de arma de fogo na BA-120, na localidade de Santa Rosa, em Concei\u00e7\u00e3o do Coit\u00e9, na regi\u00e3o do Sisal. Publicidade\u00a0 Segundo a Pol\u00edcia Militar, atrav\u00e9s da CETO-BASE AVAN\u00c7ADA de Retirol\u00e2ndia, um indiv\u00edduo procurou a equipe relatando ter sido abordado no tr\u00e2nsito por um carro Toyota Corolla de cor vinho. De acordo com ele, o motorista do ve\u00edculo apontou uma arma para ele antes de prosseguir em dire\u00e7\u00e3o \u00e0 cidade de Retirol\u00e2ndia. Publicidade A patrulha abordou o carro no distrito de Santa Rosa e, durante a revista, descobriu a arma de fogo no piso do banco do condutor. O motorista foi algemado e levado \u00e0 delegacia regional da Pol\u00edcia Civil, localizada na cidade de Riach\u00e3o do Jacu\u00edpe, para as medidas legais apropriadas. \u00a0 Informa\u00e7\u00f5es extra\u00eddas do site Not\u00edcias de Coit\u00e9 parceiro do Portal Ra\u00edzes\u00a0","og_url":"https:\/\/portalraizesnoticias.com.br\/?p=3001","og_site_name":"Portal raizes noticias","article_published_time":"2024-12-15T04:02:32+00:00","article_modified_time":"2024-12-15T04:02:33+00:00","og_image":[{"width":1024,"height":558,"url":"https:\/\/portalraizesnoticias.com.br\/wp-content\/uploads\/2024\/12\/IMG-20241214-WA0431-1024x558-1.jpg","type":"image\/jpeg"}],"author":"Portal Raizes","twitter_card":"summary_large_image","twitter_misc":{"Escrito por":"Portal Raizes","Est. tempo de leitura":"2 minutos"},"schema":{"@context":"https:\/\/schema.org","@graph":[{"@type":"Article","@id":"https:\/\/portalraizesnoticias.com.br\/?p=3001#article","isPartOf":{"@id":"https:\/\/portalraizesnoticias.com.br\/?p=3001"},"author":{"name":"Portal Raizes","@id":"https:\/\/portalraizesnoticias.com.br\/#\/schema\/person\/a3ca6b0fc701e78df19756c417d943ae"},"headline":"PM prende homem por porte ilegal de ap\u00f3s suspeito apontar arma para motorista no tr\u00e2nsito na BA-120 em Concei\u00e7\u00e3o do Coit\u00e9","datePublished":"2024-12-15T04:02:32+00:00","dateModified":"2024-12-15T04:02:33+00:00","mainEntityOfPage":{"@id":"https:\/\/portalraizesnoticias.com.br\/?p=3001"},"wordCount":186,"commentCount":0,"publisher":{"@id":"https:\/\/portalraizesnoticias.com.br\/#organization"},"image":{"@id":"https:\/\/portalraizesnoticias.com.br\/?p=3001#primaryimage"},"thumbnailUrl":"https:\/\/portalraizesnoticias.com.br\/wp-content\/uploads\/2024\/12\/IMG-20241214-WA0431-1024x558-1.jpg","keywords":["Coit\u00e9","Homem","Porte","Preso"],"articleSection":["DESTAQUES","POLICIA","ULTIMAS NOTICIAS"],"inLanguage":"pt-BR","potentialAction":[{"@type":"CommentAction","name":"Comment","target":["https:\/\/portalraizesnoticias.com.br\/?p=3001#respond"]}]},{"@type":"WebPage","@id":"https:\/\/portalraizesnoticias.com.br\/?p=3001","url":"https:\/\/portalraizesnoticias.com.br\/?p=3001","name":"PM prende homem por porte ilegal de ap\u00f3s suspeito apontar arma para motorista no tr\u00e2nsito na BA-120 em Concei\u00e7\u00e3o do Coit\u00e9 - Portal raizes noticias","isPartOf":{"@id":"https:\/\/portalraizesnoticias.com.br\/#website"},"primaryImageOfPage":{"@id":"https:\/\/portalraizesnoticias.com.br\/?p=3001#primaryimage"},"image":{"@id":"https:\/\/portalraizesnoticias.com.br\/?p=3001#primaryimage"},"thumbnailUrl":"https:\/\/portalraizesnoticias.com.br\/wp-content\/uploads\/2024\/12\/IMG-20241214-WA0431-1024x558-1.jpg","datePublished":"2024-12-15T04:02:32+00:00","dateModified":"2024-12-15T04:02:33+00:00","breadcrumb":{"@id":"https:\/\/portalraizesnoticias.com.br\/?p=3001#breadcrumb"},"inLanguage":"pt-BR","potentialAction":[{"@type":"ReadAction","target":["https:\/\/portalraizesnoticias.com.br\/?p=3001"]}]},{"@type":"ImageObject","inLanguage":"pt-BR","@id":"https:\/\/portalraizesnoticias.com.br\/?p=3001#primaryimage","url":"https:\/\/portalraizesnoticias.com.br\/wp-content\/uploads\/2024\/12\/IMG-20241214-WA0431-1024x558-1.jpg","contentUrl":"https:\/\/portalraizesnoticias.com.br\/wp-content\/uploads\/2024\/12\/IMG-20241214-WA0431-1024x558-1.jpg","width":1024,"height":558},{"@type":"BreadcrumbList","@id":"https:\/\/portalraizesnoticias.com.br\/?p=3001#breadcrumb","itemListElement":[{"@type":"ListItem","position":1,"name":"In\u00edcio","item":"https:\/\/portalraizesnoticias.com.br\/"},{"@type":"ListItem","position":2,"name":"PM prende homem por porte ilegal de ap\u00f3s suspeito apontar arma para motorista no tr\u00e2nsito na BA-120 em Concei\u00e7\u00e3o do Coit\u00e9"}]},{"@type":"WebSite","@id":"https:\/\/portalraizesnoticias.com.br\/#website","url":"https:\/\/portalraizesnoticias.com.br\/","name":"Portal raizes NOTICIAS","description":"site de noticias de concei\u00e7\u00e3o do coit\u00e9 e regi\u00e3o","publisher":{"@id":"https:\/\/portalraizesnoticias.com.br\/#organization"},"alternateName":"PORTAL RAIZES COIT\u00c9","potentialAction":[{"@type":"SearchAction","target":{"@type":"EntryPoint","urlTemplate":"https:\/\/portalraizesnoticias.com.br\/?s={search_term_string}"},"query-input":{"@type":"PropertyValueSpecification","valueRequired":true,"valueName":"search_term_string"}}],"inLanguage":"pt-BR"},{"@type":"Organization","@id":"https:\/\/portalraizesnoticias.com.br\/#organization","name":"Portal raizes NOTICIAS","url":"https:\/\/portalraizesnoticias.com.br\/","logo":{"@type":"ImageObject","inLanguage":"pt-BR","@id":"https:\/\/portalraizesnoticias.com.br\/#\/schema\/logo\/image\/","url":"https:\/\/portalraizesnoticias.com.br\/wp-content\/uploads\/2024\/09\/cropped-Captura-de-tela-2024-09-08-011108.png","contentUrl":"https:\/\/portalraizesnoticias.com.br\/wp-content\/uploads\/2024\/09\/cropped-Captura-de-tela-2024-09-08-011108.png","width":606,"height":173,"caption":"Portal raizes NOTICIAS"},"image":{"@id":"https:\/\/portalraizesnoticias.com.br\/#\/schema\/logo\/image\/"}},{"@type":"Person","@id":"https:\/\/portalraizesnoticias.com.br\/#\/schema\/person\/a3ca6b0fc701e78df19756c417d943ae","name":"Portal Raizes","image":{"@type":"ImageObject","inLanguage":"pt-BR","@id":"https:\/\/portalraizesnoticias.com.br\/#\/schema\/person\/image\/","url":"https:\/\/secure.gravatar.com\/avatar\/ef450d29013a3d3fba867a12a249d7b1?s=96&d=mm&r=g","contentUrl":"https:\/\/secure.gravatar.com\/avatar\/ef450d29013a3d3fba867a12a249d7b1?s=96&d=mm&r=g","caption":"Portal Raizes"},"url":"https:\/\/portalraizesnoticias.com.br\/?author=3"}]}},"_links":{"self":[{"href":"https:\/\/portalraizesnoticias.com.br\/index.php?rest_route=\/wp\/v2\/posts\/3001"}],"collection":[{"href":"https:\/\/portalraizesnoticias.com.br\/index.php?rest_route=\/wp\/v2\/posts"}],"about":[{"href":"https:\/\/portalraizesnoticias.com.br\/index.php?rest_route=\/wp\/v2\/types\/post"}],"author":[{"embeddable":true,"href":"https:\/\/portalraizesnoticias.com.br\/index.php?rest_route=\/wp\/v2\/users\/3"}],"replies":[{"embeddable":true,"href":"https:\/\/portalraizesnoticias.com.br\/index.php?rest_route=%2Fwp%2Fv2%2Fcomments&post=3001"}],"version-history":[{"count":1,"href":"https:\/\/portalraizesnoticias.com.br\/index.php?rest_route=\/wp\/v2\/posts\/3001\/revisions"}],"predecessor-version":[{"id":3003,"href":"https:\/\/portalraizesnoticias.com.br\/index.php?rest_route=\/wp\/v2\/posts\/3001\/revisions\/3003"}],"wp:featuredmedia":[{"embeddable":true,"href":"https:\/\/portalraizesnoticias.com.br\/index.php?rest_route=\/wp\/v2\/media\/3002"}],"wp:attachment":[{"href":"https:\/\/portalraizesnoticias.com.br\/index.php?rest_route=%2Fwp%2Fv2%2Fmedia&parent=3001"}],"wp:term":[{"taxonomy":"category","embeddable":true,"href":"https:\/\/portalraizesnoticias.com.br\/index.php?rest_route=%2Fwp%2Fv2%2Fcategories&post=3001"},{"taxonomy":"post_tag","embeddable":true,"href":"https:\/\/portalraizesnoticias.com.br\/index.php?rest_route=%2Fwp%2Fv2%2Ftags&post=3001"}],"curies":[{"name":"wp","href":"https:\/\/api.w.org\/{rel}","templated":true}]}}