{"id":2938,"date":"2024-12-13T10:24:27","date_gmt":"2024-12-13T13:24:27","guid":{"rendered":"https:\/\/portalraizesnoticias.com.br\/?p=2938"},"modified":"2024-12-13T10:24:28","modified_gmt":"2024-12-13T13:24:28","slug":"saiba-quem-sao-os-16-detentos-que-fugiram-apos-invasao-de-presidio-na-bahia","status":"publish","type":"post","link":"https:\/\/portalraizesnoticias.com.br\/?p=2938","title":{"rendered":"Saiba quem s\u00e3o os 16 detentos que fugiram ap\u00f3s invas\u00e3o de pres\u00eddio na Bahia"},"content":{"rendered":"<p>A Secretaria Administra\u00e7\u00e3o Penitenci\u00e1ria e Ressocializa\u00e7\u00e3o (Seap) informou a identidade dos 16 detentos que fugiram do Conjunto Penal de Eun\u00e1polis, na Costa do Descobrimento. A a\u00e7\u00e3o criminosa ocorreu no final da noite desta quinta-feira (12) ap\u00f3s um grupo armado invadir a carceragem, acessar o bloco B da unidade e soltar 16 detentos.<\/p>\n<p><img decoding=\"async\" class=\"alignnone size-medium wp-image-2939\" src=\"https:\/\/portalraizesnoticias.com.br\/wp-content\/uploads\/2024\/12\/fugitivos-eunapolis-2-300x157.jpg\" alt=\"\" width=\"300\" height=\"157\" srcset=\"https:\/\/portalraizesnoticias.com.br\/wp-content\/uploads\/2024\/12\/fugitivos-eunapolis-2-300x157.jpg 300w, https:\/\/portalraizesnoticias.com.br\/wp-content\/uploads\/2024\/12\/fugitivos-eunapolis-2-768x403.jpg 768w, https:\/\/portalraizesnoticias.com.br\/wp-content\/uploads\/2024\/12\/fugitivos-eunapolis-2.jpg 1024w\" sizes=\"(max-width: 300px) 100vw, 300px\" \/> <img decoding=\"async\" class=\"alignnone size-medium wp-image-2940\" src=\"https:\/\/portalraizesnoticias.com.br\/wp-content\/uploads\/2024\/12\/fugitivos-eunapolis-1-300x157.jpg\" alt=\"\" width=\"300\" height=\"157\" srcset=\"https:\/\/portalraizesnoticias.com.br\/wp-content\/uploads\/2024\/12\/fugitivos-eunapolis-1-300x157.jpg 300w, https:\/\/portalraizesnoticias.com.br\/wp-content\/uploads\/2024\/12\/fugitivos-eunapolis-1-768x403.jpg 768w, https:\/\/portalraizesnoticias.com.br\/wp-content\/uploads\/2024\/12\/fugitivos-eunapolis-1.jpg 1024w\" sizes=\"(max-width: 300px) 100vw, 300px\" \/><\/p>\n<p>O objetivo da a\u00e7\u00e3o seria tirar do local o l\u00edder da fac\u00e7\u00e3o conhecida como Primeiro Comando de Eun\u00e1polis, Edinaldo Pereira Souza, denominado de Dada, que est\u00e1 entre os fugitivos.<\/p>\n<p>detentos que fugiram foram identificados como Sirlon Ris\u00e9rio Dias Silva, Mateus de Amaral Oliveira, Geifson de Jesus Souza, Anderson de Oliveira Lima, Altieri Amaral de Ara\u00fajo, Anailton Souza Santos, Fernandes Pereira Queiroz, Giliard da Silva Moura, Rubens Louren\u00e7o dos Santos, Valtinei dos Santos Lima, Romildo Pereira dos Santos, Thiago Almeida Ribeiro, Id\u00e1rio Silva Dias, Isaac Silva Ferreira e William Ferreira Miranda.<\/p>\n<p>Ainda segundo informa\u00e7\u00f5es, o fato ocorreu por volta das 23h40. Para chegar at\u00e9 os detentos, o grupo, formado por oito membros, entrou pela parte lateral do pres\u00eddio, matou um c\u00e3o de guarda e usou cordas feitas de len\u00e7ol [tereza] para invadir o Bloco B. Al\u00e9m de agentes da Seap, atuam nas buscas pelos fugitivos policiais militares da Rondesp, Cipe-Mata Atl\u00e2ntica e equipes da Pol\u00edcia Civil.<\/p>\n<p>Informa\u00e7\u00f5es extra\u00eddas do site Bahia Not\u00edcias<\/p>\n","protected":false},"excerpt":{"rendered":"<p>A Secretaria Administra\u00e7\u00e3o Penitenci\u00e1ria e Ressocializa\u00e7\u00e3o (Seap) informou a identidade dos 16 detentos que fugiram do Conjunto Penal de Eun\u00e1polis, na Costa do Descobrimento. A a\u00e7\u00e3o criminosa ocorreu no final da noite desta quinta-feira (12) ap\u00f3s um grupo armado invadir a carceragem, acessar o bloco B da unidade e soltar 16 detentos. O objetivo da a\u00e7\u00e3o seria tirar do local o l\u00edder da fac\u00e7\u00e3o conhecida como Primeiro Comando de Eun\u00e1polis, Edinaldo Pereira Souza, denominado de Dada, que est\u00e1 entre os fugitivos. detentos que fugiram foram identificados como Sirlon Ris\u00e9rio Dias Silva, Mateus de Amaral Oliveira, Geifson de Jesus Souza, Anderson de Oliveira Lima, Altieri Amaral de Ara\u00fajo, Anailton Souza Santos, Fernandes Pereira Queiroz, Giliard da Silva Moura, Rubens Louren\u00e7o dos Santos, Valtinei dos Santos Lima, Romildo Pereira dos Santos, Thiago Almeida Ribeiro, Id\u00e1rio Silva Dias, Isaac Silva Ferreira e William Ferreira Miranda. Ainda segundo informa\u00e7\u00f5es, o fato ocorreu por volta das 23h40. Para chegar at\u00e9 os detentos, o grupo, formado por oito membros, entrou pela parte lateral do pres\u00eddio, matou um c\u00e3o de guarda e usou cordas feitas de len\u00e7ol [tereza] para invadir o Bloco B. Al\u00e9m de agentes da Seap, atuam nas buscas pelos fugitivos policiais militares da Rondesp, Cipe-Mata Atl\u00e2ntica e equipes da Pol\u00edcia Civil. Informa\u00e7\u00f5es extra\u00eddas do site Bahia Not\u00edcias<\/p>\n","protected":false},"author":3,"featured_media":2941,"comment_status":"open","ping_status":"open","sticky":false,"template":"","format":"standard","meta":{"_joinchat":[],"footnotes":""},"categories":[55,67,59],"tags":[137,428,427],"class_list":["post-2938","post","type-post","status-publish","format-standard","has-post-thumbnail","hentry","category-destaques","category-policia","category-ultimas-noticias","tag-bahia","tag-eunapolis-2","tag-fugitivos"],"yoast_head":"<!-- This site is optimized with the Yoast SEO plugin v24.4 - https:\/\/yoast.com\/wordpress\/plugins\/seo\/ -->\n<title>Saiba quem s\u00e3o os 16 detentos que fugiram ap\u00f3s invas\u00e3o de pres\u00eddio na Bahia - Portal raizes noticias<\/title>\n<meta name=\"robots\" content=\"index, follow, max-snippet:-1, max-image-preview:large, max-video-preview:-1\" \/>\n<link rel=\"canonical\" href=\"https:\/\/portalraizesnoticias.com.br\/?p=2938\" \/>\n<meta property=\"og:locale\" content=\"pt_BR\" \/>\n<meta property=\"og:type\" content=\"article\" \/>\n<meta property=\"og:title\" content=\"Saiba quem s\u00e3o os 16 detentos que fugiram ap\u00f3s invas\u00e3o de pres\u00eddio na Bahia - Portal raizes noticias\" \/>\n<meta property=\"og:description\" content=\"A Secretaria Administra\u00e7\u00e3o Penitenci\u00e1ria e Ressocializa\u00e7\u00e3o (Seap) informou a identidade dos 16 detentos que fugiram do Conjunto Penal de Eun\u00e1polis, na Costa do Descobrimento. A a\u00e7\u00e3o criminosa ocorreu no final da noite desta quinta-feira (12) ap\u00f3s um grupo armado invadir a carceragem, acessar o bloco B da unidade e soltar 16 detentos. O objetivo da a\u00e7\u00e3o seria tirar do local o l\u00edder da fac\u00e7\u00e3o conhecida como Primeiro Comando de Eun\u00e1polis, Edinaldo Pereira Souza, denominado de Dada, que est\u00e1 entre os fugitivos. detentos que fugiram foram identificados como Sirlon Ris\u00e9rio Dias Silva, Mateus de Amaral Oliveira, Geifson de Jesus Souza, Anderson de Oliveira Lima, Altieri Amaral de Ara\u00fajo, Anailton Souza Santos, Fernandes Pereira Queiroz, Giliard da Silva Moura, Rubens Louren\u00e7o dos Santos, Valtinei dos Santos Lima, Romildo Pereira dos Santos, Thiago Almeida Ribeiro, Id\u00e1rio Silva Dias, Isaac Silva Ferreira e William Ferreira Miranda. Ainda segundo informa\u00e7\u00f5es, o fato ocorreu por volta das 23h40. Para chegar at\u00e9 os detentos, o grupo, formado por oito membros, entrou pela parte lateral do pres\u00eddio, matou um c\u00e3o de guarda e usou cordas feitas de len\u00e7ol [tereza] para invadir o Bloco B. Al\u00e9m de agentes da Seap, atuam nas buscas pelos fugitivos policiais militares da Rondesp, Cipe-Mata Atl\u00e2ntica e equipes da Pol\u00edcia Civil. Informa\u00e7\u00f5es extra\u00eddas do site Bahia Not\u00edcias\" \/>\n<meta property=\"og:url\" content=\"https:\/\/portalraizesnoticias.com.br\/?p=2938\" \/>\n<meta property=\"og:site_name\" content=\"Portal raizes noticias\" \/>\n<meta property=\"article:published_time\" content=\"2024-12-13T13:24:27+00:00\" \/>\n<meta property=\"article:modified_time\" content=\"2024-12-13T13:24:28+00:00\" \/>\n<meta property=\"og:image\" content=\"https:\/\/portalraizesnoticias.com.br\/wp-content\/uploads\/2024\/12\/fugitivos-eunapolis-1-1.jpg\" \/>\n\t<meta property=\"og:image:width\" content=\"1024\" \/>\n\t<meta property=\"og:image:height\" content=\"537\" \/>\n\t<meta property=\"og:image:type\" content=\"image\/jpeg\" \/>\n<meta name=\"author\" content=\"Portal Raizes\" \/>\n<meta name=\"twitter:card\" content=\"summary_large_image\" \/>\n<meta name=\"twitter:label1\" content=\"Escrito por\" \/>\n\t<meta name=\"twitter:data1\" content=\"Portal Raizes\" \/>\n\t<meta name=\"twitter:label2\" content=\"Est. tempo de leitura\" \/>\n\t<meta name=\"twitter:data2\" content=\"2 minutos\" \/>\n<script type=\"application\/ld+json\" class=\"yoast-schema-graph\">{\"@context\":\"https:\/\/schema.org\",\"@graph\":[{\"@type\":\"Article\",\"@id\":\"https:\/\/portalraizesnoticias.com.br\/?p=2938#article\",\"isPartOf\":{\"@id\":\"https:\/\/portalraizesnoticias.com.br\/?p=2938\"},\"author\":{\"name\":\"Portal Raizes\",\"@id\":\"https:\/\/portalraizesnoticias.com.br\/#\/schema\/person\/a3ca6b0fc701e78df19756c417d943ae\"},\"headline\":\"Saiba quem s\u00e3o os 16 detentos que fugiram ap\u00f3s invas\u00e3o de pres\u00eddio na Bahia\",\"datePublished\":\"2024-12-13T13:24:27+00:00\",\"dateModified\":\"2024-12-13T13:24:28+00:00\",\"mainEntityOfPage\":{\"@id\":\"https:\/\/portalraizesnoticias.com.br\/?p=2938\"},\"wordCount\":251,\"commentCount\":0,\"publisher\":{\"@id\":\"https:\/\/portalraizesnoticias.com.br\/#organization\"},\"image\":{\"@id\":\"https:\/\/portalraizesnoticias.com.br\/?p=2938#primaryimage\"},\"thumbnailUrl\":\"https:\/\/portalraizesnoticias.com.br\/wp-content\/uploads\/2024\/12\/fugitivos-eunapolis-1-1.jpg\",\"keywords\":[\"Bahia\",\"Eunapolis\",\"Fugitivos\"],\"articleSection\":[\"DESTAQUES\",\"POLICIA\",\"ULTIMAS NOTICIAS\"],\"inLanguage\":\"pt-BR\",\"potentialAction\":[{\"@type\":\"CommentAction\",\"name\":\"Comment\",\"target\":[\"https:\/\/portalraizesnoticias.com.br\/?p=2938#respond\"]}]},{\"@type\":\"WebPage\",\"@id\":\"https:\/\/portalraizesnoticias.com.br\/?p=2938\",\"url\":\"https:\/\/portalraizesnoticias.com.br\/?p=2938\",\"name\":\"Saiba quem s\u00e3o os 16 detentos que fugiram ap\u00f3s invas\u00e3o de pres\u00eddio na Bahia - Portal raizes noticias\",\"isPartOf\":{\"@id\":\"https:\/\/portalraizesnoticias.com.br\/#website\"},\"primaryImageOfPage\":{\"@id\":\"https:\/\/portalraizesnoticias.com.br\/?p=2938#primaryimage\"},\"image\":{\"@id\":\"https:\/\/portalraizesnoticias.com.br\/?p=2938#primaryimage\"},\"thumbnailUrl\":\"https:\/\/portalraizesnoticias.com.br\/wp-content\/uploads\/2024\/12\/fugitivos-eunapolis-1-1.jpg\",\"datePublished\":\"2024-12-13T13:24:27+00:00\",\"dateModified\":\"2024-12-13T13:24:28+00:00\",\"breadcrumb\":{\"@id\":\"https:\/\/portalraizesnoticias.com.br\/?p=2938#breadcrumb\"},\"inLanguage\":\"pt-BR\",\"potentialAction\":[{\"@type\":\"ReadAction\",\"target\":[\"https:\/\/portalraizesnoticias.com.br\/?p=2938\"]}]},{\"@type\":\"ImageObject\",\"inLanguage\":\"pt-BR\",\"@id\":\"https:\/\/portalraizesnoticias.com.br\/?p=2938#primaryimage\",\"url\":\"https:\/\/portalraizesnoticias.com.br\/wp-content\/uploads\/2024\/12\/fugitivos-eunapolis-1-1.jpg\",\"contentUrl\":\"https:\/\/portalraizesnoticias.com.br\/wp-content\/uploads\/2024\/12\/fugitivos-eunapolis-1-1.jpg\",\"width\":1024,\"height\":537},{\"@type\":\"BreadcrumbList\",\"@id\":\"https:\/\/portalraizesnoticias.com.br\/?p=2938#breadcrumb\",\"itemListElement\":[{\"@type\":\"ListItem\",\"position\":1,\"name\":\"In\u00edcio\",\"item\":\"https:\/\/portalraizesnoticias.com.br\/\"},{\"@type\":\"ListItem\",\"position\":2,\"name\":\"Saiba quem s\u00e3o os 16 detentos que fugiram ap\u00f3s invas\u00e3o de pres\u00eddio na Bahia\"}]},{\"@type\":\"WebSite\",\"@id\":\"https:\/\/portalraizesnoticias.com.br\/#website\",\"url\":\"https:\/\/portalraizesnoticias.com.br\/\",\"name\":\"Portal raizes NOTICIAS\",\"description\":\"site de noticias de concei\u00e7\u00e3o do coit\u00e9 e regi\u00e3o\",\"publisher\":{\"@id\":\"https:\/\/portalraizesnoticias.com.br\/#organization\"},\"alternateName\":\"PORTAL RAIZES COIT\u00c9\",\"potentialAction\":[{\"@type\":\"SearchAction\",\"target\":{\"@type\":\"EntryPoint\",\"urlTemplate\":\"https:\/\/portalraizesnoticias.com.br\/?s={search_term_string}\"},\"query-input\":{\"@type\":\"PropertyValueSpecification\",\"valueRequired\":true,\"valueName\":\"search_term_string\"}}],\"inLanguage\":\"pt-BR\"},{\"@type\":\"Organization\",\"@id\":\"https:\/\/portalraizesnoticias.com.br\/#organization\",\"name\":\"Portal raizes NOTICIAS\",\"url\":\"https:\/\/portalraizesnoticias.com.br\/\",\"logo\":{\"@type\":\"ImageObject\",\"inLanguage\":\"pt-BR\",\"@id\":\"https:\/\/portalraizesnoticias.com.br\/#\/schema\/logo\/image\/\",\"url\":\"https:\/\/portalraizesnoticias.com.br\/wp-content\/uploads\/2024\/09\/cropped-Captura-de-tela-2024-09-08-011108.png\",\"contentUrl\":\"https:\/\/portalraizesnoticias.com.br\/wp-content\/uploads\/2024\/09\/cropped-Captura-de-tela-2024-09-08-011108.png\",\"width\":606,\"height\":173,\"caption\":\"Portal raizes NOTICIAS\"},\"image\":{\"@id\":\"https:\/\/portalraizesnoticias.com.br\/#\/schema\/logo\/image\/\"}},{\"@type\":\"Person\",\"@id\":\"https:\/\/portalraizesnoticias.com.br\/#\/schema\/person\/a3ca6b0fc701e78df19756c417d943ae\",\"name\":\"Portal Raizes\",\"image\":{\"@type\":\"ImageObject\",\"inLanguage\":\"pt-BR\",\"@id\":\"https:\/\/portalraizesnoticias.com.br\/#\/schema\/person\/image\/\",\"url\":\"https:\/\/secure.gravatar.com\/avatar\/ef450d29013a3d3fba867a12a249d7b1?s=96&d=mm&r=g\",\"contentUrl\":\"https:\/\/secure.gravatar.com\/avatar\/ef450d29013a3d3fba867a12a249d7b1?s=96&d=mm&r=g\",\"caption\":\"Portal Raizes\"},\"url\":\"https:\/\/portalraizesnoticias.com.br\/?author=3\"}]}<\/script>\n<!-- \/ Yoast SEO plugin. -->","yoast_head_json":{"title":"Saiba quem s\u00e3o os 16 detentos que fugiram ap\u00f3s invas\u00e3o de pres\u00eddio na Bahia - Portal raizes noticias","robots":{"index":"index","follow":"follow","max-snippet":"max-snippet:-1","max-image-preview":"max-image-preview:large","max-video-preview":"max-video-preview:-1"},"canonical":"https:\/\/portalraizesnoticias.com.br\/?p=2938","og_locale":"pt_BR","og_type":"article","og_title":"Saiba quem s\u00e3o os 16 detentos que fugiram ap\u00f3s invas\u00e3o de pres\u00eddio na Bahia - Portal raizes noticias","og_description":"A Secretaria Administra\u00e7\u00e3o Penitenci\u00e1ria e Ressocializa\u00e7\u00e3o (Seap) informou a identidade dos 16 detentos que fugiram do Conjunto Penal de Eun\u00e1polis, na Costa do Descobrimento. A a\u00e7\u00e3o criminosa ocorreu no final da noite desta quinta-feira (12) ap\u00f3s um grupo armado invadir a carceragem, acessar o bloco B da unidade e soltar 16 detentos. O objetivo da a\u00e7\u00e3o seria tirar do local o l\u00edder da fac\u00e7\u00e3o conhecida como Primeiro Comando de Eun\u00e1polis, Edinaldo Pereira Souza, denominado de Dada, que est\u00e1 entre os fugitivos. detentos que fugiram foram identificados como Sirlon Ris\u00e9rio Dias Silva, Mateus de Amaral Oliveira, Geifson de Jesus Souza, Anderson de Oliveira Lima, Altieri Amaral de Ara\u00fajo, Anailton Souza Santos, Fernandes Pereira Queiroz, Giliard da Silva Moura, Rubens Louren\u00e7o dos Santos, Valtinei dos Santos Lima, Romildo Pereira dos Santos, Thiago Almeida Ribeiro, Id\u00e1rio Silva Dias, Isaac Silva Ferreira e William Ferreira Miranda. Ainda segundo informa\u00e7\u00f5es, o fato ocorreu por volta das 23h40. Para chegar at\u00e9 os detentos, o grupo, formado por oito membros, entrou pela parte lateral do pres\u00eddio, matou um c\u00e3o de guarda e usou cordas feitas de len\u00e7ol [tereza] para invadir o Bloco B. Al\u00e9m de agentes da Seap, atuam nas buscas pelos fugitivos policiais militares da Rondesp, Cipe-Mata Atl\u00e2ntica e equipes da Pol\u00edcia Civil. Informa\u00e7\u00f5es extra\u00eddas do site Bahia Not\u00edcias","og_url":"https:\/\/portalraizesnoticias.com.br\/?p=2938","og_site_name":"Portal raizes noticias","article_published_time":"2024-12-13T13:24:27+00:00","article_modified_time":"2024-12-13T13:24:28+00:00","og_image":[{"width":1024,"height":537,"url":"https:\/\/portalraizesnoticias.com.br\/wp-content\/uploads\/2024\/12\/fugitivos-eunapolis-1-1.jpg","type":"image\/jpeg"}],"author":"Portal Raizes","twitter_card":"summary_large_image","twitter_misc":{"Escrito por":"Portal Raizes","Est. tempo de leitura":"2 minutos"},"schema":{"@context":"https:\/\/schema.org","@graph":[{"@type":"Article","@id":"https:\/\/portalraizesnoticias.com.br\/?p=2938#article","isPartOf":{"@id":"https:\/\/portalraizesnoticias.com.br\/?p=2938"},"author":{"name":"Portal Raizes","@id":"https:\/\/portalraizesnoticias.com.br\/#\/schema\/person\/a3ca6b0fc701e78df19756c417d943ae"},"headline":"Saiba quem s\u00e3o os 16 detentos que fugiram ap\u00f3s invas\u00e3o de pres\u00eddio na Bahia","datePublished":"2024-12-13T13:24:27+00:00","dateModified":"2024-12-13T13:24:28+00:00","mainEntityOfPage":{"@id":"https:\/\/portalraizesnoticias.com.br\/?p=2938"},"wordCount":251,"commentCount":0,"publisher":{"@id":"https:\/\/portalraizesnoticias.com.br\/#organization"},"image":{"@id":"https:\/\/portalraizesnoticias.com.br\/?p=2938#primaryimage"},"thumbnailUrl":"https:\/\/portalraizesnoticias.com.br\/wp-content\/uploads\/2024\/12\/fugitivos-eunapolis-1-1.jpg","keywords":["Bahia","Eunapolis","Fugitivos"],"articleSection":["DESTAQUES","POLICIA","ULTIMAS NOTICIAS"],"inLanguage":"pt-BR","potentialAction":[{"@type":"CommentAction","name":"Comment","target":["https:\/\/portalraizesnoticias.com.br\/?p=2938#respond"]}]},{"@type":"WebPage","@id":"https:\/\/portalraizesnoticias.com.br\/?p=2938","url":"https:\/\/portalraizesnoticias.com.br\/?p=2938","name":"Saiba quem s\u00e3o os 16 detentos que fugiram ap\u00f3s invas\u00e3o de pres\u00eddio na Bahia - Portal raizes noticias","isPartOf":{"@id":"https:\/\/portalraizesnoticias.com.br\/#website"},"primaryImageOfPage":{"@id":"https:\/\/portalraizesnoticias.com.br\/?p=2938#primaryimage"},"image":{"@id":"https:\/\/portalraizesnoticias.com.br\/?p=2938#primaryimage"},"thumbnailUrl":"https:\/\/portalraizesnoticias.com.br\/wp-content\/uploads\/2024\/12\/fugitivos-eunapolis-1-1.jpg","datePublished":"2024-12-13T13:24:27+00:00","dateModified":"2024-12-13T13:24:28+00:00","breadcrumb":{"@id":"https:\/\/portalraizesnoticias.com.br\/?p=2938#breadcrumb"},"inLanguage":"pt-BR","potentialAction":[{"@type":"ReadAction","target":["https:\/\/portalraizesnoticias.com.br\/?p=2938"]}]},{"@type":"ImageObject","inLanguage":"pt-BR","@id":"https:\/\/portalraizesnoticias.com.br\/?p=2938#primaryimage","url":"https:\/\/portalraizesnoticias.com.br\/wp-content\/uploads\/2024\/12\/fugitivos-eunapolis-1-1.jpg","contentUrl":"https:\/\/portalraizesnoticias.com.br\/wp-content\/uploads\/2024\/12\/fugitivos-eunapolis-1-1.jpg","width":1024,"height":537},{"@type":"BreadcrumbList","@id":"https:\/\/portalraizesnoticias.com.br\/?p=2938#breadcrumb","itemListElement":[{"@type":"ListItem","position":1,"name":"In\u00edcio","item":"https:\/\/portalraizesnoticias.com.br\/"},{"@type":"ListItem","position":2,"name":"Saiba quem s\u00e3o os 16 detentos que fugiram ap\u00f3s invas\u00e3o de pres\u00eddio na Bahia"}]},{"@type":"WebSite","@id":"https:\/\/portalraizesnoticias.com.br\/#website","url":"https:\/\/portalraizesnoticias.com.br\/","name":"Portal raizes NOTICIAS","description":"site de noticias de concei\u00e7\u00e3o do coit\u00e9 e regi\u00e3o","publisher":{"@id":"https:\/\/portalraizesnoticias.com.br\/#organization"},"alternateName":"PORTAL RAIZES COIT\u00c9","potentialAction":[{"@type":"SearchAction","target":{"@type":"EntryPoint","urlTemplate":"https:\/\/portalraizesnoticias.com.br\/?s={search_term_string}"},"query-input":{"@type":"PropertyValueSpecification","valueRequired":true,"valueName":"search_term_string"}}],"inLanguage":"pt-BR"},{"@type":"Organization","@id":"https:\/\/portalraizesnoticias.com.br\/#organization","name":"Portal raizes NOTICIAS","url":"https:\/\/portalraizesnoticias.com.br\/","logo":{"@type":"ImageObject","inLanguage":"pt-BR","@id":"https:\/\/portalraizesnoticias.com.br\/#\/schema\/logo\/image\/","url":"https:\/\/portalraizesnoticias.com.br\/wp-content\/uploads\/2024\/09\/cropped-Captura-de-tela-2024-09-08-011108.png","contentUrl":"https:\/\/portalraizesnoticias.com.br\/wp-content\/uploads\/2024\/09\/cropped-Captura-de-tela-2024-09-08-011108.png","width":606,"height":173,"caption":"Portal raizes NOTICIAS"},"image":{"@id":"https:\/\/portalraizesnoticias.com.br\/#\/schema\/logo\/image\/"}},{"@type":"Person","@id":"https:\/\/portalraizesnoticias.com.br\/#\/schema\/person\/a3ca6b0fc701e78df19756c417d943ae","name":"Portal Raizes","image":{"@type":"ImageObject","inLanguage":"pt-BR","@id":"https:\/\/portalraizesnoticias.com.br\/#\/schema\/person\/image\/","url":"https:\/\/secure.gravatar.com\/avatar\/ef450d29013a3d3fba867a12a249d7b1?s=96&d=mm&r=g","contentUrl":"https:\/\/secure.gravatar.com\/avatar\/ef450d29013a3d3fba867a12a249d7b1?s=96&d=mm&r=g","caption":"Portal Raizes"},"url":"https:\/\/portalraizesnoticias.com.br\/?author=3"}]}},"_links":{"self":[{"href":"https:\/\/portalraizesnoticias.com.br\/index.php?rest_route=\/wp\/v2\/posts\/2938"}],"collection":[{"href":"https:\/\/portalraizesnoticias.com.br\/index.php?rest_route=\/wp\/v2\/posts"}],"about":[{"href":"https:\/\/portalraizesnoticias.com.br\/index.php?rest_route=\/wp\/v2\/types\/post"}],"author":[{"embeddable":true,"href":"https:\/\/portalraizesnoticias.com.br\/index.php?rest_route=\/wp\/v2\/users\/3"}],"replies":[{"embeddable":true,"href":"https:\/\/portalraizesnoticias.com.br\/index.php?rest_route=%2Fwp%2Fv2%2Fcomments&post=2938"}],"version-history":[{"count":1,"href":"https:\/\/portalraizesnoticias.com.br\/index.php?rest_route=\/wp\/v2\/posts\/2938\/revisions"}],"predecessor-version":[{"id":2942,"href":"https:\/\/portalraizesnoticias.com.br\/index.php?rest_route=\/wp\/v2\/posts\/2938\/revisions\/2942"}],"wp:featuredmedia":[{"embeddable":true,"href":"https:\/\/portalraizesnoticias.com.br\/index.php?rest_route=\/wp\/v2\/media\/2941"}],"wp:attachment":[{"href":"https:\/\/portalraizesnoticias.com.br\/index.php?rest_route=%2Fwp%2Fv2%2Fmedia&parent=2938"}],"wp:term":[{"taxonomy":"category","embeddable":true,"href":"https:\/\/portalraizesnoticias.com.br\/index.php?rest_route=%2Fwp%2Fv2%2Fcategories&post=2938"},{"taxonomy":"post_tag","embeddable":true,"href":"https:\/\/portalraizesnoticias.com.br\/index.php?rest_route=%2Fwp%2Fv2%2Ftags&post=2938"}],"curies":[{"name":"wp","href":"https:\/\/api.w.org\/{rel}","templated":true}]}}