{"id":2852,"date":"2024-12-10T10:52:09","date_gmt":"2024-12-10T13:52:09","guid":{"rendered":"https:\/\/portalraizesnoticias.com.br\/?p=2852"},"modified":"2024-12-10T10:52:10","modified_gmt":"2024-12-10T13:52:10","slug":"hemorragia-nao-afeta-funcao-cerebral-do-presidente-diz-medico-de-lula","status":"publish","type":"post","link":"https:\/\/portalraizesnoticias.com.br\/?p=2852","title":{"rendered":"Hemorragia n\u00e3o afeta fun\u00e7\u00e3o cerebral do presidente, diz m\u00e9dico de Lula"},"content":{"rendered":"<p>A hemorragia intracraniana detectada no presidente Luiz In\u00e1cio Lula da Silva n\u00e3o comprometeu qualquer fun\u00e7\u00e3o cerebral. A expectativa da equipe m\u00e9dica &#8211; liderada por Roberto Kalil &#8211; \u00e9 de que Lula retome as atividades na semana que vem. Por precau\u00e7\u00e3o, ele ficar\u00e1 internado na Unidade de Terapia Intensiva do Hospital S\u00edrio-Liban\u00eas, em S\u00e3o Paulo, por 48 horas.<\/p>\n<p>Ainda segundo os m\u00e9dicos, o procedimento pelo qual o presidente passou inclui uma pequena perfura\u00e7\u00e3o no cr\u00e2nio, entre duas l\u00e2minas da meninge, seguida da coloca\u00e7\u00e3o de um dreno por onde sair\u00e1 o sangue acumulado no local.<\/p>\n<p>O m\u00e9dico Roberto Kalil disse, ainda, que os orif\u00edcios feitos no cr\u00e2nio s\u00e3o pequenos, seguindo um procedimento padr\u00e3o que ter\u00e1 cicatriza\u00e7\u00e3o espont\u00e2nea, sem necessidade de interven\u00e7\u00e3o futura. O presidente Lula encontra-se l\u00facido e acordado, acompanhado apenas da primeira-dama Janja da Silva.<\/p>\n<p>O termo t\u00e9cnico para esse procedimento \u00e9 trepana\u00e7\u00e3o. Kalil informou que o paciente reagiu bem ao procedimento e est\u00e1 se alimentando e se comunicando bem.<\/p>\n<p>Sem sequela<\/p>\n<p>\u201cO presidente n\u00e3o ter\u00e1 sequela e n\u00e3o h\u00e1 risco de complica\u00e7\u00f5es porque o hematoma estava localizado entre o osso cranial e o c\u00e9rebro. Ele n\u00e3o tem machucado no c\u00e9rebro. Esse procedimento \u00e9 para evitar que o hematoma comprima o c\u00e9rebro. O hematoma, que fica entre duas folhas da meninge, foi totalmente drenado. O mais importante \u00e9 que ele n\u00e3o teve trauma no c\u00e9rebro\u201d, disse Kalil durante entrevista coletiva no Hospital S\u00edrio-Liban\u00eas.<\/p>\n<p>Segundo a equipe m\u00e9dica, o presidente da Rep\u00fablica apresentou, durante a \u00faltima madrugada, um mal-estar similar a um quadro gripal, seguido de dor de cabe\u00e7a. Ele foi enviado \u00e0 unidade do S\u00edrio Liban\u00eas, em Bras\u00edlia.<\/p>\n<p>\u201cComo teve a queda, fizemos de imediato todos exames [tomografia e resson\u00e2ncia magn\u00e9tica]\u201d, disse Kalil. Lula foi ent\u00e3o encaminhado para a unidade do mesmo hospital em S\u00e3o Paulo, onde encontra-se internado.<\/p>\n<p>Informa\u00e7\u00f5es extra\u00eddas do site Ag\u00eancia Brasil<\/p>\n<p>Foto: F\u00e1bio Rodrigues<\/p>\n","protected":false},"excerpt":{"rendered":"<p>A hemorragia intracraniana detectada no presidente Luiz In\u00e1cio Lula da Silva n\u00e3o comprometeu qualquer fun\u00e7\u00e3o cerebral. A expectativa da equipe m\u00e9dica &#8211; liderada por Roberto Kalil &#8211; \u00e9 de que Lula retome as atividades na semana que vem. Por precau\u00e7\u00e3o, ele ficar\u00e1 internado na Unidade de Terapia Intensiva do Hospital S\u00edrio-Liban\u00eas, em S\u00e3o Paulo, por 48 horas. Ainda segundo os m\u00e9dicos, o procedimento pelo qual o presidente passou inclui uma pequena perfura\u00e7\u00e3o no cr\u00e2nio, entre duas l\u00e2minas da meninge, seguida da coloca\u00e7\u00e3o de um dreno por onde sair\u00e1 o sangue acumulado no local. O m\u00e9dico Roberto Kalil disse, ainda, que os orif\u00edcios feitos no cr\u00e2nio s\u00e3o pequenos, seguindo um procedimento padr\u00e3o que ter\u00e1 cicatriza\u00e7\u00e3o espont\u00e2nea, sem necessidade de interven\u00e7\u00e3o futura. O presidente Lula encontra-se l\u00facido e acordado, acompanhado apenas da primeira-dama Janja da Silva. O termo t\u00e9cnico para esse procedimento \u00e9 trepana\u00e7\u00e3o. Kalil informou que o paciente reagiu bem ao procedimento e est\u00e1 se alimentando e se comunicando bem. Sem sequela \u201cO presidente n\u00e3o ter\u00e1 sequela e n\u00e3o h\u00e1 risco de complica\u00e7\u00f5es porque o hematoma estava localizado entre o osso cranial e o c\u00e9rebro. Ele n\u00e3o tem machucado no c\u00e9rebro. Esse procedimento \u00e9 para evitar que o hematoma comprima o c\u00e9rebro. O hematoma, que fica entre duas folhas da meninge, foi totalmente drenado. O mais importante \u00e9 que ele n\u00e3o teve trauma no c\u00e9rebro\u201d, disse Kalil durante entrevista coletiva no Hospital S\u00edrio-Liban\u00eas. Segundo a equipe m\u00e9dica, o presidente da Rep\u00fablica apresentou, durante a \u00faltima madrugada, um mal-estar similar a um quadro gripal, seguido de dor de cabe\u00e7a. Ele foi enviado \u00e0 unidade do S\u00edrio Liban\u00eas, em Bras\u00edlia. \u201cComo teve a queda, fizemos de imediato todos exames [tomografia e resson\u00e2ncia magn\u00e9tica]\u201d, disse Kalil. Lula foi ent\u00e3o encaminhado para a unidade do mesmo hospital em S\u00e3o Paulo, onde encontra-se internado. Informa\u00e7\u00f5es extra\u00eddas do site Ag\u00eancia Brasil Foto: F\u00e1bio Rodrigues<\/p>\n","protected":false},"author":3,"featured_media":2853,"comment_status":"open","ping_status":"open","sticky":false,"template":"","format":"standard","meta":{"_joinchat":[],"footnotes":""},"categories":[53,59],"tags":[396,394,395],"class_list":["post-2852","post","type-post","status-publish","format-standard","has-post-thumbnail","hentry","category-politica","category-ultimas-noticias","tag-boletim","tag-hemorragia","tag-lula"],"yoast_head":"<!-- This site is optimized with the Yoast SEO plugin v24.4 - https:\/\/yoast.com\/wordpress\/plugins\/seo\/ -->\n<title>Hemorragia n\u00e3o afeta fun\u00e7\u00e3o cerebral do presidente, diz m\u00e9dico de Lula - Portal raizes noticias<\/title>\n<meta name=\"robots\" content=\"index, follow, max-snippet:-1, max-image-preview:large, max-video-preview:-1\" \/>\n<link rel=\"canonical\" href=\"https:\/\/portalraizesnoticias.com.br\/?p=2852\" \/>\n<meta property=\"og:locale\" content=\"pt_BR\" \/>\n<meta property=\"og:type\" content=\"article\" \/>\n<meta property=\"og:title\" content=\"Hemorragia n\u00e3o afeta fun\u00e7\u00e3o cerebral do presidente, diz m\u00e9dico de Lula - Portal raizes noticias\" \/>\n<meta property=\"og:description\" content=\"A hemorragia intracraniana detectada no presidente Luiz In\u00e1cio Lula da Silva n\u00e3o comprometeu qualquer fun\u00e7\u00e3o cerebral. A expectativa da equipe m\u00e9dica &#8211; liderada por Roberto Kalil &#8211; \u00e9 de que Lula retome as atividades na semana que vem. Por precau\u00e7\u00e3o, ele ficar\u00e1 internado na Unidade de Terapia Intensiva do Hospital S\u00edrio-Liban\u00eas, em S\u00e3o Paulo, por 48 horas. Ainda segundo os m\u00e9dicos, o procedimento pelo qual o presidente passou inclui uma pequena perfura\u00e7\u00e3o no cr\u00e2nio, entre duas l\u00e2minas da meninge, seguida da coloca\u00e7\u00e3o de um dreno por onde sair\u00e1 o sangue acumulado no local. O m\u00e9dico Roberto Kalil disse, ainda, que os orif\u00edcios feitos no cr\u00e2nio s\u00e3o pequenos, seguindo um procedimento padr\u00e3o que ter\u00e1 cicatriza\u00e7\u00e3o espont\u00e2nea, sem necessidade de interven\u00e7\u00e3o futura. O presidente Lula encontra-se l\u00facido e acordado, acompanhado apenas da primeira-dama Janja da Silva. O termo t\u00e9cnico para esse procedimento \u00e9 trepana\u00e7\u00e3o. Kalil informou que o paciente reagiu bem ao procedimento e est\u00e1 se alimentando e se comunicando bem. Sem sequela \u201cO presidente n\u00e3o ter\u00e1 sequela e n\u00e3o h\u00e1 risco de complica\u00e7\u00f5es porque o hematoma estava localizado entre o osso cranial e o c\u00e9rebro. Ele n\u00e3o tem machucado no c\u00e9rebro. Esse procedimento \u00e9 para evitar que o hematoma comprima o c\u00e9rebro. O hematoma, que fica entre duas folhas da meninge, foi totalmente drenado. O mais importante \u00e9 que ele n\u00e3o teve trauma no c\u00e9rebro\u201d, disse Kalil durante entrevista coletiva no Hospital S\u00edrio-Liban\u00eas. Segundo a equipe m\u00e9dica, o presidente da Rep\u00fablica apresentou, durante a \u00faltima madrugada, um mal-estar similar a um quadro gripal, seguido de dor de cabe\u00e7a. Ele foi enviado \u00e0 unidade do S\u00edrio Liban\u00eas, em Bras\u00edlia. \u201cComo teve a queda, fizemos de imediato todos exames [tomografia e resson\u00e2ncia magn\u00e9tica]\u201d, disse Kalil. Lula foi ent\u00e3o encaminhado para a unidade do mesmo hospital em S\u00e3o Paulo, onde encontra-se internado. Informa\u00e7\u00f5es extra\u00eddas do site Ag\u00eancia Brasil Foto: F\u00e1bio Rodrigues\" \/>\n<meta property=\"og:url\" content=\"https:\/\/portalraizesnoticias.com.br\/?p=2852\" \/>\n<meta property=\"og:site_name\" content=\"Portal raizes noticias\" \/>\n<meta property=\"article:published_time\" content=\"2024-12-10T13:52:09+00:00\" \/>\n<meta property=\"article:modified_time\" content=\"2024-12-10T13:52:10+00:00\" \/>\n<meta property=\"og:image\" content=\"https:\/\/portalraizesnoticias.com.br\/wp-content\/uploads\/2024\/12\/20230929_105536000_ios-1.webp\" \/>\n\t<meta property=\"og:image:width\" content=\"1170\" \/>\n\t<meta property=\"og:image:height\" content=\"700\" \/>\n\t<meta property=\"og:image:type\" content=\"image\/webp\" \/>\n<meta name=\"author\" content=\"Portal Raizes\" \/>\n<meta name=\"twitter:card\" content=\"summary_large_image\" \/>\n<meta name=\"twitter:label1\" content=\"Escrito por\" \/>\n\t<meta name=\"twitter:data1\" content=\"Portal Raizes\" \/>\n\t<meta name=\"twitter:label2\" content=\"Est. tempo de leitura\" \/>\n\t<meta name=\"twitter:data2\" content=\"2 minutos\" \/>\n<script type=\"application\/ld+json\" class=\"yoast-schema-graph\">{\"@context\":\"https:\/\/schema.org\",\"@graph\":[{\"@type\":\"Article\",\"@id\":\"https:\/\/portalraizesnoticias.com.br\/?p=2852#article\",\"isPartOf\":{\"@id\":\"https:\/\/portalraizesnoticias.com.br\/?p=2852\"},\"author\":{\"name\":\"Portal Raizes\",\"@id\":\"https:\/\/portalraizesnoticias.com.br\/#\/schema\/person\/a3ca6b0fc701e78df19756c417d943ae\"},\"headline\":\"Hemorragia n\u00e3o afeta fun\u00e7\u00e3o cerebral do presidente, diz m\u00e9dico de Lula\",\"datePublished\":\"2024-12-10T13:52:09+00:00\",\"dateModified\":\"2024-12-10T13:52:10+00:00\",\"mainEntityOfPage\":{\"@id\":\"https:\/\/portalraizesnoticias.com.br\/?p=2852\"},\"wordCount\":364,\"commentCount\":0,\"publisher\":{\"@id\":\"https:\/\/portalraizesnoticias.com.br\/#organization\"},\"image\":{\"@id\":\"https:\/\/portalraizesnoticias.com.br\/?p=2852#primaryimage\"},\"thumbnailUrl\":\"https:\/\/portalraizesnoticias.com.br\/wp-content\/uploads\/2024\/12\/20230929_105536000_ios-1.webp\",\"keywords\":[\"Boletim\",\"Hemorragia\",\"Lula\"],\"articleSection\":[\"POLITICA\",\"ULTIMAS NOTICIAS\"],\"inLanguage\":\"pt-BR\",\"potentialAction\":[{\"@type\":\"CommentAction\",\"name\":\"Comment\",\"target\":[\"https:\/\/portalraizesnoticias.com.br\/?p=2852#respond\"]}]},{\"@type\":\"WebPage\",\"@id\":\"https:\/\/portalraizesnoticias.com.br\/?p=2852\",\"url\":\"https:\/\/portalraizesnoticias.com.br\/?p=2852\",\"name\":\"Hemorragia n\u00e3o afeta fun\u00e7\u00e3o cerebral do presidente, diz m\u00e9dico de Lula - Portal raizes noticias\",\"isPartOf\":{\"@id\":\"https:\/\/portalraizesnoticias.com.br\/#website\"},\"primaryImageOfPage\":{\"@id\":\"https:\/\/portalraizesnoticias.com.br\/?p=2852#primaryimage\"},\"image\":{\"@id\":\"https:\/\/portalraizesnoticias.com.br\/?p=2852#primaryimage\"},\"thumbnailUrl\":\"https:\/\/portalraizesnoticias.com.br\/wp-content\/uploads\/2024\/12\/20230929_105536000_ios-1.webp\",\"datePublished\":\"2024-12-10T13:52:09+00:00\",\"dateModified\":\"2024-12-10T13:52:10+00:00\",\"breadcrumb\":{\"@id\":\"https:\/\/portalraizesnoticias.com.br\/?p=2852#breadcrumb\"},\"inLanguage\":\"pt-BR\",\"potentialAction\":[{\"@type\":\"ReadAction\",\"target\":[\"https:\/\/portalraizesnoticias.com.br\/?p=2852\"]}]},{\"@type\":\"ImageObject\",\"inLanguage\":\"pt-BR\",\"@id\":\"https:\/\/portalraizesnoticias.com.br\/?p=2852#primaryimage\",\"url\":\"https:\/\/portalraizesnoticias.com.br\/wp-content\/uploads\/2024\/12\/20230929_105536000_ios-1.webp\",\"contentUrl\":\"https:\/\/portalraizesnoticias.com.br\/wp-content\/uploads\/2024\/12\/20230929_105536000_ios-1.webp\",\"width\":1170,\"height\":700},{\"@type\":\"BreadcrumbList\",\"@id\":\"https:\/\/portalraizesnoticias.com.br\/?p=2852#breadcrumb\",\"itemListElement\":[{\"@type\":\"ListItem\",\"position\":1,\"name\":\"In\u00edcio\",\"item\":\"https:\/\/portalraizesnoticias.com.br\/\"},{\"@type\":\"ListItem\",\"position\":2,\"name\":\"Hemorragia n\u00e3o afeta fun\u00e7\u00e3o cerebral do presidente, diz m\u00e9dico de Lula\"}]},{\"@type\":\"WebSite\",\"@id\":\"https:\/\/portalraizesnoticias.com.br\/#website\",\"url\":\"https:\/\/portalraizesnoticias.com.br\/\",\"name\":\"Portal raizes NOTICIAS\",\"description\":\"site de noticias de concei\u00e7\u00e3o do coit\u00e9 e regi\u00e3o\",\"publisher\":{\"@id\":\"https:\/\/portalraizesnoticias.com.br\/#organization\"},\"alternateName\":\"PORTAL RAIZES COIT\u00c9\",\"potentialAction\":[{\"@type\":\"SearchAction\",\"target\":{\"@type\":\"EntryPoint\",\"urlTemplate\":\"https:\/\/portalraizesnoticias.com.br\/?s={search_term_string}\"},\"query-input\":{\"@type\":\"PropertyValueSpecification\",\"valueRequired\":true,\"valueName\":\"search_term_string\"}}],\"inLanguage\":\"pt-BR\"},{\"@type\":\"Organization\",\"@id\":\"https:\/\/portalraizesnoticias.com.br\/#organization\",\"name\":\"Portal raizes NOTICIAS\",\"url\":\"https:\/\/portalraizesnoticias.com.br\/\",\"logo\":{\"@type\":\"ImageObject\",\"inLanguage\":\"pt-BR\",\"@id\":\"https:\/\/portalraizesnoticias.com.br\/#\/schema\/logo\/image\/\",\"url\":\"https:\/\/portalraizesnoticias.com.br\/wp-content\/uploads\/2024\/09\/cropped-Captura-de-tela-2024-09-08-011108.png\",\"contentUrl\":\"https:\/\/portalraizesnoticias.com.br\/wp-content\/uploads\/2024\/09\/cropped-Captura-de-tela-2024-09-08-011108.png\",\"width\":606,\"height\":173,\"caption\":\"Portal raizes NOTICIAS\"},\"image\":{\"@id\":\"https:\/\/portalraizesnoticias.com.br\/#\/schema\/logo\/image\/\"}},{\"@type\":\"Person\",\"@id\":\"https:\/\/portalraizesnoticias.com.br\/#\/schema\/person\/a3ca6b0fc701e78df19756c417d943ae\",\"name\":\"Portal Raizes\",\"image\":{\"@type\":\"ImageObject\",\"inLanguage\":\"pt-BR\",\"@id\":\"https:\/\/portalraizesnoticias.com.br\/#\/schema\/person\/image\/\",\"url\":\"https:\/\/secure.gravatar.com\/avatar\/ef450d29013a3d3fba867a12a249d7b1?s=96&d=mm&r=g\",\"contentUrl\":\"https:\/\/secure.gravatar.com\/avatar\/ef450d29013a3d3fba867a12a249d7b1?s=96&d=mm&r=g\",\"caption\":\"Portal Raizes\"},\"url\":\"https:\/\/portalraizesnoticias.com.br\/?author=3\"}]}<\/script>\n<!-- \/ Yoast SEO plugin. -->","yoast_head_json":{"title":"Hemorragia n\u00e3o afeta fun\u00e7\u00e3o cerebral do presidente, diz m\u00e9dico de Lula - Portal raizes noticias","robots":{"index":"index","follow":"follow","max-snippet":"max-snippet:-1","max-image-preview":"max-image-preview:large","max-video-preview":"max-video-preview:-1"},"canonical":"https:\/\/portalraizesnoticias.com.br\/?p=2852","og_locale":"pt_BR","og_type":"article","og_title":"Hemorragia n\u00e3o afeta fun\u00e7\u00e3o cerebral do presidente, diz m\u00e9dico de Lula - Portal raizes noticias","og_description":"A hemorragia intracraniana detectada no presidente Luiz In\u00e1cio Lula da Silva n\u00e3o comprometeu qualquer fun\u00e7\u00e3o cerebral. A expectativa da equipe m\u00e9dica &#8211; liderada por Roberto Kalil &#8211; \u00e9 de que Lula retome as atividades na semana que vem. Por precau\u00e7\u00e3o, ele ficar\u00e1 internado na Unidade de Terapia Intensiva do Hospital S\u00edrio-Liban\u00eas, em S\u00e3o Paulo, por 48 horas. Ainda segundo os m\u00e9dicos, o procedimento pelo qual o presidente passou inclui uma pequena perfura\u00e7\u00e3o no cr\u00e2nio, entre duas l\u00e2minas da meninge, seguida da coloca\u00e7\u00e3o de um dreno por onde sair\u00e1 o sangue acumulado no local. O m\u00e9dico Roberto Kalil disse, ainda, que os orif\u00edcios feitos no cr\u00e2nio s\u00e3o pequenos, seguindo um procedimento padr\u00e3o que ter\u00e1 cicatriza\u00e7\u00e3o espont\u00e2nea, sem necessidade de interven\u00e7\u00e3o futura. O presidente Lula encontra-se l\u00facido e acordado, acompanhado apenas da primeira-dama Janja da Silva. O termo t\u00e9cnico para esse procedimento \u00e9 trepana\u00e7\u00e3o. Kalil informou que o paciente reagiu bem ao procedimento e est\u00e1 se alimentando e se comunicando bem. Sem sequela \u201cO presidente n\u00e3o ter\u00e1 sequela e n\u00e3o h\u00e1 risco de complica\u00e7\u00f5es porque o hematoma estava localizado entre o osso cranial e o c\u00e9rebro. Ele n\u00e3o tem machucado no c\u00e9rebro. Esse procedimento \u00e9 para evitar que o hematoma comprima o c\u00e9rebro. O hematoma, que fica entre duas folhas da meninge, foi totalmente drenado. O mais importante \u00e9 que ele n\u00e3o teve trauma no c\u00e9rebro\u201d, disse Kalil durante entrevista coletiva no Hospital S\u00edrio-Liban\u00eas. Segundo a equipe m\u00e9dica, o presidente da Rep\u00fablica apresentou, durante a \u00faltima madrugada, um mal-estar similar a um quadro gripal, seguido de dor de cabe\u00e7a. Ele foi enviado \u00e0 unidade do S\u00edrio Liban\u00eas, em Bras\u00edlia. \u201cComo teve a queda, fizemos de imediato todos exames [tomografia e resson\u00e2ncia magn\u00e9tica]\u201d, disse Kalil. Lula foi ent\u00e3o encaminhado para a unidade do mesmo hospital em S\u00e3o Paulo, onde encontra-se internado. Informa\u00e7\u00f5es extra\u00eddas do site Ag\u00eancia Brasil Foto: F\u00e1bio Rodrigues","og_url":"https:\/\/portalraizesnoticias.com.br\/?p=2852","og_site_name":"Portal raizes noticias","article_published_time":"2024-12-10T13:52:09+00:00","article_modified_time":"2024-12-10T13:52:10+00:00","og_image":[{"width":1170,"height":700,"url":"https:\/\/portalraizesnoticias.com.br\/wp-content\/uploads\/2024\/12\/20230929_105536000_ios-1.webp","type":"image\/webp"}],"author":"Portal Raizes","twitter_card":"summary_large_image","twitter_misc":{"Escrito por":"Portal Raizes","Est. tempo de leitura":"2 minutos"},"schema":{"@context":"https:\/\/schema.org","@graph":[{"@type":"Article","@id":"https:\/\/portalraizesnoticias.com.br\/?p=2852#article","isPartOf":{"@id":"https:\/\/portalraizesnoticias.com.br\/?p=2852"},"author":{"name":"Portal Raizes","@id":"https:\/\/portalraizesnoticias.com.br\/#\/schema\/person\/a3ca6b0fc701e78df19756c417d943ae"},"headline":"Hemorragia n\u00e3o afeta fun\u00e7\u00e3o cerebral do presidente, diz m\u00e9dico de Lula","datePublished":"2024-12-10T13:52:09+00:00","dateModified":"2024-12-10T13:52:10+00:00","mainEntityOfPage":{"@id":"https:\/\/portalraizesnoticias.com.br\/?p=2852"},"wordCount":364,"commentCount":0,"publisher":{"@id":"https:\/\/portalraizesnoticias.com.br\/#organization"},"image":{"@id":"https:\/\/portalraizesnoticias.com.br\/?p=2852#primaryimage"},"thumbnailUrl":"https:\/\/portalraizesnoticias.com.br\/wp-content\/uploads\/2024\/12\/20230929_105536000_ios-1.webp","keywords":["Boletim","Hemorragia","Lula"],"articleSection":["POLITICA","ULTIMAS NOTICIAS"],"inLanguage":"pt-BR","potentialAction":[{"@type":"CommentAction","name":"Comment","target":["https:\/\/portalraizesnoticias.com.br\/?p=2852#respond"]}]},{"@type":"WebPage","@id":"https:\/\/portalraizesnoticias.com.br\/?p=2852","url":"https:\/\/portalraizesnoticias.com.br\/?p=2852","name":"Hemorragia n\u00e3o afeta fun\u00e7\u00e3o cerebral do presidente, diz m\u00e9dico de Lula - Portal raizes noticias","isPartOf":{"@id":"https:\/\/portalraizesnoticias.com.br\/#website"},"primaryImageOfPage":{"@id":"https:\/\/portalraizesnoticias.com.br\/?p=2852#primaryimage"},"image":{"@id":"https:\/\/portalraizesnoticias.com.br\/?p=2852#primaryimage"},"thumbnailUrl":"https:\/\/portalraizesnoticias.com.br\/wp-content\/uploads\/2024\/12\/20230929_105536000_ios-1.webp","datePublished":"2024-12-10T13:52:09+00:00","dateModified":"2024-12-10T13:52:10+00:00","breadcrumb":{"@id":"https:\/\/portalraizesnoticias.com.br\/?p=2852#breadcrumb"},"inLanguage":"pt-BR","potentialAction":[{"@type":"ReadAction","target":["https:\/\/portalraizesnoticias.com.br\/?p=2852"]}]},{"@type":"ImageObject","inLanguage":"pt-BR","@id":"https:\/\/portalraizesnoticias.com.br\/?p=2852#primaryimage","url":"https:\/\/portalraizesnoticias.com.br\/wp-content\/uploads\/2024\/12\/20230929_105536000_ios-1.webp","contentUrl":"https:\/\/portalraizesnoticias.com.br\/wp-content\/uploads\/2024\/12\/20230929_105536000_ios-1.webp","width":1170,"height":700},{"@type":"BreadcrumbList","@id":"https:\/\/portalraizesnoticias.com.br\/?p=2852#breadcrumb","itemListElement":[{"@type":"ListItem","position":1,"name":"In\u00edcio","item":"https:\/\/portalraizesnoticias.com.br\/"},{"@type":"ListItem","position":2,"name":"Hemorragia n\u00e3o afeta fun\u00e7\u00e3o cerebral do presidente, diz m\u00e9dico de Lula"}]},{"@type":"WebSite","@id":"https:\/\/portalraizesnoticias.com.br\/#website","url":"https:\/\/portalraizesnoticias.com.br\/","name":"Portal raizes NOTICIAS","description":"site de noticias de concei\u00e7\u00e3o do coit\u00e9 e regi\u00e3o","publisher":{"@id":"https:\/\/portalraizesnoticias.com.br\/#organization"},"alternateName":"PORTAL RAIZES COIT\u00c9","potentialAction":[{"@type":"SearchAction","target":{"@type":"EntryPoint","urlTemplate":"https:\/\/portalraizesnoticias.com.br\/?s={search_term_string}"},"query-input":{"@type":"PropertyValueSpecification","valueRequired":true,"valueName":"search_term_string"}}],"inLanguage":"pt-BR"},{"@type":"Organization","@id":"https:\/\/portalraizesnoticias.com.br\/#organization","name":"Portal raizes NOTICIAS","url":"https:\/\/portalraizesnoticias.com.br\/","logo":{"@type":"ImageObject","inLanguage":"pt-BR","@id":"https:\/\/portalraizesnoticias.com.br\/#\/schema\/logo\/image\/","url":"https:\/\/portalraizesnoticias.com.br\/wp-content\/uploads\/2024\/09\/cropped-Captura-de-tela-2024-09-08-011108.png","contentUrl":"https:\/\/portalraizesnoticias.com.br\/wp-content\/uploads\/2024\/09\/cropped-Captura-de-tela-2024-09-08-011108.png","width":606,"height":173,"caption":"Portal raizes NOTICIAS"},"image":{"@id":"https:\/\/portalraizesnoticias.com.br\/#\/schema\/logo\/image\/"}},{"@type":"Person","@id":"https:\/\/portalraizesnoticias.com.br\/#\/schema\/person\/a3ca6b0fc701e78df19756c417d943ae","name":"Portal Raizes","image":{"@type":"ImageObject","inLanguage":"pt-BR","@id":"https:\/\/portalraizesnoticias.com.br\/#\/schema\/person\/image\/","url":"https:\/\/secure.gravatar.com\/avatar\/ef450d29013a3d3fba867a12a249d7b1?s=96&d=mm&r=g","contentUrl":"https:\/\/secure.gravatar.com\/avatar\/ef450d29013a3d3fba867a12a249d7b1?s=96&d=mm&r=g","caption":"Portal Raizes"},"url":"https:\/\/portalraizesnoticias.com.br\/?author=3"}]}},"_links":{"self":[{"href":"https:\/\/portalraizesnoticias.com.br\/index.php?rest_route=\/wp\/v2\/posts\/2852"}],"collection":[{"href":"https:\/\/portalraizesnoticias.com.br\/index.php?rest_route=\/wp\/v2\/posts"}],"about":[{"href":"https:\/\/portalraizesnoticias.com.br\/index.php?rest_route=\/wp\/v2\/types\/post"}],"author":[{"embeddable":true,"href":"https:\/\/portalraizesnoticias.com.br\/index.php?rest_route=\/wp\/v2\/users\/3"}],"replies":[{"embeddable":true,"href":"https:\/\/portalraizesnoticias.com.br\/index.php?rest_route=%2Fwp%2Fv2%2Fcomments&post=2852"}],"version-history":[{"count":1,"href":"https:\/\/portalraizesnoticias.com.br\/index.php?rest_route=\/wp\/v2\/posts\/2852\/revisions"}],"predecessor-version":[{"id":2854,"href":"https:\/\/portalraizesnoticias.com.br\/index.php?rest_route=\/wp\/v2\/posts\/2852\/revisions\/2854"}],"wp:featuredmedia":[{"embeddable":true,"href":"https:\/\/portalraizesnoticias.com.br\/index.php?rest_route=\/wp\/v2\/media\/2853"}],"wp:attachment":[{"href":"https:\/\/portalraizesnoticias.com.br\/index.php?rest_route=%2Fwp%2Fv2%2Fmedia&parent=2852"}],"wp:term":[{"taxonomy":"category","embeddable":true,"href":"https:\/\/portalraizesnoticias.com.br\/index.php?rest_route=%2Fwp%2Fv2%2Fcategories&post=2852"},{"taxonomy":"post_tag","embeddable":true,"href":"https:\/\/portalraizesnoticias.com.br\/index.php?rest_route=%2Fwp%2Fv2%2Ftags&post=2852"}],"curies":[{"name":"wp","href":"https:\/\/api.w.org\/{rel}","templated":true}]}}