{"id":2756,"date":"2024-12-07T17:37:17","date_gmt":"2024-12-07T20:37:17","guid":{"rendered":"https:\/\/portalraizesnoticias.com.br\/?p=2756"},"modified":"2024-12-07T17:38:14","modified_gmt":"2024-12-07T20:38:14","slug":"orquestra-das-meninas-de-coite-leva-musica-instrumental-feminina-para-coite-valente-e-serrinha-saiba-mais","status":"publish","type":"post","link":"https:\/\/portalraizesnoticias.com.br\/?p=2756","title":{"rendered":"Orquestra das Meninas de Coit\u00e9 leva m\u00fasica instrumental feminina para Coit\u00e9, Valente e Serrinha. Saiba mais!"},"content":{"rendered":"<p>]A Orquestra das Meninas de Coit\u00e9 (OMC), projeto criado em 2019 por mulheres instrumentistas, compositoras e regentes, iniciou em dezembro de 2024 sua turn\u00ea intitulada &#8220;Toque Como Uma Garota&#8221;. O projeto, patrocinado pelo Banco do Nordeste, tem como objetivo levar a m\u00fasica instrumental composta por mulheres para cidades baianas visando a representatividade feminina no meio art\u00edstico e a inspira\u00e7\u00e3o para novas gera\u00e7\u00f5es. <strong>(CONFIRA AS DATAS NO FINAL DA MAT\u00c9RIA)<\/strong><\/p>\n<p>As apresenta\u00e7\u00f5es, gratuitas, percorrer\u00e3o Valente, Serrinha e Concei\u00e7\u00e3o do Coit\u00e9, neste m\u00eas de dezembro, com repert\u00f3rio exclusivamente composto por mulheres, incluindo m\u00fasicas de Pitty, Rita Lee, Chiquinha Gonzaga e composi\u00e7\u00f5es da pr\u00f3pria orquestra, como Fernanda Santos e Dianara Almeida, maestrina da OMC.<\/p>\n<p>A OMC busca, al\u00e9m de apresentar um repert\u00f3rio in\u00e9dito, promover a visibilidade do talento feminino, inspirar novas gera\u00e7\u00f5es e desconstruir estere\u00f3tipos de g\u00eanero na m\u00fasica. A turn\u00ea tamb\u00e9m inclui um debate sobre &#8220;Matriarcalidade dentro da perspectiva das mulheres sisaleiras e negras&#8221;, com uma abordagem racializada e ancestralizada, aprofundando a discuss\u00e3o sobre a presen\u00e7a das mulheres na m\u00fasica e na sociedade.<\/p>\n<p>&#8220;Estamos na expectativa de que este projeto resulte em outras circula\u00e7\u00f5es pela nossa regi\u00e3o e at\u00e9 mesmo por outras cidades do Brasil, trazendo mais oportunidades para as mulheres artistas&#8221;, declara a maestrina Dianara Almeida.<\/p>\n<p>A orquestra \u00e9 formada por mulheres instrumentistas, compositoras e regentes e conta com o apoio do Banco do Nordeste, realiza\u00e7\u00e3o do Instituto Cultural Alto da Colina e do Minist\u00e9rio da Cultura.<\/p>\n<p>A turn\u00ea &#8220;Toque Como Uma Garota&#8221; representa um marco hist\u00f3rico para a OMC, marcando sua primeira turn\u00ea viabilizada pela Lei Rouanet. A iniciativa tem demonstrado que a m\u00fasica pode ser uma ferramenta de empoderamento feminino, rompendo barreiras de g\u00eanero e estimulando a participa\u00e7\u00e3o de mulheres em espa\u00e7os tradicionais masculinos. A orquestra espera incentivar outras mulheres a ocuparem posi\u00e7\u00f5es de destaque em suas \u00e1reas e na sociedade como um todo.<\/p>\n<p><strong>Eventos:<\/strong><\/p>\n<p>Todas as apresenta\u00e7\u00f5es s\u00e3o gratuitas e acontecem nos seguintes locais e hor\u00e1rios:<\/p>\n<p>Valente-BA: 10\/12\/2024 &#8211; 19h &#8211; Casa da Cultura (Funda\u00e7\u00e3o APAEB)<\/p>\n<p>Serrinha-BA: 18\/12\/2024 &#8211; 18h &#8211; Pra\u00e7a Luiz Nogueira<\/p>\n<p>Concei\u00e7\u00e3o do Coit\u00e9-BA: 26\/12\/2024 &#8211; 19h &#8211; Centro Educacional Ana Rios<\/p>\n<p><strong>Contato: Para mais informa\u00e7\u00f5es sobre o projeto, siga as redes sociais da Orquestra das Meninas de Coit\u00e9<\/strong>. <a href=\"https:\/\/www.instagram.com\/orquestradasmeninasdecoit\">https:\/\/www.instagram.com\/orquestradasmeninasdecoit<\/a><\/p>\n<p>IInforma\u00e7\u00f5es e fotos: Ascom<\/p>\n","protected":false},"excerpt":{"rendered":"<p>]A Orquestra das Meninas de Coit\u00e9 (OMC), projeto criado em 2019 por mulheres instrumentistas, compositoras e regentes, iniciou em dezembro de 2024 sua turn\u00ea intitulada &#8220;Toque Como Uma Garota&#8221;. O projeto, patrocinado pelo Banco do Nordeste, tem como objetivo levar a m\u00fasica instrumental composta por mulheres para cidades baianas visando a representatividade feminina no meio art\u00edstico e a inspira\u00e7\u00e3o para novas gera\u00e7\u00f5es. (CONFIRA AS DATAS NO FINAL DA MAT\u00c9RIA) As apresenta\u00e7\u00f5es, gratuitas, percorrer\u00e3o Valente, Serrinha e Concei\u00e7\u00e3o do Coit\u00e9, neste m\u00eas de dezembro, com repert\u00f3rio exclusivamente composto por mulheres, incluindo m\u00fasicas de Pitty, Rita Lee, Chiquinha Gonzaga e composi\u00e7\u00f5es da pr\u00f3pria orquestra, como Fernanda Santos e Dianara Almeida, maestrina da OMC. A OMC busca, al\u00e9m de apresentar um repert\u00f3rio in\u00e9dito, promover a visibilidade do talento feminino, inspirar novas gera\u00e7\u00f5es e desconstruir estere\u00f3tipos de g\u00eanero na m\u00fasica. A turn\u00ea tamb\u00e9m inclui um debate sobre &#8220;Matriarcalidade dentro da perspectiva das mulheres sisaleiras e negras&#8221;, com uma abordagem racializada e ancestralizada, aprofundando a discuss\u00e3o sobre a presen\u00e7a das mulheres na m\u00fasica e na sociedade. &#8220;Estamos na expectativa de que este projeto resulte em outras circula\u00e7\u00f5es pela nossa regi\u00e3o e at\u00e9 mesmo por outras cidades do Brasil, trazendo mais oportunidades para as mulheres artistas&#8221;, declara a maestrina Dianara Almeida. A orquestra \u00e9 formada por mulheres instrumentistas, compositoras e regentes e conta com o apoio do Banco do Nordeste, realiza\u00e7\u00e3o do Instituto Cultural Alto da Colina e do Minist\u00e9rio da Cultura. A turn\u00ea &#8220;Toque Como Uma Garota&#8221; representa um marco hist\u00f3rico para a OMC, marcando sua primeira turn\u00ea viabilizada pela Lei Rouanet. A iniciativa tem demonstrado que a m\u00fasica pode ser uma ferramenta de empoderamento feminino, rompendo barreiras de g\u00eanero e estimulando a participa\u00e7\u00e3o de mulheres em espa\u00e7os tradicionais masculinos. A orquestra espera incentivar outras mulheres a ocuparem posi\u00e7\u00f5es de destaque em suas \u00e1reas e na sociedade como um todo. Eventos: Todas as apresenta\u00e7\u00f5es s\u00e3o gratuitas e acontecem nos seguintes locais e hor\u00e1rios: Valente-BA: 10\/12\/2024 &#8211; 19h &#8211; Casa da Cultura (Funda\u00e7\u00e3o APAEB) Serrinha-BA: 18\/12\/2024 &#8211; 18h &#8211; Pra\u00e7a Luiz Nogueira Concei\u00e7\u00e3o do Coit\u00e9-BA: 26\/12\/2024 &#8211; 19h &#8211; Centro Educacional Ana Rios Contato: Para mais informa\u00e7\u00f5es sobre o projeto, siga as redes sociais da Orquestra das Meninas de Coit\u00e9. https:\/\/www.instagram.com\/orquestradasmeninasdecoit IInforma\u00e7\u00f5es e fotos: Ascom<\/p>\n","protected":false},"author":3,"featured_media":2759,"comment_status":"open","ping_status":"open","sticky":false,"template":"","format":"standard","meta":{"_joinchat":[],"footnotes":""},"categories":[69,59],"tags":[358,75,357],"class_list":["post-2756","post","type-post","status-publish","format-standard","has-post-thumbnail","hentry","category-entreterimento-e-cultura","category-ultimas-noticias","tag-apresentacoes","tag-coite","tag-orquestra-das-meninas"],"yoast_head":"<!-- This site is optimized with the Yoast SEO plugin v24.4 - https:\/\/yoast.com\/wordpress\/plugins\/seo\/ -->\n<title>Orquestra das Meninas de Coit\u00e9 leva m\u00fasica instrumental feminina para Coit\u00e9, Valente e Serrinha. Saiba mais! - Portal raizes noticias<\/title>\n<meta name=\"robots\" content=\"index, follow, max-snippet:-1, max-image-preview:large, max-video-preview:-1\" \/>\n<link rel=\"canonical\" href=\"https:\/\/portalraizesnoticias.com.br\/?p=2756\" \/>\n<meta property=\"og:locale\" content=\"pt_BR\" \/>\n<meta property=\"og:type\" content=\"article\" \/>\n<meta property=\"og:title\" content=\"Orquestra das Meninas de Coit\u00e9 leva m\u00fasica instrumental feminina para Coit\u00e9, Valente e Serrinha. Saiba mais! - Portal raizes noticias\" \/>\n<meta property=\"og:description\" content=\"]A Orquestra das Meninas de Coit\u00e9 (OMC), projeto criado em 2019 por mulheres instrumentistas, compositoras e regentes, iniciou em dezembro de 2024 sua turn\u00ea intitulada &#8220;Toque Como Uma Garota&#8221;. O projeto, patrocinado pelo Banco do Nordeste, tem como objetivo levar a m\u00fasica instrumental composta por mulheres para cidades baianas visando a representatividade feminina no meio art\u00edstico e a inspira\u00e7\u00e3o para novas gera\u00e7\u00f5es. (CONFIRA AS DATAS NO FINAL DA MAT\u00c9RIA) As apresenta\u00e7\u00f5es, gratuitas, percorrer\u00e3o Valente, Serrinha e Concei\u00e7\u00e3o do Coit\u00e9, neste m\u00eas de dezembro, com repert\u00f3rio exclusivamente composto por mulheres, incluindo m\u00fasicas de Pitty, Rita Lee, Chiquinha Gonzaga e composi\u00e7\u00f5es da pr\u00f3pria orquestra, como Fernanda Santos e Dianara Almeida, maestrina da OMC. A OMC busca, al\u00e9m de apresentar um repert\u00f3rio in\u00e9dito, promover a visibilidade do talento feminino, inspirar novas gera\u00e7\u00f5es e desconstruir estere\u00f3tipos de g\u00eanero na m\u00fasica. A turn\u00ea tamb\u00e9m inclui um debate sobre &#8220;Matriarcalidade dentro da perspectiva das mulheres sisaleiras e negras&#8221;, com uma abordagem racializada e ancestralizada, aprofundando a discuss\u00e3o sobre a presen\u00e7a das mulheres na m\u00fasica e na sociedade. &#8220;Estamos na expectativa de que este projeto resulte em outras circula\u00e7\u00f5es pela nossa regi\u00e3o e at\u00e9 mesmo por outras cidades do Brasil, trazendo mais oportunidades para as mulheres artistas&#8221;, declara a maestrina Dianara Almeida. A orquestra \u00e9 formada por mulheres instrumentistas, compositoras e regentes e conta com o apoio do Banco do Nordeste, realiza\u00e7\u00e3o do Instituto Cultural Alto da Colina e do Minist\u00e9rio da Cultura. A turn\u00ea &#8220;Toque Como Uma Garota&#8221; representa um marco hist\u00f3rico para a OMC, marcando sua primeira turn\u00ea viabilizada pela Lei Rouanet. A iniciativa tem demonstrado que a m\u00fasica pode ser uma ferramenta de empoderamento feminino, rompendo barreiras de g\u00eanero e estimulando a participa\u00e7\u00e3o de mulheres em espa\u00e7os tradicionais masculinos. A orquestra espera incentivar outras mulheres a ocuparem posi\u00e7\u00f5es de destaque em suas \u00e1reas e na sociedade como um todo. Eventos: Todas as apresenta\u00e7\u00f5es s\u00e3o gratuitas e acontecem nos seguintes locais e hor\u00e1rios: Valente-BA: 10\/12\/2024 &#8211; 19h &#8211; Casa da Cultura (Funda\u00e7\u00e3o APAEB) Serrinha-BA: 18\/12\/2024 &#8211; 18h &#8211; Pra\u00e7a Luiz Nogueira Concei\u00e7\u00e3o do Coit\u00e9-BA: 26\/12\/2024 &#8211; 19h &#8211; Centro Educacional Ana Rios Contato: Para mais informa\u00e7\u00f5es sobre o projeto, siga as redes sociais da Orquestra das Meninas de Coit\u00e9. https:\/\/www.instagram.com\/orquestradasmeninasdecoit IInforma\u00e7\u00f5es e fotos: Ascom\" \/>\n<meta property=\"og:url\" content=\"https:\/\/portalraizesnoticias.com.br\/?p=2756\" \/>\n<meta property=\"og:site_name\" content=\"Portal raizes noticias\" \/>\n<meta property=\"article:published_time\" content=\"2024-12-07T20:37:17+00:00\" \/>\n<meta property=\"article:modified_time\" content=\"2024-12-07T20:38:14+00:00\" \/>\n<meta property=\"og:image\" content=\"https:\/\/portalraizesnoticias.com.br\/wp-content\/uploads\/2024\/12\/IMG-20241207-WA0125.jpg\" \/>\n\t<meta property=\"og:image:width\" content=\"1430\" \/>\n\t<meta property=\"og:image:height\" content=\"835\" \/>\n\t<meta property=\"og:image:type\" content=\"image\/jpeg\" \/>\n<meta name=\"author\" content=\"Portal Raizes\" \/>\n<meta name=\"twitter:card\" content=\"summary_large_image\" \/>\n<meta name=\"twitter:label1\" content=\"Escrito por\" \/>\n\t<meta name=\"twitter:data1\" content=\"Portal Raizes\" \/>\n\t<meta name=\"twitter:label2\" content=\"Est. tempo de leitura\" \/>\n\t<meta name=\"twitter:data2\" content=\"3 minutos\" \/>\n<script type=\"application\/ld+json\" class=\"yoast-schema-graph\">{\"@context\":\"https:\/\/schema.org\",\"@graph\":[{\"@type\":\"Article\",\"@id\":\"https:\/\/portalraizesnoticias.com.br\/?p=2756#article\",\"isPartOf\":{\"@id\":\"https:\/\/portalraizesnoticias.com.br\/?p=2756\"},\"author\":{\"name\":\"Portal Raizes\",\"@id\":\"https:\/\/portalraizesnoticias.com.br\/#\/schema\/person\/a3ca6b0fc701e78df19756c417d943ae\"},\"headline\":\"Orquestra das Meninas de Coit\u00e9 leva m\u00fasica instrumental feminina para Coit\u00e9, Valente e Serrinha. Saiba mais!\",\"datePublished\":\"2024-12-07T20:37:17+00:00\",\"dateModified\":\"2024-12-07T20:38:14+00:00\",\"mainEntityOfPage\":{\"@id\":\"https:\/\/portalraizesnoticias.com.br\/?p=2756\"},\"wordCount\":427,\"commentCount\":0,\"publisher\":{\"@id\":\"https:\/\/portalraizesnoticias.com.br\/#organization\"},\"image\":{\"@id\":\"https:\/\/portalraizesnoticias.com.br\/?p=2756#primaryimage\"},\"thumbnailUrl\":\"https:\/\/portalraizesnoticias.com.br\/wp-content\/uploads\/2024\/12\/IMG-20241207-WA0125.jpg\",\"keywords\":[\"Apresenta\u00e7\u00f5es\",\"Coit\u00e9\",\"Orquestra das meninas\"],\"articleSection\":[\"ENTRETERIMENTO E CULTURA\",\"ULTIMAS NOTICIAS\"],\"inLanguage\":\"pt-BR\",\"potentialAction\":[{\"@type\":\"CommentAction\",\"name\":\"Comment\",\"target\":[\"https:\/\/portalraizesnoticias.com.br\/?p=2756#respond\"]}]},{\"@type\":\"WebPage\",\"@id\":\"https:\/\/portalraizesnoticias.com.br\/?p=2756\",\"url\":\"https:\/\/portalraizesnoticias.com.br\/?p=2756\",\"name\":\"Orquestra das Meninas de Coit\u00e9 leva m\u00fasica instrumental feminina para Coit\u00e9, Valente e Serrinha. Saiba mais! - Portal raizes noticias\",\"isPartOf\":{\"@id\":\"https:\/\/portalraizesnoticias.com.br\/#website\"},\"primaryImageOfPage\":{\"@id\":\"https:\/\/portalraizesnoticias.com.br\/?p=2756#primaryimage\"},\"image\":{\"@id\":\"https:\/\/portalraizesnoticias.com.br\/?p=2756#primaryimage\"},\"thumbnailUrl\":\"https:\/\/portalraizesnoticias.com.br\/wp-content\/uploads\/2024\/12\/IMG-20241207-WA0125.jpg\",\"datePublished\":\"2024-12-07T20:37:17+00:00\",\"dateModified\":\"2024-12-07T20:38:14+00:00\",\"breadcrumb\":{\"@id\":\"https:\/\/portalraizesnoticias.com.br\/?p=2756#breadcrumb\"},\"inLanguage\":\"pt-BR\",\"potentialAction\":[{\"@type\":\"ReadAction\",\"target\":[\"https:\/\/portalraizesnoticias.com.br\/?p=2756\"]}]},{\"@type\":\"ImageObject\",\"inLanguage\":\"pt-BR\",\"@id\":\"https:\/\/portalraizesnoticias.com.br\/?p=2756#primaryimage\",\"url\":\"https:\/\/portalraizesnoticias.com.br\/wp-content\/uploads\/2024\/12\/IMG-20241207-WA0125.jpg\",\"contentUrl\":\"https:\/\/portalraizesnoticias.com.br\/wp-content\/uploads\/2024\/12\/IMG-20241207-WA0125.jpg\",\"width\":1430,\"height\":835},{\"@type\":\"BreadcrumbList\",\"@id\":\"https:\/\/portalraizesnoticias.com.br\/?p=2756#breadcrumb\",\"itemListElement\":[{\"@type\":\"ListItem\",\"position\":1,\"name\":\"In\u00edcio\",\"item\":\"https:\/\/portalraizesnoticias.com.br\/\"},{\"@type\":\"ListItem\",\"position\":2,\"name\":\"Orquestra das Meninas de Coit\u00e9 leva m\u00fasica instrumental feminina para Coit\u00e9, Valente e Serrinha. Saiba mais!\"}]},{\"@type\":\"WebSite\",\"@id\":\"https:\/\/portalraizesnoticias.com.br\/#website\",\"url\":\"https:\/\/portalraizesnoticias.com.br\/\",\"name\":\"Portal raizes NOTICIAS\",\"description\":\"site de noticias de concei\u00e7\u00e3o do coit\u00e9 e regi\u00e3o\",\"publisher\":{\"@id\":\"https:\/\/portalraizesnoticias.com.br\/#organization\"},\"alternateName\":\"PORTAL RAIZES COIT\u00c9\",\"potentialAction\":[{\"@type\":\"SearchAction\",\"target\":{\"@type\":\"EntryPoint\",\"urlTemplate\":\"https:\/\/portalraizesnoticias.com.br\/?s={search_term_string}\"},\"query-input\":{\"@type\":\"PropertyValueSpecification\",\"valueRequired\":true,\"valueName\":\"search_term_string\"}}],\"inLanguage\":\"pt-BR\"},{\"@type\":\"Organization\",\"@id\":\"https:\/\/portalraizesnoticias.com.br\/#organization\",\"name\":\"Portal raizes NOTICIAS\",\"url\":\"https:\/\/portalraizesnoticias.com.br\/\",\"logo\":{\"@type\":\"ImageObject\",\"inLanguage\":\"pt-BR\",\"@id\":\"https:\/\/portalraizesnoticias.com.br\/#\/schema\/logo\/image\/\",\"url\":\"https:\/\/portalraizesnoticias.com.br\/wp-content\/uploads\/2024\/09\/cropped-Captura-de-tela-2024-09-08-011108.png\",\"contentUrl\":\"https:\/\/portalraizesnoticias.com.br\/wp-content\/uploads\/2024\/09\/cropped-Captura-de-tela-2024-09-08-011108.png\",\"width\":606,\"height\":173,\"caption\":\"Portal raizes NOTICIAS\"},\"image\":{\"@id\":\"https:\/\/portalraizesnoticias.com.br\/#\/schema\/logo\/image\/\"}},{\"@type\":\"Person\",\"@id\":\"https:\/\/portalraizesnoticias.com.br\/#\/schema\/person\/a3ca6b0fc701e78df19756c417d943ae\",\"name\":\"Portal Raizes\",\"image\":{\"@type\":\"ImageObject\",\"inLanguage\":\"pt-BR\",\"@id\":\"https:\/\/portalraizesnoticias.com.br\/#\/schema\/person\/image\/\",\"url\":\"https:\/\/secure.gravatar.com\/avatar\/ef450d29013a3d3fba867a12a249d7b1?s=96&d=mm&r=g\",\"contentUrl\":\"https:\/\/secure.gravatar.com\/avatar\/ef450d29013a3d3fba867a12a249d7b1?s=96&d=mm&r=g\",\"caption\":\"Portal Raizes\"},\"url\":\"https:\/\/portalraizesnoticias.com.br\/?author=3\"}]}<\/script>\n<!-- \/ Yoast SEO plugin. -->","yoast_head_json":{"title":"Orquestra das Meninas de Coit\u00e9 leva m\u00fasica instrumental feminina para Coit\u00e9, Valente e Serrinha. Saiba mais! - Portal raizes noticias","robots":{"index":"index","follow":"follow","max-snippet":"max-snippet:-1","max-image-preview":"max-image-preview:large","max-video-preview":"max-video-preview:-1"},"canonical":"https:\/\/portalraizesnoticias.com.br\/?p=2756","og_locale":"pt_BR","og_type":"article","og_title":"Orquestra das Meninas de Coit\u00e9 leva m\u00fasica instrumental feminina para Coit\u00e9, Valente e Serrinha. Saiba mais! - Portal raizes noticias","og_description":"]A Orquestra das Meninas de Coit\u00e9 (OMC), projeto criado em 2019 por mulheres instrumentistas, compositoras e regentes, iniciou em dezembro de 2024 sua turn\u00ea intitulada &#8220;Toque Como Uma Garota&#8221;. O projeto, patrocinado pelo Banco do Nordeste, tem como objetivo levar a m\u00fasica instrumental composta por mulheres para cidades baianas visando a representatividade feminina no meio art\u00edstico e a inspira\u00e7\u00e3o para novas gera\u00e7\u00f5es. (CONFIRA AS DATAS NO FINAL DA MAT\u00c9RIA) As apresenta\u00e7\u00f5es, gratuitas, percorrer\u00e3o Valente, Serrinha e Concei\u00e7\u00e3o do Coit\u00e9, neste m\u00eas de dezembro, com repert\u00f3rio exclusivamente composto por mulheres, incluindo m\u00fasicas de Pitty, Rita Lee, Chiquinha Gonzaga e composi\u00e7\u00f5es da pr\u00f3pria orquestra, como Fernanda Santos e Dianara Almeida, maestrina da OMC. A OMC busca, al\u00e9m de apresentar um repert\u00f3rio in\u00e9dito, promover a visibilidade do talento feminino, inspirar novas gera\u00e7\u00f5es e desconstruir estere\u00f3tipos de g\u00eanero na m\u00fasica. A turn\u00ea tamb\u00e9m inclui um debate sobre &#8220;Matriarcalidade dentro da perspectiva das mulheres sisaleiras e negras&#8221;, com uma abordagem racializada e ancestralizada, aprofundando a discuss\u00e3o sobre a presen\u00e7a das mulheres na m\u00fasica e na sociedade. &#8220;Estamos na expectativa de que este projeto resulte em outras circula\u00e7\u00f5es pela nossa regi\u00e3o e at\u00e9 mesmo por outras cidades do Brasil, trazendo mais oportunidades para as mulheres artistas&#8221;, declara a maestrina Dianara Almeida. A orquestra \u00e9 formada por mulheres instrumentistas, compositoras e regentes e conta com o apoio do Banco do Nordeste, realiza\u00e7\u00e3o do Instituto Cultural Alto da Colina e do Minist\u00e9rio da Cultura. A turn\u00ea &#8220;Toque Como Uma Garota&#8221; representa um marco hist\u00f3rico para a OMC, marcando sua primeira turn\u00ea viabilizada pela Lei Rouanet. A iniciativa tem demonstrado que a m\u00fasica pode ser uma ferramenta de empoderamento feminino, rompendo barreiras de g\u00eanero e estimulando a participa\u00e7\u00e3o de mulheres em espa\u00e7os tradicionais masculinos. A orquestra espera incentivar outras mulheres a ocuparem posi\u00e7\u00f5es de destaque em suas \u00e1reas e na sociedade como um todo. Eventos: Todas as apresenta\u00e7\u00f5es s\u00e3o gratuitas e acontecem nos seguintes locais e hor\u00e1rios: Valente-BA: 10\/12\/2024 &#8211; 19h &#8211; Casa da Cultura (Funda\u00e7\u00e3o APAEB) Serrinha-BA: 18\/12\/2024 &#8211; 18h &#8211; Pra\u00e7a Luiz Nogueira Concei\u00e7\u00e3o do Coit\u00e9-BA: 26\/12\/2024 &#8211; 19h &#8211; Centro Educacional Ana Rios Contato: Para mais informa\u00e7\u00f5es sobre o projeto, siga as redes sociais da Orquestra das Meninas de Coit\u00e9. https:\/\/www.instagram.com\/orquestradasmeninasdecoit IInforma\u00e7\u00f5es e fotos: Ascom","og_url":"https:\/\/portalraizesnoticias.com.br\/?p=2756","og_site_name":"Portal raizes noticias","article_published_time":"2024-12-07T20:37:17+00:00","article_modified_time":"2024-12-07T20:38:14+00:00","og_image":[{"width":1430,"height":835,"url":"https:\/\/portalraizesnoticias.com.br\/wp-content\/uploads\/2024\/12\/IMG-20241207-WA0125.jpg","type":"image\/jpeg"}],"author":"Portal Raizes","twitter_card":"summary_large_image","twitter_misc":{"Escrito por":"Portal Raizes","Est. tempo de leitura":"3 minutos"},"schema":{"@context":"https:\/\/schema.org","@graph":[{"@type":"Article","@id":"https:\/\/portalraizesnoticias.com.br\/?p=2756#article","isPartOf":{"@id":"https:\/\/portalraizesnoticias.com.br\/?p=2756"},"author":{"name":"Portal Raizes","@id":"https:\/\/portalraizesnoticias.com.br\/#\/schema\/person\/a3ca6b0fc701e78df19756c417d943ae"},"headline":"Orquestra das Meninas de Coit\u00e9 leva m\u00fasica instrumental feminina para Coit\u00e9, Valente e Serrinha. Saiba mais!","datePublished":"2024-12-07T20:37:17+00:00","dateModified":"2024-12-07T20:38:14+00:00","mainEntityOfPage":{"@id":"https:\/\/portalraizesnoticias.com.br\/?p=2756"},"wordCount":427,"commentCount":0,"publisher":{"@id":"https:\/\/portalraizesnoticias.com.br\/#organization"},"image":{"@id":"https:\/\/portalraizesnoticias.com.br\/?p=2756#primaryimage"},"thumbnailUrl":"https:\/\/portalraizesnoticias.com.br\/wp-content\/uploads\/2024\/12\/IMG-20241207-WA0125.jpg","keywords":["Apresenta\u00e7\u00f5es","Coit\u00e9","Orquestra das meninas"],"articleSection":["ENTRETERIMENTO E CULTURA","ULTIMAS NOTICIAS"],"inLanguage":"pt-BR","potentialAction":[{"@type":"CommentAction","name":"Comment","target":["https:\/\/portalraizesnoticias.com.br\/?p=2756#respond"]}]},{"@type":"WebPage","@id":"https:\/\/portalraizesnoticias.com.br\/?p=2756","url":"https:\/\/portalraizesnoticias.com.br\/?p=2756","name":"Orquestra das Meninas de Coit\u00e9 leva m\u00fasica instrumental feminina para Coit\u00e9, Valente e Serrinha. Saiba mais! - Portal raizes noticias","isPartOf":{"@id":"https:\/\/portalraizesnoticias.com.br\/#website"},"primaryImageOfPage":{"@id":"https:\/\/portalraizesnoticias.com.br\/?p=2756#primaryimage"},"image":{"@id":"https:\/\/portalraizesnoticias.com.br\/?p=2756#primaryimage"},"thumbnailUrl":"https:\/\/portalraizesnoticias.com.br\/wp-content\/uploads\/2024\/12\/IMG-20241207-WA0125.jpg","datePublished":"2024-12-07T20:37:17+00:00","dateModified":"2024-12-07T20:38:14+00:00","breadcrumb":{"@id":"https:\/\/portalraizesnoticias.com.br\/?p=2756#breadcrumb"},"inLanguage":"pt-BR","potentialAction":[{"@type":"ReadAction","target":["https:\/\/portalraizesnoticias.com.br\/?p=2756"]}]},{"@type":"ImageObject","inLanguage":"pt-BR","@id":"https:\/\/portalraizesnoticias.com.br\/?p=2756#primaryimage","url":"https:\/\/portalraizesnoticias.com.br\/wp-content\/uploads\/2024\/12\/IMG-20241207-WA0125.jpg","contentUrl":"https:\/\/portalraizesnoticias.com.br\/wp-content\/uploads\/2024\/12\/IMG-20241207-WA0125.jpg","width":1430,"height":835},{"@type":"BreadcrumbList","@id":"https:\/\/portalraizesnoticias.com.br\/?p=2756#breadcrumb","itemListElement":[{"@type":"ListItem","position":1,"name":"In\u00edcio","item":"https:\/\/portalraizesnoticias.com.br\/"},{"@type":"ListItem","position":2,"name":"Orquestra das Meninas de Coit\u00e9 leva m\u00fasica instrumental feminina para Coit\u00e9, Valente e Serrinha. Saiba mais!"}]},{"@type":"WebSite","@id":"https:\/\/portalraizesnoticias.com.br\/#website","url":"https:\/\/portalraizesnoticias.com.br\/","name":"Portal raizes NOTICIAS","description":"site de noticias de concei\u00e7\u00e3o do coit\u00e9 e regi\u00e3o","publisher":{"@id":"https:\/\/portalraizesnoticias.com.br\/#organization"},"alternateName":"PORTAL RAIZES COIT\u00c9","potentialAction":[{"@type":"SearchAction","target":{"@type":"EntryPoint","urlTemplate":"https:\/\/portalraizesnoticias.com.br\/?s={search_term_string}"},"query-input":{"@type":"PropertyValueSpecification","valueRequired":true,"valueName":"search_term_string"}}],"inLanguage":"pt-BR"},{"@type":"Organization","@id":"https:\/\/portalraizesnoticias.com.br\/#organization","name":"Portal raizes NOTICIAS","url":"https:\/\/portalraizesnoticias.com.br\/","logo":{"@type":"ImageObject","inLanguage":"pt-BR","@id":"https:\/\/portalraizesnoticias.com.br\/#\/schema\/logo\/image\/","url":"https:\/\/portalraizesnoticias.com.br\/wp-content\/uploads\/2024\/09\/cropped-Captura-de-tela-2024-09-08-011108.png","contentUrl":"https:\/\/portalraizesnoticias.com.br\/wp-content\/uploads\/2024\/09\/cropped-Captura-de-tela-2024-09-08-011108.png","width":606,"height":173,"caption":"Portal raizes NOTICIAS"},"image":{"@id":"https:\/\/portalraizesnoticias.com.br\/#\/schema\/logo\/image\/"}},{"@type":"Person","@id":"https:\/\/portalraizesnoticias.com.br\/#\/schema\/person\/a3ca6b0fc701e78df19756c417d943ae","name":"Portal Raizes","image":{"@type":"ImageObject","inLanguage":"pt-BR","@id":"https:\/\/portalraizesnoticias.com.br\/#\/schema\/person\/image\/","url":"https:\/\/secure.gravatar.com\/avatar\/ef450d29013a3d3fba867a12a249d7b1?s=96&d=mm&r=g","contentUrl":"https:\/\/secure.gravatar.com\/avatar\/ef450d29013a3d3fba867a12a249d7b1?s=96&d=mm&r=g","caption":"Portal Raizes"},"url":"https:\/\/portalraizesnoticias.com.br\/?author=3"}]}},"_links":{"self":[{"href":"https:\/\/portalraizesnoticias.com.br\/index.php?rest_route=\/wp\/v2\/posts\/2756"}],"collection":[{"href":"https:\/\/portalraizesnoticias.com.br\/index.php?rest_route=\/wp\/v2\/posts"}],"about":[{"href":"https:\/\/portalraizesnoticias.com.br\/index.php?rest_route=\/wp\/v2\/types\/post"}],"author":[{"embeddable":true,"href":"https:\/\/portalraizesnoticias.com.br\/index.php?rest_route=\/wp\/v2\/users\/3"}],"replies":[{"embeddable":true,"href":"https:\/\/portalraizesnoticias.com.br\/index.php?rest_route=%2Fwp%2Fv2%2Fcomments&post=2756"}],"version-history":[{"count":1,"href":"https:\/\/portalraizesnoticias.com.br\/index.php?rest_route=\/wp\/v2\/posts\/2756\/revisions"}],"predecessor-version":[{"id":2758,"href":"https:\/\/portalraizesnoticias.com.br\/index.php?rest_route=\/wp\/v2\/posts\/2756\/revisions\/2758"}],"wp:featuredmedia":[{"embeddable":true,"href":"https:\/\/portalraizesnoticias.com.br\/index.php?rest_route=\/wp\/v2\/media\/2759"}],"wp:attachment":[{"href":"https:\/\/portalraizesnoticias.com.br\/index.php?rest_route=%2Fwp%2Fv2%2Fmedia&parent=2756"}],"wp:term":[{"taxonomy":"category","embeddable":true,"href":"https:\/\/portalraizesnoticias.com.br\/index.php?rest_route=%2Fwp%2Fv2%2Fcategories&post=2756"},{"taxonomy":"post_tag","embeddable":true,"href":"https:\/\/portalraizesnoticias.com.br\/index.php?rest_route=%2Fwp%2Fv2%2Ftags&post=2756"}],"curies":[{"name":"wp","href":"https:\/\/api.w.org\/{rel}","templated":true}]}}