{"id":2722,"date":"2024-12-06T22:07:50","date_gmt":"2024-12-07T01:07:50","guid":{"rendered":"https:\/\/portalraizesnoticias.com.br\/?p=2722"},"modified":"2024-12-06T22:07:51","modified_gmt":"2024-12-07T01:07:51","slug":"ansiedade-e-a-eleita-a-palavra-do-ano-no-brasil-em-2024","status":"publish","type":"post","link":"https:\/\/portalraizesnoticias.com.br\/?p=2722","title":{"rendered":"\u201cAnsiedade\u201d \u00e9 a eleita a palavra do ano no Brasil em 2024"},"content":{"rendered":"<p>Uma pesquisa realizada pela CAUSE, em parceria com o Instituto de Pesquisa IDEIA e PiniOn aponta que a palavra do ano de 2024, segundo a maioria dos brasileiros, \u00e9 \u201cansiedade\u201d. O termo desbancou outras palavras como \u201cresili\u00eancia\u201d e \u201cintelig\u00eancia artificial\u201d.<\/p>\n<p>A escolha da palavra do ano passou por um processo de duas etapas. Primeiro, um grupo de especialistas em comunica\u00e7\u00e3o e ci\u00eancias sociais definiu cinco palavras que capturam as din\u00e2micas e preocupa\u00e7\u00f5es do ano.<\/p>\n<p>Em seguida, as palavras foram submetidas a uma pesquisa quantitativa com amostra representativa da popula\u00e7\u00e3o, a partir de dados do Censo 2022 do IBGE, que consultou 1.538 brasileiros de todas as regi\u00f5es do pa\u00eds.<\/p>\n<p>O termo liderou o levantamento com 22% das men\u00e7\u00f5es, seguido por \u201cresili\u00eancia\u201d (21%), \u201cintelig\u00eancia artificial\u201d (20%), \u201cincerteza\u201d (20%) e \u201cextremismo (4%).<\/p>\n<p>SA\u00daDE MENTAL<\/p>\n<p>Para a CEO do Instituo de Pesquisa IDEIA, Cila Schulman, \u201ca ansiedade no brasil em 2024 n\u00e3o \u00e9 apenas uma quest\u00e3o individual\u201d. Para ela, a condi\u00e7\u00e3o \u201cest\u00e1 ligada a um contexto social mais amplo\u201d, representado pelas \u201cpress\u00f5es do cotidiano moderno, o impacto das redes sociais e o ritmo acelerado das mudan\u00e7as\u201d. Tudo isso, segundo ela, gera \u201cum ambiente de sobrecarga emocional e mental.<\/p>\n<p>Segundo a Organiza\u00e7\u00e3o Mundial da Sa\u00fade (OMS), o Brasil \u00e9 o pa\u00eds com o maior n\u00famero de pessoas ansiosas no mundo, com 9,3%. Sintomas de ansiedade s\u00e3o: N\u00e1usea, v\u00f4mito, diarreia, falta de ar, engasgo, sudorese, palpita\u00e7\u00f5es e frequ\u00eancia card\u00edaca acelerada, tens\u00e3o muscular e aperto no peito.<\/p>\n<p>Informa\u00e7\u00f5es extra\u00eddas do site Ag\u00eancia Brasil<\/p>\n<p>Foto: Marcelo Camargo<\/p>\n","protected":false},"excerpt":{"rendered":"<p>Uma pesquisa realizada pela CAUSE, em parceria com o Instituto de Pesquisa IDEIA e PiniOn aponta que a palavra do ano de 2024, segundo a maioria dos brasileiros, \u00e9 \u201cansiedade\u201d. O termo desbancou outras palavras como \u201cresili\u00eancia\u201d e \u201cintelig\u00eancia artificial\u201d. A escolha da palavra do ano passou por um processo de duas etapas. Primeiro, um grupo de especialistas em comunica\u00e7\u00e3o e ci\u00eancias sociais definiu cinco palavras que capturam as din\u00e2micas e preocupa\u00e7\u00f5es do ano. Em seguida, as palavras foram submetidas a uma pesquisa quantitativa com amostra representativa da popula\u00e7\u00e3o, a partir de dados do Censo 2022 do IBGE, que consultou 1.538 brasileiros de todas as regi\u00f5es do pa\u00eds. O termo liderou o levantamento com 22% das men\u00e7\u00f5es, seguido por \u201cresili\u00eancia\u201d (21%), \u201cintelig\u00eancia artificial\u201d (20%), \u201cincerteza\u201d (20%) e \u201cextremismo (4%). SA\u00daDE MENTAL Para a CEO do Instituo de Pesquisa IDEIA, Cila Schulman, \u201ca ansiedade no brasil em 2024 n\u00e3o \u00e9 apenas uma quest\u00e3o individual\u201d. Para ela, a condi\u00e7\u00e3o \u201cest\u00e1 ligada a um contexto social mais amplo\u201d, representado pelas \u201cpress\u00f5es do cotidiano moderno, o impacto das redes sociais e o ritmo acelerado das mudan\u00e7as\u201d. Tudo isso, segundo ela, gera \u201cum ambiente de sobrecarga emocional e mental. Segundo a Organiza\u00e7\u00e3o Mundial da Sa\u00fade (OMS), o Brasil \u00e9 o pa\u00eds com o maior n\u00famero de pessoas ansiosas no mundo, com 9,3%. Sintomas de ansiedade s\u00e3o: N\u00e1usea, v\u00f4mito, diarreia, falta de ar, engasgo, sudorese, palpita\u00e7\u00f5es e frequ\u00eancia card\u00edaca acelerada, tens\u00e3o muscular e aperto no peito. Informa\u00e7\u00f5es extra\u00eddas do site Ag\u00eancia Brasil Foto: Marcelo Camargo<\/p>\n","protected":false},"author":3,"featured_media":2724,"comment_status":"open","ping_status":"open","sticky":false,"template":"","format":"standard","meta":{"_joinchat":[],"footnotes":""},"categories":[86,59],"tags":[245,351,350,349],"class_list":["post-2722","post","type-post","status-publish","format-standard","has-post-thumbnail","hentry","category-saude","category-ultimas-noticias","tag-ansiedade","tag-brasil","tag-eleita","tag-palavra"],"yoast_head":"<!-- This site is optimized with the Yoast SEO plugin v24.4 - https:\/\/yoast.com\/wordpress\/plugins\/seo\/ -->\n<title>\u201cAnsiedade\u201d \u00e9 a eleita a palavra do ano no Brasil em 2024 - Portal raizes noticias<\/title>\n<meta name=\"robots\" content=\"index, follow, max-snippet:-1, max-image-preview:large, max-video-preview:-1\" \/>\n<link rel=\"canonical\" href=\"https:\/\/portalraizesnoticias.com.br\/?p=2722\" \/>\n<meta property=\"og:locale\" content=\"pt_BR\" \/>\n<meta property=\"og:type\" content=\"article\" \/>\n<meta property=\"og:title\" content=\"\u201cAnsiedade\u201d \u00e9 a eleita a palavra do ano no Brasil em 2024 - Portal raizes noticias\" \/>\n<meta property=\"og:description\" content=\"Uma pesquisa realizada pela CAUSE, em parceria com o Instituto de Pesquisa IDEIA e PiniOn aponta que a palavra do ano de 2024, segundo a maioria dos brasileiros, \u00e9 \u201cansiedade\u201d. O termo desbancou outras palavras como \u201cresili\u00eancia\u201d e \u201cintelig\u00eancia artificial\u201d. A escolha da palavra do ano passou por um processo de duas etapas. Primeiro, um grupo de especialistas em comunica\u00e7\u00e3o e ci\u00eancias sociais definiu cinco palavras que capturam as din\u00e2micas e preocupa\u00e7\u00f5es do ano. Em seguida, as palavras foram submetidas a uma pesquisa quantitativa com amostra representativa da popula\u00e7\u00e3o, a partir de dados do Censo 2022 do IBGE, que consultou 1.538 brasileiros de todas as regi\u00f5es do pa\u00eds. O termo liderou o levantamento com 22% das men\u00e7\u00f5es, seguido por \u201cresili\u00eancia\u201d (21%), \u201cintelig\u00eancia artificial\u201d (20%), \u201cincerteza\u201d (20%) e \u201cextremismo (4%). SA\u00daDE MENTAL Para a CEO do Instituo de Pesquisa IDEIA, Cila Schulman, \u201ca ansiedade no brasil em 2024 n\u00e3o \u00e9 apenas uma quest\u00e3o individual\u201d. Para ela, a condi\u00e7\u00e3o \u201cest\u00e1 ligada a um contexto social mais amplo\u201d, representado pelas \u201cpress\u00f5es do cotidiano moderno, o impacto das redes sociais e o ritmo acelerado das mudan\u00e7as\u201d. Tudo isso, segundo ela, gera \u201cum ambiente de sobrecarga emocional e mental. Segundo a Organiza\u00e7\u00e3o Mundial da Sa\u00fade (OMS), o Brasil \u00e9 o pa\u00eds com o maior n\u00famero de pessoas ansiosas no mundo, com 9,3%. Sintomas de ansiedade s\u00e3o: N\u00e1usea, v\u00f4mito, diarreia, falta de ar, engasgo, sudorese, palpita\u00e7\u00f5es e frequ\u00eancia card\u00edaca acelerada, tens\u00e3o muscular e aperto no peito. Informa\u00e7\u00f5es extra\u00eddas do site Ag\u00eancia Brasil Foto: Marcelo Camargo\" \/>\n<meta property=\"og:url\" content=\"https:\/\/portalraizesnoticias.com.br\/?p=2722\" \/>\n<meta property=\"og:site_name\" content=\"Portal raizes noticias\" \/>\n<meta property=\"article:published_time\" content=\"2024-12-07T01:07:50+00:00\" \/>\n<meta property=\"article:modified_time\" content=\"2024-12-07T01:07:51+00:00\" \/>\n<meta property=\"og:image\" content=\"https:\/\/portalraizesnoticias.com.br\/wp-content\/uploads\/2024\/12\/IMAGEM_NOTICIA_9-7.jpeg\" \/>\n\t<meta property=\"og:image:width\" content=\"1080\" \/>\n\t<meta property=\"og:image:height\" content=\"567\" \/>\n\t<meta property=\"og:image:type\" content=\"image\/jpeg\" \/>\n<meta name=\"author\" content=\"Portal Raizes\" \/>\n<meta name=\"twitter:card\" content=\"summary_large_image\" \/>\n<meta name=\"twitter:label1\" content=\"Escrito por\" \/>\n\t<meta name=\"twitter:data1\" content=\"Portal Raizes\" \/>\n\t<meta name=\"twitter:label2\" content=\"Est. tempo de leitura\" \/>\n\t<meta name=\"twitter:data2\" content=\"2 minutos\" \/>\n<script type=\"application\/ld+json\" class=\"yoast-schema-graph\">{\"@context\":\"https:\/\/schema.org\",\"@graph\":[{\"@type\":\"Article\",\"@id\":\"https:\/\/portalraizesnoticias.com.br\/?p=2722#article\",\"isPartOf\":{\"@id\":\"https:\/\/portalraizesnoticias.com.br\/?p=2722\"},\"author\":{\"name\":\"Portal Raizes\",\"@id\":\"https:\/\/portalraizesnoticias.com.br\/#\/schema\/person\/a3ca6b0fc701e78df19756c417d943ae\"},\"headline\":\"\u201cAnsiedade\u201d \u00e9 a eleita a palavra do ano no Brasil em 2024\",\"datePublished\":\"2024-12-07T01:07:50+00:00\",\"dateModified\":\"2024-12-07T01:07:51+00:00\",\"mainEntityOfPage\":{\"@id\":\"https:\/\/portalraizesnoticias.com.br\/?p=2722\"},\"wordCount\":278,\"commentCount\":0,\"publisher\":{\"@id\":\"https:\/\/portalraizesnoticias.com.br\/#organization\"},\"image\":{\"@id\":\"https:\/\/portalraizesnoticias.com.br\/?p=2722#primaryimage\"},\"thumbnailUrl\":\"https:\/\/portalraizesnoticias.com.br\/wp-content\/uploads\/2024\/12\/IMAGEM_NOTICIA_9-7.jpeg\",\"keywords\":[\"Ansiedade\",\"Brasil\",\"Eleita\",\"Palavra\"],\"articleSection\":[\"SA\u00daDE\",\"ULTIMAS NOTICIAS\"],\"inLanguage\":\"pt-BR\",\"potentialAction\":[{\"@type\":\"CommentAction\",\"name\":\"Comment\",\"target\":[\"https:\/\/portalraizesnoticias.com.br\/?p=2722#respond\"]}]},{\"@type\":\"WebPage\",\"@id\":\"https:\/\/portalraizesnoticias.com.br\/?p=2722\",\"url\":\"https:\/\/portalraizesnoticias.com.br\/?p=2722\",\"name\":\"\u201cAnsiedade\u201d \u00e9 a eleita a palavra do ano no Brasil em 2024 - Portal raizes noticias\",\"isPartOf\":{\"@id\":\"https:\/\/portalraizesnoticias.com.br\/#website\"},\"primaryImageOfPage\":{\"@id\":\"https:\/\/portalraizesnoticias.com.br\/?p=2722#primaryimage\"},\"image\":{\"@id\":\"https:\/\/portalraizesnoticias.com.br\/?p=2722#primaryimage\"},\"thumbnailUrl\":\"https:\/\/portalraizesnoticias.com.br\/wp-content\/uploads\/2024\/12\/IMAGEM_NOTICIA_9-7.jpeg\",\"datePublished\":\"2024-12-07T01:07:50+00:00\",\"dateModified\":\"2024-12-07T01:07:51+00:00\",\"breadcrumb\":{\"@id\":\"https:\/\/portalraizesnoticias.com.br\/?p=2722#breadcrumb\"},\"inLanguage\":\"pt-BR\",\"potentialAction\":[{\"@type\":\"ReadAction\",\"target\":[\"https:\/\/portalraizesnoticias.com.br\/?p=2722\"]}]},{\"@type\":\"ImageObject\",\"inLanguage\":\"pt-BR\",\"@id\":\"https:\/\/portalraizesnoticias.com.br\/?p=2722#primaryimage\",\"url\":\"https:\/\/portalraizesnoticias.com.br\/wp-content\/uploads\/2024\/12\/IMAGEM_NOTICIA_9-7.jpeg\",\"contentUrl\":\"https:\/\/portalraizesnoticias.com.br\/wp-content\/uploads\/2024\/12\/IMAGEM_NOTICIA_9-7.jpeg\",\"width\":1080,\"height\":567},{\"@type\":\"BreadcrumbList\",\"@id\":\"https:\/\/portalraizesnoticias.com.br\/?p=2722#breadcrumb\",\"itemListElement\":[{\"@type\":\"ListItem\",\"position\":1,\"name\":\"In\u00edcio\",\"item\":\"https:\/\/portalraizesnoticias.com.br\/\"},{\"@type\":\"ListItem\",\"position\":2,\"name\":\"\u201cAnsiedade\u201d \u00e9 a eleita a palavra do ano no Brasil em 2024\"}]},{\"@type\":\"WebSite\",\"@id\":\"https:\/\/portalraizesnoticias.com.br\/#website\",\"url\":\"https:\/\/portalraizesnoticias.com.br\/\",\"name\":\"Portal raizes NOTICIAS\",\"description\":\"site de noticias de concei\u00e7\u00e3o do coit\u00e9 e regi\u00e3o\",\"publisher\":{\"@id\":\"https:\/\/portalraizesnoticias.com.br\/#organization\"},\"alternateName\":\"PORTAL RAIZES COIT\u00c9\",\"potentialAction\":[{\"@type\":\"SearchAction\",\"target\":{\"@type\":\"EntryPoint\",\"urlTemplate\":\"https:\/\/portalraizesnoticias.com.br\/?s={search_term_string}\"},\"query-input\":{\"@type\":\"PropertyValueSpecification\",\"valueRequired\":true,\"valueName\":\"search_term_string\"}}],\"inLanguage\":\"pt-BR\"},{\"@type\":\"Organization\",\"@id\":\"https:\/\/portalraizesnoticias.com.br\/#organization\",\"name\":\"Portal raizes NOTICIAS\",\"url\":\"https:\/\/portalraizesnoticias.com.br\/\",\"logo\":{\"@type\":\"ImageObject\",\"inLanguage\":\"pt-BR\",\"@id\":\"https:\/\/portalraizesnoticias.com.br\/#\/schema\/logo\/image\/\",\"url\":\"https:\/\/portalraizesnoticias.com.br\/wp-content\/uploads\/2024\/09\/cropped-Captura-de-tela-2024-09-08-011108.png\",\"contentUrl\":\"https:\/\/portalraizesnoticias.com.br\/wp-content\/uploads\/2024\/09\/cropped-Captura-de-tela-2024-09-08-011108.png\",\"width\":606,\"height\":173,\"caption\":\"Portal raizes NOTICIAS\"},\"image\":{\"@id\":\"https:\/\/portalraizesnoticias.com.br\/#\/schema\/logo\/image\/\"}},{\"@type\":\"Person\",\"@id\":\"https:\/\/portalraizesnoticias.com.br\/#\/schema\/person\/a3ca6b0fc701e78df19756c417d943ae\",\"name\":\"Portal Raizes\",\"image\":{\"@type\":\"ImageObject\",\"inLanguage\":\"pt-BR\",\"@id\":\"https:\/\/portalraizesnoticias.com.br\/#\/schema\/person\/image\/\",\"url\":\"https:\/\/secure.gravatar.com\/avatar\/ef450d29013a3d3fba867a12a249d7b1?s=96&d=mm&r=g\",\"contentUrl\":\"https:\/\/secure.gravatar.com\/avatar\/ef450d29013a3d3fba867a12a249d7b1?s=96&d=mm&r=g\",\"caption\":\"Portal Raizes\"},\"url\":\"https:\/\/portalraizesnoticias.com.br\/?author=3\"}]}<\/script>\n<!-- \/ Yoast SEO plugin. -->","yoast_head_json":{"title":"\u201cAnsiedade\u201d \u00e9 a eleita a palavra do ano no Brasil em 2024 - Portal raizes noticias","robots":{"index":"index","follow":"follow","max-snippet":"max-snippet:-1","max-image-preview":"max-image-preview:large","max-video-preview":"max-video-preview:-1"},"canonical":"https:\/\/portalraizesnoticias.com.br\/?p=2722","og_locale":"pt_BR","og_type":"article","og_title":"\u201cAnsiedade\u201d \u00e9 a eleita a palavra do ano no Brasil em 2024 - Portal raizes noticias","og_description":"Uma pesquisa realizada pela CAUSE, em parceria com o Instituto de Pesquisa IDEIA e PiniOn aponta que a palavra do ano de 2024, segundo a maioria dos brasileiros, \u00e9 \u201cansiedade\u201d. O termo desbancou outras palavras como \u201cresili\u00eancia\u201d e \u201cintelig\u00eancia artificial\u201d. A escolha da palavra do ano passou por um processo de duas etapas. Primeiro, um grupo de especialistas em comunica\u00e7\u00e3o e ci\u00eancias sociais definiu cinco palavras que capturam as din\u00e2micas e preocupa\u00e7\u00f5es do ano. Em seguida, as palavras foram submetidas a uma pesquisa quantitativa com amostra representativa da popula\u00e7\u00e3o, a partir de dados do Censo 2022 do IBGE, que consultou 1.538 brasileiros de todas as regi\u00f5es do pa\u00eds. O termo liderou o levantamento com 22% das men\u00e7\u00f5es, seguido por \u201cresili\u00eancia\u201d (21%), \u201cintelig\u00eancia artificial\u201d (20%), \u201cincerteza\u201d (20%) e \u201cextremismo (4%). SA\u00daDE MENTAL Para a CEO do Instituo de Pesquisa IDEIA, Cila Schulman, \u201ca ansiedade no brasil em 2024 n\u00e3o \u00e9 apenas uma quest\u00e3o individual\u201d. Para ela, a condi\u00e7\u00e3o \u201cest\u00e1 ligada a um contexto social mais amplo\u201d, representado pelas \u201cpress\u00f5es do cotidiano moderno, o impacto das redes sociais e o ritmo acelerado das mudan\u00e7as\u201d. Tudo isso, segundo ela, gera \u201cum ambiente de sobrecarga emocional e mental. Segundo a Organiza\u00e7\u00e3o Mundial da Sa\u00fade (OMS), o Brasil \u00e9 o pa\u00eds com o maior n\u00famero de pessoas ansiosas no mundo, com 9,3%. Sintomas de ansiedade s\u00e3o: N\u00e1usea, v\u00f4mito, diarreia, falta de ar, engasgo, sudorese, palpita\u00e7\u00f5es e frequ\u00eancia card\u00edaca acelerada, tens\u00e3o muscular e aperto no peito. Informa\u00e7\u00f5es extra\u00eddas do site Ag\u00eancia Brasil Foto: Marcelo Camargo","og_url":"https:\/\/portalraizesnoticias.com.br\/?p=2722","og_site_name":"Portal raizes noticias","article_published_time":"2024-12-07T01:07:50+00:00","article_modified_time":"2024-12-07T01:07:51+00:00","og_image":[{"width":1080,"height":567,"url":"https:\/\/portalraizesnoticias.com.br\/wp-content\/uploads\/2024\/12\/IMAGEM_NOTICIA_9-7.jpeg","type":"image\/jpeg"}],"author":"Portal Raizes","twitter_card":"summary_large_image","twitter_misc":{"Escrito por":"Portal Raizes","Est. tempo de leitura":"2 minutos"},"schema":{"@context":"https:\/\/schema.org","@graph":[{"@type":"Article","@id":"https:\/\/portalraizesnoticias.com.br\/?p=2722#article","isPartOf":{"@id":"https:\/\/portalraizesnoticias.com.br\/?p=2722"},"author":{"name":"Portal Raizes","@id":"https:\/\/portalraizesnoticias.com.br\/#\/schema\/person\/a3ca6b0fc701e78df19756c417d943ae"},"headline":"\u201cAnsiedade\u201d \u00e9 a eleita a palavra do ano no Brasil em 2024","datePublished":"2024-12-07T01:07:50+00:00","dateModified":"2024-12-07T01:07:51+00:00","mainEntityOfPage":{"@id":"https:\/\/portalraizesnoticias.com.br\/?p=2722"},"wordCount":278,"commentCount":0,"publisher":{"@id":"https:\/\/portalraizesnoticias.com.br\/#organization"},"image":{"@id":"https:\/\/portalraizesnoticias.com.br\/?p=2722#primaryimage"},"thumbnailUrl":"https:\/\/portalraizesnoticias.com.br\/wp-content\/uploads\/2024\/12\/IMAGEM_NOTICIA_9-7.jpeg","keywords":["Ansiedade","Brasil","Eleita","Palavra"],"articleSection":["SA\u00daDE","ULTIMAS NOTICIAS"],"inLanguage":"pt-BR","potentialAction":[{"@type":"CommentAction","name":"Comment","target":["https:\/\/portalraizesnoticias.com.br\/?p=2722#respond"]}]},{"@type":"WebPage","@id":"https:\/\/portalraizesnoticias.com.br\/?p=2722","url":"https:\/\/portalraizesnoticias.com.br\/?p=2722","name":"\u201cAnsiedade\u201d \u00e9 a eleita a palavra do ano no Brasil em 2024 - Portal raizes noticias","isPartOf":{"@id":"https:\/\/portalraizesnoticias.com.br\/#website"},"primaryImageOfPage":{"@id":"https:\/\/portalraizesnoticias.com.br\/?p=2722#primaryimage"},"image":{"@id":"https:\/\/portalraizesnoticias.com.br\/?p=2722#primaryimage"},"thumbnailUrl":"https:\/\/portalraizesnoticias.com.br\/wp-content\/uploads\/2024\/12\/IMAGEM_NOTICIA_9-7.jpeg","datePublished":"2024-12-07T01:07:50+00:00","dateModified":"2024-12-07T01:07:51+00:00","breadcrumb":{"@id":"https:\/\/portalraizesnoticias.com.br\/?p=2722#breadcrumb"},"inLanguage":"pt-BR","potentialAction":[{"@type":"ReadAction","target":["https:\/\/portalraizesnoticias.com.br\/?p=2722"]}]},{"@type":"ImageObject","inLanguage":"pt-BR","@id":"https:\/\/portalraizesnoticias.com.br\/?p=2722#primaryimage","url":"https:\/\/portalraizesnoticias.com.br\/wp-content\/uploads\/2024\/12\/IMAGEM_NOTICIA_9-7.jpeg","contentUrl":"https:\/\/portalraizesnoticias.com.br\/wp-content\/uploads\/2024\/12\/IMAGEM_NOTICIA_9-7.jpeg","width":1080,"height":567},{"@type":"BreadcrumbList","@id":"https:\/\/portalraizesnoticias.com.br\/?p=2722#breadcrumb","itemListElement":[{"@type":"ListItem","position":1,"name":"In\u00edcio","item":"https:\/\/portalraizesnoticias.com.br\/"},{"@type":"ListItem","position":2,"name":"\u201cAnsiedade\u201d \u00e9 a eleita a palavra do ano no Brasil em 2024"}]},{"@type":"WebSite","@id":"https:\/\/portalraizesnoticias.com.br\/#website","url":"https:\/\/portalraizesnoticias.com.br\/","name":"Portal raizes NOTICIAS","description":"site de noticias de concei\u00e7\u00e3o do coit\u00e9 e regi\u00e3o","publisher":{"@id":"https:\/\/portalraizesnoticias.com.br\/#organization"},"alternateName":"PORTAL RAIZES COIT\u00c9","potentialAction":[{"@type":"SearchAction","target":{"@type":"EntryPoint","urlTemplate":"https:\/\/portalraizesnoticias.com.br\/?s={search_term_string}"},"query-input":{"@type":"PropertyValueSpecification","valueRequired":true,"valueName":"search_term_string"}}],"inLanguage":"pt-BR"},{"@type":"Organization","@id":"https:\/\/portalraizesnoticias.com.br\/#organization","name":"Portal raizes NOTICIAS","url":"https:\/\/portalraizesnoticias.com.br\/","logo":{"@type":"ImageObject","inLanguage":"pt-BR","@id":"https:\/\/portalraizesnoticias.com.br\/#\/schema\/logo\/image\/","url":"https:\/\/portalraizesnoticias.com.br\/wp-content\/uploads\/2024\/09\/cropped-Captura-de-tela-2024-09-08-011108.png","contentUrl":"https:\/\/portalraizesnoticias.com.br\/wp-content\/uploads\/2024\/09\/cropped-Captura-de-tela-2024-09-08-011108.png","width":606,"height":173,"caption":"Portal raizes NOTICIAS"},"image":{"@id":"https:\/\/portalraizesnoticias.com.br\/#\/schema\/logo\/image\/"}},{"@type":"Person","@id":"https:\/\/portalraizesnoticias.com.br\/#\/schema\/person\/a3ca6b0fc701e78df19756c417d943ae","name":"Portal Raizes","image":{"@type":"ImageObject","inLanguage":"pt-BR","@id":"https:\/\/portalraizesnoticias.com.br\/#\/schema\/person\/image\/","url":"https:\/\/secure.gravatar.com\/avatar\/ef450d29013a3d3fba867a12a249d7b1?s=96&d=mm&r=g","contentUrl":"https:\/\/secure.gravatar.com\/avatar\/ef450d29013a3d3fba867a12a249d7b1?s=96&d=mm&r=g","caption":"Portal Raizes"},"url":"https:\/\/portalraizesnoticias.com.br\/?author=3"}]}},"_links":{"self":[{"href":"https:\/\/portalraizesnoticias.com.br\/index.php?rest_route=\/wp\/v2\/posts\/2722"}],"collection":[{"href":"https:\/\/portalraizesnoticias.com.br\/index.php?rest_route=\/wp\/v2\/posts"}],"about":[{"href":"https:\/\/portalraizesnoticias.com.br\/index.php?rest_route=\/wp\/v2\/types\/post"}],"author":[{"embeddable":true,"href":"https:\/\/portalraizesnoticias.com.br\/index.php?rest_route=\/wp\/v2\/users\/3"}],"replies":[{"embeddable":true,"href":"https:\/\/portalraizesnoticias.com.br\/index.php?rest_route=%2Fwp%2Fv2%2Fcomments&post=2722"}],"version-history":[{"count":1,"href":"https:\/\/portalraizesnoticias.com.br\/index.php?rest_route=\/wp\/v2\/posts\/2722\/revisions"}],"predecessor-version":[{"id":2725,"href":"https:\/\/portalraizesnoticias.com.br\/index.php?rest_route=\/wp\/v2\/posts\/2722\/revisions\/2725"}],"wp:featuredmedia":[{"embeddable":true,"href":"https:\/\/portalraizesnoticias.com.br\/index.php?rest_route=\/wp\/v2\/media\/2724"}],"wp:attachment":[{"href":"https:\/\/portalraizesnoticias.com.br\/index.php?rest_route=%2Fwp%2Fv2%2Fmedia&parent=2722"}],"wp:term":[{"taxonomy":"category","embeddable":true,"href":"https:\/\/portalraizesnoticias.com.br\/index.php?rest_route=%2Fwp%2Fv2%2Fcategories&post=2722"},{"taxonomy":"post_tag","embeddable":true,"href":"https:\/\/portalraizesnoticias.com.br\/index.php?rest_route=%2Fwp%2Fv2%2Ftags&post=2722"}],"curies":[{"name":"wp","href":"https:\/\/api.w.org\/{rel}","templated":true}]}}