{"id":2677,"date":"2024-12-06T11:19:46","date_gmt":"2024-12-06T14:19:46","guid":{"rendered":"https:\/\/portalraizesnoticias.com.br\/?p=2677"},"modified":"2024-12-06T14:43:01","modified_gmt":"2024-12-06T17:43:01","slug":"inauguracao-da-nova-agencia-da-cresol-na-regiao-do-sisal-marca-novo-capitulo-economico-em-serrinha","status":"publish","type":"post","link":"https:\/\/portalraizesnoticias.com.br\/?p=2677","title":{"rendered":"Inaugura\u00e7\u00e3o da nova ag\u00eancia da Cresol na regi\u00e3o do sisal marca novo cap\u00edtulo econ\u00f4mico em Serrinha"},"content":{"rendered":"<p align=\"left\"><i>A inaugura\u00e7\u00e3o refor\u00e7a o compromisso da Cresol Uni\u00e3o dos Vales com seus cooperados e comunidades da regi\u00e3o.<\/i><\/p>\n<p align=\"justify\"><span style=\"font-size: medium;\">Na noite da \u00faltima segunda-feira, 02 de dezembro, os cooperados e a comunidade de Serrinha, na Bahia, tiveram a oportunidade de prestigiar a inaugura\u00e7\u00e3o da nova ag\u00eancia da Cresol no munic\u00edpio, que se encontra em um novo endere\u00e7o, mais acess\u00edvel e estrat\u00e9gico, na esquina da Av. Joaquim Hort\u00e9lio com a Av. Ant\u00f4nio Carlos Magalh\u00e3es. <\/span><\/p>\n<p align=\"justify\"><span style=\"font-size: medium;\"><img fetchpriority=\"high\" decoding=\"async\" class=\"size-medium wp-image-2679 alignleft\" src=\"https:\/\/portalraizesnoticias.com.br\/wp-content\/uploads\/2024\/12\/WhatsApp-Image-2024-12-06-at-10.05.14-225x300.jpeg\" alt=\"\" width=\"225\" height=\"300\" srcset=\"https:\/\/portalraizesnoticias.com.br\/wp-content\/uploads\/2024\/12\/WhatsApp-Image-2024-12-06-at-10.05.14-225x300.jpeg 225w, https:\/\/portalraizesnoticias.com.br\/wp-content\/uploads\/2024\/12\/WhatsApp-Image-2024-12-06-at-10.05.14-768x1024.jpeg 768w, https:\/\/portalraizesnoticias.com.br\/wp-content\/uploads\/2024\/12\/WhatsApp-Image-2024-12-06-at-10.05.14-1152x1536.jpeg 1152w, https:\/\/portalraizesnoticias.com.br\/wp-content\/uploads\/2024\/12\/WhatsApp-Image-2024-12-06-at-10.05.14.jpeg 1200w\" sizes=\"(max-width: 225px) 100vw, 225px\" \/>A nova ag\u00eancia conta com uma estrutura mais completa, moderna e confort\u00e1vel para atender melhor os seus cooperados e marca o novo momento de crescimento da cooperativa Cresol Uni\u00e3o dos Vales na regi\u00e3o Nordeste, refor\u00e7ando o seu compromisso n\u00e3o apenas com os cooperados, mas colaboradores e comunidade, fortalecendo ainda mais a sua presen\u00e7a na regi\u00e3o. <\/span><\/p>\n<p align=\"justify\"><span style=\"font-size: medium;\">Durante a cerim\u00f4nia de inaugura\u00e7\u00e3o, o superintendente da Cresol Uni\u00e3o dos Vales, Everton do Nascimento, destacou a import\u00e2ncia da ocasi\u00e3o e o potencial da regi\u00e3o. \u201cEsta \u00e9 a minha primeira inaugura\u00e7\u00e3o aqui no estado e estou muito feliz de participar deste momento. S\u00e3o mais de 8 mil s\u00f3cios no polo de Serrinha, \u00e9 uma ag\u00eancia j\u00e1 bem grande e volumosa em n\u00famero de associados, e tenho a certeza que vamos crescer muito mais. H\u00e1 muito desenvolvimento e oportunidades aqui na regi\u00e3o para a Cresol e seus associados. <\/span><\/p>\n<p align=\"justify\"><span style=\"font-size: medium;\">O Gerente da ag\u00eancia, Daniel Melo, tamb\u00e9m expressou a sua alegria e de toda a sua equipe de entregar esta ag\u00eancia para os cooperados, \u201cnosso objetivo \u00e9 atender cada vez nossos cooperados, sem perder a nossa ess\u00eancia do cooperativismo, levando solu\u00e7\u00f5es financeiras, promovendo o desenvolvimento das pessoas atrav\u00e9s de opera\u00e7\u00f5es e realizando sonhos dos empreendedores.\u201d, e convidou a comunidade para conhecer mais sobre o cooperativismo e a Cresol.<\/span><\/p>\n<p align=\"left\"><b><img decoding=\"async\" class=\"size-medium wp-image-2680 alignright\" src=\"https:\/\/portalraizesnoticias.com.br\/wp-content\/uploads\/2024\/12\/WhatsApp-Image-2024-12-06-at-10.05.15-225x300.jpeg\" alt=\"\" width=\"225\" height=\"300\" srcset=\"https:\/\/portalraizesnoticias.com.br\/wp-content\/uploads\/2024\/12\/WhatsApp-Image-2024-12-06-at-10.05.15-225x300.jpeg 225w, https:\/\/portalraizesnoticias.com.br\/wp-content\/uploads\/2024\/12\/WhatsApp-Image-2024-12-06-at-10.05.15-768x1024.jpeg 768w, https:\/\/portalraizesnoticias.com.br\/wp-content\/uploads\/2024\/12\/WhatsApp-Image-2024-12-06-at-10.05.15-1152x1536.jpeg 1152w, https:\/\/portalraizesnoticias.com.br\/wp-content\/uploads\/2024\/12\/WhatsApp-Image-2024-12-06-at-10.05.15.jpeg 1200w\" sizes=\"(max-width: 225px) 100vw, 225px\" \/>Sobre a Cresol<\/b><\/p>\n<p align=\"left\">Com 29 anos de hist\u00f3ria, mais de 900 mil cooperados e 900 ag\u00eancias de relacionamento em 19 estados, a Cresol \u00e9 uma das principais institui\u00e7\u00f5es financeiras cooperativas do pa\u00eds. Com foco no atendimento personalizado, fornece solu\u00e7\u00f5es financeiras para pessoas f\u00edsicas, empresas e empreendimentos rurais.<\/p>\n<p align=\"left\">A Cresol Uni\u00e3o dos Vales, uma cooperativa singular filiada ao Sistema Cresol, tem 22 anos de atua\u00e7\u00e3o. Ela conta com 19 ag\u00eancias de relacionamento, 25 salas de neg\u00f3cios, 1 ag\u00eancia digital e 2 Centros Administrativos, estes localizados em Ivaipor\u00e3 \u2012PR, e Lauro de Freitas \u2012 BA.<\/p>\n<p align=\"left\">\n<p align=\"left\">Ascom<\/p>\n","protected":false},"excerpt":{"rendered":"<p>A inaugura\u00e7\u00e3o refor\u00e7a o compromisso da Cresol Uni\u00e3o dos Vales com seus cooperados e comunidades da regi\u00e3o. Na noite da \u00faltima segunda-feira, 02 de dezembro, os cooperados e a comunidade de Serrinha, na Bahia, tiveram a oportunidade de prestigiar a inaugura\u00e7\u00e3o da nova ag\u00eancia da Cresol no munic\u00edpio, que se encontra em um novo endere\u00e7o, mais acess\u00edvel e estrat\u00e9gico, na esquina da Av. Joaquim Hort\u00e9lio com a Av. Ant\u00f4nio Carlos Magalh\u00e3es. A nova ag\u00eancia conta com uma estrutura mais completa, moderna e confort\u00e1vel para atender melhor os seus cooperados e marca o novo momento de crescimento da cooperativa Cresol Uni\u00e3o dos Vales na regi\u00e3o Nordeste, refor\u00e7ando o seu compromisso n\u00e3o apenas com os cooperados, mas colaboradores e comunidade, fortalecendo ainda mais a sua presen\u00e7a na regi\u00e3o. Durante a cerim\u00f4nia de inaugura\u00e7\u00e3o, o superintendente da Cresol Uni\u00e3o dos Vales, Everton do Nascimento, destacou a import\u00e2ncia da ocasi\u00e3o e o potencial da regi\u00e3o. \u201cEsta \u00e9 a minha primeira inaugura\u00e7\u00e3o aqui no estado e estou muito feliz de participar deste momento. S\u00e3o mais de 8 mil s\u00f3cios no polo de Serrinha, \u00e9 uma ag\u00eancia j\u00e1 bem grande e volumosa em n\u00famero de associados, e tenho a certeza que vamos crescer muito mais. H\u00e1 muito desenvolvimento e oportunidades aqui na regi\u00e3o para a Cresol e seus associados. O Gerente da ag\u00eancia, Daniel Melo, tamb\u00e9m expressou a sua alegria e de toda a sua equipe de entregar esta ag\u00eancia para os cooperados, \u201cnosso objetivo \u00e9 atender cada vez nossos cooperados, sem perder a nossa ess\u00eancia do cooperativismo, levando solu\u00e7\u00f5es financeiras, promovendo o desenvolvimento das pessoas atrav\u00e9s de opera\u00e7\u00f5es e realizando sonhos dos empreendedores.\u201d, e convidou a comunidade para conhecer mais sobre o cooperativismo e a Cresol. Sobre a Cresol Com 29 anos de hist\u00f3ria, mais de 900 mil cooperados e 900 ag\u00eancias de relacionamento em 19 estados, a Cresol \u00e9 uma das principais institui\u00e7\u00f5es financeiras cooperativas do pa\u00eds. Com foco no atendimento personalizado, fornece solu\u00e7\u00f5es financeiras para pessoas f\u00edsicas, empresas e empreendimentos rurais. A Cresol Uni\u00e3o dos Vales, uma cooperativa singular filiada ao Sistema Cresol, tem 22 anos de atua\u00e7\u00e3o. Ela conta com 19 ag\u00eancias de relacionamento, 25 salas de neg\u00f3cios, 1 ag\u00eancia digital e 2 Centros Administrativos, estes localizados em Ivaipor\u00e3 \u2012PR, e Lauro de Freitas \u2012 BA. Ascom<\/p>\n","protected":false},"author":3,"featured_media":2678,"comment_status":"open","ping_status":"open","sticky":false,"template":"","format":"standard","meta":{"_joinchat":[],"footnotes":""},"categories":[55,56,59],"tags":[],"class_list":["post-2677","post","type-post","status-publish","format-standard","has-post-thumbnail","hentry","category-destaques","category-regiao","category-ultimas-noticias"],"yoast_head":"<!-- This site is optimized with the Yoast SEO plugin v24.4 - https:\/\/yoast.com\/wordpress\/plugins\/seo\/ -->\n<title>Inaugura\u00e7\u00e3o da nova ag\u00eancia da Cresol na regi\u00e3o do sisal marca novo cap\u00edtulo econ\u00f4mico em Serrinha - Portal raizes noticias<\/title>\n<meta name=\"robots\" content=\"index, follow, max-snippet:-1, max-image-preview:large, max-video-preview:-1\" \/>\n<link rel=\"canonical\" href=\"https:\/\/portalraizesnoticias.com.br\/?p=2677\" \/>\n<meta property=\"og:locale\" content=\"pt_BR\" \/>\n<meta property=\"og:type\" content=\"article\" \/>\n<meta property=\"og:title\" content=\"Inaugura\u00e7\u00e3o da nova ag\u00eancia da Cresol na regi\u00e3o do sisal marca novo cap\u00edtulo econ\u00f4mico em Serrinha - Portal raizes noticias\" \/>\n<meta property=\"og:description\" content=\"A inaugura\u00e7\u00e3o refor\u00e7a o compromisso da Cresol Uni\u00e3o dos Vales com seus cooperados e comunidades da regi\u00e3o. Na noite da \u00faltima segunda-feira, 02 de dezembro, os cooperados e a comunidade de Serrinha, na Bahia, tiveram a oportunidade de prestigiar a inaugura\u00e7\u00e3o da nova ag\u00eancia da Cresol no munic\u00edpio, que se encontra em um novo endere\u00e7o, mais acess\u00edvel e estrat\u00e9gico, na esquina da Av. Joaquim Hort\u00e9lio com a Av. Ant\u00f4nio Carlos Magalh\u00e3es. A nova ag\u00eancia conta com uma estrutura mais completa, moderna e confort\u00e1vel para atender melhor os seus cooperados e marca o novo momento de crescimento da cooperativa Cresol Uni\u00e3o dos Vales na regi\u00e3o Nordeste, refor\u00e7ando o seu compromisso n\u00e3o apenas com os cooperados, mas colaboradores e comunidade, fortalecendo ainda mais a sua presen\u00e7a na regi\u00e3o. Durante a cerim\u00f4nia de inaugura\u00e7\u00e3o, o superintendente da Cresol Uni\u00e3o dos Vales, Everton do Nascimento, destacou a import\u00e2ncia da ocasi\u00e3o e o potencial da regi\u00e3o. \u201cEsta \u00e9 a minha primeira inaugura\u00e7\u00e3o aqui no estado e estou muito feliz de participar deste momento. S\u00e3o mais de 8 mil s\u00f3cios no polo de Serrinha, \u00e9 uma ag\u00eancia j\u00e1 bem grande e volumosa em n\u00famero de associados, e tenho a certeza que vamos crescer muito mais. H\u00e1 muito desenvolvimento e oportunidades aqui na regi\u00e3o para a Cresol e seus associados. O Gerente da ag\u00eancia, Daniel Melo, tamb\u00e9m expressou a sua alegria e de toda a sua equipe de entregar esta ag\u00eancia para os cooperados, \u201cnosso objetivo \u00e9 atender cada vez nossos cooperados, sem perder a nossa ess\u00eancia do cooperativismo, levando solu\u00e7\u00f5es financeiras, promovendo o desenvolvimento das pessoas atrav\u00e9s de opera\u00e7\u00f5es e realizando sonhos dos empreendedores.\u201d, e convidou a comunidade para conhecer mais sobre o cooperativismo e a Cresol. Sobre a Cresol Com 29 anos de hist\u00f3ria, mais de 900 mil cooperados e 900 ag\u00eancias de relacionamento em 19 estados, a Cresol \u00e9 uma das principais institui\u00e7\u00f5es financeiras cooperativas do pa\u00eds. Com foco no atendimento personalizado, fornece solu\u00e7\u00f5es financeiras para pessoas f\u00edsicas, empresas e empreendimentos rurais. A Cresol Uni\u00e3o dos Vales, uma cooperativa singular filiada ao Sistema Cresol, tem 22 anos de atua\u00e7\u00e3o. Ela conta com 19 ag\u00eancias de relacionamento, 25 salas de neg\u00f3cios, 1 ag\u00eancia digital e 2 Centros Administrativos, estes localizados em Ivaipor\u00e3 \u2012PR, e Lauro de Freitas \u2012 BA. Ascom\" \/>\n<meta property=\"og:url\" content=\"https:\/\/portalraizesnoticias.com.br\/?p=2677\" \/>\n<meta property=\"og:site_name\" content=\"Portal raizes noticias\" \/>\n<meta property=\"article:published_time\" content=\"2024-12-06T14:19:46+00:00\" \/>\n<meta property=\"article:modified_time\" content=\"2024-12-06T17:43:01+00:00\" \/>\n<meta property=\"og:image\" content=\"https:\/\/portalraizesnoticias.com.br\/wp-content\/uploads\/2024\/12\/WhatsApp-Image-2024-12-06-at-10.05.15-1-e1733494700657.jpeg\" \/>\n\t<meta property=\"og:image:width\" content=\"1066\" \/>\n\t<meta property=\"og:image:height\" content=\"757\" \/>\n\t<meta property=\"og:image:type\" content=\"image\/jpeg\" \/>\n<meta name=\"author\" content=\"Portal Raizes\" \/>\n<meta name=\"twitter:card\" content=\"summary_large_image\" \/>\n<meta name=\"twitter:label1\" content=\"Escrito por\" \/>\n\t<meta name=\"twitter:data1\" content=\"Portal Raizes\" \/>\n\t<meta name=\"twitter:label2\" content=\"Est. tempo de leitura\" \/>\n\t<meta name=\"twitter:data2\" content=\"3 minutos\" \/>\n<script type=\"application\/ld+json\" class=\"yoast-schema-graph\">{\"@context\":\"https:\/\/schema.org\",\"@graph\":[{\"@type\":\"Article\",\"@id\":\"https:\/\/portalraizesnoticias.com.br\/?p=2677#article\",\"isPartOf\":{\"@id\":\"https:\/\/portalraizesnoticias.com.br\/?p=2677\"},\"author\":{\"name\":\"Portal Raizes\",\"@id\":\"https:\/\/portalraizesnoticias.com.br\/#\/schema\/person\/a3ca6b0fc701e78df19756c417d943ae\"},\"headline\":\"Inaugura\u00e7\u00e3o da nova ag\u00eancia da Cresol na regi\u00e3o do sisal marca novo cap\u00edtulo econ\u00f4mico em Serrinha\",\"datePublished\":\"2024-12-06T14:19:46+00:00\",\"dateModified\":\"2024-12-06T17:43:01+00:00\",\"mainEntityOfPage\":{\"@id\":\"https:\/\/portalraizesnoticias.com.br\/?p=2677\"},\"wordCount\":431,\"commentCount\":0,\"publisher\":{\"@id\":\"https:\/\/portalraizesnoticias.com.br\/#organization\"},\"image\":{\"@id\":\"https:\/\/portalraizesnoticias.com.br\/?p=2677#primaryimage\"},\"thumbnailUrl\":\"https:\/\/portalraizesnoticias.com.br\/wp-content\/uploads\/2024\/12\/WhatsApp-Image-2024-12-06-at-10.05.15-1-e1733494700657.jpeg\",\"articleSection\":[\"DESTAQUES\",\"REGI\u00c3O\",\"ULTIMAS NOTICIAS\"],\"inLanguage\":\"pt-BR\",\"potentialAction\":[{\"@type\":\"CommentAction\",\"name\":\"Comment\",\"target\":[\"https:\/\/portalraizesnoticias.com.br\/?p=2677#respond\"]}]},{\"@type\":\"WebPage\",\"@id\":\"https:\/\/portalraizesnoticias.com.br\/?p=2677\",\"url\":\"https:\/\/portalraizesnoticias.com.br\/?p=2677\",\"name\":\"Inaugura\u00e7\u00e3o da nova ag\u00eancia da Cresol na regi\u00e3o do sisal marca novo cap\u00edtulo econ\u00f4mico em Serrinha - Portal raizes noticias\",\"isPartOf\":{\"@id\":\"https:\/\/portalraizesnoticias.com.br\/#website\"},\"primaryImageOfPage\":{\"@id\":\"https:\/\/portalraizesnoticias.com.br\/?p=2677#primaryimage\"},\"image\":{\"@id\":\"https:\/\/portalraizesnoticias.com.br\/?p=2677#primaryimage\"},\"thumbnailUrl\":\"https:\/\/portalraizesnoticias.com.br\/wp-content\/uploads\/2024\/12\/WhatsApp-Image-2024-12-06-at-10.05.15-1-e1733494700657.jpeg\",\"datePublished\":\"2024-12-06T14:19:46+00:00\",\"dateModified\":\"2024-12-06T17:43:01+00:00\",\"breadcrumb\":{\"@id\":\"https:\/\/portalraizesnoticias.com.br\/?p=2677#breadcrumb\"},\"inLanguage\":\"pt-BR\",\"potentialAction\":[{\"@type\":\"ReadAction\",\"target\":[\"https:\/\/portalraizesnoticias.com.br\/?p=2677\"]}]},{\"@type\":\"ImageObject\",\"inLanguage\":\"pt-BR\",\"@id\":\"https:\/\/portalraizesnoticias.com.br\/?p=2677#primaryimage\",\"url\":\"https:\/\/portalraizesnoticias.com.br\/wp-content\/uploads\/2024\/12\/WhatsApp-Image-2024-12-06-at-10.05.15-1-e1733494700657.jpeg\",\"contentUrl\":\"https:\/\/portalraizesnoticias.com.br\/wp-content\/uploads\/2024\/12\/WhatsApp-Image-2024-12-06-at-10.05.15-1-e1733494700657.jpeg\",\"width\":1066,\"height\":757},{\"@type\":\"BreadcrumbList\",\"@id\":\"https:\/\/portalraizesnoticias.com.br\/?p=2677#breadcrumb\",\"itemListElement\":[{\"@type\":\"ListItem\",\"position\":1,\"name\":\"In\u00edcio\",\"item\":\"https:\/\/portalraizesnoticias.com.br\/\"},{\"@type\":\"ListItem\",\"position\":2,\"name\":\"Inaugura\u00e7\u00e3o da nova ag\u00eancia da Cresol na regi\u00e3o do sisal marca novo cap\u00edtulo econ\u00f4mico em Serrinha\"}]},{\"@type\":\"WebSite\",\"@id\":\"https:\/\/portalraizesnoticias.com.br\/#website\",\"url\":\"https:\/\/portalraizesnoticias.com.br\/\",\"name\":\"Portal raizes NOTICIAS\",\"description\":\"site de noticias de concei\u00e7\u00e3o do coit\u00e9 e regi\u00e3o\",\"publisher\":{\"@id\":\"https:\/\/portalraizesnoticias.com.br\/#organization\"},\"alternateName\":\"PORTAL RAIZES COIT\u00c9\",\"potentialAction\":[{\"@type\":\"SearchAction\",\"target\":{\"@type\":\"EntryPoint\",\"urlTemplate\":\"https:\/\/portalraizesnoticias.com.br\/?s={search_term_string}\"},\"query-input\":{\"@type\":\"PropertyValueSpecification\",\"valueRequired\":true,\"valueName\":\"search_term_string\"}}],\"inLanguage\":\"pt-BR\"},{\"@type\":\"Organization\",\"@id\":\"https:\/\/portalraizesnoticias.com.br\/#organization\",\"name\":\"Portal raizes NOTICIAS\",\"url\":\"https:\/\/portalraizesnoticias.com.br\/\",\"logo\":{\"@type\":\"ImageObject\",\"inLanguage\":\"pt-BR\",\"@id\":\"https:\/\/portalraizesnoticias.com.br\/#\/schema\/logo\/image\/\",\"url\":\"https:\/\/portalraizesnoticias.com.br\/wp-content\/uploads\/2024\/09\/cropped-Captura-de-tela-2024-09-08-011108.png\",\"contentUrl\":\"https:\/\/portalraizesnoticias.com.br\/wp-content\/uploads\/2024\/09\/cropped-Captura-de-tela-2024-09-08-011108.png\",\"width\":606,\"height\":173,\"caption\":\"Portal raizes NOTICIAS\"},\"image\":{\"@id\":\"https:\/\/portalraizesnoticias.com.br\/#\/schema\/logo\/image\/\"}},{\"@type\":\"Person\",\"@id\":\"https:\/\/portalraizesnoticias.com.br\/#\/schema\/person\/a3ca6b0fc701e78df19756c417d943ae\",\"name\":\"Portal Raizes\",\"image\":{\"@type\":\"ImageObject\",\"inLanguage\":\"pt-BR\",\"@id\":\"https:\/\/portalraizesnoticias.com.br\/#\/schema\/person\/image\/\",\"url\":\"https:\/\/secure.gravatar.com\/avatar\/ef450d29013a3d3fba867a12a249d7b1?s=96&d=mm&r=g\",\"contentUrl\":\"https:\/\/secure.gravatar.com\/avatar\/ef450d29013a3d3fba867a12a249d7b1?s=96&d=mm&r=g\",\"caption\":\"Portal Raizes\"},\"url\":\"https:\/\/portalraizesnoticias.com.br\/?author=3\"}]}<\/script>\n<!-- \/ Yoast SEO plugin. -->","yoast_head_json":{"title":"Inaugura\u00e7\u00e3o da nova ag\u00eancia da Cresol na regi\u00e3o do sisal marca novo cap\u00edtulo econ\u00f4mico em Serrinha - Portal raizes noticias","robots":{"index":"index","follow":"follow","max-snippet":"max-snippet:-1","max-image-preview":"max-image-preview:large","max-video-preview":"max-video-preview:-1"},"canonical":"https:\/\/portalraizesnoticias.com.br\/?p=2677","og_locale":"pt_BR","og_type":"article","og_title":"Inaugura\u00e7\u00e3o da nova ag\u00eancia da Cresol na regi\u00e3o do sisal marca novo cap\u00edtulo econ\u00f4mico em Serrinha - Portal raizes noticias","og_description":"A inaugura\u00e7\u00e3o refor\u00e7a o compromisso da Cresol Uni\u00e3o dos Vales com seus cooperados e comunidades da regi\u00e3o. Na noite da \u00faltima segunda-feira, 02 de dezembro, os cooperados e a comunidade de Serrinha, na Bahia, tiveram a oportunidade de prestigiar a inaugura\u00e7\u00e3o da nova ag\u00eancia da Cresol no munic\u00edpio, que se encontra em um novo endere\u00e7o, mais acess\u00edvel e estrat\u00e9gico, na esquina da Av. Joaquim Hort\u00e9lio com a Av. Ant\u00f4nio Carlos Magalh\u00e3es. A nova ag\u00eancia conta com uma estrutura mais completa, moderna e confort\u00e1vel para atender melhor os seus cooperados e marca o novo momento de crescimento da cooperativa Cresol Uni\u00e3o dos Vales na regi\u00e3o Nordeste, refor\u00e7ando o seu compromisso n\u00e3o apenas com os cooperados, mas colaboradores e comunidade, fortalecendo ainda mais a sua presen\u00e7a na regi\u00e3o. Durante a cerim\u00f4nia de inaugura\u00e7\u00e3o, o superintendente da Cresol Uni\u00e3o dos Vales, Everton do Nascimento, destacou a import\u00e2ncia da ocasi\u00e3o e o potencial da regi\u00e3o. \u201cEsta \u00e9 a minha primeira inaugura\u00e7\u00e3o aqui no estado e estou muito feliz de participar deste momento. S\u00e3o mais de 8 mil s\u00f3cios no polo de Serrinha, \u00e9 uma ag\u00eancia j\u00e1 bem grande e volumosa em n\u00famero de associados, e tenho a certeza que vamos crescer muito mais. H\u00e1 muito desenvolvimento e oportunidades aqui na regi\u00e3o para a Cresol e seus associados. O Gerente da ag\u00eancia, Daniel Melo, tamb\u00e9m expressou a sua alegria e de toda a sua equipe de entregar esta ag\u00eancia para os cooperados, \u201cnosso objetivo \u00e9 atender cada vez nossos cooperados, sem perder a nossa ess\u00eancia do cooperativismo, levando solu\u00e7\u00f5es financeiras, promovendo o desenvolvimento das pessoas atrav\u00e9s de opera\u00e7\u00f5es e realizando sonhos dos empreendedores.\u201d, e convidou a comunidade para conhecer mais sobre o cooperativismo e a Cresol. Sobre a Cresol Com 29 anos de hist\u00f3ria, mais de 900 mil cooperados e 900 ag\u00eancias de relacionamento em 19 estados, a Cresol \u00e9 uma das principais institui\u00e7\u00f5es financeiras cooperativas do pa\u00eds. Com foco no atendimento personalizado, fornece solu\u00e7\u00f5es financeiras para pessoas f\u00edsicas, empresas e empreendimentos rurais. A Cresol Uni\u00e3o dos Vales, uma cooperativa singular filiada ao Sistema Cresol, tem 22 anos de atua\u00e7\u00e3o. Ela conta com 19 ag\u00eancias de relacionamento, 25 salas de neg\u00f3cios, 1 ag\u00eancia digital e 2 Centros Administrativos, estes localizados em Ivaipor\u00e3 \u2012PR, e Lauro de Freitas \u2012 BA. Ascom","og_url":"https:\/\/portalraizesnoticias.com.br\/?p=2677","og_site_name":"Portal raizes noticias","article_published_time":"2024-12-06T14:19:46+00:00","article_modified_time":"2024-12-06T17:43:01+00:00","og_image":[{"width":1066,"height":757,"url":"https:\/\/portalraizesnoticias.com.br\/wp-content\/uploads\/2024\/12\/WhatsApp-Image-2024-12-06-at-10.05.15-1-e1733494700657.jpeg","type":"image\/jpeg"}],"author":"Portal Raizes","twitter_card":"summary_large_image","twitter_misc":{"Escrito por":"Portal Raizes","Est. tempo de leitura":"3 minutos"},"schema":{"@context":"https:\/\/schema.org","@graph":[{"@type":"Article","@id":"https:\/\/portalraizesnoticias.com.br\/?p=2677#article","isPartOf":{"@id":"https:\/\/portalraizesnoticias.com.br\/?p=2677"},"author":{"name":"Portal Raizes","@id":"https:\/\/portalraizesnoticias.com.br\/#\/schema\/person\/a3ca6b0fc701e78df19756c417d943ae"},"headline":"Inaugura\u00e7\u00e3o da nova ag\u00eancia da Cresol na regi\u00e3o do sisal marca novo cap\u00edtulo econ\u00f4mico em Serrinha","datePublished":"2024-12-06T14:19:46+00:00","dateModified":"2024-12-06T17:43:01+00:00","mainEntityOfPage":{"@id":"https:\/\/portalraizesnoticias.com.br\/?p=2677"},"wordCount":431,"commentCount":0,"publisher":{"@id":"https:\/\/portalraizesnoticias.com.br\/#organization"},"image":{"@id":"https:\/\/portalraizesnoticias.com.br\/?p=2677#primaryimage"},"thumbnailUrl":"https:\/\/portalraizesnoticias.com.br\/wp-content\/uploads\/2024\/12\/WhatsApp-Image-2024-12-06-at-10.05.15-1-e1733494700657.jpeg","articleSection":["DESTAQUES","REGI\u00c3O","ULTIMAS NOTICIAS"],"inLanguage":"pt-BR","potentialAction":[{"@type":"CommentAction","name":"Comment","target":["https:\/\/portalraizesnoticias.com.br\/?p=2677#respond"]}]},{"@type":"WebPage","@id":"https:\/\/portalraizesnoticias.com.br\/?p=2677","url":"https:\/\/portalraizesnoticias.com.br\/?p=2677","name":"Inaugura\u00e7\u00e3o da nova ag\u00eancia da Cresol na regi\u00e3o do sisal marca novo cap\u00edtulo econ\u00f4mico em Serrinha - Portal raizes noticias","isPartOf":{"@id":"https:\/\/portalraizesnoticias.com.br\/#website"},"primaryImageOfPage":{"@id":"https:\/\/portalraizesnoticias.com.br\/?p=2677#primaryimage"},"image":{"@id":"https:\/\/portalraizesnoticias.com.br\/?p=2677#primaryimage"},"thumbnailUrl":"https:\/\/portalraizesnoticias.com.br\/wp-content\/uploads\/2024\/12\/WhatsApp-Image-2024-12-06-at-10.05.15-1-e1733494700657.jpeg","datePublished":"2024-12-06T14:19:46+00:00","dateModified":"2024-12-06T17:43:01+00:00","breadcrumb":{"@id":"https:\/\/portalraizesnoticias.com.br\/?p=2677#breadcrumb"},"inLanguage":"pt-BR","potentialAction":[{"@type":"ReadAction","target":["https:\/\/portalraizesnoticias.com.br\/?p=2677"]}]},{"@type":"ImageObject","inLanguage":"pt-BR","@id":"https:\/\/portalraizesnoticias.com.br\/?p=2677#primaryimage","url":"https:\/\/portalraizesnoticias.com.br\/wp-content\/uploads\/2024\/12\/WhatsApp-Image-2024-12-06-at-10.05.15-1-e1733494700657.jpeg","contentUrl":"https:\/\/portalraizesnoticias.com.br\/wp-content\/uploads\/2024\/12\/WhatsApp-Image-2024-12-06-at-10.05.15-1-e1733494700657.jpeg","width":1066,"height":757},{"@type":"BreadcrumbList","@id":"https:\/\/portalraizesnoticias.com.br\/?p=2677#breadcrumb","itemListElement":[{"@type":"ListItem","position":1,"name":"In\u00edcio","item":"https:\/\/portalraizesnoticias.com.br\/"},{"@type":"ListItem","position":2,"name":"Inaugura\u00e7\u00e3o da nova ag\u00eancia da Cresol na regi\u00e3o do sisal marca novo cap\u00edtulo econ\u00f4mico em Serrinha"}]},{"@type":"WebSite","@id":"https:\/\/portalraizesnoticias.com.br\/#website","url":"https:\/\/portalraizesnoticias.com.br\/","name":"Portal raizes NOTICIAS","description":"site de noticias de concei\u00e7\u00e3o do coit\u00e9 e regi\u00e3o","publisher":{"@id":"https:\/\/portalraizesnoticias.com.br\/#organization"},"alternateName":"PORTAL RAIZES COIT\u00c9","potentialAction":[{"@type":"SearchAction","target":{"@type":"EntryPoint","urlTemplate":"https:\/\/portalraizesnoticias.com.br\/?s={search_term_string}"},"query-input":{"@type":"PropertyValueSpecification","valueRequired":true,"valueName":"search_term_string"}}],"inLanguage":"pt-BR"},{"@type":"Organization","@id":"https:\/\/portalraizesnoticias.com.br\/#organization","name":"Portal raizes NOTICIAS","url":"https:\/\/portalraizesnoticias.com.br\/","logo":{"@type":"ImageObject","inLanguage":"pt-BR","@id":"https:\/\/portalraizesnoticias.com.br\/#\/schema\/logo\/image\/","url":"https:\/\/portalraizesnoticias.com.br\/wp-content\/uploads\/2024\/09\/cropped-Captura-de-tela-2024-09-08-011108.png","contentUrl":"https:\/\/portalraizesnoticias.com.br\/wp-content\/uploads\/2024\/09\/cropped-Captura-de-tela-2024-09-08-011108.png","width":606,"height":173,"caption":"Portal raizes NOTICIAS"},"image":{"@id":"https:\/\/portalraizesnoticias.com.br\/#\/schema\/logo\/image\/"}},{"@type":"Person","@id":"https:\/\/portalraizesnoticias.com.br\/#\/schema\/person\/a3ca6b0fc701e78df19756c417d943ae","name":"Portal Raizes","image":{"@type":"ImageObject","inLanguage":"pt-BR","@id":"https:\/\/portalraizesnoticias.com.br\/#\/schema\/person\/image\/","url":"https:\/\/secure.gravatar.com\/avatar\/ef450d29013a3d3fba867a12a249d7b1?s=96&d=mm&r=g","contentUrl":"https:\/\/secure.gravatar.com\/avatar\/ef450d29013a3d3fba867a12a249d7b1?s=96&d=mm&r=g","caption":"Portal Raizes"},"url":"https:\/\/portalraizesnoticias.com.br\/?author=3"}]}},"_links":{"self":[{"href":"https:\/\/portalraizesnoticias.com.br\/index.php?rest_route=\/wp\/v2\/posts\/2677"}],"collection":[{"href":"https:\/\/portalraizesnoticias.com.br\/index.php?rest_route=\/wp\/v2\/posts"}],"about":[{"href":"https:\/\/portalraizesnoticias.com.br\/index.php?rest_route=\/wp\/v2\/types\/post"}],"author":[{"embeddable":true,"href":"https:\/\/portalraizesnoticias.com.br\/index.php?rest_route=\/wp\/v2\/users\/3"}],"replies":[{"embeddable":true,"href":"https:\/\/portalraizesnoticias.com.br\/index.php?rest_route=%2Fwp%2Fv2%2Fcomments&post=2677"}],"version-history":[{"count":3,"href":"https:\/\/portalraizesnoticias.com.br\/index.php?rest_route=\/wp\/v2\/posts\/2677\/revisions"}],"predecessor-version":[{"id":2688,"href":"https:\/\/portalraizesnoticias.com.br\/index.php?rest_route=\/wp\/v2\/posts\/2677\/revisions\/2688"}],"wp:featuredmedia":[{"embeddable":true,"href":"https:\/\/portalraizesnoticias.com.br\/index.php?rest_route=\/wp\/v2\/media\/2678"}],"wp:attachment":[{"href":"https:\/\/portalraizesnoticias.com.br\/index.php?rest_route=%2Fwp%2Fv2%2Fmedia&parent=2677"}],"wp:term":[{"taxonomy":"category","embeddable":true,"href":"https:\/\/portalraizesnoticias.com.br\/index.php?rest_route=%2Fwp%2Fv2%2Fcategories&post=2677"},{"taxonomy":"post_tag","embeddable":true,"href":"https:\/\/portalraizesnoticias.com.br\/index.php?rest_route=%2Fwp%2Fv2%2Ftags&post=2677"}],"curies":[{"name":"wp","href":"https:\/\/api.w.org\/{rel}","templated":true}]}}