{"id":2590,"date":"2024-12-01T16:39:23","date_gmt":"2024-12-01T16:39:23","guid":{"rendered":"https:\/\/portalraizesnoticias.com.br\/?p=2590"},"modified":"2024-12-01T16:44:10","modified_gmt":"2024-12-01T16:44:10","slug":"principio-de-incendio-atinge-climecc-em-conceicao-do-coite-ninguem-ficou-ferido","status":"publish","type":"post","link":"https:\/\/portalraizesnoticias.com.br\/?p=2590","title":{"rendered":"Princ\u00edpio de inc\u00eandio atinge Centro M\u00e9dico em Concei\u00e7\u00e3o do Coit\u00e9; ningu\u00e9m ficou ferido"},"content":{"rendered":"<p>Um princ\u00edpio de inc\u00eandio atingiu o Centro M\u00e9dico Ant\u00f4nio Nunes Gordiano Filho (Climecc), na rua Castro Alves em Concei\u00e7\u00e3o do Coit\u00e9, por volta das 12h30 deste domingo (01).<\/p>\n<p><img fetchpriority=\"high\" decoding=\"async\" class=\"size-medium wp-image-1970 aligncenter\" src=\"https:\/\/portalraizesnoticias.com.br\/wp-content\/uploads\/2024\/11\/Banner-home-center-300x300.jpg\" alt=\"\" width=\"300\" height=\"300\" srcset=\"https:\/\/portalraizesnoticias.com.br\/wp-content\/uploads\/2024\/11\/Banner-home-center-300x300.jpg 300w, https:\/\/portalraizesnoticias.com.br\/wp-content\/uploads\/2024\/11\/Banner-home-center-1024x1024.jpg 1024w, https:\/\/portalraizesnoticias.com.br\/wp-content\/uploads\/2024\/11\/Banner-home-center-150x150.jpg 150w, https:\/\/portalraizesnoticias.com.br\/wp-content\/uploads\/2024\/11\/Banner-home-center-768x768.jpg 768w, https:\/\/portalraizesnoticias.com.br\/wp-content\/uploads\/2024\/11\/Banner-home-center-700x700.jpg 700w, https:\/\/portalraizesnoticias.com.br\/wp-content\/uploads\/2024\/11\/Banner-home-center-620x620.jpg 620w, https:\/\/portalraizesnoticias.com.br\/wp-content\/uploads\/2024\/11\/Banner-home-center-400x400.jpg 400w, https:\/\/portalraizesnoticias.com.br\/wp-content\/uploads\/2024\/11\/Banner-home-center.jpg 1080w\" sizes=\"(max-width: 300px) 100vw, 300px\" \/><\/p>\n<p style=\"text-align: center;\"><strong>Publicidade<\/strong><\/p>\n<p>Segundo informa\u00e7\u00f5es do coordenador da equipe \u00c1guia Resgate, Gildo Carneiro, os socorristas foram acionados pelos profissionais da unidade, informando que um ar-condicionado estaria pegando fogo da sala de tomografia.<\/p>\n<p><img decoding=\"async\" class=\"size-medium wp-image-2520 aligncenter\" src=\"https:\/\/portalraizesnoticias.com.br\/wp-content\/uploads\/2024\/11\/Imagem-do-WhatsApp-de-2024-11-28-as-11.24.37_b858345f-300x142.jpg\" alt=\"\" width=\"300\" height=\"142\" srcset=\"https:\/\/portalraizesnoticias.com.br\/wp-content\/uploads\/2024\/11\/Imagem-do-WhatsApp-de-2024-11-28-as-11.24.37_b858345f-300x142.jpg 300w, https:\/\/portalraizesnoticias.com.br\/wp-content\/uploads\/2024\/11\/Imagem-do-WhatsApp-de-2024-11-28-as-11.24.37_b858345f.jpg 722w\" sizes=\"(max-width: 300px) 100vw, 300px\" \/><\/p>\n<p style=\"text-align: center;\"><strong>Publicidade<\/strong><\/p>\n<p>&#8220;Deslocamos rapidamente com os socorristas, extintores e mangueira de inc\u00eandio de modo a conter o fogo e n\u00e3o ocasionar uma trag\u00e9dia&#8221;, disse Gildo.<\/p>\n<p>Ap\u00f3s apagar as chamas, a Coelba realizou o desligamento da rede el\u00e9trica, o qual a ocorr\u00eancia n\u00e3o resultou em nenhum ferido.<\/p>\n<p><img decoding=\"async\" class=\"size-medium wp-image-2592 aligncenter\" src=\"https:\/\/portalraizesnoticias.com.br\/wp-content\/uploads\/2024\/12\/IMG-20241201-WA0148-300x169.jpg\" alt=\"\" width=\"300\" height=\"169\" srcset=\"https:\/\/portalraizesnoticias.com.br\/wp-content\/uploads\/2024\/12\/IMG-20241201-WA0148-300x169.jpg 300w, https:\/\/portalraizesnoticias.com.br\/wp-content\/uploads\/2024\/12\/IMG-20241201-WA0148-1024x576.jpg 1024w, https:\/\/portalraizesnoticias.com.br\/wp-content\/uploads\/2024\/12\/IMG-20241201-WA0148-768x432.jpg 768w, https:\/\/portalraizesnoticias.com.br\/wp-content\/uploads\/2024\/12\/IMG-20241201-WA0148-1536x864.jpg 1536w, https:\/\/portalraizesnoticias.com.br\/wp-content\/uploads\/2024\/12\/IMG-20241201-WA0148.jpg 1600w\" sizes=\"(max-width: 300px) 100vw, 300px\" \/><\/p>\n<p>Vale ressaltar que a Climecc \u00e9 um centro m\u00e9dico que atende crian\u00e7as e adolescentes de toda regi\u00e3o sisaleira e possivelmente havia pacientes internados no local.<\/p>\n<p>&#8220;Gra\u00e7as a Deus tudo terminou bem!&#8221;, afirma Gildo.<\/p>\n<p><img loading=\"lazy\" decoding=\"async\" class=\"size-medium wp-image-2522 aligncenter\" src=\"https:\/\/portalraizesnoticias.com.br\/wp-content\/uploads\/2024\/11\/Captura-de-tela_28-11-2024_191245_-e1732832363752-300x288.jpeg\" alt=\"\" width=\"300\" height=\"288\" srcset=\"https:\/\/portalraizesnoticias.com.br\/wp-content\/uploads\/2024\/11\/Captura-de-tela_28-11-2024_191245_-e1732832363752-300x288.jpeg 300w, https:\/\/portalraizesnoticias.com.br\/wp-content\/uploads\/2024\/11\/Captura-de-tela_28-11-2024_191245_-e1732832363752.jpeg 625w\" sizes=\"(max-width: 300px) 100vw, 300px\" \/><\/p>\n<p style=\"text-align: center;\"><strong>Publicidade<\/strong><\/p>\n<p>A jornalista Rafaela Rodrigues entrou em contato com a Climecc para obter informa\u00e7\u00f5es sobre a manuten\u00e7\u00e3o dos equipamentos, mas, uma fonte que preferiu n\u00e3o se identificar disse que todos os protocolos s\u00e3o cumpridos, inclusive sendo solicitada uma per\u00edcia para apurar os fatos.<\/p>\n<p>Reda\u00e7\u00e3o<\/p>\n","protected":false},"excerpt":{"rendered":"<p>Um princ\u00edpio de inc\u00eandio atingiu o Centro M\u00e9dico Ant\u00f4nio Nunes Gordiano Filho (Climecc), na rua Castro Alves em Concei\u00e7\u00e3o do Coit\u00e9, por volta das 12h30 deste domingo (01). Publicidade Segundo informa\u00e7\u00f5es do coordenador da equipe \u00c1guia Resgate, Gildo Carneiro, os socorristas foram acionados pelos profissionais da unidade, informando que um ar-condicionado estaria pegando fogo da sala de tomografia. Publicidade &#8220;Deslocamos rapidamente com os socorristas, extintores e mangueira de inc\u00eandio de modo a conter o fogo e n\u00e3o ocasionar uma trag\u00e9dia&#8221;, disse Gildo. Ap\u00f3s apagar as chamas, a Coelba realizou o desligamento da rede el\u00e9trica, o qual a ocorr\u00eancia n\u00e3o resultou em nenhum ferido. Vale ressaltar que a Climecc \u00e9 um centro m\u00e9dico que atende crian\u00e7as e adolescentes de toda regi\u00e3o sisaleira e possivelmente havia pacientes internados no local. &#8220;Gra\u00e7as a Deus tudo terminou bem!&#8221;, afirma Gildo. Publicidade A jornalista Rafaela Rodrigues entrou em contato com a Climecc para obter informa\u00e7\u00f5es sobre a manuten\u00e7\u00e3o dos equipamentos, mas, uma fonte que preferiu n\u00e3o se identificar disse que todos os protocolos s\u00e3o cumpridos, inclusive sendo solicitada uma per\u00edcia para apurar os fatos. Reda\u00e7\u00e3o<\/p>\n","protected":false},"author":3,"featured_media":2591,"comment_status":"open","ping_status":"open","sticky":false,"template":"","format":"standard","meta":{"_joinchat":[],"footnotes":""},"categories":[58,55,59],"tags":[299,301,300],"class_list":["post-2590","post","type-post","status-publish","format-standard","has-post-thumbnail","hentry","category-acidentes","category-destaques","category-ultimas-noticias","tag-climecc","tag-incendio","tag-principio"],"yoast_head":"<!-- This site is optimized with the Yoast SEO plugin v24.4 - https:\/\/yoast.com\/wordpress\/plugins\/seo\/ -->\n<title>Princ\u00edpio de inc\u00eandio atinge Centro M\u00e9dico em Concei\u00e7\u00e3o do Coit\u00e9; ningu\u00e9m ficou ferido - Portal raizes noticias<\/title>\n<meta name=\"robots\" content=\"index, follow, max-snippet:-1, max-image-preview:large, max-video-preview:-1\" \/>\n<link rel=\"canonical\" href=\"https:\/\/portalraizesnoticias.com.br\/?p=2590\" \/>\n<meta property=\"og:locale\" content=\"pt_BR\" \/>\n<meta property=\"og:type\" content=\"article\" \/>\n<meta property=\"og:title\" content=\"Princ\u00edpio de inc\u00eandio atinge Centro M\u00e9dico em Concei\u00e7\u00e3o do Coit\u00e9; ningu\u00e9m ficou ferido - Portal raizes noticias\" \/>\n<meta property=\"og:description\" content=\"Um princ\u00edpio de inc\u00eandio atingiu o Centro M\u00e9dico Ant\u00f4nio Nunes Gordiano Filho (Climecc), na rua Castro Alves em Concei\u00e7\u00e3o do Coit\u00e9, por volta das 12h30 deste domingo (01). Publicidade Segundo informa\u00e7\u00f5es do coordenador da equipe \u00c1guia Resgate, Gildo Carneiro, os socorristas foram acionados pelos profissionais da unidade, informando que um ar-condicionado estaria pegando fogo da sala de tomografia. Publicidade &#8220;Deslocamos rapidamente com os socorristas, extintores e mangueira de inc\u00eandio de modo a conter o fogo e n\u00e3o ocasionar uma trag\u00e9dia&#8221;, disse Gildo. Ap\u00f3s apagar as chamas, a Coelba realizou o desligamento da rede el\u00e9trica, o qual a ocorr\u00eancia n\u00e3o resultou em nenhum ferido. Vale ressaltar que a Climecc \u00e9 um centro m\u00e9dico que atende crian\u00e7as e adolescentes de toda regi\u00e3o sisaleira e possivelmente havia pacientes internados no local. &#8220;Gra\u00e7as a Deus tudo terminou bem!&#8221;, afirma Gildo. Publicidade A jornalista Rafaela Rodrigues entrou em contato com a Climecc para obter informa\u00e7\u00f5es sobre a manuten\u00e7\u00e3o dos equipamentos, mas, uma fonte que preferiu n\u00e3o se identificar disse que todos os protocolos s\u00e3o cumpridos, inclusive sendo solicitada uma per\u00edcia para apurar os fatos. Reda\u00e7\u00e3o\" \/>\n<meta property=\"og:url\" content=\"https:\/\/portalraizesnoticias.com.br\/?p=2590\" \/>\n<meta property=\"og:site_name\" content=\"Portal raizes noticias\" \/>\n<meta property=\"article:published_time\" content=\"2024-12-01T16:39:23+00:00\" \/>\n<meta property=\"article:modified_time\" content=\"2024-12-01T16:44:10+00:00\" \/>\n<meta property=\"og:image\" content=\"https:\/\/portalraizesnoticias.com.br\/wp-content\/uploads\/2024\/12\/IMG-20241201-WA0154.jpg\" \/>\n\t<meta property=\"og:image:width\" content=\"1200\" \/>\n\t<meta property=\"og:image:height\" content=\"1600\" \/>\n\t<meta property=\"og:image:type\" content=\"image\/jpeg\" \/>\n<meta name=\"author\" content=\"Portal Raizes\" \/>\n<meta name=\"twitter:card\" content=\"summary_large_image\" \/>\n<meta name=\"twitter:label1\" content=\"Escrito por\" \/>\n\t<meta name=\"twitter:data1\" content=\"Portal Raizes\" \/>\n\t<meta name=\"twitter:label2\" content=\"Est. tempo de leitura\" \/>\n\t<meta name=\"twitter:data2\" content=\"2 minutos\" \/>\n<script type=\"application\/ld+json\" class=\"yoast-schema-graph\">{\"@context\":\"https:\/\/schema.org\",\"@graph\":[{\"@type\":\"Article\",\"@id\":\"https:\/\/portalraizesnoticias.com.br\/?p=2590#article\",\"isPartOf\":{\"@id\":\"https:\/\/portalraizesnoticias.com.br\/?p=2590\"},\"author\":{\"name\":\"Portal Raizes\",\"@id\":\"https:\/\/portalraizesnoticias.com.br\/#\/schema\/person\/a3ca6b0fc701e78df19756c417d943ae\"},\"headline\":\"Princ\u00edpio de inc\u00eandio atinge Centro M\u00e9dico em Concei\u00e7\u00e3o do Coit\u00e9; ningu\u00e9m ficou ferido\",\"datePublished\":\"2024-12-01T16:39:23+00:00\",\"dateModified\":\"2024-12-01T16:44:10+00:00\",\"mainEntityOfPage\":{\"@id\":\"https:\/\/portalraizesnoticias.com.br\/?p=2590\"},\"wordCount\":219,\"commentCount\":0,\"publisher\":{\"@id\":\"https:\/\/portalraizesnoticias.com.br\/#organization\"},\"image\":{\"@id\":\"https:\/\/portalraizesnoticias.com.br\/?p=2590#primaryimage\"},\"thumbnailUrl\":\"https:\/\/portalraizesnoticias.com.br\/wp-content\/uploads\/2024\/12\/IMG-20241201-WA0154.jpg\",\"keywords\":[\"Climecc\",\"Incendio\",\"Princ\u00edpio\"],\"articleSection\":[\"ACIDENTES\",\"DESTAQUES\",\"ULTIMAS NOTICIAS\"],\"inLanguage\":\"pt-BR\",\"potentialAction\":[{\"@type\":\"CommentAction\",\"name\":\"Comment\",\"target\":[\"https:\/\/portalraizesnoticias.com.br\/?p=2590#respond\"]}]},{\"@type\":\"WebPage\",\"@id\":\"https:\/\/portalraizesnoticias.com.br\/?p=2590\",\"url\":\"https:\/\/portalraizesnoticias.com.br\/?p=2590\",\"name\":\"Princ\u00edpio de inc\u00eandio atinge Centro M\u00e9dico em Concei\u00e7\u00e3o do Coit\u00e9; ningu\u00e9m ficou ferido - Portal raizes noticias\",\"isPartOf\":{\"@id\":\"https:\/\/portalraizesnoticias.com.br\/#website\"},\"primaryImageOfPage\":{\"@id\":\"https:\/\/portalraizesnoticias.com.br\/?p=2590#primaryimage\"},\"image\":{\"@id\":\"https:\/\/portalraizesnoticias.com.br\/?p=2590#primaryimage\"},\"thumbnailUrl\":\"https:\/\/portalraizesnoticias.com.br\/wp-content\/uploads\/2024\/12\/IMG-20241201-WA0154.jpg\",\"datePublished\":\"2024-12-01T16:39:23+00:00\",\"dateModified\":\"2024-12-01T16:44:10+00:00\",\"breadcrumb\":{\"@id\":\"https:\/\/portalraizesnoticias.com.br\/?p=2590#breadcrumb\"},\"inLanguage\":\"pt-BR\",\"potentialAction\":[{\"@type\":\"ReadAction\",\"target\":[\"https:\/\/portalraizesnoticias.com.br\/?p=2590\"]}]},{\"@type\":\"ImageObject\",\"inLanguage\":\"pt-BR\",\"@id\":\"https:\/\/portalraizesnoticias.com.br\/?p=2590#primaryimage\",\"url\":\"https:\/\/portalraizesnoticias.com.br\/wp-content\/uploads\/2024\/12\/IMG-20241201-WA0154.jpg\",\"contentUrl\":\"https:\/\/portalraizesnoticias.com.br\/wp-content\/uploads\/2024\/12\/IMG-20241201-WA0154.jpg\",\"width\":1200,\"height\":1600},{\"@type\":\"BreadcrumbList\",\"@id\":\"https:\/\/portalraizesnoticias.com.br\/?p=2590#breadcrumb\",\"itemListElement\":[{\"@type\":\"ListItem\",\"position\":1,\"name\":\"In\u00edcio\",\"item\":\"https:\/\/portalraizesnoticias.com.br\/\"},{\"@type\":\"ListItem\",\"position\":2,\"name\":\"Princ\u00edpio de inc\u00eandio atinge Centro M\u00e9dico em Concei\u00e7\u00e3o do Coit\u00e9; ningu\u00e9m ficou ferido\"}]},{\"@type\":\"WebSite\",\"@id\":\"https:\/\/portalraizesnoticias.com.br\/#website\",\"url\":\"https:\/\/portalraizesnoticias.com.br\/\",\"name\":\"Portal raizes NOTICIAS\",\"description\":\"site de noticias de concei\u00e7\u00e3o do coit\u00e9 e regi\u00e3o\",\"publisher\":{\"@id\":\"https:\/\/portalraizesnoticias.com.br\/#organization\"},\"alternateName\":\"PORTAL RAIZES COIT\u00c9\",\"potentialAction\":[{\"@type\":\"SearchAction\",\"target\":{\"@type\":\"EntryPoint\",\"urlTemplate\":\"https:\/\/portalraizesnoticias.com.br\/?s={search_term_string}\"},\"query-input\":{\"@type\":\"PropertyValueSpecification\",\"valueRequired\":true,\"valueName\":\"search_term_string\"}}],\"inLanguage\":\"pt-BR\"},{\"@type\":\"Organization\",\"@id\":\"https:\/\/portalraizesnoticias.com.br\/#organization\",\"name\":\"Portal raizes NOTICIAS\",\"url\":\"https:\/\/portalraizesnoticias.com.br\/\",\"logo\":{\"@type\":\"ImageObject\",\"inLanguage\":\"pt-BR\",\"@id\":\"https:\/\/portalraizesnoticias.com.br\/#\/schema\/logo\/image\/\",\"url\":\"https:\/\/portalraizesnoticias.com.br\/wp-content\/uploads\/2024\/09\/cropped-Captura-de-tela-2024-09-08-011108.png\",\"contentUrl\":\"https:\/\/portalraizesnoticias.com.br\/wp-content\/uploads\/2024\/09\/cropped-Captura-de-tela-2024-09-08-011108.png\",\"width\":606,\"height\":173,\"caption\":\"Portal raizes NOTICIAS\"},\"image\":{\"@id\":\"https:\/\/portalraizesnoticias.com.br\/#\/schema\/logo\/image\/\"}},{\"@type\":\"Person\",\"@id\":\"https:\/\/portalraizesnoticias.com.br\/#\/schema\/person\/a3ca6b0fc701e78df19756c417d943ae\",\"name\":\"Portal Raizes\",\"image\":{\"@type\":\"ImageObject\",\"inLanguage\":\"pt-BR\",\"@id\":\"https:\/\/portalraizesnoticias.com.br\/#\/schema\/person\/image\/\",\"url\":\"https:\/\/secure.gravatar.com\/avatar\/ef450d29013a3d3fba867a12a249d7b1?s=96&d=mm&r=g\",\"contentUrl\":\"https:\/\/secure.gravatar.com\/avatar\/ef450d29013a3d3fba867a12a249d7b1?s=96&d=mm&r=g\",\"caption\":\"Portal Raizes\"},\"url\":\"https:\/\/portalraizesnoticias.com.br\/?author=3\"}]}<\/script>\n<!-- \/ Yoast SEO plugin. -->","yoast_head_json":{"title":"Princ\u00edpio de inc\u00eandio atinge Centro M\u00e9dico em Concei\u00e7\u00e3o do Coit\u00e9; ningu\u00e9m ficou ferido - Portal raizes noticias","robots":{"index":"index","follow":"follow","max-snippet":"max-snippet:-1","max-image-preview":"max-image-preview:large","max-video-preview":"max-video-preview:-1"},"canonical":"https:\/\/portalraizesnoticias.com.br\/?p=2590","og_locale":"pt_BR","og_type":"article","og_title":"Princ\u00edpio de inc\u00eandio atinge Centro M\u00e9dico em Concei\u00e7\u00e3o do Coit\u00e9; ningu\u00e9m ficou ferido - Portal raizes noticias","og_description":"Um princ\u00edpio de inc\u00eandio atingiu o Centro M\u00e9dico Ant\u00f4nio Nunes Gordiano Filho (Climecc), na rua Castro Alves em Concei\u00e7\u00e3o do Coit\u00e9, por volta das 12h30 deste domingo (01). Publicidade Segundo informa\u00e7\u00f5es do coordenador da equipe \u00c1guia Resgate, Gildo Carneiro, os socorristas foram acionados pelos profissionais da unidade, informando que um ar-condicionado estaria pegando fogo da sala de tomografia. Publicidade &#8220;Deslocamos rapidamente com os socorristas, extintores e mangueira de inc\u00eandio de modo a conter o fogo e n\u00e3o ocasionar uma trag\u00e9dia&#8221;, disse Gildo. Ap\u00f3s apagar as chamas, a Coelba realizou o desligamento da rede el\u00e9trica, o qual a ocorr\u00eancia n\u00e3o resultou em nenhum ferido. Vale ressaltar que a Climecc \u00e9 um centro m\u00e9dico que atende crian\u00e7as e adolescentes de toda regi\u00e3o sisaleira e possivelmente havia pacientes internados no local. &#8220;Gra\u00e7as a Deus tudo terminou bem!&#8221;, afirma Gildo. Publicidade A jornalista Rafaela Rodrigues entrou em contato com a Climecc para obter informa\u00e7\u00f5es sobre a manuten\u00e7\u00e3o dos equipamentos, mas, uma fonte que preferiu n\u00e3o se identificar disse que todos os protocolos s\u00e3o cumpridos, inclusive sendo solicitada uma per\u00edcia para apurar os fatos. Reda\u00e7\u00e3o","og_url":"https:\/\/portalraizesnoticias.com.br\/?p=2590","og_site_name":"Portal raizes noticias","article_published_time":"2024-12-01T16:39:23+00:00","article_modified_time":"2024-12-01T16:44:10+00:00","og_image":[{"width":1200,"height":1600,"url":"https:\/\/portalraizesnoticias.com.br\/wp-content\/uploads\/2024\/12\/IMG-20241201-WA0154.jpg","type":"image\/jpeg"}],"author":"Portal Raizes","twitter_card":"summary_large_image","twitter_misc":{"Escrito por":"Portal Raizes","Est. tempo de leitura":"2 minutos"},"schema":{"@context":"https:\/\/schema.org","@graph":[{"@type":"Article","@id":"https:\/\/portalraizesnoticias.com.br\/?p=2590#article","isPartOf":{"@id":"https:\/\/portalraizesnoticias.com.br\/?p=2590"},"author":{"name":"Portal Raizes","@id":"https:\/\/portalraizesnoticias.com.br\/#\/schema\/person\/a3ca6b0fc701e78df19756c417d943ae"},"headline":"Princ\u00edpio de inc\u00eandio atinge Centro M\u00e9dico em Concei\u00e7\u00e3o do Coit\u00e9; ningu\u00e9m ficou ferido","datePublished":"2024-12-01T16:39:23+00:00","dateModified":"2024-12-01T16:44:10+00:00","mainEntityOfPage":{"@id":"https:\/\/portalraizesnoticias.com.br\/?p=2590"},"wordCount":219,"commentCount":0,"publisher":{"@id":"https:\/\/portalraizesnoticias.com.br\/#organization"},"image":{"@id":"https:\/\/portalraizesnoticias.com.br\/?p=2590#primaryimage"},"thumbnailUrl":"https:\/\/portalraizesnoticias.com.br\/wp-content\/uploads\/2024\/12\/IMG-20241201-WA0154.jpg","keywords":["Climecc","Incendio","Princ\u00edpio"],"articleSection":["ACIDENTES","DESTAQUES","ULTIMAS NOTICIAS"],"inLanguage":"pt-BR","potentialAction":[{"@type":"CommentAction","name":"Comment","target":["https:\/\/portalraizesnoticias.com.br\/?p=2590#respond"]}]},{"@type":"WebPage","@id":"https:\/\/portalraizesnoticias.com.br\/?p=2590","url":"https:\/\/portalraizesnoticias.com.br\/?p=2590","name":"Princ\u00edpio de inc\u00eandio atinge Centro M\u00e9dico em Concei\u00e7\u00e3o do Coit\u00e9; ningu\u00e9m ficou ferido - Portal raizes noticias","isPartOf":{"@id":"https:\/\/portalraizesnoticias.com.br\/#website"},"primaryImageOfPage":{"@id":"https:\/\/portalraizesnoticias.com.br\/?p=2590#primaryimage"},"image":{"@id":"https:\/\/portalraizesnoticias.com.br\/?p=2590#primaryimage"},"thumbnailUrl":"https:\/\/portalraizesnoticias.com.br\/wp-content\/uploads\/2024\/12\/IMG-20241201-WA0154.jpg","datePublished":"2024-12-01T16:39:23+00:00","dateModified":"2024-12-01T16:44:10+00:00","breadcrumb":{"@id":"https:\/\/portalraizesnoticias.com.br\/?p=2590#breadcrumb"},"inLanguage":"pt-BR","potentialAction":[{"@type":"ReadAction","target":["https:\/\/portalraizesnoticias.com.br\/?p=2590"]}]},{"@type":"ImageObject","inLanguage":"pt-BR","@id":"https:\/\/portalraizesnoticias.com.br\/?p=2590#primaryimage","url":"https:\/\/portalraizesnoticias.com.br\/wp-content\/uploads\/2024\/12\/IMG-20241201-WA0154.jpg","contentUrl":"https:\/\/portalraizesnoticias.com.br\/wp-content\/uploads\/2024\/12\/IMG-20241201-WA0154.jpg","width":1200,"height":1600},{"@type":"BreadcrumbList","@id":"https:\/\/portalraizesnoticias.com.br\/?p=2590#breadcrumb","itemListElement":[{"@type":"ListItem","position":1,"name":"In\u00edcio","item":"https:\/\/portalraizesnoticias.com.br\/"},{"@type":"ListItem","position":2,"name":"Princ\u00edpio de inc\u00eandio atinge Centro M\u00e9dico em Concei\u00e7\u00e3o do Coit\u00e9; ningu\u00e9m ficou ferido"}]},{"@type":"WebSite","@id":"https:\/\/portalraizesnoticias.com.br\/#website","url":"https:\/\/portalraizesnoticias.com.br\/","name":"Portal raizes NOTICIAS","description":"site de noticias de concei\u00e7\u00e3o do coit\u00e9 e regi\u00e3o","publisher":{"@id":"https:\/\/portalraizesnoticias.com.br\/#organization"},"alternateName":"PORTAL RAIZES COIT\u00c9","potentialAction":[{"@type":"SearchAction","target":{"@type":"EntryPoint","urlTemplate":"https:\/\/portalraizesnoticias.com.br\/?s={search_term_string}"},"query-input":{"@type":"PropertyValueSpecification","valueRequired":true,"valueName":"search_term_string"}}],"inLanguage":"pt-BR"},{"@type":"Organization","@id":"https:\/\/portalraizesnoticias.com.br\/#organization","name":"Portal raizes NOTICIAS","url":"https:\/\/portalraizesnoticias.com.br\/","logo":{"@type":"ImageObject","inLanguage":"pt-BR","@id":"https:\/\/portalraizesnoticias.com.br\/#\/schema\/logo\/image\/","url":"https:\/\/portalraizesnoticias.com.br\/wp-content\/uploads\/2024\/09\/cropped-Captura-de-tela-2024-09-08-011108.png","contentUrl":"https:\/\/portalraizesnoticias.com.br\/wp-content\/uploads\/2024\/09\/cropped-Captura-de-tela-2024-09-08-011108.png","width":606,"height":173,"caption":"Portal raizes NOTICIAS"},"image":{"@id":"https:\/\/portalraizesnoticias.com.br\/#\/schema\/logo\/image\/"}},{"@type":"Person","@id":"https:\/\/portalraizesnoticias.com.br\/#\/schema\/person\/a3ca6b0fc701e78df19756c417d943ae","name":"Portal Raizes","image":{"@type":"ImageObject","inLanguage":"pt-BR","@id":"https:\/\/portalraizesnoticias.com.br\/#\/schema\/person\/image\/","url":"https:\/\/secure.gravatar.com\/avatar\/ef450d29013a3d3fba867a12a249d7b1?s=96&d=mm&r=g","contentUrl":"https:\/\/secure.gravatar.com\/avatar\/ef450d29013a3d3fba867a12a249d7b1?s=96&d=mm&r=g","caption":"Portal Raizes"},"url":"https:\/\/portalraizesnoticias.com.br\/?author=3"}]}},"_links":{"self":[{"href":"https:\/\/portalraizesnoticias.com.br\/index.php?rest_route=\/wp\/v2\/posts\/2590"}],"collection":[{"href":"https:\/\/portalraizesnoticias.com.br\/index.php?rest_route=\/wp\/v2\/posts"}],"about":[{"href":"https:\/\/portalraizesnoticias.com.br\/index.php?rest_route=\/wp\/v2\/types\/post"}],"author":[{"embeddable":true,"href":"https:\/\/portalraizesnoticias.com.br\/index.php?rest_route=\/wp\/v2\/users\/3"}],"replies":[{"embeddable":true,"href":"https:\/\/portalraizesnoticias.com.br\/index.php?rest_route=%2Fwp%2Fv2%2Fcomments&post=2590"}],"version-history":[{"count":4,"href":"https:\/\/portalraizesnoticias.com.br\/index.php?rest_route=\/wp\/v2\/posts\/2590\/revisions"}],"predecessor-version":[{"id":2596,"href":"https:\/\/portalraizesnoticias.com.br\/index.php?rest_route=\/wp\/v2\/posts\/2590\/revisions\/2596"}],"wp:featuredmedia":[{"embeddable":true,"href":"https:\/\/portalraizesnoticias.com.br\/index.php?rest_route=\/wp\/v2\/media\/2591"}],"wp:attachment":[{"href":"https:\/\/portalraizesnoticias.com.br\/index.php?rest_route=%2Fwp%2Fv2%2Fmedia&parent=2590"}],"wp:term":[{"taxonomy":"category","embeddable":true,"href":"https:\/\/portalraizesnoticias.com.br\/index.php?rest_route=%2Fwp%2Fv2%2Fcategories&post=2590"},{"taxonomy":"post_tag","embeddable":true,"href":"https:\/\/portalraizesnoticias.com.br\/index.php?rest_route=%2Fwp%2Fv2%2Ftags&post=2590"}],"curies":[{"name":"wp","href":"https:\/\/api.w.org\/{rel}","templated":true}]}}