{"id":2370,"date":"2024-11-22T16:02:15","date_gmt":"2024-11-22T16:02:15","guid":{"rendered":"https:\/\/portalraizesnoticias.com.br\/?p=2370"},"modified":"2024-11-22T16:02:29","modified_gmt":"2024-11-22T16:02:29","slug":"furto-de-cabos-de-telefonia-deixou-a-central-do-samu-de-serrinha-sem-comunicacao-por-quase-12-horas","status":"publish","type":"post","link":"https:\/\/portalraizesnoticias.com.br\/?p=2370","title":{"rendered":"Furto de cabos de telefonia deixou a Central do SAMU de Serrinha sem comunica\u00e7\u00e3o por quase 12 horas"},"content":{"rendered":"<p>O atendimento da central telef\u00f4nica do Samu, atrav\u00e9s do 192, ficou cerca de 12 horas fora do ar em Serrinha.<\/p>\n<p>Segundo a Assessoria de Comunica\u00e7\u00e3o da Prefeitura Municipal, a linha ficou sem funcionar devido ao furto de cabos da operadora de telefonia, ocorrido na madrugada desta quinta-feira (21).<\/p>\n<p>A interrup\u00e7\u00e3o no servi\u00e7o tamb\u00e9m afetou a comunica\u00e7\u00e3o e o atendimento \u00e0s emerg\u00eancias na regi\u00e3o. Enquanto isso, a recomenda\u00e7\u00e3o era, em caso de emerg\u00eancia, a popula\u00e7\u00e3o acionar a Central do Samu atrav\u00e9s do n\u00famero (75) 9 9958-0014.<\/p>\n<p>Em contato com o SAMU \u00e0s 21h35 de hoje pelo 192 e o atendimento j\u00e1 tinha sido normalizado desde \u00e0s 16h.<\/p>\n<p>Calila Not\u00edcias<\/p>\n","protected":false},"excerpt":{"rendered":"<p>O atendimento da central telef\u00f4nica do Samu, atrav\u00e9s do 192, ficou cerca de 12 horas fora do ar em Serrinha. Segundo a Assessoria de Comunica\u00e7\u00e3o da Prefeitura Municipal, a linha ficou sem funcionar devido ao furto de cabos da operadora de telefonia, ocorrido na madrugada desta quinta-feira (21). A interrup\u00e7\u00e3o no servi\u00e7o tamb\u00e9m afetou a comunica\u00e7\u00e3o e o atendimento \u00e0s emerg\u00eancias na regi\u00e3o. Enquanto isso, a recomenda\u00e7\u00e3o era, em caso de emerg\u00eancia, a popula\u00e7\u00e3o acionar a Central do Samu atrav\u00e9s do n\u00famero (75) 9 9958-0014. Em contato com o SAMU \u00e0s 21h35 de hoje pelo 192 e o atendimento j\u00e1 tinha sido normalizado desde \u00e0s 16h. Calila Not\u00edcias<\/p>\n","protected":false},"author":3,"featured_media":2371,"comment_status":"open","ping_status":"open","sticky":false,"template":"","format":"standard","meta":{"_joinchat":[],"footnotes":""},"categories":[55,67,56,86,59],"tags":[],"class_list":["post-2370","post","type-post","status-publish","format-standard","has-post-thumbnail","hentry","category-destaques","category-policia","category-regiao","category-saude","category-ultimas-noticias"],"yoast_head":"<!-- This site is optimized with the Yoast SEO plugin v24.4 - https:\/\/yoast.com\/wordpress\/plugins\/seo\/ -->\n<title>Furto de cabos de telefonia deixou a Central do SAMU de Serrinha sem comunica\u00e7\u00e3o por quase 12 horas - Portal raizes noticias<\/title>\n<meta name=\"robots\" content=\"index, follow, max-snippet:-1, max-image-preview:large, max-video-preview:-1\" \/>\n<link rel=\"canonical\" href=\"https:\/\/portalraizesnoticias.com.br\/?p=2370\" \/>\n<meta property=\"og:locale\" content=\"pt_BR\" \/>\n<meta property=\"og:type\" content=\"article\" \/>\n<meta property=\"og:title\" content=\"Furto de cabos de telefonia deixou a Central do SAMU de Serrinha sem comunica\u00e7\u00e3o por quase 12 horas - Portal raizes noticias\" \/>\n<meta property=\"og:description\" content=\"O atendimento da central telef\u00f4nica do Samu, atrav\u00e9s do 192, ficou cerca de 12 horas fora do ar em Serrinha. Segundo a Assessoria de Comunica\u00e7\u00e3o da Prefeitura Municipal, a linha ficou sem funcionar devido ao furto de cabos da operadora de telefonia, ocorrido na madrugada desta quinta-feira (21). A interrup\u00e7\u00e3o no servi\u00e7o tamb\u00e9m afetou a comunica\u00e7\u00e3o e o atendimento \u00e0s emerg\u00eancias na regi\u00e3o. Enquanto isso, a recomenda\u00e7\u00e3o era, em caso de emerg\u00eancia, a popula\u00e7\u00e3o acionar a Central do Samu atrav\u00e9s do n\u00famero (75) 9 9958-0014. Em contato com o SAMU \u00e0s 21h35 de hoje pelo 192 e o atendimento j\u00e1 tinha sido normalizado desde \u00e0s 16h. Calila Not\u00edcias\" \/>\n<meta property=\"og:url\" content=\"https:\/\/portalraizesnoticias.com.br\/?p=2370\" \/>\n<meta property=\"og:site_name\" content=\"Portal raizes noticias\" \/>\n<meta property=\"article:published_time\" content=\"2024-11-22T16:02:15+00:00\" \/>\n<meta property=\"article:modified_time\" content=\"2024-11-22T16:02:29+00:00\" \/>\n<meta property=\"og:image\" content=\"https:\/\/portalraizesnoticias.com.br\/wp-content\/uploads\/2024\/11\/WhatsApp-Image-2020-06-21-at-10.17.59-2-1024x682-1.webp\" \/>\n\t<meta property=\"og:image:width\" content=\"400\" \/>\n\t<meta property=\"og:image:height\" content=\"266\" \/>\n\t<meta property=\"og:image:type\" content=\"image\/webp\" \/>\n<meta name=\"author\" content=\"Portal Raizes\" \/>\n<meta name=\"twitter:card\" content=\"summary_large_image\" \/>\n<meta name=\"twitter:label1\" content=\"Escrito por\" \/>\n\t<meta name=\"twitter:data1\" content=\"Portal Raizes\" \/>\n\t<meta name=\"twitter:label2\" content=\"Est. tempo de leitura\" \/>\n\t<meta name=\"twitter:data2\" content=\"1 minuto\" \/>\n<script type=\"application\/ld+json\" class=\"yoast-schema-graph\">{\"@context\":\"https:\/\/schema.org\",\"@graph\":[{\"@type\":\"Article\",\"@id\":\"https:\/\/portalraizesnoticias.com.br\/?p=2370#article\",\"isPartOf\":{\"@id\":\"https:\/\/portalraizesnoticias.com.br\/?p=2370\"},\"author\":{\"name\":\"Portal Raizes\",\"@id\":\"https:\/\/portalraizesnoticias.com.br\/#\/schema\/person\/a3ca6b0fc701e78df19756c417d943ae\"},\"headline\":\"Furto de cabos de telefonia deixou a Central do SAMU de Serrinha sem comunica\u00e7\u00e3o por quase 12 horas\",\"datePublished\":\"2024-11-22T16:02:15+00:00\",\"dateModified\":\"2024-11-22T16:02:29+00:00\",\"mainEntityOfPage\":{\"@id\":\"https:\/\/portalraizesnoticias.com.br\/?p=2370\"},\"wordCount\":135,\"commentCount\":0,\"publisher\":{\"@id\":\"https:\/\/portalraizesnoticias.com.br\/#organization\"},\"image\":{\"@id\":\"https:\/\/portalraizesnoticias.com.br\/?p=2370#primaryimage\"},\"thumbnailUrl\":\"https:\/\/portalraizesnoticias.com.br\/wp-content\/uploads\/2024\/11\/WhatsApp-Image-2020-06-21-at-10.17.59-2-1024x682-1.webp\",\"articleSection\":[\"DESTAQUES\",\"POLICIA\",\"REGI\u00c3O\",\"SA\u00daDE\",\"ULTIMAS NOTICIAS\"],\"inLanguage\":\"pt-BR\",\"potentialAction\":[{\"@type\":\"CommentAction\",\"name\":\"Comment\",\"target\":[\"https:\/\/portalraizesnoticias.com.br\/?p=2370#respond\"]}]},{\"@type\":\"WebPage\",\"@id\":\"https:\/\/portalraizesnoticias.com.br\/?p=2370\",\"url\":\"https:\/\/portalraizesnoticias.com.br\/?p=2370\",\"name\":\"Furto de cabos de telefonia deixou a Central do SAMU de Serrinha sem comunica\u00e7\u00e3o por quase 12 horas - Portal raizes noticias\",\"isPartOf\":{\"@id\":\"https:\/\/portalraizesnoticias.com.br\/#website\"},\"primaryImageOfPage\":{\"@id\":\"https:\/\/portalraizesnoticias.com.br\/?p=2370#primaryimage\"},\"image\":{\"@id\":\"https:\/\/portalraizesnoticias.com.br\/?p=2370#primaryimage\"},\"thumbnailUrl\":\"https:\/\/portalraizesnoticias.com.br\/wp-content\/uploads\/2024\/11\/WhatsApp-Image-2020-06-21-at-10.17.59-2-1024x682-1.webp\",\"datePublished\":\"2024-11-22T16:02:15+00:00\",\"dateModified\":\"2024-11-22T16:02:29+00:00\",\"breadcrumb\":{\"@id\":\"https:\/\/portalraizesnoticias.com.br\/?p=2370#breadcrumb\"},\"inLanguage\":\"pt-BR\",\"potentialAction\":[{\"@type\":\"ReadAction\",\"target\":[\"https:\/\/portalraizesnoticias.com.br\/?p=2370\"]}]},{\"@type\":\"ImageObject\",\"inLanguage\":\"pt-BR\",\"@id\":\"https:\/\/portalraizesnoticias.com.br\/?p=2370#primaryimage\",\"url\":\"https:\/\/portalraizesnoticias.com.br\/wp-content\/uploads\/2024\/11\/WhatsApp-Image-2020-06-21-at-10.17.59-2-1024x682-1.webp\",\"contentUrl\":\"https:\/\/portalraizesnoticias.com.br\/wp-content\/uploads\/2024\/11\/WhatsApp-Image-2020-06-21-at-10.17.59-2-1024x682-1.webp\",\"width\":400,\"height\":266},{\"@type\":\"BreadcrumbList\",\"@id\":\"https:\/\/portalraizesnoticias.com.br\/?p=2370#breadcrumb\",\"itemListElement\":[{\"@type\":\"ListItem\",\"position\":1,\"name\":\"In\u00edcio\",\"item\":\"https:\/\/portalraizesnoticias.com.br\/\"},{\"@type\":\"ListItem\",\"position\":2,\"name\":\"Furto de cabos de telefonia deixou a Central do SAMU de Serrinha sem comunica\u00e7\u00e3o por quase 12 horas\"}]},{\"@type\":\"WebSite\",\"@id\":\"https:\/\/portalraizesnoticias.com.br\/#website\",\"url\":\"https:\/\/portalraizesnoticias.com.br\/\",\"name\":\"Portal raizes NOTICIAS\",\"description\":\"site de noticias de concei\u00e7\u00e3o do coit\u00e9 e regi\u00e3o\",\"publisher\":{\"@id\":\"https:\/\/portalraizesnoticias.com.br\/#organization\"},\"alternateName\":\"PORTAL RAIZES COIT\u00c9\",\"potentialAction\":[{\"@type\":\"SearchAction\",\"target\":{\"@type\":\"EntryPoint\",\"urlTemplate\":\"https:\/\/portalraizesnoticias.com.br\/?s={search_term_string}\"},\"query-input\":{\"@type\":\"PropertyValueSpecification\",\"valueRequired\":true,\"valueName\":\"search_term_string\"}}],\"inLanguage\":\"pt-BR\"},{\"@type\":\"Organization\",\"@id\":\"https:\/\/portalraizesnoticias.com.br\/#organization\",\"name\":\"Portal raizes NOTICIAS\",\"url\":\"https:\/\/portalraizesnoticias.com.br\/\",\"logo\":{\"@type\":\"ImageObject\",\"inLanguage\":\"pt-BR\",\"@id\":\"https:\/\/portalraizesnoticias.com.br\/#\/schema\/logo\/image\/\",\"url\":\"https:\/\/portalraizesnoticias.com.br\/wp-content\/uploads\/2024\/09\/cropped-Captura-de-tela-2024-09-08-011108.png\",\"contentUrl\":\"https:\/\/portalraizesnoticias.com.br\/wp-content\/uploads\/2024\/09\/cropped-Captura-de-tela-2024-09-08-011108.png\",\"width\":606,\"height\":173,\"caption\":\"Portal raizes NOTICIAS\"},\"image\":{\"@id\":\"https:\/\/portalraizesnoticias.com.br\/#\/schema\/logo\/image\/\"}},{\"@type\":\"Person\",\"@id\":\"https:\/\/portalraizesnoticias.com.br\/#\/schema\/person\/a3ca6b0fc701e78df19756c417d943ae\",\"name\":\"Portal Raizes\",\"image\":{\"@type\":\"ImageObject\",\"inLanguage\":\"pt-BR\",\"@id\":\"https:\/\/portalraizesnoticias.com.br\/#\/schema\/person\/image\/\",\"url\":\"https:\/\/secure.gravatar.com\/avatar\/ef450d29013a3d3fba867a12a249d7b1?s=96&d=mm&r=g\",\"contentUrl\":\"https:\/\/secure.gravatar.com\/avatar\/ef450d29013a3d3fba867a12a249d7b1?s=96&d=mm&r=g\",\"caption\":\"Portal Raizes\"},\"url\":\"https:\/\/portalraizesnoticias.com.br\/?author=3\"}]}<\/script>\n<!-- \/ Yoast SEO plugin. -->","yoast_head_json":{"title":"Furto de cabos de telefonia deixou a Central do SAMU de Serrinha sem comunica\u00e7\u00e3o por quase 12 horas - Portal raizes noticias","robots":{"index":"index","follow":"follow","max-snippet":"max-snippet:-1","max-image-preview":"max-image-preview:large","max-video-preview":"max-video-preview:-1"},"canonical":"https:\/\/portalraizesnoticias.com.br\/?p=2370","og_locale":"pt_BR","og_type":"article","og_title":"Furto de cabos de telefonia deixou a Central do SAMU de Serrinha sem comunica\u00e7\u00e3o por quase 12 horas - Portal raizes noticias","og_description":"O atendimento da central telef\u00f4nica do Samu, atrav\u00e9s do 192, ficou cerca de 12 horas fora do ar em Serrinha. Segundo a Assessoria de Comunica\u00e7\u00e3o da Prefeitura Municipal, a linha ficou sem funcionar devido ao furto de cabos da operadora de telefonia, ocorrido na madrugada desta quinta-feira (21). A interrup\u00e7\u00e3o no servi\u00e7o tamb\u00e9m afetou a comunica\u00e7\u00e3o e o atendimento \u00e0s emerg\u00eancias na regi\u00e3o. Enquanto isso, a recomenda\u00e7\u00e3o era, em caso de emerg\u00eancia, a popula\u00e7\u00e3o acionar a Central do Samu atrav\u00e9s do n\u00famero (75) 9 9958-0014. Em contato com o SAMU \u00e0s 21h35 de hoje pelo 192 e o atendimento j\u00e1 tinha sido normalizado desde \u00e0s 16h. Calila Not\u00edcias","og_url":"https:\/\/portalraizesnoticias.com.br\/?p=2370","og_site_name":"Portal raizes noticias","article_published_time":"2024-11-22T16:02:15+00:00","article_modified_time":"2024-11-22T16:02:29+00:00","og_image":[{"width":400,"height":266,"url":"https:\/\/portalraizesnoticias.com.br\/wp-content\/uploads\/2024\/11\/WhatsApp-Image-2020-06-21-at-10.17.59-2-1024x682-1.webp","type":"image\/webp"}],"author":"Portal Raizes","twitter_card":"summary_large_image","twitter_misc":{"Escrito por":"Portal Raizes","Est. tempo de leitura":"1 minuto"},"schema":{"@context":"https:\/\/schema.org","@graph":[{"@type":"Article","@id":"https:\/\/portalraizesnoticias.com.br\/?p=2370#article","isPartOf":{"@id":"https:\/\/portalraizesnoticias.com.br\/?p=2370"},"author":{"name":"Portal Raizes","@id":"https:\/\/portalraizesnoticias.com.br\/#\/schema\/person\/a3ca6b0fc701e78df19756c417d943ae"},"headline":"Furto de cabos de telefonia deixou a Central do SAMU de Serrinha sem comunica\u00e7\u00e3o por quase 12 horas","datePublished":"2024-11-22T16:02:15+00:00","dateModified":"2024-11-22T16:02:29+00:00","mainEntityOfPage":{"@id":"https:\/\/portalraizesnoticias.com.br\/?p=2370"},"wordCount":135,"commentCount":0,"publisher":{"@id":"https:\/\/portalraizesnoticias.com.br\/#organization"},"image":{"@id":"https:\/\/portalraizesnoticias.com.br\/?p=2370#primaryimage"},"thumbnailUrl":"https:\/\/portalraizesnoticias.com.br\/wp-content\/uploads\/2024\/11\/WhatsApp-Image-2020-06-21-at-10.17.59-2-1024x682-1.webp","articleSection":["DESTAQUES","POLICIA","REGI\u00c3O","SA\u00daDE","ULTIMAS NOTICIAS"],"inLanguage":"pt-BR","potentialAction":[{"@type":"CommentAction","name":"Comment","target":["https:\/\/portalraizesnoticias.com.br\/?p=2370#respond"]}]},{"@type":"WebPage","@id":"https:\/\/portalraizesnoticias.com.br\/?p=2370","url":"https:\/\/portalraizesnoticias.com.br\/?p=2370","name":"Furto de cabos de telefonia deixou a Central do SAMU de Serrinha sem comunica\u00e7\u00e3o por quase 12 horas - Portal raizes noticias","isPartOf":{"@id":"https:\/\/portalraizesnoticias.com.br\/#website"},"primaryImageOfPage":{"@id":"https:\/\/portalraizesnoticias.com.br\/?p=2370#primaryimage"},"image":{"@id":"https:\/\/portalraizesnoticias.com.br\/?p=2370#primaryimage"},"thumbnailUrl":"https:\/\/portalraizesnoticias.com.br\/wp-content\/uploads\/2024\/11\/WhatsApp-Image-2020-06-21-at-10.17.59-2-1024x682-1.webp","datePublished":"2024-11-22T16:02:15+00:00","dateModified":"2024-11-22T16:02:29+00:00","breadcrumb":{"@id":"https:\/\/portalraizesnoticias.com.br\/?p=2370#breadcrumb"},"inLanguage":"pt-BR","potentialAction":[{"@type":"ReadAction","target":["https:\/\/portalraizesnoticias.com.br\/?p=2370"]}]},{"@type":"ImageObject","inLanguage":"pt-BR","@id":"https:\/\/portalraizesnoticias.com.br\/?p=2370#primaryimage","url":"https:\/\/portalraizesnoticias.com.br\/wp-content\/uploads\/2024\/11\/WhatsApp-Image-2020-06-21-at-10.17.59-2-1024x682-1.webp","contentUrl":"https:\/\/portalraizesnoticias.com.br\/wp-content\/uploads\/2024\/11\/WhatsApp-Image-2020-06-21-at-10.17.59-2-1024x682-1.webp","width":400,"height":266},{"@type":"BreadcrumbList","@id":"https:\/\/portalraizesnoticias.com.br\/?p=2370#breadcrumb","itemListElement":[{"@type":"ListItem","position":1,"name":"In\u00edcio","item":"https:\/\/portalraizesnoticias.com.br\/"},{"@type":"ListItem","position":2,"name":"Furto de cabos de telefonia deixou a Central do SAMU de Serrinha sem comunica\u00e7\u00e3o por quase 12 horas"}]},{"@type":"WebSite","@id":"https:\/\/portalraizesnoticias.com.br\/#website","url":"https:\/\/portalraizesnoticias.com.br\/","name":"Portal raizes NOTICIAS","description":"site de noticias de concei\u00e7\u00e3o do coit\u00e9 e regi\u00e3o","publisher":{"@id":"https:\/\/portalraizesnoticias.com.br\/#organization"},"alternateName":"PORTAL RAIZES COIT\u00c9","potentialAction":[{"@type":"SearchAction","target":{"@type":"EntryPoint","urlTemplate":"https:\/\/portalraizesnoticias.com.br\/?s={search_term_string}"},"query-input":{"@type":"PropertyValueSpecification","valueRequired":true,"valueName":"search_term_string"}}],"inLanguage":"pt-BR"},{"@type":"Organization","@id":"https:\/\/portalraizesnoticias.com.br\/#organization","name":"Portal raizes NOTICIAS","url":"https:\/\/portalraizesnoticias.com.br\/","logo":{"@type":"ImageObject","inLanguage":"pt-BR","@id":"https:\/\/portalraizesnoticias.com.br\/#\/schema\/logo\/image\/","url":"https:\/\/portalraizesnoticias.com.br\/wp-content\/uploads\/2024\/09\/cropped-Captura-de-tela-2024-09-08-011108.png","contentUrl":"https:\/\/portalraizesnoticias.com.br\/wp-content\/uploads\/2024\/09\/cropped-Captura-de-tela-2024-09-08-011108.png","width":606,"height":173,"caption":"Portal raizes NOTICIAS"},"image":{"@id":"https:\/\/portalraizesnoticias.com.br\/#\/schema\/logo\/image\/"}},{"@type":"Person","@id":"https:\/\/portalraizesnoticias.com.br\/#\/schema\/person\/a3ca6b0fc701e78df19756c417d943ae","name":"Portal Raizes","image":{"@type":"ImageObject","inLanguage":"pt-BR","@id":"https:\/\/portalraizesnoticias.com.br\/#\/schema\/person\/image\/","url":"https:\/\/secure.gravatar.com\/avatar\/ef450d29013a3d3fba867a12a249d7b1?s=96&d=mm&r=g","contentUrl":"https:\/\/secure.gravatar.com\/avatar\/ef450d29013a3d3fba867a12a249d7b1?s=96&d=mm&r=g","caption":"Portal Raizes"},"url":"https:\/\/portalraizesnoticias.com.br\/?author=3"}]}},"_links":{"self":[{"href":"https:\/\/portalraizesnoticias.com.br\/index.php?rest_route=\/wp\/v2\/posts\/2370"}],"collection":[{"href":"https:\/\/portalraizesnoticias.com.br\/index.php?rest_route=\/wp\/v2\/posts"}],"about":[{"href":"https:\/\/portalraizesnoticias.com.br\/index.php?rest_route=\/wp\/v2\/types\/post"}],"author":[{"embeddable":true,"href":"https:\/\/portalraizesnoticias.com.br\/index.php?rest_route=\/wp\/v2\/users\/3"}],"replies":[{"embeddable":true,"href":"https:\/\/portalraizesnoticias.com.br\/index.php?rest_route=%2Fwp%2Fv2%2Fcomments&post=2370"}],"version-history":[{"count":2,"href":"https:\/\/portalraizesnoticias.com.br\/index.php?rest_route=\/wp\/v2\/posts\/2370\/revisions"}],"predecessor-version":[{"id":2374,"href":"https:\/\/portalraizesnoticias.com.br\/index.php?rest_route=\/wp\/v2\/posts\/2370\/revisions\/2374"}],"wp:featuredmedia":[{"embeddable":true,"href":"https:\/\/portalraizesnoticias.com.br\/index.php?rest_route=\/wp\/v2\/media\/2371"}],"wp:attachment":[{"href":"https:\/\/portalraizesnoticias.com.br\/index.php?rest_route=%2Fwp%2Fv2%2Fmedia&parent=2370"}],"wp:term":[{"taxonomy":"category","embeddable":true,"href":"https:\/\/portalraizesnoticias.com.br\/index.php?rest_route=%2Fwp%2Fv2%2Fcategories&post=2370"},{"taxonomy":"post_tag","embeddable":true,"href":"https:\/\/portalraizesnoticias.com.br\/index.php?rest_route=%2Fwp%2Fv2%2Ftags&post=2370"}],"curies":[{"name":"wp","href":"https:\/\/api.w.org\/{rel}","templated":true}]}}