{"id":2354,"date":"2024-11-21T20:08:16","date_gmt":"2024-11-21T20:08:16","guid":{"rendered":"https:\/\/portalraizesnoticias.com.br\/?p=2354"},"modified":"2024-11-22T00:55:02","modified_gmt":"2024-11-22T00:55:02","slug":"bolsonaro-preso-pf-indicia-ex-presidente-e-militares-por-plano-de-golpe","status":"publish","type":"post","link":"https:\/\/portalraizesnoticias.com.br\/?p=2354","title":{"rendered":"Bolsonaro preso? PF indicia ex-presidente e militares por plano de golpe"},"content":{"rendered":"<p>A\u00a0Pol\u00edcia Federal indiciou, nesta quinta-feira (21), o ex-presidente Jair Bolsonaro e outros 36 integrantes de seu governo na investiga\u00e7\u00e3o sobre o plano de golpe de estado no Brasil ap\u00f3s a vit\u00f3ria de Lula (PT) nas elei\u00e7\u00f5es presidenciais de 2022. Os indiciados s\u00e3o acusados dos crimes de aboli\u00e7\u00e3o violenta do Estado democr\u00e1tico de Direito, golpe de Estado e organiza\u00e7\u00e3o criminosa.<\/p>\n<p>O inqu\u00e9rito abrange o envolvimento nos atos de 8 de janeiro, tramas golpistas durante as elei\u00e7\u00f5es presidenciais de 2022, assim como o plano para assassinar o ent\u00e3o presidente eleito Lula, o ent\u00e3o vice-presidente eleito Geraldo Alckmin e o ministro do STF Alexandre de Moraes.<\/p>\n<div id=\"dmh-h-par2\" class=\"jba filled\" data-google-query-id=\"COCVxomR7okDFZVMuAQdEbgCFw\">\n<p>Al\u00e9m de Bolsonaro, tamb\u00e9m entraram no inqu\u00e9rito ex-ministros do governo, como Anderson Torres (Justi\u00e7a), general Augusto Heleno (GSI), Braga Netto (Defesa); o ex-diretor da Ag\u00eancia Brasileira de Intelig\u00eancia (Abin) e deputado federal Alexandre Ramagem (PL-RJ); e o ex-assessor de Bolsonaro, Marcelo C\u00e2mara.<\/p>\n<p>O relat\u00f3rio final foi encaminhado ao Supremo Tribunal Federal (STF). Agora, cabe \u00e0 Procuradoria Geral da Rep\u00fablica (PGR) realizar a den\u00fancia dos indiciados. Caso a Corte aceite a den\u00fancia, eles se tornar\u00e3o r\u00e9us e devem ser julgados.<\/p>\n<p>As penas previstas para os crimes de golpe de estado variam entre 4 a 12 anos, j\u00e1 a aboli\u00e7\u00e3o violenta do Estado democr\u00e1tico de Direito, pode render de 4 a 8 anos, enquanto a forma\u00e7\u00e3o de organiza\u00e7\u00e3o criminosa tem puni\u00e7\u00e3o de 3 a 8 anos de pris\u00e3o.<\/p>\n<div id=\"dmh-h-par3\" class=\"jba filled\" data-google-query-id=\"CKSEyImR7okDFVhIuAQdAl4Fpg\">jornalmassa<\/div>\n<\/div>\n","protected":false},"excerpt":{"rendered":"<p>A\u00a0Pol\u00edcia Federal indiciou, nesta quinta-feira (21), o ex-presidente Jair Bolsonaro e outros 36 integrantes de seu governo na investiga\u00e7\u00e3o sobre o plano de golpe de estado no Brasil ap\u00f3s a vit\u00f3ria de Lula (PT) nas elei\u00e7\u00f5es presidenciais de 2022. Os indiciados s\u00e3o acusados dos crimes de aboli\u00e7\u00e3o violenta do Estado democr\u00e1tico de Direito, golpe de Estado e organiza\u00e7\u00e3o criminosa. O inqu\u00e9rito abrange o envolvimento nos atos de 8 de janeiro, tramas golpistas durante as elei\u00e7\u00f5es presidenciais de 2022, assim como o plano para assassinar o ent\u00e3o presidente eleito Lula, o ent\u00e3o vice-presidente eleito Geraldo Alckmin e o ministro do STF Alexandre de Moraes. Al\u00e9m de Bolsonaro, tamb\u00e9m entraram no inqu\u00e9rito ex-ministros do governo, como Anderson Torres (Justi\u00e7a), general Augusto Heleno (GSI), Braga Netto (Defesa); o ex-diretor da Ag\u00eancia Brasileira de Intelig\u00eancia (Abin) e deputado federal Alexandre Ramagem (PL-RJ); e o ex-assessor de Bolsonaro, Marcelo C\u00e2mara. O relat\u00f3rio final foi encaminhado ao Supremo Tribunal Federal (STF). Agora, cabe \u00e0 Procuradoria Geral da Rep\u00fablica (PGR) realizar a den\u00fancia dos indiciados. Caso a Corte aceite a den\u00fancia, eles se tornar\u00e3o r\u00e9us e devem ser julgados. As penas previstas para os crimes de golpe de estado variam entre 4 a 12 anos, j\u00e1 a aboli\u00e7\u00e3o violenta do Estado democr\u00e1tico de Direito, pode render de 4 a 8 anos, enquanto a forma\u00e7\u00e3o de organiza\u00e7\u00e3o criminosa tem puni\u00e7\u00e3o de 3 a 8 anos de pris\u00e3o. jornalmassa<\/p>\n","protected":false},"author":3,"featured_media":2355,"comment_status":"open","ping_status":"open","sticky":false,"template":"","format":"standard","meta":{"_joinchat":[],"footnotes":""},"categories":[53],"tags":[],"class_list":["post-2354","post","type-post","status-publish","format-standard","has-post-thumbnail","hentry","category-politica"],"yoast_head":"<!-- This site is optimized with the Yoast SEO plugin v24.4 - https:\/\/yoast.com\/wordpress\/plugins\/seo\/ -->\n<title>Bolsonaro preso? PF indicia ex-presidente e militares por plano de golpe - Portal raizes noticias<\/title>\n<meta name=\"robots\" content=\"index, follow, max-snippet:-1, max-image-preview:large, max-video-preview:-1\" \/>\n<link rel=\"canonical\" href=\"https:\/\/portalraizesnoticias.com.br\/?p=2354\" \/>\n<meta property=\"og:locale\" content=\"pt_BR\" \/>\n<meta property=\"og:type\" content=\"article\" \/>\n<meta property=\"og:title\" content=\"Bolsonaro preso? PF indicia ex-presidente e militares por plano de golpe - Portal raizes noticias\" \/>\n<meta property=\"og:description\" content=\"A\u00a0Pol\u00edcia Federal indiciou, nesta quinta-feira (21), o ex-presidente Jair Bolsonaro e outros 36 integrantes de seu governo na investiga\u00e7\u00e3o sobre o plano de golpe de estado no Brasil ap\u00f3s a vit\u00f3ria de Lula (PT) nas elei\u00e7\u00f5es presidenciais de 2022. Os indiciados s\u00e3o acusados dos crimes de aboli\u00e7\u00e3o violenta do Estado democr\u00e1tico de Direito, golpe de Estado e organiza\u00e7\u00e3o criminosa. O inqu\u00e9rito abrange o envolvimento nos atos de 8 de janeiro, tramas golpistas durante as elei\u00e7\u00f5es presidenciais de 2022, assim como o plano para assassinar o ent\u00e3o presidente eleito Lula, o ent\u00e3o vice-presidente eleito Geraldo Alckmin e o ministro do STF Alexandre de Moraes. Al\u00e9m de Bolsonaro, tamb\u00e9m entraram no inqu\u00e9rito ex-ministros do governo, como Anderson Torres (Justi\u00e7a), general Augusto Heleno (GSI), Braga Netto (Defesa); o ex-diretor da Ag\u00eancia Brasileira de Intelig\u00eancia (Abin) e deputado federal Alexandre Ramagem (PL-RJ); e o ex-assessor de Bolsonaro, Marcelo C\u00e2mara. O relat\u00f3rio final foi encaminhado ao Supremo Tribunal Federal (STF). Agora, cabe \u00e0 Procuradoria Geral da Rep\u00fablica (PGR) realizar a den\u00fancia dos indiciados. Caso a Corte aceite a den\u00fancia, eles se tornar\u00e3o r\u00e9us e devem ser julgados. As penas previstas para os crimes de golpe de estado variam entre 4 a 12 anos, j\u00e1 a aboli\u00e7\u00e3o violenta do Estado democr\u00e1tico de Direito, pode render de 4 a 8 anos, enquanto a forma\u00e7\u00e3o de organiza\u00e7\u00e3o criminosa tem puni\u00e7\u00e3o de 3 a 8 anos de pris\u00e3o. jornalmassa\" \/>\n<meta property=\"og:url\" content=\"https:\/\/portalraizesnoticias.com.br\/?p=2354\" \/>\n<meta property=\"og:site_name\" content=\"Portal raizes noticias\" \/>\n<meta property=\"article:published_time\" content=\"2024-11-21T20:08:16+00:00\" \/>\n<meta property=\"article:modified_time\" content=\"2024-11-22T00:55:02+00:00\" \/>\n<meta property=\"og:image\" content=\"https:\/\/portalraizesnoticias.com.br\/wp-content\/uploads\/2024\/11\/Bolsonaro-preso-PF-indicia-ex-presidente-e-militar0127485100202411211554-ScaleOutside-1.webp\" \/>\n\t<meta property=\"og:image:width\" content=\"900\" \/>\n\t<meta property=\"og:image:height\" content=\"500\" \/>\n\t<meta property=\"og:image:type\" content=\"image\/webp\" \/>\n<meta name=\"author\" content=\"Portal Raizes\" \/>\n<meta name=\"twitter:card\" content=\"summary_large_image\" \/>\n<meta name=\"twitter:label1\" content=\"Escrito por\" \/>\n\t<meta name=\"twitter:data1\" content=\"Portal Raizes\" \/>\n\t<meta name=\"twitter:label2\" content=\"Est. tempo de leitura\" \/>\n\t<meta name=\"twitter:data2\" content=\"2 minutos\" \/>\n<script type=\"application\/ld+json\" class=\"yoast-schema-graph\">{\"@context\":\"https:\/\/schema.org\",\"@graph\":[{\"@type\":\"Article\",\"@id\":\"https:\/\/portalraizesnoticias.com.br\/?p=2354#article\",\"isPartOf\":{\"@id\":\"https:\/\/portalraizesnoticias.com.br\/?p=2354\"},\"author\":{\"name\":\"Portal Raizes\",\"@id\":\"https:\/\/portalraizesnoticias.com.br\/#\/schema\/person\/a3ca6b0fc701e78df19756c417d943ae\"},\"headline\":\"Bolsonaro preso? PF indicia ex-presidente e militares por plano de golpe\",\"datePublished\":\"2024-11-21T20:08:16+00:00\",\"dateModified\":\"2024-11-22T00:55:02+00:00\",\"mainEntityOfPage\":{\"@id\":\"https:\/\/portalraizesnoticias.com.br\/?p=2354\"},\"wordCount\":262,\"commentCount\":0,\"publisher\":{\"@id\":\"https:\/\/portalraizesnoticias.com.br\/#organization\"},\"image\":{\"@id\":\"https:\/\/portalraizesnoticias.com.br\/?p=2354#primaryimage\"},\"thumbnailUrl\":\"https:\/\/portalraizesnoticias.com.br\/wp-content\/uploads\/2024\/11\/Bolsonaro-preso-PF-indicia-ex-presidente-e-militar0127485100202411211554-ScaleOutside-1.webp\",\"articleSection\":[\"POLITICA\"],\"inLanguage\":\"pt-BR\",\"potentialAction\":[{\"@type\":\"CommentAction\",\"name\":\"Comment\",\"target\":[\"https:\/\/portalraizesnoticias.com.br\/?p=2354#respond\"]}]},{\"@type\":\"WebPage\",\"@id\":\"https:\/\/portalraizesnoticias.com.br\/?p=2354\",\"url\":\"https:\/\/portalraizesnoticias.com.br\/?p=2354\",\"name\":\"Bolsonaro preso? PF indicia ex-presidente e militares por plano de golpe - Portal raizes noticias\",\"isPartOf\":{\"@id\":\"https:\/\/portalraizesnoticias.com.br\/#website\"},\"primaryImageOfPage\":{\"@id\":\"https:\/\/portalraizesnoticias.com.br\/?p=2354#primaryimage\"},\"image\":{\"@id\":\"https:\/\/portalraizesnoticias.com.br\/?p=2354#primaryimage\"},\"thumbnailUrl\":\"https:\/\/portalraizesnoticias.com.br\/wp-content\/uploads\/2024\/11\/Bolsonaro-preso-PF-indicia-ex-presidente-e-militar0127485100202411211554-ScaleOutside-1.webp\",\"datePublished\":\"2024-11-21T20:08:16+00:00\",\"dateModified\":\"2024-11-22T00:55:02+00:00\",\"breadcrumb\":{\"@id\":\"https:\/\/portalraizesnoticias.com.br\/?p=2354#breadcrumb\"},\"inLanguage\":\"pt-BR\",\"potentialAction\":[{\"@type\":\"ReadAction\",\"target\":[\"https:\/\/portalraizesnoticias.com.br\/?p=2354\"]}]},{\"@type\":\"ImageObject\",\"inLanguage\":\"pt-BR\",\"@id\":\"https:\/\/portalraizesnoticias.com.br\/?p=2354#primaryimage\",\"url\":\"https:\/\/portalraizesnoticias.com.br\/wp-content\/uploads\/2024\/11\/Bolsonaro-preso-PF-indicia-ex-presidente-e-militar0127485100202411211554-ScaleOutside-1.webp\",\"contentUrl\":\"https:\/\/portalraizesnoticias.com.br\/wp-content\/uploads\/2024\/11\/Bolsonaro-preso-PF-indicia-ex-presidente-e-militar0127485100202411211554-ScaleOutside-1.webp\",\"width\":900,\"height\":500},{\"@type\":\"BreadcrumbList\",\"@id\":\"https:\/\/portalraizesnoticias.com.br\/?p=2354#breadcrumb\",\"itemListElement\":[{\"@type\":\"ListItem\",\"position\":1,\"name\":\"In\u00edcio\",\"item\":\"https:\/\/portalraizesnoticias.com.br\/\"},{\"@type\":\"ListItem\",\"position\":2,\"name\":\"Bolsonaro preso? PF indicia ex-presidente e militares por plano de golpe\"}]},{\"@type\":\"WebSite\",\"@id\":\"https:\/\/portalraizesnoticias.com.br\/#website\",\"url\":\"https:\/\/portalraizesnoticias.com.br\/\",\"name\":\"Portal raizes NOTICIAS\",\"description\":\"site de noticias de concei\u00e7\u00e3o do coit\u00e9 e regi\u00e3o\",\"publisher\":{\"@id\":\"https:\/\/portalraizesnoticias.com.br\/#organization\"},\"alternateName\":\"PORTAL RAIZES COIT\u00c9\",\"potentialAction\":[{\"@type\":\"SearchAction\",\"target\":{\"@type\":\"EntryPoint\",\"urlTemplate\":\"https:\/\/portalraizesnoticias.com.br\/?s={search_term_string}\"},\"query-input\":{\"@type\":\"PropertyValueSpecification\",\"valueRequired\":true,\"valueName\":\"search_term_string\"}}],\"inLanguage\":\"pt-BR\"},{\"@type\":\"Organization\",\"@id\":\"https:\/\/portalraizesnoticias.com.br\/#organization\",\"name\":\"Portal raizes NOTICIAS\",\"url\":\"https:\/\/portalraizesnoticias.com.br\/\",\"logo\":{\"@type\":\"ImageObject\",\"inLanguage\":\"pt-BR\",\"@id\":\"https:\/\/portalraizesnoticias.com.br\/#\/schema\/logo\/image\/\",\"url\":\"https:\/\/portalraizesnoticias.com.br\/wp-content\/uploads\/2024\/09\/cropped-Captura-de-tela-2024-09-08-011108.png\",\"contentUrl\":\"https:\/\/portalraizesnoticias.com.br\/wp-content\/uploads\/2024\/09\/cropped-Captura-de-tela-2024-09-08-011108.png\",\"width\":606,\"height\":173,\"caption\":\"Portal raizes NOTICIAS\"},\"image\":{\"@id\":\"https:\/\/portalraizesnoticias.com.br\/#\/schema\/logo\/image\/\"}},{\"@type\":\"Person\",\"@id\":\"https:\/\/portalraizesnoticias.com.br\/#\/schema\/person\/a3ca6b0fc701e78df19756c417d943ae\",\"name\":\"Portal Raizes\",\"image\":{\"@type\":\"ImageObject\",\"inLanguage\":\"pt-BR\",\"@id\":\"https:\/\/portalraizesnoticias.com.br\/#\/schema\/person\/image\/\",\"url\":\"https:\/\/secure.gravatar.com\/avatar\/ef450d29013a3d3fba867a12a249d7b1?s=96&d=mm&r=g\",\"contentUrl\":\"https:\/\/secure.gravatar.com\/avatar\/ef450d29013a3d3fba867a12a249d7b1?s=96&d=mm&r=g\",\"caption\":\"Portal Raizes\"},\"url\":\"https:\/\/portalraizesnoticias.com.br\/?author=3\"}]}<\/script>\n<!-- \/ Yoast SEO plugin. -->","yoast_head_json":{"title":"Bolsonaro preso? PF indicia ex-presidente e militares por plano de golpe - Portal raizes noticias","robots":{"index":"index","follow":"follow","max-snippet":"max-snippet:-1","max-image-preview":"max-image-preview:large","max-video-preview":"max-video-preview:-1"},"canonical":"https:\/\/portalraizesnoticias.com.br\/?p=2354","og_locale":"pt_BR","og_type":"article","og_title":"Bolsonaro preso? PF indicia ex-presidente e militares por plano de golpe - Portal raizes noticias","og_description":"A\u00a0Pol\u00edcia Federal indiciou, nesta quinta-feira (21), o ex-presidente Jair Bolsonaro e outros 36 integrantes de seu governo na investiga\u00e7\u00e3o sobre o plano de golpe de estado no Brasil ap\u00f3s a vit\u00f3ria de Lula (PT) nas elei\u00e7\u00f5es presidenciais de 2022. Os indiciados s\u00e3o acusados dos crimes de aboli\u00e7\u00e3o violenta do Estado democr\u00e1tico de Direito, golpe de Estado e organiza\u00e7\u00e3o criminosa. O inqu\u00e9rito abrange o envolvimento nos atos de 8 de janeiro, tramas golpistas durante as elei\u00e7\u00f5es presidenciais de 2022, assim como o plano para assassinar o ent\u00e3o presidente eleito Lula, o ent\u00e3o vice-presidente eleito Geraldo Alckmin e o ministro do STF Alexandre de Moraes. Al\u00e9m de Bolsonaro, tamb\u00e9m entraram no inqu\u00e9rito ex-ministros do governo, como Anderson Torres (Justi\u00e7a), general Augusto Heleno (GSI), Braga Netto (Defesa); o ex-diretor da Ag\u00eancia Brasileira de Intelig\u00eancia (Abin) e deputado federal Alexandre Ramagem (PL-RJ); e o ex-assessor de Bolsonaro, Marcelo C\u00e2mara. O relat\u00f3rio final foi encaminhado ao Supremo Tribunal Federal (STF). Agora, cabe \u00e0 Procuradoria Geral da Rep\u00fablica (PGR) realizar a den\u00fancia dos indiciados. Caso a Corte aceite a den\u00fancia, eles se tornar\u00e3o r\u00e9us e devem ser julgados. As penas previstas para os crimes de golpe de estado variam entre 4 a 12 anos, j\u00e1 a aboli\u00e7\u00e3o violenta do Estado democr\u00e1tico de Direito, pode render de 4 a 8 anos, enquanto a forma\u00e7\u00e3o de organiza\u00e7\u00e3o criminosa tem puni\u00e7\u00e3o de 3 a 8 anos de pris\u00e3o. jornalmassa","og_url":"https:\/\/portalraizesnoticias.com.br\/?p=2354","og_site_name":"Portal raizes noticias","article_published_time":"2024-11-21T20:08:16+00:00","article_modified_time":"2024-11-22T00:55:02+00:00","og_image":[{"width":900,"height":500,"url":"https:\/\/portalraizesnoticias.com.br\/wp-content\/uploads\/2024\/11\/Bolsonaro-preso-PF-indicia-ex-presidente-e-militar0127485100202411211554-ScaleOutside-1.webp","type":"image\/webp"}],"author":"Portal Raizes","twitter_card":"summary_large_image","twitter_misc":{"Escrito por":"Portal Raizes","Est. tempo de leitura":"2 minutos"},"schema":{"@context":"https:\/\/schema.org","@graph":[{"@type":"Article","@id":"https:\/\/portalraizesnoticias.com.br\/?p=2354#article","isPartOf":{"@id":"https:\/\/portalraizesnoticias.com.br\/?p=2354"},"author":{"name":"Portal Raizes","@id":"https:\/\/portalraizesnoticias.com.br\/#\/schema\/person\/a3ca6b0fc701e78df19756c417d943ae"},"headline":"Bolsonaro preso? PF indicia ex-presidente e militares por plano de golpe","datePublished":"2024-11-21T20:08:16+00:00","dateModified":"2024-11-22T00:55:02+00:00","mainEntityOfPage":{"@id":"https:\/\/portalraizesnoticias.com.br\/?p=2354"},"wordCount":262,"commentCount":0,"publisher":{"@id":"https:\/\/portalraizesnoticias.com.br\/#organization"},"image":{"@id":"https:\/\/portalraizesnoticias.com.br\/?p=2354#primaryimage"},"thumbnailUrl":"https:\/\/portalraizesnoticias.com.br\/wp-content\/uploads\/2024\/11\/Bolsonaro-preso-PF-indicia-ex-presidente-e-militar0127485100202411211554-ScaleOutside-1.webp","articleSection":["POLITICA"],"inLanguage":"pt-BR","potentialAction":[{"@type":"CommentAction","name":"Comment","target":["https:\/\/portalraizesnoticias.com.br\/?p=2354#respond"]}]},{"@type":"WebPage","@id":"https:\/\/portalraizesnoticias.com.br\/?p=2354","url":"https:\/\/portalraizesnoticias.com.br\/?p=2354","name":"Bolsonaro preso? PF indicia ex-presidente e militares por plano de golpe - Portal raizes noticias","isPartOf":{"@id":"https:\/\/portalraizesnoticias.com.br\/#website"},"primaryImageOfPage":{"@id":"https:\/\/portalraizesnoticias.com.br\/?p=2354#primaryimage"},"image":{"@id":"https:\/\/portalraizesnoticias.com.br\/?p=2354#primaryimage"},"thumbnailUrl":"https:\/\/portalraizesnoticias.com.br\/wp-content\/uploads\/2024\/11\/Bolsonaro-preso-PF-indicia-ex-presidente-e-militar0127485100202411211554-ScaleOutside-1.webp","datePublished":"2024-11-21T20:08:16+00:00","dateModified":"2024-11-22T00:55:02+00:00","breadcrumb":{"@id":"https:\/\/portalraizesnoticias.com.br\/?p=2354#breadcrumb"},"inLanguage":"pt-BR","potentialAction":[{"@type":"ReadAction","target":["https:\/\/portalraizesnoticias.com.br\/?p=2354"]}]},{"@type":"ImageObject","inLanguage":"pt-BR","@id":"https:\/\/portalraizesnoticias.com.br\/?p=2354#primaryimage","url":"https:\/\/portalraizesnoticias.com.br\/wp-content\/uploads\/2024\/11\/Bolsonaro-preso-PF-indicia-ex-presidente-e-militar0127485100202411211554-ScaleOutside-1.webp","contentUrl":"https:\/\/portalraizesnoticias.com.br\/wp-content\/uploads\/2024\/11\/Bolsonaro-preso-PF-indicia-ex-presidente-e-militar0127485100202411211554-ScaleOutside-1.webp","width":900,"height":500},{"@type":"BreadcrumbList","@id":"https:\/\/portalraizesnoticias.com.br\/?p=2354#breadcrumb","itemListElement":[{"@type":"ListItem","position":1,"name":"In\u00edcio","item":"https:\/\/portalraizesnoticias.com.br\/"},{"@type":"ListItem","position":2,"name":"Bolsonaro preso? PF indicia ex-presidente e militares por plano de golpe"}]},{"@type":"WebSite","@id":"https:\/\/portalraizesnoticias.com.br\/#website","url":"https:\/\/portalraizesnoticias.com.br\/","name":"Portal raizes NOTICIAS","description":"site de noticias de concei\u00e7\u00e3o do coit\u00e9 e regi\u00e3o","publisher":{"@id":"https:\/\/portalraizesnoticias.com.br\/#organization"},"alternateName":"PORTAL RAIZES COIT\u00c9","potentialAction":[{"@type":"SearchAction","target":{"@type":"EntryPoint","urlTemplate":"https:\/\/portalraizesnoticias.com.br\/?s={search_term_string}"},"query-input":{"@type":"PropertyValueSpecification","valueRequired":true,"valueName":"search_term_string"}}],"inLanguage":"pt-BR"},{"@type":"Organization","@id":"https:\/\/portalraizesnoticias.com.br\/#organization","name":"Portal raizes NOTICIAS","url":"https:\/\/portalraizesnoticias.com.br\/","logo":{"@type":"ImageObject","inLanguage":"pt-BR","@id":"https:\/\/portalraizesnoticias.com.br\/#\/schema\/logo\/image\/","url":"https:\/\/portalraizesnoticias.com.br\/wp-content\/uploads\/2024\/09\/cropped-Captura-de-tela-2024-09-08-011108.png","contentUrl":"https:\/\/portalraizesnoticias.com.br\/wp-content\/uploads\/2024\/09\/cropped-Captura-de-tela-2024-09-08-011108.png","width":606,"height":173,"caption":"Portal raizes NOTICIAS"},"image":{"@id":"https:\/\/portalraizesnoticias.com.br\/#\/schema\/logo\/image\/"}},{"@type":"Person","@id":"https:\/\/portalraizesnoticias.com.br\/#\/schema\/person\/a3ca6b0fc701e78df19756c417d943ae","name":"Portal Raizes","image":{"@type":"ImageObject","inLanguage":"pt-BR","@id":"https:\/\/portalraizesnoticias.com.br\/#\/schema\/person\/image\/","url":"https:\/\/secure.gravatar.com\/avatar\/ef450d29013a3d3fba867a12a249d7b1?s=96&d=mm&r=g","contentUrl":"https:\/\/secure.gravatar.com\/avatar\/ef450d29013a3d3fba867a12a249d7b1?s=96&d=mm&r=g","caption":"Portal Raizes"},"url":"https:\/\/portalraizesnoticias.com.br\/?author=3"}]}},"_links":{"self":[{"href":"https:\/\/portalraizesnoticias.com.br\/index.php?rest_route=\/wp\/v2\/posts\/2354"}],"collection":[{"href":"https:\/\/portalraizesnoticias.com.br\/index.php?rest_route=\/wp\/v2\/posts"}],"about":[{"href":"https:\/\/portalraizesnoticias.com.br\/index.php?rest_route=\/wp\/v2\/types\/post"}],"author":[{"embeddable":true,"href":"https:\/\/portalraizesnoticias.com.br\/index.php?rest_route=\/wp\/v2\/users\/3"}],"replies":[{"embeddable":true,"href":"https:\/\/portalraizesnoticias.com.br\/index.php?rest_route=%2Fwp%2Fv2%2Fcomments&post=2354"}],"version-history":[{"count":1,"href":"https:\/\/portalraizesnoticias.com.br\/index.php?rest_route=\/wp\/v2\/posts\/2354\/revisions"}],"predecessor-version":[{"id":2356,"href":"https:\/\/portalraizesnoticias.com.br\/index.php?rest_route=\/wp\/v2\/posts\/2354\/revisions\/2356"}],"wp:featuredmedia":[{"embeddable":true,"href":"https:\/\/portalraizesnoticias.com.br\/index.php?rest_route=\/wp\/v2\/media\/2355"}],"wp:attachment":[{"href":"https:\/\/portalraizesnoticias.com.br\/index.php?rest_route=%2Fwp%2Fv2%2Fmedia&parent=2354"}],"wp:term":[{"taxonomy":"category","embeddable":true,"href":"https:\/\/portalraizesnoticias.com.br\/index.php?rest_route=%2Fwp%2Fv2%2Fcategories&post=2354"},{"taxonomy":"post_tag","embeddable":true,"href":"https:\/\/portalraizesnoticias.com.br\/index.php?rest_route=%2Fwp%2Fv2%2Ftags&post=2354"}],"curies":[{"name":"wp","href":"https:\/\/api.w.org\/{rel}","templated":true}]}}