{"id":2283,"date":"2024-11-19T20:47:11","date_gmt":"2024-11-19T20:47:11","guid":{"rendered":"https:\/\/portalraizesnoticias.com.br\/?p=2283"},"modified":"2024-11-19T21:53:00","modified_gmt":"2024-11-19T21:53:00","slug":"mais-de-300-denuncias-ja-foram-registradas-no-conselho-tutelar-de-coite-numero-e-menor-em-em-2023","status":"publish","type":"post","link":"https:\/\/portalraizesnoticias.com.br\/?p=2283","title":{"rendered":"Mais de 300 den\u00fancias j\u00e1 foram registradas no Conselho Tutelar de Coit\u00e9; n\u00famero \u00e9 menor em em 2023"},"content":{"rendered":"<p>De janeiro a novembro de 2024, o Conselho Tutelar de Concei\u00e7\u00e3o do Coit\u00e9 registrou 350 den\u00fancias viola\u00e7\u00f5es de direitos de crian\u00e7as e adolescentes.<\/p>\n<p>O levantamento foi realizado pela jornalista Rafaela Rodrigues junto ao \u00f3rg\u00e3o e\u00a0 verificou que o n\u00famero \u00e9 menor que o ano passado, obtendo 704 registros.<\/p>\n<p>De acordo com o Colegiado do Conselho Tutelar, a evas\u00e3o escolar lidera o ranking nas causas das den\u00fancias.<\/p>\n<p><img decoding=\"async\" class=\"size-medium wp-image-1968 aligncenter\" src=\"https:\/\/portalraizesnoticias.com.br\/wp-content\/uploads\/2024\/11\/Imagem-do-WhatsApp-de-2024-11-01-as-13.17.23_592d9bdd-300x142.jpg\" alt=\"\" width=\"300\" height=\"142\" srcset=\"https:\/\/portalraizesnoticias.com.br\/wp-content\/uploads\/2024\/11\/Imagem-do-WhatsApp-de-2024-11-01-as-13.17.23_592d9bdd-300x142.jpg 300w, https:\/\/portalraizesnoticias.com.br\/wp-content\/uploads\/2024\/11\/Imagem-do-WhatsApp-de-2024-11-01-as-13.17.23_592d9bdd.jpg 722w\" sizes=\"(max-width: 300px) 100vw, 300px\" \/><\/p>\n<p style=\"text-align: center;\"><strong>Publicidade<\/strong><\/p>\n<p>Em seguida, a neglig\u00eancia de respons\u00e1veis por menores e maus tratos fazem parte do p\u00f3dio.<\/p>\n<p>Por fim, o Conselho Tutelar informou a suspeita de abuso sexual e rebeldia complementam a lista.<\/p>\n<p>&#8220;Ap\u00f3s a chegada das informa\u00e7\u00f5es neste Conselho, procuramos notificar\u00a0 familiares \u00e0 comparecer a sede do conselho para tomarmos as medidas cab\u00edveis. Encaminhamentos para a rede de prote\u00e7\u00e3o \u00e0 crian\u00e7a e ao adolescente,\u00a0 enfatizando o judici\u00e1rio, Minist\u00e9rio P\u00fablico, Delegacia, CRAS, CREAS, Defensoria P\u00fablica&#8221;, informa o \u00f3rg\u00e3o.<\/p>\n<p><img fetchpriority=\"high\" decoding=\"async\" class=\"size-medium wp-image-1970 aligncenter\" src=\"https:\/\/portalraizesnoticias.com.br\/wp-content\/uploads\/2024\/11\/Banner-home-center-300x300.jpg\" alt=\"\" width=\"300\" height=\"300\" srcset=\"https:\/\/portalraizesnoticias.com.br\/wp-content\/uploads\/2024\/11\/Banner-home-center-300x300.jpg 300w, https:\/\/portalraizesnoticias.com.br\/wp-content\/uploads\/2024\/11\/Banner-home-center-1024x1024.jpg 1024w, https:\/\/portalraizesnoticias.com.br\/wp-content\/uploads\/2024\/11\/Banner-home-center-150x150.jpg 150w, https:\/\/portalraizesnoticias.com.br\/wp-content\/uploads\/2024\/11\/Banner-home-center-768x768.jpg 768w, https:\/\/portalraizesnoticias.com.br\/wp-content\/uploads\/2024\/11\/Banner-home-center-700x700.jpg 700w, https:\/\/portalraizesnoticias.com.br\/wp-content\/uploads\/2024\/11\/Banner-home-center-620x620.jpg 620w, https:\/\/portalraizesnoticias.com.br\/wp-content\/uploads\/2024\/11\/Banner-home-center-400x400.jpg 400w, https:\/\/portalraizesnoticias.com.br\/wp-content\/uploads\/2024\/11\/Banner-home-center.jpg 1080w\" sizes=\"(max-width: 300px) 100vw, 300px\" \/><\/p>\n<p style=\"text-align: center;\"><strong>Publicidade<\/strong><\/p>\n<p>Durante as perguntas, a rep\u00f3rter questionou quais casos (ou caso) denunciados ao Colegiado que mais chocou os profissionais, as autoridades foram enf\u00e1ticas:<\/p>\n<p>&#8220;Na verdade todos os casos chocam, mas, as suspeitas de abuso sexual \u00e9 o que mais mexe com o colegiado do Conselho&#8221;, informa.<\/p>\n<p>De acordo com o Colegiado do Conselho Tutelar, as medidas s\u00e3o tomadas para combater e prevenir a viola\u00e7\u00e3o dos direitos as crian\u00e7as e dos adolescentes do munic\u00edpio.<\/p>\n<p>&#8220;Realizamos campanhas, palestras, reuni\u00f5es, visitas Institucionais, participa\u00e7\u00e3o em eventos promovidos por v\u00e1rias escolas particular e estadual e municipal al\u00e9m, de estar em programa de r\u00e1dio a respeito da campanha do 18 de maio, dia Nacional de Combate ao Abuso e \u00e0 Explora\u00e7\u00e3o Sexual de Crian\u00e7as e Adolescentes&#8221;, explica.<\/p>\n<p><img decoding=\"async\" class=\"size-medium wp-image-1905 aligncenter\" src=\"https:\/\/portalraizesnoticias.com.br\/wp-content\/uploads\/2024\/10\/Banner-quadrado-Mercadinho-Carneiro-1-300x300.jpg\" alt=\"\" width=\"300\" height=\"300\" srcset=\"https:\/\/portalraizesnoticias.com.br\/wp-content\/uploads\/2024\/10\/Banner-quadrado-Mercadinho-Carneiro-1-300x300.jpg 300w, https:\/\/portalraizesnoticias.com.br\/wp-content\/uploads\/2024\/10\/Banner-quadrado-Mercadinho-Carneiro-1-1024x1024.jpg 1024w, https:\/\/portalraizesnoticias.com.br\/wp-content\/uploads\/2024\/10\/Banner-quadrado-Mercadinho-Carneiro-1-150x150.jpg 150w, https:\/\/portalraizesnoticias.com.br\/wp-content\/uploads\/2024\/10\/Banner-quadrado-Mercadinho-Carneiro-1-768x768.jpg 768w, https:\/\/portalraizesnoticias.com.br\/wp-content\/uploads\/2024\/10\/Banner-quadrado-Mercadinho-Carneiro-1-200x200.jpg 200w, https:\/\/portalraizesnoticias.com.br\/wp-content\/uploads\/2024\/10\/Banner-quadrado-Mercadinho-Carneiro-1-700x700.jpg 700w, https:\/\/portalraizesnoticias.com.br\/wp-content\/uploads\/2024\/10\/Banner-quadrado-Mercadinho-Carneiro-1-620x620.jpg 620w, https:\/\/portalraizesnoticias.com.br\/wp-content\/uploads\/2024\/10\/Banner-quadrado-Mercadinho-Carneiro-1-400x400.jpg 400w, https:\/\/portalraizesnoticias.com.br\/wp-content\/uploads\/2024\/10\/Banner-quadrado-Mercadinho-Carneiro-1.jpg 1080w\" sizes=\"(max-width: 300px) 100vw, 300px\" \/><\/p>\n<p style=\"text-align: center;\"><strong>Publicidade<\/strong><\/p>\n<p><strong>Estatuto da Crian\u00e7a e Adolescente\u00a0<\/strong><\/p>\n<p>O ECA \u00e9 o principal instrumento normativo que especifica a lei de prote\u00e7\u00e3o a crian\u00e7as e adolescentes \u2014 Lei n\u00b0 8.069, sancionada em 1990, para concretizar o artigo 227 da Constitui\u00e7\u00e3o Federal. Tendo como base as exig\u00eancias legais, o Conselho aplica medidas de prote\u00e7\u00e3o e aciona os poderes necess\u00e1rios e tamb\u00e9m as fam\u00edlias e a sociedade, para que essas medidas sejam devidamente executadas.<\/p>\n<p>Algumas das atribui\u00e7\u00f5es do Conselho Tutelar, de acordo com o artigo 101 do estatuto, s\u00e3o: orienta\u00e7\u00e3o, apoio e acompanhamento tempor\u00e1rios \u00e0s crian\u00e7as e adolescentes; garantia da matr\u00edcula e frequ\u00eancia obrigat\u00f3rias em estabelecimento oficial de ensino fundamental; requisi\u00e7\u00e3o de tratamento m\u00e9dico, psicol\u00f3gico ou psiqui\u00e1trico, em regime hospitalar ou ambulatorial para os menores; advertir os respons\u00e1veis em casos de neglig\u00eancia.<\/p>\n<p><strong>Sinais identificadores de viol\u00eancia contra crian\u00e7a e adolescente<\/strong><\/p>\n<p>No site do Tribunal de Justi\u00e7a, \u00e9 poss\u00edvel encontrar sinais que podem ajudar a identificar que h\u00e1 supostas irregularidades.<\/p>\n<p>Confira alguns ind\u00edcios de que a crian\u00e7a pode estar sofrendo viol\u00eancia ou neglig\u00eancia:<\/p>\n<p>Altera\u00e7\u00f5es no comportamento.<\/p>\n<p>Excesso ou falta de sono e sono agitado.<\/p>\n<p>Temores noturnos, ins\u00f4nia.<\/p>\n<p>Excesso ou falta de apetite.<\/p>\n<p>Agressividade (reprodu\u00e7\u00e3o das agress\u00f5es).<\/p>\n<p>Irritabilidade ou apatia.<\/p>\n<p>Desinteresse por coisas das quais gostava antes.<\/p>\n<p>Retra\u00e7\u00e3o, mutismo.<\/p>\n<p>Relatos de n\u00e3o gostar de determinada pessoa.<\/p>\n<p>Recusa em ficar com determinada pessoa.<\/p>\n<p>Desenhos reveladores de situa\u00e7\u00f5es ou estados internos sombrios.<\/p>\n<p>Queda no rendimento escolar.<\/p>\n<p>No caso espec\u00edfico da viol\u00eancia sexual, o \u00f3rg\u00e3o chama aten\u00e7\u00e3o para sinais como falas que indiquem que a crian\u00e7a ou o adolescente esteja mais triste, com medo ou ansioso, al\u00e9m do usual, e comportamentos sexualizados n\u00e3o pr\u00f3prios da idade.<\/p>\n<p><strong>Onde pedir ajuda!<\/strong><\/p>\n<p>O Conselho Tutelar de Concei\u00e7\u00e3o do Coit\u00e9 fica situada na rua Duque de Caxias- centro.<\/p>\n<p><strong>Contatos <\/strong><\/p>\n<p><strong>0800-042-0150 <\/strong><\/p>\n<p><strong>Plant\u00e3o 75-98144-7094 <\/strong><\/p>\n<p>Reda\u00e7\u00e3o<\/p>\n","protected":false},"excerpt":{"rendered":"<p>De janeiro a novembro de 2024, o Conselho Tutelar de Concei\u00e7\u00e3o do Coit\u00e9 registrou 350 den\u00fancias viola\u00e7\u00f5es de direitos de crian\u00e7as e adolescentes. O levantamento foi realizado pela jornalista Rafaela Rodrigues junto ao \u00f3rg\u00e3o e\u00a0 verificou que o n\u00famero \u00e9 menor que o ano passado, obtendo 704 registros. De acordo com o Colegiado do Conselho Tutelar, a evas\u00e3o escolar lidera o ranking nas causas das den\u00fancias. Publicidade Em seguida, a neglig\u00eancia de respons\u00e1veis por menores e maus tratos fazem parte do p\u00f3dio. Por fim, o Conselho Tutelar informou a suspeita de abuso sexual e rebeldia complementam a lista. &#8220;Ap\u00f3s a chegada das informa\u00e7\u00f5es neste Conselho, procuramos notificar\u00a0 familiares \u00e0 comparecer a sede do conselho para tomarmos as medidas cab\u00edveis. Encaminhamentos para a rede de prote\u00e7\u00e3o \u00e0 crian\u00e7a e ao adolescente,\u00a0 enfatizando o judici\u00e1rio, Minist\u00e9rio P\u00fablico, Delegacia, CRAS, CREAS, Defensoria P\u00fablica&#8221;, informa o \u00f3rg\u00e3o. Publicidade Durante as perguntas, a rep\u00f3rter questionou quais casos (ou caso) denunciados ao Colegiado que mais chocou os profissionais, as autoridades foram enf\u00e1ticas: &#8220;Na verdade todos os casos chocam, mas, as suspeitas de abuso sexual \u00e9 o que mais mexe com o colegiado do Conselho&#8221;, informa. De acordo com o Colegiado do Conselho Tutelar, as medidas s\u00e3o tomadas para combater e prevenir a viola\u00e7\u00e3o dos direitos as crian\u00e7as e dos adolescentes do munic\u00edpio. &#8220;Realizamos campanhas, palestras, reuni\u00f5es, visitas Institucionais, participa\u00e7\u00e3o em eventos promovidos por v\u00e1rias escolas particular e estadual e municipal al\u00e9m, de estar em programa de r\u00e1dio a respeito da campanha do 18 de maio, dia Nacional de Combate ao Abuso e \u00e0 Explora\u00e7\u00e3o Sexual de Crian\u00e7as e Adolescentes&#8221;, explica. Publicidade Estatuto da Crian\u00e7a e Adolescente\u00a0 O ECA \u00e9 o principal instrumento normativo que especifica a lei de prote\u00e7\u00e3o a crian\u00e7as e adolescentes \u2014 Lei n\u00b0 8.069, sancionada em 1990, para concretizar o artigo 227 da Constitui\u00e7\u00e3o Federal. Tendo como base as exig\u00eancias legais, o Conselho aplica medidas de prote\u00e7\u00e3o e aciona os poderes necess\u00e1rios e tamb\u00e9m as fam\u00edlias e a sociedade, para que essas medidas sejam devidamente executadas. Algumas das atribui\u00e7\u00f5es do Conselho Tutelar, de acordo com o artigo 101 do estatuto, s\u00e3o: orienta\u00e7\u00e3o, apoio e acompanhamento tempor\u00e1rios \u00e0s crian\u00e7as e adolescentes; garantia da matr\u00edcula e frequ\u00eancia obrigat\u00f3rias em estabelecimento oficial de ensino fundamental; requisi\u00e7\u00e3o de tratamento m\u00e9dico, psicol\u00f3gico ou psiqui\u00e1trico, em regime hospitalar ou ambulatorial para os menores; advertir os respons\u00e1veis em casos de neglig\u00eancia. Sinais identificadores de viol\u00eancia contra crian\u00e7a e adolescente No site do Tribunal de Justi\u00e7a, \u00e9 poss\u00edvel encontrar sinais que podem ajudar a identificar que h\u00e1 supostas irregularidades. Confira alguns ind\u00edcios de que a crian\u00e7a pode estar sofrendo viol\u00eancia ou neglig\u00eancia: Altera\u00e7\u00f5es no comportamento. Excesso ou falta de sono e sono agitado. Temores noturnos, ins\u00f4nia. Excesso ou falta de apetite. Agressividade (reprodu\u00e7\u00e3o das agress\u00f5es). Irritabilidade ou apatia. Desinteresse por coisas das quais gostava antes. Retra\u00e7\u00e3o, mutismo. Relatos de n\u00e3o gostar de determinada pessoa. Recusa em ficar com determinada pessoa. Desenhos reveladores de situa\u00e7\u00f5es ou estados internos sombrios. Queda no rendimento escolar. No caso espec\u00edfico da viol\u00eancia sexual, o \u00f3rg\u00e3o chama aten\u00e7\u00e3o para sinais como falas que indiquem que a crian\u00e7a ou o adolescente esteja mais triste, com medo ou ansioso, al\u00e9m do usual, e comportamentos sexualizados n\u00e3o pr\u00f3prios da idade. Onde pedir ajuda! O Conselho Tutelar de Concei\u00e7\u00e3o do Coit\u00e9 fica situada na rua Duque de Caxias- centro. Contatos 0800-042-0150 Plant\u00e3o 75-98144-7094 Reda\u00e7\u00e3o<\/p>\n","protected":false},"author":3,"featured_media":2284,"comment_status":"open","ping_status":"open","sticky":false,"template":"","format":"standard","meta":{"_joinchat":[],"footnotes":""},"categories":[55,59],"tags":[207,137,75,233,213,234],"class_list":["post-2283","post","type-post","status-publish","format-standard","has-post-thumbnail","hentry","category-destaques","category-ultimas-noticias","tag-adolescente","tag-bahia","tag-coite","tag-conselho-tutelar","tag-crianca","tag-denuncias"],"yoast_head":"<!-- This site is optimized with the Yoast SEO plugin v24.4 - https:\/\/yoast.com\/wordpress\/plugins\/seo\/ -->\n<title>Mais de 300 den\u00fancias j\u00e1 foram registradas no Conselho Tutelar de Coit\u00e9; n\u00famero \u00e9 menor em em 2023 - Portal raizes noticias<\/title>\n<meta name=\"robots\" content=\"index, follow, max-snippet:-1, max-image-preview:large, max-video-preview:-1\" \/>\n<link rel=\"canonical\" href=\"https:\/\/portalraizesnoticias.com.br\/?p=2283\" \/>\n<meta property=\"og:locale\" content=\"pt_BR\" \/>\n<meta property=\"og:type\" content=\"article\" \/>\n<meta property=\"og:title\" content=\"Mais de 300 den\u00fancias j\u00e1 foram registradas no Conselho Tutelar de Coit\u00e9; n\u00famero \u00e9 menor em em 2023 - Portal raizes noticias\" \/>\n<meta property=\"og:description\" content=\"De janeiro a novembro de 2024, o Conselho Tutelar de Concei\u00e7\u00e3o do Coit\u00e9 registrou 350 den\u00fancias viola\u00e7\u00f5es de direitos de crian\u00e7as e adolescentes. O levantamento foi realizado pela jornalista Rafaela Rodrigues junto ao \u00f3rg\u00e3o e\u00a0 verificou que o n\u00famero \u00e9 menor que o ano passado, obtendo 704 registros. De acordo com o Colegiado do Conselho Tutelar, a evas\u00e3o escolar lidera o ranking nas causas das den\u00fancias. Publicidade Em seguida, a neglig\u00eancia de respons\u00e1veis por menores e maus tratos fazem parte do p\u00f3dio. Por fim, o Conselho Tutelar informou a suspeita de abuso sexual e rebeldia complementam a lista. &#8220;Ap\u00f3s a chegada das informa\u00e7\u00f5es neste Conselho, procuramos notificar\u00a0 familiares \u00e0 comparecer a sede do conselho para tomarmos as medidas cab\u00edveis. Encaminhamentos para a rede de prote\u00e7\u00e3o \u00e0 crian\u00e7a e ao adolescente,\u00a0 enfatizando o judici\u00e1rio, Minist\u00e9rio P\u00fablico, Delegacia, CRAS, CREAS, Defensoria P\u00fablica&#8221;, informa o \u00f3rg\u00e3o. Publicidade Durante as perguntas, a rep\u00f3rter questionou quais casos (ou caso) denunciados ao Colegiado que mais chocou os profissionais, as autoridades foram enf\u00e1ticas: &#8220;Na verdade todos os casos chocam, mas, as suspeitas de abuso sexual \u00e9 o que mais mexe com o colegiado do Conselho&#8221;, informa. De acordo com o Colegiado do Conselho Tutelar, as medidas s\u00e3o tomadas para combater e prevenir a viola\u00e7\u00e3o dos direitos as crian\u00e7as e dos adolescentes do munic\u00edpio. &#8220;Realizamos campanhas, palestras, reuni\u00f5es, visitas Institucionais, participa\u00e7\u00e3o em eventos promovidos por v\u00e1rias escolas particular e estadual e municipal al\u00e9m, de estar em programa de r\u00e1dio a respeito da campanha do 18 de maio, dia Nacional de Combate ao Abuso e \u00e0 Explora\u00e7\u00e3o Sexual de Crian\u00e7as e Adolescentes&#8221;, explica. Publicidade Estatuto da Crian\u00e7a e Adolescente\u00a0 O ECA \u00e9 o principal instrumento normativo que especifica a lei de prote\u00e7\u00e3o a crian\u00e7as e adolescentes \u2014 Lei n\u00b0 8.069, sancionada em 1990, para concretizar o artigo 227 da Constitui\u00e7\u00e3o Federal. Tendo como base as exig\u00eancias legais, o Conselho aplica medidas de prote\u00e7\u00e3o e aciona os poderes necess\u00e1rios e tamb\u00e9m as fam\u00edlias e a sociedade, para que essas medidas sejam devidamente executadas. Algumas das atribui\u00e7\u00f5es do Conselho Tutelar, de acordo com o artigo 101 do estatuto, s\u00e3o: orienta\u00e7\u00e3o, apoio e acompanhamento tempor\u00e1rios \u00e0s crian\u00e7as e adolescentes; garantia da matr\u00edcula e frequ\u00eancia obrigat\u00f3rias em estabelecimento oficial de ensino fundamental; requisi\u00e7\u00e3o de tratamento m\u00e9dico, psicol\u00f3gico ou psiqui\u00e1trico, em regime hospitalar ou ambulatorial para os menores; advertir os respons\u00e1veis em casos de neglig\u00eancia. Sinais identificadores de viol\u00eancia contra crian\u00e7a e adolescente No site do Tribunal de Justi\u00e7a, \u00e9 poss\u00edvel encontrar sinais que podem ajudar a identificar que h\u00e1 supostas irregularidades. Confira alguns ind\u00edcios de que a crian\u00e7a pode estar sofrendo viol\u00eancia ou neglig\u00eancia: Altera\u00e7\u00f5es no comportamento. Excesso ou falta de sono e sono agitado. Temores noturnos, ins\u00f4nia. Excesso ou falta de apetite. Agressividade (reprodu\u00e7\u00e3o das agress\u00f5es). Irritabilidade ou apatia. Desinteresse por coisas das quais gostava antes. Retra\u00e7\u00e3o, mutismo. Relatos de n\u00e3o gostar de determinada pessoa. Recusa em ficar com determinada pessoa. Desenhos reveladores de situa\u00e7\u00f5es ou estados internos sombrios. Queda no rendimento escolar. No caso espec\u00edfico da viol\u00eancia sexual, o \u00f3rg\u00e3o chama aten\u00e7\u00e3o para sinais como falas que indiquem que a crian\u00e7a ou o adolescente esteja mais triste, com medo ou ansioso, al\u00e9m do usual, e comportamentos sexualizados n\u00e3o pr\u00f3prios da idade. Onde pedir ajuda! O Conselho Tutelar de Concei\u00e7\u00e3o do Coit\u00e9 fica situada na rua Duque de Caxias- centro. Contatos 0800-042-0150 Plant\u00e3o 75-98144-7094 Reda\u00e7\u00e3o\" \/>\n<meta property=\"og:url\" content=\"https:\/\/portalraizesnoticias.com.br\/?p=2283\" \/>\n<meta property=\"og:site_name\" content=\"Portal raizes noticias\" \/>\n<meta property=\"article:published_time\" content=\"2024-11-19T20:47:11+00:00\" \/>\n<meta property=\"article:modified_time\" content=\"2024-11-19T21:53:00+00:00\" \/>\n<meta property=\"og:image\" content=\"https:\/\/portalraizesnoticias.com.br\/wp-content\/uploads\/2024\/11\/images-2024-11-19T174025.566.jpeg\" \/>\n\t<meta property=\"og:image:width\" content=\"743\" \/>\n\t<meta property=\"og:image:height\" content=\"413\" \/>\n\t<meta property=\"og:image:type\" content=\"image\/jpeg\" \/>\n<meta name=\"author\" content=\"Portal Raizes\" \/>\n<meta name=\"twitter:card\" content=\"summary_large_image\" \/>\n<meta name=\"twitter:label1\" content=\"Escrito por\" \/>\n\t<meta name=\"twitter:data1\" content=\"Portal Raizes\" \/>\n\t<meta name=\"twitter:label2\" content=\"Est. tempo de leitura\" \/>\n\t<meta name=\"twitter:data2\" content=\"4 minutos\" \/>\n<script type=\"application\/ld+json\" class=\"yoast-schema-graph\">{\"@context\":\"https:\/\/schema.org\",\"@graph\":[{\"@type\":\"Article\",\"@id\":\"https:\/\/portalraizesnoticias.com.br\/?p=2283#article\",\"isPartOf\":{\"@id\":\"https:\/\/portalraizesnoticias.com.br\/?p=2283\"},\"author\":{\"name\":\"Portal Raizes\",\"@id\":\"https:\/\/portalraizesnoticias.com.br\/#\/schema\/person\/a3ca6b0fc701e78df19756c417d943ae\"},\"headline\":\"Mais de 300 den\u00fancias j\u00e1 foram registradas no Conselho Tutelar de Coit\u00e9; n\u00famero \u00e9 menor em em 2023\",\"datePublished\":\"2024-11-19T20:47:11+00:00\",\"dateModified\":\"2024-11-19T21:53:00+00:00\",\"mainEntityOfPage\":{\"@id\":\"https:\/\/portalraizesnoticias.com.br\/?p=2283\"},\"wordCount\":639,\"commentCount\":0,\"publisher\":{\"@id\":\"https:\/\/portalraizesnoticias.com.br\/#organization\"},\"image\":{\"@id\":\"https:\/\/portalraizesnoticias.com.br\/?p=2283#primaryimage\"},\"thumbnailUrl\":\"https:\/\/portalraizesnoticias.com.br\/wp-content\/uploads\/2024\/11\/images-2024-11-19T174025.566.jpeg\",\"keywords\":[\"Adolescente\",\"Bahia\",\"Coit\u00e9\",\"Conselho tutelar\",\"Crian\u00e7a\",\"Den\u00fancias\"],\"articleSection\":[\"DESTAQUES\",\"ULTIMAS NOTICIAS\"],\"inLanguage\":\"pt-BR\",\"potentialAction\":[{\"@type\":\"CommentAction\",\"name\":\"Comment\",\"target\":[\"https:\/\/portalraizesnoticias.com.br\/?p=2283#respond\"]}]},{\"@type\":\"WebPage\",\"@id\":\"https:\/\/portalraizesnoticias.com.br\/?p=2283\",\"url\":\"https:\/\/portalraizesnoticias.com.br\/?p=2283\",\"name\":\"Mais de 300 den\u00fancias j\u00e1 foram registradas no Conselho Tutelar de Coit\u00e9; n\u00famero \u00e9 menor em em 2023 - Portal raizes noticias\",\"isPartOf\":{\"@id\":\"https:\/\/portalraizesnoticias.com.br\/#website\"},\"primaryImageOfPage\":{\"@id\":\"https:\/\/portalraizesnoticias.com.br\/?p=2283#primaryimage\"},\"image\":{\"@id\":\"https:\/\/portalraizesnoticias.com.br\/?p=2283#primaryimage\"},\"thumbnailUrl\":\"https:\/\/portalraizesnoticias.com.br\/wp-content\/uploads\/2024\/11\/images-2024-11-19T174025.566.jpeg\",\"datePublished\":\"2024-11-19T20:47:11+00:00\",\"dateModified\":\"2024-11-19T21:53:00+00:00\",\"breadcrumb\":{\"@id\":\"https:\/\/portalraizesnoticias.com.br\/?p=2283#breadcrumb\"},\"inLanguage\":\"pt-BR\",\"potentialAction\":[{\"@type\":\"ReadAction\",\"target\":[\"https:\/\/portalraizesnoticias.com.br\/?p=2283\"]}]},{\"@type\":\"ImageObject\",\"inLanguage\":\"pt-BR\",\"@id\":\"https:\/\/portalraizesnoticias.com.br\/?p=2283#primaryimage\",\"url\":\"https:\/\/portalraizesnoticias.com.br\/wp-content\/uploads\/2024\/11\/images-2024-11-19T174025.566.jpeg\",\"contentUrl\":\"https:\/\/portalraizesnoticias.com.br\/wp-content\/uploads\/2024\/11\/images-2024-11-19T174025.566.jpeg\",\"width\":743,\"height\":413},{\"@type\":\"BreadcrumbList\",\"@id\":\"https:\/\/portalraizesnoticias.com.br\/?p=2283#breadcrumb\",\"itemListElement\":[{\"@type\":\"ListItem\",\"position\":1,\"name\":\"In\u00edcio\",\"item\":\"https:\/\/portalraizesnoticias.com.br\/\"},{\"@type\":\"ListItem\",\"position\":2,\"name\":\"Mais de 300 den\u00fancias j\u00e1 foram registradas no Conselho Tutelar de Coit\u00e9; n\u00famero \u00e9 menor em em 2023\"}]},{\"@type\":\"WebSite\",\"@id\":\"https:\/\/portalraizesnoticias.com.br\/#website\",\"url\":\"https:\/\/portalraizesnoticias.com.br\/\",\"name\":\"Portal raizes NOTICIAS\",\"description\":\"site de noticias de concei\u00e7\u00e3o do coit\u00e9 e regi\u00e3o\",\"publisher\":{\"@id\":\"https:\/\/portalraizesnoticias.com.br\/#organization\"},\"alternateName\":\"PORTAL RAIZES COIT\u00c9\",\"potentialAction\":[{\"@type\":\"SearchAction\",\"target\":{\"@type\":\"EntryPoint\",\"urlTemplate\":\"https:\/\/portalraizesnoticias.com.br\/?s={search_term_string}\"},\"query-input\":{\"@type\":\"PropertyValueSpecification\",\"valueRequired\":true,\"valueName\":\"search_term_string\"}}],\"inLanguage\":\"pt-BR\"},{\"@type\":\"Organization\",\"@id\":\"https:\/\/portalraizesnoticias.com.br\/#organization\",\"name\":\"Portal raizes NOTICIAS\",\"url\":\"https:\/\/portalraizesnoticias.com.br\/\",\"logo\":{\"@type\":\"ImageObject\",\"inLanguage\":\"pt-BR\",\"@id\":\"https:\/\/portalraizesnoticias.com.br\/#\/schema\/logo\/image\/\",\"url\":\"https:\/\/portalraizesnoticias.com.br\/wp-content\/uploads\/2024\/09\/cropped-Captura-de-tela-2024-09-08-011108.png\",\"contentUrl\":\"https:\/\/portalraizesnoticias.com.br\/wp-content\/uploads\/2024\/09\/cropped-Captura-de-tela-2024-09-08-011108.png\",\"width\":606,\"height\":173,\"caption\":\"Portal raizes NOTICIAS\"},\"image\":{\"@id\":\"https:\/\/portalraizesnoticias.com.br\/#\/schema\/logo\/image\/\"}},{\"@type\":\"Person\",\"@id\":\"https:\/\/portalraizesnoticias.com.br\/#\/schema\/person\/a3ca6b0fc701e78df19756c417d943ae\",\"name\":\"Portal Raizes\",\"image\":{\"@type\":\"ImageObject\",\"inLanguage\":\"pt-BR\",\"@id\":\"https:\/\/portalraizesnoticias.com.br\/#\/schema\/person\/image\/\",\"url\":\"https:\/\/secure.gravatar.com\/avatar\/ef450d29013a3d3fba867a12a249d7b1?s=96&d=mm&r=g\",\"contentUrl\":\"https:\/\/secure.gravatar.com\/avatar\/ef450d29013a3d3fba867a12a249d7b1?s=96&d=mm&r=g\",\"caption\":\"Portal Raizes\"},\"url\":\"https:\/\/portalraizesnoticias.com.br\/?author=3\"}]}<\/script>\n<!-- \/ Yoast SEO plugin. -->","yoast_head_json":{"title":"Mais de 300 den\u00fancias j\u00e1 foram registradas no Conselho Tutelar de Coit\u00e9; n\u00famero \u00e9 menor em em 2023 - Portal raizes noticias","robots":{"index":"index","follow":"follow","max-snippet":"max-snippet:-1","max-image-preview":"max-image-preview:large","max-video-preview":"max-video-preview:-1"},"canonical":"https:\/\/portalraizesnoticias.com.br\/?p=2283","og_locale":"pt_BR","og_type":"article","og_title":"Mais de 300 den\u00fancias j\u00e1 foram registradas no Conselho Tutelar de Coit\u00e9; n\u00famero \u00e9 menor em em 2023 - Portal raizes noticias","og_description":"De janeiro a novembro de 2024, o Conselho Tutelar de Concei\u00e7\u00e3o do Coit\u00e9 registrou 350 den\u00fancias viola\u00e7\u00f5es de direitos de crian\u00e7as e adolescentes. O levantamento foi realizado pela jornalista Rafaela Rodrigues junto ao \u00f3rg\u00e3o e\u00a0 verificou que o n\u00famero \u00e9 menor que o ano passado, obtendo 704 registros. De acordo com o Colegiado do Conselho Tutelar, a evas\u00e3o escolar lidera o ranking nas causas das den\u00fancias. Publicidade Em seguida, a neglig\u00eancia de respons\u00e1veis por menores e maus tratos fazem parte do p\u00f3dio. Por fim, o Conselho Tutelar informou a suspeita de abuso sexual e rebeldia complementam a lista. &#8220;Ap\u00f3s a chegada das informa\u00e7\u00f5es neste Conselho, procuramos notificar\u00a0 familiares \u00e0 comparecer a sede do conselho para tomarmos as medidas cab\u00edveis. Encaminhamentos para a rede de prote\u00e7\u00e3o \u00e0 crian\u00e7a e ao adolescente,\u00a0 enfatizando o judici\u00e1rio, Minist\u00e9rio P\u00fablico, Delegacia, CRAS, CREAS, Defensoria P\u00fablica&#8221;, informa o \u00f3rg\u00e3o. Publicidade Durante as perguntas, a rep\u00f3rter questionou quais casos (ou caso) denunciados ao Colegiado que mais chocou os profissionais, as autoridades foram enf\u00e1ticas: &#8220;Na verdade todos os casos chocam, mas, as suspeitas de abuso sexual \u00e9 o que mais mexe com o colegiado do Conselho&#8221;, informa. De acordo com o Colegiado do Conselho Tutelar, as medidas s\u00e3o tomadas para combater e prevenir a viola\u00e7\u00e3o dos direitos as crian\u00e7as e dos adolescentes do munic\u00edpio. &#8220;Realizamos campanhas, palestras, reuni\u00f5es, visitas Institucionais, participa\u00e7\u00e3o em eventos promovidos por v\u00e1rias escolas particular e estadual e municipal al\u00e9m, de estar em programa de r\u00e1dio a respeito da campanha do 18 de maio, dia Nacional de Combate ao Abuso e \u00e0 Explora\u00e7\u00e3o Sexual de Crian\u00e7as e Adolescentes&#8221;, explica. Publicidade Estatuto da Crian\u00e7a e Adolescente\u00a0 O ECA \u00e9 o principal instrumento normativo que especifica a lei de prote\u00e7\u00e3o a crian\u00e7as e adolescentes \u2014 Lei n\u00b0 8.069, sancionada em 1990, para concretizar o artigo 227 da Constitui\u00e7\u00e3o Federal. Tendo como base as exig\u00eancias legais, o Conselho aplica medidas de prote\u00e7\u00e3o e aciona os poderes necess\u00e1rios e tamb\u00e9m as fam\u00edlias e a sociedade, para que essas medidas sejam devidamente executadas. Algumas das atribui\u00e7\u00f5es do Conselho Tutelar, de acordo com o artigo 101 do estatuto, s\u00e3o: orienta\u00e7\u00e3o, apoio e acompanhamento tempor\u00e1rios \u00e0s crian\u00e7as e adolescentes; garantia da matr\u00edcula e frequ\u00eancia obrigat\u00f3rias em estabelecimento oficial de ensino fundamental; requisi\u00e7\u00e3o de tratamento m\u00e9dico, psicol\u00f3gico ou psiqui\u00e1trico, em regime hospitalar ou ambulatorial para os menores; advertir os respons\u00e1veis em casos de neglig\u00eancia. Sinais identificadores de viol\u00eancia contra crian\u00e7a e adolescente No site do Tribunal de Justi\u00e7a, \u00e9 poss\u00edvel encontrar sinais que podem ajudar a identificar que h\u00e1 supostas irregularidades. Confira alguns ind\u00edcios de que a crian\u00e7a pode estar sofrendo viol\u00eancia ou neglig\u00eancia: Altera\u00e7\u00f5es no comportamento. Excesso ou falta de sono e sono agitado. Temores noturnos, ins\u00f4nia. Excesso ou falta de apetite. Agressividade (reprodu\u00e7\u00e3o das agress\u00f5es). Irritabilidade ou apatia. Desinteresse por coisas das quais gostava antes. Retra\u00e7\u00e3o, mutismo. Relatos de n\u00e3o gostar de determinada pessoa. Recusa em ficar com determinada pessoa. Desenhos reveladores de situa\u00e7\u00f5es ou estados internos sombrios. Queda no rendimento escolar. No caso espec\u00edfico da viol\u00eancia sexual, o \u00f3rg\u00e3o chama aten\u00e7\u00e3o para sinais como falas que indiquem que a crian\u00e7a ou o adolescente esteja mais triste, com medo ou ansioso, al\u00e9m do usual, e comportamentos sexualizados n\u00e3o pr\u00f3prios da idade. Onde pedir ajuda! O Conselho Tutelar de Concei\u00e7\u00e3o do Coit\u00e9 fica situada na rua Duque de Caxias- centro. Contatos 0800-042-0150 Plant\u00e3o 75-98144-7094 Reda\u00e7\u00e3o","og_url":"https:\/\/portalraizesnoticias.com.br\/?p=2283","og_site_name":"Portal raizes noticias","article_published_time":"2024-11-19T20:47:11+00:00","article_modified_time":"2024-11-19T21:53:00+00:00","og_image":[{"width":743,"height":413,"url":"https:\/\/portalraizesnoticias.com.br\/wp-content\/uploads\/2024\/11\/images-2024-11-19T174025.566.jpeg","type":"image\/jpeg"}],"author":"Portal Raizes","twitter_card":"summary_large_image","twitter_misc":{"Escrito por":"Portal Raizes","Est. tempo de leitura":"4 minutos"},"schema":{"@context":"https:\/\/schema.org","@graph":[{"@type":"Article","@id":"https:\/\/portalraizesnoticias.com.br\/?p=2283#article","isPartOf":{"@id":"https:\/\/portalraizesnoticias.com.br\/?p=2283"},"author":{"name":"Portal Raizes","@id":"https:\/\/portalraizesnoticias.com.br\/#\/schema\/person\/a3ca6b0fc701e78df19756c417d943ae"},"headline":"Mais de 300 den\u00fancias j\u00e1 foram registradas no Conselho Tutelar de Coit\u00e9; n\u00famero \u00e9 menor em em 2023","datePublished":"2024-11-19T20:47:11+00:00","dateModified":"2024-11-19T21:53:00+00:00","mainEntityOfPage":{"@id":"https:\/\/portalraizesnoticias.com.br\/?p=2283"},"wordCount":639,"commentCount":0,"publisher":{"@id":"https:\/\/portalraizesnoticias.com.br\/#organization"},"image":{"@id":"https:\/\/portalraizesnoticias.com.br\/?p=2283#primaryimage"},"thumbnailUrl":"https:\/\/portalraizesnoticias.com.br\/wp-content\/uploads\/2024\/11\/images-2024-11-19T174025.566.jpeg","keywords":["Adolescente","Bahia","Coit\u00e9","Conselho tutelar","Crian\u00e7a","Den\u00fancias"],"articleSection":["DESTAQUES","ULTIMAS NOTICIAS"],"inLanguage":"pt-BR","potentialAction":[{"@type":"CommentAction","name":"Comment","target":["https:\/\/portalraizesnoticias.com.br\/?p=2283#respond"]}]},{"@type":"WebPage","@id":"https:\/\/portalraizesnoticias.com.br\/?p=2283","url":"https:\/\/portalraizesnoticias.com.br\/?p=2283","name":"Mais de 300 den\u00fancias j\u00e1 foram registradas no Conselho Tutelar de Coit\u00e9; n\u00famero \u00e9 menor em em 2023 - Portal raizes noticias","isPartOf":{"@id":"https:\/\/portalraizesnoticias.com.br\/#website"},"primaryImageOfPage":{"@id":"https:\/\/portalraizesnoticias.com.br\/?p=2283#primaryimage"},"image":{"@id":"https:\/\/portalraizesnoticias.com.br\/?p=2283#primaryimage"},"thumbnailUrl":"https:\/\/portalraizesnoticias.com.br\/wp-content\/uploads\/2024\/11\/images-2024-11-19T174025.566.jpeg","datePublished":"2024-11-19T20:47:11+00:00","dateModified":"2024-11-19T21:53:00+00:00","breadcrumb":{"@id":"https:\/\/portalraizesnoticias.com.br\/?p=2283#breadcrumb"},"inLanguage":"pt-BR","potentialAction":[{"@type":"ReadAction","target":["https:\/\/portalraizesnoticias.com.br\/?p=2283"]}]},{"@type":"ImageObject","inLanguage":"pt-BR","@id":"https:\/\/portalraizesnoticias.com.br\/?p=2283#primaryimage","url":"https:\/\/portalraizesnoticias.com.br\/wp-content\/uploads\/2024\/11\/images-2024-11-19T174025.566.jpeg","contentUrl":"https:\/\/portalraizesnoticias.com.br\/wp-content\/uploads\/2024\/11\/images-2024-11-19T174025.566.jpeg","width":743,"height":413},{"@type":"BreadcrumbList","@id":"https:\/\/portalraizesnoticias.com.br\/?p=2283#breadcrumb","itemListElement":[{"@type":"ListItem","position":1,"name":"In\u00edcio","item":"https:\/\/portalraizesnoticias.com.br\/"},{"@type":"ListItem","position":2,"name":"Mais de 300 den\u00fancias j\u00e1 foram registradas no Conselho Tutelar de Coit\u00e9; n\u00famero \u00e9 menor em em 2023"}]},{"@type":"WebSite","@id":"https:\/\/portalraizesnoticias.com.br\/#website","url":"https:\/\/portalraizesnoticias.com.br\/","name":"Portal raizes NOTICIAS","description":"site de noticias de concei\u00e7\u00e3o do coit\u00e9 e regi\u00e3o","publisher":{"@id":"https:\/\/portalraizesnoticias.com.br\/#organization"},"alternateName":"PORTAL RAIZES COIT\u00c9","potentialAction":[{"@type":"SearchAction","target":{"@type":"EntryPoint","urlTemplate":"https:\/\/portalraizesnoticias.com.br\/?s={search_term_string}"},"query-input":{"@type":"PropertyValueSpecification","valueRequired":true,"valueName":"search_term_string"}}],"inLanguage":"pt-BR"},{"@type":"Organization","@id":"https:\/\/portalraizesnoticias.com.br\/#organization","name":"Portal raizes NOTICIAS","url":"https:\/\/portalraizesnoticias.com.br\/","logo":{"@type":"ImageObject","inLanguage":"pt-BR","@id":"https:\/\/portalraizesnoticias.com.br\/#\/schema\/logo\/image\/","url":"https:\/\/portalraizesnoticias.com.br\/wp-content\/uploads\/2024\/09\/cropped-Captura-de-tela-2024-09-08-011108.png","contentUrl":"https:\/\/portalraizesnoticias.com.br\/wp-content\/uploads\/2024\/09\/cropped-Captura-de-tela-2024-09-08-011108.png","width":606,"height":173,"caption":"Portal raizes NOTICIAS"},"image":{"@id":"https:\/\/portalraizesnoticias.com.br\/#\/schema\/logo\/image\/"}},{"@type":"Person","@id":"https:\/\/portalraizesnoticias.com.br\/#\/schema\/person\/a3ca6b0fc701e78df19756c417d943ae","name":"Portal Raizes","image":{"@type":"ImageObject","inLanguage":"pt-BR","@id":"https:\/\/portalraizesnoticias.com.br\/#\/schema\/person\/image\/","url":"https:\/\/secure.gravatar.com\/avatar\/ef450d29013a3d3fba867a12a249d7b1?s=96&d=mm&r=g","contentUrl":"https:\/\/secure.gravatar.com\/avatar\/ef450d29013a3d3fba867a12a249d7b1?s=96&d=mm&r=g","caption":"Portal Raizes"},"url":"https:\/\/portalraizesnoticias.com.br\/?author=3"}]}},"_links":{"self":[{"href":"https:\/\/portalraizesnoticias.com.br\/index.php?rest_route=\/wp\/v2\/posts\/2283"}],"collection":[{"href":"https:\/\/portalraizesnoticias.com.br\/index.php?rest_route=\/wp\/v2\/posts"}],"about":[{"href":"https:\/\/portalraizesnoticias.com.br\/index.php?rest_route=\/wp\/v2\/types\/post"}],"author":[{"embeddable":true,"href":"https:\/\/portalraizesnoticias.com.br\/index.php?rest_route=\/wp\/v2\/users\/3"}],"replies":[{"embeddable":true,"href":"https:\/\/portalraizesnoticias.com.br\/index.php?rest_route=%2Fwp%2Fv2%2Fcomments&post=2283"}],"version-history":[{"count":2,"href":"https:\/\/portalraizesnoticias.com.br\/index.php?rest_route=\/wp\/v2\/posts\/2283\/revisions"}],"predecessor-version":[{"id":2286,"href":"https:\/\/portalraizesnoticias.com.br\/index.php?rest_route=\/wp\/v2\/posts\/2283\/revisions\/2286"}],"wp:featuredmedia":[{"embeddable":true,"href":"https:\/\/portalraizesnoticias.com.br\/index.php?rest_route=\/wp\/v2\/media\/2284"}],"wp:attachment":[{"href":"https:\/\/portalraizesnoticias.com.br\/index.php?rest_route=%2Fwp%2Fv2%2Fmedia&parent=2283"}],"wp:term":[{"taxonomy":"category","embeddable":true,"href":"https:\/\/portalraizesnoticias.com.br\/index.php?rest_route=%2Fwp%2Fv2%2Fcategories&post=2283"},{"taxonomy":"post_tag","embeddable":true,"href":"https:\/\/portalraizesnoticias.com.br\/index.php?rest_route=%2Fwp%2Fv2%2Ftags&post=2283"}],"curies":[{"name":"wp","href":"https:\/\/api.w.org\/{rel}","templated":true}]}}