{"id":2264,"date":"2024-11-18T19:48:11","date_gmt":"2024-11-18T19:48:11","guid":{"rendered":"https:\/\/portalraizesnoticias.com.br\/?p=2264"},"modified":"2024-11-18T19:50:24","modified_gmt":"2024-11-18T19:50:24","slug":"secretaria-de-saude-de-conceicao-do-coite-emite-comunicado-sobre-agendamentos-de-transportes-para-realizacoes-de-procedimentos-saiba-mais","status":"publish","type":"post","link":"https:\/\/portalraizesnoticias.com.br\/?p=2264","title":{"rendered":"Secretaria de Sa\u00fade de Concei\u00e7\u00e3o do Coit\u00e9 emite comunicado sobre agendamentos de transportes para realiza\u00e7\u00e3o de procedimentos. Saiba mais!"},"content":{"rendered":"<p>A prefeitura de Concei\u00e7\u00e3o do Coit\u00e9 atrav\u00e9s da secretaria de Sa\u00fade emitiu um comunicado na tarde desta segunda-feira (18), sobre os agendamentos de transporte para deslocamento para outros hospitais..<\/p>\n<p>De acordo com a publica\u00e7\u00e3o, a popula\u00e7\u00e3o precisar\u00e1 agendar os ve\u00edculos com 5 dias de anteced\u00eancia a partir do dia 01 de dezembro de 2024.<\/p>\n<p>O \u00f3rg\u00e3o afirmou que a marca\u00e7\u00e3o ser\u00e1 realizada com prioridade, ou seja, aqueles que estiverem fazendo tratamento cont\u00ednuo, idosos e crian\u00e7as especiais estar\u00e3o \u00e0 frente da lista.<\/p>\n<p>Os requisitos para solicita\u00e7\u00e3o do transporte servem para aqueles que estiverem com procedimentos regulados pela central ou n\u00e3o ofertados pelo SUS.<\/p>\n<p>Documentos necess\u00e1rios:<\/p>\n<p>RG<\/p>\n<p>CART\u00c3O DO SUS<\/p>\n<p>COMPROVANTE DE ENDERE\u00c7O<\/p>\n<p>COMPROVANTE REGULADO PELA CENTRAL (m\u00e9dia e alta complexidade)<\/p>\n<p>CONTATO TELEF\u00d4NICO<\/p>\n<p>Reda\u00e7\u00e3o com informa\u00e7\u00f5es da Ascom<\/p>\n","protected":false},"excerpt":{"rendered":"<p>A prefeitura de Concei\u00e7\u00e3o do Coit\u00e9 atrav\u00e9s da secretaria de Sa\u00fade emitiu um comunicado na tarde desta segunda-feira (18), sobre os agendamentos de transporte para deslocamento para outros hospitais.. De acordo com a publica\u00e7\u00e3o, a popula\u00e7\u00e3o precisar\u00e1 agendar os ve\u00edculos com 5 dias de anteced\u00eancia a partir do dia 01 de dezembro de 2024. O \u00f3rg\u00e3o afirmou que a marca\u00e7\u00e3o ser\u00e1 realizada com prioridade, ou seja, aqueles que estiverem fazendo tratamento cont\u00ednuo, idosos e crian\u00e7as especiais estar\u00e3o \u00e0 frente da lista. Os requisitos para solicita\u00e7\u00e3o do transporte servem para aqueles que estiverem com procedimentos regulados pela central ou n\u00e3o ofertados pelo SUS. Documentos necess\u00e1rios: RG CART\u00c3O DO SUS COMPROVANTE DE ENDERE\u00c7O COMPROVANTE REGULADO PELA CENTRAL (m\u00e9dia e alta complexidade) CONTATO TELEF\u00d4NICO Reda\u00e7\u00e3o com informa\u00e7\u00f5es da Ascom<\/p>\n","protected":false},"author":3,"featured_media":2265,"comment_status":"open","ping_status":"open","sticky":false,"template":"","format":"standard","meta":{"_joinchat":[],"footnotes":""},"categories":[55,86,59],"tags":[225,224,226],"class_list":["post-2264","post","type-post","status-publish","format-standard","has-post-thumbnail","hentry","category-destaques","category-saude","category-ultimas-noticias","tag-agendamento","tag-secretaria-de-saude","tag-transporte"],"yoast_head":"<!-- This site is optimized with the Yoast SEO plugin v24.4 - https:\/\/yoast.com\/wordpress\/plugins\/seo\/ -->\n<title>Secretaria de Sa\u00fade de Concei\u00e7\u00e3o do Coit\u00e9 emite comunicado sobre agendamentos de transportes para realiza\u00e7\u00e3o de procedimentos. Saiba mais! - Portal raizes noticias<\/title>\n<meta name=\"robots\" content=\"index, follow, max-snippet:-1, max-image-preview:large, max-video-preview:-1\" \/>\n<link rel=\"canonical\" href=\"https:\/\/portalraizesnoticias.com.br\/?p=2264\" \/>\n<meta property=\"og:locale\" content=\"pt_BR\" \/>\n<meta property=\"og:type\" content=\"article\" \/>\n<meta property=\"og:title\" content=\"Secretaria de Sa\u00fade de Concei\u00e7\u00e3o do Coit\u00e9 emite comunicado sobre agendamentos de transportes para realiza\u00e7\u00e3o de procedimentos. Saiba mais! - Portal raizes noticias\" \/>\n<meta property=\"og:description\" content=\"A prefeitura de Concei\u00e7\u00e3o do Coit\u00e9 atrav\u00e9s da secretaria de Sa\u00fade emitiu um comunicado na tarde desta segunda-feira (18), sobre os agendamentos de transporte para deslocamento para outros hospitais.. De acordo com a publica\u00e7\u00e3o, a popula\u00e7\u00e3o precisar\u00e1 agendar os ve\u00edculos com 5 dias de anteced\u00eancia a partir do dia 01 de dezembro de 2024. O \u00f3rg\u00e3o afirmou que a marca\u00e7\u00e3o ser\u00e1 realizada com prioridade, ou seja, aqueles que estiverem fazendo tratamento cont\u00ednuo, idosos e crian\u00e7as especiais estar\u00e3o \u00e0 frente da lista. Os requisitos para solicita\u00e7\u00e3o do transporte servem para aqueles que estiverem com procedimentos regulados pela central ou n\u00e3o ofertados pelo SUS. Documentos necess\u00e1rios: RG CART\u00c3O DO SUS COMPROVANTE DE ENDERE\u00c7O COMPROVANTE REGULADO PELA CENTRAL (m\u00e9dia e alta complexidade) CONTATO TELEF\u00d4NICO Reda\u00e7\u00e3o com informa\u00e7\u00f5es da Ascom\" \/>\n<meta property=\"og:url\" content=\"https:\/\/portalraizesnoticias.com.br\/?p=2264\" \/>\n<meta property=\"og:site_name\" content=\"Portal raizes noticias\" \/>\n<meta property=\"article:published_time\" content=\"2024-11-18T19:48:11+00:00\" \/>\n<meta property=\"article:modified_time\" content=\"2024-11-18T19:50:24+00:00\" \/>\n<meta property=\"og:image\" content=\"https:\/\/portalraizesnoticias.com.br\/wp-content\/uploads\/2024\/11\/IMG-20241118-WA0360.jpg\" \/>\n\t<meta property=\"og:image:width\" content=\"466\" \/>\n\t<meta property=\"og:image:height\" content=\"541\" \/>\n\t<meta property=\"og:image:type\" content=\"image\/jpeg\" \/>\n<meta name=\"author\" content=\"Portal Raizes\" \/>\n<meta name=\"twitter:card\" content=\"summary_large_image\" \/>\n<meta name=\"twitter:label1\" content=\"Escrito por\" \/>\n\t<meta name=\"twitter:data1\" content=\"Portal Raizes\" \/>\n\t<meta name=\"twitter:label2\" content=\"Est. tempo de leitura\" \/>\n\t<meta name=\"twitter:data2\" content=\"1 minuto\" \/>\n<script type=\"application\/ld+json\" class=\"yoast-schema-graph\">{\"@context\":\"https:\/\/schema.org\",\"@graph\":[{\"@type\":\"Article\",\"@id\":\"https:\/\/portalraizesnoticias.com.br\/?p=2264#article\",\"isPartOf\":{\"@id\":\"https:\/\/portalraizesnoticias.com.br\/?p=2264\"},\"author\":{\"name\":\"Portal Raizes\",\"@id\":\"https:\/\/portalraizesnoticias.com.br\/#\/schema\/person\/a3ca6b0fc701e78df19756c417d943ae\"},\"headline\":\"Secretaria de Sa\u00fade de Concei\u00e7\u00e3o do Coit\u00e9 emite comunicado sobre agendamentos de transportes para realiza\u00e7\u00e3o de procedimentos. Saiba mais!\",\"datePublished\":\"2024-11-18T19:48:11+00:00\",\"dateModified\":\"2024-11-18T19:50:24+00:00\",\"mainEntityOfPage\":{\"@id\":\"https:\/\/portalraizesnoticias.com.br\/?p=2264\"},\"wordCount\":164,\"commentCount\":0,\"publisher\":{\"@id\":\"https:\/\/portalraizesnoticias.com.br\/#organization\"},\"image\":{\"@id\":\"https:\/\/portalraizesnoticias.com.br\/?p=2264#primaryimage\"},\"thumbnailUrl\":\"https:\/\/portalraizesnoticias.com.br\/wp-content\/uploads\/2024\/11\/IMG-20241118-WA0360.jpg\",\"keywords\":[\"Agendamento\",\"Secretaria de Sa\u00fade\",\"Transporte\"],\"articleSection\":[\"DESTAQUES\",\"SA\u00daDE\",\"ULTIMAS NOTICIAS\"],\"inLanguage\":\"pt-BR\",\"potentialAction\":[{\"@type\":\"CommentAction\",\"name\":\"Comment\",\"target\":[\"https:\/\/portalraizesnoticias.com.br\/?p=2264#respond\"]}]},{\"@type\":\"WebPage\",\"@id\":\"https:\/\/portalraizesnoticias.com.br\/?p=2264\",\"url\":\"https:\/\/portalraizesnoticias.com.br\/?p=2264\",\"name\":\"Secretaria de Sa\u00fade de Concei\u00e7\u00e3o do Coit\u00e9 emite comunicado sobre agendamentos de transportes para realiza\u00e7\u00e3o de procedimentos. Saiba mais! - Portal raizes noticias\",\"isPartOf\":{\"@id\":\"https:\/\/portalraizesnoticias.com.br\/#website\"},\"primaryImageOfPage\":{\"@id\":\"https:\/\/portalraizesnoticias.com.br\/?p=2264#primaryimage\"},\"image\":{\"@id\":\"https:\/\/portalraizesnoticias.com.br\/?p=2264#primaryimage\"},\"thumbnailUrl\":\"https:\/\/portalraizesnoticias.com.br\/wp-content\/uploads\/2024\/11\/IMG-20241118-WA0360.jpg\",\"datePublished\":\"2024-11-18T19:48:11+00:00\",\"dateModified\":\"2024-11-18T19:50:24+00:00\",\"breadcrumb\":{\"@id\":\"https:\/\/portalraizesnoticias.com.br\/?p=2264#breadcrumb\"},\"inLanguage\":\"pt-BR\",\"potentialAction\":[{\"@type\":\"ReadAction\",\"target\":[\"https:\/\/portalraizesnoticias.com.br\/?p=2264\"]}]},{\"@type\":\"ImageObject\",\"inLanguage\":\"pt-BR\",\"@id\":\"https:\/\/portalraizesnoticias.com.br\/?p=2264#primaryimage\",\"url\":\"https:\/\/portalraizesnoticias.com.br\/wp-content\/uploads\/2024\/11\/IMG-20241118-WA0360.jpg\",\"contentUrl\":\"https:\/\/portalraizesnoticias.com.br\/wp-content\/uploads\/2024\/11\/IMG-20241118-WA0360.jpg\",\"width\":466,\"height\":541},{\"@type\":\"BreadcrumbList\",\"@id\":\"https:\/\/portalraizesnoticias.com.br\/?p=2264#breadcrumb\",\"itemListElement\":[{\"@type\":\"ListItem\",\"position\":1,\"name\":\"In\u00edcio\",\"item\":\"https:\/\/portalraizesnoticias.com.br\/\"},{\"@type\":\"ListItem\",\"position\":2,\"name\":\"Secretaria de Sa\u00fade de Concei\u00e7\u00e3o do Coit\u00e9 emite comunicado sobre agendamentos de transportes para realiza\u00e7\u00e3o de procedimentos. Saiba mais!\"}]},{\"@type\":\"WebSite\",\"@id\":\"https:\/\/portalraizesnoticias.com.br\/#website\",\"url\":\"https:\/\/portalraizesnoticias.com.br\/\",\"name\":\"Portal raizes NOTICIAS\",\"description\":\"site de noticias de concei\u00e7\u00e3o do coit\u00e9 e regi\u00e3o\",\"publisher\":{\"@id\":\"https:\/\/portalraizesnoticias.com.br\/#organization\"},\"alternateName\":\"PORTAL RAIZES COIT\u00c9\",\"potentialAction\":[{\"@type\":\"SearchAction\",\"target\":{\"@type\":\"EntryPoint\",\"urlTemplate\":\"https:\/\/portalraizesnoticias.com.br\/?s={search_term_string}\"},\"query-input\":{\"@type\":\"PropertyValueSpecification\",\"valueRequired\":true,\"valueName\":\"search_term_string\"}}],\"inLanguage\":\"pt-BR\"},{\"@type\":\"Organization\",\"@id\":\"https:\/\/portalraizesnoticias.com.br\/#organization\",\"name\":\"Portal raizes NOTICIAS\",\"url\":\"https:\/\/portalraizesnoticias.com.br\/\",\"logo\":{\"@type\":\"ImageObject\",\"inLanguage\":\"pt-BR\",\"@id\":\"https:\/\/portalraizesnoticias.com.br\/#\/schema\/logo\/image\/\",\"url\":\"https:\/\/portalraizesnoticias.com.br\/wp-content\/uploads\/2024\/09\/cropped-Captura-de-tela-2024-09-08-011108.png\",\"contentUrl\":\"https:\/\/portalraizesnoticias.com.br\/wp-content\/uploads\/2024\/09\/cropped-Captura-de-tela-2024-09-08-011108.png\",\"width\":606,\"height\":173,\"caption\":\"Portal raizes NOTICIAS\"},\"image\":{\"@id\":\"https:\/\/portalraizesnoticias.com.br\/#\/schema\/logo\/image\/\"}},{\"@type\":\"Person\",\"@id\":\"https:\/\/portalraizesnoticias.com.br\/#\/schema\/person\/a3ca6b0fc701e78df19756c417d943ae\",\"name\":\"Portal Raizes\",\"image\":{\"@type\":\"ImageObject\",\"inLanguage\":\"pt-BR\",\"@id\":\"https:\/\/portalraizesnoticias.com.br\/#\/schema\/person\/image\/\",\"url\":\"https:\/\/secure.gravatar.com\/avatar\/ef450d29013a3d3fba867a12a249d7b1?s=96&d=mm&r=g\",\"contentUrl\":\"https:\/\/secure.gravatar.com\/avatar\/ef450d29013a3d3fba867a12a249d7b1?s=96&d=mm&r=g\",\"caption\":\"Portal Raizes\"},\"url\":\"https:\/\/portalraizesnoticias.com.br\/?author=3\"}]}<\/script>\n<!-- \/ Yoast SEO plugin. -->","yoast_head_json":{"title":"Secretaria de Sa\u00fade de Concei\u00e7\u00e3o do Coit\u00e9 emite comunicado sobre agendamentos de transportes para realiza\u00e7\u00e3o de procedimentos. Saiba mais! - Portal raizes noticias","robots":{"index":"index","follow":"follow","max-snippet":"max-snippet:-1","max-image-preview":"max-image-preview:large","max-video-preview":"max-video-preview:-1"},"canonical":"https:\/\/portalraizesnoticias.com.br\/?p=2264","og_locale":"pt_BR","og_type":"article","og_title":"Secretaria de Sa\u00fade de Concei\u00e7\u00e3o do Coit\u00e9 emite comunicado sobre agendamentos de transportes para realiza\u00e7\u00e3o de procedimentos. Saiba mais! - Portal raizes noticias","og_description":"A prefeitura de Concei\u00e7\u00e3o do Coit\u00e9 atrav\u00e9s da secretaria de Sa\u00fade emitiu um comunicado na tarde desta segunda-feira (18), sobre os agendamentos de transporte para deslocamento para outros hospitais.. De acordo com a publica\u00e7\u00e3o, a popula\u00e7\u00e3o precisar\u00e1 agendar os ve\u00edculos com 5 dias de anteced\u00eancia a partir do dia 01 de dezembro de 2024. O \u00f3rg\u00e3o afirmou que a marca\u00e7\u00e3o ser\u00e1 realizada com prioridade, ou seja, aqueles que estiverem fazendo tratamento cont\u00ednuo, idosos e crian\u00e7as especiais estar\u00e3o \u00e0 frente da lista. Os requisitos para solicita\u00e7\u00e3o do transporte servem para aqueles que estiverem com procedimentos regulados pela central ou n\u00e3o ofertados pelo SUS. Documentos necess\u00e1rios: RG CART\u00c3O DO SUS COMPROVANTE DE ENDERE\u00c7O COMPROVANTE REGULADO PELA CENTRAL (m\u00e9dia e alta complexidade) CONTATO TELEF\u00d4NICO Reda\u00e7\u00e3o com informa\u00e7\u00f5es da Ascom","og_url":"https:\/\/portalraizesnoticias.com.br\/?p=2264","og_site_name":"Portal raizes noticias","article_published_time":"2024-11-18T19:48:11+00:00","article_modified_time":"2024-11-18T19:50:24+00:00","og_image":[{"width":466,"height":541,"url":"https:\/\/portalraizesnoticias.com.br\/wp-content\/uploads\/2024\/11\/IMG-20241118-WA0360.jpg","type":"image\/jpeg"}],"author":"Portal Raizes","twitter_card":"summary_large_image","twitter_misc":{"Escrito por":"Portal Raizes","Est. tempo de leitura":"1 minuto"},"schema":{"@context":"https:\/\/schema.org","@graph":[{"@type":"Article","@id":"https:\/\/portalraizesnoticias.com.br\/?p=2264#article","isPartOf":{"@id":"https:\/\/portalraizesnoticias.com.br\/?p=2264"},"author":{"name":"Portal Raizes","@id":"https:\/\/portalraizesnoticias.com.br\/#\/schema\/person\/a3ca6b0fc701e78df19756c417d943ae"},"headline":"Secretaria de Sa\u00fade de Concei\u00e7\u00e3o do Coit\u00e9 emite comunicado sobre agendamentos de transportes para realiza\u00e7\u00e3o de procedimentos. Saiba mais!","datePublished":"2024-11-18T19:48:11+00:00","dateModified":"2024-11-18T19:50:24+00:00","mainEntityOfPage":{"@id":"https:\/\/portalraizesnoticias.com.br\/?p=2264"},"wordCount":164,"commentCount":0,"publisher":{"@id":"https:\/\/portalraizesnoticias.com.br\/#organization"},"image":{"@id":"https:\/\/portalraizesnoticias.com.br\/?p=2264#primaryimage"},"thumbnailUrl":"https:\/\/portalraizesnoticias.com.br\/wp-content\/uploads\/2024\/11\/IMG-20241118-WA0360.jpg","keywords":["Agendamento","Secretaria de Sa\u00fade","Transporte"],"articleSection":["DESTAQUES","SA\u00daDE","ULTIMAS NOTICIAS"],"inLanguage":"pt-BR","potentialAction":[{"@type":"CommentAction","name":"Comment","target":["https:\/\/portalraizesnoticias.com.br\/?p=2264#respond"]}]},{"@type":"WebPage","@id":"https:\/\/portalraizesnoticias.com.br\/?p=2264","url":"https:\/\/portalraizesnoticias.com.br\/?p=2264","name":"Secretaria de Sa\u00fade de Concei\u00e7\u00e3o do Coit\u00e9 emite comunicado sobre agendamentos de transportes para realiza\u00e7\u00e3o de procedimentos. Saiba mais! - Portal raizes noticias","isPartOf":{"@id":"https:\/\/portalraizesnoticias.com.br\/#website"},"primaryImageOfPage":{"@id":"https:\/\/portalraizesnoticias.com.br\/?p=2264#primaryimage"},"image":{"@id":"https:\/\/portalraizesnoticias.com.br\/?p=2264#primaryimage"},"thumbnailUrl":"https:\/\/portalraizesnoticias.com.br\/wp-content\/uploads\/2024\/11\/IMG-20241118-WA0360.jpg","datePublished":"2024-11-18T19:48:11+00:00","dateModified":"2024-11-18T19:50:24+00:00","breadcrumb":{"@id":"https:\/\/portalraizesnoticias.com.br\/?p=2264#breadcrumb"},"inLanguage":"pt-BR","potentialAction":[{"@type":"ReadAction","target":["https:\/\/portalraizesnoticias.com.br\/?p=2264"]}]},{"@type":"ImageObject","inLanguage":"pt-BR","@id":"https:\/\/portalraizesnoticias.com.br\/?p=2264#primaryimage","url":"https:\/\/portalraizesnoticias.com.br\/wp-content\/uploads\/2024\/11\/IMG-20241118-WA0360.jpg","contentUrl":"https:\/\/portalraizesnoticias.com.br\/wp-content\/uploads\/2024\/11\/IMG-20241118-WA0360.jpg","width":466,"height":541},{"@type":"BreadcrumbList","@id":"https:\/\/portalraizesnoticias.com.br\/?p=2264#breadcrumb","itemListElement":[{"@type":"ListItem","position":1,"name":"In\u00edcio","item":"https:\/\/portalraizesnoticias.com.br\/"},{"@type":"ListItem","position":2,"name":"Secretaria de Sa\u00fade de Concei\u00e7\u00e3o do Coit\u00e9 emite comunicado sobre agendamentos de transportes para realiza\u00e7\u00e3o de procedimentos. Saiba mais!"}]},{"@type":"WebSite","@id":"https:\/\/portalraizesnoticias.com.br\/#website","url":"https:\/\/portalraizesnoticias.com.br\/","name":"Portal raizes NOTICIAS","description":"site de noticias de concei\u00e7\u00e3o do coit\u00e9 e regi\u00e3o","publisher":{"@id":"https:\/\/portalraizesnoticias.com.br\/#organization"},"alternateName":"PORTAL RAIZES COIT\u00c9","potentialAction":[{"@type":"SearchAction","target":{"@type":"EntryPoint","urlTemplate":"https:\/\/portalraizesnoticias.com.br\/?s={search_term_string}"},"query-input":{"@type":"PropertyValueSpecification","valueRequired":true,"valueName":"search_term_string"}}],"inLanguage":"pt-BR"},{"@type":"Organization","@id":"https:\/\/portalraizesnoticias.com.br\/#organization","name":"Portal raizes NOTICIAS","url":"https:\/\/portalraizesnoticias.com.br\/","logo":{"@type":"ImageObject","inLanguage":"pt-BR","@id":"https:\/\/portalraizesnoticias.com.br\/#\/schema\/logo\/image\/","url":"https:\/\/portalraizesnoticias.com.br\/wp-content\/uploads\/2024\/09\/cropped-Captura-de-tela-2024-09-08-011108.png","contentUrl":"https:\/\/portalraizesnoticias.com.br\/wp-content\/uploads\/2024\/09\/cropped-Captura-de-tela-2024-09-08-011108.png","width":606,"height":173,"caption":"Portal raizes NOTICIAS"},"image":{"@id":"https:\/\/portalraizesnoticias.com.br\/#\/schema\/logo\/image\/"}},{"@type":"Person","@id":"https:\/\/portalraizesnoticias.com.br\/#\/schema\/person\/a3ca6b0fc701e78df19756c417d943ae","name":"Portal Raizes","image":{"@type":"ImageObject","inLanguage":"pt-BR","@id":"https:\/\/portalraizesnoticias.com.br\/#\/schema\/person\/image\/","url":"https:\/\/secure.gravatar.com\/avatar\/ef450d29013a3d3fba867a12a249d7b1?s=96&d=mm&r=g","contentUrl":"https:\/\/secure.gravatar.com\/avatar\/ef450d29013a3d3fba867a12a249d7b1?s=96&d=mm&r=g","caption":"Portal Raizes"},"url":"https:\/\/portalraizesnoticias.com.br\/?author=3"}]}},"_links":{"self":[{"href":"https:\/\/portalraizesnoticias.com.br\/index.php?rest_route=\/wp\/v2\/posts\/2264"}],"collection":[{"href":"https:\/\/portalraizesnoticias.com.br\/index.php?rest_route=\/wp\/v2\/posts"}],"about":[{"href":"https:\/\/portalraizesnoticias.com.br\/index.php?rest_route=\/wp\/v2\/types\/post"}],"author":[{"embeddable":true,"href":"https:\/\/portalraizesnoticias.com.br\/index.php?rest_route=\/wp\/v2\/users\/3"}],"replies":[{"embeddable":true,"href":"https:\/\/portalraizesnoticias.com.br\/index.php?rest_route=%2Fwp%2Fv2%2Fcomments&post=2264"}],"version-history":[{"count":2,"href":"https:\/\/portalraizesnoticias.com.br\/index.php?rest_route=\/wp\/v2\/posts\/2264\/revisions"}],"predecessor-version":[{"id":2267,"href":"https:\/\/portalraizesnoticias.com.br\/index.php?rest_route=\/wp\/v2\/posts\/2264\/revisions\/2267"}],"wp:featuredmedia":[{"embeddable":true,"href":"https:\/\/portalraizesnoticias.com.br\/index.php?rest_route=\/wp\/v2\/media\/2265"}],"wp:attachment":[{"href":"https:\/\/portalraizesnoticias.com.br\/index.php?rest_route=%2Fwp%2Fv2%2Fmedia&parent=2264"}],"wp:term":[{"taxonomy":"category","embeddable":true,"href":"https:\/\/portalraizesnoticias.com.br\/index.php?rest_route=%2Fwp%2Fv2%2Fcategories&post=2264"},{"taxonomy":"post_tag","embeddable":true,"href":"https:\/\/portalraizesnoticias.com.br\/index.php?rest_route=%2Fwp%2Fv2%2Ftags&post=2264"}],"curies":[{"name":"wp","href":"https:\/\/api.w.org\/{rel}","templated":true}]}}