{"id":2243,"date":"2024-11-16T01:30:51","date_gmt":"2024-11-16T01:30:51","guid":{"rendered":"https:\/\/portalraizesnoticias.com.br\/?p=2243"},"modified":"2024-11-16T01:30:51","modified_gmt":"2024-11-16T01:30:51","slug":"video-show-piromusical-e-projecao-mapeada-ganham-destaque-na-abertura-do-natal-luz-em-conceicao-do-coite","status":"publish","type":"post","link":"https:\/\/portalraizesnoticias.com.br\/?p=2243","title":{"rendered":"V\u00eddeo: Show piromusical e proje\u00e7\u00e3o mapeada ganham destaque na abertura do Natal Luz em Concei\u00e7\u00e3o do Coit\u00e9"},"content":{"rendered":"<p>Uma multid\u00e3o se reuniu na noite desta sexta- feira (15), no centro de Concei\u00e7\u00e3o do Coit\u00e9 para acompanhar a abertura do Natal Luz 2024.<\/p>\n<div style=\"width: 720px;\" class=\"wp-video\"><!--[if lt IE 9]><script>document.createElement('video');<\/script><![endif]-->\n<video class=\"wp-video-shortcode\" id=\"video-2243-1\" width=\"720\" height=\"1280\" preload=\"metadata\" controls=\"controls\"><source type=\"video\/mp4\" src=\"https:\/\/portalraizesnoticias.com.br\/wp-content\/uploads\/2024\/11\/Snapinsta.app_video_AQP4x9UnNxswpRO3FkMdgE-bfykcAiEbZSg_Llm7RkU7qZ310pQSWYgNvPoLcqWFJjtmHJFI44DPHA2tDRP772NA.mp4?_=1\" \/><a href=\"https:\/\/portalraizesnoticias.com.br\/wp-content\/uploads\/2024\/11\/Snapinsta.app_video_AQP4x9UnNxswpRO3FkMdgE-bfykcAiEbZSg_Llm7RkU7qZ310pQSWYgNvPoLcqWFJjtmHJFI44DPHA2tDRP772NA.mp4\">https:\/\/portalraizesnoticias.com.br\/wp-content\/uploads\/2024\/11\/Snapinsta.app_video_AQP4x9UnNxswpRO3FkMdgE-bfykcAiEbZSg_Llm7RkU7qZ310pQSWYgNvPoLcqWFJjtmHJFI44DPHA2tDRP772NA.mp4<\/a><\/video><\/div>\n<p>O p\u00fablico ficou impressionado com a qualidade do evento que promete atrair visitantes de todo Brasil.<\/p>\n<p>O Natal Luz foi marcado com a entrega da chave da cidade ao Papai Noel, concerto da Orquestra Santo Ant\u00f4nio e apresenta\u00e7\u00f5es de artistas do munic\u00edpio.<\/p>\n<p>Al\u00e9m da tradicional decora\u00e7\u00e3o, o c\u00e9u tamb\u00e9m ganhou luzes e cores com um show de fogos de artif\u00edcio que faziam sincronia com as can\u00e7\u00f5es.<\/p>\n<p>&#8220;Eu amo participar do Natal Luz de Coit\u00e9. Acho que a festa atrai milhares de pessoas e aquece a economia do nosso munic\u00edpio&#8221;, disse uma moradora.<\/p>\n<p>Outro morador tamb\u00e9m ficou impressionado com a proje\u00e7\u00e3o mapeada na Igreja da Matriz.<\/p>\n<div style=\"width: 720px;\" class=\"wp-video\"><video class=\"wp-video-shortcode\" id=\"video-2243-2\" width=\"720\" height=\"1280\" preload=\"metadata\" controls=\"controls\"><source type=\"video\/mp4\" src=\"https:\/\/portalraizesnoticias.com.br\/wp-content\/uploads\/2024\/11\/Snapinsta.app_video_AQPbWTUVzhZ1JriQ-93w9tWTkD0PEhLZyJ6p6p9G3bq8xww3eDQry8t1x3LSg0R7IMG-CPBzQDcpu3__k4uxBDUl.mp4?_=2\" \/><a href=\"https:\/\/portalraizesnoticias.com.br\/wp-content\/uploads\/2024\/11\/Snapinsta.app_video_AQPbWTUVzhZ1JriQ-93w9tWTkD0PEhLZyJ6p6p9G3bq8xww3eDQry8t1x3LSg0R7IMG-CPBzQDcpu3__k4uxBDUl.mp4\">https:\/\/portalraizesnoticias.com.br\/wp-content\/uploads\/2024\/11\/Snapinsta.app_video_AQPbWTUVzhZ1JriQ-93w9tWTkD0PEhLZyJ6p6p9G3bq8xww3eDQry8t1x3LSg0R7IMG-CPBzQDcpu3__k4uxBDUl.mp4<\/a><\/video><\/div>\n<p>A tecnologia \u00e9 uma t\u00e9cnica visual que consiste em projetar imagens sobre superf\u00edcies, criando efeitos que impactam o expectador.<\/p>\n<p>&#8220;A cidade nunca teve um per\u00edodo t\u00e3o lindo como este. Estou emocionado. Ver essas imagens na igreja e escutar essa qualidade musical da Orquestra Santo Ant\u00f4nio me fez chorar&#8221;, disse.<\/p>\n<p>O prefeito da cidade, Marcelo Ara\u00fajo, demonstrou satisfa\u00e7\u00e3o em promover o Natal Luz e garantiu a popula\u00e7\u00e3o que a festa se estender\u00e1 por mais quatro anos ap\u00f3s vencer as elei\u00e7\u00f5es municipais.<\/p>\n<p>&#8220;Agrade\u00e7o a confian\u00e7a que o povo de Coit\u00e9 depositou em mim para conduzir o destino dessa terra por mais quatro anos. Natal Luz \u00e9 a cara do progresso&#8221;, falou emocionado<\/p>\n<p>De acordo com divulga\u00e7\u00e3o nas redes sociais da prefeitura, ser\u00e3o 52 dias de Natal Luz com programa\u00e7\u00e3o diversificada.<\/p>\n<p>Reda\u00e7\u00e3o<\/p>\n<p>V\u00eddeo: Rede Social<\/p>\n","protected":false},"excerpt":{"rendered":"<p>Uma multid\u00e3o se reuniu na noite desta sexta- feira (15), no centro de Concei\u00e7\u00e3o do Coit\u00e9 para acompanhar a abertura do Natal Luz 2024. O p\u00fablico ficou impressionado com a qualidade do evento que promete atrair visitantes de todo Brasil. O Natal Luz foi marcado com a entrega da chave da cidade ao Papai Noel, concerto da Orquestra Santo Ant\u00f4nio e apresenta\u00e7\u00f5es de artistas do munic\u00edpio. Al\u00e9m da tradicional decora\u00e7\u00e3o, o c\u00e9u tamb\u00e9m ganhou luzes e cores com um show de fogos de artif\u00edcio que faziam sincronia com as can\u00e7\u00f5es. &#8220;Eu amo participar do Natal Luz de Coit\u00e9. Acho que a festa atrai milhares de pessoas e aquece a economia do nosso munic\u00edpio&#8221;, disse uma moradora. Outro morador tamb\u00e9m ficou impressionado com a proje\u00e7\u00e3o mapeada na Igreja da Matriz. A tecnologia \u00e9 uma t\u00e9cnica visual que consiste em projetar imagens sobre superf\u00edcies, criando efeitos que impactam o expectador. &#8220;A cidade nunca teve um per\u00edodo t\u00e3o lindo como este. Estou emocionado. Ver essas imagens na igreja e escutar essa qualidade musical da Orquestra Santo Ant\u00f4nio me fez chorar&#8221;, disse. O prefeito da cidade, Marcelo Ara\u00fajo, demonstrou satisfa\u00e7\u00e3o em promover o Natal Luz e garantiu a popula\u00e7\u00e3o que a festa se estender\u00e1 por mais quatro anos ap\u00f3s vencer as elei\u00e7\u00f5es municipais. &#8220;Agrade\u00e7o a confian\u00e7a que o povo de Coit\u00e9 depositou em mim para conduzir o destino dessa terra por mais quatro anos. Natal Luz \u00e9 a cara do progresso&#8221;, falou emocionado De acordo com divulga\u00e7\u00e3o nas redes sociais da prefeitura, ser\u00e3o 52 dias de Natal Luz com programa\u00e7\u00e3o diversificada. Reda\u00e7\u00e3o V\u00eddeo: Rede Social<\/p>\n","protected":false},"author":3,"featured_media":2246,"comment_status":"open","ping_status":"open","sticky":false,"template":"","format":"standard","meta":{"_joinchat":[],"footnotes":""},"categories":[69,59],"tags":[137,212],"class_list":["post-2243","post","type-post","status-publish","format-standard","has-post-thumbnail","hentry","category-entreterimento-e-cultura","category-ultimas-noticias","tag-bahia","tag-natal-luz-coite"],"yoast_head":"<!-- This site is optimized with the Yoast SEO plugin v24.4 - https:\/\/yoast.com\/wordpress\/plugins\/seo\/ -->\n<title>V\u00eddeo: Show piromusical e proje\u00e7\u00e3o mapeada ganham destaque na abertura do Natal Luz em Concei\u00e7\u00e3o do Coit\u00e9 - Portal raizes noticias<\/title>\n<meta name=\"robots\" content=\"index, follow, max-snippet:-1, max-image-preview:large, max-video-preview:-1\" \/>\n<link rel=\"canonical\" href=\"https:\/\/portalraizesnoticias.com.br\/?p=2243\" \/>\n<meta property=\"og:locale\" content=\"pt_BR\" \/>\n<meta property=\"og:type\" content=\"article\" \/>\n<meta property=\"og:title\" content=\"V\u00eddeo: Show piromusical e proje\u00e7\u00e3o mapeada ganham destaque na abertura do Natal Luz em Concei\u00e7\u00e3o do Coit\u00e9 - Portal raizes noticias\" \/>\n<meta property=\"og:description\" content=\"Uma multid\u00e3o se reuniu na noite desta sexta- feira (15), no centro de Concei\u00e7\u00e3o do Coit\u00e9 para acompanhar a abertura do Natal Luz 2024. O p\u00fablico ficou impressionado com a qualidade do evento que promete atrair visitantes de todo Brasil. O Natal Luz foi marcado com a entrega da chave da cidade ao Papai Noel, concerto da Orquestra Santo Ant\u00f4nio e apresenta\u00e7\u00f5es de artistas do munic\u00edpio. Al\u00e9m da tradicional decora\u00e7\u00e3o, o c\u00e9u tamb\u00e9m ganhou luzes e cores com um show de fogos de artif\u00edcio que faziam sincronia com as can\u00e7\u00f5es. &#8220;Eu amo participar do Natal Luz de Coit\u00e9. Acho que a festa atrai milhares de pessoas e aquece a economia do nosso munic\u00edpio&#8221;, disse uma moradora. Outro morador tamb\u00e9m ficou impressionado com a proje\u00e7\u00e3o mapeada na Igreja da Matriz. A tecnologia \u00e9 uma t\u00e9cnica visual que consiste em projetar imagens sobre superf\u00edcies, criando efeitos que impactam o expectador. &#8220;A cidade nunca teve um per\u00edodo t\u00e3o lindo como este. Estou emocionado. Ver essas imagens na igreja e escutar essa qualidade musical da Orquestra Santo Ant\u00f4nio me fez chorar&#8221;, disse. O prefeito da cidade, Marcelo Ara\u00fajo, demonstrou satisfa\u00e7\u00e3o em promover o Natal Luz e garantiu a popula\u00e7\u00e3o que a festa se estender\u00e1 por mais quatro anos ap\u00f3s vencer as elei\u00e7\u00f5es municipais. &#8220;Agrade\u00e7o a confian\u00e7a que o povo de Coit\u00e9 depositou em mim para conduzir o destino dessa terra por mais quatro anos. Natal Luz \u00e9 a cara do progresso&#8221;, falou emocionado De acordo com divulga\u00e7\u00e3o nas redes sociais da prefeitura, ser\u00e3o 52 dias de Natal Luz com programa\u00e7\u00e3o diversificada. Reda\u00e7\u00e3o V\u00eddeo: Rede Social\" \/>\n<meta property=\"og:url\" content=\"https:\/\/portalraizesnoticias.com.br\/?p=2243\" \/>\n<meta property=\"og:site_name\" content=\"Portal raizes noticias\" \/>\n<meta property=\"article:published_time\" content=\"2024-11-16T01:30:51+00:00\" \/>\n<meta property=\"og:image\" content=\"https:\/\/portalraizesnoticias.com.br\/wp-content\/uploads\/2024\/11\/IMG-20241115-WA0391.jpg\" \/>\n\t<meta property=\"og:image:width\" content=\"1080\" \/>\n\t<meta property=\"og:image:height\" content=\"977\" \/>\n\t<meta property=\"og:image:type\" content=\"image\/jpeg\" \/>\n<meta name=\"author\" content=\"Portal Raizes\" \/>\n<meta name=\"twitter:card\" content=\"summary_large_image\" \/>\n<meta name=\"twitter:label1\" content=\"Escrito por\" \/>\n\t<meta name=\"twitter:data1\" content=\"Portal Raizes\" \/>\n\t<meta name=\"twitter:label2\" content=\"Est. tempo de leitura\" \/>\n\t<meta name=\"twitter:data2\" content=\"2 minutos\" \/>\n<script type=\"application\/ld+json\" class=\"yoast-schema-graph\">{\"@context\":\"https:\/\/schema.org\",\"@graph\":[{\"@type\":\"Article\",\"@id\":\"https:\/\/portalraizesnoticias.com.br\/?p=2243#article\",\"isPartOf\":{\"@id\":\"https:\/\/portalraizesnoticias.com.br\/?p=2243\"},\"author\":{\"name\":\"Portal Raizes\",\"@id\":\"https:\/\/portalraizesnoticias.com.br\/#\/schema\/person\/a3ca6b0fc701e78df19756c417d943ae\"},\"headline\":\"V\u00eddeo: Show piromusical e proje\u00e7\u00e3o mapeada ganham destaque na abertura do Natal Luz em Concei\u00e7\u00e3o do Coit\u00e9\",\"datePublished\":\"2024-11-16T01:30:51+00:00\",\"mainEntityOfPage\":{\"@id\":\"https:\/\/portalraizesnoticias.com.br\/?p=2243\"},\"wordCount\":367,\"commentCount\":0,\"publisher\":{\"@id\":\"https:\/\/portalraizesnoticias.com.br\/#organization\"},\"image\":{\"@id\":\"https:\/\/portalraizesnoticias.com.br\/?p=2243#primaryimage\"},\"thumbnailUrl\":\"https:\/\/portalraizesnoticias.com.br\/wp-content\/uploads\/2024\/11\/IMG-20241115-WA0391.jpg\",\"keywords\":[\"Bahia\",\"Natal luz coit\u00e9\"],\"articleSection\":[\"ENTRETERIMENTO E CULTURA\",\"ULTIMAS NOTICIAS\"],\"inLanguage\":\"pt-BR\",\"potentialAction\":[{\"@type\":\"CommentAction\",\"name\":\"Comment\",\"target\":[\"https:\/\/portalraizesnoticias.com.br\/?p=2243#respond\"]}]},{\"@type\":\"WebPage\",\"@id\":\"https:\/\/portalraizesnoticias.com.br\/?p=2243\",\"url\":\"https:\/\/portalraizesnoticias.com.br\/?p=2243\",\"name\":\"V\u00eddeo: Show piromusical e proje\u00e7\u00e3o mapeada ganham destaque na abertura do Natal Luz em Concei\u00e7\u00e3o do Coit\u00e9 - Portal raizes noticias\",\"isPartOf\":{\"@id\":\"https:\/\/portalraizesnoticias.com.br\/#website\"},\"primaryImageOfPage\":{\"@id\":\"https:\/\/portalraizesnoticias.com.br\/?p=2243#primaryimage\"},\"image\":{\"@id\":\"https:\/\/portalraizesnoticias.com.br\/?p=2243#primaryimage\"},\"thumbnailUrl\":\"https:\/\/portalraizesnoticias.com.br\/wp-content\/uploads\/2024\/11\/IMG-20241115-WA0391.jpg\",\"datePublished\":\"2024-11-16T01:30:51+00:00\",\"breadcrumb\":{\"@id\":\"https:\/\/portalraizesnoticias.com.br\/?p=2243#breadcrumb\"},\"inLanguage\":\"pt-BR\",\"potentialAction\":[{\"@type\":\"ReadAction\",\"target\":[\"https:\/\/portalraizesnoticias.com.br\/?p=2243\"]}]},{\"@type\":\"ImageObject\",\"inLanguage\":\"pt-BR\",\"@id\":\"https:\/\/portalraizesnoticias.com.br\/?p=2243#primaryimage\",\"url\":\"https:\/\/portalraizesnoticias.com.br\/wp-content\/uploads\/2024\/11\/IMG-20241115-WA0391.jpg\",\"contentUrl\":\"https:\/\/portalraizesnoticias.com.br\/wp-content\/uploads\/2024\/11\/IMG-20241115-WA0391.jpg\",\"width\":1080,\"height\":977},{\"@type\":\"BreadcrumbList\",\"@id\":\"https:\/\/portalraizesnoticias.com.br\/?p=2243#breadcrumb\",\"itemListElement\":[{\"@type\":\"ListItem\",\"position\":1,\"name\":\"In\u00edcio\",\"item\":\"https:\/\/portalraizesnoticias.com.br\/\"},{\"@type\":\"ListItem\",\"position\":2,\"name\":\"V\u00eddeo: Show piromusical e proje\u00e7\u00e3o mapeada ganham destaque na abertura do Natal Luz em Concei\u00e7\u00e3o do Coit\u00e9\"}]},{\"@type\":\"WebSite\",\"@id\":\"https:\/\/portalraizesnoticias.com.br\/#website\",\"url\":\"https:\/\/portalraizesnoticias.com.br\/\",\"name\":\"Portal raizes NOTICIAS\",\"description\":\"site de noticias de concei\u00e7\u00e3o do coit\u00e9 e regi\u00e3o\",\"publisher\":{\"@id\":\"https:\/\/portalraizesnoticias.com.br\/#organization\"},\"alternateName\":\"PORTAL RAIZES COIT\u00c9\",\"potentialAction\":[{\"@type\":\"SearchAction\",\"target\":{\"@type\":\"EntryPoint\",\"urlTemplate\":\"https:\/\/portalraizesnoticias.com.br\/?s={search_term_string}\"},\"query-input\":{\"@type\":\"PropertyValueSpecification\",\"valueRequired\":true,\"valueName\":\"search_term_string\"}}],\"inLanguage\":\"pt-BR\"},{\"@type\":\"Organization\",\"@id\":\"https:\/\/portalraizesnoticias.com.br\/#organization\",\"name\":\"Portal raizes NOTICIAS\",\"url\":\"https:\/\/portalraizesnoticias.com.br\/\",\"logo\":{\"@type\":\"ImageObject\",\"inLanguage\":\"pt-BR\",\"@id\":\"https:\/\/portalraizesnoticias.com.br\/#\/schema\/logo\/image\/\",\"url\":\"https:\/\/portalraizesnoticias.com.br\/wp-content\/uploads\/2024\/09\/cropped-Captura-de-tela-2024-09-08-011108.png\",\"contentUrl\":\"https:\/\/portalraizesnoticias.com.br\/wp-content\/uploads\/2024\/09\/cropped-Captura-de-tela-2024-09-08-011108.png\",\"width\":606,\"height\":173,\"caption\":\"Portal raizes NOTICIAS\"},\"image\":{\"@id\":\"https:\/\/portalraizesnoticias.com.br\/#\/schema\/logo\/image\/\"}},{\"@type\":\"Person\",\"@id\":\"https:\/\/portalraizesnoticias.com.br\/#\/schema\/person\/a3ca6b0fc701e78df19756c417d943ae\",\"name\":\"Portal Raizes\",\"image\":{\"@type\":\"ImageObject\",\"inLanguage\":\"pt-BR\",\"@id\":\"https:\/\/portalraizesnoticias.com.br\/#\/schema\/person\/image\/\",\"url\":\"https:\/\/secure.gravatar.com\/avatar\/ef450d29013a3d3fba867a12a249d7b1?s=96&d=mm&r=g\",\"contentUrl\":\"https:\/\/secure.gravatar.com\/avatar\/ef450d29013a3d3fba867a12a249d7b1?s=96&d=mm&r=g\",\"caption\":\"Portal Raizes\"},\"url\":\"https:\/\/portalraizesnoticias.com.br\/?author=3\"}]}<\/script>\n<!-- \/ Yoast SEO plugin. -->","yoast_head_json":{"title":"V\u00eddeo: Show piromusical e proje\u00e7\u00e3o mapeada ganham destaque na abertura do Natal Luz em Concei\u00e7\u00e3o do Coit\u00e9 - Portal raizes noticias","robots":{"index":"index","follow":"follow","max-snippet":"max-snippet:-1","max-image-preview":"max-image-preview:large","max-video-preview":"max-video-preview:-1"},"canonical":"https:\/\/portalraizesnoticias.com.br\/?p=2243","og_locale":"pt_BR","og_type":"article","og_title":"V\u00eddeo: Show piromusical e proje\u00e7\u00e3o mapeada ganham destaque na abertura do Natal Luz em Concei\u00e7\u00e3o do Coit\u00e9 - Portal raizes noticias","og_description":"Uma multid\u00e3o se reuniu na noite desta sexta- feira (15), no centro de Concei\u00e7\u00e3o do Coit\u00e9 para acompanhar a abertura do Natal Luz 2024. O p\u00fablico ficou impressionado com a qualidade do evento que promete atrair visitantes de todo Brasil. O Natal Luz foi marcado com a entrega da chave da cidade ao Papai Noel, concerto da Orquestra Santo Ant\u00f4nio e apresenta\u00e7\u00f5es de artistas do munic\u00edpio. Al\u00e9m da tradicional decora\u00e7\u00e3o, o c\u00e9u tamb\u00e9m ganhou luzes e cores com um show de fogos de artif\u00edcio que faziam sincronia com as can\u00e7\u00f5es. &#8220;Eu amo participar do Natal Luz de Coit\u00e9. Acho que a festa atrai milhares de pessoas e aquece a economia do nosso munic\u00edpio&#8221;, disse uma moradora. Outro morador tamb\u00e9m ficou impressionado com a proje\u00e7\u00e3o mapeada na Igreja da Matriz. A tecnologia \u00e9 uma t\u00e9cnica visual que consiste em projetar imagens sobre superf\u00edcies, criando efeitos que impactam o expectador. &#8220;A cidade nunca teve um per\u00edodo t\u00e3o lindo como este. Estou emocionado. Ver essas imagens na igreja e escutar essa qualidade musical da Orquestra Santo Ant\u00f4nio me fez chorar&#8221;, disse. O prefeito da cidade, Marcelo Ara\u00fajo, demonstrou satisfa\u00e7\u00e3o em promover o Natal Luz e garantiu a popula\u00e7\u00e3o que a festa se estender\u00e1 por mais quatro anos ap\u00f3s vencer as elei\u00e7\u00f5es municipais. &#8220;Agrade\u00e7o a confian\u00e7a que o povo de Coit\u00e9 depositou em mim para conduzir o destino dessa terra por mais quatro anos. Natal Luz \u00e9 a cara do progresso&#8221;, falou emocionado De acordo com divulga\u00e7\u00e3o nas redes sociais da prefeitura, ser\u00e3o 52 dias de Natal Luz com programa\u00e7\u00e3o diversificada. Reda\u00e7\u00e3o V\u00eddeo: Rede Social","og_url":"https:\/\/portalraizesnoticias.com.br\/?p=2243","og_site_name":"Portal raizes noticias","article_published_time":"2024-11-16T01:30:51+00:00","og_image":[{"width":1080,"height":977,"url":"https:\/\/portalraizesnoticias.com.br\/wp-content\/uploads\/2024\/11\/IMG-20241115-WA0391.jpg","type":"image\/jpeg"}],"author":"Portal Raizes","twitter_card":"summary_large_image","twitter_misc":{"Escrito por":"Portal Raizes","Est. tempo de leitura":"2 minutos"},"schema":{"@context":"https:\/\/schema.org","@graph":[{"@type":"Article","@id":"https:\/\/portalraizesnoticias.com.br\/?p=2243#article","isPartOf":{"@id":"https:\/\/portalraizesnoticias.com.br\/?p=2243"},"author":{"name":"Portal Raizes","@id":"https:\/\/portalraizesnoticias.com.br\/#\/schema\/person\/a3ca6b0fc701e78df19756c417d943ae"},"headline":"V\u00eddeo: Show piromusical e proje\u00e7\u00e3o mapeada ganham destaque na abertura do Natal Luz em Concei\u00e7\u00e3o do Coit\u00e9","datePublished":"2024-11-16T01:30:51+00:00","mainEntityOfPage":{"@id":"https:\/\/portalraizesnoticias.com.br\/?p=2243"},"wordCount":367,"commentCount":0,"publisher":{"@id":"https:\/\/portalraizesnoticias.com.br\/#organization"},"image":{"@id":"https:\/\/portalraizesnoticias.com.br\/?p=2243#primaryimage"},"thumbnailUrl":"https:\/\/portalraizesnoticias.com.br\/wp-content\/uploads\/2024\/11\/IMG-20241115-WA0391.jpg","keywords":["Bahia","Natal luz coit\u00e9"],"articleSection":["ENTRETERIMENTO E CULTURA","ULTIMAS NOTICIAS"],"inLanguage":"pt-BR","potentialAction":[{"@type":"CommentAction","name":"Comment","target":["https:\/\/portalraizesnoticias.com.br\/?p=2243#respond"]}]},{"@type":"WebPage","@id":"https:\/\/portalraizesnoticias.com.br\/?p=2243","url":"https:\/\/portalraizesnoticias.com.br\/?p=2243","name":"V\u00eddeo: Show piromusical e proje\u00e7\u00e3o mapeada ganham destaque na abertura do Natal Luz em Concei\u00e7\u00e3o do Coit\u00e9 - Portal raizes noticias","isPartOf":{"@id":"https:\/\/portalraizesnoticias.com.br\/#website"},"primaryImageOfPage":{"@id":"https:\/\/portalraizesnoticias.com.br\/?p=2243#primaryimage"},"image":{"@id":"https:\/\/portalraizesnoticias.com.br\/?p=2243#primaryimage"},"thumbnailUrl":"https:\/\/portalraizesnoticias.com.br\/wp-content\/uploads\/2024\/11\/IMG-20241115-WA0391.jpg","datePublished":"2024-11-16T01:30:51+00:00","breadcrumb":{"@id":"https:\/\/portalraizesnoticias.com.br\/?p=2243#breadcrumb"},"inLanguage":"pt-BR","potentialAction":[{"@type":"ReadAction","target":["https:\/\/portalraizesnoticias.com.br\/?p=2243"]}]},{"@type":"ImageObject","inLanguage":"pt-BR","@id":"https:\/\/portalraizesnoticias.com.br\/?p=2243#primaryimage","url":"https:\/\/portalraizesnoticias.com.br\/wp-content\/uploads\/2024\/11\/IMG-20241115-WA0391.jpg","contentUrl":"https:\/\/portalraizesnoticias.com.br\/wp-content\/uploads\/2024\/11\/IMG-20241115-WA0391.jpg","width":1080,"height":977},{"@type":"BreadcrumbList","@id":"https:\/\/portalraizesnoticias.com.br\/?p=2243#breadcrumb","itemListElement":[{"@type":"ListItem","position":1,"name":"In\u00edcio","item":"https:\/\/portalraizesnoticias.com.br\/"},{"@type":"ListItem","position":2,"name":"V\u00eddeo: Show piromusical e proje\u00e7\u00e3o mapeada ganham destaque na abertura do Natal Luz em Concei\u00e7\u00e3o do Coit\u00e9"}]},{"@type":"WebSite","@id":"https:\/\/portalraizesnoticias.com.br\/#website","url":"https:\/\/portalraizesnoticias.com.br\/","name":"Portal raizes NOTICIAS","description":"site de noticias de concei\u00e7\u00e3o do coit\u00e9 e regi\u00e3o","publisher":{"@id":"https:\/\/portalraizesnoticias.com.br\/#organization"},"alternateName":"PORTAL RAIZES COIT\u00c9","potentialAction":[{"@type":"SearchAction","target":{"@type":"EntryPoint","urlTemplate":"https:\/\/portalraizesnoticias.com.br\/?s={search_term_string}"},"query-input":{"@type":"PropertyValueSpecification","valueRequired":true,"valueName":"search_term_string"}}],"inLanguage":"pt-BR"},{"@type":"Organization","@id":"https:\/\/portalraizesnoticias.com.br\/#organization","name":"Portal raizes NOTICIAS","url":"https:\/\/portalraizesnoticias.com.br\/","logo":{"@type":"ImageObject","inLanguage":"pt-BR","@id":"https:\/\/portalraizesnoticias.com.br\/#\/schema\/logo\/image\/","url":"https:\/\/portalraizesnoticias.com.br\/wp-content\/uploads\/2024\/09\/cropped-Captura-de-tela-2024-09-08-011108.png","contentUrl":"https:\/\/portalraizesnoticias.com.br\/wp-content\/uploads\/2024\/09\/cropped-Captura-de-tela-2024-09-08-011108.png","width":606,"height":173,"caption":"Portal raizes NOTICIAS"},"image":{"@id":"https:\/\/portalraizesnoticias.com.br\/#\/schema\/logo\/image\/"}},{"@type":"Person","@id":"https:\/\/portalraizesnoticias.com.br\/#\/schema\/person\/a3ca6b0fc701e78df19756c417d943ae","name":"Portal Raizes","image":{"@type":"ImageObject","inLanguage":"pt-BR","@id":"https:\/\/portalraizesnoticias.com.br\/#\/schema\/person\/image\/","url":"https:\/\/secure.gravatar.com\/avatar\/ef450d29013a3d3fba867a12a249d7b1?s=96&d=mm&r=g","contentUrl":"https:\/\/secure.gravatar.com\/avatar\/ef450d29013a3d3fba867a12a249d7b1?s=96&d=mm&r=g","caption":"Portal Raizes"},"url":"https:\/\/portalraizesnoticias.com.br\/?author=3"}]}},"_links":{"self":[{"href":"https:\/\/portalraizesnoticias.com.br\/index.php?rest_route=\/wp\/v2\/posts\/2243"}],"collection":[{"href":"https:\/\/portalraizesnoticias.com.br\/index.php?rest_route=\/wp\/v2\/posts"}],"about":[{"href":"https:\/\/portalraizesnoticias.com.br\/index.php?rest_route=\/wp\/v2\/types\/post"}],"author":[{"embeddable":true,"href":"https:\/\/portalraizesnoticias.com.br\/index.php?rest_route=\/wp\/v2\/users\/3"}],"replies":[{"embeddable":true,"href":"https:\/\/portalraizesnoticias.com.br\/index.php?rest_route=%2Fwp%2Fv2%2Fcomments&post=2243"}],"version-history":[{"count":1,"href":"https:\/\/portalraizesnoticias.com.br\/index.php?rest_route=\/wp\/v2\/posts\/2243\/revisions"}],"predecessor-version":[{"id":2247,"href":"https:\/\/portalraizesnoticias.com.br\/index.php?rest_route=\/wp\/v2\/posts\/2243\/revisions\/2247"}],"wp:featuredmedia":[{"embeddable":true,"href":"https:\/\/portalraizesnoticias.com.br\/index.php?rest_route=\/wp\/v2\/media\/2246"}],"wp:attachment":[{"href":"https:\/\/portalraizesnoticias.com.br\/index.php?rest_route=%2Fwp%2Fv2%2Fmedia&parent=2243"}],"wp:term":[{"taxonomy":"category","embeddable":true,"href":"https:\/\/portalraizesnoticias.com.br\/index.php?rest_route=%2Fwp%2Fv2%2Fcategories&post=2243"},{"taxonomy":"post_tag","embeddable":true,"href":"https:\/\/portalraizesnoticias.com.br\/index.php?rest_route=%2Fwp%2Fv2%2Ftags&post=2243"}],"curies":[{"name":"wp","href":"https:\/\/api.w.org\/{rel}","templated":true}]}}