{"id":2187,"date":"2024-11-13T00:17:08","date_gmt":"2024-11-13T00:17:08","guid":{"rendered":"https:\/\/portalraizesnoticias.com.br\/?p=2187"},"modified":"2024-11-13T00:17:09","modified_gmt":"2024-11-13T00:17:09","slug":"ciclista-fica-ferido-apos-cair-na-ba-409-em-conceicao-do-coite-outro-acidente-de-moto-foi-registrado-no-mesmo-local","status":"publish","type":"post","link":"https:\/\/portalraizesnoticias.com.br\/?p=2187","title":{"rendered":"Ciclista fica ferido ap\u00f3s cair na BA-409 em Concei\u00e7\u00e3o do Coit\u00e9; outro acidente de moto foi registrado no mesmo local"},"content":{"rendered":"<p>Por.volta das 19h37 desta ter\u00e7a-feira (12), dois acidentes foram registrados na BA-409, pr\u00f3ximo \u00e0 Churrascaria Koreano em Concei\u00e7\u00e3o do Coit\u00e9.<\/p>\n<p>De acordo com informa\u00e7\u00f5es, Jucivan Souza, 52 anos, estava transitando em uma.bicicleta quando perdeu o controle e caiu.<\/p>\n<p><img fetchpriority=\"high\" decoding=\"async\" class=\"size-medium wp-image-1970 aligncenter\" src=\"https:\/\/portalraizesnoticias.com.br\/wp-content\/uploads\/2024\/11\/Banner-home-center-300x300.jpg\" alt=\"\" width=\"300\" height=\"300\" srcset=\"https:\/\/portalraizesnoticias.com.br\/wp-content\/uploads\/2024\/11\/Banner-home-center-300x300.jpg 300w, https:\/\/portalraizesnoticias.com.br\/wp-content\/uploads\/2024\/11\/Banner-home-center-1024x1024.jpg 1024w, https:\/\/portalraizesnoticias.com.br\/wp-content\/uploads\/2024\/11\/Banner-home-center-150x150.jpg 150w, https:\/\/portalraizesnoticias.com.br\/wp-content\/uploads\/2024\/11\/Banner-home-center-768x768.jpg 768w, https:\/\/portalraizesnoticias.com.br\/wp-content\/uploads\/2024\/11\/Banner-home-center-700x700.jpg 700w, https:\/\/portalraizesnoticias.com.br\/wp-content\/uploads\/2024\/11\/Banner-home-center-620x620.jpg 620w, https:\/\/portalraizesnoticias.com.br\/wp-content\/uploads\/2024\/11\/Banner-home-center-400x400.jpg 400w, https:\/\/portalraizesnoticias.com.br\/wp-content\/uploads\/2024\/11\/Banner-home-center.jpg 1080w\" sizes=\"(max-width: 300px) 100vw, 300px\" \/><\/p>\n<p style=\"text-align: center;\"><strong>Publicidade<\/strong><\/p>\n<p>Segundo o coordenador da equipe \u00c1guia Resgate, Gildo Carneiro, a vitima foi encontrada no interior de um ve\u00edculo, queixando de muitas dores na regi\u00e3o do f\u00eamur esquerdo e lombar, al\u00e9m de escoria\u00e7\u00f5es pelo corpo.<\/p>\n<p>Ele.foi socorrido e encaminhado para emerg\u00eancia do Hospital Portugu\u00eas de Coit\u00e9.<\/p>\n<p>Enquanto os socorristas realizaram o atendimento ao ciclista, uma m\u00e3e e filha cairam de moto no mesmo local da ocorr\u00eancia anterior.<\/p>\n<p><img decoding=\"async\" class=\"size-medium wp-image-1968 aligncenter\" src=\"https:\/\/portalraizesnoticias.com.br\/wp-content\/uploads\/2024\/11\/Imagem-do-WhatsApp-de-2024-11-01-as-13.17.23_592d9bdd-300x142.jpg\" alt=\"\" width=\"300\" height=\"142\" srcset=\"https:\/\/portalraizesnoticias.com.br\/wp-content\/uploads\/2024\/11\/Imagem-do-WhatsApp-de-2024-11-01-as-13.17.23_592d9bdd-300x142.jpg 300w, https:\/\/portalraizesnoticias.com.br\/wp-content\/uploads\/2024\/11\/Imagem-do-WhatsApp-de-2024-11-01-as-13.17.23_592d9bdd.jpg 722w\" sizes=\"(max-width: 300px) 100vw, 300px\" \/><\/p>\n<p style=\"text-align: center;\"><strong>Publicidade<\/strong><\/p>\n<p>&#8220;Ajudamos as duas mo\u00e7as levantar a moto e elas tiveram apenas escoria\u00e7\u00f5es leves, sendo liberada em seguida&#8221;, informou Gildo.<\/p>\n<p>Reda\u00e7\u00e3o<\/p>\n","protected":false},"excerpt":{"rendered":"<p>Por.volta das 19h37 desta ter\u00e7a-feira (12), dois acidentes foram registrados na BA-409, pr\u00f3ximo \u00e0 Churrascaria Koreano em Concei\u00e7\u00e3o do Coit\u00e9. De acordo com informa\u00e7\u00f5es, Jucivan Souza, 52 anos, estava transitando em uma.bicicleta quando perdeu o controle e caiu. Publicidade Segundo o coordenador da equipe \u00c1guia Resgate, Gildo Carneiro, a vitima foi encontrada no interior de um ve\u00edculo, queixando de muitas dores na regi\u00e3o do f\u00eamur esquerdo e lombar, al\u00e9m de escoria\u00e7\u00f5es pelo corpo. Ele.foi socorrido e encaminhado para emerg\u00eancia do Hospital Portugu\u00eas de Coit\u00e9. Enquanto os socorristas realizaram o atendimento ao ciclista, uma m\u00e3e e filha cairam de moto no mesmo local da ocorr\u00eancia anterior. Publicidade &#8220;Ajudamos as duas mo\u00e7as levantar a moto e elas tiveram apenas escoria\u00e7\u00f5es leves, sendo liberada em seguida&#8221;, informou Gildo. Reda\u00e7\u00e3o<\/p>\n","protected":false},"author":3,"featured_media":2188,"comment_status":"open","ping_status":"open","sticky":false,"template":"","format":"standard","meta":{"_joinchat":[],"footnotes":""},"categories":[58,55,59],"tags":[139,191,137,75],"class_list":["post-2187","post","type-post","status-publish","format-standard","has-post-thumbnail","hentry","category-acidentes","category-destaques","category-ultimas-noticias","tag-acidente","tag-ba409","tag-bahia","tag-coite"],"yoast_head":"<!-- This site is optimized with the Yoast SEO plugin v24.4 - https:\/\/yoast.com\/wordpress\/plugins\/seo\/ -->\n<title>Ciclista fica ferido ap\u00f3s cair na BA-409 em Concei\u00e7\u00e3o do Coit\u00e9; outro acidente de moto foi registrado no mesmo local - Portal raizes noticias<\/title>\n<meta name=\"robots\" content=\"index, follow, max-snippet:-1, max-image-preview:large, max-video-preview:-1\" \/>\n<link rel=\"canonical\" href=\"https:\/\/portalraizesnoticias.com.br\/?p=2187\" \/>\n<meta property=\"og:locale\" content=\"pt_BR\" \/>\n<meta property=\"og:type\" content=\"article\" \/>\n<meta property=\"og:title\" content=\"Ciclista fica ferido ap\u00f3s cair na BA-409 em Concei\u00e7\u00e3o do Coit\u00e9; outro acidente de moto foi registrado no mesmo local - Portal raizes noticias\" \/>\n<meta property=\"og:description\" content=\"Por.volta das 19h37 desta ter\u00e7a-feira (12), dois acidentes foram registrados na BA-409, pr\u00f3ximo \u00e0 Churrascaria Koreano em Concei\u00e7\u00e3o do Coit\u00e9. De acordo com informa\u00e7\u00f5es, Jucivan Souza, 52 anos, estava transitando em uma.bicicleta quando perdeu o controle e caiu. Publicidade Segundo o coordenador da equipe \u00c1guia Resgate, Gildo Carneiro, a vitima foi encontrada no interior de um ve\u00edculo, queixando de muitas dores na regi\u00e3o do f\u00eamur esquerdo e lombar, al\u00e9m de escoria\u00e7\u00f5es pelo corpo. Ele.foi socorrido e encaminhado para emerg\u00eancia do Hospital Portugu\u00eas de Coit\u00e9. Enquanto os socorristas realizaram o atendimento ao ciclista, uma m\u00e3e e filha cairam de moto no mesmo local da ocorr\u00eancia anterior. Publicidade &#8220;Ajudamos as duas mo\u00e7as levantar a moto e elas tiveram apenas escoria\u00e7\u00f5es leves, sendo liberada em seguida&#8221;, informou Gildo. Reda\u00e7\u00e3o\" \/>\n<meta property=\"og:url\" content=\"https:\/\/portalraizesnoticias.com.br\/?p=2187\" \/>\n<meta property=\"og:site_name\" content=\"Portal raizes noticias\" \/>\n<meta property=\"article:published_time\" content=\"2024-11-13T00:17:08+00:00\" \/>\n<meta property=\"article:modified_time\" content=\"2024-11-13T00:17:09+00:00\" \/>\n<meta property=\"og:image\" content=\"https:\/\/portalraizesnoticias.com.br\/wp-content\/uploads\/2024\/11\/IMG-20241112-WA0422.jpg\" \/>\n\t<meta property=\"og:image:width\" content=\"1600\" \/>\n\t<meta property=\"og:image:height\" content=\"1200\" \/>\n\t<meta property=\"og:image:type\" content=\"image\/jpeg\" \/>\n<meta name=\"author\" content=\"Portal Raizes\" \/>\n<meta name=\"twitter:card\" content=\"summary_large_image\" \/>\n<meta name=\"twitter:label1\" content=\"Escrito por\" \/>\n\t<meta name=\"twitter:data1\" content=\"Portal Raizes\" \/>\n\t<meta name=\"twitter:label2\" content=\"Est. tempo de leitura\" \/>\n\t<meta name=\"twitter:data2\" content=\"2 minutos\" \/>\n<script type=\"application\/ld+json\" class=\"yoast-schema-graph\">{\"@context\":\"https:\/\/schema.org\",\"@graph\":[{\"@type\":\"Article\",\"@id\":\"https:\/\/portalraizesnoticias.com.br\/?p=2187#article\",\"isPartOf\":{\"@id\":\"https:\/\/portalraizesnoticias.com.br\/?p=2187\"},\"author\":{\"name\":\"Portal Raizes\",\"@id\":\"https:\/\/portalraizesnoticias.com.br\/#\/schema\/person\/a3ca6b0fc701e78df19756c417d943ae\"},\"headline\":\"Ciclista fica ferido ap\u00f3s cair na BA-409 em Concei\u00e7\u00e3o do Coit\u00e9; outro acidente de moto foi registrado no mesmo local\",\"datePublished\":\"2024-11-13T00:17:08+00:00\",\"dateModified\":\"2024-11-13T00:17:09+00:00\",\"mainEntityOfPage\":{\"@id\":\"https:\/\/portalraizesnoticias.com.br\/?p=2187\"},\"wordCount\":164,\"commentCount\":0,\"publisher\":{\"@id\":\"https:\/\/portalraizesnoticias.com.br\/#organization\"},\"image\":{\"@id\":\"https:\/\/portalraizesnoticias.com.br\/?p=2187#primaryimage\"},\"thumbnailUrl\":\"https:\/\/portalraizesnoticias.com.br\/wp-content\/uploads\/2024\/11\/IMG-20241112-WA0422.jpg\",\"keywords\":[\"Acidente\",\"Ba409\",\"Bahia\",\"Coit\u00e9\"],\"articleSection\":[\"ACIDENTES\",\"DESTAQUES\",\"ULTIMAS NOTICIAS\"],\"inLanguage\":\"pt-BR\",\"potentialAction\":[{\"@type\":\"CommentAction\",\"name\":\"Comment\",\"target\":[\"https:\/\/portalraizesnoticias.com.br\/?p=2187#respond\"]}]},{\"@type\":\"WebPage\",\"@id\":\"https:\/\/portalraizesnoticias.com.br\/?p=2187\",\"url\":\"https:\/\/portalraizesnoticias.com.br\/?p=2187\",\"name\":\"Ciclista fica ferido ap\u00f3s cair na BA-409 em Concei\u00e7\u00e3o do Coit\u00e9; outro acidente de moto foi registrado no mesmo local - Portal raizes noticias\",\"isPartOf\":{\"@id\":\"https:\/\/portalraizesnoticias.com.br\/#website\"},\"primaryImageOfPage\":{\"@id\":\"https:\/\/portalraizesnoticias.com.br\/?p=2187#primaryimage\"},\"image\":{\"@id\":\"https:\/\/portalraizesnoticias.com.br\/?p=2187#primaryimage\"},\"thumbnailUrl\":\"https:\/\/portalraizesnoticias.com.br\/wp-content\/uploads\/2024\/11\/IMG-20241112-WA0422.jpg\",\"datePublished\":\"2024-11-13T00:17:08+00:00\",\"dateModified\":\"2024-11-13T00:17:09+00:00\",\"breadcrumb\":{\"@id\":\"https:\/\/portalraizesnoticias.com.br\/?p=2187#breadcrumb\"},\"inLanguage\":\"pt-BR\",\"potentialAction\":[{\"@type\":\"ReadAction\",\"target\":[\"https:\/\/portalraizesnoticias.com.br\/?p=2187\"]}]},{\"@type\":\"ImageObject\",\"inLanguage\":\"pt-BR\",\"@id\":\"https:\/\/portalraizesnoticias.com.br\/?p=2187#primaryimage\",\"url\":\"https:\/\/portalraizesnoticias.com.br\/wp-content\/uploads\/2024\/11\/IMG-20241112-WA0422.jpg\",\"contentUrl\":\"https:\/\/portalraizesnoticias.com.br\/wp-content\/uploads\/2024\/11\/IMG-20241112-WA0422.jpg\",\"width\":1600,\"height\":1200},{\"@type\":\"BreadcrumbList\",\"@id\":\"https:\/\/portalraizesnoticias.com.br\/?p=2187#breadcrumb\",\"itemListElement\":[{\"@type\":\"ListItem\",\"position\":1,\"name\":\"In\u00edcio\",\"item\":\"https:\/\/portalraizesnoticias.com.br\/\"},{\"@type\":\"ListItem\",\"position\":2,\"name\":\"Ciclista fica ferido ap\u00f3s cair na BA-409 em Concei\u00e7\u00e3o do Coit\u00e9; outro acidente de moto foi registrado no mesmo local\"}]},{\"@type\":\"WebSite\",\"@id\":\"https:\/\/portalraizesnoticias.com.br\/#website\",\"url\":\"https:\/\/portalraizesnoticias.com.br\/\",\"name\":\"Portal raizes NOTICIAS\",\"description\":\"site de noticias de concei\u00e7\u00e3o do coit\u00e9 e regi\u00e3o\",\"publisher\":{\"@id\":\"https:\/\/portalraizesnoticias.com.br\/#organization\"},\"alternateName\":\"PORTAL RAIZES COIT\u00c9\",\"potentialAction\":[{\"@type\":\"SearchAction\",\"target\":{\"@type\":\"EntryPoint\",\"urlTemplate\":\"https:\/\/portalraizesnoticias.com.br\/?s={search_term_string}\"},\"query-input\":{\"@type\":\"PropertyValueSpecification\",\"valueRequired\":true,\"valueName\":\"search_term_string\"}}],\"inLanguage\":\"pt-BR\"},{\"@type\":\"Organization\",\"@id\":\"https:\/\/portalraizesnoticias.com.br\/#organization\",\"name\":\"Portal raizes NOTICIAS\",\"url\":\"https:\/\/portalraizesnoticias.com.br\/\",\"logo\":{\"@type\":\"ImageObject\",\"inLanguage\":\"pt-BR\",\"@id\":\"https:\/\/portalraizesnoticias.com.br\/#\/schema\/logo\/image\/\",\"url\":\"https:\/\/portalraizesnoticias.com.br\/wp-content\/uploads\/2024\/09\/cropped-Captura-de-tela-2024-09-08-011108.png\",\"contentUrl\":\"https:\/\/portalraizesnoticias.com.br\/wp-content\/uploads\/2024\/09\/cropped-Captura-de-tela-2024-09-08-011108.png\",\"width\":606,\"height\":173,\"caption\":\"Portal raizes NOTICIAS\"},\"image\":{\"@id\":\"https:\/\/portalraizesnoticias.com.br\/#\/schema\/logo\/image\/\"}},{\"@type\":\"Person\",\"@id\":\"https:\/\/portalraizesnoticias.com.br\/#\/schema\/person\/a3ca6b0fc701e78df19756c417d943ae\",\"name\":\"Portal Raizes\",\"image\":{\"@type\":\"ImageObject\",\"inLanguage\":\"pt-BR\",\"@id\":\"https:\/\/portalraizesnoticias.com.br\/#\/schema\/person\/image\/\",\"url\":\"https:\/\/secure.gravatar.com\/avatar\/ef450d29013a3d3fba867a12a249d7b1?s=96&d=mm&r=g\",\"contentUrl\":\"https:\/\/secure.gravatar.com\/avatar\/ef450d29013a3d3fba867a12a249d7b1?s=96&d=mm&r=g\",\"caption\":\"Portal Raizes\"},\"url\":\"https:\/\/portalraizesnoticias.com.br\/?author=3\"}]}<\/script>\n<!-- \/ Yoast SEO plugin. -->","yoast_head_json":{"title":"Ciclista fica ferido ap\u00f3s cair na BA-409 em Concei\u00e7\u00e3o do Coit\u00e9; outro acidente de moto foi registrado no mesmo local - Portal raizes noticias","robots":{"index":"index","follow":"follow","max-snippet":"max-snippet:-1","max-image-preview":"max-image-preview:large","max-video-preview":"max-video-preview:-1"},"canonical":"https:\/\/portalraizesnoticias.com.br\/?p=2187","og_locale":"pt_BR","og_type":"article","og_title":"Ciclista fica ferido ap\u00f3s cair na BA-409 em Concei\u00e7\u00e3o do Coit\u00e9; outro acidente de moto foi registrado no mesmo local - Portal raizes noticias","og_description":"Por.volta das 19h37 desta ter\u00e7a-feira (12), dois acidentes foram registrados na BA-409, pr\u00f3ximo \u00e0 Churrascaria Koreano em Concei\u00e7\u00e3o do Coit\u00e9. De acordo com informa\u00e7\u00f5es, Jucivan Souza, 52 anos, estava transitando em uma.bicicleta quando perdeu o controle e caiu. Publicidade Segundo o coordenador da equipe \u00c1guia Resgate, Gildo Carneiro, a vitima foi encontrada no interior de um ve\u00edculo, queixando de muitas dores na regi\u00e3o do f\u00eamur esquerdo e lombar, al\u00e9m de escoria\u00e7\u00f5es pelo corpo. Ele.foi socorrido e encaminhado para emerg\u00eancia do Hospital Portugu\u00eas de Coit\u00e9. Enquanto os socorristas realizaram o atendimento ao ciclista, uma m\u00e3e e filha cairam de moto no mesmo local da ocorr\u00eancia anterior. Publicidade &#8220;Ajudamos as duas mo\u00e7as levantar a moto e elas tiveram apenas escoria\u00e7\u00f5es leves, sendo liberada em seguida&#8221;, informou Gildo. Reda\u00e7\u00e3o","og_url":"https:\/\/portalraizesnoticias.com.br\/?p=2187","og_site_name":"Portal raizes noticias","article_published_time":"2024-11-13T00:17:08+00:00","article_modified_time":"2024-11-13T00:17:09+00:00","og_image":[{"width":1600,"height":1200,"url":"https:\/\/portalraizesnoticias.com.br\/wp-content\/uploads\/2024\/11\/IMG-20241112-WA0422.jpg","type":"image\/jpeg"}],"author":"Portal Raizes","twitter_card":"summary_large_image","twitter_misc":{"Escrito por":"Portal Raizes","Est. tempo de leitura":"2 minutos"},"schema":{"@context":"https:\/\/schema.org","@graph":[{"@type":"Article","@id":"https:\/\/portalraizesnoticias.com.br\/?p=2187#article","isPartOf":{"@id":"https:\/\/portalraizesnoticias.com.br\/?p=2187"},"author":{"name":"Portal Raizes","@id":"https:\/\/portalraizesnoticias.com.br\/#\/schema\/person\/a3ca6b0fc701e78df19756c417d943ae"},"headline":"Ciclista fica ferido ap\u00f3s cair na BA-409 em Concei\u00e7\u00e3o do Coit\u00e9; outro acidente de moto foi registrado no mesmo local","datePublished":"2024-11-13T00:17:08+00:00","dateModified":"2024-11-13T00:17:09+00:00","mainEntityOfPage":{"@id":"https:\/\/portalraizesnoticias.com.br\/?p=2187"},"wordCount":164,"commentCount":0,"publisher":{"@id":"https:\/\/portalraizesnoticias.com.br\/#organization"},"image":{"@id":"https:\/\/portalraizesnoticias.com.br\/?p=2187#primaryimage"},"thumbnailUrl":"https:\/\/portalraizesnoticias.com.br\/wp-content\/uploads\/2024\/11\/IMG-20241112-WA0422.jpg","keywords":["Acidente","Ba409","Bahia","Coit\u00e9"],"articleSection":["ACIDENTES","DESTAQUES","ULTIMAS NOTICIAS"],"inLanguage":"pt-BR","potentialAction":[{"@type":"CommentAction","name":"Comment","target":["https:\/\/portalraizesnoticias.com.br\/?p=2187#respond"]}]},{"@type":"WebPage","@id":"https:\/\/portalraizesnoticias.com.br\/?p=2187","url":"https:\/\/portalraizesnoticias.com.br\/?p=2187","name":"Ciclista fica ferido ap\u00f3s cair na BA-409 em Concei\u00e7\u00e3o do Coit\u00e9; outro acidente de moto foi registrado no mesmo local - Portal raizes noticias","isPartOf":{"@id":"https:\/\/portalraizesnoticias.com.br\/#website"},"primaryImageOfPage":{"@id":"https:\/\/portalraizesnoticias.com.br\/?p=2187#primaryimage"},"image":{"@id":"https:\/\/portalraizesnoticias.com.br\/?p=2187#primaryimage"},"thumbnailUrl":"https:\/\/portalraizesnoticias.com.br\/wp-content\/uploads\/2024\/11\/IMG-20241112-WA0422.jpg","datePublished":"2024-11-13T00:17:08+00:00","dateModified":"2024-11-13T00:17:09+00:00","breadcrumb":{"@id":"https:\/\/portalraizesnoticias.com.br\/?p=2187#breadcrumb"},"inLanguage":"pt-BR","potentialAction":[{"@type":"ReadAction","target":["https:\/\/portalraizesnoticias.com.br\/?p=2187"]}]},{"@type":"ImageObject","inLanguage":"pt-BR","@id":"https:\/\/portalraizesnoticias.com.br\/?p=2187#primaryimage","url":"https:\/\/portalraizesnoticias.com.br\/wp-content\/uploads\/2024\/11\/IMG-20241112-WA0422.jpg","contentUrl":"https:\/\/portalraizesnoticias.com.br\/wp-content\/uploads\/2024\/11\/IMG-20241112-WA0422.jpg","width":1600,"height":1200},{"@type":"BreadcrumbList","@id":"https:\/\/portalraizesnoticias.com.br\/?p=2187#breadcrumb","itemListElement":[{"@type":"ListItem","position":1,"name":"In\u00edcio","item":"https:\/\/portalraizesnoticias.com.br\/"},{"@type":"ListItem","position":2,"name":"Ciclista fica ferido ap\u00f3s cair na BA-409 em Concei\u00e7\u00e3o do Coit\u00e9; outro acidente de moto foi registrado no mesmo local"}]},{"@type":"WebSite","@id":"https:\/\/portalraizesnoticias.com.br\/#website","url":"https:\/\/portalraizesnoticias.com.br\/","name":"Portal raizes NOTICIAS","description":"site de noticias de concei\u00e7\u00e3o do coit\u00e9 e regi\u00e3o","publisher":{"@id":"https:\/\/portalraizesnoticias.com.br\/#organization"},"alternateName":"PORTAL RAIZES COIT\u00c9","potentialAction":[{"@type":"SearchAction","target":{"@type":"EntryPoint","urlTemplate":"https:\/\/portalraizesnoticias.com.br\/?s={search_term_string}"},"query-input":{"@type":"PropertyValueSpecification","valueRequired":true,"valueName":"search_term_string"}}],"inLanguage":"pt-BR"},{"@type":"Organization","@id":"https:\/\/portalraizesnoticias.com.br\/#organization","name":"Portal raizes NOTICIAS","url":"https:\/\/portalraizesnoticias.com.br\/","logo":{"@type":"ImageObject","inLanguage":"pt-BR","@id":"https:\/\/portalraizesnoticias.com.br\/#\/schema\/logo\/image\/","url":"https:\/\/portalraizesnoticias.com.br\/wp-content\/uploads\/2024\/09\/cropped-Captura-de-tela-2024-09-08-011108.png","contentUrl":"https:\/\/portalraizesnoticias.com.br\/wp-content\/uploads\/2024\/09\/cropped-Captura-de-tela-2024-09-08-011108.png","width":606,"height":173,"caption":"Portal raizes NOTICIAS"},"image":{"@id":"https:\/\/portalraizesnoticias.com.br\/#\/schema\/logo\/image\/"}},{"@type":"Person","@id":"https:\/\/portalraizesnoticias.com.br\/#\/schema\/person\/a3ca6b0fc701e78df19756c417d943ae","name":"Portal Raizes","image":{"@type":"ImageObject","inLanguage":"pt-BR","@id":"https:\/\/portalraizesnoticias.com.br\/#\/schema\/person\/image\/","url":"https:\/\/secure.gravatar.com\/avatar\/ef450d29013a3d3fba867a12a249d7b1?s=96&d=mm&r=g","contentUrl":"https:\/\/secure.gravatar.com\/avatar\/ef450d29013a3d3fba867a12a249d7b1?s=96&d=mm&r=g","caption":"Portal Raizes"},"url":"https:\/\/portalraizesnoticias.com.br\/?author=3"}]}},"_links":{"self":[{"href":"https:\/\/portalraizesnoticias.com.br\/index.php?rest_route=\/wp\/v2\/posts\/2187"}],"collection":[{"href":"https:\/\/portalraizesnoticias.com.br\/index.php?rest_route=\/wp\/v2\/posts"}],"about":[{"href":"https:\/\/portalraizesnoticias.com.br\/index.php?rest_route=\/wp\/v2\/types\/post"}],"author":[{"embeddable":true,"href":"https:\/\/portalraizesnoticias.com.br\/index.php?rest_route=\/wp\/v2\/users\/3"}],"replies":[{"embeddable":true,"href":"https:\/\/portalraizesnoticias.com.br\/index.php?rest_route=%2Fwp%2Fv2%2Fcomments&post=2187"}],"version-history":[{"count":1,"href":"https:\/\/portalraizesnoticias.com.br\/index.php?rest_route=\/wp\/v2\/posts\/2187\/revisions"}],"predecessor-version":[{"id":2189,"href":"https:\/\/portalraizesnoticias.com.br\/index.php?rest_route=\/wp\/v2\/posts\/2187\/revisions\/2189"}],"wp:featuredmedia":[{"embeddable":true,"href":"https:\/\/portalraizesnoticias.com.br\/index.php?rest_route=\/wp\/v2\/media\/2188"}],"wp:attachment":[{"href":"https:\/\/portalraizesnoticias.com.br\/index.php?rest_route=%2Fwp%2Fv2%2Fmedia&parent=2187"}],"wp:term":[{"taxonomy":"category","embeddable":true,"href":"https:\/\/portalraizesnoticias.com.br\/index.php?rest_route=%2Fwp%2Fv2%2Fcategories&post=2187"},{"taxonomy":"post_tag","embeddable":true,"href":"https:\/\/portalraizesnoticias.com.br\/index.php?rest_route=%2Fwp%2Fv2%2Ftags&post=2187"}],"curies":[{"name":"wp","href":"https:\/\/api.w.org\/{rel}","templated":true}]}}