{"id":2143,"date":"2024-11-11T22:57:35","date_gmt":"2024-11-11T22:57:35","guid":{"rendered":"https:\/\/portalraizesnoticias.com.br\/?p=2143"},"modified":"2024-11-11T22:57:35","modified_gmt":"2024-11-11T22:57:35","slug":"morre-vitima-de-acidente-de-moto-na-br-324-mulher-estava-internada-ha-19-dias","status":"publish","type":"post","link":"https:\/\/portalraizesnoticias.com.br\/?p=2143","title":{"rendered":"Morre v\u00edtima de acidente de moto na BR-324 ; mulher estava internada h\u00e1 19 dias"},"content":{"rendered":"<p>Morreu no in\u00edcio da tarde desta segunda-feira, 11, no Hospital Geral Cl\u00e9riston Andrade, em Feira de Santana, Cirlene Oliveira, ela que sofreu um acidente no dia 23 de outubro na rodovia BR 324, em cima de uma ponte distante cerca de 500 metros do Posto Carreteiro, em Riach\u00e3o do Jacu\u00edpe no sentido cidade de Tanquinho.<\/p>\n<p>Na ocasi\u00e3o ela foi socorrida inicialmente pela Brigada Volunt\u00e1ria Anjos Jacuipenses que ao chegar no local a encontrou consciente, por\u00e9m desorientada, j\u00e1 que depois de ser atingida pelo caminh\u00e3o o capacete soltou e a mesma acabou batendo a cabe\u00e7a na al\u00e7a de prote\u00e7\u00e3o da ponte.<\/p>\n<p><img fetchpriority=\"high\" decoding=\"async\" class=\"size-medium wp-image-1970 aligncenter\" src=\"https:\/\/portalraizesnoticias.com.br\/wp-content\/uploads\/2024\/11\/Banner-home-center-300x300.jpg\" alt=\"\" width=\"300\" height=\"300\" srcset=\"https:\/\/portalraizesnoticias.com.br\/wp-content\/uploads\/2024\/11\/Banner-home-center-300x300.jpg 300w, https:\/\/portalraizesnoticias.com.br\/wp-content\/uploads\/2024\/11\/Banner-home-center-1024x1024.jpg 1024w, https:\/\/portalraizesnoticias.com.br\/wp-content\/uploads\/2024\/11\/Banner-home-center-150x150.jpg 150w, https:\/\/portalraizesnoticias.com.br\/wp-content\/uploads\/2024\/11\/Banner-home-center-768x768.jpg 768w, https:\/\/portalraizesnoticias.com.br\/wp-content\/uploads\/2024\/11\/Banner-home-center-700x700.jpg 700w, https:\/\/portalraizesnoticias.com.br\/wp-content\/uploads\/2024\/11\/Banner-home-center-620x620.jpg 620w, https:\/\/portalraizesnoticias.com.br\/wp-content\/uploads\/2024\/11\/Banner-home-center-400x400.jpg 400w, https:\/\/portalraizesnoticias.com.br\/wp-content\/uploads\/2024\/11\/Banner-home-center.jpg 1080w\" sizes=\"(max-width: 300px) 100vw, 300px\" \/><\/p>\n<p style=\"text-align: center;\"><strong>Publicidade<\/strong><\/p>\n<p>Diante do estado de sa\u00fade a Brigada Anjos Jacuipenses deixou aos cuidados da equipe da Unidade de Suporte Avan\u00e7ado (USA) do SAMU.<\/p>\n<p>Informa\u00e7\u00f5es extra\u00eddas do site Calila Not\u00edcias<\/p>\n","protected":false},"excerpt":{"rendered":"<p>Morreu no in\u00edcio da tarde desta segunda-feira, 11, no Hospital Geral Cl\u00e9riston Andrade, em Feira de Santana, Cirlene Oliveira, ela que sofreu um acidente no dia 23 de outubro na rodovia BR 324, em cima de uma ponte distante cerca de 500 metros do Posto Carreteiro, em Riach\u00e3o do Jacu\u00edpe no sentido cidade de Tanquinho. Na ocasi\u00e3o ela foi socorrida inicialmente pela Brigada Volunt\u00e1ria Anjos Jacuipenses que ao chegar no local a encontrou consciente, por\u00e9m desorientada, j\u00e1 que depois de ser atingida pelo caminh\u00e3o o capacete soltou e a mesma acabou batendo a cabe\u00e7a na al\u00e7a de prote\u00e7\u00e3o da ponte. Publicidade Diante do estado de sa\u00fade a Brigada Anjos Jacuipenses deixou aos cuidados da equipe da Unidade de Suporte Avan\u00e7ado (USA) do SAMU. Informa\u00e7\u00f5es extra\u00eddas do site Calila Not\u00edcias<\/p>\n","protected":false},"author":3,"featured_media":2144,"comment_status":"open","ping_status":"open","sticky":false,"template":"","format":"standard","meta":{"_joinchat":[],"footnotes":""},"categories":[58,55,59],"tags":[139,163,178],"class_list":["post-2143","post","type-post","status-publish","format-standard","has-post-thumbnail","hentry","category-acidentes","category-destaques","category-ultimas-noticias","tag-acidente","tag-morre","tag-mulher"],"yoast_head":"<!-- This site is optimized with the Yoast SEO plugin v24.4 - https:\/\/yoast.com\/wordpress\/plugins\/seo\/ -->\n<title>Morre v\u00edtima de acidente de moto na BR-324 ; mulher estava internada h\u00e1 19 dias - Portal raizes noticias<\/title>\n<meta name=\"robots\" content=\"index, follow, max-snippet:-1, max-image-preview:large, max-video-preview:-1\" \/>\n<link rel=\"canonical\" href=\"https:\/\/portalraizesnoticias.com.br\/?p=2143\" \/>\n<meta property=\"og:locale\" content=\"pt_BR\" \/>\n<meta property=\"og:type\" content=\"article\" \/>\n<meta property=\"og:title\" content=\"Morre v\u00edtima de acidente de moto na BR-324 ; mulher estava internada h\u00e1 19 dias - Portal raizes noticias\" \/>\n<meta property=\"og:description\" content=\"Morreu no in\u00edcio da tarde desta segunda-feira, 11, no Hospital Geral Cl\u00e9riston Andrade, em Feira de Santana, Cirlene Oliveira, ela que sofreu um acidente no dia 23 de outubro na rodovia BR 324, em cima de uma ponte distante cerca de 500 metros do Posto Carreteiro, em Riach\u00e3o do Jacu\u00edpe no sentido cidade de Tanquinho. Na ocasi\u00e3o ela foi socorrida inicialmente pela Brigada Volunt\u00e1ria Anjos Jacuipenses que ao chegar no local a encontrou consciente, por\u00e9m desorientada, j\u00e1 que depois de ser atingida pelo caminh\u00e3o o capacete soltou e a mesma acabou batendo a cabe\u00e7a na al\u00e7a de prote\u00e7\u00e3o da ponte. Publicidade Diante do estado de sa\u00fade a Brigada Anjos Jacuipenses deixou aos cuidados da equipe da Unidade de Suporte Avan\u00e7ado (USA) do SAMU. Informa\u00e7\u00f5es extra\u00eddas do site Calila Not\u00edcias\" \/>\n<meta property=\"og:url\" content=\"https:\/\/portalraizesnoticias.com.br\/?p=2143\" \/>\n<meta property=\"og:site_name\" content=\"Portal raizes noticias\" \/>\n<meta property=\"article:published_time\" content=\"2024-11-11T22:57:35+00:00\" \/>\n<meta property=\"og:image\" content=\"https:\/\/portalraizesnoticias.com.br\/wp-content\/uploads\/2024\/11\/WhatsApp-Image-2024-11-11-at-19.35.24.jpeg\" \/>\n\t<meta property=\"og:image:width\" content=\"314\" \/>\n\t<meta property=\"og:image:height\" content=\"239\" \/>\n\t<meta property=\"og:image:type\" content=\"image\/jpeg\" \/>\n<meta name=\"author\" content=\"Portal Raizes\" \/>\n<meta name=\"twitter:card\" content=\"summary_large_image\" \/>\n<meta name=\"twitter:label1\" content=\"Escrito por\" \/>\n\t<meta name=\"twitter:data1\" content=\"Portal Raizes\" \/>\n\t<meta name=\"twitter:label2\" content=\"Est. tempo de leitura\" \/>\n\t<meta name=\"twitter:data2\" content=\"2 minutos\" \/>\n<script type=\"application\/ld+json\" class=\"yoast-schema-graph\">{\"@context\":\"https:\/\/schema.org\",\"@graph\":[{\"@type\":\"Article\",\"@id\":\"https:\/\/portalraizesnoticias.com.br\/?p=2143#article\",\"isPartOf\":{\"@id\":\"https:\/\/portalraizesnoticias.com.br\/?p=2143\"},\"author\":{\"name\":\"Portal Raizes\",\"@id\":\"https:\/\/portalraizesnoticias.com.br\/#\/schema\/person\/a3ca6b0fc701e78df19756c417d943ae\"},\"headline\":\"Morre v\u00edtima de acidente de moto na BR-324 ; mulher estava internada h\u00e1 19 dias\",\"datePublished\":\"2024-11-11T22:57:35+00:00\",\"mainEntityOfPage\":{\"@id\":\"https:\/\/portalraizesnoticias.com.br\/?p=2143\"},\"wordCount\":155,\"commentCount\":0,\"publisher\":{\"@id\":\"https:\/\/portalraizesnoticias.com.br\/#organization\"},\"image\":{\"@id\":\"https:\/\/portalraizesnoticias.com.br\/?p=2143#primaryimage\"},\"thumbnailUrl\":\"https:\/\/portalraizesnoticias.com.br\/wp-content\/uploads\/2024\/11\/WhatsApp-Image-2024-11-11-at-19.35.24.jpeg\",\"keywords\":[\"Acidente\",\"Morre\",\"Mulher\"],\"articleSection\":[\"ACIDENTES\",\"DESTAQUES\",\"ULTIMAS NOTICIAS\"],\"inLanguage\":\"pt-BR\",\"potentialAction\":[{\"@type\":\"CommentAction\",\"name\":\"Comment\",\"target\":[\"https:\/\/portalraizesnoticias.com.br\/?p=2143#respond\"]}]},{\"@type\":\"WebPage\",\"@id\":\"https:\/\/portalraizesnoticias.com.br\/?p=2143\",\"url\":\"https:\/\/portalraizesnoticias.com.br\/?p=2143\",\"name\":\"Morre v\u00edtima de acidente de moto na BR-324 ; mulher estava internada h\u00e1 19 dias - Portal raizes noticias\",\"isPartOf\":{\"@id\":\"https:\/\/portalraizesnoticias.com.br\/#website\"},\"primaryImageOfPage\":{\"@id\":\"https:\/\/portalraizesnoticias.com.br\/?p=2143#primaryimage\"},\"image\":{\"@id\":\"https:\/\/portalraizesnoticias.com.br\/?p=2143#primaryimage\"},\"thumbnailUrl\":\"https:\/\/portalraizesnoticias.com.br\/wp-content\/uploads\/2024\/11\/WhatsApp-Image-2024-11-11-at-19.35.24.jpeg\",\"datePublished\":\"2024-11-11T22:57:35+00:00\",\"breadcrumb\":{\"@id\":\"https:\/\/portalraizesnoticias.com.br\/?p=2143#breadcrumb\"},\"inLanguage\":\"pt-BR\",\"potentialAction\":[{\"@type\":\"ReadAction\",\"target\":[\"https:\/\/portalraizesnoticias.com.br\/?p=2143\"]}]},{\"@type\":\"ImageObject\",\"inLanguage\":\"pt-BR\",\"@id\":\"https:\/\/portalraizesnoticias.com.br\/?p=2143#primaryimage\",\"url\":\"https:\/\/portalraizesnoticias.com.br\/wp-content\/uploads\/2024\/11\/WhatsApp-Image-2024-11-11-at-19.35.24.jpeg\",\"contentUrl\":\"https:\/\/portalraizesnoticias.com.br\/wp-content\/uploads\/2024\/11\/WhatsApp-Image-2024-11-11-at-19.35.24.jpeg\",\"width\":314,\"height\":239},{\"@type\":\"BreadcrumbList\",\"@id\":\"https:\/\/portalraizesnoticias.com.br\/?p=2143#breadcrumb\",\"itemListElement\":[{\"@type\":\"ListItem\",\"position\":1,\"name\":\"In\u00edcio\",\"item\":\"https:\/\/portalraizesnoticias.com.br\/\"},{\"@type\":\"ListItem\",\"position\":2,\"name\":\"Morre v\u00edtima de acidente de moto na BR-324 ; mulher estava internada h\u00e1 19 dias\"}]},{\"@type\":\"WebSite\",\"@id\":\"https:\/\/portalraizesnoticias.com.br\/#website\",\"url\":\"https:\/\/portalraizesnoticias.com.br\/\",\"name\":\"Portal raizes NOTICIAS\",\"description\":\"site de noticias de concei\u00e7\u00e3o do coit\u00e9 e regi\u00e3o\",\"publisher\":{\"@id\":\"https:\/\/portalraizesnoticias.com.br\/#organization\"},\"alternateName\":\"PORTAL RAIZES COIT\u00c9\",\"potentialAction\":[{\"@type\":\"SearchAction\",\"target\":{\"@type\":\"EntryPoint\",\"urlTemplate\":\"https:\/\/portalraizesnoticias.com.br\/?s={search_term_string}\"},\"query-input\":{\"@type\":\"PropertyValueSpecification\",\"valueRequired\":true,\"valueName\":\"search_term_string\"}}],\"inLanguage\":\"pt-BR\"},{\"@type\":\"Organization\",\"@id\":\"https:\/\/portalraizesnoticias.com.br\/#organization\",\"name\":\"Portal raizes NOTICIAS\",\"url\":\"https:\/\/portalraizesnoticias.com.br\/\",\"logo\":{\"@type\":\"ImageObject\",\"inLanguage\":\"pt-BR\",\"@id\":\"https:\/\/portalraizesnoticias.com.br\/#\/schema\/logo\/image\/\",\"url\":\"https:\/\/portalraizesnoticias.com.br\/wp-content\/uploads\/2024\/09\/cropped-Captura-de-tela-2024-09-08-011108.png\",\"contentUrl\":\"https:\/\/portalraizesnoticias.com.br\/wp-content\/uploads\/2024\/09\/cropped-Captura-de-tela-2024-09-08-011108.png\",\"width\":606,\"height\":173,\"caption\":\"Portal raizes NOTICIAS\"},\"image\":{\"@id\":\"https:\/\/portalraizesnoticias.com.br\/#\/schema\/logo\/image\/\"}},{\"@type\":\"Person\",\"@id\":\"https:\/\/portalraizesnoticias.com.br\/#\/schema\/person\/a3ca6b0fc701e78df19756c417d943ae\",\"name\":\"Portal Raizes\",\"image\":{\"@type\":\"ImageObject\",\"inLanguage\":\"pt-BR\",\"@id\":\"https:\/\/portalraizesnoticias.com.br\/#\/schema\/person\/image\/\",\"url\":\"https:\/\/secure.gravatar.com\/avatar\/ef450d29013a3d3fba867a12a249d7b1?s=96&d=mm&r=g\",\"contentUrl\":\"https:\/\/secure.gravatar.com\/avatar\/ef450d29013a3d3fba867a12a249d7b1?s=96&d=mm&r=g\",\"caption\":\"Portal Raizes\"},\"url\":\"https:\/\/portalraizesnoticias.com.br\/?author=3\"}]}<\/script>\n<!-- \/ Yoast SEO plugin. -->","yoast_head_json":{"title":"Morre v\u00edtima de acidente de moto na BR-324 ; mulher estava internada h\u00e1 19 dias - Portal raizes noticias","robots":{"index":"index","follow":"follow","max-snippet":"max-snippet:-1","max-image-preview":"max-image-preview:large","max-video-preview":"max-video-preview:-1"},"canonical":"https:\/\/portalraizesnoticias.com.br\/?p=2143","og_locale":"pt_BR","og_type":"article","og_title":"Morre v\u00edtima de acidente de moto na BR-324 ; mulher estava internada h\u00e1 19 dias - Portal raizes noticias","og_description":"Morreu no in\u00edcio da tarde desta segunda-feira, 11, no Hospital Geral Cl\u00e9riston Andrade, em Feira de Santana, Cirlene Oliveira, ela que sofreu um acidente no dia 23 de outubro na rodovia BR 324, em cima de uma ponte distante cerca de 500 metros do Posto Carreteiro, em Riach\u00e3o do Jacu\u00edpe no sentido cidade de Tanquinho. Na ocasi\u00e3o ela foi socorrida inicialmente pela Brigada Volunt\u00e1ria Anjos Jacuipenses que ao chegar no local a encontrou consciente, por\u00e9m desorientada, j\u00e1 que depois de ser atingida pelo caminh\u00e3o o capacete soltou e a mesma acabou batendo a cabe\u00e7a na al\u00e7a de prote\u00e7\u00e3o da ponte. Publicidade Diante do estado de sa\u00fade a Brigada Anjos Jacuipenses deixou aos cuidados da equipe da Unidade de Suporte Avan\u00e7ado (USA) do SAMU. Informa\u00e7\u00f5es extra\u00eddas do site Calila Not\u00edcias","og_url":"https:\/\/portalraizesnoticias.com.br\/?p=2143","og_site_name":"Portal raizes noticias","article_published_time":"2024-11-11T22:57:35+00:00","og_image":[{"width":314,"height":239,"url":"https:\/\/portalraizesnoticias.com.br\/wp-content\/uploads\/2024\/11\/WhatsApp-Image-2024-11-11-at-19.35.24.jpeg","type":"image\/jpeg"}],"author":"Portal Raizes","twitter_card":"summary_large_image","twitter_misc":{"Escrito por":"Portal Raizes","Est. tempo de leitura":"2 minutos"},"schema":{"@context":"https:\/\/schema.org","@graph":[{"@type":"Article","@id":"https:\/\/portalraizesnoticias.com.br\/?p=2143#article","isPartOf":{"@id":"https:\/\/portalraizesnoticias.com.br\/?p=2143"},"author":{"name":"Portal Raizes","@id":"https:\/\/portalraizesnoticias.com.br\/#\/schema\/person\/a3ca6b0fc701e78df19756c417d943ae"},"headline":"Morre v\u00edtima de acidente de moto na BR-324 ; mulher estava internada h\u00e1 19 dias","datePublished":"2024-11-11T22:57:35+00:00","mainEntityOfPage":{"@id":"https:\/\/portalraizesnoticias.com.br\/?p=2143"},"wordCount":155,"commentCount":0,"publisher":{"@id":"https:\/\/portalraizesnoticias.com.br\/#organization"},"image":{"@id":"https:\/\/portalraizesnoticias.com.br\/?p=2143#primaryimage"},"thumbnailUrl":"https:\/\/portalraizesnoticias.com.br\/wp-content\/uploads\/2024\/11\/WhatsApp-Image-2024-11-11-at-19.35.24.jpeg","keywords":["Acidente","Morre","Mulher"],"articleSection":["ACIDENTES","DESTAQUES","ULTIMAS NOTICIAS"],"inLanguage":"pt-BR","potentialAction":[{"@type":"CommentAction","name":"Comment","target":["https:\/\/portalraizesnoticias.com.br\/?p=2143#respond"]}]},{"@type":"WebPage","@id":"https:\/\/portalraizesnoticias.com.br\/?p=2143","url":"https:\/\/portalraizesnoticias.com.br\/?p=2143","name":"Morre v\u00edtima de acidente de moto na BR-324 ; mulher estava internada h\u00e1 19 dias - Portal raizes noticias","isPartOf":{"@id":"https:\/\/portalraizesnoticias.com.br\/#website"},"primaryImageOfPage":{"@id":"https:\/\/portalraizesnoticias.com.br\/?p=2143#primaryimage"},"image":{"@id":"https:\/\/portalraizesnoticias.com.br\/?p=2143#primaryimage"},"thumbnailUrl":"https:\/\/portalraizesnoticias.com.br\/wp-content\/uploads\/2024\/11\/WhatsApp-Image-2024-11-11-at-19.35.24.jpeg","datePublished":"2024-11-11T22:57:35+00:00","breadcrumb":{"@id":"https:\/\/portalraizesnoticias.com.br\/?p=2143#breadcrumb"},"inLanguage":"pt-BR","potentialAction":[{"@type":"ReadAction","target":["https:\/\/portalraizesnoticias.com.br\/?p=2143"]}]},{"@type":"ImageObject","inLanguage":"pt-BR","@id":"https:\/\/portalraizesnoticias.com.br\/?p=2143#primaryimage","url":"https:\/\/portalraizesnoticias.com.br\/wp-content\/uploads\/2024\/11\/WhatsApp-Image-2024-11-11-at-19.35.24.jpeg","contentUrl":"https:\/\/portalraizesnoticias.com.br\/wp-content\/uploads\/2024\/11\/WhatsApp-Image-2024-11-11-at-19.35.24.jpeg","width":314,"height":239},{"@type":"BreadcrumbList","@id":"https:\/\/portalraizesnoticias.com.br\/?p=2143#breadcrumb","itemListElement":[{"@type":"ListItem","position":1,"name":"In\u00edcio","item":"https:\/\/portalraizesnoticias.com.br\/"},{"@type":"ListItem","position":2,"name":"Morre v\u00edtima de acidente de moto na BR-324 ; mulher estava internada h\u00e1 19 dias"}]},{"@type":"WebSite","@id":"https:\/\/portalraizesnoticias.com.br\/#website","url":"https:\/\/portalraizesnoticias.com.br\/","name":"Portal raizes NOTICIAS","description":"site de noticias de concei\u00e7\u00e3o do coit\u00e9 e regi\u00e3o","publisher":{"@id":"https:\/\/portalraizesnoticias.com.br\/#organization"},"alternateName":"PORTAL RAIZES COIT\u00c9","potentialAction":[{"@type":"SearchAction","target":{"@type":"EntryPoint","urlTemplate":"https:\/\/portalraizesnoticias.com.br\/?s={search_term_string}"},"query-input":{"@type":"PropertyValueSpecification","valueRequired":true,"valueName":"search_term_string"}}],"inLanguage":"pt-BR"},{"@type":"Organization","@id":"https:\/\/portalraizesnoticias.com.br\/#organization","name":"Portal raizes NOTICIAS","url":"https:\/\/portalraizesnoticias.com.br\/","logo":{"@type":"ImageObject","inLanguage":"pt-BR","@id":"https:\/\/portalraizesnoticias.com.br\/#\/schema\/logo\/image\/","url":"https:\/\/portalraizesnoticias.com.br\/wp-content\/uploads\/2024\/09\/cropped-Captura-de-tela-2024-09-08-011108.png","contentUrl":"https:\/\/portalraizesnoticias.com.br\/wp-content\/uploads\/2024\/09\/cropped-Captura-de-tela-2024-09-08-011108.png","width":606,"height":173,"caption":"Portal raizes NOTICIAS"},"image":{"@id":"https:\/\/portalraizesnoticias.com.br\/#\/schema\/logo\/image\/"}},{"@type":"Person","@id":"https:\/\/portalraizesnoticias.com.br\/#\/schema\/person\/a3ca6b0fc701e78df19756c417d943ae","name":"Portal Raizes","image":{"@type":"ImageObject","inLanguage":"pt-BR","@id":"https:\/\/portalraizesnoticias.com.br\/#\/schema\/person\/image\/","url":"https:\/\/secure.gravatar.com\/avatar\/ef450d29013a3d3fba867a12a249d7b1?s=96&d=mm&r=g","contentUrl":"https:\/\/secure.gravatar.com\/avatar\/ef450d29013a3d3fba867a12a249d7b1?s=96&d=mm&r=g","caption":"Portal Raizes"},"url":"https:\/\/portalraizesnoticias.com.br\/?author=3"}]}},"_links":{"self":[{"href":"https:\/\/portalraizesnoticias.com.br\/index.php?rest_route=\/wp\/v2\/posts\/2143"}],"collection":[{"href":"https:\/\/portalraizesnoticias.com.br\/index.php?rest_route=\/wp\/v2\/posts"}],"about":[{"href":"https:\/\/portalraizesnoticias.com.br\/index.php?rest_route=\/wp\/v2\/types\/post"}],"author":[{"embeddable":true,"href":"https:\/\/portalraizesnoticias.com.br\/index.php?rest_route=\/wp\/v2\/users\/3"}],"replies":[{"embeddable":true,"href":"https:\/\/portalraizesnoticias.com.br\/index.php?rest_route=%2Fwp%2Fv2%2Fcomments&post=2143"}],"version-history":[{"count":1,"href":"https:\/\/portalraizesnoticias.com.br\/index.php?rest_route=\/wp\/v2\/posts\/2143\/revisions"}],"predecessor-version":[{"id":2145,"href":"https:\/\/portalraizesnoticias.com.br\/index.php?rest_route=\/wp\/v2\/posts\/2143\/revisions\/2145"}],"wp:featuredmedia":[{"embeddable":true,"href":"https:\/\/portalraizesnoticias.com.br\/index.php?rest_route=\/wp\/v2\/media\/2144"}],"wp:attachment":[{"href":"https:\/\/portalraizesnoticias.com.br\/index.php?rest_route=%2Fwp%2Fv2%2Fmedia&parent=2143"}],"wp:term":[{"taxonomy":"category","embeddable":true,"href":"https:\/\/portalraizesnoticias.com.br\/index.php?rest_route=%2Fwp%2Fv2%2Fcategories&post=2143"},{"taxonomy":"post_tag","embeddable":true,"href":"https:\/\/portalraizesnoticias.com.br\/index.php?rest_route=%2Fwp%2Fv2%2Ftags&post=2143"}],"curies":[{"name":"wp","href":"https:\/\/api.w.org\/{rel}","templated":true}]}}