{"id":2103,"date":"2024-11-08T20:48:10","date_gmt":"2024-11-08T20:48:10","guid":{"rendered":"https:\/\/portalraizesnoticias.com.br\/?p=2103"},"modified":"2024-11-08T20:48:10","modified_gmt":"2024-11-08T20:48:10","slug":"tres-cidades-do-territorio-do-sisal-estao-entre-os-69-municipios-baianos-com-selo-unicef-saiba-quais","status":"publish","type":"post","link":"https:\/\/portalraizesnoticias.com.br\/?p=2103","title":{"rendered":"Tr\u00eas cidades do Territ\u00f3rio do Sisal est\u00e3o entre os 69 munic\u00edpios baianos com Selo Unicef; Saiba quais"},"content":{"rendered":"<div>923 cidades, onde vivem mais de 8 milh\u00f5es de meninas e meninos de 0 a 19 anos, avan\u00e7aram mais do que a m\u00e9dia nacional em diversas \u00e1reas e conquistaram o\u00a0<b>Selo UNICEF<\/b>.<\/div>\n<div><\/div>\n<div><\/div>\n<div>Entre os 236 munic\u00edpios baianos inscritos, apenas 69 receberam essa honraria. Tr\u00eas munic\u00edpios est\u00e3o na\u00a0<b>Bacia do Jacu\u00edpe<\/b>, sendo eles:\u00a0<b>Capela do Alto Alegre<\/b>;\u00a0<b>Nova F\u00e1tima<\/b>\u00a0e\u00a0<b>P\u00e9 de Serra<\/b>, J\u00e1 no\u00a0<b>Territ\u00f3rio do Sisal<\/b>, foram contempladas tamb\u00e9m tr\u00eas cidades,\u00a0<b>Barrocas<\/b>;\u00a0<b>Concei\u00e7\u00e3o do Coit\u00e9<\/b>\u00a0e\u00a0<b>Valente<\/b>.<\/div>\n<div><\/div>\n<div><\/div>\n<div>Os 923 munic\u00edpios que recebem hoje o\u00a0<b>Selo UNICEF<\/b>\u00a0melhoraram mais suas pol\u00edticas p\u00fablicas voltadas a crian\u00e7as e adolescentes, entre 2021 e 2024, em compara\u00e7\u00e3o \u00e0 m\u00e9dia nacional em pelo menos tr\u00eas indicadores de sa\u00fade, educa\u00e7\u00e3o e prote\u00e7\u00e3o contra viol\u00eancia. Nestes 923 munic\u00edpios, nos estados das regi\u00f5es Norte e Nordeste, Mato Grosso e norte de Minas Gerais, vivem mais de 8 milh\u00f5es de meninas e meninos de zero a 17 anos.<\/div>\n<div><\/div>\n<div><\/div>\n<div>Para chegar a estes resultados, os munic\u00edpios reconhecidos com o Selo UNICEF se empenharam em cuidar bem da primeira inf\u00e2ncia e da adolesc\u00eancia; melhorar a educa\u00e7\u00e3o \u2013 da creche at\u00e9 a transi\u00e7\u00e3o de jovens para o mundo do trabalho \u2013; investir na sa\u00fade f\u00edsica e metal de meninas e meninos; promover h\u00e1bitos de higiene e acesso \u00e0 \u00e1gua limpa; proteger crian\u00e7as e adolescentes das viol\u00eancias; e garantir a prote\u00e7\u00e3o social \u00e0s fam\u00edlias vulner\u00e1veis, em especial aquelas oriundas de povos e comunidades tradicionais.<\/div>\n<div><\/div>\n<div><\/div>\n<div>Todas essas cidades participam do Selo UNICEF, uma iniciativa do UNICEF destinada a apoiar cidades das regi\u00f5es mais vulner\u00e1veis do Pa\u00eds para que melhorem pol\u00edticas p\u00fablicas voltadas \u00e0 inf\u00e2ncia e adolesc\u00eancia. Ap\u00f3s quatro anos de muito trabalho, essas 923 cidades conseguiram melhorar mais do que a m\u00e9dia nacional em diferentes \u00e1reas, com destaque para: imuniza\u00e7\u00e3o, educa\u00e7\u00e3o e prote\u00e7\u00e3o contra as viol\u00eancias.<\/div>\n<div><\/div>\n<div><\/div>\n<div><b><i>\u201cN\u00e3o estamos falando das cidades com os melhores indicadores, mas das cidades que mais melhoraram em rela\u00e7\u00e3o \u00e0 situa\u00e7\u00e3o em que elas estavam em 2021. O UNICEF comemora esse avan\u00e7o de cidades em regi\u00f5es vulner\u00e1veis que conseguiram tirar o atraso e melhorar mais. Com o apoio do UNICEF, esses munic\u00edpios conseguiram trazer mais efici\u00eancia para a sua gest\u00e3o em diferentes \u00e1reas ligadas aos direitos da inf\u00e2ncia e adolesc\u00eancia, passando a cumprir de forma mais eficiente o que j\u00e1 \u00e9 um dever do poder p\u00fablico\u201d<\/i><\/b>, explica Youssouf Abdel-Jelil, Representante do UNICEF no Brasil.<\/div>\n<div><\/div>\n<div><\/div>\n<div><\/div>\n<div>ichunoticias<\/div>\n","protected":false},"excerpt":{"rendered":"<p>923 cidades, onde vivem mais de 8 milh\u00f5es de meninas e meninos de 0 a 19 anos, avan\u00e7aram mais do que a m\u00e9dia nacional em diversas \u00e1reas e conquistaram o\u00a0Selo UNICEF. Entre os 236 munic\u00edpios baianos inscritos, apenas 69 receberam essa honraria. Tr\u00eas munic\u00edpios est\u00e3o na\u00a0Bacia do Jacu\u00edpe, sendo eles:\u00a0Capela do Alto Alegre;\u00a0Nova F\u00e1tima\u00a0e\u00a0P\u00e9 de Serra, J\u00e1 no\u00a0Territ\u00f3rio do Sisal, foram contempladas tamb\u00e9m tr\u00eas cidades,\u00a0Barrocas;\u00a0Concei\u00e7\u00e3o do Coit\u00e9\u00a0e\u00a0Valente. Os 923 munic\u00edpios que recebem hoje o\u00a0Selo UNICEF\u00a0melhoraram mais suas pol\u00edticas p\u00fablicas voltadas a crian\u00e7as e adolescentes, entre 2021 e 2024, em compara\u00e7\u00e3o \u00e0 m\u00e9dia nacional em pelo menos tr\u00eas indicadores de sa\u00fade, educa\u00e7\u00e3o e prote\u00e7\u00e3o contra viol\u00eancia. Nestes 923 munic\u00edpios, nos estados das regi\u00f5es Norte e Nordeste, Mato Grosso e norte de Minas Gerais, vivem mais de 8 milh\u00f5es de meninas e meninos de zero a 17 anos. Para chegar a estes resultados, os munic\u00edpios reconhecidos com o Selo UNICEF se empenharam em cuidar bem da primeira inf\u00e2ncia e da adolesc\u00eancia; melhorar a educa\u00e7\u00e3o \u2013 da creche at\u00e9 a transi\u00e7\u00e3o de jovens para o mundo do trabalho \u2013; investir na sa\u00fade f\u00edsica e metal de meninas e meninos; promover h\u00e1bitos de higiene e acesso \u00e0 \u00e1gua limpa; proteger crian\u00e7as e adolescentes das viol\u00eancias; e garantir a prote\u00e7\u00e3o social \u00e0s fam\u00edlias vulner\u00e1veis, em especial aquelas oriundas de povos e comunidades tradicionais. Todas essas cidades participam do Selo UNICEF, uma iniciativa do UNICEF destinada a apoiar cidades das regi\u00f5es mais vulner\u00e1veis do Pa\u00eds para que melhorem pol\u00edticas p\u00fablicas voltadas \u00e0 inf\u00e2ncia e adolesc\u00eancia. Ap\u00f3s quatro anos de muito trabalho, essas 923 cidades conseguiram melhorar mais do que a m\u00e9dia nacional em diferentes \u00e1reas, com destaque para: imuniza\u00e7\u00e3o, educa\u00e7\u00e3o e prote\u00e7\u00e3o contra as viol\u00eancias. \u201cN\u00e3o estamos falando das cidades com os melhores indicadores, mas das cidades que mais melhoraram em rela\u00e7\u00e3o \u00e0 situa\u00e7\u00e3o em que elas estavam em 2021. O UNICEF comemora esse avan\u00e7o de cidades em regi\u00f5es vulner\u00e1veis que conseguiram tirar o atraso e melhorar mais. Com o apoio do UNICEF, esses munic\u00edpios conseguiram trazer mais efici\u00eancia para a sua gest\u00e3o em diferentes \u00e1reas ligadas aos direitos da inf\u00e2ncia e adolesc\u00eancia, passando a cumprir de forma mais eficiente o que j\u00e1 \u00e9 um dever do poder p\u00fablico\u201d, explica Youssouf Abdel-Jelil, Representante do UNICEF no Brasil. ichunoticias<\/p>\n","protected":false},"author":3,"featured_media":2104,"comment_status":"open","ping_status":"open","sticky":false,"template":"","format":"standard","meta":{"_joinchat":[],"footnotes":""},"categories":[52,56,59],"tags":[],"class_list":["post-2103","post","type-post","status-publish","format-standard","has-post-thumbnail","hentry","category-educacao","category-regiao","category-ultimas-noticias"],"yoast_head":"<!-- This site is optimized with the Yoast SEO plugin v24.4 - https:\/\/yoast.com\/wordpress\/plugins\/seo\/ -->\n<title>Tr\u00eas cidades do Territ\u00f3rio do Sisal est\u00e3o entre os 69 munic\u00edpios baianos com Selo Unicef; Saiba quais - Portal raizes noticias<\/title>\n<meta name=\"robots\" content=\"index, follow, max-snippet:-1, max-image-preview:large, max-video-preview:-1\" \/>\n<link rel=\"canonical\" href=\"https:\/\/portalraizesnoticias.com.br\/?p=2103\" \/>\n<meta property=\"og:locale\" content=\"pt_BR\" \/>\n<meta property=\"og:type\" content=\"article\" \/>\n<meta property=\"og:title\" content=\"Tr\u00eas cidades do Territ\u00f3rio do Sisal est\u00e3o entre os 69 munic\u00edpios baianos com Selo Unicef; Saiba quais - Portal raizes noticias\" \/>\n<meta property=\"og:description\" content=\"923 cidades, onde vivem mais de 8 milh\u00f5es de meninas e meninos de 0 a 19 anos, avan\u00e7aram mais do que a m\u00e9dia nacional em diversas \u00e1reas e conquistaram o\u00a0Selo UNICEF. Entre os 236 munic\u00edpios baianos inscritos, apenas 69 receberam essa honraria. Tr\u00eas munic\u00edpios est\u00e3o na\u00a0Bacia do Jacu\u00edpe, sendo eles:\u00a0Capela do Alto Alegre;\u00a0Nova F\u00e1tima\u00a0e\u00a0P\u00e9 de Serra, J\u00e1 no\u00a0Territ\u00f3rio do Sisal, foram contempladas tamb\u00e9m tr\u00eas cidades,\u00a0Barrocas;\u00a0Concei\u00e7\u00e3o do Coit\u00e9\u00a0e\u00a0Valente. Os 923 munic\u00edpios que recebem hoje o\u00a0Selo UNICEF\u00a0melhoraram mais suas pol\u00edticas p\u00fablicas voltadas a crian\u00e7as e adolescentes, entre 2021 e 2024, em compara\u00e7\u00e3o \u00e0 m\u00e9dia nacional em pelo menos tr\u00eas indicadores de sa\u00fade, educa\u00e7\u00e3o e prote\u00e7\u00e3o contra viol\u00eancia. Nestes 923 munic\u00edpios, nos estados das regi\u00f5es Norte e Nordeste, Mato Grosso e norte de Minas Gerais, vivem mais de 8 milh\u00f5es de meninas e meninos de zero a 17 anos. Para chegar a estes resultados, os munic\u00edpios reconhecidos com o Selo UNICEF se empenharam em cuidar bem da primeira inf\u00e2ncia e da adolesc\u00eancia; melhorar a educa\u00e7\u00e3o \u2013 da creche at\u00e9 a transi\u00e7\u00e3o de jovens para o mundo do trabalho \u2013; investir na sa\u00fade f\u00edsica e metal de meninas e meninos; promover h\u00e1bitos de higiene e acesso \u00e0 \u00e1gua limpa; proteger crian\u00e7as e adolescentes das viol\u00eancias; e garantir a prote\u00e7\u00e3o social \u00e0s fam\u00edlias vulner\u00e1veis, em especial aquelas oriundas de povos e comunidades tradicionais. Todas essas cidades participam do Selo UNICEF, uma iniciativa do UNICEF destinada a apoiar cidades das regi\u00f5es mais vulner\u00e1veis do Pa\u00eds para que melhorem pol\u00edticas p\u00fablicas voltadas \u00e0 inf\u00e2ncia e adolesc\u00eancia. Ap\u00f3s quatro anos de muito trabalho, essas 923 cidades conseguiram melhorar mais do que a m\u00e9dia nacional em diferentes \u00e1reas, com destaque para: imuniza\u00e7\u00e3o, educa\u00e7\u00e3o e prote\u00e7\u00e3o contra as viol\u00eancias. \u201cN\u00e3o estamos falando das cidades com os melhores indicadores, mas das cidades que mais melhoraram em rela\u00e7\u00e3o \u00e0 situa\u00e7\u00e3o em que elas estavam em 2021. O UNICEF comemora esse avan\u00e7o de cidades em regi\u00f5es vulner\u00e1veis que conseguiram tirar o atraso e melhorar mais. Com o apoio do UNICEF, esses munic\u00edpios conseguiram trazer mais efici\u00eancia para a sua gest\u00e3o em diferentes \u00e1reas ligadas aos direitos da inf\u00e2ncia e adolesc\u00eancia, passando a cumprir de forma mais eficiente o que j\u00e1 \u00e9 um dever do poder p\u00fablico\u201d, explica Youssouf Abdel-Jelil, Representante do UNICEF no Brasil. ichunoticias\" \/>\n<meta property=\"og:url\" content=\"https:\/\/portalraizesnoticias.com.br\/?p=2103\" \/>\n<meta property=\"og:site_name\" content=\"Portal raizes noticias\" \/>\n<meta property=\"article:published_time\" content=\"2024-11-08T20:48:10+00:00\" \/>\n<meta property=\"og:image\" content=\"https:\/\/portalraizesnoticias.com.br\/wp-content\/uploads\/2024\/11\/cats-3-1.jpg\" \/>\n\t<meta property=\"og:image:width\" content=\"400\" \/>\n\t<meta property=\"og:image:height\" content=\"241\" \/>\n\t<meta property=\"og:image:type\" content=\"image\/jpeg\" \/>\n<meta name=\"author\" content=\"Portal Raizes\" \/>\n<meta name=\"twitter:card\" content=\"summary_large_image\" \/>\n<meta name=\"twitter:label1\" content=\"Escrito por\" \/>\n\t<meta name=\"twitter:data1\" content=\"Portal Raizes\" \/>\n\t<meta name=\"twitter:label2\" content=\"Est. tempo de leitura\" \/>\n\t<meta name=\"twitter:data2\" content=\"3 minutos\" \/>\n<script type=\"application\/ld+json\" class=\"yoast-schema-graph\">{\"@context\":\"https:\/\/schema.org\",\"@graph\":[{\"@type\":\"Article\",\"@id\":\"https:\/\/portalraizesnoticias.com.br\/?p=2103#article\",\"isPartOf\":{\"@id\":\"https:\/\/portalraizesnoticias.com.br\/?p=2103\"},\"author\":{\"name\":\"Portal Raizes\",\"@id\":\"https:\/\/portalraizesnoticias.com.br\/#\/schema\/person\/a3ca6b0fc701e78df19756c417d943ae\"},\"headline\":\"Tr\u00eas cidades do Territ\u00f3rio do Sisal est\u00e3o entre os 69 munic\u00edpios baianos com Selo Unicef; Saiba quais\",\"datePublished\":\"2024-11-08T20:48:10+00:00\",\"mainEntityOfPage\":{\"@id\":\"https:\/\/portalraizesnoticias.com.br\/?p=2103\"},\"wordCount\":449,\"commentCount\":0,\"publisher\":{\"@id\":\"https:\/\/portalraizesnoticias.com.br\/#organization\"},\"image\":{\"@id\":\"https:\/\/portalraizesnoticias.com.br\/?p=2103#primaryimage\"},\"thumbnailUrl\":\"https:\/\/portalraizesnoticias.com.br\/wp-content\/uploads\/2024\/11\/cats-3-1.jpg\",\"articleSection\":[\"EDUCA\u00c7\u00c3O\",\"REGI\u00c3O\",\"ULTIMAS NOTICIAS\"],\"inLanguage\":\"pt-BR\",\"potentialAction\":[{\"@type\":\"CommentAction\",\"name\":\"Comment\",\"target\":[\"https:\/\/portalraizesnoticias.com.br\/?p=2103#respond\"]}]},{\"@type\":\"WebPage\",\"@id\":\"https:\/\/portalraizesnoticias.com.br\/?p=2103\",\"url\":\"https:\/\/portalraizesnoticias.com.br\/?p=2103\",\"name\":\"Tr\u00eas cidades do Territ\u00f3rio do Sisal est\u00e3o entre os 69 munic\u00edpios baianos com Selo Unicef; Saiba quais - Portal raizes noticias\",\"isPartOf\":{\"@id\":\"https:\/\/portalraizesnoticias.com.br\/#website\"},\"primaryImageOfPage\":{\"@id\":\"https:\/\/portalraizesnoticias.com.br\/?p=2103#primaryimage\"},\"image\":{\"@id\":\"https:\/\/portalraizesnoticias.com.br\/?p=2103#primaryimage\"},\"thumbnailUrl\":\"https:\/\/portalraizesnoticias.com.br\/wp-content\/uploads\/2024\/11\/cats-3-1.jpg\",\"datePublished\":\"2024-11-08T20:48:10+00:00\",\"breadcrumb\":{\"@id\":\"https:\/\/portalraizesnoticias.com.br\/?p=2103#breadcrumb\"},\"inLanguage\":\"pt-BR\",\"potentialAction\":[{\"@type\":\"ReadAction\",\"target\":[\"https:\/\/portalraizesnoticias.com.br\/?p=2103\"]}]},{\"@type\":\"ImageObject\",\"inLanguage\":\"pt-BR\",\"@id\":\"https:\/\/portalraizesnoticias.com.br\/?p=2103#primaryimage\",\"url\":\"https:\/\/portalraizesnoticias.com.br\/wp-content\/uploads\/2024\/11\/cats-3-1.jpg\",\"contentUrl\":\"https:\/\/portalraizesnoticias.com.br\/wp-content\/uploads\/2024\/11\/cats-3-1.jpg\",\"width\":400,\"height\":241},{\"@type\":\"BreadcrumbList\",\"@id\":\"https:\/\/portalraizesnoticias.com.br\/?p=2103#breadcrumb\",\"itemListElement\":[{\"@type\":\"ListItem\",\"position\":1,\"name\":\"In\u00edcio\",\"item\":\"https:\/\/portalraizesnoticias.com.br\/\"},{\"@type\":\"ListItem\",\"position\":2,\"name\":\"Tr\u00eas cidades do Territ\u00f3rio do Sisal est\u00e3o entre os 69 munic\u00edpios baianos com Selo Unicef; Saiba quais\"}]},{\"@type\":\"WebSite\",\"@id\":\"https:\/\/portalraizesnoticias.com.br\/#website\",\"url\":\"https:\/\/portalraizesnoticias.com.br\/\",\"name\":\"Portal raizes NOTICIAS\",\"description\":\"site de noticias de concei\u00e7\u00e3o do coit\u00e9 e regi\u00e3o\",\"publisher\":{\"@id\":\"https:\/\/portalraizesnoticias.com.br\/#organization\"},\"alternateName\":\"PORTAL RAIZES COIT\u00c9\",\"potentialAction\":[{\"@type\":\"SearchAction\",\"target\":{\"@type\":\"EntryPoint\",\"urlTemplate\":\"https:\/\/portalraizesnoticias.com.br\/?s={search_term_string}\"},\"query-input\":{\"@type\":\"PropertyValueSpecification\",\"valueRequired\":true,\"valueName\":\"search_term_string\"}}],\"inLanguage\":\"pt-BR\"},{\"@type\":\"Organization\",\"@id\":\"https:\/\/portalraizesnoticias.com.br\/#organization\",\"name\":\"Portal raizes NOTICIAS\",\"url\":\"https:\/\/portalraizesnoticias.com.br\/\",\"logo\":{\"@type\":\"ImageObject\",\"inLanguage\":\"pt-BR\",\"@id\":\"https:\/\/portalraizesnoticias.com.br\/#\/schema\/logo\/image\/\",\"url\":\"https:\/\/portalraizesnoticias.com.br\/wp-content\/uploads\/2024\/09\/cropped-Captura-de-tela-2024-09-08-011108.png\",\"contentUrl\":\"https:\/\/portalraizesnoticias.com.br\/wp-content\/uploads\/2024\/09\/cropped-Captura-de-tela-2024-09-08-011108.png\",\"width\":606,\"height\":173,\"caption\":\"Portal raizes NOTICIAS\"},\"image\":{\"@id\":\"https:\/\/portalraizesnoticias.com.br\/#\/schema\/logo\/image\/\"}},{\"@type\":\"Person\",\"@id\":\"https:\/\/portalraizesnoticias.com.br\/#\/schema\/person\/a3ca6b0fc701e78df19756c417d943ae\",\"name\":\"Portal Raizes\",\"image\":{\"@type\":\"ImageObject\",\"inLanguage\":\"pt-BR\",\"@id\":\"https:\/\/portalraizesnoticias.com.br\/#\/schema\/person\/image\/\",\"url\":\"https:\/\/secure.gravatar.com\/avatar\/ef450d29013a3d3fba867a12a249d7b1?s=96&d=mm&r=g\",\"contentUrl\":\"https:\/\/secure.gravatar.com\/avatar\/ef450d29013a3d3fba867a12a249d7b1?s=96&d=mm&r=g\",\"caption\":\"Portal Raizes\"},\"url\":\"https:\/\/portalraizesnoticias.com.br\/?author=3\"}]}<\/script>\n<!-- \/ Yoast SEO plugin. -->","yoast_head_json":{"title":"Tr\u00eas cidades do Territ\u00f3rio do Sisal est\u00e3o entre os 69 munic\u00edpios baianos com Selo Unicef; Saiba quais - Portal raizes noticias","robots":{"index":"index","follow":"follow","max-snippet":"max-snippet:-1","max-image-preview":"max-image-preview:large","max-video-preview":"max-video-preview:-1"},"canonical":"https:\/\/portalraizesnoticias.com.br\/?p=2103","og_locale":"pt_BR","og_type":"article","og_title":"Tr\u00eas cidades do Territ\u00f3rio do Sisal est\u00e3o entre os 69 munic\u00edpios baianos com Selo Unicef; Saiba quais - Portal raizes noticias","og_description":"923 cidades, onde vivem mais de 8 milh\u00f5es de meninas e meninos de 0 a 19 anos, avan\u00e7aram mais do que a m\u00e9dia nacional em diversas \u00e1reas e conquistaram o\u00a0Selo UNICEF. Entre os 236 munic\u00edpios baianos inscritos, apenas 69 receberam essa honraria. Tr\u00eas munic\u00edpios est\u00e3o na\u00a0Bacia do Jacu\u00edpe, sendo eles:\u00a0Capela do Alto Alegre;\u00a0Nova F\u00e1tima\u00a0e\u00a0P\u00e9 de Serra, J\u00e1 no\u00a0Territ\u00f3rio do Sisal, foram contempladas tamb\u00e9m tr\u00eas cidades,\u00a0Barrocas;\u00a0Concei\u00e7\u00e3o do Coit\u00e9\u00a0e\u00a0Valente. Os 923 munic\u00edpios que recebem hoje o\u00a0Selo UNICEF\u00a0melhoraram mais suas pol\u00edticas p\u00fablicas voltadas a crian\u00e7as e adolescentes, entre 2021 e 2024, em compara\u00e7\u00e3o \u00e0 m\u00e9dia nacional em pelo menos tr\u00eas indicadores de sa\u00fade, educa\u00e7\u00e3o e prote\u00e7\u00e3o contra viol\u00eancia. Nestes 923 munic\u00edpios, nos estados das regi\u00f5es Norte e Nordeste, Mato Grosso e norte de Minas Gerais, vivem mais de 8 milh\u00f5es de meninas e meninos de zero a 17 anos. Para chegar a estes resultados, os munic\u00edpios reconhecidos com o Selo UNICEF se empenharam em cuidar bem da primeira inf\u00e2ncia e da adolesc\u00eancia; melhorar a educa\u00e7\u00e3o \u2013 da creche at\u00e9 a transi\u00e7\u00e3o de jovens para o mundo do trabalho \u2013; investir na sa\u00fade f\u00edsica e metal de meninas e meninos; promover h\u00e1bitos de higiene e acesso \u00e0 \u00e1gua limpa; proteger crian\u00e7as e adolescentes das viol\u00eancias; e garantir a prote\u00e7\u00e3o social \u00e0s fam\u00edlias vulner\u00e1veis, em especial aquelas oriundas de povos e comunidades tradicionais. Todas essas cidades participam do Selo UNICEF, uma iniciativa do UNICEF destinada a apoiar cidades das regi\u00f5es mais vulner\u00e1veis do Pa\u00eds para que melhorem pol\u00edticas p\u00fablicas voltadas \u00e0 inf\u00e2ncia e adolesc\u00eancia. Ap\u00f3s quatro anos de muito trabalho, essas 923 cidades conseguiram melhorar mais do que a m\u00e9dia nacional em diferentes \u00e1reas, com destaque para: imuniza\u00e7\u00e3o, educa\u00e7\u00e3o e prote\u00e7\u00e3o contra as viol\u00eancias. \u201cN\u00e3o estamos falando das cidades com os melhores indicadores, mas das cidades que mais melhoraram em rela\u00e7\u00e3o \u00e0 situa\u00e7\u00e3o em que elas estavam em 2021. O UNICEF comemora esse avan\u00e7o de cidades em regi\u00f5es vulner\u00e1veis que conseguiram tirar o atraso e melhorar mais. Com o apoio do UNICEF, esses munic\u00edpios conseguiram trazer mais efici\u00eancia para a sua gest\u00e3o em diferentes \u00e1reas ligadas aos direitos da inf\u00e2ncia e adolesc\u00eancia, passando a cumprir de forma mais eficiente o que j\u00e1 \u00e9 um dever do poder p\u00fablico\u201d, explica Youssouf Abdel-Jelil, Representante do UNICEF no Brasil. ichunoticias","og_url":"https:\/\/portalraizesnoticias.com.br\/?p=2103","og_site_name":"Portal raizes noticias","article_published_time":"2024-11-08T20:48:10+00:00","og_image":[{"width":400,"height":241,"url":"https:\/\/portalraizesnoticias.com.br\/wp-content\/uploads\/2024\/11\/cats-3-1.jpg","type":"image\/jpeg"}],"author":"Portal Raizes","twitter_card":"summary_large_image","twitter_misc":{"Escrito por":"Portal Raizes","Est. tempo de leitura":"3 minutos"},"schema":{"@context":"https:\/\/schema.org","@graph":[{"@type":"Article","@id":"https:\/\/portalraizesnoticias.com.br\/?p=2103#article","isPartOf":{"@id":"https:\/\/portalraizesnoticias.com.br\/?p=2103"},"author":{"name":"Portal Raizes","@id":"https:\/\/portalraizesnoticias.com.br\/#\/schema\/person\/a3ca6b0fc701e78df19756c417d943ae"},"headline":"Tr\u00eas cidades do Territ\u00f3rio do Sisal est\u00e3o entre os 69 munic\u00edpios baianos com Selo Unicef; Saiba quais","datePublished":"2024-11-08T20:48:10+00:00","mainEntityOfPage":{"@id":"https:\/\/portalraizesnoticias.com.br\/?p=2103"},"wordCount":449,"commentCount":0,"publisher":{"@id":"https:\/\/portalraizesnoticias.com.br\/#organization"},"image":{"@id":"https:\/\/portalraizesnoticias.com.br\/?p=2103#primaryimage"},"thumbnailUrl":"https:\/\/portalraizesnoticias.com.br\/wp-content\/uploads\/2024\/11\/cats-3-1.jpg","articleSection":["EDUCA\u00c7\u00c3O","REGI\u00c3O","ULTIMAS NOTICIAS"],"inLanguage":"pt-BR","potentialAction":[{"@type":"CommentAction","name":"Comment","target":["https:\/\/portalraizesnoticias.com.br\/?p=2103#respond"]}]},{"@type":"WebPage","@id":"https:\/\/portalraizesnoticias.com.br\/?p=2103","url":"https:\/\/portalraizesnoticias.com.br\/?p=2103","name":"Tr\u00eas cidades do Territ\u00f3rio do Sisal est\u00e3o entre os 69 munic\u00edpios baianos com Selo Unicef; Saiba quais - Portal raizes noticias","isPartOf":{"@id":"https:\/\/portalraizesnoticias.com.br\/#website"},"primaryImageOfPage":{"@id":"https:\/\/portalraizesnoticias.com.br\/?p=2103#primaryimage"},"image":{"@id":"https:\/\/portalraizesnoticias.com.br\/?p=2103#primaryimage"},"thumbnailUrl":"https:\/\/portalraizesnoticias.com.br\/wp-content\/uploads\/2024\/11\/cats-3-1.jpg","datePublished":"2024-11-08T20:48:10+00:00","breadcrumb":{"@id":"https:\/\/portalraizesnoticias.com.br\/?p=2103#breadcrumb"},"inLanguage":"pt-BR","potentialAction":[{"@type":"ReadAction","target":["https:\/\/portalraizesnoticias.com.br\/?p=2103"]}]},{"@type":"ImageObject","inLanguage":"pt-BR","@id":"https:\/\/portalraizesnoticias.com.br\/?p=2103#primaryimage","url":"https:\/\/portalraizesnoticias.com.br\/wp-content\/uploads\/2024\/11\/cats-3-1.jpg","contentUrl":"https:\/\/portalraizesnoticias.com.br\/wp-content\/uploads\/2024\/11\/cats-3-1.jpg","width":400,"height":241},{"@type":"BreadcrumbList","@id":"https:\/\/portalraizesnoticias.com.br\/?p=2103#breadcrumb","itemListElement":[{"@type":"ListItem","position":1,"name":"In\u00edcio","item":"https:\/\/portalraizesnoticias.com.br\/"},{"@type":"ListItem","position":2,"name":"Tr\u00eas cidades do Territ\u00f3rio do Sisal est\u00e3o entre os 69 munic\u00edpios baianos com Selo Unicef; Saiba quais"}]},{"@type":"WebSite","@id":"https:\/\/portalraizesnoticias.com.br\/#website","url":"https:\/\/portalraizesnoticias.com.br\/","name":"Portal raizes NOTICIAS","description":"site de noticias de concei\u00e7\u00e3o do coit\u00e9 e regi\u00e3o","publisher":{"@id":"https:\/\/portalraizesnoticias.com.br\/#organization"},"alternateName":"PORTAL RAIZES COIT\u00c9","potentialAction":[{"@type":"SearchAction","target":{"@type":"EntryPoint","urlTemplate":"https:\/\/portalraizesnoticias.com.br\/?s={search_term_string}"},"query-input":{"@type":"PropertyValueSpecification","valueRequired":true,"valueName":"search_term_string"}}],"inLanguage":"pt-BR"},{"@type":"Organization","@id":"https:\/\/portalraizesnoticias.com.br\/#organization","name":"Portal raizes NOTICIAS","url":"https:\/\/portalraizesnoticias.com.br\/","logo":{"@type":"ImageObject","inLanguage":"pt-BR","@id":"https:\/\/portalraizesnoticias.com.br\/#\/schema\/logo\/image\/","url":"https:\/\/portalraizesnoticias.com.br\/wp-content\/uploads\/2024\/09\/cropped-Captura-de-tela-2024-09-08-011108.png","contentUrl":"https:\/\/portalraizesnoticias.com.br\/wp-content\/uploads\/2024\/09\/cropped-Captura-de-tela-2024-09-08-011108.png","width":606,"height":173,"caption":"Portal raizes NOTICIAS"},"image":{"@id":"https:\/\/portalraizesnoticias.com.br\/#\/schema\/logo\/image\/"}},{"@type":"Person","@id":"https:\/\/portalraizesnoticias.com.br\/#\/schema\/person\/a3ca6b0fc701e78df19756c417d943ae","name":"Portal Raizes","image":{"@type":"ImageObject","inLanguage":"pt-BR","@id":"https:\/\/portalraizesnoticias.com.br\/#\/schema\/person\/image\/","url":"https:\/\/secure.gravatar.com\/avatar\/ef450d29013a3d3fba867a12a249d7b1?s=96&d=mm&r=g","contentUrl":"https:\/\/secure.gravatar.com\/avatar\/ef450d29013a3d3fba867a12a249d7b1?s=96&d=mm&r=g","caption":"Portal Raizes"},"url":"https:\/\/portalraizesnoticias.com.br\/?author=3"}]}},"_links":{"self":[{"href":"https:\/\/portalraizesnoticias.com.br\/index.php?rest_route=\/wp\/v2\/posts\/2103"}],"collection":[{"href":"https:\/\/portalraizesnoticias.com.br\/index.php?rest_route=\/wp\/v2\/posts"}],"about":[{"href":"https:\/\/portalraizesnoticias.com.br\/index.php?rest_route=\/wp\/v2\/types\/post"}],"author":[{"embeddable":true,"href":"https:\/\/portalraizesnoticias.com.br\/index.php?rest_route=\/wp\/v2\/users\/3"}],"replies":[{"embeddable":true,"href":"https:\/\/portalraizesnoticias.com.br\/index.php?rest_route=%2Fwp%2Fv2%2Fcomments&post=2103"}],"version-history":[{"count":1,"href":"https:\/\/portalraizesnoticias.com.br\/index.php?rest_route=\/wp\/v2\/posts\/2103\/revisions"}],"predecessor-version":[{"id":2105,"href":"https:\/\/portalraizesnoticias.com.br\/index.php?rest_route=\/wp\/v2\/posts\/2103\/revisions\/2105"}],"wp:featuredmedia":[{"embeddable":true,"href":"https:\/\/portalraizesnoticias.com.br\/index.php?rest_route=\/wp\/v2\/media\/2104"}],"wp:attachment":[{"href":"https:\/\/portalraizesnoticias.com.br\/index.php?rest_route=%2Fwp%2Fv2%2Fmedia&parent=2103"}],"wp:term":[{"taxonomy":"category","embeddable":true,"href":"https:\/\/portalraizesnoticias.com.br\/index.php?rest_route=%2Fwp%2Fv2%2Fcategories&post=2103"},{"taxonomy":"post_tag","embeddable":true,"href":"https:\/\/portalraizesnoticias.com.br\/index.php?rest_route=%2Fwp%2Fv2%2Ftags&post=2103"}],"curies":[{"name":"wp","href":"https:\/\/api.w.org\/{rel}","templated":true}]}}