{"id":2100,"date":"2024-11-08T20:46:51","date_gmt":"2024-11-08T20:46:51","guid":{"rendered":"https:\/\/portalraizesnoticias.com.br\/?p=2100"},"modified":"2024-11-08T20:46:51","modified_gmt":"2024-11-08T20:46:51","slug":"a-alegria-do-forro-conceicao-do-coite-recebe-musical-que-celebra-a-cultura-nordestina-com-entrada-gratuita","status":"publish","type":"post","link":"https:\/\/portalraizesnoticias.com.br\/?p=2100","title":{"rendered":"A Alegria do Forr\u00f3: Concei\u00e7\u00e3o do Coit\u00e9 Recebe Musical que Celebra a Cultura Nordestina com Entrada Gratuita"},"content":{"rendered":"<div>O\u00a0Centro Educacional Ana Rios, em\u00a0<b>Concei\u00e7\u00e3o do Coit\u00e9<\/b>, ser\u00e1 palco de um espet\u00e1culo emocionante neste s\u00e1bado, dia 09 de novembro, \u00e0s 19h. O musical\u00a0<b>A Alegria do Forr\u00f3<\/b>, apresentado pelo grupo\u00a0<b>Cavaleiros Troianos<\/b>\u00a0e com dire\u00e7\u00e3o de\u00a0<b>L\u00e9o Valentim<\/b>\u00a0e\u00a0<b>Gabriel Valentim<\/b>, promete uma noite de cultura e entretenimento gratuita para toda a comunidade.<\/div>\n<div><\/div>\n<div>O musical conta a hist\u00f3ria de Jos\u00e9 Valentim, um \u00edcone da m\u00fasica local e fundador da banda\u00a0<b>Caciques do Nordeste<\/b>. Na trama, o p\u00fablico ser\u00e1 transportado para o universo do forr\u00f3 aut\u00eantico, acompanhando os momentos mais marcantes da vida desse compositor que tanto contribuiu para o cen\u00e1rio musical de Concei\u00e7\u00e3o do Coit\u00e9 e regi\u00e3o.<\/div>\n<div><\/div>\n<div>A Alegria do Forr\u00f3 \u00e9 um espet\u00e1culo que valoriza a cultura nordestina e celebra a m\u00fasica regional, abordando temas como paix\u00e3o pela m\u00fasica, tradi\u00e7\u00e3o e as ra\u00edzes do forr\u00f3. A realiza\u00e7\u00e3o \u00e9 fruto de um incentivo da Lei Paulo Gustavo e conta com o apoio da Prefeitura Municipal de Concei\u00e7\u00e3o do Coit\u00e9 e do Departamento de Cultura.<\/div>\n<div><\/div>\n<div><b>Servi\u00e7o do Evento:\u00a0<\/b><\/div>\n<div>\u2013\u00a0<b>O que:<\/b>\u00a0Musical A Alegria do Forr\u00f3<\/div>\n<div>\u2013\u00a0<b>Quando:<\/b>\u00a009 de novembro, s\u00e1bado, \u00e0s 19h<\/div>\n<div>\u2013\u00a0<b>Onde:<\/b>\u00a0Centro Educacional Ana Rios, Concei\u00e7\u00e3o do Coit\u00e9-BA<\/div>\n<div>\u2013\u00a0<b>Entrada:<\/b>\u00a0Gratuita<\/div>\n<div><\/div>\n<div>N\u00e3o perca essa oportunidade de prestigiar uma hist\u00f3ria emocionante ao som do forr\u00f3, refor\u00e7ando o orgulho e a identidade cultural de nossa cidade.<\/div>\n<div><\/div>\n<div><\/div>\n<div>ichunoticias<\/div>\n","protected":false},"excerpt":{"rendered":"<p>O\u00a0Centro Educacional Ana Rios, em\u00a0Concei\u00e7\u00e3o do Coit\u00e9, ser\u00e1 palco de um espet\u00e1culo emocionante neste s\u00e1bado, dia 09 de novembro, \u00e0s 19h. O musical\u00a0A Alegria do Forr\u00f3, apresentado pelo grupo\u00a0Cavaleiros Troianos\u00a0e com dire\u00e7\u00e3o de\u00a0L\u00e9o Valentim\u00a0e\u00a0Gabriel Valentim, promete uma noite de cultura e entretenimento gratuita para toda a comunidade. O musical conta a hist\u00f3ria de Jos\u00e9 Valentim, um \u00edcone da m\u00fasica local e fundador da banda\u00a0Caciques do Nordeste. Na trama, o p\u00fablico ser\u00e1 transportado para o universo do forr\u00f3 aut\u00eantico, acompanhando os momentos mais marcantes da vida desse compositor que tanto contribuiu para o cen\u00e1rio musical de Concei\u00e7\u00e3o do Coit\u00e9 e regi\u00e3o. A Alegria do Forr\u00f3 \u00e9 um espet\u00e1culo que valoriza a cultura nordestina e celebra a m\u00fasica regional, abordando temas como paix\u00e3o pela m\u00fasica, tradi\u00e7\u00e3o e as ra\u00edzes do forr\u00f3. A realiza\u00e7\u00e3o \u00e9 fruto de um incentivo da Lei Paulo Gustavo e conta com o apoio da Prefeitura Municipal de Concei\u00e7\u00e3o do Coit\u00e9 e do Departamento de Cultura. Servi\u00e7o do Evento:\u00a0 \u2013\u00a0O que:\u00a0Musical A Alegria do Forr\u00f3 \u2013\u00a0Quando:\u00a009 de novembro, s\u00e1bado, \u00e0s 19h \u2013\u00a0Onde:\u00a0Centro Educacional Ana Rios, Concei\u00e7\u00e3o do Coit\u00e9-BA \u2013\u00a0Entrada:\u00a0Gratuita N\u00e3o perca essa oportunidade de prestigiar uma hist\u00f3ria emocionante ao som do forr\u00f3, refor\u00e7ando o orgulho e a identidade cultural de nossa cidade. ichunoticias<\/p>\n","protected":false},"author":3,"featured_media":2101,"comment_status":"open","ping_status":"open","sticky":false,"template":"","format":"standard","meta":{"_joinchat":[],"footnotes":""},"categories":[55,69,56,59],"tags":[],"class_list":["post-2100","post","type-post","status-publish","format-standard","has-post-thumbnail","hentry","category-destaques","category-entreterimento-e-cultura","category-regiao","category-ultimas-noticias"],"yoast_head":"<!-- This site is optimized with the Yoast SEO plugin v24.4 - https:\/\/yoast.com\/wordpress\/plugins\/seo\/ -->\n<title>A Alegria do Forr\u00f3: Concei\u00e7\u00e3o do Coit\u00e9 Recebe Musical que Celebra a Cultura Nordestina com Entrada Gratuita - Portal raizes noticias<\/title>\n<meta name=\"robots\" content=\"index, follow, max-snippet:-1, max-image-preview:large, max-video-preview:-1\" \/>\n<link rel=\"canonical\" href=\"https:\/\/portalraizesnoticias.com.br\/?p=2100\" \/>\n<meta property=\"og:locale\" content=\"pt_BR\" \/>\n<meta property=\"og:type\" content=\"article\" \/>\n<meta property=\"og:title\" content=\"A Alegria do Forr\u00f3: Concei\u00e7\u00e3o do Coit\u00e9 Recebe Musical que Celebra a Cultura Nordestina com Entrada Gratuita - Portal raizes noticias\" \/>\n<meta property=\"og:description\" content=\"O\u00a0Centro Educacional Ana Rios, em\u00a0Concei\u00e7\u00e3o do Coit\u00e9, ser\u00e1 palco de um espet\u00e1culo emocionante neste s\u00e1bado, dia 09 de novembro, \u00e0s 19h. O musical\u00a0A Alegria do Forr\u00f3, apresentado pelo grupo\u00a0Cavaleiros Troianos\u00a0e com dire\u00e7\u00e3o de\u00a0L\u00e9o Valentim\u00a0e\u00a0Gabriel Valentim, promete uma noite de cultura e entretenimento gratuita para toda a comunidade. O musical conta a hist\u00f3ria de Jos\u00e9 Valentim, um \u00edcone da m\u00fasica local e fundador da banda\u00a0Caciques do Nordeste. Na trama, o p\u00fablico ser\u00e1 transportado para o universo do forr\u00f3 aut\u00eantico, acompanhando os momentos mais marcantes da vida desse compositor que tanto contribuiu para o cen\u00e1rio musical de Concei\u00e7\u00e3o do Coit\u00e9 e regi\u00e3o. A Alegria do Forr\u00f3 \u00e9 um espet\u00e1culo que valoriza a cultura nordestina e celebra a m\u00fasica regional, abordando temas como paix\u00e3o pela m\u00fasica, tradi\u00e7\u00e3o e as ra\u00edzes do forr\u00f3. A realiza\u00e7\u00e3o \u00e9 fruto de um incentivo da Lei Paulo Gustavo e conta com o apoio da Prefeitura Municipal de Concei\u00e7\u00e3o do Coit\u00e9 e do Departamento de Cultura. Servi\u00e7o do Evento:\u00a0 \u2013\u00a0O que:\u00a0Musical A Alegria do Forr\u00f3 \u2013\u00a0Quando:\u00a009 de novembro, s\u00e1bado, \u00e0s 19h \u2013\u00a0Onde:\u00a0Centro Educacional Ana Rios, Concei\u00e7\u00e3o do Coit\u00e9-BA \u2013\u00a0Entrada:\u00a0Gratuita N\u00e3o perca essa oportunidade de prestigiar uma hist\u00f3ria emocionante ao som do forr\u00f3, refor\u00e7ando o orgulho e a identidade cultural de nossa cidade. ichunoticias\" \/>\n<meta property=\"og:url\" content=\"https:\/\/portalraizesnoticias.com.br\/?p=2100\" \/>\n<meta property=\"og:site_name\" content=\"Portal raizes noticias\" \/>\n<meta property=\"article:published_time\" content=\"2024-11-08T20:46:51+00:00\" \/>\n<meta property=\"og:image\" content=\"https:\/\/portalraizesnoticias.com.br\/wp-content\/uploads\/2024\/11\/cats-2-2.jpg\" \/>\n\t<meta property=\"og:image:width\" content=\"399\" \/>\n\t<meta property=\"og:image:height\" content=\"300\" \/>\n\t<meta property=\"og:image:type\" content=\"image\/jpeg\" \/>\n<meta name=\"author\" content=\"Portal Raizes\" \/>\n<meta name=\"twitter:card\" content=\"summary_large_image\" \/>\n<meta name=\"twitter:label1\" content=\"Escrito por\" \/>\n\t<meta name=\"twitter:data1\" content=\"Portal Raizes\" \/>\n\t<meta name=\"twitter:label2\" content=\"Est. tempo de leitura\" \/>\n\t<meta name=\"twitter:data2\" content=\"2 minutos\" \/>\n<script type=\"application\/ld+json\" class=\"yoast-schema-graph\">{\"@context\":\"https:\/\/schema.org\",\"@graph\":[{\"@type\":\"Article\",\"@id\":\"https:\/\/portalraizesnoticias.com.br\/?p=2100#article\",\"isPartOf\":{\"@id\":\"https:\/\/portalraizesnoticias.com.br\/?p=2100\"},\"author\":{\"name\":\"Portal Raizes\",\"@id\":\"https:\/\/portalraizesnoticias.com.br\/#\/schema\/person\/a3ca6b0fc701e78df19756c417d943ae\"},\"headline\":\"A Alegria do Forr\u00f3: Concei\u00e7\u00e3o do Coit\u00e9 Recebe Musical que Celebra a Cultura Nordestina com Entrada Gratuita\",\"datePublished\":\"2024-11-08T20:46:51+00:00\",\"mainEntityOfPage\":{\"@id\":\"https:\/\/portalraizesnoticias.com.br\/?p=2100\"},\"wordCount\":258,\"commentCount\":0,\"publisher\":{\"@id\":\"https:\/\/portalraizesnoticias.com.br\/#organization\"},\"image\":{\"@id\":\"https:\/\/portalraizesnoticias.com.br\/?p=2100#primaryimage\"},\"thumbnailUrl\":\"https:\/\/portalraizesnoticias.com.br\/wp-content\/uploads\/2024\/11\/cats-2-2.jpg\",\"articleSection\":[\"DESTAQUES\",\"ENTRETERIMENTO E CULTURA\",\"REGI\u00c3O\",\"ULTIMAS NOTICIAS\"],\"inLanguage\":\"pt-BR\",\"potentialAction\":[{\"@type\":\"CommentAction\",\"name\":\"Comment\",\"target\":[\"https:\/\/portalraizesnoticias.com.br\/?p=2100#respond\"]}]},{\"@type\":\"WebPage\",\"@id\":\"https:\/\/portalraizesnoticias.com.br\/?p=2100\",\"url\":\"https:\/\/portalraizesnoticias.com.br\/?p=2100\",\"name\":\"A Alegria do Forr\u00f3: Concei\u00e7\u00e3o do Coit\u00e9 Recebe Musical que Celebra a Cultura Nordestina com Entrada Gratuita - Portal raizes noticias\",\"isPartOf\":{\"@id\":\"https:\/\/portalraizesnoticias.com.br\/#website\"},\"primaryImageOfPage\":{\"@id\":\"https:\/\/portalraizesnoticias.com.br\/?p=2100#primaryimage\"},\"image\":{\"@id\":\"https:\/\/portalraizesnoticias.com.br\/?p=2100#primaryimage\"},\"thumbnailUrl\":\"https:\/\/portalraizesnoticias.com.br\/wp-content\/uploads\/2024\/11\/cats-2-2.jpg\",\"datePublished\":\"2024-11-08T20:46:51+00:00\",\"breadcrumb\":{\"@id\":\"https:\/\/portalraizesnoticias.com.br\/?p=2100#breadcrumb\"},\"inLanguage\":\"pt-BR\",\"potentialAction\":[{\"@type\":\"ReadAction\",\"target\":[\"https:\/\/portalraizesnoticias.com.br\/?p=2100\"]}]},{\"@type\":\"ImageObject\",\"inLanguage\":\"pt-BR\",\"@id\":\"https:\/\/portalraizesnoticias.com.br\/?p=2100#primaryimage\",\"url\":\"https:\/\/portalraizesnoticias.com.br\/wp-content\/uploads\/2024\/11\/cats-2-2.jpg\",\"contentUrl\":\"https:\/\/portalraizesnoticias.com.br\/wp-content\/uploads\/2024\/11\/cats-2-2.jpg\",\"width\":399,\"height\":300},{\"@type\":\"BreadcrumbList\",\"@id\":\"https:\/\/portalraizesnoticias.com.br\/?p=2100#breadcrumb\",\"itemListElement\":[{\"@type\":\"ListItem\",\"position\":1,\"name\":\"In\u00edcio\",\"item\":\"https:\/\/portalraizesnoticias.com.br\/\"},{\"@type\":\"ListItem\",\"position\":2,\"name\":\"A Alegria do Forr\u00f3: Concei\u00e7\u00e3o do Coit\u00e9 Recebe Musical que Celebra a Cultura Nordestina com Entrada Gratuita\"}]},{\"@type\":\"WebSite\",\"@id\":\"https:\/\/portalraizesnoticias.com.br\/#website\",\"url\":\"https:\/\/portalraizesnoticias.com.br\/\",\"name\":\"Portal raizes NOTICIAS\",\"description\":\"site de noticias de concei\u00e7\u00e3o do coit\u00e9 e regi\u00e3o\",\"publisher\":{\"@id\":\"https:\/\/portalraizesnoticias.com.br\/#organization\"},\"alternateName\":\"PORTAL RAIZES COIT\u00c9\",\"potentialAction\":[{\"@type\":\"SearchAction\",\"target\":{\"@type\":\"EntryPoint\",\"urlTemplate\":\"https:\/\/portalraizesnoticias.com.br\/?s={search_term_string}\"},\"query-input\":{\"@type\":\"PropertyValueSpecification\",\"valueRequired\":true,\"valueName\":\"search_term_string\"}}],\"inLanguage\":\"pt-BR\"},{\"@type\":\"Organization\",\"@id\":\"https:\/\/portalraizesnoticias.com.br\/#organization\",\"name\":\"Portal raizes NOTICIAS\",\"url\":\"https:\/\/portalraizesnoticias.com.br\/\",\"logo\":{\"@type\":\"ImageObject\",\"inLanguage\":\"pt-BR\",\"@id\":\"https:\/\/portalraizesnoticias.com.br\/#\/schema\/logo\/image\/\",\"url\":\"https:\/\/portalraizesnoticias.com.br\/wp-content\/uploads\/2024\/09\/cropped-Captura-de-tela-2024-09-08-011108.png\",\"contentUrl\":\"https:\/\/portalraizesnoticias.com.br\/wp-content\/uploads\/2024\/09\/cropped-Captura-de-tela-2024-09-08-011108.png\",\"width\":606,\"height\":173,\"caption\":\"Portal raizes NOTICIAS\"},\"image\":{\"@id\":\"https:\/\/portalraizesnoticias.com.br\/#\/schema\/logo\/image\/\"}},{\"@type\":\"Person\",\"@id\":\"https:\/\/portalraizesnoticias.com.br\/#\/schema\/person\/a3ca6b0fc701e78df19756c417d943ae\",\"name\":\"Portal Raizes\",\"image\":{\"@type\":\"ImageObject\",\"inLanguage\":\"pt-BR\",\"@id\":\"https:\/\/portalraizesnoticias.com.br\/#\/schema\/person\/image\/\",\"url\":\"https:\/\/secure.gravatar.com\/avatar\/ef450d29013a3d3fba867a12a249d7b1?s=96&d=mm&r=g\",\"contentUrl\":\"https:\/\/secure.gravatar.com\/avatar\/ef450d29013a3d3fba867a12a249d7b1?s=96&d=mm&r=g\",\"caption\":\"Portal Raizes\"},\"url\":\"https:\/\/portalraizesnoticias.com.br\/?author=3\"}]}<\/script>\n<!-- \/ Yoast SEO plugin. -->","yoast_head_json":{"title":"A Alegria do Forr\u00f3: Concei\u00e7\u00e3o do Coit\u00e9 Recebe Musical que Celebra a Cultura Nordestina com Entrada Gratuita - Portal raizes noticias","robots":{"index":"index","follow":"follow","max-snippet":"max-snippet:-1","max-image-preview":"max-image-preview:large","max-video-preview":"max-video-preview:-1"},"canonical":"https:\/\/portalraizesnoticias.com.br\/?p=2100","og_locale":"pt_BR","og_type":"article","og_title":"A Alegria do Forr\u00f3: Concei\u00e7\u00e3o do Coit\u00e9 Recebe Musical que Celebra a Cultura Nordestina com Entrada Gratuita - Portal raizes noticias","og_description":"O\u00a0Centro Educacional Ana Rios, em\u00a0Concei\u00e7\u00e3o do Coit\u00e9, ser\u00e1 palco de um espet\u00e1culo emocionante neste s\u00e1bado, dia 09 de novembro, \u00e0s 19h. O musical\u00a0A Alegria do Forr\u00f3, apresentado pelo grupo\u00a0Cavaleiros Troianos\u00a0e com dire\u00e7\u00e3o de\u00a0L\u00e9o Valentim\u00a0e\u00a0Gabriel Valentim, promete uma noite de cultura e entretenimento gratuita para toda a comunidade. O musical conta a hist\u00f3ria de Jos\u00e9 Valentim, um \u00edcone da m\u00fasica local e fundador da banda\u00a0Caciques do Nordeste. Na trama, o p\u00fablico ser\u00e1 transportado para o universo do forr\u00f3 aut\u00eantico, acompanhando os momentos mais marcantes da vida desse compositor que tanto contribuiu para o cen\u00e1rio musical de Concei\u00e7\u00e3o do Coit\u00e9 e regi\u00e3o. A Alegria do Forr\u00f3 \u00e9 um espet\u00e1culo que valoriza a cultura nordestina e celebra a m\u00fasica regional, abordando temas como paix\u00e3o pela m\u00fasica, tradi\u00e7\u00e3o e as ra\u00edzes do forr\u00f3. A realiza\u00e7\u00e3o \u00e9 fruto de um incentivo da Lei Paulo Gustavo e conta com o apoio da Prefeitura Municipal de Concei\u00e7\u00e3o do Coit\u00e9 e do Departamento de Cultura. Servi\u00e7o do Evento:\u00a0 \u2013\u00a0O que:\u00a0Musical A Alegria do Forr\u00f3 \u2013\u00a0Quando:\u00a009 de novembro, s\u00e1bado, \u00e0s 19h \u2013\u00a0Onde:\u00a0Centro Educacional Ana Rios, Concei\u00e7\u00e3o do Coit\u00e9-BA \u2013\u00a0Entrada:\u00a0Gratuita N\u00e3o perca essa oportunidade de prestigiar uma hist\u00f3ria emocionante ao som do forr\u00f3, refor\u00e7ando o orgulho e a identidade cultural de nossa cidade. ichunoticias","og_url":"https:\/\/portalraizesnoticias.com.br\/?p=2100","og_site_name":"Portal raizes noticias","article_published_time":"2024-11-08T20:46:51+00:00","og_image":[{"width":399,"height":300,"url":"https:\/\/portalraizesnoticias.com.br\/wp-content\/uploads\/2024\/11\/cats-2-2.jpg","type":"image\/jpeg"}],"author":"Portal Raizes","twitter_card":"summary_large_image","twitter_misc":{"Escrito por":"Portal Raizes","Est. tempo de leitura":"2 minutos"},"schema":{"@context":"https:\/\/schema.org","@graph":[{"@type":"Article","@id":"https:\/\/portalraizesnoticias.com.br\/?p=2100#article","isPartOf":{"@id":"https:\/\/portalraizesnoticias.com.br\/?p=2100"},"author":{"name":"Portal Raizes","@id":"https:\/\/portalraizesnoticias.com.br\/#\/schema\/person\/a3ca6b0fc701e78df19756c417d943ae"},"headline":"A Alegria do Forr\u00f3: Concei\u00e7\u00e3o do Coit\u00e9 Recebe Musical que Celebra a Cultura Nordestina com Entrada Gratuita","datePublished":"2024-11-08T20:46:51+00:00","mainEntityOfPage":{"@id":"https:\/\/portalraizesnoticias.com.br\/?p=2100"},"wordCount":258,"commentCount":0,"publisher":{"@id":"https:\/\/portalraizesnoticias.com.br\/#organization"},"image":{"@id":"https:\/\/portalraizesnoticias.com.br\/?p=2100#primaryimage"},"thumbnailUrl":"https:\/\/portalraizesnoticias.com.br\/wp-content\/uploads\/2024\/11\/cats-2-2.jpg","articleSection":["DESTAQUES","ENTRETERIMENTO E CULTURA","REGI\u00c3O","ULTIMAS NOTICIAS"],"inLanguage":"pt-BR","potentialAction":[{"@type":"CommentAction","name":"Comment","target":["https:\/\/portalraizesnoticias.com.br\/?p=2100#respond"]}]},{"@type":"WebPage","@id":"https:\/\/portalraizesnoticias.com.br\/?p=2100","url":"https:\/\/portalraizesnoticias.com.br\/?p=2100","name":"A Alegria do Forr\u00f3: Concei\u00e7\u00e3o do Coit\u00e9 Recebe Musical que Celebra a Cultura Nordestina com Entrada Gratuita - Portal raizes noticias","isPartOf":{"@id":"https:\/\/portalraizesnoticias.com.br\/#website"},"primaryImageOfPage":{"@id":"https:\/\/portalraizesnoticias.com.br\/?p=2100#primaryimage"},"image":{"@id":"https:\/\/portalraizesnoticias.com.br\/?p=2100#primaryimage"},"thumbnailUrl":"https:\/\/portalraizesnoticias.com.br\/wp-content\/uploads\/2024\/11\/cats-2-2.jpg","datePublished":"2024-11-08T20:46:51+00:00","breadcrumb":{"@id":"https:\/\/portalraizesnoticias.com.br\/?p=2100#breadcrumb"},"inLanguage":"pt-BR","potentialAction":[{"@type":"ReadAction","target":["https:\/\/portalraizesnoticias.com.br\/?p=2100"]}]},{"@type":"ImageObject","inLanguage":"pt-BR","@id":"https:\/\/portalraizesnoticias.com.br\/?p=2100#primaryimage","url":"https:\/\/portalraizesnoticias.com.br\/wp-content\/uploads\/2024\/11\/cats-2-2.jpg","contentUrl":"https:\/\/portalraizesnoticias.com.br\/wp-content\/uploads\/2024\/11\/cats-2-2.jpg","width":399,"height":300},{"@type":"BreadcrumbList","@id":"https:\/\/portalraizesnoticias.com.br\/?p=2100#breadcrumb","itemListElement":[{"@type":"ListItem","position":1,"name":"In\u00edcio","item":"https:\/\/portalraizesnoticias.com.br\/"},{"@type":"ListItem","position":2,"name":"A Alegria do Forr\u00f3: Concei\u00e7\u00e3o do Coit\u00e9 Recebe Musical que Celebra a Cultura Nordestina com Entrada Gratuita"}]},{"@type":"WebSite","@id":"https:\/\/portalraizesnoticias.com.br\/#website","url":"https:\/\/portalraizesnoticias.com.br\/","name":"Portal raizes NOTICIAS","description":"site de noticias de concei\u00e7\u00e3o do coit\u00e9 e regi\u00e3o","publisher":{"@id":"https:\/\/portalraizesnoticias.com.br\/#organization"},"alternateName":"PORTAL RAIZES COIT\u00c9","potentialAction":[{"@type":"SearchAction","target":{"@type":"EntryPoint","urlTemplate":"https:\/\/portalraizesnoticias.com.br\/?s={search_term_string}"},"query-input":{"@type":"PropertyValueSpecification","valueRequired":true,"valueName":"search_term_string"}}],"inLanguage":"pt-BR"},{"@type":"Organization","@id":"https:\/\/portalraizesnoticias.com.br\/#organization","name":"Portal raizes NOTICIAS","url":"https:\/\/portalraizesnoticias.com.br\/","logo":{"@type":"ImageObject","inLanguage":"pt-BR","@id":"https:\/\/portalraizesnoticias.com.br\/#\/schema\/logo\/image\/","url":"https:\/\/portalraizesnoticias.com.br\/wp-content\/uploads\/2024\/09\/cropped-Captura-de-tela-2024-09-08-011108.png","contentUrl":"https:\/\/portalraizesnoticias.com.br\/wp-content\/uploads\/2024\/09\/cropped-Captura-de-tela-2024-09-08-011108.png","width":606,"height":173,"caption":"Portal raizes NOTICIAS"},"image":{"@id":"https:\/\/portalraizesnoticias.com.br\/#\/schema\/logo\/image\/"}},{"@type":"Person","@id":"https:\/\/portalraizesnoticias.com.br\/#\/schema\/person\/a3ca6b0fc701e78df19756c417d943ae","name":"Portal Raizes","image":{"@type":"ImageObject","inLanguage":"pt-BR","@id":"https:\/\/portalraizesnoticias.com.br\/#\/schema\/person\/image\/","url":"https:\/\/secure.gravatar.com\/avatar\/ef450d29013a3d3fba867a12a249d7b1?s=96&d=mm&r=g","contentUrl":"https:\/\/secure.gravatar.com\/avatar\/ef450d29013a3d3fba867a12a249d7b1?s=96&d=mm&r=g","caption":"Portal Raizes"},"url":"https:\/\/portalraizesnoticias.com.br\/?author=3"}]}},"_links":{"self":[{"href":"https:\/\/portalraizesnoticias.com.br\/index.php?rest_route=\/wp\/v2\/posts\/2100"}],"collection":[{"href":"https:\/\/portalraizesnoticias.com.br\/index.php?rest_route=\/wp\/v2\/posts"}],"about":[{"href":"https:\/\/portalraizesnoticias.com.br\/index.php?rest_route=\/wp\/v2\/types\/post"}],"author":[{"embeddable":true,"href":"https:\/\/portalraizesnoticias.com.br\/index.php?rest_route=\/wp\/v2\/users\/3"}],"replies":[{"embeddable":true,"href":"https:\/\/portalraizesnoticias.com.br\/index.php?rest_route=%2Fwp%2Fv2%2Fcomments&post=2100"}],"version-history":[{"count":1,"href":"https:\/\/portalraizesnoticias.com.br\/index.php?rest_route=\/wp\/v2\/posts\/2100\/revisions"}],"predecessor-version":[{"id":2102,"href":"https:\/\/portalraizesnoticias.com.br\/index.php?rest_route=\/wp\/v2\/posts\/2100\/revisions\/2102"}],"wp:featuredmedia":[{"embeddable":true,"href":"https:\/\/portalraizesnoticias.com.br\/index.php?rest_route=\/wp\/v2\/media\/2101"}],"wp:attachment":[{"href":"https:\/\/portalraizesnoticias.com.br\/index.php?rest_route=%2Fwp%2Fv2%2Fmedia&parent=2100"}],"wp:term":[{"taxonomy":"category","embeddable":true,"href":"https:\/\/portalraizesnoticias.com.br\/index.php?rest_route=%2Fwp%2Fv2%2Fcategories&post=2100"},{"taxonomy":"post_tag","embeddable":true,"href":"https:\/\/portalraizesnoticias.com.br\/index.php?rest_route=%2Fwp%2Fv2%2Ftags&post=2100"}],"curies":[{"name":"wp","href":"https:\/\/api.w.org\/{rel}","templated":true}]}}