{"id":2082,"date":"2024-11-07T20:55:54","date_gmt":"2024-11-07T20:55:54","guid":{"rendered":"https:\/\/portalraizesnoticias.com.br\/?p=2082"},"modified":"2024-11-07T20:55:55","modified_gmt":"2024-11-07T20:55:55","slug":"pf-incinera-cerca-de-oito-toneladas-de-po-da-jurema-negra-apreendido-em-coite","status":"publish","type":"post","link":"https:\/\/portalraizesnoticias.com.br\/?p=2082","title":{"rendered":"PF incinera cerca de oito toneladas de p\u00f3 da \u201cjurema negra\u201d apreendido em Coit\u00e9"},"content":{"rendered":"<p>A Pol\u00edcia Federal realizou, nesta quarta-feira (6), a incinera\u00e7\u00e3o de, aproximadamente, oito toneladas do p\u00f3 da \u201cmimosa hostilis\u201d, conhecida como \u201cjurema negra\u201d.<\/p>\n<p>O p\u00f3, produzido no processo de tritura\u00e7\u00e3o da casca da planta, cont\u00e9m dimetiltriptamina (DMT), uma subst\u00e2ncia psicod\u00e9lica e alucin\u00f3gena, tamb\u00e9m conhecido como \u201cmol\u00e9cula de esp\u00edrito\u201d, sendo o princ\u00edpio ativo da mistura do ayahuasca.<\/p>\n<div>\n<div id=\"denakop-ad-385866560871358\" data-google-query-id=\"CPf82oCuyokDFRVN3QIdzKU63w\">\n<div id=\"google_ads_iframe_\/21715141650,150583874\/calilanoticias.com\/desktop_intext_0__container__\">O material foi apreendido no \u00e2mbito da Opera\u00e7\u00e3o ROOTS, que visou o combate ao envio do p\u00f3 da jurema negra para outros pa\u00edses,\u00a0<strong>no dia 10 de outubro em um dep\u00f3sito no Distrito Salgad\u00e1lia, em Concei\u00e7\u00e3o do Coit\u00e9.<\/strong><\/div>\n<\/div>\n<\/div>\n<p>A a\u00e7\u00e3o contou com o apoio da Companhia Independente de Pol\u00edcia de Prote\u00e7\u00e3o Ambiental \u2013 COPPA\/PM\/BA e com a participa\u00e7\u00e3o de oito policiais federais e colaboradores.<\/p>\n<p>Dois caminh\u00f5es realizaram o transporte da grande quantidade do material apreendido. A destrui\u00e7\u00e3o do entorpecente foi autorizada pela Justi\u00e7a Federal em Feira de Santana\/BA.<\/p>\n<p>Fonte: PF<\/p>\n","protected":false},"excerpt":{"rendered":"<p>A Pol\u00edcia Federal realizou, nesta quarta-feira (6), a incinera\u00e7\u00e3o de, aproximadamente, oito toneladas do p\u00f3 da \u201cmimosa hostilis\u201d, conhecida como \u201cjurema negra\u201d. O p\u00f3, produzido no processo de tritura\u00e7\u00e3o da casca da planta, cont\u00e9m dimetiltriptamina (DMT), uma subst\u00e2ncia psicod\u00e9lica e alucin\u00f3gena, tamb\u00e9m conhecido como \u201cmol\u00e9cula de esp\u00edrito\u201d, sendo o princ\u00edpio ativo da mistura do ayahuasca. O material foi apreendido no \u00e2mbito da Opera\u00e7\u00e3o ROOTS, que visou o combate ao envio do p\u00f3 da jurema negra para outros pa\u00edses,\u00a0no dia 10 de outubro em um dep\u00f3sito no Distrito Salgad\u00e1lia, em Concei\u00e7\u00e3o do Coit\u00e9. A a\u00e7\u00e3o contou com o apoio da Companhia Independente de Pol\u00edcia de Prote\u00e7\u00e3o Ambiental \u2013 COPPA\/PM\/BA e com a participa\u00e7\u00e3o de oito policiais federais e colaboradores. Dois caminh\u00f5es realizaram o transporte da grande quantidade do material apreendido. A destrui\u00e7\u00e3o do entorpecente foi autorizada pela Justi\u00e7a Federal em Feira de Santana\/BA. Fonte: PF<\/p>\n","protected":false},"author":3,"featured_media":2083,"comment_status":"open","ping_status":"open","sticky":false,"template":"","format":"standard","meta":{"_joinchat":[],"footnotes":""},"categories":[67,56,59],"tags":[],"class_list":["post-2082","post","type-post","status-publish","format-standard","has-post-thumbnail","hentry","category-policia","category-regiao","category-ultimas-noticias"],"yoast_head":"<!-- This site is optimized with the Yoast SEO plugin v24.4 - https:\/\/yoast.com\/wordpress\/plugins\/seo\/ -->\n<title>PF incinera cerca de oito toneladas de p\u00f3 da \u201cjurema negra\u201d apreendido em Coit\u00e9 - Portal raizes noticias<\/title>\n<meta name=\"robots\" content=\"index, follow, max-snippet:-1, max-image-preview:large, max-video-preview:-1\" \/>\n<link rel=\"canonical\" href=\"https:\/\/portalraizesnoticias.com.br\/?p=2082\" \/>\n<meta property=\"og:locale\" content=\"pt_BR\" \/>\n<meta property=\"og:type\" content=\"article\" \/>\n<meta property=\"og:title\" content=\"PF incinera cerca de oito toneladas de p\u00f3 da \u201cjurema negra\u201d apreendido em Coit\u00e9 - Portal raizes noticias\" \/>\n<meta property=\"og:description\" content=\"A Pol\u00edcia Federal realizou, nesta quarta-feira (6), a incinera\u00e7\u00e3o de, aproximadamente, oito toneladas do p\u00f3 da \u201cmimosa hostilis\u201d, conhecida como \u201cjurema negra\u201d. O p\u00f3, produzido no processo de tritura\u00e7\u00e3o da casca da planta, cont\u00e9m dimetiltriptamina (DMT), uma subst\u00e2ncia psicod\u00e9lica e alucin\u00f3gena, tamb\u00e9m conhecido como \u201cmol\u00e9cula de esp\u00edrito\u201d, sendo o princ\u00edpio ativo da mistura do ayahuasca. O material foi apreendido no \u00e2mbito da Opera\u00e7\u00e3o ROOTS, que visou o combate ao envio do p\u00f3 da jurema negra para outros pa\u00edses,\u00a0no dia 10 de outubro em um dep\u00f3sito no Distrito Salgad\u00e1lia, em Concei\u00e7\u00e3o do Coit\u00e9. A a\u00e7\u00e3o contou com o apoio da Companhia Independente de Pol\u00edcia de Prote\u00e7\u00e3o Ambiental \u2013 COPPA\/PM\/BA e com a participa\u00e7\u00e3o de oito policiais federais e colaboradores. Dois caminh\u00f5es realizaram o transporte da grande quantidade do material apreendido. A destrui\u00e7\u00e3o do entorpecente foi autorizada pela Justi\u00e7a Federal em Feira de Santana\/BA. Fonte: PF\" \/>\n<meta property=\"og:url\" content=\"https:\/\/portalraizesnoticias.com.br\/?p=2082\" \/>\n<meta property=\"og:site_name\" content=\"Portal raizes noticias\" \/>\n<meta property=\"article:published_time\" content=\"2024-11-07T20:55:54+00:00\" \/>\n<meta property=\"article:modified_time\" content=\"2024-11-07T20:55:55+00:00\" \/>\n<meta property=\"og:image\" content=\"https:\/\/portalraizesnoticias.com.br\/wp-content\/uploads\/2024\/11\/9e818cf5-b8e3-416a-964a-54d78afc8514-qwpmxgkgdune7ibtkspic8ltfomu161yxauwriwbcg.webp\" \/>\n\t<meta property=\"og:image:width\" content=\"800\" \/>\n\t<meta property=\"og:image:height\" content=\"600\" \/>\n\t<meta property=\"og:image:type\" content=\"image\/webp\" \/>\n<meta name=\"author\" content=\"Portal Raizes\" \/>\n<meta name=\"twitter:card\" content=\"summary_large_image\" \/>\n<meta name=\"twitter:label1\" content=\"Escrito por\" \/>\n\t<meta name=\"twitter:data1\" content=\"Portal Raizes\" \/>\n\t<meta name=\"twitter:label2\" content=\"Est. tempo de leitura\" \/>\n\t<meta name=\"twitter:data2\" content=\"1 minuto\" \/>\n<script type=\"application\/ld+json\" class=\"yoast-schema-graph\">{\"@context\":\"https:\/\/schema.org\",\"@graph\":[{\"@type\":\"Article\",\"@id\":\"https:\/\/portalraizesnoticias.com.br\/?p=2082#article\",\"isPartOf\":{\"@id\":\"https:\/\/portalraizesnoticias.com.br\/?p=2082\"},\"author\":{\"name\":\"Portal Raizes\",\"@id\":\"https:\/\/portalraizesnoticias.com.br\/#\/schema\/person\/a3ca6b0fc701e78df19756c417d943ae\"},\"headline\":\"PF incinera cerca de oito toneladas de p\u00f3 da \u201cjurema negra\u201d apreendido em Coit\u00e9\",\"datePublished\":\"2024-11-07T20:55:54+00:00\",\"dateModified\":\"2024-11-07T20:55:55+00:00\",\"mainEntityOfPage\":{\"@id\":\"https:\/\/portalraizesnoticias.com.br\/?p=2082\"},\"wordCount\":182,\"commentCount\":0,\"publisher\":{\"@id\":\"https:\/\/portalraizesnoticias.com.br\/#organization\"},\"image\":{\"@id\":\"https:\/\/portalraizesnoticias.com.br\/?p=2082#primaryimage\"},\"thumbnailUrl\":\"https:\/\/portalraizesnoticias.com.br\/wp-content\/uploads\/2024\/11\/9e818cf5-b8e3-416a-964a-54d78afc8514-qwpmxgkgdune7ibtkspic8ltfomu161yxauwriwbcg.webp\",\"articleSection\":[\"POLICIA\",\"REGI\u00c3O\",\"ULTIMAS NOTICIAS\"],\"inLanguage\":\"pt-BR\",\"potentialAction\":[{\"@type\":\"CommentAction\",\"name\":\"Comment\",\"target\":[\"https:\/\/portalraizesnoticias.com.br\/?p=2082#respond\"]}]},{\"@type\":\"WebPage\",\"@id\":\"https:\/\/portalraizesnoticias.com.br\/?p=2082\",\"url\":\"https:\/\/portalraizesnoticias.com.br\/?p=2082\",\"name\":\"PF incinera cerca de oito toneladas de p\u00f3 da \u201cjurema negra\u201d apreendido em Coit\u00e9 - Portal raizes noticias\",\"isPartOf\":{\"@id\":\"https:\/\/portalraizesnoticias.com.br\/#website\"},\"primaryImageOfPage\":{\"@id\":\"https:\/\/portalraizesnoticias.com.br\/?p=2082#primaryimage\"},\"image\":{\"@id\":\"https:\/\/portalraizesnoticias.com.br\/?p=2082#primaryimage\"},\"thumbnailUrl\":\"https:\/\/portalraizesnoticias.com.br\/wp-content\/uploads\/2024\/11\/9e818cf5-b8e3-416a-964a-54d78afc8514-qwpmxgkgdune7ibtkspic8ltfomu161yxauwriwbcg.webp\",\"datePublished\":\"2024-11-07T20:55:54+00:00\",\"dateModified\":\"2024-11-07T20:55:55+00:00\",\"breadcrumb\":{\"@id\":\"https:\/\/portalraizesnoticias.com.br\/?p=2082#breadcrumb\"},\"inLanguage\":\"pt-BR\",\"potentialAction\":[{\"@type\":\"ReadAction\",\"target\":[\"https:\/\/portalraizesnoticias.com.br\/?p=2082\"]}]},{\"@type\":\"ImageObject\",\"inLanguage\":\"pt-BR\",\"@id\":\"https:\/\/portalraizesnoticias.com.br\/?p=2082#primaryimage\",\"url\":\"https:\/\/portalraizesnoticias.com.br\/wp-content\/uploads\/2024\/11\/9e818cf5-b8e3-416a-964a-54d78afc8514-qwpmxgkgdune7ibtkspic8ltfomu161yxauwriwbcg.webp\",\"contentUrl\":\"https:\/\/portalraizesnoticias.com.br\/wp-content\/uploads\/2024\/11\/9e818cf5-b8e3-416a-964a-54d78afc8514-qwpmxgkgdune7ibtkspic8ltfomu161yxauwriwbcg.webp\",\"width\":800,\"height\":600},{\"@type\":\"BreadcrumbList\",\"@id\":\"https:\/\/portalraizesnoticias.com.br\/?p=2082#breadcrumb\",\"itemListElement\":[{\"@type\":\"ListItem\",\"position\":1,\"name\":\"In\u00edcio\",\"item\":\"https:\/\/portalraizesnoticias.com.br\/\"},{\"@type\":\"ListItem\",\"position\":2,\"name\":\"PF incinera cerca de oito toneladas de p\u00f3 da \u201cjurema negra\u201d apreendido em Coit\u00e9\"}]},{\"@type\":\"WebSite\",\"@id\":\"https:\/\/portalraizesnoticias.com.br\/#website\",\"url\":\"https:\/\/portalraizesnoticias.com.br\/\",\"name\":\"Portal raizes NOTICIAS\",\"description\":\"site de noticias de concei\u00e7\u00e3o do coit\u00e9 e regi\u00e3o\",\"publisher\":{\"@id\":\"https:\/\/portalraizesnoticias.com.br\/#organization\"},\"alternateName\":\"PORTAL RAIZES COIT\u00c9\",\"potentialAction\":[{\"@type\":\"SearchAction\",\"target\":{\"@type\":\"EntryPoint\",\"urlTemplate\":\"https:\/\/portalraizesnoticias.com.br\/?s={search_term_string}\"},\"query-input\":{\"@type\":\"PropertyValueSpecification\",\"valueRequired\":true,\"valueName\":\"search_term_string\"}}],\"inLanguage\":\"pt-BR\"},{\"@type\":\"Organization\",\"@id\":\"https:\/\/portalraizesnoticias.com.br\/#organization\",\"name\":\"Portal raizes NOTICIAS\",\"url\":\"https:\/\/portalraizesnoticias.com.br\/\",\"logo\":{\"@type\":\"ImageObject\",\"inLanguage\":\"pt-BR\",\"@id\":\"https:\/\/portalraizesnoticias.com.br\/#\/schema\/logo\/image\/\",\"url\":\"https:\/\/portalraizesnoticias.com.br\/wp-content\/uploads\/2024\/09\/cropped-Captura-de-tela-2024-09-08-011108.png\",\"contentUrl\":\"https:\/\/portalraizesnoticias.com.br\/wp-content\/uploads\/2024\/09\/cropped-Captura-de-tela-2024-09-08-011108.png\",\"width\":606,\"height\":173,\"caption\":\"Portal raizes NOTICIAS\"},\"image\":{\"@id\":\"https:\/\/portalraizesnoticias.com.br\/#\/schema\/logo\/image\/\"}},{\"@type\":\"Person\",\"@id\":\"https:\/\/portalraizesnoticias.com.br\/#\/schema\/person\/a3ca6b0fc701e78df19756c417d943ae\",\"name\":\"Portal Raizes\",\"image\":{\"@type\":\"ImageObject\",\"inLanguage\":\"pt-BR\",\"@id\":\"https:\/\/portalraizesnoticias.com.br\/#\/schema\/person\/image\/\",\"url\":\"https:\/\/secure.gravatar.com\/avatar\/ef450d29013a3d3fba867a12a249d7b1?s=96&d=mm&r=g\",\"contentUrl\":\"https:\/\/secure.gravatar.com\/avatar\/ef450d29013a3d3fba867a12a249d7b1?s=96&d=mm&r=g\",\"caption\":\"Portal Raizes\"},\"url\":\"https:\/\/portalraizesnoticias.com.br\/?author=3\"}]}<\/script>\n<!-- \/ Yoast SEO plugin. -->","yoast_head_json":{"title":"PF incinera cerca de oito toneladas de p\u00f3 da \u201cjurema negra\u201d apreendido em Coit\u00e9 - Portal raizes noticias","robots":{"index":"index","follow":"follow","max-snippet":"max-snippet:-1","max-image-preview":"max-image-preview:large","max-video-preview":"max-video-preview:-1"},"canonical":"https:\/\/portalraizesnoticias.com.br\/?p=2082","og_locale":"pt_BR","og_type":"article","og_title":"PF incinera cerca de oito toneladas de p\u00f3 da \u201cjurema negra\u201d apreendido em Coit\u00e9 - Portal raizes noticias","og_description":"A Pol\u00edcia Federal realizou, nesta quarta-feira (6), a incinera\u00e7\u00e3o de, aproximadamente, oito toneladas do p\u00f3 da \u201cmimosa hostilis\u201d, conhecida como \u201cjurema negra\u201d. O p\u00f3, produzido no processo de tritura\u00e7\u00e3o da casca da planta, cont\u00e9m dimetiltriptamina (DMT), uma subst\u00e2ncia psicod\u00e9lica e alucin\u00f3gena, tamb\u00e9m conhecido como \u201cmol\u00e9cula de esp\u00edrito\u201d, sendo o princ\u00edpio ativo da mistura do ayahuasca. O material foi apreendido no \u00e2mbito da Opera\u00e7\u00e3o ROOTS, que visou o combate ao envio do p\u00f3 da jurema negra para outros pa\u00edses,\u00a0no dia 10 de outubro em um dep\u00f3sito no Distrito Salgad\u00e1lia, em Concei\u00e7\u00e3o do Coit\u00e9. A a\u00e7\u00e3o contou com o apoio da Companhia Independente de Pol\u00edcia de Prote\u00e7\u00e3o Ambiental \u2013 COPPA\/PM\/BA e com a participa\u00e7\u00e3o de oito policiais federais e colaboradores. Dois caminh\u00f5es realizaram o transporte da grande quantidade do material apreendido. A destrui\u00e7\u00e3o do entorpecente foi autorizada pela Justi\u00e7a Federal em Feira de Santana\/BA. Fonte: PF","og_url":"https:\/\/portalraizesnoticias.com.br\/?p=2082","og_site_name":"Portal raizes noticias","article_published_time":"2024-11-07T20:55:54+00:00","article_modified_time":"2024-11-07T20:55:55+00:00","og_image":[{"width":800,"height":600,"url":"https:\/\/portalraizesnoticias.com.br\/wp-content\/uploads\/2024\/11\/9e818cf5-b8e3-416a-964a-54d78afc8514-qwpmxgkgdune7ibtkspic8ltfomu161yxauwriwbcg.webp","type":"image\/webp"}],"author":"Portal Raizes","twitter_card":"summary_large_image","twitter_misc":{"Escrito por":"Portal Raizes","Est. tempo de leitura":"1 minuto"},"schema":{"@context":"https:\/\/schema.org","@graph":[{"@type":"Article","@id":"https:\/\/portalraizesnoticias.com.br\/?p=2082#article","isPartOf":{"@id":"https:\/\/portalraizesnoticias.com.br\/?p=2082"},"author":{"name":"Portal Raizes","@id":"https:\/\/portalraizesnoticias.com.br\/#\/schema\/person\/a3ca6b0fc701e78df19756c417d943ae"},"headline":"PF incinera cerca de oito toneladas de p\u00f3 da \u201cjurema negra\u201d apreendido em Coit\u00e9","datePublished":"2024-11-07T20:55:54+00:00","dateModified":"2024-11-07T20:55:55+00:00","mainEntityOfPage":{"@id":"https:\/\/portalraizesnoticias.com.br\/?p=2082"},"wordCount":182,"commentCount":0,"publisher":{"@id":"https:\/\/portalraizesnoticias.com.br\/#organization"},"image":{"@id":"https:\/\/portalraizesnoticias.com.br\/?p=2082#primaryimage"},"thumbnailUrl":"https:\/\/portalraizesnoticias.com.br\/wp-content\/uploads\/2024\/11\/9e818cf5-b8e3-416a-964a-54d78afc8514-qwpmxgkgdune7ibtkspic8ltfomu161yxauwriwbcg.webp","articleSection":["POLICIA","REGI\u00c3O","ULTIMAS NOTICIAS"],"inLanguage":"pt-BR","potentialAction":[{"@type":"CommentAction","name":"Comment","target":["https:\/\/portalraizesnoticias.com.br\/?p=2082#respond"]}]},{"@type":"WebPage","@id":"https:\/\/portalraizesnoticias.com.br\/?p=2082","url":"https:\/\/portalraizesnoticias.com.br\/?p=2082","name":"PF incinera cerca de oito toneladas de p\u00f3 da \u201cjurema negra\u201d apreendido em Coit\u00e9 - Portal raizes noticias","isPartOf":{"@id":"https:\/\/portalraizesnoticias.com.br\/#website"},"primaryImageOfPage":{"@id":"https:\/\/portalraizesnoticias.com.br\/?p=2082#primaryimage"},"image":{"@id":"https:\/\/portalraizesnoticias.com.br\/?p=2082#primaryimage"},"thumbnailUrl":"https:\/\/portalraizesnoticias.com.br\/wp-content\/uploads\/2024\/11\/9e818cf5-b8e3-416a-964a-54d78afc8514-qwpmxgkgdune7ibtkspic8ltfomu161yxauwriwbcg.webp","datePublished":"2024-11-07T20:55:54+00:00","dateModified":"2024-11-07T20:55:55+00:00","breadcrumb":{"@id":"https:\/\/portalraizesnoticias.com.br\/?p=2082#breadcrumb"},"inLanguage":"pt-BR","potentialAction":[{"@type":"ReadAction","target":["https:\/\/portalraizesnoticias.com.br\/?p=2082"]}]},{"@type":"ImageObject","inLanguage":"pt-BR","@id":"https:\/\/portalraizesnoticias.com.br\/?p=2082#primaryimage","url":"https:\/\/portalraizesnoticias.com.br\/wp-content\/uploads\/2024\/11\/9e818cf5-b8e3-416a-964a-54d78afc8514-qwpmxgkgdune7ibtkspic8ltfomu161yxauwriwbcg.webp","contentUrl":"https:\/\/portalraizesnoticias.com.br\/wp-content\/uploads\/2024\/11\/9e818cf5-b8e3-416a-964a-54d78afc8514-qwpmxgkgdune7ibtkspic8ltfomu161yxauwriwbcg.webp","width":800,"height":600},{"@type":"BreadcrumbList","@id":"https:\/\/portalraizesnoticias.com.br\/?p=2082#breadcrumb","itemListElement":[{"@type":"ListItem","position":1,"name":"In\u00edcio","item":"https:\/\/portalraizesnoticias.com.br\/"},{"@type":"ListItem","position":2,"name":"PF incinera cerca de oito toneladas de p\u00f3 da \u201cjurema negra\u201d apreendido em Coit\u00e9"}]},{"@type":"WebSite","@id":"https:\/\/portalraizesnoticias.com.br\/#website","url":"https:\/\/portalraizesnoticias.com.br\/","name":"Portal raizes NOTICIAS","description":"site de noticias de concei\u00e7\u00e3o do coit\u00e9 e regi\u00e3o","publisher":{"@id":"https:\/\/portalraizesnoticias.com.br\/#organization"},"alternateName":"PORTAL RAIZES COIT\u00c9","potentialAction":[{"@type":"SearchAction","target":{"@type":"EntryPoint","urlTemplate":"https:\/\/portalraizesnoticias.com.br\/?s={search_term_string}"},"query-input":{"@type":"PropertyValueSpecification","valueRequired":true,"valueName":"search_term_string"}}],"inLanguage":"pt-BR"},{"@type":"Organization","@id":"https:\/\/portalraizesnoticias.com.br\/#organization","name":"Portal raizes NOTICIAS","url":"https:\/\/portalraizesnoticias.com.br\/","logo":{"@type":"ImageObject","inLanguage":"pt-BR","@id":"https:\/\/portalraizesnoticias.com.br\/#\/schema\/logo\/image\/","url":"https:\/\/portalraizesnoticias.com.br\/wp-content\/uploads\/2024\/09\/cropped-Captura-de-tela-2024-09-08-011108.png","contentUrl":"https:\/\/portalraizesnoticias.com.br\/wp-content\/uploads\/2024\/09\/cropped-Captura-de-tela-2024-09-08-011108.png","width":606,"height":173,"caption":"Portal raizes NOTICIAS"},"image":{"@id":"https:\/\/portalraizesnoticias.com.br\/#\/schema\/logo\/image\/"}},{"@type":"Person","@id":"https:\/\/portalraizesnoticias.com.br\/#\/schema\/person\/a3ca6b0fc701e78df19756c417d943ae","name":"Portal Raizes","image":{"@type":"ImageObject","inLanguage":"pt-BR","@id":"https:\/\/portalraizesnoticias.com.br\/#\/schema\/person\/image\/","url":"https:\/\/secure.gravatar.com\/avatar\/ef450d29013a3d3fba867a12a249d7b1?s=96&d=mm&r=g","contentUrl":"https:\/\/secure.gravatar.com\/avatar\/ef450d29013a3d3fba867a12a249d7b1?s=96&d=mm&r=g","caption":"Portal Raizes"},"url":"https:\/\/portalraizesnoticias.com.br\/?author=3"}]}},"_links":{"self":[{"href":"https:\/\/portalraizesnoticias.com.br\/index.php?rest_route=\/wp\/v2\/posts\/2082"}],"collection":[{"href":"https:\/\/portalraizesnoticias.com.br\/index.php?rest_route=\/wp\/v2\/posts"}],"about":[{"href":"https:\/\/portalraizesnoticias.com.br\/index.php?rest_route=\/wp\/v2\/types\/post"}],"author":[{"embeddable":true,"href":"https:\/\/portalraizesnoticias.com.br\/index.php?rest_route=\/wp\/v2\/users\/3"}],"replies":[{"embeddable":true,"href":"https:\/\/portalraizesnoticias.com.br\/index.php?rest_route=%2Fwp%2Fv2%2Fcomments&post=2082"}],"version-history":[{"count":1,"href":"https:\/\/portalraizesnoticias.com.br\/index.php?rest_route=\/wp\/v2\/posts\/2082\/revisions"}],"predecessor-version":[{"id":2084,"href":"https:\/\/portalraizesnoticias.com.br\/index.php?rest_route=\/wp\/v2\/posts\/2082\/revisions\/2084"}],"wp:featuredmedia":[{"embeddable":true,"href":"https:\/\/portalraizesnoticias.com.br\/index.php?rest_route=\/wp\/v2\/media\/2083"}],"wp:attachment":[{"href":"https:\/\/portalraizesnoticias.com.br\/index.php?rest_route=%2Fwp%2Fv2%2Fmedia&parent=2082"}],"wp:term":[{"taxonomy":"category","embeddable":true,"href":"https:\/\/portalraizesnoticias.com.br\/index.php?rest_route=%2Fwp%2Fv2%2Fcategories&post=2082"},{"taxonomy":"post_tag","embeddable":true,"href":"https:\/\/portalraizesnoticias.com.br\/index.php?rest_route=%2Fwp%2Fv2%2Ftags&post=2082"}],"curies":[{"name":"wp","href":"https:\/\/api.w.org\/{rel}","templated":true}]}}