{"id":2012,"date":"2024-11-04T18:31:29","date_gmt":"2024-11-04T18:31:29","guid":{"rendered":"https:\/\/portalraizesnoticias.com.br\/?p=2012"},"modified":"2024-11-04T18:31:29","modified_gmt":"2024-11-04T18:31:29","slug":"morre-o-cantor-agnaldo-rayol-aos-86-anos","status":"publish","type":"post","link":"https:\/\/portalraizesnoticias.com.br\/?p=2012","title":{"rendered":"Morre o cantor Agnaldo Rayol, aos 86 anos"},"content":{"rendered":"<p>O cantor Agnaldo Rayol morreu, aos 86 anos, na madrugada desta segunda-feira (4). Ele faleceu ap\u00f3s sofrer uma queda em sua casa em Santana, na zona norte de S\u00e3o Paulo.<\/p>\n<p>O artista estava acompanhado de um cuidador da fam\u00edlia. Ele estava l\u00facido quando o Servi\u00e7o de Atendimento M\u00f3vel de Urg\u00eancia (SAMU) foi acionado.<\/p>\n<p>Segundo a assessoria de imprensa do artista, a ambul\u00e2ncia demorou a chegar.<\/p>\n<div class=\"site__content\">\n<div class=\"container\">\n<div class=\"row\"><main class=\"posts col__list\"><\/p>\n<article>\n<div class=\"single-content\">\n<p>Rayol foi levado ao Hospital HSanp, tamb\u00e9m no bairro de Santana. Ele tinha um corte na cabe\u00e7a.<\/p>\n<p>Em nota, a prefeitura de S\u00e3o Paulo lamentou a morte do artista e disse que ir\u00e1 apurar os detalhes do atendimento prestado pelo SAMU.<\/p>\n<p>Agnaldo Rayol ficou conhecido pela voz de bar\u00edtono e sua participa\u00e7\u00e3o como cantor e apresentador em diversas atra\u00e7\u00f5es da televis\u00e3o brasileira.<\/p>\n<p>Entre os maiores\u00a0sucessos do artista, est\u00e3o suas interpreta\u00e7\u00f5es de can\u00e7\u00f5es italianas, tais como \u201cMia Gioconda\u201d e \u201cTormento D\u2019Amore\u201d.<\/p>\n<p>Em nota, a assessoria de imprensa do cantor destacou a trajet\u00f3ria de Rayol:<\/p>\n<p>\u201cAgnaldo Rayol deixa um legado inestim\u00e1vel para a m\u00fasica brasileira, com uma carreira que atravessou d\u00e9cadas e tocou os cora\u00e7\u00f5es de milh\u00f5es de f\u00e3s. A fam\u00edlia agradece as manifesta\u00e7\u00f5es de carinho e apoio. Informa\u00e7\u00f5es sobre o vel\u00f3rio e cerim\u00f4nia de despedida ser\u00e3o divulgadas em breve\u201d, diz o comunicado.<\/p>\n<\/div>\n<p>CNN Brasil<\/p>\n<section class=\"single-tags\">\n<h2 class=\"single-tags__title\"><\/h2>\n<\/section>\n<\/article>\n<p><\/main><\/div>\n<\/div>\n<\/div>\n","protected":false},"excerpt":{"rendered":"<p>O cantor Agnaldo Rayol morreu, aos 86 anos, na madrugada desta segunda-feira (4). Ele faleceu ap\u00f3s sofrer uma queda em sua casa em Santana, na zona norte de S\u00e3o Paulo. O artista estava acompanhado de um cuidador da fam\u00edlia. Ele estava l\u00facido quando o Servi\u00e7o de Atendimento M\u00f3vel de Urg\u00eancia (SAMU) foi acionado. Segundo a assessoria de imprensa do artista, a ambul\u00e2ncia demorou a chegar. Rayol foi levado ao Hospital HSanp, tamb\u00e9m no bairro de Santana. Ele tinha um corte na cabe\u00e7a. Em nota, a prefeitura de S\u00e3o Paulo lamentou a morte do artista e disse que ir\u00e1 apurar os detalhes do atendimento prestado pelo SAMU. Agnaldo Rayol ficou conhecido pela voz de bar\u00edtono e sua participa\u00e7\u00e3o como cantor e apresentador em diversas atra\u00e7\u00f5es da televis\u00e3o brasileira. Entre os maiores\u00a0sucessos do artista, est\u00e3o suas interpreta\u00e7\u00f5es de can\u00e7\u00f5es italianas, tais como \u201cMia Gioconda\u201d e \u201cTormento D\u2019Amore\u201d. Em nota, a assessoria de imprensa do cantor destacou a trajet\u00f3ria de Rayol: \u201cAgnaldo Rayol deixa um legado inestim\u00e1vel para a m\u00fasica brasileira, com uma carreira que atravessou d\u00e9cadas e tocou os cora\u00e7\u00f5es de milh\u00f5es de f\u00e3s. A fam\u00edlia agradece as manifesta\u00e7\u00f5es de carinho e apoio. Informa\u00e7\u00f5es sobre o vel\u00f3rio e cerim\u00f4nia de despedida ser\u00e3o divulgadas em breve\u201d, diz o comunicado. CNN Brasil<\/p>\n","protected":false},"author":3,"featured_media":2013,"comment_status":"open","ping_status":"open","sticky":false,"template":"","format":"standard","meta":{"_joinchat":[],"footnotes":""},"categories":[55,54,59],"tags":[],"class_list":["post-2012","post","type-post","status-publish","format-standard","has-post-thumbnail","hentry","category-destaques","category-famosos","category-ultimas-noticias"],"yoast_head":"<!-- This site is optimized with the Yoast SEO plugin v24.4 - https:\/\/yoast.com\/wordpress\/plugins\/seo\/ -->\n<title>Morre o cantor Agnaldo Rayol, aos 86 anos - Portal raizes noticias<\/title>\n<meta name=\"robots\" content=\"index, follow, max-snippet:-1, max-image-preview:large, max-video-preview:-1\" \/>\n<link rel=\"canonical\" href=\"https:\/\/portalraizesnoticias.com.br\/?p=2012\" \/>\n<meta property=\"og:locale\" content=\"pt_BR\" \/>\n<meta property=\"og:type\" content=\"article\" \/>\n<meta property=\"og:title\" content=\"Morre o cantor Agnaldo Rayol, aos 86 anos - Portal raizes noticias\" \/>\n<meta property=\"og:description\" content=\"O cantor Agnaldo Rayol morreu, aos 86 anos, na madrugada desta segunda-feira (4). Ele faleceu ap\u00f3s sofrer uma queda em sua casa em Santana, na zona norte de S\u00e3o Paulo. O artista estava acompanhado de um cuidador da fam\u00edlia. Ele estava l\u00facido quando o Servi\u00e7o de Atendimento M\u00f3vel de Urg\u00eancia (SAMU) foi acionado. Segundo a assessoria de imprensa do artista, a ambul\u00e2ncia demorou a chegar. Rayol foi levado ao Hospital HSanp, tamb\u00e9m no bairro de Santana. Ele tinha um corte na cabe\u00e7a. Em nota, a prefeitura de S\u00e3o Paulo lamentou a morte do artista e disse que ir\u00e1 apurar os detalhes do atendimento prestado pelo SAMU. Agnaldo Rayol ficou conhecido pela voz de bar\u00edtono e sua participa\u00e7\u00e3o como cantor e apresentador em diversas atra\u00e7\u00f5es da televis\u00e3o brasileira. Entre os maiores\u00a0sucessos do artista, est\u00e3o suas interpreta\u00e7\u00f5es de can\u00e7\u00f5es italianas, tais como \u201cMia Gioconda\u201d e \u201cTormento D\u2019Amore\u201d. Em nota, a assessoria de imprensa do cantor destacou a trajet\u00f3ria de Rayol: \u201cAgnaldo Rayol deixa um legado inestim\u00e1vel para a m\u00fasica brasileira, com uma carreira que atravessou d\u00e9cadas e tocou os cora\u00e7\u00f5es de milh\u00f5es de f\u00e3s. A fam\u00edlia agradece as manifesta\u00e7\u00f5es de carinho e apoio. Informa\u00e7\u00f5es sobre o vel\u00f3rio e cerim\u00f4nia de despedida ser\u00e3o divulgadas em breve\u201d, diz o comunicado. CNN Brasil\" \/>\n<meta property=\"og:url\" content=\"https:\/\/portalraizesnoticias.com.br\/?p=2012\" \/>\n<meta property=\"og:site_name\" content=\"Portal raizes noticias\" \/>\n<meta property=\"article:published_time\" content=\"2024-11-04T18:31:29+00:00\" \/>\n<meta property=\"og:image\" content=\"https:\/\/portalraizesnoticias.com.br\/wp-content\/uploads\/2024\/11\/agnaldo-rayol_3741.jpeg\" \/>\n\t<meta property=\"og:image:width\" content=\"730\" \/>\n\t<meta property=\"og:image:height\" content=\"410\" \/>\n\t<meta property=\"og:image:type\" content=\"image\/jpeg\" \/>\n<meta name=\"author\" content=\"Portal Raizes\" \/>\n<meta name=\"twitter:card\" content=\"summary_large_image\" \/>\n<meta name=\"twitter:label1\" content=\"Escrito por\" \/>\n\t<meta name=\"twitter:data1\" content=\"Portal Raizes\" \/>\n\t<meta name=\"twitter:label2\" content=\"Est. tempo de leitura\" \/>\n\t<meta name=\"twitter:data2\" content=\"2 minutos\" \/>\n<script type=\"application\/ld+json\" class=\"yoast-schema-graph\">{\"@context\":\"https:\/\/schema.org\",\"@graph\":[{\"@type\":\"Article\",\"@id\":\"https:\/\/portalraizesnoticias.com.br\/?p=2012#article\",\"isPartOf\":{\"@id\":\"https:\/\/portalraizesnoticias.com.br\/?p=2012\"},\"author\":{\"name\":\"Portal Raizes\",\"@id\":\"https:\/\/portalraizesnoticias.com.br\/#\/schema\/person\/a3ca6b0fc701e78df19756c417d943ae\"},\"headline\":\"Morre o cantor Agnaldo Rayol, aos 86 anos\",\"datePublished\":\"2024-11-04T18:31:29+00:00\",\"mainEntityOfPage\":{\"@id\":\"https:\/\/portalraizesnoticias.com.br\/?p=2012\"},\"wordCount\":246,\"commentCount\":0,\"publisher\":{\"@id\":\"https:\/\/portalraizesnoticias.com.br\/#organization\"},\"image\":{\"@id\":\"https:\/\/portalraizesnoticias.com.br\/?p=2012#primaryimage\"},\"thumbnailUrl\":\"https:\/\/portalraizesnoticias.com.br\/wp-content\/uploads\/2024\/11\/agnaldo-rayol_3741.jpeg\",\"articleSection\":[\"DESTAQUES\",\"FAMOSOS\",\"ULTIMAS NOTICIAS\"],\"inLanguage\":\"pt-BR\",\"potentialAction\":[{\"@type\":\"CommentAction\",\"name\":\"Comment\",\"target\":[\"https:\/\/portalraizesnoticias.com.br\/?p=2012#respond\"]}]},{\"@type\":\"WebPage\",\"@id\":\"https:\/\/portalraizesnoticias.com.br\/?p=2012\",\"url\":\"https:\/\/portalraizesnoticias.com.br\/?p=2012\",\"name\":\"Morre o cantor Agnaldo Rayol, aos 86 anos - Portal raizes noticias\",\"isPartOf\":{\"@id\":\"https:\/\/portalraizesnoticias.com.br\/#website\"},\"primaryImageOfPage\":{\"@id\":\"https:\/\/portalraizesnoticias.com.br\/?p=2012#primaryimage\"},\"image\":{\"@id\":\"https:\/\/portalraizesnoticias.com.br\/?p=2012#primaryimage\"},\"thumbnailUrl\":\"https:\/\/portalraizesnoticias.com.br\/wp-content\/uploads\/2024\/11\/agnaldo-rayol_3741.jpeg\",\"datePublished\":\"2024-11-04T18:31:29+00:00\",\"breadcrumb\":{\"@id\":\"https:\/\/portalraizesnoticias.com.br\/?p=2012#breadcrumb\"},\"inLanguage\":\"pt-BR\",\"potentialAction\":[{\"@type\":\"ReadAction\",\"target\":[\"https:\/\/portalraizesnoticias.com.br\/?p=2012\"]}]},{\"@type\":\"ImageObject\",\"inLanguage\":\"pt-BR\",\"@id\":\"https:\/\/portalraizesnoticias.com.br\/?p=2012#primaryimage\",\"url\":\"https:\/\/portalraizesnoticias.com.br\/wp-content\/uploads\/2024\/11\/agnaldo-rayol_3741.jpeg\",\"contentUrl\":\"https:\/\/portalraizesnoticias.com.br\/wp-content\/uploads\/2024\/11\/agnaldo-rayol_3741.jpeg\",\"width\":730,\"height\":410},{\"@type\":\"BreadcrumbList\",\"@id\":\"https:\/\/portalraizesnoticias.com.br\/?p=2012#breadcrumb\",\"itemListElement\":[{\"@type\":\"ListItem\",\"position\":1,\"name\":\"In\u00edcio\",\"item\":\"https:\/\/portalraizesnoticias.com.br\/\"},{\"@type\":\"ListItem\",\"position\":2,\"name\":\"Morre o cantor Agnaldo Rayol, aos 86 anos\"}]},{\"@type\":\"WebSite\",\"@id\":\"https:\/\/portalraizesnoticias.com.br\/#website\",\"url\":\"https:\/\/portalraizesnoticias.com.br\/\",\"name\":\"Portal raizes NOTICIAS\",\"description\":\"site de noticias de concei\u00e7\u00e3o do coit\u00e9 e regi\u00e3o\",\"publisher\":{\"@id\":\"https:\/\/portalraizesnoticias.com.br\/#organization\"},\"alternateName\":\"PORTAL RAIZES COIT\u00c9\",\"potentialAction\":[{\"@type\":\"SearchAction\",\"target\":{\"@type\":\"EntryPoint\",\"urlTemplate\":\"https:\/\/portalraizesnoticias.com.br\/?s={search_term_string}\"},\"query-input\":{\"@type\":\"PropertyValueSpecification\",\"valueRequired\":true,\"valueName\":\"search_term_string\"}}],\"inLanguage\":\"pt-BR\"},{\"@type\":\"Organization\",\"@id\":\"https:\/\/portalraizesnoticias.com.br\/#organization\",\"name\":\"Portal raizes NOTICIAS\",\"url\":\"https:\/\/portalraizesnoticias.com.br\/\",\"logo\":{\"@type\":\"ImageObject\",\"inLanguage\":\"pt-BR\",\"@id\":\"https:\/\/portalraizesnoticias.com.br\/#\/schema\/logo\/image\/\",\"url\":\"https:\/\/portalraizesnoticias.com.br\/wp-content\/uploads\/2024\/09\/cropped-Captura-de-tela-2024-09-08-011108.png\",\"contentUrl\":\"https:\/\/portalraizesnoticias.com.br\/wp-content\/uploads\/2024\/09\/cropped-Captura-de-tela-2024-09-08-011108.png\",\"width\":606,\"height\":173,\"caption\":\"Portal raizes NOTICIAS\"},\"image\":{\"@id\":\"https:\/\/portalraizesnoticias.com.br\/#\/schema\/logo\/image\/\"}},{\"@type\":\"Person\",\"@id\":\"https:\/\/portalraizesnoticias.com.br\/#\/schema\/person\/a3ca6b0fc701e78df19756c417d943ae\",\"name\":\"Portal Raizes\",\"image\":{\"@type\":\"ImageObject\",\"inLanguage\":\"pt-BR\",\"@id\":\"https:\/\/portalraizesnoticias.com.br\/#\/schema\/person\/image\/\",\"url\":\"https:\/\/secure.gravatar.com\/avatar\/ef450d29013a3d3fba867a12a249d7b1?s=96&d=mm&r=g\",\"contentUrl\":\"https:\/\/secure.gravatar.com\/avatar\/ef450d29013a3d3fba867a12a249d7b1?s=96&d=mm&r=g\",\"caption\":\"Portal Raizes\"},\"url\":\"https:\/\/portalraizesnoticias.com.br\/?author=3\"}]}<\/script>\n<!-- \/ Yoast SEO plugin. -->","yoast_head_json":{"title":"Morre o cantor Agnaldo Rayol, aos 86 anos - Portal raizes noticias","robots":{"index":"index","follow":"follow","max-snippet":"max-snippet:-1","max-image-preview":"max-image-preview:large","max-video-preview":"max-video-preview:-1"},"canonical":"https:\/\/portalraizesnoticias.com.br\/?p=2012","og_locale":"pt_BR","og_type":"article","og_title":"Morre o cantor Agnaldo Rayol, aos 86 anos - Portal raizes noticias","og_description":"O cantor Agnaldo Rayol morreu, aos 86 anos, na madrugada desta segunda-feira (4). Ele faleceu ap\u00f3s sofrer uma queda em sua casa em Santana, na zona norte de S\u00e3o Paulo. O artista estava acompanhado de um cuidador da fam\u00edlia. Ele estava l\u00facido quando o Servi\u00e7o de Atendimento M\u00f3vel de Urg\u00eancia (SAMU) foi acionado. Segundo a assessoria de imprensa do artista, a ambul\u00e2ncia demorou a chegar. Rayol foi levado ao Hospital HSanp, tamb\u00e9m no bairro de Santana. Ele tinha um corte na cabe\u00e7a. Em nota, a prefeitura de S\u00e3o Paulo lamentou a morte do artista e disse que ir\u00e1 apurar os detalhes do atendimento prestado pelo SAMU. Agnaldo Rayol ficou conhecido pela voz de bar\u00edtono e sua participa\u00e7\u00e3o como cantor e apresentador em diversas atra\u00e7\u00f5es da televis\u00e3o brasileira. Entre os maiores\u00a0sucessos do artista, est\u00e3o suas interpreta\u00e7\u00f5es de can\u00e7\u00f5es italianas, tais como \u201cMia Gioconda\u201d e \u201cTormento D\u2019Amore\u201d. Em nota, a assessoria de imprensa do cantor destacou a trajet\u00f3ria de Rayol: \u201cAgnaldo Rayol deixa um legado inestim\u00e1vel para a m\u00fasica brasileira, com uma carreira que atravessou d\u00e9cadas e tocou os cora\u00e7\u00f5es de milh\u00f5es de f\u00e3s. A fam\u00edlia agradece as manifesta\u00e7\u00f5es de carinho e apoio. Informa\u00e7\u00f5es sobre o vel\u00f3rio e cerim\u00f4nia de despedida ser\u00e3o divulgadas em breve\u201d, diz o comunicado. CNN Brasil","og_url":"https:\/\/portalraizesnoticias.com.br\/?p=2012","og_site_name":"Portal raizes noticias","article_published_time":"2024-11-04T18:31:29+00:00","og_image":[{"width":730,"height":410,"url":"https:\/\/portalraizesnoticias.com.br\/wp-content\/uploads\/2024\/11\/agnaldo-rayol_3741.jpeg","type":"image\/jpeg"}],"author":"Portal Raizes","twitter_card":"summary_large_image","twitter_misc":{"Escrito por":"Portal Raizes","Est. tempo de leitura":"2 minutos"},"schema":{"@context":"https:\/\/schema.org","@graph":[{"@type":"Article","@id":"https:\/\/portalraizesnoticias.com.br\/?p=2012#article","isPartOf":{"@id":"https:\/\/portalraizesnoticias.com.br\/?p=2012"},"author":{"name":"Portal Raizes","@id":"https:\/\/portalraizesnoticias.com.br\/#\/schema\/person\/a3ca6b0fc701e78df19756c417d943ae"},"headline":"Morre o cantor Agnaldo Rayol, aos 86 anos","datePublished":"2024-11-04T18:31:29+00:00","mainEntityOfPage":{"@id":"https:\/\/portalraizesnoticias.com.br\/?p=2012"},"wordCount":246,"commentCount":0,"publisher":{"@id":"https:\/\/portalraizesnoticias.com.br\/#organization"},"image":{"@id":"https:\/\/portalraizesnoticias.com.br\/?p=2012#primaryimage"},"thumbnailUrl":"https:\/\/portalraizesnoticias.com.br\/wp-content\/uploads\/2024\/11\/agnaldo-rayol_3741.jpeg","articleSection":["DESTAQUES","FAMOSOS","ULTIMAS NOTICIAS"],"inLanguage":"pt-BR","potentialAction":[{"@type":"CommentAction","name":"Comment","target":["https:\/\/portalraizesnoticias.com.br\/?p=2012#respond"]}]},{"@type":"WebPage","@id":"https:\/\/portalraizesnoticias.com.br\/?p=2012","url":"https:\/\/portalraizesnoticias.com.br\/?p=2012","name":"Morre o cantor Agnaldo Rayol, aos 86 anos - Portal raizes noticias","isPartOf":{"@id":"https:\/\/portalraizesnoticias.com.br\/#website"},"primaryImageOfPage":{"@id":"https:\/\/portalraizesnoticias.com.br\/?p=2012#primaryimage"},"image":{"@id":"https:\/\/portalraizesnoticias.com.br\/?p=2012#primaryimage"},"thumbnailUrl":"https:\/\/portalraizesnoticias.com.br\/wp-content\/uploads\/2024\/11\/agnaldo-rayol_3741.jpeg","datePublished":"2024-11-04T18:31:29+00:00","breadcrumb":{"@id":"https:\/\/portalraizesnoticias.com.br\/?p=2012#breadcrumb"},"inLanguage":"pt-BR","potentialAction":[{"@type":"ReadAction","target":["https:\/\/portalraizesnoticias.com.br\/?p=2012"]}]},{"@type":"ImageObject","inLanguage":"pt-BR","@id":"https:\/\/portalraizesnoticias.com.br\/?p=2012#primaryimage","url":"https:\/\/portalraizesnoticias.com.br\/wp-content\/uploads\/2024\/11\/agnaldo-rayol_3741.jpeg","contentUrl":"https:\/\/portalraizesnoticias.com.br\/wp-content\/uploads\/2024\/11\/agnaldo-rayol_3741.jpeg","width":730,"height":410},{"@type":"BreadcrumbList","@id":"https:\/\/portalraizesnoticias.com.br\/?p=2012#breadcrumb","itemListElement":[{"@type":"ListItem","position":1,"name":"In\u00edcio","item":"https:\/\/portalraizesnoticias.com.br\/"},{"@type":"ListItem","position":2,"name":"Morre o cantor Agnaldo Rayol, aos 86 anos"}]},{"@type":"WebSite","@id":"https:\/\/portalraizesnoticias.com.br\/#website","url":"https:\/\/portalraizesnoticias.com.br\/","name":"Portal raizes NOTICIAS","description":"site de noticias de concei\u00e7\u00e3o do coit\u00e9 e regi\u00e3o","publisher":{"@id":"https:\/\/portalraizesnoticias.com.br\/#organization"},"alternateName":"PORTAL RAIZES COIT\u00c9","potentialAction":[{"@type":"SearchAction","target":{"@type":"EntryPoint","urlTemplate":"https:\/\/portalraizesnoticias.com.br\/?s={search_term_string}"},"query-input":{"@type":"PropertyValueSpecification","valueRequired":true,"valueName":"search_term_string"}}],"inLanguage":"pt-BR"},{"@type":"Organization","@id":"https:\/\/portalraizesnoticias.com.br\/#organization","name":"Portal raizes NOTICIAS","url":"https:\/\/portalraizesnoticias.com.br\/","logo":{"@type":"ImageObject","inLanguage":"pt-BR","@id":"https:\/\/portalraizesnoticias.com.br\/#\/schema\/logo\/image\/","url":"https:\/\/portalraizesnoticias.com.br\/wp-content\/uploads\/2024\/09\/cropped-Captura-de-tela-2024-09-08-011108.png","contentUrl":"https:\/\/portalraizesnoticias.com.br\/wp-content\/uploads\/2024\/09\/cropped-Captura-de-tela-2024-09-08-011108.png","width":606,"height":173,"caption":"Portal raizes NOTICIAS"},"image":{"@id":"https:\/\/portalraizesnoticias.com.br\/#\/schema\/logo\/image\/"}},{"@type":"Person","@id":"https:\/\/portalraizesnoticias.com.br\/#\/schema\/person\/a3ca6b0fc701e78df19756c417d943ae","name":"Portal Raizes","image":{"@type":"ImageObject","inLanguage":"pt-BR","@id":"https:\/\/portalraizesnoticias.com.br\/#\/schema\/person\/image\/","url":"https:\/\/secure.gravatar.com\/avatar\/ef450d29013a3d3fba867a12a249d7b1?s=96&d=mm&r=g","contentUrl":"https:\/\/secure.gravatar.com\/avatar\/ef450d29013a3d3fba867a12a249d7b1?s=96&d=mm&r=g","caption":"Portal Raizes"},"url":"https:\/\/portalraizesnoticias.com.br\/?author=3"}]}},"_links":{"self":[{"href":"https:\/\/portalraizesnoticias.com.br\/index.php?rest_route=\/wp\/v2\/posts\/2012"}],"collection":[{"href":"https:\/\/portalraizesnoticias.com.br\/index.php?rest_route=\/wp\/v2\/posts"}],"about":[{"href":"https:\/\/portalraizesnoticias.com.br\/index.php?rest_route=\/wp\/v2\/types\/post"}],"author":[{"embeddable":true,"href":"https:\/\/portalraizesnoticias.com.br\/index.php?rest_route=\/wp\/v2\/users\/3"}],"replies":[{"embeddable":true,"href":"https:\/\/portalraizesnoticias.com.br\/index.php?rest_route=%2Fwp%2Fv2%2Fcomments&post=2012"}],"version-history":[{"count":1,"href":"https:\/\/portalraizesnoticias.com.br\/index.php?rest_route=\/wp\/v2\/posts\/2012\/revisions"}],"predecessor-version":[{"id":2014,"href":"https:\/\/portalraizesnoticias.com.br\/index.php?rest_route=\/wp\/v2\/posts\/2012\/revisions\/2014"}],"wp:featuredmedia":[{"embeddable":true,"href":"https:\/\/portalraizesnoticias.com.br\/index.php?rest_route=\/wp\/v2\/media\/2013"}],"wp:attachment":[{"href":"https:\/\/portalraizesnoticias.com.br\/index.php?rest_route=%2Fwp%2Fv2%2Fmedia&parent=2012"}],"wp:term":[{"taxonomy":"category","embeddable":true,"href":"https:\/\/portalraizesnoticias.com.br\/index.php?rest_route=%2Fwp%2Fv2%2Fcategories&post=2012"},{"taxonomy":"post_tag","embeddable":true,"href":"https:\/\/portalraizesnoticias.com.br\/index.php?rest_route=%2Fwp%2Fv2%2Ftags&post=2012"}],"curies":[{"name":"wp","href":"https:\/\/api.w.org\/{rel}","templated":true}]}}