{"id":1983,"date":"2024-11-02T17:22:37","date_gmt":"2024-11-02T17:22:37","guid":{"rendered":"https:\/\/portalraizesnoticias.com.br\/?p=1983"},"modified":"2024-11-02T17:22:37","modified_gmt":"2024-11-02T17:22:37","slug":"feriado-de-finados-com-trabalho-humanizado-pax-vida-leva-tenda-com-servicos-aos-familiares-que-visitam-entes-queridos-em-conceicao-do-coite-e-cidades-da-regiao-sisaleira","status":"publish","type":"post","link":"https:\/\/portalraizesnoticias.com.br\/?p=1983","title":{"rendered":"Feriado de Finados: Com trabalho humanizado, Pax Vida leva tenda com servi\u00e7os aos familiares que visitam entes queridos em Concei\u00e7\u00e3o do Coit\u00e9 e cidades da regi\u00e3o sisaleira"},"content":{"rendered":"<p>No feriado de Finados, 02 de novembro, a Pax Vida, empresa no ramo funer\u00e1rio faz um trabalho diferenciado perante a sociedade.<\/p>\n<p><img decoding=\"async\" class=\"size-medium wp-image-1968 aligncenter\" src=\"https:\/\/portalraizesnoticias.com.br\/wp-content\/uploads\/2024\/11\/Imagem-do-WhatsApp-de-2024-11-01-as-13.17.23_592d9bdd-300x142.jpg\" alt=\"\" width=\"300\" height=\"142\" srcset=\"https:\/\/portalraizesnoticias.com.br\/wp-content\/uploads\/2024\/11\/Imagem-do-WhatsApp-de-2024-11-01-as-13.17.23_592d9bdd-300x142.jpg 300w, https:\/\/portalraizesnoticias.com.br\/wp-content\/uploads\/2024\/11\/Imagem-do-WhatsApp-de-2024-11-01-as-13.17.23_592d9bdd.jpg 722w\" sizes=\"(max-width: 300px) 100vw, 300px\" \/><\/p>\n<p>Com unidades em Concei\u00e7\u00e3o do Coit\u00e9, Retirol\u00e2ndia, Valente e S\u00e3o Domingos, o propriet\u00e1rio L\u00e9o Pereira, instalou tendas de apoio nos seis cemit\u00e9rios a qual abrangem o servi\u00e7o da Pax Vida.<\/p>\n<p><img fetchpriority=\"high\" decoding=\"async\" class=\"alignnone size-medium wp-image-1988\" src=\"https:\/\/portalraizesnoticias.com.br\/wp-content\/uploads\/2024\/11\/IMG-20241102-WA0182-2-286x300.jpg\" alt=\"\" width=\"286\" height=\"300\" srcset=\"https:\/\/portalraizesnoticias.com.br\/wp-content\/uploads\/2024\/11\/IMG-20241102-WA0182-2-286x300.jpg 286w, https:\/\/portalraizesnoticias.com.br\/wp-content\/uploads\/2024\/11\/IMG-20241102-WA0182-2-975x1024.jpg 975w, https:\/\/portalraizesnoticias.com.br\/wp-content\/uploads\/2024\/11\/IMG-20241102-WA0182-2-768x807.jpg 768w, https:\/\/portalraizesnoticias.com.br\/wp-content\/uploads\/2024\/11\/IMG-20241102-WA0182-2.jpg 1010w\" sizes=\"(max-width: 286px) 100vw, 286px\" \/><\/p>\n<p>Desde o in\u00edcio da manh\u00e3 de hoje (02), a equipe da Pax Vida distribui velas, flores, serve ch\u00e1s e d\u00e3o apoio emocional para os familiares que visitam seus entes queridos.<\/p>\n<p><img decoding=\"async\" class=\"alignnone size-medium wp-image-1985\" src=\"https:\/\/portalraizesnoticias.com.br\/wp-content\/uploads\/2024\/11\/images-2024-11-02T142004.350-300x200.jpeg\" alt=\"\" width=\"300\" height=\"200\" srcset=\"https:\/\/portalraizesnoticias.com.br\/wp-content\/uploads\/2024\/11\/images-2024-11-02T142004.350-300x200.jpeg 300w, https:\/\/portalraizesnoticias.com.br\/wp-content\/uploads\/2024\/11\/images-2024-11-02T142004.350.jpeg 678w\" sizes=\"(max-width: 300px) 100vw, 300px\" \/><\/p>\n<p>&#8220;Esse \u00e9 um momento de solidarizar e humanizar com as fam\u00edlias, principalmente quando reencontramos pessoas que at\u00e9 dias atr\u00e1s estavam fazendo sepultamento e retornam para prestar homenagens&#8221;, disse L\u00e9o.<\/p>\n<p>Para L\u00e9o, o suporte da Pax Vida \u00e9 extremamente importante pois, trabalhar nesse ramo requer um cuidado maior e sensibilidade aos envolvidos.<\/p>\n<p><img loading=\"lazy\" decoding=\"async\" class=\"alignnone size-medium wp-image-1986\" src=\"https:\/\/portalraizesnoticias.com.br\/wp-content\/uploads\/2024\/11\/images-2024-11-02T142047.861-300x183.jpeg\" alt=\"\" width=\"300\" height=\"183\" srcset=\"https:\/\/portalraizesnoticias.com.br\/wp-content\/uploads\/2024\/11\/images-2024-11-02T142047.861-300x183.jpeg 300w, https:\/\/portalraizesnoticias.com.br\/wp-content\/uploads\/2024\/11\/images-2024-11-02T142047.861.jpeg 550w\" sizes=\"(max-width: 300px) 100vw, 300px\" \/><\/p>\n<p>&#8220;No local, tamb\u00e9m oferecemos servi\u00e7os b\u00e1sicos de sa\u00fade, a exemplo da aferi\u00e7\u00e3o de press\u00e3o&#8221;, conta.<\/p>\n<p>Al\u00e9m da popula\u00e7\u00e3o, o momento de homenagens serviu para o pr\u00f3prio L\u00e9o que, h\u00e1 18 anos, perdeu o pai.<\/p>\n<p>&#8220;Aproveitei e visitei o t\u00famulo do meu querido pai. Fiquei tamb\u00e9m na condi\u00e7\u00e3o de visitante e naquele momento esque\u00e7o minha profiss\u00e3o e tenho meu momento de dor, fazendo ora\u00e7\u00f5es pela alma do meu pai&#8221;, completou emocionado.<\/p>\n<p>Reda\u00e7\u00e3o<\/p>\n<p>Foto: Raimundo Mascarenhas<\/p>\n","protected":false},"excerpt":{"rendered":"<p>No feriado de Finados, 02 de novembro, a Pax Vida, empresa no ramo funer\u00e1rio faz um trabalho diferenciado perante a sociedade. Com unidades em Concei\u00e7\u00e3o do Coit\u00e9, Retirol\u00e2ndia, Valente e S\u00e3o Domingos, o propriet\u00e1rio L\u00e9o Pereira, instalou tendas de apoio nos seis cemit\u00e9rios a qual abrangem o servi\u00e7o da Pax Vida. Desde o in\u00edcio da manh\u00e3 de hoje (02), a equipe da Pax Vida distribui velas, flores, serve ch\u00e1s e d\u00e3o apoio emocional para os familiares que visitam seus entes queridos. &#8220;Esse \u00e9 um momento de solidarizar e humanizar com as fam\u00edlias, principalmente quando reencontramos pessoas que at\u00e9 dias atr\u00e1s estavam fazendo sepultamento e retornam para prestar homenagens&#8221;, disse L\u00e9o. Para L\u00e9o, o suporte da Pax Vida \u00e9 extremamente importante pois, trabalhar nesse ramo requer um cuidado maior e sensibilidade aos envolvidos. &#8220;No local, tamb\u00e9m oferecemos servi\u00e7os b\u00e1sicos de sa\u00fade, a exemplo da aferi\u00e7\u00e3o de press\u00e3o&#8221;, conta. Al\u00e9m da popula\u00e7\u00e3o, o momento de homenagens serviu para o pr\u00f3prio L\u00e9o que, h\u00e1 18 anos, perdeu o pai. &#8220;Aproveitei e visitei o t\u00famulo do meu querido pai. Fiquei tamb\u00e9m na condi\u00e7\u00e3o de visitante e naquele momento esque\u00e7o minha profiss\u00e3o e tenho meu momento de dor, fazendo ora\u00e7\u00f5es pela alma do meu pai&#8221;, completou emocionado. Reda\u00e7\u00e3o Foto: Raimundo Mascarenhas<\/p>\n","protected":false},"author":3,"featured_media":1986,"comment_status":"open","ping_status":"open","sticky":false,"template":"","format":"standard","meta":{"_joinchat":[],"footnotes":""},"categories":[55,59],"tags":[],"class_list":["post-1983","post","type-post","status-publish","format-standard","has-post-thumbnail","hentry","category-destaques","category-ultimas-noticias"],"yoast_head":"<!-- This site is optimized with the Yoast SEO plugin v24.4 - https:\/\/yoast.com\/wordpress\/plugins\/seo\/ -->\n<title>Feriado de Finados: Com trabalho humanizado, Pax Vida leva tenda com servi\u00e7os aos familiares que visitam entes queridos em Concei\u00e7\u00e3o do Coit\u00e9 e cidades da regi\u00e3o sisaleira - Portal raizes noticias<\/title>\n<meta name=\"robots\" content=\"index, follow, max-snippet:-1, max-image-preview:large, max-video-preview:-1\" \/>\n<link rel=\"canonical\" href=\"https:\/\/portalraizesnoticias.com.br\/?p=1983\" \/>\n<meta property=\"og:locale\" content=\"pt_BR\" \/>\n<meta property=\"og:type\" content=\"article\" \/>\n<meta property=\"og:title\" content=\"Feriado de Finados: Com trabalho humanizado, Pax Vida leva tenda com servi\u00e7os aos familiares que visitam entes queridos em Concei\u00e7\u00e3o do Coit\u00e9 e cidades da regi\u00e3o sisaleira - Portal raizes noticias\" \/>\n<meta property=\"og:description\" content=\"No feriado de Finados, 02 de novembro, a Pax Vida, empresa no ramo funer\u00e1rio faz um trabalho diferenciado perante a sociedade. Com unidades em Concei\u00e7\u00e3o do Coit\u00e9, Retirol\u00e2ndia, Valente e S\u00e3o Domingos, o propriet\u00e1rio L\u00e9o Pereira, instalou tendas de apoio nos seis cemit\u00e9rios a qual abrangem o servi\u00e7o da Pax Vida. Desde o in\u00edcio da manh\u00e3 de hoje (02), a equipe da Pax Vida distribui velas, flores, serve ch\u00e1s e d\u00e3o apoio emocional para os familiares que visitam seus entes queridos. &#8220;Esse \u00e9 um momento de solidarizar e humanizar com as fam\u00edlias, principalmente quando reencontramos pessoas que at\u00e9 dias atr\u00e1s estavam fazendo sepultamento e retornam para prestar homenagens&#8221;, disse L\u00e9o. Para L\u00e9o, o suporte da Pax Vida \u00e9 extremamente importante pois, trabalhar nesse ramo requer um cuidado maior e sensibilidade aos envolvidos. &#8220;No local, tamb\u00e9m oferecemos servi\u00e7os b\u00e1sicos de sa\u00fade, a exemplo da aferi\u00e7\u00e3o de press\u00e3o&#8221;, conta. Al\u00e9m da popula\u00e7\u00e3o, o momento de homenagens serviu para o pr\u00f3prio L\u00e9o que, h\u00e1 18 anos, perdeu o pai. &#8220;Aproveitei e visitei o t\u00famulo do meu querido pai. Fiquei tamb\u00e9m na condi\u00e7\u00e3o de visitante e naquele momento esque\u00e7o minha profiss\u00e3o e tenho meu momento de dor, fazendo ora\u00e7\u00f5es pela alma do meu pai&#8221;, completou emocionado. Reda\u00e7\u00e3o Foto: Raimundo Mascarenhas\" \/>\n<meta property=\"og:url\" content=\"https:\/\/portalraizesnoticias.com.br\/?p=1983\" \/>\n<meta property=\"og:site_name\" content=\"Portal raizes noticias\" \/>\n<meta property=\"article:published_time\" content=\"2024-11-02T17:22:37+00:00\" \/>\n<meta property=\"og:image\" content=\"https:\/\/portalraizesnoticias.com.br\/wp-content\/uploads\/2024\/11\/images-2024-11-02T142047.861.jpeg\" \/>\n\t<meta property=\"og:image:width\" content=\"550\" \/>\n\t<meta property=\"og:image:height\" content=\"335\" \/>\n\t<meta property=\"og:image:type\" content=\"image\/jpeg\" \/>\n<meta name=\"author\" content=\"Portal Raizes\" \/>\n<meta name=\"twitter:card\" content=\"summary_large_image\" \/>\n<meta name=\"twitter:label1\" content=\"Escrito por\" \/>\n\t<meta name=\"twitter:data1\" content=\"Portal Raizes\" \/>\n\t<meta name=\"twitter:label2\" content=\"Est. tempo de leitura\" \/>\n\t<meta name=\"twitter:data2\" content=\"3 minutos\" \/>\n<script type=\"application\/ld+json\" class=\"yoast-schema-graph\">{\"@context\":\"https:\/\/schema.org\",\"@graph\":[{\"@type\":\"Article\",\"@id\":\"https:\/\/portalraizesnoticias.com.br\/?p=1983#article\",\"isPartOf\":{\"@id\":\"https:\/\/portalraizesnoticias.com.br\/?p=1983\"},\"author\":{\"name\":\"Portal Raizes\",\"@id\":\"https:\/\/portalraizesnoticias.com.br\/#\/schema\/person\/a3ca6b0fc701e78df19756c417d943ae\"},\"headline\":\"Feriado de Finados: Com trabalho humanizado, Pax Vida leva tenda com servi\u00e7os aos familiares que visitam entes queridos em Concei\u00e7\u00e3o do Coit\u00e9 e cidades da regi\u00e3o sisaleira\",\"datePublished\":\"2024-11-02T17:22:37+00:00\",\"mainEntityOfPage\":{\"@id\":\"https:\/\/portalraizesnoticias.com.br\/?p=1983\"},\"wordCount\":263,\"commentCount\":0,\"publisher\":{\"@id\":\"https:\/\/portalraizesnoticias.com.br\/#organization\"},\"image\":{\"@id\":\"https:\/\/portalraizesnoticias.com.br\/?p=1983#primaryimage\"},\"thumbnailUrl\":\"https:\/\/portalraizesnoticias.com.br\/wp-content\/uploads\/2024\/11\/images-2024-11-02T142047.861.jpeg\",\"articleSection\":[\"DESTAQUES\",\"ULTIMAS NOTICIAS\"],\"inLanguage\":\"pt-BR\",\"potentialAction\":[{\"@type\":\"CommentAction\",\"name\":\"Comment\",\"target\":[\"https:\/\/portalraizesnoticias.com.br\/?p=1983#respond\"]}]},{\"@type\":\"WebPage\",\"@id\":\"https:\/\/portalraizesnoticias.com.br\/?p=1983\",\"url\":\"https:\/\/portalraizesnoticias.com.br\/?p=1983\",\"name\":\"Feriado de Finados: Com trabalho humanizado, Pax Vida leva tenda com servi\u00e7os aos familiares que visitam entes queridos em Concei\u00e7\u00e3o do Coit\u00e9 e cidades da regi\u00e3o sisaleira - Portal raizes noticias\",\"isPartOf\":{\"@id\":\"https:\/\/portalraizesnoticias.com.br\/#website\"},\"primaryImageOfPage\":{\"@id\":\"https:\/\/portalraizesnoticias.com.br\/?p=1983#primaryimage\"},\"image\":{\"@id\":\"https:\/\/portalraizesnoticias.com.br\/?p=1983#primaryimage\"},\"thumbnailUrl\":\"https:\/\/portalraizesnoticias.com.br\/wp-content\/uploads\/2024\/11\/images-2024-11-02T142047.861.jpeg\",\"datePublished\":\"2024-11-02T17:22:37+00:00\",\"breadcrumb\":{\"@id\":\"https:\/\/portalraizesnoticias.com.br\/?p=1983#breadcrumb\"},\"inLanguage\":\"pt-BR\",\"potentialAction\":[{\"@type\":\"ReadAction\",\"target\":[\"https:\/\/portalraizesnoticias.com.br\/?p=1983\"]}]},{\"@type\":\"ImageObject\",\"inLanguage\":\"pt-BR\",\"@id\":\"https:\/\/portalraizesnoticias.com.br\/?p=1983#primaryimage\",\"url\":\"https:\/\/portalraizesnoticias.com.br\/wp-content\/uploads\/2024\/11\/images-2024-11-02T142047.861.jpeg\",\"contentUrl\":\"https:\/\/portalraizesnoticias.com.br\/wp-content\/uploads\/2024\/11\/images-2024-11-02T142047.861.jpeg\",\"width\":550,\"height\":335},{\"@type\":\"BreadcrumbList\",\"@id\":\"https:\/\/portalraizesnoticias.com.br\/?p=1983#breadcrumb\",\"itemListElement\":[{\"@type\":\"ListItem\",\"position\":1,\"name\":\"In\u00edcio\",\"item\":\"https:\/\/portalraizesnoticias.com.br\/\"},{\"@type\":\"ListItem\",\"position\":2,\"name\":\"Feriado de Finados: Com trabalho humanizado, Pax Vida leva tenda com servi\u00e7os aos familiares que visitam entes queridos em Concei\u00e7\u00e3o do Coit\u00e9 e cidades da regi\u00e3o sisaleira\"}]},{\"@type\":\"WebSite\",\"@id\":\"https:\/\/portalraizesnoticias.com.br\/#website\",\"url\":\"https:\/\/portalraizesnoticias.com.br\/\",\"name\":\"Portal raizes NOTICIAS\",\"description\":\"site de noticias de concei\u00e7\u00e3o do coit\u00e9 e regi\u00e3o\",\"publisher\":{\"@id\":\"https:\/\/portalraizesnoticias.com.br\/#organization\"},\"alternateName\":\"PORTAL RAIZES COIT\u00c9\",\"potentialAction\":[{\"@type\":\"SearchAction\",\"target\":{\"@type\":\"EntryPoint\",\"urlTemplate\":\"https:\/\/portalraizesnoticias.com.br\/?s={search_term_string}\"},\"query-input\":{\"@type\":\"PropertyValueSpecification\",\"valueRequired\":true,\"valueName\":\"search_term_string\"}}],\"inLanguage\":\"pt-BR\"},{\"@type\":\"Organization\",\"@id\":\"https:\/\/portalraizesnoticias.com.br\/#organization\",\"name\":\"Portal raizes NOTICIAS\",\"url\":\"https:\/\/portalraizesnoticias.com.br\/\",\"logo\":{\"@type\":\"ImageObject\",\"inLanguage\":\"pt-BR\",\"@id\":\"https:\/\/portalraizesnoticias.com.br\/#\/schema\/logo\/image\/\",\"url\":\"https:\/\/portalraizesnoticias.com.br\/wp-content\/uploads\/2024\/09\/cropped-Captura-de-tela-2024-09-08-011108.png\",\"contentUrl\":\"https:\/\/portalraizesnoticias.com.br\/wp-content\/uploads\/2024\/09\/cropped-Captura-de-tela-2024-09-08-011108.png\",\"width\":606,\"height\":173,\"caption\":\"Portal raizes NOTICIAS\"},\"image\":{\"@id\":\"https:\/\/portalraizesnoticias.com.br\/#\/schema\/logo\/image\/\"}},{\"@type\":\"Person\",\"@id\":\"https:\/\/portalraizesnoticias.com.br\/#\/schema\/person\/a3ca6b0fc701e78df19756c417d943ae\",\"name\":\"Portal Raizes\",\"image\":{\"@type\":\"ImageObject\",\"inLanguage\":\"pt-BR\",\"@id\":\"https:\/\/portalraizesnoticias.com.br\/#\/schema\/person\/image\/\",\"url\":\"https:\/\/secure.gravatar.com\/avatar\/ef450d29013a3d3fba867a12a249d7b1?s=96&d=mm&r=g\",\"contentUrl\":\"https:\/\/secure.gravatar.com\/avatar\/ef450d29013a3d3fba867a12a249d7b1?s=96&d=mm&r=g\",\"caption\":\"Portal Raizes\"},\"url\":\"https:\/\/portalraizesnoticias.com.br\/?author=3\"}]}<\/script>\n<!-- \/ Yoast SEO plugin. -->","yoast_head_json":{"title":"Feriado de Finados: Com trabalho humanizado, Pax Vida leva tenda com servi\u00e7os aos familiares que visitam entes queridos em Concei\u00e7\u00e3o do Coit\u00e9 e cidades da regi\u00e3o sisaleira - Portal raizes noticias","robots":{"index":"index","follow":"follow","max-snippet":"max-snippet:-1","max-image-preview":"max-image-preview:large","max-video-preview":"max-video-preview:-1"},"canonical":"https:\/\/portalraizesnoticias.com.br\/?p=1983","og_locale":"pt_BR","og_type":"article","og_title":"Feriado de Finados: Com trabalho humanizado, Pax Vida leva tenda com servi\u00e7os aos familiares que visitam entes queridos em Concei\u00e7\u00e3o do Coit\u00e9 e cidades da regi\u00e3o sisaleira - Portal raizes noticias","og_description":"No feriado de Finados, 02 de novembro, a Pax Vida, empresa no ramo funer\u00e1rio faz um trabalho diferenciado perante a sociedade. Com unidades em Concei\u00e7\u00e3o do Coit\u00e9, Retirol\u00e2ndia, Valente e S\u00e3o Domingos, o propriet\u00e1rio L\u00e9o Pereira, instalou tendas de apoio nos seis cemit\u00e9rios a qual abrangem o servi\u00e7o da Pax Vida. Desde o in\u00edcio da manh\u00e3 de hoje (02), a equipe da Pax Vida distribui velas, flores, serve ch\u00e1s e d\u00e3o apoio emocional para os familiares que visitam seus entes queridos. &#8220;Esse \u00e9 um momento de solidarizar e humanizar com as fam\u00edlias, principalmente quando reencontramos pessoas que at\u00e9 dias atr\u00e1s estavam fazendo sepultamento e retornam para prestar homenagens&#8221;, disse L\u00e9o. Para L\u00e9o, o suporte da Pax Vida \u00e9 extremamente importante pois, trabalhar nesse ramo requer um cuidado maior e sensibilidade aos envolvidos. &#8220;No local, tamb\u00e9m oferecemos servi\u00e7os b\u00e1sicos de sa\u00fade, a exemplo da aferi\u00e7\u00e3o de press\u00e3o&#8221;, conta. Al\u00e9m da popula\u00e7\u00e3o, o momento de homenagens serviu para o pr\u00f3prio L\u00e9o que, h\u00e1 18 anos, perdeu o pai. &#8220;Aproveitei e visitei o t\u00famulo do meu querido pai. Fiquei tamb\u00e9m na condi\u00e7\u00e3o de visitante e naquele momento esque\u00e7o minha profiss\u00e3o e tenho meu momento de dor, fazendo ora\u00e7\u00f5es pela alma do meu pai&#8221;, completou emocionado. Reda\u00e7\u00e3o Foto: Raimundo Mascarenhas","og_url":"https:\/\/portalraizesnoticias.com.br\/?p=1983","og_site_name":"Portal raizes noticias","article_published_time":"2024-11-02T17:22:37+00:00","og_image":[{"width":550,"height":335,"url":"https:\/\/portalraizesnoticias.com.br\/wp-content\/uploads\/2024\/11\/images-2024-11-02T142047.861.jpeg","type":"image\/jpeg"}],"author":"Portal Raizes","twitter_card":"summary_large_image","twitter_misc":{"Escrito por":"Portal Raizes","Est. tempo de leitura":"3 minutos"},"schema":{"@context":"https:\/\/schema.org","@graph":[{"@type":"Article","@id":"https:\/\/portalraizesnoticias.com.br\/?p=1983#article","isPartOf":{"@id":"https:\/\/portalraizesnoticias.com.br\/?p=1983"},"author":{"name":"Portal Raizes","@id":"https:\/\/portalraizesnoticias.com.br\/#\/schema\/person\/a3ca6b0fc701e78df19756c417d943ae"},"headline":"Feriado de Finados: Com trabalho humanizado, Pax Vida leva tenda com servi\u00e7os aos familiares que visitam entes queridos em Concei\u00e7\u00e3o do Coit\u00e9 e cidades da regi\u00e3o sisaleira","datePublished":"2024-11-02T17:22:37+00:00","mainEntityOfPage":{"@id":"https:\/\/portalraizesnoticias.com.br\/?p=1983"},"wordCount":263,"commentCount":0,"publisher":{"@id":"https:\/\/portalraizesnoticias.com.br\/#organization"},"image":{"@id":"https:\/\/portalraizesnoticias.com.br\/?p=1983#primaryimage"},"thumbnailUrl":"https:\/\/portalraizesnoticias.com.br\/wp-content\/uploads\/2024\/11\/images-2024-11-02T142047.861.jpeg","articleSection":["DESTAQUES","ULTIMAS NOTICIAS"],"inLanguage":"pt-BR","potentialAction":[{"@type":"CommentAction","name":"Comment","target":["https:\/\/portalraizesnoticias.com.br\/?p=1983#respond"]}]},{"@type":"WebPage","@id":"https:\/\/portalraizesnoticias.com.br\/?p=1983","url":"https:\/\/portalraizesnoticias.com.br\/?p=1983","name":"Feriado de Finados: Com trabalho humanizado, Pax Vida leva tenda com servi\u00e7os aos familiares que visitam entes queridos em Concei\u00e7\u00e3o do Coit\u00e9 e cidades da regi\u00e3o sisaleira - Portal raizes noticias","isPartOf":{"@id":"https:\/\/portalraizesnoticias.com.br\/#website"},"primaryImageOfPage":{"@id":"https:\/\/portalraizesnoticias.com.br\/?p=1983#primaryimage"},"image":{"@id":"https:\/\/portalraizesnoticias.com.br\/?p=1983#primaryimage"},"thumbnailUrl":"https:\/\/portalraizesnoticias.com.br\/wp-content\/uploads\/2024\/11\/images-2024-11-02T142047.861.jpeg","datePublished":"2024-11-02T17:22:37+00:00","breadcrumb":{"@id":"https:\/\/portalraizesnoticias.com.br\/?p=1983#breadcrumb"},"inLanguage":"pt-BR","potentialAction":[{"@type":"ReadAction","target":["https:\/\/portalraizesnoticias.com.br\/?p=1983"]}]},{"@type":"ImageObject","inLanguage":"pt-BR","@id":"https:\/\/portalraizesnoticias.com.br\/?p=1983#primaryimage","url":"https:\/\/portalraizesnoticias.com.br\/wp-content\/uploads\/2024\/11\/images-2024-11-02T142047.861.jpeg","contentUrl":"https:\/\/portalraizesnoticias.com.br\/wp-content\/uploads\/2024\/11\/images-2024-11-02T142047.861.jpeg","width":550,"height":335},{"@type":"BreadcrumbList","@id":"https:\/\/portalraizesnoticias.com.br\/?p=1983#breadcrumb","itemListElement":[{"@type":"ListItem","position":1,"name":"In\u00edcio","item":"https:\/\/portalraizesnoticias.com.br\/"},{"@type":"ListItem","position":2,"name":"Feriado de Finados: Com trabalho humanizado, Pax Vida leva tenda com servi\u00e7os aos familiares que visitam entes queridos em Concei\u00e7\u00e3o do Coit\u00e9 e cidades da regi\u00e3o sisaleira"}]},{"@type":"WebSite","@id":"https:\/\/portalraizesnoticias.com.br\/#website","url":"https:\/\/portalraizesnoticias.com.br\/","name":"Portal raizes NOTICIAS","description":"site de noticias de concei\u00e7\u00e3o do coit\u00e9 e regi\u00e3o","publisher":{"@id":"https:\/\/portalraizesnoticias.com.br\/#organization"},"alternateName":"PORTAL RAIZES COIT\u00c9","potentialAction":[{"@type":"SearchAction","target":{"@type":"EntryPoint","urlTemplate":"https:\/\/portalraizesnoticias.com.br\/?s={search_term_string}"},"query-input":{"@type":"PropertyValueSpecification","valueRequired":true,"valueName":"search_term_string"}}],"inLanguage":"pt-BR"},{"@type":"Organization","@id":"https:\/\/portalraizesnoticias.com.br\/#organization","name":"Portal raizes NOTICIAS","url":"https:\/\/portalraizesnoticias.com.br\/","logo":{"@type":"ImageObject","inLanguage":"pt-BR","@id":"https:\/\/portalraizesnoticias.com.br\/#\/schema\/logo\/image\/","url":"https:\/\/portalraizesnoticias.com.br\/wp-content\/uploads\/2024\/09\/cropped-Captura-de-tela-2024-09-08-011108.png","contentUrl":"https:\/\/portalraizesnoticias.com.br\/wp-content\/uploads\/2024\/09\/cropped-Captura-de-tela-2024-09-08-011108.png","width":606,"height":173,"caption":"Portal raizes NOTICIAS"},"image":{"@id":"https:\/\/portalraizesnoticias.com.br\/#\/schema\/logo\/image\/"}},{"@type":"Person","@id":"https:\/\/portalraizesnoticias.com.br\/#\/schema\/person\/a3ca6b0fc701e78df19756c417d943ae","name":"Portal Raizes","image":{"@type":"ImageObject","inLanguage":"pt-BR","@id":"https:\/\/portalraizesnoticias.com.br\/#\/schema\/person\/image\/","url":"https:\/\/secure.gravatar.com\/avatar\/ef450d29013a3d3fba867a12a249d7b1?s=96&d=mm&r=g","contentUrl":"https:\/\/secure.gravatar.com\/avatar\/ef450d29013a3d3fba867a12a249d7b1?s=96&d=mm&r=g","caption":"Portal Raizes"},"url":"https:\/\/portalraizesnoticias.com.br\/?author=3"}]}},"_links":{"self":[{"href":"https:\/\/portalraizesnoticias.com.br\/index.php?rest_route=\/wp\/v2\/posts\/1983"}],"collection":[{"href":"https:\/\/portalraizesnoticias.com.br\/index.php?rest_route=\/wp\/v2\/posts"}],"about":[{"href":"https:\/\/portalraizesnoticias.com.br\/index.php?rest_route=\/wp\/v2\/types\/post"}],"author":[{"embeddable":true,"href":"https:\/\/portalraizesnoticias.com.br\/index.php?rest_route=\/wp\/v2\/users\/3"}],"replies":[{"embeddable":true,"href":"https:\/\/portalraizesnoticias.com.br\/index.php?rest_route=%2Fwp%2Fv2%2Fcomments&post=1983"}],"version-history":[{"count":1,"href":"https:\/\/portalraizesnoticias.com.br\/index.php?rest_route=\/wp\/v2\/posts\/1983\/revisions"}],"predecessor-version":[{"id":1989,"href":"https:\/\/portalraizesnoticias.com.br\/index.php?rest_route=\/wp\/v2\/posts\/1983\/revisions\/1989"}],"wp:featuredmedia":[{"embeddable":true,"href":"https:\/\/portalraizesnoticias.com.br\/index.php?rest_route=\/wp\/v2\/media\/1986"}],"wp:attachment":[{"href":"https:\/\/portalraizesnoticias.com.br\/index.php?rest_route=%2Fwp%2Fv2%2Fmedia&parent=1983"}],"wp:term":[{"taxonomy":"category","embeddable":true,"href":"https:\/\/portalraizesnoticias.com.br\/index.php?rest_route=%2Fwp%2Fv2%2Fcategories&post=1983"},{"taxonomy":"post_tag","embeddable":true,"href":"https:\/\/portalraizesnoticias.com.br\/index.php?rest_route=%2Fwp%2Fv2%2Ftags&post=1983"}],"curies":[{"name":"wp","href":"https:\/\/api.w.org\/{rel}","templated":true}]}}