{"id":1899,"date":"2024-10-29T17:15:10","date_gmt":"2024-10-29T17:15:10","guid":{"rendered":"https:\/\/portalraizesnoticias.com.br\/?p=1899"},"modified":"2024-10-30T20:55:40","modified_gmt":"2024-10-30T20:55:40","slug":"projeto-do-deputado-alex-da-piata-propoe-prioridade-na-justica-para-pessoas-com-autismo","status":"publish","type":"post","link":"https:\/\/portalraizesnoticias.com.br\/?p=1899","title":{"rendered":"Projeto do deputado Alex da Piat\u00e3 prop\u00f5e prioridade na Justi\u00e7a para pessoas com autismo"},"content":{"rendered":"<p>O deputado Alex da Piat\u00e3 (PSD) apresentou, na Assembleia Legislativa da Bahia, um projeto de lei que estabelece prioridade na tramita\u00e7\u00e3o de processos judiciais e administrativos para pessoas com transtorno do espectro autista (TEA), visando garantir o acesso \u00e1gil \u00e0 justi\u00e7a em condi\u00e7\u00f5es de igualdade com os demais cidad\u00e3os.<\/p>\n<p>De acordo com o projeto, a prioridade poder\u00e1 ser solicitada em qualquer inst\u00e2ncia, bastando que a condi\u00e7\u00e3o de TEA seja comprovada. A proposta tamb\u00e9m abrange desde processos na administra\u00e7\u00e3o p\u00fablica e empresas prestadoras de servi\u00e7os at\u00e9 institui\u00e7\u00f5es financeiras. Al\u00e9m disso, prev\u00ea atendimento preferencial na Defensoria P\u00fablica da Bahia para servi\u00e7os de assist\u00eancia judici\u00e1ria.<\/p>\n<p>Outro ponto destacado \u00e9 a necessidade de identifica\u00e7\u00e3o dos processos \u2014 f\u00edsicos ou eletr\u00f4nicos \u2014 com selos de prioridade, facilitando a tramita\u00e7\u00e3o priorit\u00e1ria desses casos. O parlamentar cita como base para o projeto o princ\u00edpio da inafastabilidade de jurisdi\u00e7\u00e3o da Constitui\u00e7\u00e3o Federal, que assegura o direito ao Judici\u00e1rio em caso de les\u00e3o ou amea\u00e7a a direitos (Art. 5\u00ba, Inciso XXXV), e a responsabilidade da Uni\u00e3o, estados e munic\u00edpios de promover assist\u00eancia p\u00fablica e proteger as pessoas com defici\u00eancia (Art. 23, Inciso II).<\/p>\n<p>Para Alex da Piat\u00e3, \u00e9 necess\u00e1ria uma atualiza\u00e7\u00e3o na legisla\u00e7\u00e3o para assegurar condi\u00e7\u00f5es especiais no atendimento \u00e0s pessoas com TEA, eliminando barreiras que dificultam o acesso pleno \u00e0 justi\u00e7a. \u201c\u00c9 necess\u00e1ria atualiza\u00e7\u00e3o da legisla\u00e7\u00e3o para assegurar condi\u00e7\u00f5es especiais para a devida presta\u00e7\u00e3o jurisdicional do portador de transtorno do espectro autista, buscando reduzir ou eliminar as barreiras decorrentes da referida defici\u00eancia\u201d, disse o deputado.<\/p>\n<p>Not\u00edcias de Santaluz<\/p>\n","protected":false},"excerpt":{"rendered":"<p>O deputado Alex da Piat\u00e3 (PSD) apresentou, na Assembleia Legislativa da Bahia, um projeto de lei que estabelece prioridade na tramita\u00e7\u00e3o de processos judiciais e administrativos para pessoas com transtorno do espectro autista (TEA), visando garantir o acesso \u00e1gil \u00e0 justi\u00e7a em condi\u00e7\u00f5es de igualdade com os demais cidad\u00e3os. De acordo com o projeto, a prioridade poder\u00e1 ser solicitada em qualquer inst\u00e2ncia, bastando que a condi\u00e7\u00e3o de TEA seja comprovada. A proposta tamb\u00e9m abrange desde processos na administra\u00e7\u00e3o p\u00fablica e empresas prestadoras de servi\u00e7os at\u00e9 institui\u00e7\u00f5es financeiras. Al\u00e9m disso, prev\u00ea atendimento preferencial na Defensoria P\u00fablica da Bahia para servi\u00e7os de assist\u00eancia judici\u00e1ria. Outro ponto destacado \u00e9 a necessidade de identifica\u00e7\u00e3o dos processos \u2014 f\u00edsicos ou eletr\u00f4nicos \u2014 com selos de prioridade, facilitando a tramita\u00e7\u00e3o priorit\u00e1ria desses casos. O parlamentar cita como base para o projeto o princ\u00edpio da inafastabilidade de jurisdi\u00e7\u00e3o da Constitui\u00e7\u00e3o Federal, que assegura o direito ao Judici\u00e1rio em caso de les\u00e3o ou amea\u00e7a a direitos (Art. 5\u00ba, Inciso XXXV), e a responsabilidade da Uni\u00e3o, estados e munic\u00edpios de promover assist\u00eancia p\u00fablica e proteger as pessoas com defici\u00eancia (Art. 23, Inciso II). Para Alex da Piat\u00e3, \u00e9 necess\u00e1ria uma atualiza\u00e7\u00e3o na legisla\u00e7\u00e3o para assegurar condi\u00e7\u00f5es especiais no atendimento \u00e0s pessoas com TEA, eliminando barreiras que dificultam o acesso pleno \u00e0 justi\u00e7a. \u201c\u00c9 necess\u00e1ria atualiza\u00e7\u00e3o da legisla\u00e7\u00e3o para assegurar condi\u00e7\u00f5es especiais para a devida presta\u00e7\u00e3o jurisdicional do portador de transtorno do espectro autista, buscando reduzir ou eliminar as barreiras decorrentes da referida defici\u00eancia\u201d, disse o deputado. Not\u00edcias de Santaluz<\/p>\n","protected":false},"author":3,"featured_media":1900,"comment_status":"open","ping_status":"open","sticky":false,"template":"","format":"standard","meta":{"_joinchat":[],"footnotes":""},"categories":[55,53,59],"tags":[],"class_list":["post-1899","post","type-post","status-publish","format-standard","has-post-thumbnail","hentry","category-destaques","category-politica","category-ultimas-noticias"],"yoast_head":"<!-- This site is optimized with the Yoast SEO plugin v24.4 - https:\/\/yoast.com\/wordpress\/plugins\/seo\/ -->\n<title>Projeto do deputado Alex da Piat\u00e3 prop\u00f5e prioridade na Justi\u00e7a para pessoas com autismo - Portal raizes noticias<\/title>\n<meta name=\"robots\" content=\"index, follow, max-snippet:-1, max-image-preview:large, max-video-preview:-1\" \/>\n<link rel=\"canonical\" href=\"https:\/\/portalraizesnoticias.com.br\/?p=1899\" \/>\n<meta property=\"og:locale\" content=\"pt_BR\" \/>\n<meta property=\"og:type\" content=\"article\" \/>\n<meta property=\"og:title\" content=\"Projeto do deputado Alex da Piat\u00e3 prop\u00f5e prioridade na Justi\u00e7a para pessoas com autismo - Portal raizes noticias\" \/>\n<meta property=\"og:description\" content=\"O deputado Alex da Piat\u00e3 (PSD) apresentou, na Assembleia Legislativa da Bahia, um projeto de lei que estabelece prioridade na tramita\u00e7\u00e3o de processos judiciais e administrativos para pessoas com transtorno do espectro autista (TEA), visando garantir o acesso \u00e1gil \u00e0 justi\u00e7a em condi\u00e7\u00f5es de igualdade com os demais cidad\u00e3os. De acordo com o projeto, a prioridade poder\u00e1 ser solicitada em qualquer inst\u00e2ncia, bastando que a condi\u00e7\u00e3o de TEA seja comprovada. A proposta tamb\u00e9m abrange desde processos na administra\u00e7\u00e3o p\u00fablica e empresas prestadoras de servi\u00e7os at\u00e9 institui\u00e7\u00f5es financeiras. Al\u00e9m disso, prev\u00ea atendimento preferencial na Defensoria P\u00fablica da Bahia para servi\u00e7os de assist\u00eancia judici\u00e1ria. Outro ponto destacado \u00e9 a necessidade de identifica\u00e7\u00e3o dos processos \u2014 f\u00edsicos ou eletr\u00f4nicos \u2014 com selos de prioridade, facilitando a tramita\u00e7\u00e3o priorit\u00e1ria desses casos. O parlamentar cita como base para o projeto o princ\u00edpio da inafastabilidade de jurisdi\u00e7\u00e3o da Constitui\u00e7\u00e3o Federal, que assegura o direito ao Judici\u00e1rio em caso de les\u00e3o ou amea\u00e7a a direitos (Art. 5\u00ba, Inciso XXXV), e a responsabilidade da Uni\u00e3o, estados e munic\u00edpios de promover assist\u00eancia p\u00fablica e proteger as pessoas com defici\u00eancia (Art. 23, Inciso II). Para Alex da Piat\u00e3, \u00e9 necess\u00e1ria uma atualiza\u00e7\u00e3o na legisla\u00e7\u00e3o para assegurar condi\u00e7\u00f5es especiais no atendimento \u00e0s pessoas com TEA, eliminando barreiras que dificultam o acesso pleno \u00e0 justi\u00e7a. \u201c\u00c9 necess\u00e1ria atualiza\u00e7\u00e3o da legisla\u00e7\u00e3o para assegurar condi\u00e7\u00f5es especiais para a devida presta\u00e7\u00e3o jurisdicional do portador de transtorno do espectro autista, buscando reduzir ou eliminar as barreiras decorrentes da referida defici\u00eancia\u201d, disse o deputado. Not\u00edcias de Santaluz\" \/>\n<meta property=\"og:url\" content=\"https:\/\/portalraizesnoticias.com.br\/?p=1899\" \/>\n<meta property=\"og:site_name\" content=\"Portal raizes noticias\" \/>\n<meta property=\"article:published_time\" content=\"2024-10-29T17:15:10+00:00\" \/>\n<meta property=\"article:modified_time\" content=\"2024-10-30T20:55:40+00:00\" \/>\n<meta property=\"og:image\" content=\"https:\/\/portalraizesnoticias.com.br\/wp-content\/uploads\/2024\/10\/alex-piata15635453.jpg\" \/>\n\t<meta property=\"og:image:width\" content=\"540\" \/>\n\t<meta property=\"og:image:height\" content=\"330\" \/>\n\t<meta property=\"og:image:type\" content=\"image\/jpeg\" \/>\n<meta name=\"author\" content=\"Portal Raizes\" \/>\n<meta name=\"twitter:card\" content=\"summary_large_image\" \/>\n<meta name=\"twitter:label1\" content=\"Escrito por\" \/>\n\t<meta name=\"twitter:data1\" content=\"Portal Raizes\" \/>\n\t<meta name=\"twitter:label2\" content=\"Est. tempo de leitura\" \/>\n\t<meta name=\"twitter:data2\" content=\"2 minutos\" \/>\n<script type=\"application\/ld+json\" class=\"yoast-schema-graph\">{\"@context\":\"https:\/\/schema.org\",\"@graph\":[{\"@type\":\"Article\",\"@id\":\"https:\/\/portalraizesnoticias.com.br\/?p=1899#article\",\"isPartOf\":{\"@id\":\"https:\/\/portalraizesnoticias.com.br\/?p=1899\"},\"author\":{\"name\":\"Portal Raizes\",\"@id\":\"https:\/\/portalraizesnoticias.com.br\/#\/schema\/person\/a3ca6b0fc701e78df19756c417d943ae\"},\"headline\":\"Projeto do deputado Alex da Piat\u00e3 prop\u00f5e prioridade na Justi\u00e7a para pessoas com autismo\",\"datePublished\":\"2024-10-29T17:15:10+00:00\",\"dateModified\":\"2024-10-30T20:55:40+00:00\",\"mainEntityOfPage\":{\"@id\":\"https:\/\/portalraizesnoticias.com.br\/?p=1899\"},\"wordCount\":301,\"commentCount\":0,\"publisher\":{\"@id\":\"https:\/\/portalraizesnoticias.com.br\/#organization\"},\"image\":{\"@id\":\"https:\/\/portalraizesnoticias.com.br\/?p=1899#primaryimage\"},\"thumbnailUrl\":\"https:\/\/portalraizesnoticias.com.br\/wp-content\/uploads\/2024\/10\/alex-piata15635453.jpg\",\"articleSection\":[\"DESTAQUES\",\"POLITICA\",\"ULTIMAS NOTICIAS\"],\"inLanguage\":\"pt-BR\",\"potentialAction\":[{\"@type\":\"CommentAction\",\"name\":\"Comment\",\"target\":[\"https:\/\/portalraizesnoticias.com.br\/?p=1899#respond\"]}]},{\"@type\":\"WebPage\",\"@id\":\"https:\/\/portalraizesnoticias.com.br\/?p=1899\",\"url\":\"https:\/\/portalraizesnoticias.com.br\/?p=1899\",\"name\":\"Projeto do deputado Alex da Piat\u00e3 prop\u00f5e prioridade na Justi\u00e7a para pessoas com autismo - Portal raizes noticias\",\"isPartOf\":{\"@id\":\"https:\/\/portalraizesnoticias.com.br\/#website\"},\"primaryImageOfPage\":{\"@id\":\"https:\/\/portalraizesnoticias.com.br\/?p=1899#primaryimage\"},\"image\":{\"@id\":\"https:\/\/portalraizesnoticias.com.br\/?p=1899#primaryimage\"},\"thumbnailUrl\":\"https:\/\/portalraizesnoticias.com.br\/wp-content\/uploads\/2024\/10\/alex-piata15635453.jpg\",\"datePublished\":\"2024-10-29T17:15:10+00:00\",\"dateModified\":\"2024-10-30T20:55:40+00:00\",\"breadcrumb\":{\"@id\":\"https:\/\/portalraizesnoticias.com.br\/?p=1899#breadcrumb\"},\"inLanguage\":\"pt-BR\",\"potentialAction\":[{\"@type\":\"ReadAction\",\"target\":[\"https:\/\/portalraizesnoticias.com.br\/?p=1899\"]}]},{\"@type\":\"ImageObject\",\"inLanguage\":\"pt-BR\",\"@id\":\"https:\/\/portalraizesnoticias.com.br\/?p=1899#primaryimage\",\"url\":\"https:\/\/portalraizesnoticias.com.br\/wp-content\/uploads\/2024\/10\/alex-piata15635453.jpg\",\"contentUrl\":\"https:\/\/portalraizesnoticias.com.br\/wp-content\/uploads\/2024\/10\/alex-piata15635453.jpg\",\"width\":540,\"height\":330},{\"@type\":\"BreadcrumbList\",\"@id\":\"https:\/\/portalraizesnoticias.com.br\/?p=1899#breadcrumb\",\"itemListElement\":[{\"@type\":\"ListItem\",\"position\":1,\"name\":\"In\u00edcio\",\"item\":\"https:\/\/portalraizesnoticias.com.br\/\"},{\"@type\":\"ListItem\",\"position\":2,\"name\":\"Projeto do deputado Alex da Piat\u00e3 prop\u00f5e prioridade na Justi\u00e7a para pessoas com autismo\"}]},{\"@type\":\"WebSite\",\"@id\":\"https:\/\/portalraizesnoticias.com.br\/#website\",\"url\":\"https:\/\/portalraizesnoticias.com.br\/\",\"name\":\"Portal raizes NOTICIAS\",\"description\":\"site de noticias de concei\u00e7\u00e3o do coit\u00e9 e regi\u00e3o\",\"publisher\":{\"@id\":\"https:\/\/portalraizesnoticias.com.br\/#organization\"},\"alternateName\":\"PORTAL RAIZES COIT\u00c9\",\"potentialAction\":[{\"@type\":\"SearchAction\",\"target\":{\"@type\":\"EntryPoint\",\"urlTemplate\":\"https:\/\/portalraizesnoticias.com.br\/?s={search_term_string}\"},\"query-input\":{\"@type\":\"PropertyValueSpecification\",\"valueRequired\":true,\"valueName\":\"search_term_string\"}}],\"inLanguage\":\"pt-BR\"},{\"@type\":\"Organization\",\"@id\":\"https:\/\/portalraizesnoticias.com.br\/#organization\",\"name\":\"Portal raizes NOTICIAS\",\"url\":\"https:\/\/portalraizesnoticias.com.br\/\",\"logo\":{\"@type\":\"ImageObject\",\"inLanguage\":\"pt-BR\",\"@id\":\"https:\/\/portalraizesnoticias.com.br\/#\/schema\/logo\/image\/\",\"url\":\"https:\/\/portalraizesnoticias.com.br\/wp-content\/uploads\/2024\/09\/cropped-Captura-de-tela-2024-09-08-011108.png\",\"contentUrl\":\"https:\/\/portalraizesnoticias.com.br\/wp-content\/uploads\/2024\/09\/cropped-Captura-de-tela-2024-09-08-011108.png\",\"width\":606,\"height\":173,\"caption\":\"Portal raizes NOTICIAS\"},\"image\":{\"@id\":\"https:\/\/portalraizesnoticias.com.br\/#\/schema\/logo\/image\/\"}},{\"@type\":\"Person\",\"@id\":\"https:\/\/portalraizesnoticias.com.br\/#\/schema\/person\/a3ca6b0fc701e78df19756c417d943ae\",\"name\":\"Portal Raizes\",\"image\":{\"@type\":\"ImageObject\",\"inLanguage\":\"pt-BR\",\"@id\":\"https:\/\/portalraizesnoticias.com.br\/#\/schema\/person\/image\/\",\"url\":\"https:\/\/secure.gravatar.com\/avatar\/ef450d29013a3d3fba867a12a249d7b1?s=96&d=mm&r=g\",\"contentUrl\":\"https:\/\/secure.gravatar.com\/avatar\/ef450d29013a3d3fba867a12a249d7b1?s=96&d=mm&r=g\",\"caption\":\"Portal Raizes\"},\"url\":\"https:\/\/portalraizesnoticias.com.br\/?author=3\"}]}<\/script>\n<!-- \/ Yoast SEO plugin. -->","yoast_head_json":{"title":"Projeto do deputado Alex da Piat\u00e3 prop\u00f5e prioridade na Justi\u00e7a para pessoas com autismo - Portal raizes noticias","robots":{"index":"index","follow":"follow","max-snippet":"max-snippet:-1","max-image-preview":"max-image-preview:large","max-video-preview":"max-video-preview:-1"},"canonical":"https:\/\/portalraizesnoticias.com.br\/?p=1899","og_locale":"pt_BR","og_type":"article","og_title":"Projeto do deputado Alex da Piat\u00e3 prop\u00f5e prioridade na Justi\u00e7a para pessoas com autismo - Portal raizes noticias","og_description":"O deputado Alex da Piat\u00e3 (PSD) apresentou, na Assembleia Legislativa da Bahia, um projeto de lei que estabelece prioridade na tramita\u00e7\u00e3o de processos judiciais e administrativos para pessoas com transtorno do espectro autista (TEA), visando garantir o acesso \u00e1gil \u00e0 justi\u00e7a em condi\u00e7\u00f5es de igualdade com os demais cidad\u00e3os. De acordo com o projeto, a prioridade poder\u00e1 ser solicitada em qualquer inst\u00e2ncia, bastando que a condi\u00e7\u00e3o de TEA seja comprovada. A proposta tamb\u00e9m abrange desde processos na administra\u00e7\u00e3o p\u00fablica e empresas prestadoras de servi\u00e7os at\u00e9 institui\u00e7\u00f5es financeiras. Al\u00e9m disso, prev\u00ea atendimento preferencial na Defensoria P\u00fablica da Bahia para servi\u00e7os de assist\u00eancia judici\u00e1ria. Outro ponto destacado \u00e9 a necessidade de identifica\u00e7\u00e3o dos processos \u2014 f\u00edsicos ou eletr\u00f4nicos \u2014 com selos de prioridade, facilitando a tramita\u00e7\u00e3o priorit\u00e1ria desses casos. O parlamentar cita como base para o projeto o princ\u00edpio da inafastabilidade de jurisdi\u00e7\u00e3o da Constitui\u00e7\u00e3o Federal, que assegura o direito ao Judici\u00e1rio em caso de les\u00e3o ou amea\u00e7a a direitos (Art. 5\u00ba, Inciso XXXV), e a responsabilidade da Uni\u00e3o, estados e munic\u00edpios de promover assist\u00eancia p\u00fablica e proteger as pessoas com defici\u00eancia (Art. 23, Inciso II). Para Alex da Piat\u00e3, \u00e9 necess\u00e1ria uma atualiza\u00e7\u00e3o na legisla\u00e7\u00e3o para assegurar condi\u00e7\u00f5es especiais no atendimento \u00e0s pessoas com TEA, eliminando barreiras que dificultam o acesso pleno \u00e0 justi\u00e7a. \u201c\u00c9 necess\u00e1ria atualiza\u00e7\u00e3o da legisla\u00e7\u00e3o para assegurar condi\u00e7\u00f5es especiais para a devida presta\u00e7\u00e3o jurisdicional do portador de transtorno do espectro autista, buscando reduzir ou eliminar as barreiras decorrentes da referida defici\u00eancia\u201d, disse o deputado. Not\u00edcias de Santaluz","og_url":"https:\/\/portalraizesnoticias.com.br\/?p=1899","og_site_name":"Portal raizes noticias","article_published_time":"2024-10-29T17:15:10+00:00","article_modified_time":"2024-10-30T20:55:40+00:00","og_image":[{"width":540,"height":330,"url":"https:\/\/portalraizesnoticias.com.br\/wp-content\/uploads\/2024\/10\/alex-piata15635453.jpg","type":"image\/jpeg"}],"author":"Portal Raizes","twitter_card":"summary_large_image","twitter_misc":{"Escrito por":"Portal Raizes","Est. tempo de leitura":"2 minutos"},"schema":{"@context":"https:\/\/schema.org","@graph":[{"@type":"Article","@id":"https:\/\/portalraizesnoticias.com.br\/?p=1899#article","isPartOf":{"@id":"https:\/\/portalraizesnoticias.com.br\/?p=1899"},"author":{"name":"Portal Raizes","@id":"https:\/\/portalraizesnoticias.com.br\/#\/schema\/person\/a3ca6b0fc701e78df19756c417d943ae"},"headline":"Projeto do deputado Alex da Piat\u00e3 prop\u00f5e prioridade na Justi\u00e7a para pessoas com autismo","datePublished":"2024-10-29T17:15:10+00:00","dateModified":"2024-10-30T20:55:40+00:00","mainEntityOfPage":{"@id":"https:\/\/portalraizesnoticias.com.br\/?p=1899"},"wordCount":301,"commentCount":0,"publisher":{"@id":"https:\/\/portalraizesnoticias.com.br\/#organization"},"image":{"@id":"https:\/\/portalraizesnoticias.com.br\/?p=1899#primaryimage"},"thumbnailUrl":"https:\/\/portalraizesnoticias.com.br\/wp-content\/uploads\/2024\/10\/alex-piata15635453.jpg","articleSection":["DESTAQUES","POLITICA","ULTIMAS NOTICIAS"],"inLanguage":"pt-BR","potentialAction":[{"@type":"CommentAction","name":"Comment","target":["https:\/\/portalraizesnoticias.com.br\/?p=1899#respond"]}]},{"@type":"WebPage","@id":"https:\/\/portalraizesnoticias.com.br\/?p=1899","url":"https:\/\/portalraizesnoticias.com.br\/?p=1899","name":"Projeto do deputado Alex da Piat\u00e3 prop\u00f5e prioridade na Justi\u00e7a para pessoas com autismo - Portal raizes noticias","isPartOf":{"@id":"https:\/\/portalraizesnoticias.com.br\/#website"},"primaryImageOfPage":{"@id":"https:\/\/portalraizesnoticias.com.br\/?p=1899#primaryimage"},"image":{"@id":"https:\/\/portalraizesnoticias.com.br\/?p=1899#primaryimage"},"thumbnailUrl":"https:\/\/portalraizesnoticias.com.br\/wp-content\/uploads\/2024\/10\/alex-piata15635453.jpg","datePublished":"2024-10-29T17:15:10+00:00","dateModified":"2024-10-30T20:55:40+00:00","breadcrumb":{"@id":"https:\/\/portalraizesnoticias.com.br\/?p=1899#breadcrumb"},"inLanguage":"pt-BR","potentialAction":[{"@type":"ReadAction","target":["https:\/\/portalraizesnoticias.com.br\/?p=1899"]}]},{"@type":"ImageObject","inLanguage":"pt-BR","@id":"https:\/\/portalraizesnoticias.com.br\/?p=1899#primaryimage","url":"https:\/\/portalraizesnoticias.com.br\/wp-content\/uploads\/2024\/10\/alex-piata15635453.jpg","contentUrl":"https:\/\/portalraizesnoticias.com.br\/wp-content\/uploads\/2024\/10\/alex-piata15635453.jpg","width":540,"height":330},{"@type":"BreadcrumbList","@id":"https:\/\/portalraizesnoticias.com.br\/?p=1899#breadcrumb","itemListElement":[{"@type":"ListItem","position":1,"name":"In\u00edcio","item":"https:\/\/portalraizesnoticias.com.br\/"},{"@type":"ListItem","position":2,"name":"Projeto do deputado Alex da Piat\u00e3 prop\u00f5e prioridade na Justi\u00e7a para pessoas com autismo"}]},{"@type":"WebSite","@id":"https:\/\/portalraizesnoticias.com.br\/#website","url":"https:\/\/portalraizesnoticias.com.br\/","name":"Portal raizes NOTICIAS","description":"site de noticias de concei\u00e7\u00e3o do coit\u00e9 e regi\u00e3o","publisher":{"@id":"https:\/\/portalraizesnoticias.com.br\/#organization"},"alternateName":"PORTAL RAIZES COIT\u00c9","potentialAction":[{"@type":"SearchAction","target":{"@type":"EntryPoint","urlTemplate":"https:\/\/portalraizesnoticias.com.br\/?s={search_term_string}"},"query-input":{"@type":"PropertyValueSpecification","valueRequired":true,"valueName":"search_term_string"}}],"inLanguage":"pt-BR"},{"@type":"Organization","@id":"https:\/\/portalraizesnoticias.com.br\/#organization","name":"Portal raizes NOTICIAS","url":"https:\/\/portalraizesnoticias.com.br\/","logo":{"@type":"ImageObject","inLanguage":"pt-BR","@id":"https:\/\/portalraizesnoticias.com.br\/#\/schema\/logo\/image\/","url":"https:\/\/portalraizesnoticias.com.br\/wp-content\/uploads\/2024\/09\/cropped-Captura-de-tela-2024-09-08-011108.png","contentUrl":"https:\/\/portalraizesnoticias.com.br\/wp-content\/uploads\/2024\/09\/cropped-Captura-de-tela-2024-09-08-011108.png","width":606,"height":173,"caption":"Portal raizes NOTICIAS"},"image":{"@id":"https:\/\/portalraizesnoticias.com.br\/#\/schema\/logo\/image\/"}},{"@type":"Person","@id":"https:\/\/portalraizesnoticias.com.br\/#\/schema\/person\/a3ca6b0fc701e78df19756c417d943ae","name":"Portal Raizes","image":{"@type":"ImageObject","inLanguage":"pt-BR","@id":"https:\/\/portalraizesnoticias.com.br\/#\/schema\/person\/image\/","url":"https:\/\/secure.gravatar.com\/avatar\/ef450d29013a3d3fba867a12a249d7b1?s=96&d=mm&r=g","contentUrl":"https:\/\/secure.gravatar.com\/avatar\/ef450d29013a3d3fba867a12a249d7b1?s=96&d=mm&r=g","caption":"Portal Raizes"},"url":"https:\/\/portalraizesnoticias.com.br\/?author=3"}]}},"_links":{"self":[{"href":"https:\/\/portalraizesnoticias.com.br\/index.php?rest_route=\/wp\/v2\/posts\/1899"}],"collection":[{"href":"https:\/\/portalraizesnoticias.com.br\/index.php?rest_route=\/wp\/v2\/posts"}],"about":[{"href":"https:\/\/portalraizesnoticias.com.br\/index.php?rest_route=\/wp\/v2\/types\/post"}],"author":[{"embeddable":true,"href":"https:\/\/portalraizesnoticias.com.br\/index.php?rest_route=\/wp\/v2\/users\/3"}],"replies":[{"embeddable":true,"href":"https:\/\/portalraizesnoticias.com.br\/index.php?rest_route=%2Fwp%2Fv2%2Fcomments&post=1899"}],"version-history":[{"count":1,"href":"https:\/\/portalraizesnoticias.com.br\/index.php?rest_route=\/wp\/v2\/posts\/1899\/revisions"}],"predecessor-version":[{"id":1901,"href":"https:\/\/portalraizesnoticias.com.br\/index.php?rest_route=\/wp\/v2\/posts\/1899\/revisions\/1901"}],"wp:featuredmedia":[{"embeddable":true,"href":"https:\/\/portalraizesnoticias.com.br\/index.php?rest_route=\/wp\/v2\/media\/1900"}],"wp:attachment":[{"href":"https:\/\/portalraizesnoticias.com.br\/index.php?rest_route=%2Fwp%2Fv2%2Fmedia&parent=1899"}],"wp:term":[{"taxonomy":"category","embeddable":true,"href":"https:\/\/portalraizesnoticias.com.br\/index.php?rest_route=%2Fwp%2Fv2%2Fcategories&post=1899"},{"taxonomy":"post_tag","embeddable":true,"href":"https:\/\/portalraizesnoticias.com.br\/index.php?rest_route=%2Fwp%2Fv2%2Ftags&post=1899"}],"curies":[{"name":"wp","href":"https:\/\/api.w.org\/{rel}","templated":true}]}}