{"id":1867,"date":"2024-10-25T21:02:56","date_gmt":"2024-10-25T21:02:56","guid":{"rendered":"https:\/\/portalraizesnoticias.com.br\/?p=1867"},"modified":"2024-10-25T21:04:14","modified_gmt":"2024-10-25T21:04:14","slug":"jovem-fica-ferido-apos-colisao-entre-carro-e-moto-no-bairro-fluminense-em-conceicao-do-coite","status":"publish","type":"post","link":"https:\/\/portalraizesnoticias.com.br\/?p=1867","title":{"rendered":"Jovem fica ferido ap\u00f3s colis\u00e3o entre carro e moto no bairro Fluminense em Concei\u00e7\u00e3o do Coit\u00e9"},"content":{"rendered":"<p>Por volta das 17h12 desta sexta-feira (25), uma colis\u00e3o lateral entre carro e uma moto deixou um homem ferido no bairro Fluminense em Concei\u00e7\u00e3o do Coit\u00e9.<\/p>\n<p>Segundo informa\u00e7\u00f5es, Egnaldo Oliveira, 30 anos, foi encontrado orientado e com suspeitas de fratura na m\u00e3o direita, al\u00e9m de v\u00e1rias escoria\u00e7\u00f5es pelo corpo.<\/p>\n<p>Ele foi socorrido e encaminhado ao Hospital Portugu\u00eas de Coit\u00e9.<\/p>\n<p>Reda\u00e7\u00e3o<\/p>\n","protected":false},"excerpt":{"rendered":"<p>Por volta das 17h12 desta sexta-feira (25), uma colis\u00e3o lateral entre carro e uma moto deixou um homem ferido no bairro Fluminense em Concei\u00e7\u00e3o do Coit\u00e9. Segundo informa\u00e7\u00f5es, Egnaldo Oliveira, 30 anos, foi encontrado orientado e com suspeitas de fratura na m\u00e3o direita, al\u00e9m de v\u00e1rias escoria\u00e7\u00f5es pelo corpo. Ele foi socorrido e encaminhado ao Hospital Portugu\u00eas de Coit\u00e9. Reda\u00e7\u00e3o<\/p>\n","protected":false},"author":3,"featured_media":1868,"comment_status":"open","ping_status":"open","sticky":false,"template":"","format":"standard","meta":{"_joinchat":[],"footnotes":""},"categories":[58,55,59],"tags":[149,140],"class_list":["post-1867","post","type-post","status-publish","format-standard","has-post-thumbnail","hentry","category-acidentes","category-destaques","category-ultimas-noticias","tag-colisao-entre-carro","tag-moto"],"yoast_head":"<!-- This site is optimized with the Yoast SEO plugin v24.4 - https:\/\/yoast.com\/wordpress\/plugins\/seo\/ -->\n<title>Jovem fica ferido ap\u00f3s colis\u00e3o entre carro e moto no bairro Fluminense em Concei\u00e7\u00e3o do Coit\u00e9 - Portal raizes noticias<\/title>\n<meta name=\"robots\" content=\"index, follow, max-snippet:-1, max-image-preview:large, max-video-preview:-1\" \/>\n<link rel=\"canonical\" href=\"https:\/\/portalraizesnoticias.com.br\/?p=1867\" \/>\n<meta property=\"og:locale\" content=\"pt_BR\" \/>\n<meta property=\"og:type\" content=\"article\" \/>\n<meta property=\"og:title\" content=\"Jovem fica ferido ap\u00f3s colis\u00e3o entre carro e moto no bairro Fluminense em Concei\u00e7\u00e3o do Coit\u00e9 - Portal raizes noticias\" \/>\n<meta property=\"og:description\" content=\"Por volta das 17h12 desta sexta-feira (25), uma colis\u00e3o lateral entre carro e uma moto deixou um homem ferido no bairro Fluminense em Concei\u00e7\u00e3o do Coit\u00e9. Segundo informa\u00e7\u00f5es, Egnaldo Oliveira, 30 anos, foi encontrado orientado e com suspeitas de fratura na m\u00e3o direita, al\u00e9m de v\u00e1rias escoria\u00e7\u00f5es pelo corpo. Ele foi socorrido e encaminhado ao Hospital Portugu\u00eas de Coit\u00e9. Reda\u00e7\u00e3o\" \/>\n<meta property=\"og:url\" content=\"https:\/\/portalraizesnoticias.com.br\/?p=1867\" \/>\n<meta property=\"og:site_name\" content=\"Portal raizes noticias\" \/>\n<meta property=\"article:published_time\" content=\"2024-10-25T21:02:56+00:00\" \/>\n<meta property=\"article:modified_time\" content=\"2024-10-25T21:04:14+00:00\" \/>\n<meta property=\"og:image\" content=\"https:\/\/portalraizesnoticias.com.br\/wp-content\/uploads\/2024\/10\/IMG-20241025-WA0445.jpg\" \/>\n\t<meta property=\"og:image:width\" content=\"1600\" \/>\n\t<meta property=\"og:image:height\" content=\"1200\" \/>\n\t<meta property=\"og:image:type\" content=\"image\/jpeg\" \/>\n<meta name=\"author\" content=\"Portal Raizes\" \/>\n<meta name=\"twitter:card\" content=\"summary_large_image\" \/>\n<meta name=\"twitter:label1\" content=\"Escrito por\" \/>\n\t<meta name=\"twitter:data1\" content=\"Portal Raizes\" \/>\n<script type=\"application\/ld+json\" class=\"yoast-schema-graph\">{\"@context\":\"https:\/\/schema.org\",\"@graph\":[{\"@type\":\"Article\",\"@id\":\"https:\/\/portalraizesnoticias.com.br\/?p=1867#article\",\"isPartOf\":{\"@id\":\"https:\/\/portalraizesnoticias.com.br\/?p=1867\"},\"author\":{\"name\":\"Portal Raizes\",\"@id\":\"https:\/\/portalraizesnoticias.com.br\/#\/schema\/person\/a3ca6b0fc701e78df19756c417d943ae\"},\"headline\":\"Jovem fica ferido ap\u00f3s colis\u00e3o entre carro e moto no bairro Fluminense em Concei\u00e7\u00e3o do Coit\u00e9\",\"datePublished\":\"2024-10-25T21:02:56+00:00\",\"dateModified\":\"2024-10-25T21:04:14+00:00\",\"mainEntityOfPage\":{\"@id\":\"https:\/\/portalraizesnoticias.com.br\/?p=1867\"},\"wordCount\":86,\"commentCount\":0,\"publisher\":{\"@id\":\"https:\/\/portalraizesnoticias.com.br\/#organization\"},\"image\":{\"@id\":\"https:\/\/portalraizesnoticias.com.br\/?p=1867#primaryimage\"},\"thumbnailUrl\":\"https:\/\/portalraizesnoticias.com.br\/wp-content\/uploads\/2024\/10\/IMG-20241025-WA0445.jpg\",\"keywords\":[\"Colis\u00e3o entre carro\",\"Moto\"],\"articleSection\":[\"ACIDENTES\",\"DESTAQUES\",\"ULTIMAS NOTICIAS\"],\"inLanguage\":\"pt-BR\",\"potentialAction\":[{\"@type\":\"CommentAction\",\"name\":\"Comment\",\"target\":[\"https:\/\/portalraizesnoticias.com.br\/?p=1867#respond\"]}]},{\"@type\":\"WebPage\",\"@id\":\"https:\/\/portalraizesnoticias.com.br\/?p=1867\",\"url\":\"https:\/\/portalraizesnoticias.com.br\/?p=1867\",\"name\":\"Jovem fica ferido ap\u00f3s colis\u00e3o entre carro e moto no bairro Fluminense em Concei\u00e7\u00e3o do Coit\u00e9 - Portal raizes noticias\",\"isPartOf\":{\"@id\":\"https:\/\/portalraizesnoticias.com.br\/#website\"},\"primaryImageOfPage\":{\"@id\":\"https:\/\/portalraizesnoticias.com.br\/?p=1867#primaryimage\"},\"image\":{\"@id\":\"https:\/\/portalraizesnoticias.com.br\/?p=1867#primaryimage\"},\"thumbnailUrl\":\"https:\/\/portalraizesnoticias.com.br\/wp-content\/uploads\/2024\/10\/IMG-20241025-WA0445.jpg\",\"datePublished\":\"2024-10-25T21:02:56+00:00\",\"dateModified\":\"2024-10-25T21:04:14+00:00\",\"breadcrumb\":{\"@id\":\"https:\/\/portalraizesnoticias.com.br\/?p=1867#breadcrumb\"},\"inLanguage\":\"pt-BR\",\"potentialAction\":[{\"@type\":\"ReadAction\",\"target\":[\"https:\/\/portalraizesnoticias.com.br\/?p=1867\"]}]},{\"@type\":\"ImageObject\",\"inLanguage\":\"pt-BR\",\"@id\":\"https:\/\/portalraizesnoticias.com.br\/?p=1867#primaryimage\",\"url\":\"https:\/\/portalraizesnoticias.com.br\/wp-content\/uploads\/2024\/10\/IMG-20241025-WA0445.jpg\",\"contentUrl\":\"https:\/\/portalraizesnoticias.com.br\/wp-content\/uploads\/2024\/10\/IMG-20241025-WA0445.jpg\",\"width\":1600,\"height\":1200},{\"@type\":\"BreadcrumbList\",\"@id\":\"https:\/\/portalraizesnoticias.com.br\/?p=1867#breadcrumb\",\"itemListElement\":[{\"@type\":\"ListItem\",\"position\":1,\"name\":\"In\u00edcio\",\"item\":\"https:\/\/portalraizesnoticias.com.br\/\"},{\"@type\":\"ListItem\",\"position\":2,\"name\":\"Jovem fica ferido ap\u00f3s colis\u00e3o entre carro e moto no bairro Fluminense em Concei\u00e7\u00e3o do Coit\u00e9\"}]},{\"@type\":\"WebSite\",\"@id\":\"https:\/\/portalraizesnoticias.com.br\/#website\",\"url\":\"https:\/\/portalraizesnoticias.com.br\/\",\"name\":\"Portal raizes NOTICIAS\",\"description\":\"site de noticias de concei\u00e7\u00e3o do coit\u00e9 e regi\u00e3o\",\"publisher\":{\"@id\":\"https:\/\/portalraizesnoticias.com.br\/#organization\"},\"alternateName\":\"PORTAL RAIZES COIT\u00c9\",\"potentialAction\":[{\"@type\":\"SearchAction\",\"target\":{\"@type\":\"EntryPoint\",\"urlTemplate\":\"https:\/\/portalraizesnoticias.com.br\/?s={search_term_string}\"},\"query-input\":{\"@type\":\"PropertyValueSpecification\",\"valueRequired\":true,\"valueName\":\"search_term_string\"}}],\"inLanguage\":\"pt-BR\"},{\"@type\":\"Organization\",\"@id\":\"https:\/\/portalraizesnoticias.com.br\/#organization\",\"name\":\"Portal raizes NOTICIAS\",\"url\":\"https:\/\/portalraizesnoticias.com.br\/\",\"logo\":{\"@type\":\"ImageObject\",\"inLanguage\":\"pt-BR\",\"@id\":\"https:\/\/portalraizesnoticias.com.br\/#\/schema\/logo\/image\/\",\"url\":\"https:\/\/portalraizesnoticias.com.br\/wp-content\/uploads\/2024\/09\/cropped-Captura-de-tela-2024-09-08-011108.png\",\"contentUrl\":\"https:\/\/portalraizesnoticias.com.br\/wp-content\/uploads\/2024\/09\/cropped-Captura-de-tela-2024-09-08-011108.png\",\"width\":606,\"height\":173,\"caption\":\"Portal raizes NOTICIAS\"},\"image\":{\"@id\":\"https:\/\/portalraizesnoticias.com.br\/#\/schema\/logo\/image\/\"}},{\"@type\":\"Person\",\"@id\":\"https:\/\/portalraizesnoticias.com.br\/#\/schema\/person\/a3ca6b0fc701e78df19756c417d943ae\",\"name\":\"Portal Raizes\",\"image\":{\"@type\":\"ImageObject\",\"inLanguage\":\"pt-BR\",\"@id\":\"https:\/\/portalraizesnoticias.com.br\/#\/schema\/person\/image\/\",\"url\":\"https:\/\/secure.gravatar.com\/avatar\/ef450d29013a3d3fba867a12a249d7b1?s=96&d=mm&r=g\",\"contentUrl\":\"https:\/\/secure.gravatar.com\/avatar\/ef450d29013a3d3fba867a12a249d7b1?s=96&d=mm&r=g\",\"caption\":\"Portal Raizes\"},\"url\":\"https:\/\/portalraizesnoticias.com.br\/?author=3\"}]}<\/script>\n<!-- \/ Yoast SEO plugin. -->","yoast_head_json":{"title":"Jovem fica ferido ap\u00f3s colis\u00e3o entre carro e moto no bairro Fluminense em Concei\u00e7\u00e3o do Coit\u00e9 - Portal raizes noticias","robots":{"index":"index","follow":"follow","max-snippet":"max-snippet:-1","max-image-preview":"max-image-preview:large","max-video-preview":"max-video-preview:-1"},"canonical":"https:\/\/portalraizesnoticias.com.br\/?p=1867","og_locale":"pt_BR","og_type":"article","og_title":"Jovem fica ferido ap\u00f3s colis\u00e3o entre carro e moto no bairro Fluminense em Concei\u00e7\u00e3o do Coit\u00e9 - Portal raizes noticias","og_description":"Por volta das 17h12 desta sexta-feira (25), uma colis\u00e3o lateral entre carro e uma moto deixou um homem ferido no bairro Fluminense em Concei\u00e7\u00e3o do Coit\u00e9. Segundo informa\u00e7\u00f5es, Egnaldo Oliveira, 30 anos, foi encontrado orientado e com suspeitas de fratura na m\u00e3o direita, al\u00e9m de v\u00e1rias escoria\u00e7\u00f5es pelo corpo. Ele foi socorrido e encaminhado ao Hospital Portugu\u00eas de Coit\u00e9. Reda\u00e7\u00e3o","og_url":"https:\/\/portalraizesnoticias.com.br\/?p=1867","og_site_name":"Portal raizes noticias","article_published_time":"2024-10-25T21:02:56+00:00","article_modified_time":"2024-10-25T21:04:14+00:00","og_image":[{"width":1600,"height":1200,"url":"https:\/\/portalraizesnoticias.com.br\/wp-content\/uploads\/2024\/10\/IMG-20241025-WA0445.jpg","type":"image\/jpeg"}],"author":"Portal Raizes","twitter_card":"summary_large_image","twitter_misc":{"Escrito por":"Portal Raizes"},"schema":{"@context":"https:\/\/schema.org","@graph":[{"@type":"Article","@id":"https:\/\/portalraizesnoticias.com.br\/?p=1867#article","isPartOf":{"@id":"https:\/\/portalraizesnoticias.com.br\/?p=1867"},"author":{"name":"Portal Raizes","@id":"https:\/\/portalraizesnoticias.com.br\/#\/schema\/person\/a3ca6b0fc701e78df19756c417d943ae"},"headline":"Jovem fica ferido ap\u00f3s colis\u00e3o entre carro e moto no bairro Fluminense em Concei\u00e7\u00e3o do Coit\u00e9","datePublished":"2024-10-25T21:02:56+00:00","dateModified":"2024-10-25T21:04:14+00:00","mainEntityOfPage":{"@id":"https:\/\/portalraizesnoticias.com.br\/?p=1867"},"wordCount":86,"commentCount":0,"publisher":{"@id":"https:\/\/portalraizesnoticias.com.br\/#organization"},"image":{"@id":"https:\/\/portalraizesnoticias.com.br\/?p=1867#primaryimage"},"thumbnailUrl":"https:\/\/portalraizesnoticias.com.br\/wp-content\/uploads\/2024\/10\/IMG-20241025-WA0445.jpg","keywords":["Colis\u00e3o entre carro","Moto"],"articleSection":["ACIDENTES","DESTAQUES","ULTIMAS NOTICIAS"],"inLanguage":"pt-BR","potentialAction":[{"@type":"CommentAction","name":"Comment","target":["https:\/\/portalraizesnoticias.com.br\/?p=1867#respond"]}]},{"@type":"WebPage","@id":"https:\/\/portalraizesnoticias.com.br\/?p=1867","url":"https:\/\/portalraizesnoticias.com.br\/?p=1867","name":"Jovem fica ferido ap\u00f3s colis\u00e3o entre carro e moto no bairro Fluminense em Concei\u00e7\u00e3o do Coit\u00e9 - Portal raizes noticias","isPartOf":{"@id":"https:\/\/portalraizesnoticias.com.br\/#website"},"primaryImageOfPage":{"@id":"https:\/\/portalraizesnoticias.com.br\/?p=1867#primaryimage"},"image":{"@id":"https:\/\/portalraizesnoticias.com.br\/?p=1867#primaryimage"},"thumbnailUrl":"https:\/\/portalraizesnoticias.com.br\/wp-content\/uploads\/2024\/10\/IMG-20241025-WA0445.jpg","datePublished":"2024-10-25T21:02:56+00:00","dateModified":"2024-10-25T21:04:14+00:00","breadcrumb":{"@id":"https:\/\/portalraizesnoticias.com.br\/?p=1867#breadcrumb"},"inLanguage":"pt-BR","potentialAction":[{"@type":"ReadAction","target":["https:\/\/portalraizesnoticias.com.br\/?p=1867"]}]},{"@type":"ImageObject","inLanguage":"pt-BR","@id":"https:\/\/portalraizesnoticias.com.br\/?p=1867#primaryimage","url":"https:\/\/portalraizesnoticias.com.br\/wp-content\/uploads\/2024\/10\/IMG-20241025-WA0445.jpg","contentUrl":"https:\/\/portalraizesnoticias.com.br\/wp-content\/uploads\/2024\/10\/IMG-20241025-WA0445.jpg","width":1600,"height":1200},{"@type":"BreadcrumbList","@id":"https:\/\/portalraizesnoticias.com.br\/?p=1867#breadcrumb","itemListElement":[{"@type":"ListItem","position":1,"name":"In\u00edcio","item":"https:\/\/portalraizesnoticias.com.br\/"},{"@type":"ListItem","position":2,"name":"Jovem fica ferido ap\u00f3s colis\u00e3o entre carro e moto no bairro Fluminense em Concei\u00e7\u00e3o do Coit\u00e9"}]},{"@type":"WebSite","@id":"https:\/\/portalraizesnoticias.com.br\/#website","url":"https:\/\/portalraizesnoticias.com.br\/","name":"Portal raizes NOTICIAS","description":"site de noticias de concei\u00e7\u00e3o do coit\u00e9 e regi\u00e3o","publisher":{"@id":"https:\/\/portalraizesnoticias.com.br\/#organization"},"alternateName":"PORTAL RAIZES COIT\u00c9","potentialAction":[{"@type":"SearchAction","target":{"@type":"EntryPoint","urlTemplate":"https:\/\/portalraizesnoticias.com.br\/?s={search_term_string}"},"query-input":{"@type":"PropertyValueSpecification","valueRequired":true,"valueName":"search_term_string"}}],"inLanguage":"pt-BR"},{"@type":"Organization","@id":"https:\/\/portalraizesnoticias.com.br\/#organization","name":"Portal raizes NOTICIAS","url":"https:\/\/portalraizesnoticias.com.br\/","logo":{"@type":"ImageObject","inLanguage":"pt-BR","@id":"https:\/\/portalraizesnoticias.com.br\/#\/schema\/logo\/image\/","url":"https:\/\/portalraizesnoticias.com.br\/wp-content\/uploads\/2024\/09\/cropped-Captura-de-tela-2024-09-08-011108.png","contentUrl":"https:\/\/portalraizesnoticias.com.br\/wp-content\/uploads\/2024\/09\/cropped-Captura-de-tela-2024-09-08-011108.png","width":606,"height":173,"caption":"Portal raizes NOTICIAS"},"image":{"@id":"https:\/\/portalraizesnoticias.com.br\/#\/schema\/logo\/image\/"}},{"@type":"Person","@id":"https:\/\/portalraizesnoticias.com.br\/#\/schema\/person\/a3ca6b0fc701e78df19756c417d943ae","name":"Portal Raizes","image":{"@type":"ImageObject","inLanguage":"pt-BR","@id":"https:\/\/portalraizesnoticias.com.br\/#\/schema\/person\/image\/","url":"https:\/\/secure.gravatar.com\/avatar\/ef450d29013a3d3fba867a12a249d7b1?s=96&d=mm&r=g","contentUrl":"https:\/\/secure.gravatar.com\/avatar\/ef450d29013a3d3fba867a12a249d7b1?s=96&d=mm&r=g","caption":"Portal Raizes"},"url":"https:\/\/portalraizesnoticias.com.br\/?author=3"}]}},"_links":{"self":[{"href":"https:\/\/portalraizesnoticias.com.br\/index.php?rest_route=\/wp\/v2\/posts\/1867"}],"collection":[{"href":"https:\/\/portalraizesnoticias.com.br\/index.php?rest_route=\/wp\/v2\/posts"}],"about":[{"href":"https:\/\/portalraizesnoticias.com.br\/index.php?rest_route=\/wp\/v2\/types\/post"}],"author":[{"embeddable":true,"href":"https:\/\/portalraizesnoticias.com.br\/index.php?rest_route=\/wp\/v2\/users\/3"}],"replies":[{"embeddable":true,"href":"https:\/\/portalraizesnoticias.com.br\/index.php?rest_route=%2Fwp%2Fv2%2Fcomments&post=1867"}],"version-history":[{"count":2,"href":"https:\/\/portalraizesnoticias.com.br\/index.php?rest_route=\/wp\/v2\/posts\/1867\/revisions"}],"predecessor-version":[{"id":1870,"href":"https:\/\/portalraizesnoticias.com.br\/index.php?rest_route=\/wp\/v2\/posts\/1867\/revisions\/1870"}],"wp:featuredmedia":[{"embeddable":true,"href":"https:\/\/portalraizesnoticias.com.br\/index.php?rest_route=\/wp\/v2\/media\/1868"}],"wp:attachment":[{"href":"https:\/\/portalraizesnoticias.com.br\/index.php?rest_route=%2Fwp%2Fv2%2Fmedia&parent=1867"}],"wp:term":[{"taxonomy":"category","embeddable":true,"href":"https:\/\/portalraizesnoticias.com.br\/index.php?rest_route=%2Fwp%2Fv2%2Fcategories&post=1867"},{"taxonomy":"post_tag","embeddable":true,"href":"https:\/\/portalraizesnoticias.com.br\/index.php?rest_route=%2Fwp%2Fv2%2Ftags&post=1867"}],"curies":[{"name":"wp","href":"https:\/\/api.w.org\/{rel}","templated":true}]}}