{"id":1844,"date":"2024-10-24T15:08:55","date_gmt":"2024-10-24T15:08:55","guid":{"rendered":"https:\/\/portalraizesnoticias.com.br\/?p=1844"},"modified":"2024-10-24T15:08:55","modified_gmt":"2024-10-24T15:08:55","slug":"cantor-de-serrinha-netinho-balachic-arrasta-multidoes-com-a-musica-a-vitoria-e-certa","status":"publish","type":"post","link":"https:\/\/portalraizesnoticias.com.br\/?p=1844","title":{"rendered":"Cantor de Serrinha, Netinho Balachic arrasta multid\u00f5es com a m\u00fasica \u201ca vit\u00f3ria \u00e9 certa\u201d"},"content":{"rendered":"<div>O cantor Baiano da\u00a0<b>cidade de Serrinha<\/b>,\u00a0<b>Netinho Balachic<\/b>, vem vivenciando o melhor momento da sua carreira art\u00edstica. Com uma m\u00fasica de autoria pr\u00f3pria intitulada\u00a0<b>\u201ca vit\u00f3ria \u00e9 certa\u201d<\/b>, que vem sendo tocada em todas as plataformas digitais, o artista vem arrastando multid\u00f5es por onde passa.<\/div>\n<div><\/div>\n<div>Foi o que aconteceu nas cidades baiana de Palmas de Monte Alto, Santa Rita de C\u00e1ssia e Uau\u00e1, al\u00e9m de Cristin\u00f2polis no estado de Sergipe.<\/div>\n<div><\/div>\n<div><b>Palmas de Monte Alto\/Ba<\/b><\/div>\n<div>\n<div class=\"separator\"><a href=\"https:\/\/blogger.googleusercontent.com\/img\/b\/R29vZ2xl\/AVvXsEj6dQozgEC5LZ_GtJFUh3AptcCkS-OVrcY7uImmX29KJJm_vAGOldkl3tExGOMpc-NmDW6HtKDzorJV-MJ6OATZUgmO6sDEBlfqNUn39qo0x3RYsntekhh8sCxJIS5KNpU9n_NJuo2XFHh7t3m83VCzu_0Gl4p36-GHODdFsdOo_ElIxWo93zq45CL_FG8\/s320\/01.jpg\"><img decoding=\"async\" class=\"alignleft\" src=\"https:\/\/blogger.googleusercontent.com\/img\/b\/R29vZ2xl\/AVvXsEj6dQozgEC5LZ_GtJFUh3AptcCkS-OVrcY7uImmX29KJJm_vAGOldkl3tExGOMpc-NmDW6HtKDzorJV-MJ6OATZUgmO6sDEBlfqNUn39qo0x3RYsntekhh8sCxJIS5KNpU9n_NJuo2XFHh7t3m83VCzu_0Gl4p36-GHODdFsdOo_ElIxWo93zq45CL_FG8\/w92-h150\/01.jpg\" width=\"92\" height=\"150\" border=\"0\" data-original-height=\"320\" data-original-width=\"196\" \/><\/a><\/div>\n<\/div>\n<div>Com um ax\u00e9 diferenciado e uma humildade que lhe \u00e9 peculiar, Netinho Balachic, teve sua agenda de shows triplicada neste m\u00eas de outubro, por motivo da m\u00fasica est\u00e1 sendo utilizada nas campanhas eleitorais, a come\u00e7ar por\u00a0<b>Palmas de Monte Alto<\/b>\u00a0no Interior da Bahia.<\/div>\n<div><\/div>\n<div>No \u00faltimo dia 08 de outubro, o cantor esteve\u00a0fazendo o arrast\u00e3o da vit\u00f3ria do prefeito Tito e da vice Rose da Barriguda, onde idosos, crian\u00e7as e jovens, acompanham a apresenta\u00e7\u00e3o do cantor serrinhense, cantando com ele a can\u00e7\u00e3o\u00a0<b>\u201ca vit\u00f3ria \u00e9 certa\u201d\u00a0<\/b>e\u00a0todos dan\u00e7ando sem parar.<\/div>\n<div><\/div>\n<div><b>Santa Rita de C\u00e1ssia\/Ba<\/b><\/div>\n<div>\n<div class=\"separator\"><a href=\"https:\/\/blogger.googleusercontent.com\/img\/b\/R29vZ2xl\/AVvXsEhoT2-uoJ6qXbScxSFYxZfsEqiRyN8nH3CuO8eSRzOMFM4ZDVM-MEAjGQV1Djuj1yCQI2PMlQH8ulMM_NYIxbCAhsUFi-mjE3ia5yTjAuU05xyJEAoxdNjCYYzgSmQZUqzqeFIXlZjEVDh7W2z3-AdvBVGYkMgxTPyMVTLh99b9X7YbuJgpFc87OX8kzPI\/s320\/02.jpg\"><img decoding=\"async\" class=\"alignright\" src=\"https:\/\/blogger.googleusercontent.com\/img\/b\/R29vZ2xl\/AVvXsEhoT2-uoJ6qXbScxSFYxZfsEqiRyN8nH3CuO8eSRzOMFM4ZDVM-MEAjGQV1Djuj1yCQI2PMlQH8ulMM_NYIxbCAhsUFi-mjE3ia5yTjAuU05xyJEAoxdNjCYYzgSmQZUqzqeFIXlZjEVDh7W2z3-AdvBVGYkMgxTPyMVTLh99b9X7YbuJgpFc87OX8kzPI\/w104-h157\/02.jpg\" width=\"104\" height=\"157\" border=\"0\" data-original-height=\"320\" data-original-width=\"211\" \/><\/a><\/div>\n<p>A mesma m\u00fasica tamb\u00e9m fez sucesso na passagem do artista pela cidade de\u00a0<b>Santa Rita de C\u00e1ssia<\/b>\u00a0no \u00faltimo dia 12 de outubro, onde esteve comandando o arrast\u00e3o da vit\u00f3ria do prefeito Zezo e da vice Leila.<\/p>\n<\/div>\n<div><\/div>\n<div>Assim como aconteceu em Palmas de Monte Alto, uma grande multid\u00e3o esteve presente e de forma euf\u00f3rica todos seguiram atr\u00e1s do trio el\u00e9trico, cantando e dan\u00e7ando ao som da m\u00fasica\u00a0<b>\u201ca vit\u00f3ria \u00e9 certa\u201d<\/b>\u00a0can\u00e7\u00e3o esta que virou hino e est\u00e1 na boca do povo.<\/div>\n<div><\/div>\n<div><b>Cristin\u00f3polis\/SE<\/b><\/div>\n<div>\n<div class=\"separator\"><a href=\"https:\/\/blogger.googleusercontent.com\/img\/b\/R29vZ2xl\/AVvXsEhKu6m09RrWnbm9OGEULL5crb2dLw0mLsp1LC3Oc4gdo3We0i4TBBw_TQPK8oqsGDUl0dmksnk4UCfA-hynua-Ii8bSDy5FrvLF29XckwSfhPCJ6VNHVDjrH0UlhkdsXDfmSU_lvwfkVrow-6v1fEDGh4_Wu2ozt6RBimlIKOE7xGjKI2VErEAOBuNgw3Q\/s283\/03.jpg\"><img decoding=\"async\" class=\"alignleft\" src=\"https:\/\/blogger.googleusercontent.com\/img\/b\/R29vZ2xl\/AVvXsEhKu6m09RrWnbm9OGEULL5crb2dLw0mLsp1LC3Oc4gdo3We0i4TBBw_TQPK8oqsGDUl0dmksnk4UCfA-hynua-Ii8bSDy5FrvLF29XckwSfhPCJ6VNHVDjrH0UlhkdsXDfmSU_lvwfkVrow-6v1fEDGh4_Wu2ozt6RBimlIKOE7xGjKI2VErEAOBuNgw3Q\/w156-h200\/03.jpg\" width=\"156\" height=\"200\" border=\"0\" data-original-height=\"283\" data-original-width=\"221\" \/><\/a><\/div>\n<p>O cantor Netinho Balachic tamb\u00e9m se apresentou fora da Bahia. No \u00faltimo domingo, dia 13 de outubro, ele se apresentou na cidade de\u00a0<b>Cristin\u00f3polis no Estado de Sergipe<\/b>.<\/p>\n<\/div>\n<div><\/div>\n<div>No repert\u00f3rio em terra sergipana ele levou o ax\u00e9 diferenciado, que incluiu a\u00a0<b>\u201cpisadinha da vit\u00f3ria\u201d<\/b>\u00a0e\u00a0<b>\u201ca vit\u00f3ria \u00e9 certa\u201d<\/b>\u00a0na festa de comemora\u00e7\u00e3o da vit\u00f3ria do prefeito Sandro de Jesus e do vice Z\u00e9 de Ala\u00edde.<\/div>\n<div><\/div>\n<div>E n\u00e3o deu outra, mais uma vez uma grande multid\u00e3o esteve presente, onde lotaram a pra\u00e7a central da cidade e todos dan\u00e7aram bastante ao som da m\u00fasica \u201ca vit\u00f3ria \u00e9 certa\u201d que \u00e9 a sensa\u00e7\u00e3o de momento.<\/div>\n<div><\/div>\n<div><b>Uau\u00e1\/Ba<\/b><\/div>\n<div>\n<div class=\"separator\"><a href=\"https:\/\/blogger.googleusercontent.com\/img\/b\/R29vZ2xl\/AVvXsEhDkEGbkxwxxydpraiDO1bF-Xrv28LHYLYFhKIRfJfpuyTx0tVhqk2ltgM2XdyDDr3Gt-nC_jauOhbD3XDiZ6y605r0k27nUMcc51cKYotA3__v4VzT0DFi_1-0HkEytcAiCgYc-po8JQyR2s2lXoUVNRXYcbl4ay-CMpT1rtCDO3TY94BHYJZoYCW1dT0\/s320\/04.jpg\"><img loading=\"lazy\" decoding=\"async\" class=\"alignright\" src=\"https:\/\/blogger.googleusercontent.com\/img\/b\/R29vZ2xl\/AVvXsEhDkEGbkxwxxydpraiDO1bF-Xrv28LHYLYFhKIRfJfpuyTx0tVhqk2ltgM2XdyDDr3Gt-nC_jauOhbD3XDiZ6y605r0k27nUMcc51cKYotA3__v4VzT0DFi_1-0HkEytcAiCgYc-po8JQyR2s2lXoUVNRXYcbl4ay-CMpT1rtCDO3TY94BHYJZoYCW1dT0\/w124-h200\/04.jpg\" width=\"124\" height=\"200\" border=\"0\" data-original-height=\"320\" data-original-width=\"198\" \/><\/a><\/div>\n<p>Por fim, o cantor esteve\u00a0 no \u00faltimo final de semana, s\u00e1bado 19 de outubro, na festa de s\u00e3o Geraldo, no\u00a0<b>munic\u00edpio de Uau\u00e1<\/b>\u00a0no semi\u00e1rido baiano.<\/p>\n<\/div>\n<div><\/div>\n<div>Com um repert\u00f3rio diversificado e r\u00edtimos dan\u00e7ante, Netinho Balachic, levou alegria e divers\u00e3o aos f\u00e3ns uauaense, onde novamente a m\u00fasica\u00a0<b>\u201ca vit\u00f3ria \u00e9 certa\u201d<\/b>\u00a0foi destaque do show. O cantor est\u00e1 muito feliz pelo sucesso da m\u00fasica, principalmente ao ver que artistas como Tirulipa e v\u00e1rios digitais influencers est\u00e3o postando e cantando.<\/div>\n<div><\/div>\n<div>Tendo o g\u00eanero do ax\u00e9 como carro chefe em seus shows, muitos tem comparado o cantor serrinhense com Bel Marques, mas vale ressaltar que Netinho Balachic tem o seu estilo pr\u00f3prio.<\/div>\n<div><\/div>\n<div>Blog Dida Negr\u00e3o<\/div>\n","protected":false},"excerpt":{"rendered":"<p>O cantor Baiano da\u00a0cidade de Serrinha,\u00a0Netinho Balachic, vem vivenciando o melhor momento da sua carreira art\u00edstica. Com uma m\u00fasica de autoria pr\u00f3pria intitulada\u00a0\u201ca vit\u00f3ria \u00e9 certa\u201d, que vem sendo tocada em todas as plataformas digitais, o artista vem arrastando multid\u00f5es por onde passa. Foi o que aconteceu nas cidades baiana de Palmas de Monte Alto, Santa Rita de C\u00e1ssia e Uau\u00e1, al\u00e9m de Cristin\u00f2polis no estado de Sergipe. Palmas de Monte Alto\/Ba Com um ax\u00e9 diferenciado e uma humildade que lhe \u00e9 peculiar, Netinho Balachic, teve sua agenda de shows triplicada neste m\u00eas de outubro, por motivo da m\u00fasica est\u00e1 sendo utilizada nas campanhas eleitorais, a come\u00e7ar por\u00a0Palmas de Monte Alto\u00a0no Interior da Bahia. No \u00faltimo dia 08 de outubro, o cantor esteve\u00a0fazendo o arrast\u00e3o da vit\u00f3ria do prefeito Tito e da vice Rose da Barriguda, onde idosos, crian\u00e7as e jovens, acompanham a apresenta\u00e7\u00e3o do cantor serrinhense, cantando com ele a can\u00e7\u00e3o\u00a0\u201ca vit\u00f3ria \u00e9 certa\u201d\u00a0e\u00a0todos dan\u00e7ando sem parar. Santa Rita de C\u00e1ssia\/Ba A mesma m\u00fasica tamb\u00e9m fez sucesso na passagem do artista pela cidade de\u00a0Santa Rita de C\u00e1ssia\u00a0no \u00faltimo dia 12 de outubro, onde esteve comandando o arrast\u00e3o da vit\u00f3ria do prefeito Zezo e da vice Leila. Assim como aconteceu em Palmas de Monte Alto, uma grande multid\u00e3o esteve presente e de forma euf\u00f3rica todos seguiram atr\u00e1s do trio el\u00e9trico, cantando e dan\u00e7ando ao som da m\u00fasica\u00a0\u201ca vit\u00f3ria \u00e9 certa\u201d\u00a0can\u00e7\u00e3o esta que virou hino e est\u00e1 na boca do povo. Cristin\u00f3polis\/SE O cantor Netinho Balachic tamb\u00e9m se apresentou fora da Bahia. No \u00faltimo domingo, dia 13 de outubro, ele se apresentou na cidade de\u00a0Cristin\u00f3polis no Estado de Sergipe. No repert\u00f3rio em terra sergipana ele levou o ax\u00e9 diferenciado, que incluiu a\u00a0\u201cpisadinha da vit\u00f3ria\u201d\u00a0e\u00a0\u201ca vit\u00f3ria \u00e9 certa\u201d\u00a0na festa de comemora\u00e7\u00e3o da vit\u00f3ria do prefeito Sandro de Jesus e do vice Z\u00e9 de Ala\u00edde. E n\u00e3o deu outra, mais uma vez uma grande multid\u00e3o esteve presente, onde lotaram a pra\u00e7a central da cidade e todos dan\u00e7aram bastante ao som da m\u00fasica \u201ca vit\u00f3ria \u00e9 certa\u201d que \u00e9 a sensa\u00e7\u00e3o de momento. Uau\u00e1\/Ba Por fim, o cantor esteve\u00a0 no \u00faltimo final de semana, s\u00e1bado 19 de outubro, na festa de s\u00e3o Geraldo, no\u00a0munic\u00edpio de Uau\u00e1\u00a0no semi\u00e1rido baiano. Com um repert\u00f3rio diversificado e r\u00edtimos dan\u00e7ante, Netinho Balachic, levou alegria e divers\u00e3o aos f\u00e3ns uauaense, onde novamente a m\u00fasica\u00a0\u201ca vit\u00f3ria \u00e9 certa\u201d\u00a0foi destaque do show. O cantor est\u00e1 muito feliz pelo sucesso da m\u00fasica, principalmente ao ver que artistas como Tirulipa e v\u00e1rios digitais influencers est\u00e3o postando e cantando. Tendo o g\u00eanero do ax\u00e9 como carro chefe em seus shows, muitos tem comparado o cantor serrinhense com Bel Marques, mas vale ressaltar que Netinho Balachic tem o seu estilo pr\u00f3prio. Blog Dida Negr\u00e3o<\/p>\n","protected":false},"author":3,"featured_media":1845,"comment_status":"open","ping_status":"open","sticky":false,"template":"","format":"standard","meta":{"_joinchat":[],"footnotes":""},"categories":[69,56,59],"tags":[],"class_list":["post-1844","post","type-post","status-publish","format-standard","has-post-thumbnail","hentry","category-entreterimento-e-cultura","category-regiao","category-ultimas-noticias"],"yoast_head":"<!-- This site is optimized with the Yoast SEO plugin v24.4 - https:\/\/yoast.com\/wordpress\/plugins\/seo\/ -->\n<title>Cantor de Serrinha, Netinho Balachic arrasta multid\u00f5es com a m\u00fasica \u201ca vit\u00f3ria \u00e9 certa\u201d - Portal raizes noticias<\/title>\n<meta name=\"robots\" content=\"index, follow, max-snippet:-1, max-image-preview:large, max-video-preview:-1\" \/>\n<link rel=\"canonical\" href=\"https:\/\/portalraizesnoticias.com.br\/?p=1844\" \/>\n<meta property=\"og:locale\" content=\"pt_BR\" \/>\n<meta property=\"og:type\" content=\"article\" \/>\n<meta property=\"og:title\" content=\"Cantor de Serrinha, Netinho Balachic arrasta multid\u00f5es com a m\u00fasica \u201ca vit\u00f3ria \u00e9 certa\u201d - Portal raizes noticias\" \/>\n<meta property=\"og:description\" content=\"O cantor Baiano da\u00a0cidade de Serrinha,\u00a0Netinho Balachic, vem vivenciando o melhor momento da sua carreira art\u00edstica. Com uma m\u00fasica de autoria pr\u00f3pria intitulada\u00a0\u201ca vit\u00f3ria \u00e9 certa\u201d, que vem sendo tocada em todas as plataformas digitais, o artista vem arrastando multid\u00f5es por onde passa. Foi o que aconteceu nas cidades baiana de Palmas de Monte Alto, Santa Rita de C\u00e1ssia e Uau\u00e1, al\u00e9m de Cristin\u00f2polis no estado de Sergipe. Palmas de Monte Alto\/Ba Com um ax\u00e9 diferenciado e uma humildade que lhe \u00e9 peculiar, Netinho Balachic, teve sua agenda de shows triplicada neste m\u00eas de outubro, por motivo da m\u00fasica est\u00e1 sendo utilizada nas campanhas eleitorais, a come\u00e7ar por\u00a0Palmas de Monte Alto\u00a0no Interior da Bahia. No \u00faltimo dia 08 de outubro, o cantor esteve\u00a0fazendo o arrast\u00e3o da vit\u00f3ria do prefeito Tito e da vice Rose da Barriguda, onde idosos, crian\u00e7as e jovens, acompanham a apresenta\u00e7\u00e3o do cantor serrinhense, cantando com ele a can\u00e7\u00e3o\u00a0\u201ca vit\u00f3ria \u00e9 certa\u201d\u00a0e\u00a0todos dan\u00e7ando sem parar. Santa Rita de C\u00e1ssia\/Ba A mesma m\u00fasica tamb\u00e9m fez sucesso na passagem do artista pela cidade de\u00a0Santa Rita de C\u00e1ssia\u00a0no \u00faltimo dia 12 de outubro, onde esteve comandando o arrast\u00e3o da vit\u00f3ria do prefeito Zezo e da vice Leila. Assim como aconteceu em Palmas de Monte Alto, uma grande multid\u00e3o esteve presente e de forma euf\u00f3rica todos seguiram atr\u00e1s do trio el\u00e9trico, cantando e dan\u00e7ando ao som da m\u00fasica\u00a0\u201ca vit\u00f3ria \u00e9 certa\u201d\u00a0can\u00e7\u00e3o esta que virou hino e est\u00e1 na boca do povo. Cristin\u00f3polis\/SE O cantor Netinho Balachic tamb\u00e9m se apresentou fora da Bahia. No \u00faltimo domingo, dia 13 de outubro, ele se apresentou na cidade de\u00a0Cristin\u00f3polis no Estado de Sergipe. No repert\u00f3rio em terra sergipana ele levou o ax\u00e9 diferenciado, que incluiu a\u00a0\u201cpisadinha da vit\u00f3ria\u201d\u00a0e\u00a0\u201ca vit\u00f3ria \u00e9 certa\u201d\u00a0na festa de comemora\u00e7\u00e3o da vit\u00f3ria do prefeito Sandro de Jesus e do vice Z\u00e9 de Ala\u00edde. E n\u00e3o deu outra, mais uma vez uma grande multid\u00e3o esteve presente, onde lotaram a pra\u00e7a central da cidade e todos dan\u00e7aram bastante ao som da m\u00fasica \u201ca vit\u00f3ria \u00e9 certa\u201d que \u00e9 a sensa\u00e7\u00e3o de momento. Uau\u00e1\/Ba Por fim, o cantor esteve\u00a0 no \u00faltimo final de semana, s\u00e1bado 19 de outubro, na festa de s\u00e3o Geraldo, no\u00a0munic\u00edpio de Uau\u00e1\u00a0no semi\u00e1rido baiano. Com um repert\u00f3rio diversificado e r\u00edtimos dan\u00e7ante, Netinho Balachic, levou alegria e divers\u00e3o aos f\u00e3ns uauaense, onde novamente a m\u00fasica\u00a0\u201ca vit\u00f3ria \u00e9 certa\u201d\u00a0foi destaque do show. O cantor est\u00e1 muito feliz pelo sucesso da m\u00fasica, principalmente ao ver que artistas como Tirulipa e v\u00e1rios digitais influencers est\u00e3o postando e cantando. Tendo o g\u00eanero do ax\u00e9 como carro chefe em seus shows, muitos tem comparado o cantor serrinhense com Bel Marques, mas vale ressaltar que Netinho Balachic tem o seu estilo pr\u00f3prio. Blog Dida Negr\u00e3o\" \/>\n<meta property=\"og:url\" content=\"https:\/\/portalraizesnoticias.com.br\/?p=1844\" \/>\n<meta property=\"og:site_name\" content=\"Portal raizes noticias\" \/>\n<meta property=\"article:published_time\" content=\"2024-10-24T15:08:55+00:00\" \/>\n<meta property=\"og:image\" content=\"https:\/\/portalraizesnoticias.com.br\/wp-content\/uploads\/2024\/10\/00000000-modelo-qw16ty6w1kb93ee80xbrsynhb2mhezppuhg9mycrcg.jpg\" \/>\n\t<meta property=\"og:image:width\" content=\"800\" \/>\n\t<meta property=\"og:image:height\" content=\"600\" \/>\n\t<meta property=\"og:image:type\" content=\"image\/jpeg\" \/>\n<meta name=\"author\" content=\"Portal Raizes\" \/>\n<meta name=\"twitter:card\" content=\"summary_large_image\" \/>\n<meta name=\"twitter:label1\" content=\"Escrito por\" \/>\n\t<meta name=\"twitter:data1\" content=\"Portal Raizes\" \/>\n\t<meta name=\"twitter:label2\" content=\"Est. tempo de leitura\" \/>\n\t<meta name=\"twitter:data2\" content=\"3 minutos\" \/>\n<script type=\"application\/ld+json\" class=\"yoast-schema-graph\">{\"@context\":\"https:\/\/schema.org\",\"@graph\":[{\"@type\":\"Article\",\"@id\":\"https:\/\/portalraizesnoticias.com.br\/?p=1844#article\",\"isPartOf\":{\"@id\":\"https:\/\/portalraizesnoticias.com.br\/?p=1844\"},\"author\":{\"name\":\"Portal Raizes\",\"@id\":\"https:\/\/portalraizesnoticias.com.br\/#\/schema\/person\/a3ca6b0fc701e78df19756c417d943ae\"},\"headline\":\"Cantor de Serrinha, Netinho Balachic arrasta multid\u00f5es com a m\u00fasica \u201ca vit\u00f3ria \u00e9 certa\u201d\",\"datePublished\":\"2024-10-24T15:08:55+00:00\",\"mainEntityOfPage\":{\"@id\":\"https:\/\/portalraizesnoticias.com.br\/?p=1844\"},\"wordCount\":543,\"commentCount\":0,\"publisher\":{\"@id\":\"https:\/\/portalraizesnoticias.com.br\/#organization\"},\"image\":{\"@id\":\"https:\/\/portalraizesnoticias.com.br\/?p=1844#primaryimage\"},\"thumbnailUrl\":\"https:\/\/portalraizesnoticias.com.br\/wp-content\/uploads\/2024\/10\/00000000-modelo-qw16ty6w1kb93ee80xbrsynhb2mhezppuhg9mycrcg.jpg\",\"articleSection\":[\"ENTRETERIMENTO E CULTURA\",\"REGI\u00c3O\",\"ULTIMAS NOTICIAS\"],\"inLanguage\":\"pt-BR\",\"potentialAction\":[{\"@type\":\"CommentAction\",\"name\":\"Comment\",\"target\":[\"https:\/\/portalraizesnoticias.com.br\/?p=1844#respond\"]}]},{\"@type\":\"WebPage\",\"@id\":\"https:\/\/portalraizesnoticias.com.br\/?p=1844\",\"url\":\"https:\/\/portalraizesnoticias.com.br\/?p=1844\",\"name\":\"Cantor de Serrinha, Netinho Balachic arrasta multid\u00f5es com a m\u00fasica \u201ca vit\u00f3ria \u00e9 certa\u201d - Portal raizes noticias\",\"isPartOf\":{\"@id\":\"https:\/\/portalraizesnoticias.com.br\/#website\"},\"primaryImageOfPage\":{\"@id\":\"https:\/\/portalraizesnoticias.com.br\/?p=1844#primaryimage\"},\"image\":{\"@id\":\"https:\/\/portalraizesnoticias.com.br\/?p=1844#primaryimage\"},\"thumbnailUrl\":\"https:\/\/portalraizesnoticias.com.br\/wp-content\/uploads\/2024\/10\/00000000-modelo-qw16ty6w1kb93ee80xbrsynhb2mhezppuhg9mycrcg.jpg\",\"datePublished\":\"2024-10-24T15:08:55+00:00\",\"breadcrumb\":{\"@id\":\"https:\/\/portalraizesnoticias.com.br\/?p=1844#breadcrumb\"},\"inLanguage\":\"pt-BR\",\"potentialAction\":[{\"@type\":\"ReadAction\",\"target\":[\"https:\/\/portalraizesnoticias.com.br\/?p=1844\"]}]},{\"@type\":\"ImageObject\",\"inLanguage\":\"pt-BR\",\"@id\":\"https:\/\/portalraizesnoticias.com.br\/?p=1844#primaryimage\",\"url\":\"https:\/\/portalraizesnoticias.com.br\/wp-content\/uploads\/2024\/10\/00000000-modelo-qw16ty6w1kb93ee80xbrsynhb2mhezppuhg9mycrcg.jpg\",\"contentUrl\":\"https:\/\/portalraizesnoticias.com.br\/wp-content\/uploads\/2024\/10\/00000000-modelo-qw16ty6w1kb93ee80xbrsynhb2mhezppuhg9mycrcg.jpg\",\"width\":800,\"height\":600},{\"@type\":\"BreadcrumbList\",\"@id\":\"https:\/\/portalraizesnoticias.com.br\/?p=1844#breadcrumb\",\"itemListElement\":[{\"@type\":\"ListItem\",\"position\":1,\"name\":\"In\u00edcio\",\"item\":\"https:\/\/portalraizesnoticias.com.br\/\"},{\"@type\":\"ListItem\",\"position\":2,\"name\":\"Cantor de Serrinha, Netinho Balachic arrasta multid\u00f5es com a m\u00fasica \u201ca vit\u00f3ria \u00e9 certa\u201d\"}]},{\"@type\":\"WebSite\",\"@id\":\"https:\/\/portalraizesnoticias.com.br\/#website\",\"url\":\"https:\/\/portalraizesnoticias.com.br\/\",\"name\":\"Portal raizes NOTICIAS\",\"description\":\"site de noticias de concei\u00e7\u00e3o do coit\u00e9 e regi\u00e3o\",\"publisher\":{\"@id\":\"https:\/\/portalraizesnoticias.com.br\/#organization\"},\"alternateName\":\"PORTAL RAIZES COIT\u00c9\",\"potentialAction\":[{\"@type\":\"SearchAction\",\"target\":{\"@type\":\"EntryPoint\",\"urlTemplate\":\"https:\/\/portalraizesnoticias.com.br\/?s={search_term_string}\"},\"query-input\":{\"@type\":\"PropertyValueSpecification\",\"valueRequired\":true,\"valueName\":\"search_term_string\"}}],\"inLanguage\":\"pt-BR\"},{\"@type\":\"Organization\",\"@id\":\"https:\/\/portalraizesnoticias.com.br\/#organization\",\"name\":\"Portal raizes NOTICIAS\",\"url\":\"https:\/\/portalraizesnoticias.com.br\/\",\"logo\":{\"@type\":\"ImageObject\",\"inLanguage\":\"pt-BR\",\"@id\":\"https:\/\/portalraizesnoticias.com.br\/#\/schema\/logo\/image\/\",\"url\":\"https:\/\/portalraizesnoticias.com.br\/wp-content\/uploads\/2024\/09\/cropped-Captura-de-tela-2024-09-08-011108.png\",\"contentUrl\":\"https:\/\/portalraizesnoticias.com.br\/wp-content\/uploads\/2024\/09\/cropped-Captura-de-tela-2024-09-08-011108.png\",\"width\":606,\"height\":173,\"caption\":\"Portal raizes NOTICIAS\"},\"image\":{\"@id\":\"https:\/\/portalraizesnoticias.com.br\/#\/schema\/logo\/image\/\"}},{\"@type\":\"Person\",\"@id\":\"https:\/\/portalraizesnoticias.com.br\/#\/schema\/person\/a3ca6b0fc701e78df19756c417d943ae\",\"name\":\"Portal Raizes\",\"image\":{\"@type\":\"ImageObject\",\"inLanguage\":\"pt-BR\",\"@id\":\"https:\/\/portalraizesnoticias.com.br\/#\/schema\/person\/image\/\",\"url\":\"https:\/\/secure.gravatar.com\/avatar\/ef450d29013a3d3fba867a12a249d7b1?s=96&d=mm&r=g\",\"contentUrl\":\"https:\/\/secure.gravatar.com\/avatar\/ef450d29013a3d3fba867a12a249d7b1?s=96&d=mm&r=g\",\"caption\":\"Portal Raizes\"},\"url\":\"https:\/\/portalraizesnoticias.com.br\/?author=3\"}]}<\/script>\n<!-- \/ Yoast SEO plugin. -->","yoast_head_json":{"title":"Cantor de Serrinha, Netinho Balachic arrasta multid\u00f5es com a m\u00fasica \u201ca vit\u00f3ria \u00e9 certa\u201d - Portal raizes noticias","robots":{"index":"index","follow":"follow","max-snippet":"max-snippet:-1","max-image-preview":"max-image-preview:large","max-video-preview":"max-video-preview:-1"},"canonical":"https:\/\/portalraizesnoticias.com.br\/?p=1844","og_locale":"pt_BR","og_type":"article","og_title":"Cantor de Serrinha, Netinho Balachic arrasta multid\u00f5es com a m\u00fasica \u201ca vit\u00f3ria \u00e9 certa\u201d - Portal raizes noticias","og_description":"O cantor Baiano da\u00a0cidade de Serrinha,\u00a0Netinho Balachic, vem vivenciando o melhor momento da sua carreira art\u00edstica. Com uma m\u00fasica de autoria pr\u00f3pria intitulada\u00a0\u201ca vit\u00f3ria \u00e9 certa\u201d, que vem sendo tocada em todas as plataformas digitais, o artista vem arrastando multid\u00f5es por onde passa. Foi o que aconteceu nas cidades baiana de Palmas de Monte Alto, Santa Rita de C\u00e1ssia e Uau\u00e1, al\u00e9m de Cristin\u00f2polis no estado de Sergipe. Palmas de Monte Alto\/Ba Com um ax\u00e9 diferenciado e uma humildade que lhe \u00e9 peculiar, Netinho Balachic, teve sua agenda de shows triplicada neste m\u00eas de outubro, por motivo da m\u00fasica est\u00e1 sendo utilizada nas campanhas eleitorais, a come\u00e7ar por\u00a0Palmas de Monte Alto\u00a0no Interior da Bahia. No \u00faltimo dia 08 de outubro, o cantor esteve\u00a0fazendo o arrast\u00e3o da vit\u00f3ria do prefeito Tito e da vice Rose da Barriguda, onde idosos, crian\u00e7as e jovens, acompanham a apresenta\u00e7\u00e3o do cantor serrinhense, cantando com ele a can\u00e7\u00e3o\u00a0\u201ca vit\u00f3ria \u00e9 certa\u201d\u00a0e\u00a0todos dan\u00e7ando sem parar. Santa Rita de C\u00e1ssia\/Ba A mesma m\u00fasica tamb\u00e9m fez sucesso na passagem do artista pela cidade de\u00a0Santa Rita de C\u00e1ssia\u00a0no \u00faltimo dia 12 de outubro, onde esteve comandando o arrast\u00e3o da vit\u00f3ria do prefeito Zezo e da vice Leila. Assim como aconteceu em Palmas de Monte Alto, uma grande multid\u00e3o esteve presente e de forma euf\u00f3rica todos seguiram atr\u00e1s do trio el\u00e9trico, cantando e dan\u00e7ando ao som da m\u00fasica\u00a0\u201ca vit\u00f3ria \u00e9 certa\u201d\u00a0can\u00e7\u00e3o esta que virou hino e est\u00e1 na boca do povo. Cristin\u00f3polis\/SE O cantor Netinho Balachic tamb\u00e9m se apresentou fora da Bahia. No \u00faltimo domingo, dia 13 de outubro, ele se apresentou na cidade de\u00a0Cristin\u00f3polis no Estado de Sergipe. No repert\u00f3rio em terra sergipana ele levou o ax\u00e9 diferenciado, que incluiu a\u00a0\u201cpisadinha da vit\u00f3ria\u201d\u00a0e\u00a0\u201ca vit\u00f3ria \u00e9 certa\u201d\u00a0na festa de comemora\u00e7\u00e3o da vit\u00f3ria do prefeito Sandro de Jesus e do vice Z\u00e9 de Ala\u00edde. E n\u00e3o deu outra, mais uma vez uma grande multid\u00e3o esteve presente, onde lotaram a pra\u00e7a central da cidade e todos dan\u00e7aram bastante ao som da m\u00fasica \u201ca vit\u00f3ria \u00e9 certa\u201d que \u00e9 a sensa\u00e7\u00e3o de momento. Uau\u00e1\/Ba Por fim, o cantor esteve\u00a0 no \u00faltimo final de semana, s\u00e1bado 19 de outubro, na festa de s\u00e3o Geraldo, no\u00a0munic\u00edpio de Uau\u00e1\u00a0no semi\u00e1rido baiano. Com um repert\u00f3rio diversificado e r\u00edtimos dan\u00e7ante, Netinho Balachic, levou alegria e divers\u00e3o aos f\u00e3ns uauaense, onde novamente a m\u00fasica\u00a0\u201ca vit\u00f3ria \u00e9 certa\u201d\u00a0foi destaque do show. O cantor est\u00e1 muito feliz pelo sucesso da m\u00fasica, principalmente ao ver que artistas como Tirulipa e v\u00e1rios digitais influencers est\u00e3o postando e cantando. Tendo o g\u00eanero do ax\u00e9 como carro chefe em seus shows, muitos tem comparado o cantor serrinhense com Bel Marques, mas vale ressaltar que Netinho Balachic tem o seu estilo pr\u00f3prio. Blog Dida Negr\u00e3o","og_url":"https:\/\/portalraizesnoticias.com.br\/?p=1844","og_site_name":"Portal raizes noticias","article_published_time":"2024-10-24T15:08:55+00:00","og_image":[{"width":800,"height":600,"url":"https:\/\/portalraizesnoticias.com.br\/wp-content\/uploads\/2024\/10\/00000000-modelo-qw16ty6w1kb93ee80xbrsynhb2mhezppuhg9mycrcg.jpg","type":"image\/jpeg"}],"author":"Portal Raizes","twitter_card":"summary_large_image","twitter_misc":{"Escrito por":"Portal Raizes","Est. tempo de leitura":"3 minutos"},"schema":{"@context":"https:\/\/schema.org","@graph":[{"@type":"Article","@id":"https:\/\/portalraizesnoticias.com.br\/?p=1844#article","isPartOf":{"@id":"https:\/\/portalraizesnoticias.com.br\/?p=1844"},"author":{"name":"Portal Raizes","@id":"https:\/\/portalraizesnoticias.com.br\/#\/schema\/person\/a3ca6b0fc701e78df19756c417d943ae"},"headline":"Cantor de Serrinha, Netinho Balachic arrasta multid\u00f5es com a m\u00fasica \u201ca vit\u00f3ria \u00e9 certa\u201d","datePublished":"2024-10-24T15:08:55+00:00","mainEntityOfPage":{"@id":"https:\/\/portalraizesnoticias.com.br\/?p=1844"},"wordCount":543,"commentCount":0,"publisher":{"@id":"https:\/\/portalraizesnoticias.com.br\/#organization"},"image":{"@id":"https:\/\/portalraizesnoticias.com.br\/?p=1844#primaryimage"},"thumbnailUrl":"https:\/\/portalraizesnoticias.com.br\/wp-content\/uploads\/2024\/10\/00000000-modelo-qw16ty6w1kb93ee80xbrsynhb2mhezppuhg9mycrcg.jpg","articleSection":["ENTRETERIMENTO E CULTURA","REGI\u00c3O","ULTIMAS NOTICIAS"],"inLanguage":"pt-BR","potentialAction":[{"@type":"CommentAction","name":"Comment","target":["https:\/\/portalraizesnoticias.com.br\/?p=1844#respond"]}]},{"@type":"WebPage","@id":"https:\/\/portalraizesnoticias.com.br\/?p=1844","url":"https:\/\/portalraizesnoticias.com.br\/?p=1844","name":"Cantor de Serrinha, Netinho Balachic arrasta multid\u00f5es com a m\u00fasica \u201ca vit\u00f3ria \u00e9 certa\u201d - Portal raizes noticias","isPartOf":{"@id":"https:\/\/portalraizesnoticias.com.br\/#website"},"primaryImageOfPage":{"@id":"https:\/\/portalraizesnoticias.com.br\/?p=1844#primaryimage"},"image":{"@id":"https:\/\/portalraizesnoticias.com.br\/?p=1844#primaryimage"},"thumbnailUrl":"https:\/\/portalraizesnoticias.com.br\/wp-content\/uploads\/2024\/10\/00000000-modelo-qw16ty6w1kb93ee80xbrsynhb2mhezppuhg9mycrcg.jpg","datePublished":"2024-10-24T15:08:55+00:00","breadcrumb":{"@id":"https:\/\/portalraizesnoticias.com.br\/?p=1844#breadcrumb"},"inLanguage":"pt-BR","potentialAction":[{"@type":"ReadAction","target":["https:\/\/portalraizesnoticias.com.br\/?p=1844"]}]},{"@type":"ImageObject","inLanguage":"pt-BR","@id":"https:\/\/portalraizesnoticias.com.br\/?p=1844#primaryimage","url":"https:\/\/portalraizesnoticias.com.br\/wp-content\/uploads\/2024\/10\/00000000-modelo-qw16ty6w1kb93ee80xbrsynhb2mhezppuhg9mycrcg.jpg","contentUrl":"https:\/\/portalraizesnoticias.com.br\/wp-content\/uploads\/2024\/10\/00000000-modelo-qw16ty6w1kb93ee80xbrsynhb2mhezppuhg9mycrcg.jpg","width":800,"height":600},{"@type":"BreadcrumbList","@id":"https:\/\/portalraizesnoticias.com.br\/?p=1844#breadcrumb","itemListElement":[{"@type":"ListItem","position":1,"name":"In\u00edcio","item":"https:\/\/portalraizesnoticias.com.br\/"},{"@type":"ListItem","position":2,"name":"Cantor de Serrinha, Netinho Balachic arrasta multid\u00f5es com a m\u00fasica \u201ca vit\u00f3ria \u00e9 certa\u201d"}]},{"@type":"WebSite","@id":"https:\/\/portalraizesnoticias.com.br\/#website","url":"https:\/\/portalraizesnoticias.com.br\/","name":"Portal raizes NOTICIAS","description":"site de noticias de concei\u00e7\u00e3o do coit\u00e9 e regi\u00e3o","publisher":{"@id":"https:\/\/portalraizesnoticias.com.br\/#organization"},"alternateName":"PORTAL RAIZES COIT\u00c9","potentialAction":[{"@type":"SearchAction","target":{"@type":"EntryPoint","urlTemplate":"https:\/\/portalraizesnoticias.com.br\/?s={search_term_string}"},"query-input":{"@type":"PropertyValueSpecification","valueRequired":true,"valueName":"search_term_string"}}],"inLanguage":"pt-BR"},{"@type":"Organization","@id":"https:\/\/portalraizesnoticias.com.br\/#organization","name":"Portal raizes NOTICIAS","url":"https:\/\/portalraizesnoticias.com.br\/","logo":{"@type":"ImageObject","inLanguage":"pt-BR","@id":"https:\/\/portalraizesnoticias.com.br\/#\/schema\/logo\/image\/","url":"https:\/\/portalraizesnoticias.com.br\/wp-content\/uploads\/2024\/09\/cropped-Captura-de-tela-2024-09-08-011108.png","contentUrl":"https:\/\/portalraizesnoticias.com.br\/wp-content\/uploads\/2024\/09\/cropped-Captura-de-tela-2024-09-08-011108.png","width":606,"height":173,"caption":"Portal raizes NOTICIAS"},"image":{"@id":"https:\/\/portalraizesnoticias.com.br\/#\/schema\/logo\/image\/"}},{"@type":"Person","@id":"https:\/\/portalraizesnoticias.com.br\/#\/schema\/person\/a3ca6b0fc701e78df19756c417d943ae","name":"Portal Raizes","image":{"@type":"ImageObject","inLanguage":"pt-BR","@id":"https:\/\/portalraizesnoticias.com.br\/#\/schema\/person\/image\/","url":"https:\/\/secure.gravatar.com\/avatar\/ef450d29013a3d3fba867a12a249d7b1?s=96&d=mm&r=g","contentUrl":"https:\/\/secure.gravatar.com\/avatar\/ef450d29013a3d3fba867a12a249d7b1?s=96&d=mm&r=g","caption":"Portal Raizes"},"url":"https:\/\/portalraizesnoticias.com.br\/?author=3"}]}},"_links":{"self":[{"href":"https:\/\/portalraizesnoticias.com.br\/index.php?rest_route=\/wp\/v2\/posts\/1844"}],"collection":[{"href":"https:\/\/portalraizesnoticias.com.br\/index.php?rest_route=\/wp\/v2\/posts"}],"about":[{"href":"https:\/\/portalraizesnoticias.com.br\/index.php?rest_route=\/wp\/v2\/types\/post"}],"author":[{"embeddable":true,"href":"https:\/\/portalraizesnoticias.com.br\/index.php?rest_route=\/wp\/v2\/users\/3"}],"replies":[{"embeddable":true,"href":"https:\/\/portalraizesnoticias.com.br\/index.php?rest_route=%2Fwp%2Fv2%2Fcomments&post=1844"}],"version-history":[{"count":1,"href":"https:\/\/portalraizesnoticias.com.br\/index.php?rest_route=\/wp\/v2\/posts\/1844\/revisions"}],"predecessor-version":[{"id":1846,"href":"https:\/\/portalraizesnoticias.com.br\/index.php?rest_route=\/wp\/v2\/posts\/1844\/revisions\/1846"}],"wp:featuredmedia":[{"embeddable":true,"href":"https:\/\/portalraizesnoticias.com.br\/index.php?rest_route=\/wp\/v2\/media\/1845"}],"wp:attachment":[{"href":"https:\/\/portalraizesnoticias.com.br\/index.php?rest_route=%2Fwp%2Fv2%2Fmedia&parent=1844"}],"wp:term":[{"taxonomy":"category","embeddable":true,"href":"https:\/\/portalraizesnoticias.com.br\/index.php?rest_route=%2Fwp%2Fv2%2Fcategories&post=1844"},{"taxonomy":"post_tag","embeddable":true,"href":"https:\/\/portalraizesnoticias.com.br\/index.php?rest_route=%2Fwp%2Fv2%2Ftags&post=1844"}],"curies":[{"name":"wp","href":"https:\/\/api.w.org\/{rel}","templated":true}]}}