{"id":1838,"date":"2024-10-24T15:06:39","date_gmt":"2024-10-24T15:06:39","guid":{"rendered":"https:\/\/portalraizesnoticias.com.br\/?p=1838"},"modified":"2024-10-24T15:06:40","modified_gmt":"2024-10-24T15:06:40","slug":"seca-jeronimo-homologa-situacao-de-emergencia-em-queimadas-por-conta-da-estiagem","status":"publish","type":"post","link":"https:\/\/portalraizesnoticias.com.br\/?p=1838","title":{"rendered":"Seca: Jer\u00f4nimo homologa situa\u00e7\u00e3o de emerg\u00eancia em Queimadas por conta da estiagem"},"content":{"rendered":"<p>O governador da Bahia, Jer\u00f4nimo Rodrigues (PT), homologou o decreto que aponta situa\u00e7\u00e3o de emerg\u00eancia em Queimadas, por conta da estiagem. A publica\u00e7\u00e3o foi realizada nesta quarta-feira (23) no Di\u00e1rio Oficial do Estado.<\/p>\n<p>O governador considerou os danos decorrentes da seca, que est\u00e1 afetando as atividades econ\u00f4micas. Ele levou em considera\u00e7\u00e3o as informa\u00e7\u00f5es prestadas pela Superintend\u00eancia de Prote\u00e7\u00e3o e Defesa Civil sobre o clima na regi\u00e3o.<\/p>\n<p>A homologa\u00e7\u00e3o, que tem um prazo de 180 dias, confirma um decreto municipal assinado em agosto deste ano pelo prefeito de Queimadas, Andr\u00e9 Andrade.<\/p>\n<p>Na pr\u00e1tica, a situa\u00e7\u00e3o de emerg\u00eancia facilita acesso da Prefeitura aos \u00f3rg\u00e3os do Governo do Estado e, tamb\u00e9m, a obten\u00e7\u00e3o de recursos.<\/p>\n<div class=\"addtoany_share_save_container addtoany_content addtoany_content_bottom\">noticiasdequeimadas<\/div>\n","protected":false},"excerpt":{"rendered":"<p>O governador da Bahia, Jer\u00f4nimo Rodrigues (PT), homologou o decreto que aponta situa\u00e7\u00e3o de emerg\u00eancia em Queimadas, por conta da estiagem. A publica\u00e7\u00e3o foi realizada nesta quarta-feira (23) no Di\u00e1rio Oficial do Estado. O governador considerou os danos decorrentes da seca, que est\u00e1 afetando as atividades econ\u00f4micas. Ele levou em considera\u00e7\u00e3o as informa\u00e7\u00f5es prestadas pela Superintend\u00eancia de Prote\u00e7\u00e3o e Defesa Civil sobre o clima na regi\u00e3o. A homologa\u00e7\u00e3o, que tem um prazo de 180 dias, confirma um decreto municipal assinado em agosto deste ano pelo prefeito de Queimadas, Andr\u00e9 Andrade. Na pr\u00e1tica, a situa\u00e7\u00e3o de emerg\u00eancia facilita acesso da Prefeitura aos \u00f3rg\u00e3os do Governo do Estado e, tamb\u00e9m, a obten\u00e7\u00e3o de recursos. noticiasdequeimadas<\/p>\n","protected":false},"author":3,"featured_media":1839,"comment_status":"open","ping_status":"open","sticky":false,"template":"","format":"standard","meta":{"_joinchat":[],"footnotes":""},"categories":[53,56,59],"tags":[],"class_list":["post-1838","post","type-post","status-publish","format-standard","has-post-thumbnail","hentry","category-politica","category-regiao","category-ultimas-noticias"],"yoast_head":"<!-- This site is optimized with the Yoast SEO plugin v24.4 - https:\/\/yoast.com\/wordpress\/plugins\/seo\/ -->\n<title>Seca: Jer\u00f4nimo homologa situa\u00e7\u00e3o de emerg\u00eancia em Queimadas por conta da estiagem - Portal raizes noticias<\/title>\n<meta name=\"robots\" content=\"index, follow, max-snippet:-1, max-image-preview:large, max-video-preview:-1\" \/>\n<link rel=\"canonical\" href=\"https:\/\/portalraizesnoticias.com.br\/?p=1838\" \/>\n<meta property=\"og:locale\" content=\"pt_BR\" \/>\n<meta property=\"og:type\" content=\"article\" \/>\n<meta property=\"og:title\" content=\"Seca: Jer\u00f4nimo homologa situa\u00e7\u00e3o de emerg\u00eancia em Queimadas por conta da estiagem - Portal raizes noticias\" \/>\n<meta property=\"og:description\" content=\"O governador da Bahia, Jer\u00f4nimo Rodrigues (PT), homologou o decreto que aponta situa\u00e7\u00e3o de emerg\u00eancia em Queimadas, por conta da estiagem. A publica\u00e7\u00e3o foi realizada nesta quarta-feira (23) no Di\u00e1rio Oficial do Estado. O governador considerou os danos decorrentes da seca, que est\u00e1 afetando as atividades econ\u00f4micas. Ele levou em considera\u00e7\u00e3o as informa\u00e7\u00f5es prestadas pela Superintend\u00eancia de Prote\u00e7\u00e3o e Defesa Civil sobre o clima na regi\u00e3o. A homologa\u00e7\u00e3o, que tem um prazo de 180 dias, confirma um decreto municipal assinado em agosto deste ano pelo prefeito de Queimadas, Andr\u00e9 Andrade. Na pr\u00e1tica, a situa\u00e7\u00e3o de emerg\u00eancia facilita acesso da Prefeitura aos \u00f3rg\u00e3os do Governo do Estado e, tamb\u00e9m, a obten\u00e7\u00e3o de recursos. noticiasdequeimadas\" \/>\n<meta property=\"og:url\" content=\"https:\/\/portalraizesnoticias.com.br\/?p=1838\" \/>\n<meta property=\"og:site_name\" content=\"Portal raizes noticias\" \/>\n<meta property=\"article:published_time\" content=\"2024-10-24T15:06:39+00:00\" \/>\n<meta property=\"article:modified_time\" content=\"2024-10-24T15:06:40+00:00\" \/>\n<meta property=\"og:image\" content=\"https:\/\/portalraizesnoticias.com.br\/wp-content\/uploads\/2024\/10\/77d509ea-db44-49a7-8dc6-188f53d438a7-qw16xai8ccvydhjgidc0o4ahce5gs8zcz0yf2ded80.jpeg\" \/>\n\t<meta property=\"og:image:width\" content=\"800\" \/>\n\t<meta property=\"og:image:height\" content=\"600\" \/>\n\t<meta property=\"og:image:type\" content=\"image\/jpeg\" \/>\n<meta name=\"author\" content=\"Portal Raizes\" \/>\n<meta name=\"twitter:card\" content=\"summary_large_image\" \/>\n<meta name=\"twitter:label1\" content=\"Escrito por\" \/>\n\t<meta name=\"twitter:data1\" content=\"Portal Raizes\" \/>\n\t<meta name=\"twitter:label2\" content=\"Est. tempo de leitura\" \/>\n\t<meta name=\"twitter:data2\" content=\"1 minuto\" \/>\n<script type=\"application\/ld+json\" class=\"yoast-schema-graph\">{\"@context\":\"https:\/\/schema.org\",\"@graph\":[{\"@type\":\"Article\",\"@id\":\"https:\/\/portalraizesnoticias.com.br\/?p=1838#article\",\"isPartOf\":{\"@id\":\"https:\/\/portalraizesnoticias.com.br\/?p=1838\"},\"author\":{\"name\":\"Portal Raizes\",\"@id\":\"https:\/\/portalraizesnoticias.com.br\/#\/schema\/person\/a3ca6b0fc701e78df19756c417d943ae\"},\"headline\":\"Seca: Jer\u00f4nimo homologa situa\u00e7\u00e3o de emerg\u00eancia em Queimadas por conta da estiagem\",\"datePublished\":\"2024-10-24T15:06:39+00:00\",\"dateModified\":\"2024-10-24T15:06:40+00:00\",\"mainEntityOfPage\":{\"@id\":\"https:\/\/portalraizesnoticias.com.br\/?p=1838\"},\"wordCount\":144,\"commentCount\":0,\"publisher\":{\"@id\":\"https:\/\/portalraizesnoticias.com.br\/#organization\"},\"image\":{\"@id\":\"https:\/\/portalraizesnoticias.com.br\/?p=1838#primaryimage\"},\"thumbnailUrl\":\"https:\/\/portalraizesnoticias.com.br\/wp-content\/uploads\/2024\/10\/77d509ea-db44-49a7-8dc6-188f53d438a7-qw16xai8ccvydhjgidc0o4ahce5gs8zcz0yf2ded80.jpeg\",\"articleSection\":[\"POLITICA\",\"REGI\u00c3O\",\"ULTIMAS NOTICIAS\"],\"inLanguage\":\"pt-BR\",\"potentialAction\":[{\"@type\":\"CommentAction\",\"name\":\"Comment\",\"target\":[\"https:\/\/portalraizesnoticias.com.br\/?p=1838#respond\"]}]},{\"@type\":\"WebPage\",\"@id\":\"https:\/\/portalraizesnoticias.com.br\/?p=1838\",\"url\":\"https:\/\/portalraizesnoticias.com.br\/?p=1838\",\"name\":\"Seca: Jer\u00f4nimo homologa situa\u00e7\u00e3o de emerg\u00eancia em Queimadas por conta da estiagem - Portal raizes noticias\",\"isPartOf\":{\"@id\":\"https:\/\/portalraizesnoticias.com.br\/#website\"},\"primaryImageOfPage\":{\"@id\":\"https:\/\/portalraizesnoticias.com.br\/?p=1838#primaryimage\"},\"image\":{\"@id\":\"https:\/\/portalraizesnoticias.com.br\/?p=1838#primaryimage\"},\"thumbnailUrl\":\"https:\/\/portalraizesnoticias.com.br\/wp-content\/uploads\/2024\/10\/77d509ea-db44-49a7-8dc6-188f53d438a7-qw16xai8ccvydhjgidc0o4ahce5gs8zcz0yf2ded80.jpeg\",\"datePublished\":\"2024-10-24T15:06:39+00:00\",\"dateModified\":\"2024-10-24T15:06:40+00:00\",\"breadcrumb\":{\"@id\":\"https:\/\/portalraizesnoticias.com.br\/?p=1838#breadcrumb\"},\"inLanguage\":\"pt-BR\",\"potentialAction\":[{\"@type\":\"ReadAction\",\"target\":[\"https:\/\/portalraizesnoticias.com.br\/?p=1838\"]}]},{\"@type\":\"ImageObject\",\"inLanguage\":\"pt-BR\",\"@id\":\"https:\/\/portalraizesnoticias.com.br\/?p=1838#primaryimage\",\"url\":\"https:\/\/portalraizesnoticias.com.br\/wp-content\/uploads\/2024\/10\/77d509ea-db44-49a7-8dc6-188f53d438a7-qw16xai8ccvydhjgidc0o4ahce5gs8zcz0yf2ded80.jpeg\",\"contentUrl\":\"https:\/\/portalraizesnoticias.com.br\/wp-content\/uploads\/2024\/10\/77d509ea-db44-49a7-8dc6-188f53d438a7-qw16xai8ccvydhjgidc0o4ahce5gs8zcz0yf2ded80.jpeg\",\"width\":800,\"height\":600},{\"@type\":\"BreadcrumbList\",\"@id\":\"https:\/\/portalraizesnoticias.com.br\/?p=1838#breadcrumb\",\"itemListElement\":[{\"@type\":\"ListItem\",\"position\":1,\"name\":\"In\u00edcio\",\"item\":\"https:\/\/portalraizesnoticias.com.br\/\"},{\"@type\":\"ListItem\",\"position\":2,\"name\":\"Seca: Jer\u00f4nimo homologa situa\u00e7\u00e3o de emerg\u00eancia em Queimadas por conta da estiagem\"}]},{\"@type\":\"WebSite\",\"@id\":\"https:\/\/portalraizesnoticias.com.br\/#website\",\"url\":\"https:\/\/portalraizesnoticias.com.br\/\",\"name\":\"Portal raizes NOTICIAS\",\"description\":\"site de noticias de concei\u00e7\u00e3o do coit\u00e9 e regi\u00e3o\",\"publisher\":{\"@id\":\"https:\/\/portalraizesnoticias.com.br\/#organization\"},\"alternateName\":\"PORTAL RAIZES COIT\u00c9\",\"potentialAction\":[{\"@type\":\"SearchAction\",\"target\":{\"@type\":\"EntryPoint\",\"urlTemplate\":\"https:\/\/portalraizesnoticias.com.br\/?s={search_term_string}\"},\"query-input\":{\"@type\":\"PropertyValueSpecification\",\"valueRequired\":true,\"valueName\":\"search_term_string\"}}],\"inLanguage\":\"pt-BR\"},{\"@type\":\"Organization\",\"@id\":\"https:\/\/portalraizesnoticias.com.br\/#organization\",\"name\":\"Portal raizes NOTICIAS\",\"url\":\"https:\/\/portalraizesnoticias.com.br\/\",\"logo\":{\"@type\":\"ImageObject\",\"inLanguage\":\"pt-BR\",\"@id\":\"https:\/\/portalraizesnoticias.com.br\/#\/schema\/logo\/image\/\",\"url\":\"https:\/\/portalraizesnoticias.com.br\/wp-content\/uploads\/2024\/09\/cropped-Captura-de-tela-2024-09-08-011108.png\",\"contentUrl\":\"https:\/\/portalraizesnoticias.com.br\/wp-content\/uploads\/2024\/09\/cropped-Captura-de-tela-2024-09-08-011108.png\",\"width\":606,\"height\":173,\"caption\":\"Portal raizes NOTICIAS\"},\"image\":{\"@id\":\"https:\/\/portalraizesnoticias.com.br\/#\/schema\/logo\/image\/\"}},{\"@type\":\"Person\",\"@id\":\"https:\/\/portalraizesnoticias.com.br\/#\/schema\/person\/a3ca6b0fc701e78df19756c417d943ae\",\"name\":\"Portal Raizes\",\"image\":{\"@type\":\"ImageObject\",\"inLanguage\":\"pt-BR\",\"@id\":\"https:\/\/portalraizesnoticias.com.br\/#\/schema\/person\/image\/\",\"url\":\"https:\/\/secure.gravatar.com\/avatar\/ef450d29013a3d3fba867a12a249d7b1?s=96&d=mm&r=g\",\"contentUrl\":\"https:\/\/secure.gravatar.com\/avatar\/ef450d29013a3d3fba867a12a249d7b1?s=96&d=mm&r=g\",\"caption\":\"Portal Raizes\"},\"url\":\"https:\/\/portalraizesnoticias.com.br\/?author=3\"}]}<\/script>\n<!-- \/ Yoast SEO plugin. -->","yoast_head_json":{"title":"Seca: Jer\u00f4nimo homologa situa\u00e7\u00e3o de emerg\u00eancia em Queimadas por conta da estiagem - Portal raizes noticias","robots":{"index":"index","follow":"follow","max-snippet":"max-snippet:-1","max-image-preview":"max-image-preview:large","max-video-preview":"max-video-preview:-1"},"canonical":"https:\/\/portalraizesnoticias.com.br\/?p=1838","og_locale":"pt_BR","og_type":"article","og_title":"Seca: Jer\u00f4nimo homologa situa\u00e7\u00e3o de emerg\u00eancia em Queimadas por conta da estiagem - Portal raizes noticias","og_description":"O governador da Bahia, Jer\u00f4nimo Rodrigues (PT), homologou o decreto que aponta situa\u00e7\u00e3o de emerg\u00eancia em Queimadas, por conta da estiagem. A publica\u00e7\u00e3o foi realizada nesta quarta-feira (23) no Di\u00e1rio Oficial do Estado. O governador considerou os danos decorrentes da seca, que est\u00e1 afetando as atividades econ\u00f4micas. Ele levou em considera\u00e7\u00e3o as informa\u00e7\u00f5es prestadas pela Superintend\u00eancia de Prote\u00e7\u00e3o e Defesa Civil sobre o clima na regi\u00e3o. A homologa\u00e7\u00e3o, que tem um prazo de 180 dias, confirma um decreto municipal assinado em agosto deste ano pelo prefeito de Queimadas, Andr\u00e9 Andrade. Na pr\u00e1tica, a situa\u00e7\u00e3o de emerg\u00eancia facilita acesso da Prefeitura aos \u00f3rg\u00e3os do Governo do Estado e, tamb\u00e9m, a obten\u00e7\u00e3o de recursos. noticiasdequeimadas","og_url":"https:\/\/portalraizesnoticias.com.br\/?p=1838","og_site_name":"Portal raizes noticias","article_published_time":"2024-10-24T15:06:39+00:00","article_modified_time":"2024-10-24T15:06:40+00:00","og_image":[{"width":800,"height":600,"url":"https:\/\/portalraizesnoticias.com.br\/wp-content\/uploads\/2024\/10\/77d509ea-db44-49a7-8dc6-188f53d438a7-qw16xai8ccvydhjgidc0o4ahce5gs8zcz0yf2ded80.jpeg","type":"image\/jpeg"}],"author":"Portal Raizes","twitter_card":"summary_large_image","twitter_misc":{"Escrito por":"Portal Raizes","Est. tempo de leitura":"1 minuto"},"schema":{"@context":"https:\/\/schema.org","@graph":[{"@type":"Article","@id":"https:\/\/portalraizesnoticias.com.br\/?p=1838#article","isPartOf":{"@id":"https:\/\/portalraizesnoticias.com.br\/?p=1838"},"author":{"name":"Portal Raizes","@id":"https:\/\/portalraizesnoticias.com.br\/#\/schema\/person\/a3ca6b0fc701e78df19756c417d943ae"},"headline":"Seca: Jer\u00f4nimo homologa situa\u00e7\u00e3o de emerg\u00eancia em Queimadas por conta da estiagem","datePublished":"2024-10-24T15:06:39+00:00","dateModified":"2024-10-24T15:06:40+00:00","mainEntityOfPage":{"@id":"https:\/\/portalraizesnoticias.com.br\/?p=1838"},"wordCount":144,"commentCount":0,"publisher":{"@id":"https:\/\/portalraizesnoticias.com.br\/#organization"},"image":{"@id":"https:\/\/portalraizesnoticias.com.br\/?p=1838#primaryimage"},"thumbnailUrl":"https:\/\/portalraizesnoticias.com.br\/wp-content\/uploads\/2024\/10\/77d509ea-db44-49a7-8dc6-188f53d438a7-qw16xai8ccvydhjgidc0o4ahce5gs8zcz0yf2ded80.jpeg","articleSection":["POLITICA","REGI\u00c3O","ULTIMAS NOTICIAS"],"inLanguage":"pt-BR","potentialAction":[{"@type":"CommentAction","name":"Comment","target":["https:\/\/portalraizesnoticias.com.br\/?p=1838#respond"]}]},{"@type":"WebPage","@id":"https:\/\/portalraizesnoticias.com.br\/?p=1838","url":"https:\/\/portalraizesnoticias.com.br\/?p=1838","name":"Seca: Jer\u00f4nimo homologa situa\u00e7\u00e3o de emerg\u00eancia em Queimadas por conta da estiagem - Portal raizes noticias","isPartOf":{"@id":"https:\/\/portalraizesnoticias.com.br\/#website"},"primaryImageOfPage":{"@id":"https:\/\/portalraizesnoticias.com.br\/?p=1838#primaryimage"},"image":{"@id":"https:\/\/portalraizesnoticias.com.br\/?p=1838#primaryimage"},"thumbnailUrl":"https:\/\/portalraizesnoticias.com.br\/wp-content\/uploads\/2024\/10\/77d509ea-db44-49a7-8dc6-188f53d438a7-qw16xai8ccvydhjgidc0o4ahce5gs8zcz0yf2ded80.jpeg","datePublished":"2024-10-24T15:06:39+00:00","dateModified":"2024-10-24T15:06:40+00:00","breadcrumb":{"@id":"https:\/\/portalraizesnoticias.com.br\/?p=1838#breadcrumb"},"inLanguage":"pt-BR","potentialAction":[{"@type":"ReadAction","target":["https:\/\/portalraizesnoticias.com.br\/?p=1838"]}]},{"@type":"ImageObject","inLanguage":"pt-BR","@id":"https:\/\/portalraizesnoticias.com.br\/?p=1838#primaryimage","url":"https:\/\/portalraizesnoticias.com.br\/wp-content\/uploads\/2024\/10\/77d509ea-db44-49a7-8dc6-188f53d438a7-qw16xai8ccvydhjgidc0o4ahce5gs8zcz0yf2ded80.jpeg","contentUrl":"https:\/\/portalraizesnoticias.com.br\/wp-content\/uploads\/2024\/10\/77d509ea-db44-49a7-8dc6-188f53d438a7-qw16xai8ccvydhjgidc0o4ahce5gs8zcz0yf2ded80.jpeg","width":800,"height":600},{"@type":"BreadcrumbList","@id":"https:\/\/portalraizesnoticias.com.br\/?p=1838#breadcrumb","itemListElement":[{"@type":"ListItem","position":1,"name":"In\u00edcio","item":"https:\/\/portalraizesnoticias.com.br\/"},{"@type":"ListItem","position":2,"name":"Seca: Jer\u00f4nimo homologa situa\u00e7\u00e3o de emerg\u00eancia em Queimadas por conta da estiagem"}]},{"@type":"WebSite","@id":"https:\/\/portalraizesnoticias.com.br\/#website","url":"https:\/\/portalraizesnoticias.com.br\/","name":"Portal raizes NOTICIAS","description":"site de noticias de concei\u00e7\u00e3o do coit\u00e9 e regi\u00e3o","publisher":{"@id":"https:\/\/portalraizesnoticias.com.br\/#organization"},"alternateName":"PORTAL RAIZES COIT\u00c9","potentialAction":[{"@type":"SearchAction","target":{"@type":"EntryPoint","urlTemplate":"https:\/\/portalraizesnoticias.com.br\/?s={search_term_string}"},"query-input":{"@type":"PropertyValueSpecification","valueRequired":true,"valueName":"search_term_string"}}],"inLanguage":"pt-BR"},{"@type":"Organization","@id":"https:\/\/portalraizesnoticias.com.br\/#organization","name":"Portal raizes NOTICIAS","url":"https:\/\/portalraizesnoticias.com.br\/","logo":{"@type":"ImageObject","inLanguage":"pt-BR","@id":"https:\/\/portalraizesnoticias.com.br\/#\/schema\/logo\/image\/","url":"https:\/\/portalraizesnoticias.com.br\/wp-content\/uploads\/2024\/09\/cropped-Captura-de-tela-2024-09-08-011108.png","contentUrl":"https:\/\/portalraizesnoticias.com.br\/wp-content\/uploads\/2024\/09\/cropped-Captura-de-tela-2024-09-08-011108.png","width":606,"height":173,"caption":"Portal raizes NOTICIAS"},"image":{"@id":"https:\/\/portalraizesnoticias.com.br\/#\/schema\/logo\/image\/"}},{"@type":"Person","@id":"https:\/\/portalraizesnoticias.com.br\/#\/schema\/person\/a3ca6b0fc701e78df19756c417d943ae","name":"Portal Raizes","image":{"@type":"ImageObject","inLanguage":"pt-BR","@id":"https:\/\/portalraizesnoticias.com.br\/#\/schema\/person\/image\/","url":"https:\/\/secure.gravatar.com\/avatar\/ef450d29013a3d3fba867a12a249d7b1?s=96&d=mm&r=g","contentUrl":"https:\/\/secure.gravatar.com\/avatar\/ef450d29013a3d3fba867a12a249d7b1?s=96&d=mm&r=g","caption":"Portal Raizes"},"url":"https:\/\/portalraizesnoticias.com.br\/?author=3"}]}},"_links":{"self":[{"href":"https:\/\/portalraizesnoticias.com.br\/index.php?rest_route=\/wp\/v2\/posts\/1838"}],"collection":[{"href":"https:\/\/portalraizesnoticias.com.br\/index.php?rest_route=\/wp\/v2\/posts"}],"about":[{"href":"https:\/\/portalraizesnoticias.com.br\/index.php?rest_route=\/wp\/v2\/types\/post"}],"author":[{"embeddable":true,"href":"https:\/\/portalraizesnoticias.com.br\/index.php?rest_route=\/wp\/v2\/users\/3"}],"replies":[{"embeddable":true,"href":"https:\/\/portalraizesnoticias.com.br\/index.php?rest_route=%2Fwp%2Fv2%2Fcomments&post=1838"}],"version-history":[{"count":1,"href":"https:\/\/portalraizesnoticias.com.br\/index.php?rest_route=\/wp\/v2\/posts\/1838\/revisions"}],"predecessor-version":[{"id":1840,"href":"https:\/\/portalraizesnoticias.com.br\/index.php?rest_route=\/wp\/v2\/posts\/1838\/revisions\/1840"}],"wp:featuredmedia":[{"embeddable":true,"href":"https:\/\/portalraizesnoticias.com.br\/index.php?rest_route=\/wp\/v2\/media\/1839"}],"wp:attachment":[{"href":"https:\/\/portalraizesnoticias.com.br\/index.php?rest_route=%2Fwp%2Fv2%2Fmedia&parent=1838"}],"wp:term":[{"taxonomy":"category","embeddable":true,"href":"https:\/\/portalraizesnoticias.com.br\/index.php?rest_route=%2Fwp%2Fv2%2Fcategories&post=1838"},{"taxonomy":"post_tag","embeddable":true,"href":"https:\/\/portalraizesnoticias.com.br\/index.php?rest_route=%2Fwp%2Fv2%2Ftags&post=1838"}],"curies":[{"name":"wp","href":"https:\/\/api.w.org\/{rel}","templated":true}]}}