{"id":1823,"date":"2024-10-24T15:02:04","date_gmt":"2024-10-24T15:02:04","guid":{"rendered":"https:\/\/portalraizesnoticias.com.br\/?p=1823"},"modified":"2024-10-24T15:02:04","modified_gmt":"2024-10-24T15:02:04","slug":"faccoes-criminosas-sinais-com-os-dedos-colocam-pessoas-em-perigo-na-bahia","status":"publish","type":"post","link":"https:\/\/portalraizesnoticias.com.br\/?p=1823","title":{"rendered":"Fac\u00e7\u00f5es criminosas: sinais com os dedos colocam pessoas em perigo na Bahia"},"content":{"rendered":"<div>O aumento da\u00a0<b>viol\u00eancia<\/b>\u00a0ligada ao uso de gestos associados a\u00a0<b>fac\u00e7\u00f5es criminosas<\/b>\u00a0tem chamado aten\u00e7\u00e3o da popula\u00e7\u00e3o na\u00a0<b>Bahia<\/b>. Ao longo de 2024, alguns casos de pessoas que foram\u00a0<b>assassinadas<\/b>\u00a0ao usarem sinais ligados \u00e0\u00a0<b>fac\u00e7\u00f5es<\/b>\u00a0criminosas vieram \u00e0 tona nos notici\u00e1rios.<\/div>\n<div><\/div>\n<div>O caso mais recente envolve os\u00a0<b>irm\u00e3os Daniel e Gustavo Natividade<\/b>, m\u00fasicos do bloco afro Mal\u00ea Debal\u00ea, brutalmente mortos ap\u00f3s posarem para uma foto fazendo o n\u00famero 3, gesto vinculado a uma fac\u00e7\u00e3o criminosa. Mesmo sem envolvimento com o crime, foram alvos de uma fac\u00e7\u00e3o rival.<\/p>\n<table class=\"tr-caption-container\" cellspacing=\"0\" cellpadding=\"0\" align=\"center\">\n<tbody>\n<tr>\n<td><a href=\"https:\/\/blogger.googleusercontent.com\/img\/b\/R29vZ2xl\/AVvXsEgDIO1Uch9sWgBrq3UNqwpgkSimMAUAZ3Mg0-_Z30sJKPjCrRzyDvx-p8XC2Z73BDTIQ1hvHZYKilg24shWav-0wHeKBLI3RYSgHg0m-erBn5g-QqKmMH86l_JFw1us8LHzQlSzSmijiRUsCSL-Htu2eAQMRUPWjiDpqTGaG9BO5XQ97Zrg3WLSoLJC5DU\/s640\/Tenente-coronel-Muller-foto-ed-santos-acorda-cidade-jpg.webp\"><img fetchpriority=\"high\" decoding=\"async\" src=\"https:\/\/blogger.googleusercontent.com\/img\/b\/R29vZ2xl\/AVvXsEgDIO1Uch9sWgBrq3UNqwpgkSimMAUAZ3Mg0-_Z30sJKPjCrRzyDvx-p8XC2Z73BDTIQ1hvHZYKilg24shWav-0wHeKBLI3RYSgHg0m-erBn5g-QqKmMH86l_JFw1us8LHzQlSzSmijiRUsCSL-Htu2eAQMRUPWjiDpqTGaG9BO5XQ97Zrg3WLSoLJC5DU\/w400-h225\/Tenente-coronel-Muller-foto-ed-santos-acorda-cidade-jpg.webp\" width=\"400\" height=\"225\" border=\"0\" data-original-height=\"360\" data-original-width=\"640\" \/><\/a><\/td>\n<\/tr>\n<tr>\n<td class=\"tr-caption\"><i><b>Tenente coronel Muller | Foto: Ed Santos \/ Acorda Cidade<\/b><\/i><\/td>\n<\/tr>\n<\/tbody>\n<\/table>\n<\/div>\n<div>Cabe lembrarmos que tivemos tamb\u00e9m um caso de um\u00a0<b>morador de Feira de Santana que foi assassinado na praia de Cabu\u00e7u<\/b>\u00a0por utilizar uma camisa de um desenho animado, que tamb\u00e9m \u00e9 associado a uma fac\u00e7\u00e3o.<\/div>\n<div><\/div>\n<div>Os casos de viol\u00eancia relacionado a usos de gestos e s\u00edmbolos n\u00e3o se prendem apenas ao estado da Bahia, em setembro deste ano, duas irm\u00e3s Rayane, de 25 anos, e Rithiely, de 28, resolveram tirar uma foto enquanto estavam em uma festa, fazendo um sinal com a m\u00e3o que tem o significado de\u00a0<b>\u201ceu te amo\u201d,<\/b>\u00a0em libras. Mas, para a organiza\u00e7\u00e3o criminosa, da regi\u00e3o de S\u00e3o Jos\u00e9 dos Quatro Marcos (MT), o gesto era atribu\u00eddo a uma fac\u00e7\u00e3o criminosa, as jovens foram torturadas e mortas pela fac\u00e7\u00e3o rival, em Mato Grosso.<\/div>\n<div><\/div>\n<div>Esse cen\u00e1rio de inseguran\u00e7a exige cautela da popula\u00e7\u00e3o, como destacou o tenente-coronel Muller, subcomandante do Comando de Policiamento Regional Leste (CPR-L). Ele explicou que as fac\u00e7\u00f5es utilizam s\u00edmbolos para se identificar entre si e entre seus inimigos.<\/div>\n<div><\/div>\n<div><b><i>\u201cNormalmente, elas fazem analogia \u00e0 quantidade de letras da sigla que representa aquela fac\u00e7\u00e3o. Se a sigla tem duas letras, o n\u00famero 2 feito com os dedos indica pertencimento a essa fac\u00e7\u00e3o, enquanto o n\u00famero 3, \u00e0 fac\u00e7\u00e3o antagonista\u201d<\/i><\/b>, detalhou.<\/div>\n<div><\/div>\n<div><b>Redes Sociais<\/b><\/div>\n<div>Diante dos recentes homic\u00eddios, Muller orientou, em entrevista ao Acorda Cidade, que as pessoas evitem usar gestos ou s\u00edmbolos que possam ser confundidos com as fac\u00e7\u00f5es criminosas, especialmente em redes sociais.<\/div>\n<div><\/div>\n<div><b><i>\u201cMuitos fazem esses gestos inocentemente, mas o fato \u00e9 que podem ser confundidos com gestos de organiza\u00e7\u00f5es criminosas. O mais prudente \u00e9 evitar esse tipo de exposi\u00e7\u00e3o, j\u00e1 que n\u00e3o h\u00e1 necessidade de se associar a algo que n\u00e3o faz parte de sua realidade\u201d<\/i><\/b>, alertou o tenente-coronel.<\/div>\n<div><\/div>\n<div><b>Preocupa\u00e7\u00e3o com modismos e estilo pessoal<\/b><\/div>\n<div>Al\u00e9m dos gestos com as m\u00e3os, Muller recomenda que sinais est\u00e9ticos, como cortes de cabelo e tinturas, tamb\u00e9m podem ser mal interpretados.\u00a0<b><i>\u201cSabemos que existem modismos, como talhos na sobrancelha ou cortes de cabelo que podem ser confundidos com representa\u00e7\u00f5es de fac\u00e7\u00f5es\u201d<\/i><\/b>, afirmou. Ele ressaltou, no entanto, que a liberdade de express\u00e3o est\u00e9tica \u00e9 um direito, mas \u00e9 importante ter prud\u00eancia para evitar associa\u00e7\u00f5es indesejadas.<\/div>\n<div><\/div>\n<div>O oficial exemplificou essa situa\u00e7\u00e3o comparando com a Yakuza, m\u00e1fia japonesa.\u00a0<b><i>\u201cNo Jap\u00e3o, fazer uma tatuagem de carpa, s\u00edmbolo da Yakuza, sem saber do significado pode colocar algu\u00e9m em risco. O mesmo ocorre aqui. Ent\u00e3o, a recomenda\u00e7\u00e3o \u00e9 que as pessoas sejam cautelosas\u201d,<\/i><\/b>\u00a0acrescentou.<\/div>\n<div><\/div>\n<div><b>Recomenda\u00e7\u00f5es \u00e0 popula\u00e7\u00e3o\u00a0<\/b><\/div>\n<div>Ao Acorda Cidade, o tenente Muller tranquilizou a popula\u00e7\u00e3o afirmando que os casos de mortes ligadas ao uso de gestos de fac\u00e7\u00f5es s\u00e3o raros em Feira de Santana, mas recomendou cautela, especialmente para quem vive em \u00e1reas controladas por fac\u00e7\u00f5es. Ele reiterou que n\u00e3o h\u00e1 motivo para alarme generalizado, mas refor\u00e7ou que, ao saber que um gesto pode ser prejudicial, a sensa\u00e7\u00e3o indica que ele deve ser evitado.<\/div>\n<div><\/div>\n<div><b><i>\u201cQuem \u00e9 cidad\u00e3o de bem, que cuida da sua imagem e integridade, n\u00e3o deve se expor fazendo gestos de faccionados. Se o faz deliberadamente, mesmo sem pertencer a uma fac\u00e7\u00e3o, est\u00e1 se colocando em situa\u00e7\u00e3o de risco. A melhor forma de se proteger \u00e9 evitar esses s\u00edmbolos e gestos.\u201d<\/i><\/b><\/div>\n<div><\/div>\n<div><\/div>\n<div>Acorda Cidade<\/div>\n","protected":false},"excerpt":{"rendered":"<p>O aumento da\u00a0viol\u00eancia\u00a0ligada ao uso de gestos associados a\u00a0fac\u00e7\u00f5es criminosas\u00a0tem chamado aten\u00e7\u00e3o da popula\u00e7\u00e3o na\u00a0Bahia. Ao longo de 2024, alguns casos de pessoas que foram\u00a0assassinadas\u00a0ao usarem sinais ligados \u00e0\u00a0fac\u00e7\u00f5es\u00a0criminosas vieram \u00e0 tona nos notici\u00e1rios. O caso mais recente envolve os\u00a0irm\u00e3os Daniel e Gustavo Natividade, m\u00fasicos do bloco afro Mal\u00ea Debal\u00ea, brutalmente mortos ap\u00f3s posarem para uma foto fazendo o n\u00famero 3, gesto vinculado a uma fac\u00e7\u00e3o criminosa. Mesmo sem envolvimento com o crime, foram alvos de uma fac\u00e7\u00e3o rival. Tenente coronel Muller | Foto: Ed Santos \/ Acorda Cidade Cabe lembrarmos que tivemos tamb\u00e9m um caso de um\u00a0morador de Feira de Santana que foi assassinado na praia de Cabu\u00e7u\u00a0por utilizar uma camisa de um desenho animado, que tamb\u00e9m \u00e9 associado a uma fac\u00e7\u00e3o. Os casos de viol\u00eancia relacionado a usos de gestos e s\u00edmbolos n\u00e3o se prendem apenas ao estado da Bahia, em setembro deste ano, duas irm\u00e3s Rayane, de 25 anos, e Rithiely, de 28, resolveram tirar uma foto enquanto estavam em uma festa, fazendo um sinal com a m\u00e3o que tem o significado de\u00a0\u201ceu te amo\u201d,\u00a0em libras. Mas, para a organiza\u00e7\u00e3o criminosa, da regi\u00e3o de S\u00e3o Jos\u00e9 dos Quatro Marcos (MT), o gesto era atribu\u00eddo a uma fac\u00e7\u00e3o criminosa, as jovens foram torturadas e mortas pela fac\u00e7\u00e3o rival, em Mato Grosso. Esse cen\u00e1rio de inseguran\u00e7a exige cautela da popula\u00e7\u00e3o, como destacou o tenente-coronel Muller, subcomandante do Comando de Policiamento Regional Leste (CPR-L). Ele explicou que as fac\u00e7\u00f5es utilizam s\u00edmbolos para se identificar entre si e entre seus inimigos. \u201cNormalmente, elas fazem analogia \u00e0 quantidade de letras da sigla que representa aquela fac\u00e7\u00e3o. Se a sigla tem duas letras, o n\u00famero 2 feito com os dedos indica pertencimento a essa fac\u00e7\u00e3o, enquanto o n\u00famero 3, \u00e0 fac\u00e7\u00e3o antagonista\u201d, detalhou. Redes Sociais Diante dos recentes homic\u00eddios, Muller orientou, em entrevista ao Acorda Cidade, que as pessoas evitem usar gestos ou s\u00edmbolos que possam ser confundidos com as fac\u00e7\u00f5es criminosas, especialmente em redes sociais. \u201cMuitos fazem esses gestos inocentemente, mas o fato \u00e9 que podem ser confundidos com gestos de organiza\u00e7\u00f5es criminosas. O mais prudente \u00e9 evitar esse tipo de exposi\u00e7\u00e3o, j\u00e1 que n\u00e3o h\u00e1 necessidade de se associar a algo que n\u00e3o faz parte de sua realidade\u201d, alertou o tenente-coronel. Preocupa\u00e7\u00e3o com modismos e estilo pessoal Al\u00e9m dos gestos com as m\u00e3os, Muller recomenda que sinais est\u00e9ticos, como cortes de cabelo e tinturas, tamb\u00e9m podem ser mal interpretados.\u00a0\u201cSabemos que existem modismos, como talhos na sobrancelha ou cortes de cabelo que podem ser confundidos com representa\u00e7\u00f5es de fac\u00e7\u00f5es\u201d, afirmou. Ele ressaltou, no entanto, que a liberdade de express\u00e3o est\u00e9tica \u00e9 um direito, mas \u00e9 importante ter prud\u00eancia para evitar associa\u00e7\u00f5es indesejadas. O oficial exemplificou essa situa\u00e7\u00e3o comparando com a Yakuza, m\u00e1fia japonesa.\u00a0\u201cNo Jap\u00e3o, fazer uma tatuagem de carpa, s\u00edmbolo da Yakuza, sem saber do significado pode colocar algu\u00e9m em risco. O mesmo ocorre aqui. Ent\u00e3o, a recomenda\u00e7\u00e3o \u00e9 que as pessoas sejam cautelosas\u201d,\u00a0acrescentou. Recomenda\u00e7\u00f5es \u00e0 popula\u00e7\u00e3o\u00a0 Ao Acorda Cidade, o tenente Muller tranquilizou a popula\u00e7\u00e3o afirmando que os casos de mortes ligadas ao uso de gestos de fac\u00e7\u00f5es s\u00e3o raros em Feira de Santana, mas recomendou cautela, especialmente para quem vive em \u00e1reas controladas por fac\u00e7\u00f5es. Ele reiterou que n\u00e3o h\u00e1 motivo para alarme generalizado, mas refor\u00e7ou que, ao saber que um gesto pode ser prejudicial, a sensa\u00e7\u00e3o indica que ele deve ser evitado. \u201cQuem \u00e9 cidad\u00e3o de bem, que cuida da sua imagem e integridade, n\u00e3o deve se expor fazendo gestos de faccionados. Se o faz deliberadamente, mesmo sem pertencer a uma fac\u00e7\u00e3o, est\u00e1 se colocando em situa\u00e7\u00e3o de risco. A melhor forma de se proteger \u00e9 evitar esses s\u00edmbolos e gestos.\u201d Acorda Cidade<\/p>\n","protected":false},"author":3,"featured_media":1824,"comment_status":"open","ping_status":"open","sticky":false,"template":"","format":"standard","meta":{"_joinchat":[],"footnotes":""},"categories":[67,59],"tags":[],"class_list":["post-1823","post","type-post","status-publish","format-standard","has-post-thumbnail","hentry","category-policia","category-ultimas-noticias"],"yoast_head":"<!-- This site is optimized with the Yoast SEO plugin v24.4 - https:\/\/yoast.com\/wordpress\/plugins\/seo\/ -->\n<title>Fac\u00e7\u00f5es criminosas: sinais com os dedos colocam pessoas em perigo na Bahia - Portal raizes noticias<\/title>\n<meta name=\"robots\" content=\"index, follow, max-snippet:-1, max-image-preview:large, max-video-preview:-1\" \/>\n<link rel=\"canonical\" href=\"https:\/\/portalraizesnoticias.com.br\/?p=1823\" \/>\n<meta property=\"og:locale\" content=\"pt_BR\" \/>\n<meta property=\"og:type\" content=\"article\" \/>\n<meta property=\"og:title\" content=\"Fac\u00e7\u00f5es criminosas: sinais com os dedos colocam pessoas em perigo na Bahia - Portal raizes noticias\" \/>\n<meta property=\"og:description\" content=\"O aumento da\u00a0viol\u00eancia\u00a0ligada ao uso de gestos associados a\u00a0fac\u00e7\u00f5es criminosas\u00a0tem chamado aten\u00e7\u00e3o da popula\u00e7\u00e3o na\u00a0Bahia. Ao longo de 2024, alguns casos de pessoas que foram\u00a0assassinadas\u00a0ao usarem sinais ligados \u00e0\u00a0fac\u00e7\u00f5es\u00a0criminosas vieram \u00e0 tona nos notici\u00e1rios. O caso mais recente envolve os\u00a0irm\u00e3os Daniel e Gustavo Natividade, m\u00fasicos do bloco afro Mal\u00ea Debal\u00ea, brutalmente mortos ap\u00f3s posarem para uma foto fazendo o n\u00famero 3, gesto vinculado a uma fac\u00e7\u00e3o criminosa. Mesmo sem envolvimento com o crime, foram alvos de uma fac\u00e7\u00e3o rival. Tenente coronel Muller | Foto: Ed Santos \/ Acorda Cidade Cabe lembrarmos que tivemos tamb\u00e9m um caso de um\u00a0morador de Feira de Santana que foi assassinado na praia de Cabu\u00e7u\u00a0por utilizar uma camisa de um desenho animado, que tamb\u00e9m \u00e9 associado a uma fac\u00e7\u00e3o. Os casos de viol\u00eancia relacionado a usos de gestos e s\u00edmbolos n\u00e3o se prendem apenas ao estado da Bahia, em setembro deste ano, duas irm\u00e3s Rayane, de 25 anos, e Rithiely, de 28, resolveram tirar uma foto enquanto estavam em uma festa, fazendo um sinal com a m\u00e3o que tem o significado de\u00a0\u201ceu te amo\u201d,\u00a0em libras. Mas, para a organiza\u00e7\u00e3o criminosa, da regi\u00e3o de S\u00e3o Jos\u00e9 dos Quatro Marcos (MT), o gesto era atribu\u00eddo a uma fac\u00e7\u00e3o criminosa, as jovens foram torturadas e mortas pela fac\u00e7\u00e3o rival, em Mato Grosso. Esse cen\u00e1rio de inseguran\u00e7a exige cautela da popula\u00e7\u00e3o, como destacou o tenente-coronel Muller, subcomandante do Comando de Policiamento Regional Leste (CPR-L). Ele explicou que as fac\u00e7\u00f5es utilizam s\u00edmbolos para se identificar entre si e entre seus inimigos. \u201cNormalmente, elas fazem analogia \u00e0 quantidade de letras da sigla que representa aquela fac\u00e7\u00e3o. Se a sigla tem duas letras, o n\u00famero 2 feito com os dedos indica pertencimento a essa fac\u00e7\u00e3o, enquanto o n\u00famero 3, \u00e0 fac\u00e7\u00e3o antagonista\u201d, detalhou. Redes Sociais Diante dos recentes homic\u00eddios, Muller orientou, em entrevista ao Acorda Cidade, que as pessoas evitem usar gestos ou s\u00edmbolos que possam ser confundidos com as fac\u00e7\u00f5es criminosas, especialmente em redes sociais. \u201cMuitos fazem esses gestos inocentemente, mas o fato \u00e9 que podem ser confundidos com gestos de organiza\u00e7\u00f5es criminosas. O mais prudente \u00e9 evitar esse tipo de exposi\u00e7\u00e3o, j\u00e1 que n\u00e3o h\u00e1 necessidade de se associar a algo que n\u00e3o faz parte de sua realidade\u201d, alertou o tenente-coronel. Preocupa\u00e7\u00e3o com modismos e estilo pessoal Al\u00e9m dos gestos com as m\u00e3os, Muller recomenda que sinais est\u00e9ticos, como cortes de cabelo e tinturas, tamb\u00e9m podem ser mal interpretados.\u00a0\u201cSabemos que existem modismos, como talhos na sobrancelha ou cortes de cabelo que podem ser confundidos com representa\u00e7\u00f5es de fac\u00e7\u00f5es\u201d, afirmou. Ele ressaltou, no entanto, que a liberdade de express\u00e3o est\u00e9tica \u00e9 um direito, mas \u00e9 importante ter prud\u00eancia para evitar associa\u00e7\u00f5es indesejadas. O oficial exemplificou essa situa\u00e7\u00e3o comparando com a Yakuza, m\u00e1fia japonesa.\u00a0\u201cNo Jap\u00e3o, fazer uma tatuagem de carpa, s\u00edmbolo da Yakuza, sem saber do significado pode colocar algu\u00e9m em risco. O mesmo ocorre aqui. Ent\u00e3o, a recomenda\u00e7\u00e3o \u00e9 que as pessoas sejam cautelosas\u201d,\u00a0acrescentou. Recomenda\u00e7\u00f5es \u00e0 popula\u00e7\u00e3o\u00a0 Ao Acorda Cidade, o tenente Muller tranquilizou a popula\u00e7\u00e3o afirmando que os casos de mortes ligadas ao uso de gestos de fac\u00e7\u00f5es s\u00e3o raros em Feira de Santana, mas recomendou cautela, especialmente para quem vive em \u00e1reas controladas por fac\u00e7\u00f5es. Ele reiterou que n\u00e3o h\u00e1 motivo para alarme generalizado, mas refor\u00e7ou que, ao saber que um gesto pode ser prejudicial, a sensa\u00e7\u00e3o indica que ele deve ser evitado. \u201cQuem \u00e9 cidad\u00e3o de bem, que cuida da sua imagem e integridade, n\u00e3o deve se expor fazendo gestos de faccionados. Se o faz deliberadamente, mesmo sem pertencer a uma fac\u00e7\u00e3o, est\u00e1 se colocando em situa\u00e7\u00e3o de risco. A melhor forma de se proteger \u00e9 evitar esses s\u00edmbolos e gestos.\u201d Acorda Cidade\" \/>\n<meta property=\"og:url\" content=\"https:\/\/portalraizesnoticias.com.br\/?p=1823\" \/>\n<meta property=\"og:site_name\" content=\"Portal raizes noticias\" \/>\n<meta property=\"article:published_time\" content=\"2024-10-24T15:02:04+00:00\" \/>\n<meta property=\"og:image\" content=\"https:\/\/portalraizesnoticias.com.br\/wp-content\/uploads\/2024\/10\/cats-3-2-qw1767172v2qcilvipvssdenws9mp1btv3ezpq74a8.jpg\" \/>\n\t<meta property=\"og:image:width\" content=\"800\" \/>\n\t<meta property=\"og:image:height\" content=\"600\" \/>\n\t<meta property=\"og:image:type\" content=\"image\/jpeg\" \/>\n<meta name=\"author\" content=\"Portal Raizes\" \/>\n<meta name=\"twitter:card\" content=\"summary_large_image\" \/>\n<meta name=\"twitter:label1\" content=\"Escrito por\" \/>\n\t<meta name=\"twitter:data1\" content=\"Portal Raizes\" \/>\n\t<meta name=\"twitter:label2\" content=\"Est. tempo de leitura\" \/>\n\t<meta name=\"twitter:data2\" content=\"3 minutos\" \/>\n<script type=\"application\/ld+json\" class=\"yoast-schema-graph\">{\"@context\":\"https:\/\/schema.org\",\"@graph\":[{\"@type\":\"Article\",\"@id\":\"https:\/\/portalraizesnoticias.com.br\/?p=1823#article\",\"isPartOf\":{\"@id\":\"https:\/\/portalraizesnoticias.com.br\/?p=1823\"},\"author\":{\"name\":\"Portal Raizes\",\"@id\":\"https:\/\/portalraizesnoticias.com.br\/#\/schema\/person\/a3ca6b0fc701e78df19756c417d943ae\"},\"headline\":\"Fac\u00e7\u00f5es criminosas: sinais com os dedos colocam pessoas em perigo na Bahia\",\"datePublished\":\"2024-10-24T15:02:04+00:00\",\"mainEntityOfPage\":{\"@id\":\"https:\/\/portalraizesnoticias.com.br\/?p=1823\"},\"wordCount\":689,\"commentCount\":0,\"publisher\":{\"@id\":\"https:\/\/portalraizesnoticias.com.br\/#organization\"},\"image\":{\"@id\":\"https:\/\/portalraizesnoticias.com.br\/?p=1823#primaryimage\"},\"thumbnailUrl\":\"https:\/\/portalraizesnoticias.com.br\/wp-content\/uploads\/2024\/10\/cats-3-2-qw1767172v2qcilvipvssdenws9mp1btv3ezpq74a8.jpg\",\"articleSection\":[\"POLICIA\",\"ULTIMAS NOTICIAS\"],\"inLanguage\":\"pt-BR\",\"potentialAction\":[{\"@type\":\"CommentAction\",\"name\":\"Comment\",\"target\":[\"https:\/\/portalraizesnoticias.com.br\/?p=1823#respond\"]}]},{\"@type\":\"WebPage\",\"@id\":\"https:\/\/portalraizesnoticias.com.br\/?p=1823\",\"url\":\"https:\/\/portalraizesnoticias.com.br\/?p=1823\",\"name\":\"Fac\u00e7\u00f5es criminosas: sinais com os dedos colocam pessoas em perigo na Bahia - Portal raizes noticias\",\"isPartOf\":{\"@id\":\"https:\/\/portalraizesnoticias.com.br\/#website\"},\"primaryImageOfPage\":{\"@id\":\"https:\/\/portalraizesnoticias.com.br\/?p=1823#primaryimage\"},\"image\":{\"@id\":\"https:\/\/portalraizesnoticias.com.br\/?p=1823#primaryimage\"},\"thumbnailUrl\":\"https:\/\/portalraizesnoticias.com.br\/wp-content\/uploads\/2024\/10\/cats-3-2-qw1767172v2qcilvipvssdenws9mp1btv3ezpq74a8.jpg\",\"datePublished\":\"2024-10-24T15:02:04+00:00\",\"breadcrumb\":{\"@id\":\"https:\/\/portalraizesnoticias.com.br\/?p=1823#breadcrumb\"},\"inLanguage\":\"pt-BR\",\"potentialAction\":[{\"@type\":\"ReadAction\",\"target\":[\"https:\/\/portalraizesnoticias.com.br\/?p=1823\"]}]},{\"@type\":\"ImageObject\",\"inLanguage\":\"pt-BR\",\"@id\":\"https:\/\/portalraizesnoticias.com.br\/?p=1823#primaryimage\",\"url\":\"https:\/\/portalraizesnoticias.com.br\/wp-content\/uploads\/2024\/10\/cats-3-2-qw1767172v2qcilvipvssdenws9mp1btv3ezpq74a8.jpg\",\"contentUrl\":\"https:\/\/portalraizesnoticias.com.br\/wp-content\/uploads\/2024\/10\/cats-3-2-qw1767172v2qcilvipvssdenws9mp1btv3ezpq74a8.jpg\",\"width\":800,\"height\":600},{\"@type\":\"BreadcrumbList\",\"@id\":\"https:\/\/portalraizesnoticias.com.br\/?p=1823#breadcrumb\",\"itemListElement\":[{\"@type\":\"ListItem\",\"position\":1,\"name\":\"In\u00edcio\",\"item\":\"https:\/\/portalraizesnoticias.com.br\/\"},{\"@type\":\"ListItem\",\"position\":2,\"name\":\"Fac\u00e7\u00f5es criminosas: sinais com os dedos colocam pessoas em perigo na Bahia\"}]},{\"@type\":\"WebSite\",\"@id\":\"https:\/\/portalraizesnoticias.com.br\/#website\",\"url\":\"https:\/\/portalraizesnoticias.com.br\/\",\"name\":\"Portal raizes NOTICIAS\",\"description\":\"site de noticias de concei\u00e7\u00e3o do coit\u00e9 e regi\u00e3o\",\"publisher\":{\"@id\":\"https:\/\/portalraizesnoticias.com.br\/#organization\"},\"alternateName\":\"PORTAL RAIZES COIT\u00c9\",\"potentialAction\":[{\"@type\":\"SearchAction\",\"target\":{\"@type\":\"EntryPoint\",\"urlTemplate\":\"https:\/\/portalraizesnoticias.com.br\/?s={search_term_string}\"},\"query-input\":{\"@type\":\"PropertyValueSpecification\",\"valueRequired\":true,\"valueName\":\"search_term_string\"}}],\"inLanguage\":\"pt-BR\"},{\"@type\":\"Organization\",\"@id\":\"https:\/\/portalraizesnoticias.com.br\/#organization\",\"name\":\"Portal raizes NOTICIAS\",\"url\":\"https:\/\/portalraizesnoticias.com.br\/\",\"logo\":{\"@type\":\"ImageObject\",\"inLanguage\":\"pt-BR\",\"@id\":\"https:\/\/portalraizesnoticias.com.br\/#\/schema\/logo\/image\/\",\"url\":\"https:\/\/portalraizesnoticias.com.br\/wp-content\/uploads\/2024\/09\/cropped-Captura-de-tela-2024-09-08-011108.png\",\"contentUrl\":\"https:\/\/portalraizesnoticias.com.br\/wp-content\/uploads\/2024\/09\/cropped-Captura-de-tela-2024-09-08-011108.png\",\"width\":606,\"height\":173,\"caption\":\"Portal raizes NOTICIAS\"},\"image\":{\"@id\":\"https:\/\/portalraizesnoticias.com.br\/#\/schema\/logo\/image\/\"}},{\"@type\":\"Person\",\"@id\":\"https:\/\/portalraizesnoticias.com.br\/#\/schema\/person\/a3ca6b0fc701e78df19756c417d943ae\",\"name\":\"Portal Raizes\",\"image\":{\"@type\":\"ImageObject\",\"inLanguage\":\"pt-BR\",\"@id\":\"https:\/\/portalraizesnoticias.com.br\/#\/schema\/person\/image\/\",\"url\":\"https:\/\/secure.gravatar.com\/avatar\/ef450d29013a3d3fba867a12a249d7b1?s=96&d=mm&r=g\",\"contentUrl\":\"https:\/\/secure.gravatar.com\/avatar\/ef450d29013a3d3fba867a12a249d7b1?s=96&d=mm&r=g\",\"caption\":\"Portal Raizes\"},\"url\":\"https:\/\/portalraizesnoticias.com.br\/?author=3\"}]}<\/script>\n<!-- \/ Yoast SEO plugin. -->","yoast_head_json":{"title":"Fac\u00e7\u00f5es criminosas: sinais com os dedos colocam pessoas em perigo na Bahia - Portal raizes noticias","robots":{"index":"index","follow":"follow","max-snippet":"max-snippet:-1","max-image-preview":"max-image-preview:large","max-video-preview":"max-video-preview:-1"},"canonical":"https:\/\/portalraizesnoticias.com.br\/?p=1823","og_locale":"pt_BR","og_type":"article","og_title":"Fac\u00e7\u00f5es criminosas: sinais com os dedos colocam pessoas em perigo na Bahia - Portal raizes noticias","og_description":"O aumento da\u00a0viol\u00eancia\u00a0ligada ao uso de gestos associados a\u00a0fac\u00e7\u00f5es criminosas\u00a0tem chamado aten\u00e7\u00e3o da popula\u00e7\u00e3o na\u00a0Bahia. Ao longo de 2024, alguns casos de pessoas que foram\u00a0assassinadas\u00a0ao usarem sinais ligados \u00e0\u00a0fac\u00e7\u00f5es\u00a0criminosas vieram \u00e0 tona nos notici\u00e1rios. O caso mais recente envolve os\u00a0irm\u00e3os Daniel e Gustavo Natividade, m\u00fasicos do bloco afro Mal\u00ea Debal\u00ea, brutalmente mortos ap\u00f3s posarem para uma foto fazendo o n\u00famero 3, gesto vinculado a uma fac\u00e7\u00e3o criminosa. Mesmo sem envolvimento com o crime, foram alvos de uma fac\u00e7\u00e3o rival. Tenente coronel Muller | Foto: Ed Santos \/ Acorda Cidade Cabe lembrarmos que tivemos tamb\u00e9m um caso de um\u00a0morador de Feira de Santana que foi assassinado na praia de Cabu\u00e7u\u00a0por utilizar uma camisa de um desenho animado, que tamb\u00e9m \u00e9 associado a uma fac\u00e7\u00e3o. Os casos de viol\u00eancia relacionado a usos de gestos e s\u00edmbolos n\u00e3o se prendem apenas ao estado da Bahia, em setembro deste ano, duas irm\u00e3s Rayane, de 25 anos, e Rithiely, de 28, resolveram tirar uma foto enquanto estavam em uma festa, fazendo um sinal com a m\u00e3o que tem o significado de\u00a0\u201ceu te amo\u201d,\u00a0em libras. Mas, para a organiza\u00e7\u00e3o criminosa, da regi\u00e3o de S\u00e3o Jos\u00e9 dos Quatro Marcos (MT), o gesto era atribu\u00eddo a uma fac\u00e7\u00e3o criminosa, as jovens foram torturadas e mortas pela fac\u00e7\u00e3o rival, em Mato Grosso. Esse cen\u00e1rio de inseguran\u00e7a exige cautela da popula\u00e7\u00e3o, como destacou o tenente-coronel Muller, subcomandante do Comando de Policiamento Regional Leste (CPR-L). Ele explicou que as fac\u00e7\u00f5es utilizam s\u00edmbolos para se identificar entre si e entre seus inimigos. \u201cNormalmente, elas fazem analogia \u00e0 quantidade de letras da sigla que representa aquela fac\u00e7\u00e3o. Se a sigla tem duas letras, o n\u00famero 2 feito com os dedos indica pertencimento a essa fac\u00e7\u00e3o, enquanto o n\u00famero 3, \u00e0 fac\u00e7\u00e3o antagonista\u201d, detalhou. Redes Sociais Diante dos recentes homic\u00eddios, Muller orientou, em entrevista ao Acorda Cidade, que as pessoas evitem usar gestos ou s\u00edmbolos que possam ser confundidos com as fac\u00e7\u00f5es criminosas, especialmente em redes sociais. \u201cMuitos fazem esses gestos inocentemente, mas o fato \u00e9 que podem ser confundidos com gestos de organiza\u00e7\u00f5es criminosas. O mais prudente \u00e9 evitar esse tipo de exposi\u00e7\u00e3o, j\u00e1 que n\u00e3o h\u00e1 necessidade de se associar a algo que n\u00e3o faz parte de sua realidade\u201d, alertou o tenente-coronel. Preocupa\u00e7\u00e3o com modismos e estilo pessoal Al\u00e9m dos gestos com as m\u00e3os, Muller recomenda que sinais est\u00e9ticos, como cortes de cabelo e tinturas, tamb\u00e9m podem ser mal interpretados.\u00a0\u201cSabemos que existem modismos, como talhos na sobrancelha ou cortes de cabelo que podem ser confundidos com representa\u00e7\u00f5es de fac\u00e7\u00f5es\u201d, afirmou. Ele ressaltou, no entanto, que a liberdade de express\u00e3o est\u00e9tica \u00e9 um direito, mas \u00e9 importante ter prud\u00eancia para evitar associa\u00e7\u00f5es indesejadas. O oficial exemplificou essa situa\u00e7\u00e3o comparando com a Yakuza, m\u00e1fia japonesa.\u00a0\u201cNo Jap\u00e3o, fazer uma tatuagem de carpa, s\u00edmbolo da Yakuza, sem saber do significado pode colocar algu\u00e9m em risco. O mesmo ocorre aqui. Ent\u00e3o, a recomenda\u00e7\u00e3o \u00e9 que as pessoas sejam cautelosas\u201d,\u00a0acrescentou. Recomenda\u00e7\u00f5es \u00e0 popula\u00e7\u00e3o\u00a0 Ao Acorda Cidade, o tenente Muller tranquilizou a popula\u00e7\u00e3o afirmando que os casos de mortes ligadas ao uso de gestos de fac\u00e7\u00f5es s\u00e3o raros em Feira de Santana, mas recomendou cautela, especialmente para quem vive em \u00e1reas controladas por fac\u00e7\u00f5es. Ele reiterou que n\u00e3o h\u00e1 motivo para alarme generalizado, mas refor\u00e7ou que, ao saber que um gesto pode ser prejudicial, a sensa\u00e7\u00e3o indica que ele deve ser evitado. \u201cQuem \u00e9 cidad\u00e3o de bem, que cuida da sua imagem e integridade, n\u00e3o deve se expor fazendo gestos de faccionados. Se o faz deliberadamente, mesmo sem pertencer a uma fac\u00e7\u00e3o, est\u00e1 se colocando em situa\u00e7\u00e3o de risco. A melhor forma de se proteger \u00e9 evitar esses s\u00edmbolos e gestos.\u201d Acorda Cidade","og_url":"https:\/\/portalraizesnoticias.com.br\/?p=1823","og_site_name":"Portal raizes noticias","article_published_time":"2024-10-24T15:02:04+00:00","og_image":[{"width":800,"height":600,"url":"https:\/\/portalraizesnoticias.com.br\/wp-content\/uploads\/2024\/10\/cats-3-2-qw1767172v2qcilvipvssdenws9mp1btv3ezpq74a8.jpg","type":"image\/jpeg"}],"author":"Portal Raizes","twitter_card":"summary_large_image","twitter_misc":{"Escrito por":"Portal Raizes","Est. tempo de leitura":"3 minutos"},"schema":{"@context":"https:\/\/schema.org","@graph":[{"@type":"Article","@id":"https:\/\/portalraizesnoticias.com.br\/?p=1823#article","isPartOf":{"@id":"https:\/\/portalraizesnoticias.com.br\/?p=1823"},"author":{"name":"Portal Raizes","@id":"https:\/\/portalraizesnoticias.com.br\/#\/schema\/person\/a3ca6b0fc701e78df19756c417d943ae"},"headline":"Fac\u00e7\u00f5es criminosas: sinais com os dedos colocam pessoas em perigo na Bahia","datePublished":"2024-10-24T15:02:04+00:00","mainEntityOfPage":{"@id":"https:\/\/portalraizesnoticias.com.br\/?p=1823"},"wordCount":689,"commentCount":0,"publisher":{"@id":"https:\/\/portalraizesnoticias.com.br\/#organization"},"image":{"@id":"https:\/\/portalraizesnoticias.com.br\/?p=1823#primaryimage"},"thumbnailUrl":"https:\/\/portalraizesnoticias.com.br\/wp-content\/uploads\/2024\/10\/cats-3-2-qw1767172v2qcilvipvssdenws9mp1btv3ezpq74a8.jpg","articleSection":["POLICIA","ULTIMAS NOTICIAS"],"inLanguage":"pt-BR","potentialAction":[{"@type":"CommentAction","name":"Comment","target":["https:\/\/portalraizesnoticias.com.br\/?p=1823#respond"]}]},{"@type":"WebPage","@id":"https:\/\/portalraizesnoticias.com.br\/?p=1823","url":"https:\/\/portalraizesnoticias.com.br\/?p=1823","name":"Fac\u00e7\u00f5es criminosas: sinais com os dedos colocam pessoas em perigo na Bahia - Portal raizes noticias","isPartOf":{"@id":"https:\/\/portalraizesnoticias.com.br\/#website"},"primaryImageOfPage":{"@id":"https:\/\/portalraizesnoticias.com.br\/?p=1823#primaryimage"},"image":{"@id":"https:\/\/portalraizesnoticias.com.br\/?p=1823#primaryimage"},"thumbnailUrl":"https:\/\/portalraizesnoticias.com.br\/wp-content\/uploads\/2024\/10\/cats-3-2-qw1767172v2qcilvipvssdenws9mp1btv3ezpq74a8.jpg","datePublished":"2024-10-24T15:02:04+00:00","breadcrumb":{"@id":"https:\/\/portalraizesnoticias.com.br\/?p=1823#breadcrumb"},"inLanguage":"pt-BR","potentialAction":[{"@type":"ReadAction","target":["https:\/\/portalraizesnoticias.com.br\/?p=1823"]}]},{"@type":"ImageObject","inLanguage":"pt-BR","@id":"https:\/\/portalraizesnoticias.com.br\/?p=1823#primaryimage","url":"https:\/\/portalraizesnoticias.com.br\/wp-content\/uploads\/2024\/10\/cats-3-2-qw1767172v2qcilvipvssdenws9mp1btv3ezpq74a8.jpg","contentUrl":"https:\/\/portalraizesnoticias.com.br\/wp-content\/uploads\/2024\/10\/cats-3-2-qw1767172v2qcilvipvssdenws9mp1btv3ezpq74a8.jpg","width":800,"height":600},{"@type":"BreadcrumbList","@id":"https:\/\/portalraizesnoticias.com.br\/?p=1823#breadcrumb","itemListElement":[{"@type":"ListItem","position":1,"name":"In\u00edcio","item":"https:\/\/portalraizesnoticias.com.br\/"},{"@type":"ListItem","position":2,"name":"Fac\u00e7\u00f5es criminosas: sinais com os dedos colocam pessoas em perigo na Bahia"}]},{"@type":"WebSite","@id":"https:\/\/portalraizesnoticias.com.br\/#website","url":"https:\/\/portalraizesnoticias.com.br\/","name":"Portal raizes NOTICIAS","description":"site de noticias de concei\u00e7\u00e3o do coit\u00e9 e regi\u00e3o","publisher":{"@id":"https:\/\/portalraizesnoticias.com.br\/#organization"},"alternateName":"PORTAL RAIZES COIT\u00c9","potentialAction":[{"@type":"SearchAction","target":{"@type":"EntryPoint","urlTemplate":"https:\/\/portalraizesnoticias.com.br\/?s={search_term_string}"},"query-input":{"@type":"PropertyValueSpecification","valueRequired":true,"valueName":"search_term_string"}}],"inLanguage":"pt-BR"},{"@type":"Organization","@id":"https:\/\/portalraizesnoticias.com.br\/#organization","name":"Portal raizes NOTICIAS","url":"https:\/\/portalraizesnoticias.com.br\/","logo":{"@type":"ImageObject","inLanguage":"pt-BR","@id":"https:\/\/portalraizesnoticias.com.br\/#\/schema\/logo\/image\/","url":"https:\/\/portalraizesnoticias.com.br\/wp-content\/uploads\/2024\/09\/cropped-Captura-de-tela-2024-09-08-011108.png","contentUrl":"https:\/\/portalraizesnoticias.com.br\/wp-content\/uploads\/2024\/09\/cropped-Captura-de-tela-2024-09-08-011108.png","width":606,"height":173,"caption":"Portal raizes NOTICIAS"},"image":{"@id":"https:\/\/portalraizesnoticias.com.br\/#\/schema\/logo\/image\/"}},{"@type":"Person","@id":"https:\/\/portalraizesnoticias.com.br\/#\/schema\/person\/a3ca6b0fc701e78df19756c417d943ae","name":"Portal Raizes","image":{"@type":"ImageObject","inLanguage":"pt-BR","@id":"https:\/\/portalraizesnoticias.com.br\/#\/schema\/person\/image\/","url":"https:\/\/secure.gravatar.com\/avatar\/ef450d29013a3d3fba867a12a249d7b1?s=96&d=mm&r=g","contentUrl":"https:\/\/secure.gravatar.com\/avatar\/ef450d29013a3d3fba867a12a249d7b1?s=96&d=mm&r=g","caption":"Portal Raizes"},"url":"https:\/\/portalraizesnoticias.com.br\/?author=3"}]}},"_links":{"self":[{"href":"https:\/\/portalraizesnoticias.com.br\/index.php?rest_route=\/wp\/v2\/posts\/1823"}],"collection":[{"href":"https:\/\/portalraizesnoticias.com.br\/index.php?rest_route=\/wp\/v2\/posts"}],"about":[{"href":"https:\/\/portalraizesnoticias.com.br\/index.php?rest_route=\/wp\/v2\/types\/post"}],"author":[{"embeddable":true,"href":"https:\/\/portalraizesnoticias.com.br\/index.php?rest_route=\/wp\/v2\/users\/3"}],"replies":[{"embeddable":true,"href":"https:\/\/portalraizesnoticias.com.br\/index.php?rest_route=%2Fwp%2Fv2%2Fcomments&post=1823"}],"version-history":[{"count":1,"href":"https:\/\/portalraizesnoticias.com.br\/index.php?rest_route=\/wp\/v2\/posts\/1823\/revisions"}],"predecessor-version":[{"id":1825,"href":"https:\/\/portalraizesnoticias.com.br\/index.php?rest_route=\/wp\/v2\/posts\/1823\/revisions\/1825"}],"wp:featuredmedia":[{"embeddable":true,"href":"https:\/\/portalraizesnoticias.com.br\/index.php?rest_route=\/wp\/v2\/media\/1824"}],"wp:attachment":[{"href":"https:\/\/portalraizesnoticias.com.br\/index.php?rest_route=%2Fwp%2Fv2%2Fmedia&parent=1823"}],"wp:term":[{"taxonomy":"category","embeddable":true,"href":"https:\/\/portalraizesnoticias.com.br\/index.php?rest_route=%2Fwp%2Fv2%2Fcategories&post=1823"},{"taxonomy":"post_tag","embeddable":true,"href":"https:\/\/portalraizesnoticias.com.br\/index.php?rest_route=%2Fwp%2Fv2%2Ftags&post=1823"}],"curies":[{"name":"wp","href":"https:\/\/api.w.org\/{rel}","templated":true}]}}