{"id":1730,"date":"2024-10-22T17:23:16","date_gmt":"2024-10-22T17:23:16","guid":{"rendered":"https:\/\/portalraizesnoticias.com.br\/?p=1730"},"modified":"2024-10-22T17:23:16","modified_gmt":"2024-10-22T17:23:16","slug":"dois-homens-sao-alvejados-em-tentativa-de-homicidio-no-centro-de-municipio-da-regiao-do-sisal","status":"publish","type":"post","link":"https:\/\/portalraizesnoticias.com.br\/?p=1730","title":{"rendered":"Dois homens s\u00e3o alvejados em tentativa de homic\u00eddio no centro de munic\u00edpio da regi\u00e3o do sisal"},"content":{"rendered":"<div data-breakout=\"normal\">\n<p id=\"viewer-66kt43\" class=\"-WmjD o7wcN mv-kv -XAO6\" dir=\"auto\"><span class=\"MRVrn mv-kv\">Na madrugada desta segunda-feira, 21, dois homens foram v\u00edtimas de disparos de arma de fogo no centro de Queimadas. As v\u00edtimas de 32 e 27 anos foram atacadas por dois suspeitos em uma motocicleta preta, ambos usando capacetes.<\/span><\/p>\n<\/div>\n<div data-hook=\"rcv-block3\"><\/div>\n<div data-breakout=\"normal\">\n<div id=\"viewer-np3955\" class=\"-WmjD o7wcN mv-kv -XAO6\" dir=\"auto\"><span class=\"MRVrn mv-kv\">\u00a0<\/span><\/div>\n<\/div>\n<div data-hook=\"rcv-block4\"><\/div>\n<div data-breakout=\"normal\">\n<p id=\"viewer-i2xck6\" class=\"-WmjD o7wcN mv-kv -XAO6\" dir=\"auto\"><span class=\"MRVrn mv-kv\">De acordo com o relato das v\u00edtimas \u00e0 Pol\u00edcia Militar, o ataque ocorreu quando estavam chegando em suas resid\u00eancias, situadas na Pra\u00e7a da Liberdade. Uma das v\u00edtimas foi atingida no p\u00e9, enquanto a outra foi baleada na regi\u00e3o do abd\u00f4men.<\/span><\/p>\n<\/div>\n<div data-hook=\"rcv-block5\"><\/div>\n<div data-breakout=\"normal\">\n<div id=\"viewer-9u11k8\" class=\"-WmjD o7wcN mv-kv -XAO6\" dir=\"auto\"><span class=\"MRVrn mv-kv\">\u00a0<\/span><\/div>\n<\/div>\n<div data-hook=\"rcv-block6\"><\/div>\n<div data-breakout=\"normal\">\n<p id=\"viewer-6yjy09\" class=\"-WmjD o7wcN mv-kv -XAO6\" dir=\"auto\"><span class=\"MRVrn mv-kv\">Ap\u00f3s o ocorrido, ambos foram socorridos e encaminhados ao hospital da cidade. As autoridades informaram que, felizmente, nenhum dos dois corre risco de morte.<\/span><\/p>\n<\/div>\n<div data-hook=\"rcv-block7\"><\/div>\n<div data-breakout=\"normal\">\n<div id=\"viewer-id9wq11\" class=\"-WmjD o7wcN mv-kv -XAO6\" dir=\"auto\"><span class=\"MRVrn mv-kv\">\u00a0<\/span><\/div>\n<\/div>\n<div data-hook=\"rcv-block8\"><\/div>\n<div data-breakout=\"normal\">\n<p id=\"viewer-dhtqw12\" class=\"-WmjD o7wcN mv-kv -XAO6\" dir=\"auto\"><span class=\"MRVrn mv-kv\">A Pol\u00edcia Militar e a Guarda Civil Municipal foram mobilizadas e realizaram rondas na \u00e1rea em busca dos autores, mas at\u00e9 o momento, os respons\u00e1veis pelos disparos n\u00e3o foram identificados ou presos. As v\u00edtimas afirmaram que n\u00e3o conseguiram reconhecer os agressores, dificultando as investiga\u00e7\u00f5es.<\/span><\/p>\n<\/div>\n<p dir=\"auto\">\n<p dir=\"auto\">InfoSerrinha<\/p>\n","protected":false},"excerpt":{"rendered":"<p>Na madrugada desta segunda-feira, 21, dois homens foram v\u00edtimas de disparos de arma de fogo no centro de Queimadas. As v\u00edtimas de 32 e 27 anos foram atacadas por dois suspeitos em uma motocicleta preta, ambos usando capacetes. \u00a0 De acordo com o relato das v\u00edtimas \u00e0 Pol\u00edcia Militar, o ataque ocorreu quando estavam chegando em suas resid\u00eancias, situadas na Pra\u00e7a da Liberdade. Uma das v\u00edtimas foi atingida no p\u00e9, enquanto a outra foi baleada na regi\u00e3o do abd\u00f4men. \u00a0 Ap\u00f3s o ocorrido, ambos foram socorridos e encaminhados ao hospital da cidade. As autoridades informaram que, felizmente, nenhum dos dois corre risco de morte. \u00a0 A Pol\u00edcia Militar e a Guarda Civil Municipal foram mobilizadas e realizaram rondas na \u00e1rea em busca dos autores, mas at\u00e9 o momento, os respons\u00e1veis pelos disparos n\u00e3o foram identificados ou presos. As v\u00edtimas afirmaram que n\u00e3o conseguiram reconhecer os agressores, dificultando as investiga\u00e7\u00f5es. InfoSerrinha<\/p>\n","protected":false},"author":3,"featured_media":1731,"comment_status":"open","ping_status":"open","sticky":false,"template":"","format":"standard","meta":{"_joinchat":[],"footnotes":""},"categories":[55,67,56,59],"tags":[],"class_list":["post-1730","post","type-post","status-publish","format-standard","has-post-thumbnail","hentry","category-destaques","category-policia","category-regiao","category-ultimas-noticias"],"yoast_head":"<!-- This site is optimized with the Yoast SEO plugin v24.4 - https:\/\/yoast.com\/wordpress\/plugins\/seo\/ -->\n<title>Dois homens s\u00e3o alvejados em tentativa de homic\u00eddio no centro de munic\u00edpio da regi\u00e3o do sisal - Portal raizes noticias<\/title>\n<meta name=\"robots\" content=\"index, follow, max-snippet:-1, max-image-preview:large, max-video-preview:-1\" \/>\n<link rel=\"canonical\" href=\"https:\/\/portalraizesnoticias.com.br\/?p=1730\" \/>\n<meta property=\"og:locale\" content=\"pt_BR\" \/>\n<meta property=\"og:type\" content=\"article\" \/>\n<meta property=\"og:title\" content=\"Dois homens s\u00e3o alvejados em tentativa de homic\u00eddio no centro de munic\u00edpio da regi\u00e3o do sisal - Portal raizes noticias\" \/>\n<meta property=\"og:description\" content=\"Na madrugada desta segunda-feira, 21, dois homens foram v\u00edtimas de disparos de arma de fogo no centro de Queimadas. As v\u00edtimas de 32 e 27 anos foram atacadas por dois suspeitos em uma motocicleta preta, ambos usando capacetes. \u00a0 De acordo com o relato das v\u00edtimas \u00e0 Pol\u00edcia Militar, o ataque ocorreu quando estavam chegando em suas resid\u00eancias, situadas na Pra\u00e7a da Liberdade. Uma das v\u00edtimas foi atingida no p\u00e9, enquanto a outra foi baleada na regi\u00e3o do abd\u00f4men. \u00a0 Ap\u00f3s o ocorrido, ambos foram socorridos e encaminhados ao hospital da cidade. As autoridades informaram que, felizmente, nenhum dos dois corre risco de morte. \u00a0 A Pol\u00edcia Militar e a Guarda Civil Municipal foram mobilizadas e realizaram rondas na \u00e1rea em busca dos autores, mas at\u00e9 o momento, os respons\u00e1veis pelos disparos n\u00e3o foram identificados ou presos. As v\u00edtimas afirmaram que n\u00e3o conseguiram reconhecer os agressores, dificultando as investiga\u00e7\u00f5es. InfoSerrinha\" \/>\n<meta property=\"og:url\" content=\"https:\/\/portalraizesnoticias.com.br\/?p=1730\" \/>\n<meta property=\"og:site_name\" content=\"Portal raizes noticias\" \/>\n<meta property=\"article:published_time\" content=\"2024-10-22T17:23:16+00:00\" \/>\n<meta property=\"og:image\" content=\"https:\/\/portalraizesnoticias.com.br\/wp-content\/uploads\/2024\/10\/3e3450_0621ab4671774de192380350803105d2mv2.webp\" \/>\n\t<meta property=\"og:image:width\" content=\"740\" \/>\n\t<meta property=\"og:image:height\" content=\"502\" \/>\n\t<meta property=\"og:image:type\" content=\"image\/webp\" \/>\n<meta name=\"author\" content=\"Portal Raizes\" \/>\n<meta name=\"twitter:card\" content=\"summary_large_image\" \/>\n<meta name=\"twitter:label1\" content=\"Escrito por\" \/>\n\t<meta name=\"twitter:data1\" content=\"Portal Raizes\" \/>\n\t<meta name=\"twitter:label2\" content=\"Est. tempo de leitura\" \/>\n\t<meta name=\"twitter:data2\" content=\"1 minuto\" \/>\n<script type=\"application\/ld+json\" class=\"yoast-schema-graph\">{\"@context\":\"https:\/\/schema.org\",\"@graph\":[{\"@type\":\"Article\",\"@id\":\"https:\/\/portalraizesnoticias.com.br\/?p=1730#article\",\"isPartOf\":{\"@id\":\"https:\/\/portalraizesnoticias.com.br\/?p=1730\"},\"author\":{\"name\":\"Portal Raizes\",\"@id\":\"https:\/\/portalraizesnoticias.com.br\/#\/schema\/person\/a3ca6b0fc701e78df19756c417d943ae\"},\"headline\":\"Dois homens s\u00e3o alvejados em tentativa de homic\u00eddio no centro de munic\u00edpio da regi\u00e3o do sisal\",\"datePublished\":\"2024-10-22T17:23:16+00:00\",\"mainEntityOfPage\":{\"@id\":\"https:\/\/portalraizesnoticias.com.br\/?p=1730\"},\"wordCount\":179,\"commentCount\":0,\"publisher\":{\"@id\":\"https:\/\/portalraizesnoticias.com.br\/#organization\"},\"image\":{\"@id\":\"https:\/\/portalraizesnoticias.com.br\/?p=1730#primaryimage\"},\"thumbnailUrl\":\"https:\/\/portalraizesnoticias.com.br\/wp-content\/uploads\/2024\/10\/3e3450_0621ab4671774de192380350803105d2mv2.webp\",\"articleSection\":[\"DESTAQUES\",\"POLICIA\",\"REGI\u00c3O\",\"ULTIMAS NOTICIAS\"],\"inLanguage\":\"pt-BR\",\"potentialAction\":[{\"@type\":\"CommentAction\",\"name\":\"Comment\",\"target\":[\"https:\/\/portalraizesnoticias.com.br\/?p=1730#respond\"]}]},{\"@type\":\"WebPage\",\"@id\":\"https:\/\/portalraizesnoticias.com.br\/?p=1730\",\"url\":\"https:\/\/portalraizesnoticias.com.br\/?p=1730\",\"name\":\"Dois homens s\u00e3o alvejados em tentativa de homic\u00eddio no centro de munic\u00edpio da regi\u00e3o do sisal - Portal raizes noticias\",\"isPartOf\":{\"@id\":\"https:\/\/portalraizesnoticias.com.br\/#website\"},\"primaryImageOfPage\":{\"@id\":\"https:\/\/portalraizesnoticias.com.br\/?p=1730#primaryimage\"},\"image\":{\"@id\":\"https:\/\/portalraizesnoticias.com.br\/?p=1730#primaryimage\"},\"thumbnailUrl\":\"https:\/\/portalraizesnoticias.com.br\/wp-content\/uploads\/2024\/10\/3e3450_0621ab4671774de192380350803105d2mv2.webp\",\"datePublished\":\"2024-10-22T17:23:16+00:00\",\"breadcrumb\":{\"@id\":\"https:\/\/portalraizesnoticias.com.br\/?p=1730#breadcrumb\"},\"inLanguage\":\"pt-BR\",\"potentialAction\":[{\"@type\":\"ReadAction\",\"target\":[\"https:\/\/portalraizesnoticias.com.br\/?p=1730\"]}]},{\"@type\":\"ImageObject\",\"inLanguage\":\"pt-BR\",\"@id\":\"https:\/\/portalraizesnoticias.com.br\/?p=1730#primaryimage\",\"url\":\"https:\/\/portalraizesnoticias.com.br\/wp-content\/uploads\/2024\/10\/3e3450_0621ab4671774de192380350803105d2mv2.webp\",\"contentUrl\":\"https:\/\/portalraizesnoticias.com.br\/wp-content\/uploads\/2024\/10\/3e3450_0621ab4671774de192380350803105d2mv2.webp\",\"width\":740,\"height\":502},{\"@type\":\"BreadcrumbList\",\"@id\":\"https:\/\/portalraizesnoticias.com.br\/?p=1730#breadcrumb\",\"itemListElement\":[{\"@type\":\"ListItem\",\"position\":1,\"name\":\"In\u00edcio\",\"item\":\"https:\/\/portalraizesnoticias.com.br\/\"},{\"@type\":\"ListItem\",\"position\":2,\"name\":\"Dois homens s\u00e3o alvejados em tentativa de homic\u00eddio no centro de munic\u00edpio da regi\u00e3o do sisal\"}]},{\"@type\":\"WebSite\",\"@id\":\"https:\/\/portalraizesnoticias.com.br\/#website\",\"url\":\"https:\/\/portalraizesnoticias.com.br\/\",\"name\":\"Portal raizes NOTICIAS\",\"description\":\"site de noticias de concei\u00e7\u00e3o do coit\u00e9 e regi\u00e3o\",\"publisher\":{\"@id\":\"https:\/\/portalraizesnoticias.com.br\/#organization\"},\"alternateName\":\"PORTAL RAIZES COIT\u00c9\",\"potentialAction\":[{\"@type\":\"SearchAction\",\"target\":{\"@type\":\"EntryPoint\",\"urlTemplate\":\"https:\/\/portalraizesnoticias.com.br\/?s={search_term_string}\"},\"query-input\":{\"@type\":\"PropertyValueSpecification\",\"valueRequired\":true,\"valueName\":\"search_term_string\"}}],\"inLanguage\":\"pt-BR\"},{\"@type\":\"Organization\",\"@id\":\"https:\/\/portalraizesnoticias.com.br\/#organization\",\"name\":\"Portal raizes NOTICIAS\",\"url\":\"https:\/\/portalraizesnoticias.com.br\/\",\"logo\":{\"@type\":\"ImageObject\",\"inLanguage\":\"pt-BR\",\"@id\":\"https:\/\/portalraizesnoticias.com.br\/#\/schema\/logo\/image\/\",\"url\":\"https:\/\/portalraizesnoticias.com.br\/wp-content\/uploads\/2024\/09\/cropped-Captura-de-tela-2024-09-08-011108.png\",\"contentUrl\":\"https:\/\/portalraizesnoticias.com.br\/wp-content\/uploads\/2024\/09\/cropped-Captura-de-tela-2024-09-08-011108.png\",\"width\":606,\"height\":173,\"caption\":\"Portal raizes NOTICIAS\"},\"image\":{\"@id\":\"https:\/\/portalraizesnoticias.com.br\/#\/schema\/logo\/image\/\"}},{\"@type\":\"Person\",\"@id\":\"https:\/\/portalraizesnoticias.com.br\/#\/schema\/person\/a3ca6b0fc701e78df19756c417d943ae\",\"name\":\"Portal Raizes\",\"image\":{\"@type\":\"ImageObject\",\"inLanguage\":\"pt-BR\",\"@id\":\"https:\/\/portalraizesnoticias.com.br\/#\/schema\/person\/image\/\",\"url\":\"https:\/\/secure.gravatar.com\/avatar\/ef450d29013a3d3fba867a12a249d7b1?s=96&d=mm&r=g\",\"contentUrl\":\"https:\/\/secure.gravatar.com\/avatar\/ef450d29013a3d3fba867a12a249d7b1?s=96&d=mm&r=g\",\"caption\":\"Portal Raizes\"},\"url\":\"https:\/\/portalraizesnoticias.com.br\/?author=3\"}]}<\/script>\n<!-- \/ Yoast SEO plugin. -->","yoast_head_json":{"title":"Dois homens s\u00e3o alvejados em tentativa de homic\u00eddio no centro de munic\u00edpio da regi\u00e3o do sisal - Portal raizes noticias","robots":{"index":"index","follow":"follow","max-snippet":"max-snippet:-1","max-image-preview":"max-image-preview:large","max-video-preview":"max-video-preview:-1"},"canonical":"https:\/\/portalraizesnoticias.com.br\/?p=1730","og_locale":"pt_BR","og_type":"article","og_title":"Dois homens s\u00e3o alvejados em tentativa de homic\u00eddio no centro de munic\u00edpio da regi\u00e3o do sisal - Portal raizes noticias","og_description":"Na madrugada desta segunda-feira, 21, dois homens foram v\u00edtimas de disparos de arma de fogo no centro de Queimadas. As v\u00edtimas de 32 e 27 anos foram atacadas por dois suspeitos em uma motocicleta preta, ambos usando capacetes. \u00a0 De acordo com o relato das v\u00edtimas \u00e0 Pol\u00edcia Militar, o ataque ocorreu quando estavam chegando em suas resid\u00eancias, situadas na Pra\u00e7a da Liberdade. Uma das v\u00edtimas foi atingida no p\u00e9, enquanto a outra foi baleada na regi\u00e3o do abd\u00f4men. \u00a0 Ap\u00f3s o ocorrido, ambos foram socorridos e encaminhados ao hospital da cidade. As autoridades informaram que, felizmente, nenhum dos dois corre risco de morte. \u00a0 A Pol\u00edcia Militar e a Guarda Civil Municipal foram mobilizadas e realizaram rondas na \u00e1rea em busca dos autores, mas at\u00e9 o momento, os respons\u00e1veis pelos disparos n\u00e3o foram identificados ou presos. As v\u00edtimas afirmaram que n\u00e3o conseguiram reconhecer os agressores, dificultando as investiga\u00e7\u00f5es. InfoSerrinha","og_url":"https:\/\/portalraizesnoticias.com.br\/?p=1730","og_site_name":"Portal raizes noticias","article_published_time":"2024-10-22T17:23:16+00:00","og_image":[{"width":740,"height":502,"url":"https:\/\/portalraizesnoticias.com.br\/wp-content\/uploads\/2024\/10\/3e3450_0621ab4671774de192380350803105d2mv2.webp","type":"image\/webp"}],"author":"Portal Raizes","twitter_card":"summary_large_image","twitter_misc":{"Escrito por":"Portal Raizes","Est. tempo de leitura":"1 minuto"},"schema":{"@context":"https:\/\/schema.org","@graph":[{"@type":"Article","@id":"https:\/\/portalraizesnoticias.com.br\/?p=1730#article","isPartOf":{"@id":"https:\/\/portalraizesnoticias.com.br\/?p=1730"},"author":{"name":"Portal Raizes","@id":"https:\/\/portalraizesnoticias.com.br\/#\/schema\/person\/a3ca6b0fc701e78df19756c417d943ae"},"headline":"Dois homens s\u00e3o alvejados em tentativa de homic\u00eddio no centro de munic\u00edpio da regi\u00e3o do sisal","datePublished":"2024-10-22T17:23:16+00:00","mainEntityOfPage":{"@id":"https:\/\/portalraizesnoticias.com.br\/?p=1730"},"wordCount":179,"commentCount":0,"publisher":{"@id":"https:\/\/portalraizesnoticias.com.br\/#organization"},"image":{"@id":"https:\/\/portalraizesnoticias.com.br\/?p=1730#primaryimage"},"thumbnailUrl":"https:\/\/portalraizesnoticias.com.br\/wp-content\/uploads\/2024\/10\/3e3450_0621ab4671774de192380350803105d2mv2.webp","articleSection":["DESTAQUES","POLICIA","REGI\u00c3O","ULTIMAS NOTICIAS"],"inLanguage":"pt-BR","potentialAction":[{"@type":"CommentAction","name":"Comment","target":["https:\/\/portalraizesnoticias.com.br\/?p=1730#respond"]}]},{"@type":"WebPage","@id":"https:\/\/portalraizesnoticias.com.br\/?p=1730","url":"https:\/\/portalraizesnoticias.com.br\/?p=1730","name":"Dois homens s\u00e3o alvejados em tentativa de homic\u00eddio no centro de munic\u00edpio da regi\u00e3o do sisal - Portal raizes noticias","isPartOf":{"@id":"https:\/\/portalraizesnoticias.com.br\/#website"},"primaryImageOfPage":{"@id":"https:\/\/portalraizesnoticias.com.br\/?p=1730#primaryimage"},"image":{"@id":"https:\/\/portalraizesnoticias.com.br\/?p=1730#primaryimage"},"thumbnailUrl":"https:\/\/portalraizesnoticias.com.br\/wp-content\/uploads\/2024\/10\/3e3450_0621ab4671774de192380350803105d2mv2.webp","datePublished":"2024-10-22T17:23:16+00:00","breadcrumb":{"@id":"https:\/\/portalraizesnoticias.com.br\/?p=1730#breadcrumb"},"inLanguage":"pt-BR","potentialAction":[{"@type":"ReadAction","target":["https:\/\/portalraizesnoticias.com.br\/?p=1730"]}]},{"@type":"ImageObject","inLanguage":"pt-BR","@id":"https:\/\/portalraizesnoticias.com.br\/?p=1730#primaryimage","url":"https:\/\/portalraizesnoticias.com.br\/wp-content\/uploads\/2024\/10\/3e3450_0621ab4671774de192380350803105d2mv2.webp","contentUrl":"https:\/\/portalraizesnoticias.com.br\/wp-content\/uploads\/2024\/10\/3e3450_0621ab4671774de192380350803105d2mv2.webp","width":740,"height":502},{"@type":"BreadcrumbList","@id":"https:\/\/portalraizesnoticias.com.br\/?p=1730#breadcrumb","itemListElement":[{"@type":"ListItem","position":1,"name":"In\u00edcio","item":"https:\/\/portalraizesnoticias.com.br\/"},{"@type":"ListItem","position":2,"name":"Dois homens s\u00e3o alvejados em tentativa de homic\u00eddio no centro de munic\u00edpio da regi\u00e3o do sisal"}]},{"@type":"WebSite","@id":"https:\/\/portalraizesnoticias.com.br\/#website","url":"https:\/\/portalraizesnoticias.com.br\/","name":"Portal raizes NOTICIAS","description":"site de noticias de concei\u00e7\u00e3o do coit\u00e9 e regi\u00e3o","publisher":{"@id":"https:\/\/portalraizesnoticias.com.br\/#organization"},"alternateName":"PORTAL RAIZES COIT\u00c9","potentialAction":[{"@type":"SearchAction","target":{"@type":"EntryPoint","urlTemplate":"https:\/\/portalraizesnoticias.com.br\/?s={search_term_string}"},"query-input":{"@type":"PropertyValueSpecification","valueRequired":true,"valueName":"search_term_string"}}],"inLanguage":"pt-BR"},{"@type":"Organization","@id":"https:\/\/portalraizesnoticias.com.br\/#organization","name":"Portal raizes NOTICIAS","url":"https:\/\/portalraizesnoticias.com.br\/","logo":{"@type":"ImageObject","inLanguage":"pt-BR","@id":"https:\/\/portalraizesnoticias.com.br\/#\/schema\/logo\/image\/","url":"https:\/\/portalraizesnoticias.com.br\/wp-content\/uploads\/2024\/09\/cropped-Captura-de-tela-2024-09-08-011108.png","contentUrl":"https:\/\/portalraizesnoticias.com.br\/wp-content\/uploads\/2024\/09\/cropped-Captura-de-tela-2024-09-08-011108.png","width":606,"height":173,"caption":"Portal raizes NOTICIAS"},"image":{"@id":"https:\/\/portalraizesnoticias.com.br\/#\/schema\/logo\/image\/"}},{"@type":"Person","@id":"https:\/\/portalraizesnoticias.com.br\/#\/schema\/person\/a3ca6b0fc701e78df19756c417d943ae","name":"Portal Raizes","image":{"@type":"ImageObject","inLanguage":"pt-BR","@id":"https:\/\/portalraizesnoticias.com.br\/#\/schema\/person\/image\/","url":"https:\/\/secure.gravatar.com\/avatar\/ef450d29013a3d3fba867a12a249d7b1?s=96&d=mm&r=g","contentUrl":"https:\/\/secure.gravatar.com\/avatar\/ef450d29013a3d3fba867a12a249d7b1?s=96&d=mm&r=g","caption":"Portal Raizes"},"url":"https:\/\/portalraizesnoticias.com.br\/?author=3"}]}},"_links":{"self":[{"href":"https:\/\/portalraizesnoticias.com.br\/index.php?rest_route=\/wp\/v2\/posts\/1730"}],"collection":[{"href":"https:\/\/portalraizesnoticias.com.br\/index.php?rest_route=\/wp\/v2\/posts"}],"about":[{"href":"https:\/\/portalraizesnoticias.com.br\/index.php?rest_route=\/wp\/v2\/types\/post"}],"author":[{"embeddable":true,"href":"https:\/\/portalraizesnoticias.com.br\/index.php?rest_route=\/wp\/v2\/users\/3"}],"replies":[{"embeddable":true,"href":"https:\/\/portalraizesnoticias.com.br\/index.php?rest_route=%2Fwp%2Fv2%2Fcomments&post=1730"}],"version-history":[{"count":1,"href":"https:\/\/portalraizesnoticias.com.br\/index.php?rest_route=\/wp\/v2\/posts\/1730\/revisions"}],"predecessor-version":[{"id":1732,"href":"https:\/\/portalraizesnoticias.com.br\/index.php?rest_route=\/wp\/v2\/posts\/1730\/revisions\/1732"}],"wp:featuredmedia":[{"embeddable":true,"href":"https:\/\/portalraizesnoticias.com.br\/index.php?rest_route=\/wp\/v2\/media\/1731"}],"wp:attachment":[{"href":"https:\/\/portalraizesnoticias.com.br\/index.php?rest_route=%2Fwp%2Fv2%2Fmedia&parent=1730"}],"wp:term":[{"taxonomy":"category","embeddable":true,"href":"https:\/\/portalraizesnoticias.com.br\/index.php?rest_route=%2Fwp%2Fv2%2Fcategories&post=1730"},{"taxonomy":"post_tag","embeddable":true,"href":"https:\/\/portalraizesnoticias.com.br\/index.php?rest_route=%2Fwp%2Fv2%2Ftags&post=1730"}],"curies":[{"name":"wp","href":"https:\/\/api.w.org\/{rel}","templated":true}]}}