{"id":1727,"date":"2024-10-22T17:22:14","date_gmt":"2024-10-22T17:22:14","guid":{"rendered":"https:\/\/portalraizesnoticias.com.br\/?p=1727"},"modified":"2024-10-22T17:22:14","modified_gmt":"2024-10-22T17:22:14","slug":"embasa-justifica-recentes-problemas-no-abastecimento-em-coite-e-regiao-reducao-de-32-litros-por-segundo","status":"publish","type":"post","link":"https:\/\/portalraizesnoticias.com.br\/?p=1727","title":{"rendered":"Embasa justifica recentes problemas no abastecimento em Coit\u00e9 e regi\u00e3o: &#8220;Redu\u00e7\u00e3o de 32 litros por segundo&#8221;"},"content":{"rendered":"<div data-breakout=\"normal\">\n<p id=\"viewer-e3k9f83\" class=\"-WmjD o7wcN mv-kv -XAO6\" dir=\"auto\"><span class=\"MRVrn mv-kv\">A escassez de \u00e1gua no aqu\u00edfero Tucano, registrada no in\u00edcio de outubro, colocou em alerta os sistemas de abastecimento de Serrinha, Concei\u00e7\u00e3o do Coit\u00e9, Biritinga, Barrocas, Teofil\u00e2ndia, Lamar\u00e3o e Retirol\u00e2ndia. A Embasa est\u00e1 adotando medidas emergenciais para tentar contornar a situa\u00e7\u00e3o e normalizar o fornecimento at\u00e9 o final do ano.<\/span><\/p>\n<\/div>\n<div data-hook=\"rcv-block3\"><\/div>\n<div data-breakout=\"normal\">\n<div id=\"viewer-13lmk71\" class=\"-WmjD o7wcN mv-kv -XAO6\" dir=\"auto\"><span class=\"MRVrn mv-kv\">\u00a0<\/span><\/div>\n<\/div>\n<div data-hook=\"rcv-block4\"><\/div>\n<div data-breakout=\"normal\">\n<p id=\"viewer-78qid72\" class=\"-WmjD o7wcN mv-kv -XAO6\" dir=\"auto\"><span class=\"MRVrn mv-kv\">Essas cidades s\u00e3o abastecidas por 19 po\u00e7os situados em Biritinga, localizados na periferia do aqu\u00edfero. Desde o come\u00e7o de outubro, o volume total de \u00e1gua dispon\u00edvel no sistema Serrinha-Coit\u00e9 caiu de 416 litros por segundo (l\/s) para 385 l\/s. De acordo com o gerente regional da Embasa, Raimundo Neto, essa redu\u00e7\u00e3o de 32 l\/s em poucos dias comprometeu significativamente o abastecimento. &#8220;Estamos monitorando a situa\u00e7\u00e3o e em contato direto com o Instituto do Meio Ambiente e Recursos H\u00eddricos para entender o que est\u00e1 acontecendo com o aqu\u00edfero&#8221;, afirmou Neto. Enquanto isso, a equipe da Embasa trabalha de forma cont\u00ednua para tentar recuperar os n\u00edveis de fornecimento.<\/span><\/p>\n<\/div>\n<div data-hook=\"rcv-block5\"><\/div>\n<div data-breakout=\"normal\">\n<div id=\"viewer-0z3mf74\" class=\"-WmjD o7wcN mv-kv -XAO6\" dir=\"auto\"><span class=\"MRVrn mv-kv\">\u00a0<\/span><\/div>\n<\/div>\n<div data-hook=\"rcv-block6\"><\/div>\n<div data-breakout=\"normal\">\n<p id=\"viewer-2hiul75\" class=\"-WmjD o7wcN mv-kv -XAO6\" dir=\"auto\"><span class=\"MRVrn mv-kv\">A curto prazo, a Embasa planeja reativar dois po\u00e7os at\u00e9 o final de outubro, o que permitir\u00e1 retomar 15 l\/s de \u00e1gua ao sistema. Outros tr\u00eas po\u00e7os dever\u00e3o ser perfurados at\u00e9 dezembro, segundo previs\u00f5es da empresa. No entanto, a profundidade crescente necess\u00e1ria para atingir reservas subterr\u00e2neas \u00e9 um desafio. &#8220;Estamos estudando solu\u00e7\u00f5es de m\u00e9dio e longo prazo, pois o esgotamento do manancial atual pode ser uma realidade iminente&#8221;, destacou o gerente.<\/span><\/p>\n<\/div>\n<div data-hook=\"rcv-block7\"><\/div>\n<div data-breakout=\"normal\">\n<div id=\"viewer-txqji247\" class=\"-WmjD o7wcN UPwaE -XAO6\" dir=\"auto\"><span class=\"MRVrn\">\u00a0<\/span><\/div>\n<\/div>\n<div data-hook=\"rcv-block8\"><\/div>\n<div data-breakout=\"normal\">\n<p id=\"viewer-qbj0o252\" class=\"-WmjD o7wcN mv-kv -XAO6\" dir=\"auto\"><span class=\"MRVrn mv-kv\">Enquanto isso, diversos bairros e povoados das cidades est\u00e3o passando por dificuldades no abastecimento.<\/span><\/p>\n<\/div>\n<p dir=\"auto\">Info Serrinha<\/p>\n","protected":false},"excerpt":{"rendered":"<p>A escassez de \u00e1gua no aqu\u00edfero Tucano, registrada no in\u00edcio de outubro, colocou em alerta os sistemas de abastecimento de Serrinha, Concei\u00e7\u00e3o do Coit\u00e9, Biritinga, Barrocas, Teofil\u00e2ndia, Lamar\u00e3o e Retirol\u00e2ndia. A Embasa est\u00e1 adotando medidas emergenciais para tentar contornar a situa\u00e7\u00e3o e normalizar o fornecimento at\u00e9 o final do ano. \u00a0 Essas cidades s\u00e3o abastecidas por 19 po\u00e7os situados em Biritinga, localizados na periferia do aqu\u00edfero. Desde o come\u00e7o de outubro, o volume total de \u00e1gua dispon\u00edvel no sistema Serrinha-Coit\u00e9 caiu de 416 litros por segundo (l\/s) para 385 l\/s. De acordo com o gerente regional da Embasa, Raimundo Neto, essa redu\u00e7\u00e3o de 32 l\/s em poucos dias comprometeu significativamente o abastecimento. &#8220;Estamos monitorando a situa\u00e7\u00e3o e em contato direto com o Instituto do Meio Ambiente e Recursos H\u00eddricos para entender o que est\u00e1 acontecendo com o aqu\u00edfero&#8221;, afirmou Neto. Enquanto isso, a equipe da Embasa trabalha de forma cont\u00ednua para tentar recuperar os n\u00edveis de fornecimento. \u00a0 A curto prazo, a Embasa planeja reativar dois po\u00e7os at\u00e9 o final de outubro, o que permitir\u00e1 retomar 15 l\/s de \u00e1gua ao sistema. Outros tr\u00eas po\u00e7os dever\u00e3o ser perfurados at\u00e9 dezembro, segundo previs\u00f5es da empresa. No entanto, a profundidade crescente necess\u00e1ria para atingir reservas subterr\u00e2neas \u00e9 um desafio. &#8220;Estamos estudando solu\u00e7\u00f5es de m\u00e9dio e longo prazo, pois o esgotamento do manancial atual pode ser uma realidade iminente&#8221;, destacou o gerente. \u00a0 Enquanto isso, diversos bairros e povoados das cidades est\u00e3o passando por dificuldades no abastecimento. Info Serrinha<\/p>\n","protected":false},"author":3,"featured_media":1728,"comment_status":"open","ping_status":"open","sticky":false,"template":"","format":"standard","meta":{"_joinchat":[],"footnotes":""},"categories":[55,56,59],"tags":[],"class_list":["post-1727","post","type-post","status-publish","format-standard","has-post-thumbnail","hentry","category-destaques","category-regiao","category-ultimas-noticias"],"yoast_head":"<!-- This site is optimized with the Yoast SEO plugin v24.4 - https:\/\/yoast.com\/wordpress\/plugins\/seo\/ -->\n<title>Embasa justifica recentes problemas no abastecimento em Coit\u00e9 e regi\u00e3o: &quot;Redu\u00e7\u00e3o de 32 litros por segundo&quot; - Portal raizes noticias<\/title>\n<meta name=\"robots\" content=\"index, follow, max-snippet:-1, max-image-preview:large, max-video-preview:-1\" \/>\n<link rel=\"canonical\" href=\"https:\/\/portalraizesnoticias.com.br\/?p=1727\" \/>\n<meta property=\"og:locale\" content=\"pt_BR\" \/>\n<meta property=\"og:type\" content=\"article\" \/>\n<meta property=\"og:title\" content=\"Embasa justifica recentes problemas no abastecimento em Coit\u00e9 e regi\u00e3o: &quot;Redu\u00e7\u00e3o de 32 litros por segundo&quot; - Portal raizes noticias\" \/>\n<meta property=\"og:description\" content=\"A escassez de \u00e1gua no aqu\u00edfero Tucano, registrada no in\u00edcio de outubro, colocou em alerta os sistemas de abastecimento de Serrinha, Concei\u00e7\u00e3o do Coit\u00e9, Biritinga, Barrocas, Teofil\u00e2ndia, Lamar\u00e3o e Retirol\u00e2ndia. A Embasa est\u00e1 adotando medidas emergenciais para tentar contornar a situa\u00e7\u00e3o e normalizar o fornecimento at\u00e9 o final do ano. \u00a0 Essas cidades s\u00e3o abastecidas por 19 po\u00e7os situados em Biritinga, localizados na periferia do aqu\u00edfero. Desde o come\u00e7o de outubro, o volume total de \u00e1gua dispon\u00edvel no sistema Serrinha-Coit\u00e9 caiu de 416 litros por segundo (l\/s) para 385 l\/s. De acordo com o gerente regional da Embasa, Raimundo Neto, essa redu\u00e7\u00e3o de 32 l\/s em poucos dias comprometeu significativamente o abastecimento. &#8220;Estamos monitorando a situa\u00e7\u00e3o e em contato direto com o Instituto do Meio Ambiente e Recursos H\u00eddricos para entender o que est\u00e1 acontecendo com o aqu\u00edfero&#8221;, afirmou Neto. Enquanto isso, a equipe da Embasa trabalha de forma cont\u00ednua para tentar recuperar os n\u00edveis de fornecimento. \u00a0 A curto prazo, a Embasa planeja reativar dois po\u00e7os at\u00e9 o final de outubro, o que permitir\u00e1 retomar 15 l\/s de \u00e1gua ao sistema. Outros tr\u00eas po\u00e7os dever\u00e3o ser perfurados at\u00e9 dezembro, segundo previs\u00f5es da empresa. No entanto, a profundidade crescente necess\u00e1ria para atingir reservas subterr\u00e2neas \u00e9 um desafio. &#8220;Estamos estudando solu\u00e7\u00f5es de m\u00e9dio e longo prazo, pois o esgotamento do manancial atual pode ser uma realidade iminente&#8221;, destacou o gerente. \u00a0 Enquanto isso, diversos bairros e povoados das cidades est\u00e3o passando por dificuldades no abastecimento. Info Serrinha\" \/>\n<meta property=\"og:url\" content=\"https:\/\/portalraizesnoticias.com.br\/?p=1727\" \/>\n<meta property=\"og:site_name\" content=\"Portal raizes noticias\" \/>\n<meta property=\"article:published_time\" content=\"2024-10-22T17:22:14+00:00\" \/>\n<meta property=\"og:image\" content=\"https:\/\/portalraizesnoticias.com.br\/wp-content\/uploads\/2024\/10\/3e3450_bcda63734ae64e2aaf829d36a6107dabmv2.webp\" \/>\n\t<meta property=\"og:image:width\" content=\"740\" \/>\n\t<meta property=\"og:image:height\" content=\"342\" \/>\n\t<meta property=\"og:image:type\" content=\"image\/webp\" \/>\n<meta name=\"author\" content=\"Portal Raizes\" \/>\n<meta name=\"twitter:card\" content=\"summary_large_image\" \/>\n<meta name=\"twitter:label1\" content=\"Escrito por\" \/>\n\t<meta name=\"twitter:data1\" content=\"Portal Raizes\" \/>\n\t<meta name=\"twitter:label2\" content=\"Est. tempo de leitura\" \/>\n\t<meta name=\"twitter:data2\" content=\"1 minuto\" \/>\n<script type=\"application\/ld+json\" class=\"yoast-schema-graph\">{\"@context\":\"https:\/\/schema.org\",\"@graph\":[{\"@type\":\"Article\",\"@id\":\"https:\/\/portalraizesnoticias.com.br\/?p=1727#article\",\"isPartOf\":{\"@id\":\"https:\/\/portalraizesnoticias.com.br\/?p=1727\"},\"author\":{\"name\":\"Portal Raizes\",\"@id\":\"https:\/\/portalraizesnoticias.com.br\/#\/schema\/person\/a3ca6b0fc701e78df19756c417d943ae\"},\"headline\":\"Embasa justifica recentes problemas no abastecimento em Coit\u00e9 e regi\u00e3o: &#8220;Redu\u00e7\u00e3o de 32 litros por segundo&#8221;\",\"datePublished\":\"2024-10-22T17:22:14+00:00\",\"mainEntityOfPage\":{\"@id\":\"https:\/\/portalraizesnoticias.com.br\/?p=1727\"},\"wordCount\":286,\"commentCount\":0,\"publisher\":{\"@id\":\"https:\/\/portalraizesnoticias.com.br\/#organization\"},\"image\":{\"@id\":\"https:\/\/portalraizesnoticias.com.br\/?p=1727#primaryimage\"},\"thumbnailUrl\":\"https:\/\/portalraizesnoticias.com.br\/wp-content\/uploads\/2024\/10\/3e3450_bcda63734ae64e2aaf829d36a6107dabmv2.webp\",\"articleSection\":[\"DESTAQUES\",\"REGI\u00c3O\",\"ULTIMAS NOTICIAS\"],\"inLanguage\":\"pt-BR\",\"potentialAction\":[{\"@type\":\"CommentAction\",\"name\":\"Comment\",\"target\":[\"https:\/\/portalraizesnoticias.com.br\/?p=1727#respond\"]}]},{\"@type\":\"WebPage\",\"@id\":\"https:\/\/portalraizesnoticias.com.br\/?p=1727\",\"url\":\"https:\/\/portalraizesnoticias.com.br\/?p=1727\",\"name\":\"Embasa justifica recentes problemas no abastecimento em Coit\u00e9 e regi\u00e3o: \\\"Redu\u00e7\u00e3o de 32 litros por segundo\\\" - Portal raizes noticias\",\"isPartOf\":{\"@id\":\"https:\/\/portalraizesnoticias.com.br\/#website\"},\"primaryImageOfPage\":{\"@id\":\"https:\/\/portalraizesnoticias.com.br\/?p=1727#primaryimage\"},\"image\":{\"@id\":\"https:\/\/portalraizesnoticias.com.br\/?p=1727#primaryimage\"},\"thumbnailUrl\":\"https:\/\/portalraizesnoticias.com.br\/wp-content\/uploads\/2024\/10\/3e3450_bcda63734ae64e2aaf829d36a6107dabmv2.webp\",\"datePublished\":\"2024-10-22T17:22:14+00:00\",\"breadcrumb\":{\"@id\":\"https:\/\/portalraizesnoticias.com.br\/?p=1727#breadcrumb\"},\"inLanguage\":\"pt-BR\",\"potentialAction\":[{\"@type\":\"ReadAction\",\"target\":[\"https:\/\/portalraizesnoticias.com.br\/?p=1727\"]}]},{\"@type\":\"ImageObject\",\"inLanguage\":\"pt-BR\",\"@id\":\"https:\/\/portalraizesnoticias.com.br\/?p=1727#primaryimage\",\"url\":\"https:\/\/portalraizesnoticias.com.br\/wp-content\/uploads\/2024\/10\/3e3450_bcda63734ae64e2aaf829d36a6107dabmv2.webp\",\"contentUrl\":\"https:\/\/portalraizesnoticias.com.br\/wp-content\/uploads\/2024\/10\/3e3450_bcda63734ae64e2aaf829d36a6107dabmv2.webp\",\"width\":740,\"height\":342},{\"@type\":\"BreadcrumbList\",\"@id\":\"https:\/\/portalraizesnoticias.com.br\/?p=1727#breadcrumb\",\"itemListElement\":[{\"@type\":\"ListItem\",\"position\":1,\"name\":\"In\u00edcio\",\"item\":\"https:\/\/portalraizesnoticias.com.br\/\"},{\"@type\":\"ListItem\",\"position\":2,\"name\":\"Embasa justifica recentes problemas no abastecimento em Coit\u00e9 e regi\u00e3o: &#8220;Redu\u00e7\u00e3o de 32 litros por segundo&#8221;\"}]},{\"@type\":\"WebSite\",\"@id\":\"https:\/\/portalraizesnoticias.com.br\/#website\",\"url\":\"https:\/\/portalraizesnoticias.com.br\/\",\"name\":\"Portal raizes NOTICIAS\",\"description\":\"site de noticias de concei\u00e7\u00e3o do coit\u00e9 e regi\u00e3o\",\"publisher\":{\"@id\":\"https:\/\/portalraizesnoticias.com.br\/#organization\"},\"alternateName\":\"PORTAL RAIZES COIT\u00c9\",\"potentialAction\":[{\"@type\":\"SearchAction\",\"target\":{\"@type\":\"EntryPoint\",\"urlTemplate\":\"https:\/\/portalraizesnoticias.com.br\/?s={search_term_string}\"},\"query-input\":{\"@type\":\"PropertyValueSpecification\",\"valueRequired\":true,\"valueName\":\"search_term_string\"}}],\"inLanguage\":\"pt-BR\"},{\"@type\":\"Organization\",\"@id\":\"https:\/\/portalraizesnoticias.com.br\/#organization\",\"name\":\"Portal raizes NOTICIAS\",\"url\":\"https:\/\/portalraizesnoticias.com.br\/\",\"logo\":{\"@type\":\"ImageObject\",\"inLanguage\":\"pt-BR\",\"@id\":\"https:\/\/portalraizesnoticias.com.br\/#\/schema\/logo\/image\/\",\"url\":\"https:\/\/portalraizesnoticias.com.br\/wp-content\/uploads\/2024\/09\/cropped-Captura-de-tela-2024-09-08-011108.png\",\"contentUrl\":\"https:\/\/portalraizesnoticias.com.br\/wp-content\/uploads\/2024\/09\/cropped-Captura-de-tela-2024-09-08-011108.png\",\"width\":606,\"height\":173,\"caption\":\"Portal raizes NOTICIAS\"},\"image\":{\"@id\":\"https:\/\/portalraizesnoticias.com.br\/#\/schema\/logo\/image\/\"}},{\"@type\":\"Person\",\"@id\":\"https:\/\/portalraizesnoticias.com.br\/#\/schema\/person\/a3ca6b0fc701e78df19756c417d943ae\",\"name\":\"Portal Raizes\",\"image\":{\"@type\":\"ImageObject\",\"inLanguage\":\"pt-BR\",\"@id\":\"https:\/\/portalraizesnoticias.com.br\/#\/schema\/person\/image\/\",\"url\":\"https:\/\/secure.gravatar.com\/avatar\/ef450d29013a3d3fba867a12a249d7b1?s=96&d=mm&r=g\",\"contentUrl\":\"https:\/\/secure.gravatar.com\/avatar\/ef450d29013a3d3fba867a12a249d7b1?s=96&d=mm&r=g\",\"caption\":\"Portal Raizes\"},\"url\":\"https:\/\/portalraizesnoticias.com.br\/?author=3\"}]}<\/script>\n<!-- \/ Yoast SEO plugin. -->","yoast_head_json":{"title":"Embasa justifica recentes problemas no abastecimento em Coit\u00e9 e regi\u00e3o: \"Redu\u00e7\u00e3o de 32 litros por segundo\" - Portal raizes noticias","robots":{"index":"index","follow":"follow","max-snippet":"max-snippet:-1","max-image-preview":"max-image-preview:large","max-video-preview":"max-video-preview:-1"},"canonical":"https:\/\/portalraizesnoticias.com.br\/?p=1727","og_locale":"pt_BR","og_type":"article","og_title":"Embasa justifica recentes problemas no abastecimento em Coit\u00e9 e regi\u00e3o: \"Redu\u00e7\u00e3o de 32 litros por segundo\" - Portal raizes noticias","og_description":"A escassez de \u00e1gua no aqu\u00edfero Tucano, registrada no in\u00edcio de outubro, colocou em alerta os sistemas de abastecimento de Serrinha, Concei\u00e7\u00e3o do Coit\u00e9, Biritinga, Barrocas, Teofil\u00e2ndia, Lamar\u00e3o e Retirol\u00e2ndia. A Embasa est\u00e1 adotando medidas emergenciais para tentar contornar a situa\u00e7\u00e3o e normalizar o fornecimento at\u00e9 o final do ano. \u00a0 Essas cidades s\u00e3o abastecidas por 19 po\u00e7os situados em Biritinga, localizados na periferia do aqu\u00edfero. Desde o come\u00e7o de outubro, o volume total de \u00e1gua dispon\u00edvel no sistema Serrinha-Coit\u00e9 caiu de 416 litros por segundo (l\/s) para 385 l\/s. De acordo com o gerente regional da Embasa, Raimundo Neto, essa redu\u00e7\u00e3o de 32 l\/s em poucos dias comprometeu significativamente o abastecimento. &#8220;Estamos monitorando a situa\u00e7\u00e3o e em contato direto com o Instituto do Meio Ambiente e Recursos H\u00eddricos para entender o que est\u00e1 acontecendo com o aqu\u00edfero&#8221;, afirmou Neto. Enquanto isso, a equipe da Embasa trabalha de forma cont\u00ednua para tentar recuperar os n\u00edveis de fornecimento. \u00a0 A curto prazo, a Embasa planeja reativar dois po\u00e7os at\u00e9 o final de outubro, o que permitir\u00e1 retomar 15 l\/s de \u00e1gua ao sistema. Outros tr\u00eas po\u00e7os dever\u00e3o ser perfurados at\u00e9 dezembro, segundo previs\u00f5es da empresa. No entanto, a profundidade crescente necess\u00e1ria para atingir reservas subterr\u00e2neas \u00e9 um desafio. &#8220;Estamos estudando solu\u00e7\u00f5es de m\u00e9dio e longo prazo, pois o esgotamento do manancial atual pode ser uma realidade iminente&#8221;, destacou o gerente. \u00a0 Enquanto isso, diversos bairros e povoados das cidades est\u00e3o passando por dificuldades no abastecimento. Info Serrinha","og_url":"https:\/\/portalraizesnoticias.com.br\/?p=1727","og_site_name":"Portal raizes noticias","article_published_time":"2024-10-22T17:22:14+00:00","og_image":[{"width":740,"height":342,"url":"https:\/\/portalraizesnoticias.com.br\/wp-content\/uploads\/2024\/10\/3e3450_bcda63734ae64e2aaf829d36a6107dabmv2.webp","type":"image\/webp"}],"author":"Portal Raizes","twitter_card":"summary_large_image","twitter_misc":{"Escrito por":"Portal Raizes","Est. tempo de leitura":"1 minuto"},"schema":{"@context":"https:\/\/schema.org","@graph":[{"@type":"Article","@id":"https:\/\/portalraizesnoticias.com.br\/?p=1727#article","isPartOf":{"@id":"https:\/\/portalraizesnoticias.com.br\/?p=1727"},"author":{"name":"Portal Raizes","@id":"https:\/\/portalraizesnoticias.com.br\/#\/schema\/person\/a3ca6b0fc701e78df19756c417d943ae"},"headline":"Embasa justifica recentes problemas no abastecimento em Coit\u00e9 e regi\u00e3o: &#8220;Redu\u00e7\u00e3o de 32 litros por segundo&#8221;","datePublished":"2024-10-22T17:22:14+00:00","mainEntityOfPage":{"@id":"https:\/\/portalraizesnoticias.com.br\/?p=1727"},"wordCount":286,"commentCount":0,"publisher":{"@id":"https:\/\/portalraizesnoticias.com.br\/#organization"},"image":{"@id":"https:\/\/portalraizesnoticias.com.br\/?p=1727#primaryimage"},"thumbnailUrl":"https:\/\/portalraizesnoticias.com.br\/wp-content\/uploads\/2024\/10\/3e3450_bcda63734ae64e2aaf829d36a6107dabmv2.webp","articleSection":["DESTAQUES","REGI\u00c3O","ULTIMAS NOTICIAS"],"inLanguage":"pt-BR","potentialAction":[{"@type":"CommentAction","name":"Comment","target":["https:\/\/portalraizesnoticias.com.br\/?p=1727#respond"]}]},{"@type":"WebPage","@id":"https:\/\/portalraizesnoticias.com.br\/?p=1727","url":"https:\/\/portalraizesnoticias.com.br\/?p=1727","name":"Embasa justifica recentes problemas no abastecimento em Coit\u00e9 e regi\u00e3o: \"Redu\u00e7\u00e3o de 32 litros por segundo\" - Portal raizes noticias","isPartOf":{"@id":"https:\/\/portalraizesnoticias.com.br\/#website"},"primaryImageOfPage":{"@id":"https:\/\/portalraizesnoticias.com.br\/?p=1727#primaryimage"},"image":{"@id":"https:\/\/portalraizesnoticias.com.br\/?p=1727#primaryimage"},"thumbnailUrl":"https:\/\/portalraizesnoticias.com.br\/wp-content\/uploads\/2024\/10\/3e3450_bcda63734ae64e2aaf829d36a6107dabmv2.webp","datePublished":"2024-10-22T17:22:14+00:00","breadcrumb":{"@id":"https:\/\/portalraizesnoticias.com.br\/?p=1727#breadcrumb"},"inLanguage":"pt-BR","potentialAction":[{"@type":"ReadAction","target":["https:\/\/portalraizesnoticias.com.br\/?p=1727"]}]},{"@type":"ImageObject","inLanguage":"pt-BR","@id":"https:\/\/portalraizesnoticias.com.br\/?p=1727#primaryimage","url":"https:\/\/portalraizesnoticias.com.br\/wp-content\/uploads\/2024\/10\/3e3450_bcda63734ae64e2aaf829d36a6107dabmv2.webp","contentUrl":"https:\/\/portalraizesnoticias.com.br\/wp-content\/uploads\/2024\/10\/3e3450_bcda63734ae64e2aaf829d36a6107dabmv2.webp","width":740,"height":342},{"@type":"BreadcrumbList","@id":"https:\/\/portalraizesnoticias.com.br\/?p=1727#breadcrumb","itemListElement":[{"@type":"ListItem","position":1,"name":"In\u00edcio","item":"https:\/\/portalraizesnoticias.com.br\/"},{"@type":"ListItem","position":2,"name":"Embasa justifica recentes problemas no abastecimento em Coit\u00e9 e regi\u00e3o: &#8220;Redu\u00e7\u00e3o de 32 litros por segundo&#8221;"}]},{"@type":"WebSite","@id":"https:\/\/portalraizesnoticias.com.br\/#website","url":"https:\/\/portalraizesnoticias.com.br\/","name":"Portal raizes NOTICIAS","description":"site de noticias de concei\u00e7\u00e3o do coit\u00e9 e regi\u00e3o","publisher":{"@id":"https:\/\/portalraizesnoticias.com.br\/#organization"},"alternateName":"PORTAL RAIZES COIT\u00c9","potentialAction":[{"@type":"SearchAction","target":{"@type":"EntryPoint","urlTemplate":"https:\/\/portalraizesnoticias.com.br\/?s={search_term_string}"},"query-input":{"@type":"PropertyValueSpecification","valueRequired":true,"valueName":"search_term_string"}}],"inLanguage":"pt-BR"},{"@type":"Organization","@id":"https:\/\/portalraizesnoticias.com.br\/#organization","name":"Portal raizes NOTICIAS","url":"https:\/\/portalraizesnoticias.com.br\/","logo":{"@type":"ImageObject","inLanguage":"pt-BR","@id":"https:\/\/portalraizesnoticias.com.br\/#\/schema\/logo\/image\/","url":"https:\/\/portalraizesnoticias.com.br\/wp-content\/uploads\/2024\/09\/cropped-Captura-de-tela-2024-09-08-011108.png","contentUrl":"https:\/\/portalraizesnoticias.com.br\/wp-content\/uploads\/2024\/09\/cropped-Captura-de-tela-2024-09-08-011108.png","width":606,"height":173,"caption":"Portal raizes NOTICIAS"},"image":{"@id":"https:\/\/portalraizesnoticias.com.br\/#\/schema\/logo\/image\/"}},{"@type":"Person","@id":"https:\/\/portalraizesnoticias.com.br\/#\/schema\/person\/a3ca6b0fc701e78df19756c417d943ae","name":"Portal Raizes","image":{"@type":"ImageObject","inLanguage":"pt-BR","@id":"https:\/\/portalraizesnoticias.com.br\/#\/schema\/person\/image\/","url":"https:\/\/secure.gravatar.com\/avatar\/ef450d29013a3d3fba867a12a249d7b1?s=96&d=mm&r=g","contentUrl":"https:\/\/secure.gravatar.com\/avatar\/ef450d29013a3d3fba867a12a249d7b1?s=96&d=mm&r=g","caption":"Portal Raizes"},"url":"https:\/\/portalraizesnoticias.com.br\/?author=3"}]}},"_links":{"self":[{"href":"https:\/\/portalraizesnoticias.com.br\/index.php?rest_route=\/wp\/v2\/posts\/1727"}],"collection":[{"href":"https:\/\/portalraizesnoticias.com.br\/index.php?rest_route=\/wp\/v2\/posts"}],"about":[{"href":"https:\/\/portalraizesnoticias.com.br\/index.php?rest_route=\/wp\/v2\/types\/post"}],"author":[{"embeddable":true,"href":"https:\/\/portalraizesnoticias.com.br\/index.php?rest_route=\/wp\/v2\/users\/3"}],"replies":[{"embeddable":true,"href":"https:\/\/portalraizesnoticias.com.br\/index.php?rest_route=%2Fwp%2Fv2%2Fcomments&post=1727"}],"version-history":[{"count":1,"href":"https:\/\/portalraizesnoticias.com.br\/index.php?rest_route=\/wp\/v2\/posts\/1727\/revisions"}],"predecessor-version":[{"id":1729,"href":"https:\/\/portalraizesnoticias.com.br\/index.php?rest_route=\/wp\/v2\/posts\/1727\/revisions\/1729"}],"wp:featuredmedia":[{"embeddable":true,"href":"https:\/\/portalraizesnoticias.com.br\/index.php?rest_route=\/wp\/v2\/media\/1728"}],"wp:attachment":[{"href":"https:\/\/portalraizesnoticias.com.br\/index.php?rest_route=%2Fwp%2Fv2%2Fmedia&parent=1727"}],"wp:term":[{"taxonomy":"category","embeddable":true,"href":"https:\/\/portalraizesnoticias.com.br\/index.php?rest_route=%2Fwp%2Fv2%2Fcategories&post=1727"},{"taxonomy":"post_tag","embeddable":true,"href":"https:\/\/portalraizesnoticias.com.br\/index.php?rest_route=%2Fwp%2Fv2%2Ftags&post=1727"}],"curies":[{"name":"wp","href":"https:\/\/api.w.org\/{rel}","templated":true}]}}