{"id":1480,"date":"2024-10-17T22:43:27","date_gmt":"2024-10-17T22:43:27","guid":{"rendered":"https:\/\/portalraizesnoticias.com.br\/?p=1480"},"modified":"2024-10-18T15:01:11","modified_gmt":"2024-10-18T15:01:11","slug":"motociclista-fica-ferido-apos-tentar-desviar-de-onibus-e-bater-em-outro-veiculo-que-estava-estacionado-em-conceicao-do-coite","status":"publish","type":"post","link":"https:\/\/portalraizesnoticias.com.br\/?p=1480","title":{"rendered":"Motociclista fica ferido ap\u00f3s tentar desviar de \u00f4nibus e bater em outro ve\u00edculo que estava estacionado em Concei\u00e7\u00e3o do Coit\u00e9"},"content":{"rendered":"<p>Por volta das 19h07 desta quinta-feira (17), um acidente foi registrado na rua dos Barreiros em Concei\u00e7\u00e3o do Coit\u00e9.<\/p>\n<p>Segundo informa\u00e7\u00f5es, Manoel Freitas, 44 anos, estava \u00e0 bordo de uma moto e tentou desviar de um \u00f4nibus escolar, aproximando de um ve\u00edculo que estava estacionado e o motorista abriu a porta no momento, ocasionando o impacto no motociclista.<\/p>\n<p>De acordo com o coordenador do \u00c1guia Resgate, Gildo Carneiro, o rapaz foi encontrado consciente, orientado, com lacera\u00e7\u00e3o profunda e suspeita de fratura na perna direita.<\/p>\n<p>Ele recebeu os primeiros socorros e foi encaminhado para a Emerg\u00eancia do Hospital Portugu\u00eas de Coit\u00e9.<\/p>\n<p>Reda\u00e7\u00e3o<\/p>\n","protected":false},"excerpt":{"rendered":"<p>Por volta das 19h07 desta quinta-feira (17), um acidente foi registrado na rua dos Barreiros em Concei\u00e7\u00e3o do Coit\u00e9. Segundo informa\u00e7\u00f5es, Manoel Freitas, 44 anos, estava \u00e0 bordo de uma moto e tentou desviar de um \u00f4nibus escolar, aproximando de um ve\u00edculo que estava estacionado e o motorista abriu a porta no momento, ocasionando o impacto no motociclista. De acordo com o coordenador do \u00c1guia Resgate, Gildo Carneiro, o rapaz foi encontrado consciente, orientado, com lacera\u00e7\u00e3o profunda e suspeita de fratura na perna direita. Ele recebeu os primeiros socorros e foi encaminhado para a Emerg\u00eancia do Hospital Portugu\u00eas de Coit\u00e9. Reda\u00e7\u00e3o<\/p>\n","protected":false},"author":1,"featured_media":1481,"comment_status":"open","ping_status":"open","sticky":false,"template":"","format":"standard","meta":{"_joinchat":[],"footnotes":""},"categories":[58,55,59],"tags":[75,112,111],"class_list":["post-1480","post","type-post","status-publish","format-standard","has-post-thumbnail","hentry","category-acidentes","category-destaques","category-ultimas-noticias","tag-coite","tag-colisao","tag-veiculo"],"yoast_head":"<!-- This site is optimized with the Yoast SEO plugin v24.4 - https:\/\/yoast.com\/wordpress\/plugins\/seo\/ -->\n<title>Motociclista fica ferido ap\u00f3s tentar desviar de \u00f4nibus e bater em outro ve\u00edculo que estava estacionado em Concei\u00e7\u00e3o do Coit\u00e9 - Portal raizes noticias<\/title>\n<meta name=\"robots\" content=\"index, follow, max-snippet:-1, max-image-preview:large, max-video-preview:-1\" \/>\n<link rel=\"canonical\" href=\"https:\/\/portalraizesnoticias.com.br\/?p=1480\" \/>\n<meta property=\"og:locale\" content=\"pt_BR\" \/>\n<meta property=\"og:type\" content=\"article\" \/>\n<meta property=\"og:title\" content=\"Motociclista fica ferido ap\u00f3s tentar desviar de \u00f4nibus e bater em outro ve\u00edculo que estava estacionado em Concei\u00e7\u00e3o do Coit\u00e9 - Portal raizes noticias\" \/>\n<meta property=\"og:description\" content=\"Por volta das 19h07 desta quinta-feira (17), um acidente foi registrado na rua dos Barreiros em Concei\u00e7\u00e3o do Coit\u00e9. Segundo informa\u00e7\u00f5es, Manoel Freitas, 44 anos, estava \u00e0 bordo de uma moto e tentou desviar de um \u00f4nibus escolar, aproximando de um ve\u00edculo que estava estacionado e o motorista abriu a porta no momento, ocasionando o impacto no motociclista. De acordo com o coordenador do \u00c1guia Resgate, Gildo Carneiro, o rapaz foi encontrado consciente, orientado, com lacera\u00e7\u00e3o profunda e suspeita de fratura na perna direita. Ele recebeu os primeiros socorros e foi encaminhado para a Emerg\u00eancia do Hospital Portugu\u00eas de Coit\u00e9. Reda\u00e7\u00e3o\" \/>\n<meta property=\"og:url\" content=\"https:\/\/portalraizesnoticias.com.br\/?p=1480\" \/>\n<meta property=\"og:site_name\" content=\"Portal raizes noticias\" \/>\n<meta property=\"article:published_time\" content=\"2024-10-17T22:43:27+00:00\" \/>\n<meta property=\"article:modified_time\" content=\"2024-10-18T15:01:11+00:00\" \/>\n<meta property=\"og:image\" content=\"https:\/\/portalraizesnoticias.com.br\/wp-content\/uploads\/2024\/10\/20241017194001.jpg\" \/>\n\t<meta property=\"og:image:width\" content=\"1200\" \/>\n\t<meta property=\"og:image:height\" content=\"1600\" \/>\n\t<meta property=\"og:image:type\" content=\"image\/jpeg\" \/>\n<meta name=\"author\" content=\"portalraizes\" \/>\n<meta name=\"twitter:card\" content=\"summary_large_image\" \/>\n<meta name=\"twitter:label1\" content=\"Escrito por\" \/>\n\t<meta name=\"twitter:data1\" content=\"portalraizes\" \/>\n\t<meta name=\"twitter:label2\" content=\"Est. tempo de leitura\" \/>\n\t<meta name=\"twitter:data2\" content=\"1 minuto\" \/>\n<script type=\"application\/ld+json\" class=\"yoast-schema-graph\">{\"@context\":\"https:\/\/schema.org\",\"@graph\":[{\"@type\":\"Article\",\"@id\":\"https:\/\/portalraizesnoticias.com.br\/?p=1480#article\",\"isPartOf\":{\"@id\":\"https:\/\/portalraizesnoticias.com.br\/?p=1480\"},\"author\":{\"name\":\"portalraizes\",\"@id\":\"https:\/\/portalraizesnoticias.com.br\/#\/schema\/person\/47207a73b4d645e4bd448ff43b5aee47\"},\"headline\":\"Motociclista fica ferido ap\u00f3s tentar desviar de \u00f4nibus e bater em outro ve\u00edculo que estava estacionado em Concei\u00e7\u00e3o do Coit\u00e9\",\"datePublished\":\"2024-10-17T22:43:27+00:00\",\"dateModified\":\"2024-10-18T15:01:11+00:00\",\"mainEntityOfPage\":{\"@id\":\"https:\/\/portalraizesnoticias.com.br\/?p=1480\"},\"wordCount\":128,\"commentCount\":0,\"publisher\":{\"@id\":\"https:\/\/portalraizesnoticias.com.br\/#organization\"},\"image\":{\"@id\":\"https:\/\/portalraizesnoticias.com.br\/?p=1480#primaryimage\"},\"thumbnailUrl\":\"https:\/\/portalraizesnoticias.com.br\/wp-content\/uploads\/2024\/10\/20241017194001.jpg\",\"keywords\":[\"Coit\u00e9\",\"Colis\u00e3o\",\"Veiculo\"],\"articleSection\":[\"ACIDENTES\",\"DESTAQUES\",\"ULTIMAS NOTICIAS\"],\"inLanguage\":\"pt-BR\",\"potentialAction\":[{\"@type\":\"CommentAction\",\"name\":\"Comment\",\"target\":[\"https:\/\/portalraizesnoticias.com.br\/?p=1480#respond\"]}]},{\"@type\":\"WebPage\",\"@id\":\"https:\/\/portalraizesnoticias.com.br\/?p=1480\",\"url\":\"https:\/\/portalraizesnoticias.com.br\/?p=1480\",\"name\":\"Motociclista fica ferido ap\u00f3s tentar desviar de \u00f4nibus e bater em outro ve\u00edculo que estava estacionado em Concei\u00e7\u00e3o do Coit\u00e9 - Portal raizes noticias\",\"isPartOf\":{\"@id\":\"https:\/\/portalraizesnoticias.com.br\/#website\"},\"primaryImageOfPage\":{\"@id\":\"https:\/\/portalraizesnoticias.com.br\/?p=1480#primaryimage\"},\"image\":{\"@id\":\"https:\/\/portalraizesnoticias.com.br\/?p=1480#primaryimage\"},\"thumbnailUrl\":\"https:\/\/portalraizesnoticias.com.br\/wp-content\/uploads\/2024\/10\/20241017194001.jpg\",\"datePublished\":\"2024-10-17T22:43:27+00:00\",\"dateModified\":\"2024-10-18T15:01:11+00:00\",\"breadcrumb\":{\"@id\":\"https:\/\/portalraizesnoticias.com.br\/?p=1480#breadcrumb\"},\"inLanguage\":\"pt-BR\",\"potentialAction\":[{\"@type\":\"ReadAction\",\"target\":[\"https:\/\/portalraizesnoticias.com.br\/?p=1480\"]}]},{\"@type\":\"ImageObject\",\"inLanguage\":\"pt-BR\",\"@id\":\"https:\/\/portalraizesnoticias.com.br\/?p=1480#primaryimage\",\"url\":\"https:\/\/portalraizesnoticias.com.br\/wp-content\/uploads\/2024\/10\/20241017194001.jpg\",\"contentUrl\":\"https:\/\/portalraizesnoticias.com.br\/wp-content\/uploads\/2024\/10\/20241017194001.jpg\",\"width\":1200,\"height\":1600},{\"@type\":\"BreadcrumbList\",\"@id\":\"https:\/\/portalraizesnoticias.com.br\/?p=1480#breadcrumb\",\"itemListElement\":[{\"@type\":\"ListItem\",\"position\":1,\"name\":\"In\u00edcio\",\"item\":\"https:\/\/portalraizesnoticias.com.br\/\"},{\"@type\":\"ListItem\",\"position\":2,\"name\":\"Motociclista fica ferido ap\u00f3s tentar desviar de \u00f4nibus e bater em outro ve\u00edculo que estava estacionado em Concei\u00e7\u00e3o do Coit\u00e9\"}]},{\"@type\":\"WebSite\",\"@id\":\"https:\/\/portalraizesnoticias.com.br\/#website\",\"url\":\"https:\/\/portalraizesnoticias.com.br\/\",\"name\":\"Portal raizes NOTICIAS\",\"description\":\"site de noticias de concei\u00e7\u00e3o do coit\u00e9 e regi\u00e3o\",\"publisher\":{\"@id\":\"https:\/\/portalraizesnoticias.com.br\/#organization\"},\"alternateName\":\"PORTAL RAIZES COIT\u00c9\",\"potentialAction\":[{\"@type\":\"SearchAction\",\"target\":{\"@type\":\"EntryPoint\",\"urlTemplate\":\"https:\/\/portalraizesnoticias.com.br\/?s={search_term_string}\"},\"query-input\":{\"@type\":\"PropertyValueSpecification\",\"valueRequired\":true,\"valueName\":\"search_term_string\"}}],\"inLanguage\":\"pt-BR\"},{\"@type\":\"Organization\",\"@id\":\"https:\/\/portalraizesnoticias.com.br\/#organization\",\"name\":\"Portal raizes NOTICIAS\",\"url\":\"https:\/\/portalraizesnoticias.com.br\/\",\"logo\":{\"@type\":\"ImageObject\",\"inLanguage\":\"pt-BR\",\"@id\":\"https:\/\/portalraizesnoticias.com.br\/#\/schema\/logo\/image\/\",\"url\":\"https:\/\/portalraizesnoticias.com.br\/wp-content\/uploads\/2024\/09\/cropped-Captura-de-tela-2024-09-08-011108.png\",\"contentUrl\":\"https:\/\/portalraizesnoticias.com.br\/wp-content\/uploads\/2024\/09\/cropped-Captura-de-tela-2024-09-08-011108.png\",\"width\":606,\"height\":173,\"caption\":\"Portal raizes NOTICIAS\"},\"image\":{\"@id\":\"https:\/\/portalraizesnoticias.com.br\/#\/schema\/logo\/image\/\"}},{\"@type\":\"Person\",\"@id\":\"https:\/\/portalraizesnoticias.com.br\/#\/schema\/person\/47207a73b4d645e4bd448ff43b5aee47\",\"name\":\"portalraizes\",\"image\":{\"@type\":\"ImageObject\",\"inLanguage\":\"pt-BR\",\"@id\":\"https:\/\/portalraizesnoticias.com.br\/#\/schema\/person\/image\/\",\"url\":\"https:\/\/secure.gravatar.com\/avatar\/3085bc999770afd37c60e4f96ee3d103?s=96&d=mm&r=g\",\"contentUrl\":\"https:\/\/secure.gravatar.com\/avatar\/3085bc999770afd37c60e4f96ee3d103?s=96&d=mm&r=g\",\"caption\":\"portalraizes\"},\"sameAs\":[\"https:\/\/portalraizesnoticias.com.br\"],\"url\":\"https:\/\/portalraizesnoticias.com.br\/?author=1\"}]}<\/script>\n<!-- \/ Yoast SEO plugin. -->","yoast_head_json":{"title":"Motociclista fica ferido ap\u00f3s tentar desviar de \u00f4nibus e bater em outro ve\u00edculo que estava estacionado em Concei\u00e7\u00e3o do Coit\u00e9 - Portal raizes noticias","robots":{"index":"index","follow":"follow","max-snippet":"max-snippet:-1","max-image-preview":"max-image-preview:large","max-video-preview":"max-video-preview:-1"},"canonical":"https:\/\/portalraizesnoticias.com.br\/?p=1480","og_locale":"pt_BR","og_type":"article","og_title":"Motociclista fica ferido ap\u00f3s tentar desviar de \u00f4nibus e bater em outro ve\u00edculo que estava estacionado em Concei\u00e7\u00e3o do Coit\u00e9 - Portal raizes noticias","og_description":"Por volta das 19h07 desta quinta-feira (17), um acidente foi registrado na rua dos Barreiros em Concei\u00e7\u00e3o do Coit\u00e9. Segundo informa\u00e7\u00f5es, Manoel Freitas, 44 anos, estava \u00e0 bordo de uma moto e tentou desviar de um \u00f4nibus escolar, aproximando de um ve\u00edculo que estava estacionado e o motorista abriu a porta no momento, ocasionando o impacto no motociclista. De acordo com o coordenador do \u00c1guia Resgate, Gildo Carneiro, o rapaz foi encontrado consciente, orientado, com lacera\u00e7\u00e3o profunda e suspeita de fratura na perna direita. Ele recebeu os primeiros socorros e foi encaminhado para a Emerg\u00eancia do Hospital Portugu\u00eas de Coit\u00e9. Reda\u00e7\u00e3o","og_url":"https:\/\/portalraizesnoticias.com.br\/?p=1480","og_site_name":"Portal raizes noticias","article_published_time":"2024-10-17T22:43:27+00:00","article_modified_time":"2024-10-18T15:01:11+00:00","og_image":[{"width":1200,"height":1600,"url":"https:\/\/portalraizesnoticias.com.br\/wp-content\/uploads\/2024\/10\/20241017194001.jpg","type":"image\/jpeg"}],"author":"portalraizes","twitter_card":"summary_large_image","twitter_misc":{"Escrito por":"portalraizes","Est. tempo de leitura":"1 minuto"},"schema":{"@context":"https:\/\/schema.org","@graph":[{"@type":"Article","@id":"https:\/\/portalraizesnoticias.com.br\/?p=1480#article","isPartOf":{"@id":"https:\/\/portalraizesnoticias.com.br\/?p=1480"},"author":{"name":"portalraizes","@id":"https:\/\/portalraizesnoticias.com.br\/#\/schema\/person\/47207a73b4d645e4bd448ff43b5aee47"},"headline":"Motociclista fica ferido ap\u00f3s tentar desviar de \u00f4nibus e bater em outro ve\u00edculo que estava estacionado em Concei\u00e7\u00e3o do Coit\u00e9","datePublished":"2024-10-17T22:43:27+00:00","dateModified":"2024-10-18T15:01:11+00:00","mainEntityOfPage":{"@id":"https:\/\/portalraizesnoticias.com.br\/?p=1480"},"wordCount":128,"commentCount":0,"publisher":{"@id":"https:\/\/portalraizesnoticias.com.br\/#organization"},"image":{"@id":"https:\/\/portalraizesnoticias.com.br\/?p=1480#primaryimage"},"thumbnailUrl":"https:\/\/portalraizesnoticias.com.br\/wp-content\/uploads\/2024\/10\/20241017194001.jpg","keywords":["Coit\u00e9","Colis\u00e3o","Veiculo"],"articleSection":["ACIDENTES","DESTAQUES","ULTIMAS NOTICIAS"],"inLanguage":"pt-BR","potentialAction":[{"@type":"CommentAction","name":"Comment","target":["https:\/\/portalraizesnoticias.com.br\/?p=1480#respond"]}]},{"@type":"WebPage","@id":"https:\/\/portalraizesnoticias.com.br\/?p=1480","url":"https:\/\/portalraizesnoticias.com.br\/?p=1480","name":"Motociclista fica ferido ap\u00f3s tentar desviar de \u00f4nibus e bater em outro ve\u00edculo que estava estacionado em Concei\u00e7\u00e3o do Coit\u00e9 - Portal raizes noticias","isPartOf":{"@id":"https:\/\/portalraizesnoticias.com.br\/#website"},"primaryImageOfPage":{"@id":"https:\/\/portalraizesnoticias.com.br\/?p=1480#primaryimage"},"image":{"@id":"https:\/\/portalraizesnoticias.com.br\/?p=1480#primaryimage"},"thumbnailUrl":"https:\/\/portalraizesnoticias.com.br\/wp-content\/uploads\/2024\/10\/20241017194001.jpg","datePublished":"2024-10-17T22:43:27+00:00","dateModified":"2024-10-18T15:01:11+00:00","breadcrumb":{"@id":"https:\/\/portalraizesnoticias.com.br\/?p=1480#breadcrumb"},"inLanguage":"pt-BR","potentialAction":[{"@type":"ReadAction","target":["https:\/\/portalraizesnoticias.com.br\/?p=1480"]}]},{"@type":"ImageObject","inLanguage":"pt-BR","@id":"https:\/\/portalraizesnoticias.com.br\/?p=1480#primaryimage","url":"https:\/\/portalraizesnoticias.com.br\/wp-content\/uploads\/2024\/10\/20241017194001.jpg","contentUrl":"https:\/\/portalraizesnoticias.com.br\/wp-content\/uploads\/2024\/10\/20241017194001.jpg","width":1200,"height":1600},{"@type":"BreadcrumbList","@id":"https:\/\/portalraizesnoticias.com.br\/?p=1480#breadcrumb","itemListElement":[{"@type":"ListItem","position":1,"name":"In\u00edcio","item":"https:\/\/portalraizesnoticias.com.br\/"},{"@type":"ListItem","position":2,"name":"Motociclista fica ferido ap\u00f3s tentar desviar de \u00f4nibus e bater em outro ve\u00edculo que estava estacionado em Concei\u00e7\u00e3o do Coit\u00e9"}]},{"@type":"WebSite","@id":"https:\/\/portalraizesnoticias.com.br\/#website","url":"https:\/\/portalraizesnoticias.com.br\/","name":"Portal raizes NOTICIAS","description":"site de noticias de concei\u00e7\u00e3o do coit\u00e9 e regi\u00e3o","publisher":{"@id":"https:\/\/portalraizesnoticias.com.br\/#organization"},"alternateName":"PORTAL RAIZES COIT\u00c9","potentialAction":[{"@type":"SearchAction","target":{"@type":"EntryPoint","urlTemplate":"https:\/\/portalraizesnoticias.com.br\/?s={search_term_string}"},"query-input":{"@type":"PropertyValueSpecification","valueRequired":true,"valueName":"search_term_string"}}],"inLanguage":"pt-BR"},{"@type":"Organization","@id":"https:\/\/portalraizesnoticias.com.br\/#organization","name":"Portal raizes NOTICIAS","url":"https:\/\/portalraizesnoticias.com.br\/","logo":{"@type":"ImageObject","inLanguage":"pt-BR","@id":"https:\/\/portalraizesnoticias.com.br\/#\/schema\/logo\/image\/","url":"https:\/\/portalraizesnoticias.com.br\/wp-content\/uploads\/2024\/09\/cropped-Captura-de-tela-2024-09-08-011108.png","contentUrl":"https:\/\/portalraizesnoticias.com.br\/wp-content\/uploads\/2024\/09\/cropped-Captura-de-tela-2024-09-08-011108.png","width":606,"height":173,"caption":"Portal raizes NOTICIAS"},"image":{"@id":"https:\/\/portalraizesnoticias.com.br\/#\/schema\/logo\/image\/"}},{"@type":"Person","@id":"https:\/\/portalraizesnoticias.com.br\/#\/schema\/person\/47207a73b4d645e4bd448ff43b5aee47","name":"portalraizes","image":{"@type":"ImageObject","inLanguage":"pt-BR","@id":"https:\/\/portalraizesnoticias.com.br\/#\/schema\/person\/image\/","url":"https:\/\/secure.gravatar.com\/avatar\/3085bc999770afd37c60e4f96ee3d103?s=96&d=mm&r=g","contentUrl":"https:\/\/secure.gravatar.com\/avatar\/3085bc999770afd37c60e4f96ee3d103?s=96&d=mm&r=g","caption":"portalraizes"},"sameAs":["https:\/\/portalraizesnoticias.com.br"],"url":"https:\/\/portalraizesnoticias.com.br\/?author=1"}]}},"_links":{"self":[{"href":"https:\/\/portalraizesnoticias.com.br\/index.php?rest_route=\/wp\/v2\/posts\/1480"}],"collection":[{"href":"https:\/\/portalraizesnoticias.com.br\/index.php?rest_route=\/wp\/v2\/posts"}],"about":[{"href":"https:\/\/portalraizesnoticias.com.br\/index.php?rest_route=\/wp\/v2\/types\/post"}],"author":[{"embeddable":true,"href":"https:\/\/portalraizesnoticias.com.br\/index.php?rest_route=\/wp\/v2\/users\/1"}],"replies":[{"embeddable":true,"href":"https:\/\/portalraizesnoticias.com.br\/index.php?rest_route=%2Fwp%2Fv2%2Fcomments&post=1480"}],"version-history":[{"count":1,"href":"https:\/\/portalraizesnoticias.com.br\/index.php?rest_route=\/wp\/v2\/posts\/1480\/revisions"}],"predecessor-version":[{"id":1482,"href":"https:\/\/portalraizesnoticias.com.br\/index.php?rest_route=\/wp\/v2\/posts\/1480\/revisions\/1482"}],"wp:featuredmedia":[{"embeddable":true,"href":"https:\/\/portalraizesnoticias.com.br\/index.php?rest_route=\/wp\/v2\/media\/1481"}],"wp:attachment":[{"href":"https:\/\/portalraizesnoticias.com.br\/index.php?rest_route=%2Fwp%2Fv2%2Fmedia&parent=1480"}],"wp:term":[{"taxonomy":"category","embeddable":true,"href":"https:\/\/portalraizesnoticias.com.br\/index.php?rest_route=%2Fwp%2Fv2%2Fcategories&post=1480"},{"taxonomy":"post_tag","embeddable":true,"href":"https:\/\/portalraizesnoticias.com.br\/index.php?rest_route=%2Fwp%2Fv2%2Ftags&post=1480"}],"curies":[{"name":"wp","href":"https:\/\/api.w.org\/{rel}","templated":true}]}}