{"id":1468,"date":"2024-10-17T19:38:25","date_gmt":"2024-10-17T19:38:25","guid":{"rendered":"https:\/\/portalraizesnoticias.com.br\/?p=1468"},"modified":"2024-10-21T20:51:46","modified_gmt":"2024-10-21T20:51:46","slug":"homem-morre-apos-um-mes-hospitalizado-em-decorrencia-de-acidente-na-zona-rural-de-serrinha","status":"publish","type":"post","link":"https:\/\/portalraizesnoticias.com.br\/?p=1468","title":{"rendered":"Homem morre ap\u00f3s um m\u00eas hospitalizado em decorr\u00eancia de acidente na zona rural de Serrinha"},"content":{"rendered":"<div>Um homem de 57 anos faleceu na noite da \u00faltima ter\u00e7a-feira, 15, no\u00a0<b>Hospital Geral Cl\u00e9riston Andrade<\/b>\u00a0(<b>HGCA<\/b>) em\u00a0<b>Feira de Santana<\/b>\u00a0ap\u00f3s um m\u00eas internado em decorr\u00eancia de um\u00a0<b>acidente<\/b>\u00a0envolvendo uma motocicleta e um cavalo na zona rural\u00a0de\u00a0<b>Serrinha<\/b>. A informa\u00e7\u00e3o \u00e9 do site\u00a0<b>Central de Pol\u00edcia<\/b>\u00a0parceiro do Ichu Not\u00edcias.<a name=\"more\"><\/a><\/div>\n<div><\/div>\n<div>Ainda segundo o site, o\u00a0<b>acidente<\/b>\u00a0ocorreu no dia 14 do m\u00eas passado, na localidade da Fazenda Palmeira, onde a v\u00edtima se envolveu na colis\u00e3o e desde ent\u00e3o, vinha lutando contra os ferimentos, mas acabou n\u00e3o resistindo \u00e0s complica\u00e7\u00f5es e evoluiu a \u00f3bito.<\/div>\n<div><\/div>\n<div>O corpo foi encaminhado ao Departamento de Pol\u00edcia T\u00e9cnica para a realiza\u00e7\u00e3o dos procedimentos de necropsia.<\/div>\n<div><\/div>\n<div><i>\u00a0<\/i><i>Central de Pol\u00edcia<\/i><\/div>\n","protected":false},"excerpt":{"rendered":"<p>Um homem de 57 anos faleceu na noite da \u00faltima ter\u00e7a-feira, 15, no\u00a0Hospital Geral Cl\u00e9riston Andrade\u00a0(HGCA) em\u00a0Feira de Santana\u00a0ap\u00f3s um m\u00eas internado em decorr\u00eancia de um\u00a0acidente\u00a0envolvendo uma motocicleta e um cavalo na zona rural\u00a0de\u00a0Serrinha. A informa\u00e7\u00e3o \u00e9 do site\u00a0Central de Pol\u00edcia\u00a0parceiro do Ichu Not\u00edcias. Ainda segundo o site, o\u00a0acidente\u00a0ocorreu no dia 14 do m\u00eas passado, na localidade da Fazenda Palmeira, onde a v\u00edtima se envolveu na colis\u00e3o e desde ent\u00e3o, vinha lutando contra os ferimentos, mas acabou n\u00e3o resistindo \u00e0s complica\u00e7\u00f5es e evoluiu a \u00f3bito. O corpo foi encaminhado ao Departamento de Pol\u00edcia T\u00e9cnica para a realiza\u00e7\u00e3o dos procedimentos de necropsia. \u00a0Central de Pol\u00edcia<\/p>\n","protected":false},"author":1,"featured_media":1469,"comment_status":"open","ping_status":"open","sticky":false,"template":"","format":"standard","meta":{"_joinchat":[],"footnotes":""},"categories":[58,56,59],"tags":[],"class_list":["post-1468","post","type-post","status-publish","format-standard","has-post-thumbnail","hentry","category-acidentes","category-regiao","category-ultimas-noticias"],"yoast_head":"<!-- This site is optimized with the Yoast SEO plugin v24.4 - https:\/\/yoast.com\/wordpress\/plugins\/seo\/ -->\n<title>Homem morre ap\u00f3s um m\u00eas hospitalizado em decorr\u00eancia de acidente na zona rural de Serrinha - Portal raizes noticias<\/title>\n<meta name=\"robots\" content=\"index, follow, max-snippet:-1, max-image-preview:large, max-video-preview:-1\" \/>\n<link rel=\"canonical\" href=\"https:\/\/portalraizesnoticias.com.br\/?p=1468\" \/>\n<meta property=\"og:locale\" content=\"pt_BR\" \/>\n<meta property=\"og:type\" content=\"article\" \/>\n<meta property=\"og:title\" content=\"Homem morre ap\u00f3s um m\u00eas hospitalizado em decorr\u00eancia de acidente na zona rural de Serrinha - Portal raizes noticias\" \/>\n<meta property=\"og:description\" content=\"Um homem de 57 anos faleceu na noite da \u00faltima ter\u00e7a-feira, 15, no\u00a0Hospital Geral Cl\u00e9riston Andrade\u00a0(HGCA) em\u00a0Feira de Santana\u00a0ap\u00f3s um m\u00eas internado em decorr\u00eancia de um\u00a0acidente\u00a0envolvendo uma motocicleta e um cavalo na zona rural\u00a0de\u00a0Serrinha. A informa\u00e7\u00e3o \u00e9 do site\u00a0Central de Pol\u00edcia\u00a0parceiro do Ichu Not\u00edcias. Ainda segundo o site, o\u00a0acidente\u00a0ocorreu no dia 14 do m\u00eas passado, na localidade da Fazenda Palmeira, onde a v\u00edtima se envolveu na colis\u00e3o e desde ent\u00e3o, vinha lutando contra os ferimentos, mas acabou n\u00e3o resistindo \u00e0s complica\u00e7\u00f5es e evoluiu a \u00f3bito. O corpo foi encaminhado ao Departamento de Pol\u00edcia T\u00e9cnica para a realiza\u00e7\u00e3o dos procedimentos de necropsia. \u00a0Central de Pol\u00edcia\" \/>\n<meta property=\"og:url\" content=\"https:\/\/portalraizesnoticias.com.br\/?p=1468\" \/>\n<meta property=\"og:site_name\" content=\"Portal raizes noticias\" \/>\n<meta property=\"article:published_time\" content=\"2024-10-17T19:38:25+00:00\" \/>\n<meta property=\"article:modified_time\" content=\"2024-10-21T20:51:46+00:00\" \/>\n<meta property=\"og:image\" content=\"https:\/\/portalraizesnoticias.com.br\/wp-content\/uploads\/2024\/10\/cats-2-2-qvp72voukp0sslkjmujllp9sq2fojft0jflxhi7v5c.jpg\" \/>\n\t<meta property=\"og:image:width\" content=\"800\" \/>\n\t<meta property=\"og:image:height\" content=\"600\" \/>\n\t<meta property=\"og:image:type\" content=\"image\/jpeg\" \/>\n<meta name=\"author\" content=\"portalraizes\" \/>\n<meta name=\"twitter:card\" content=\"summary_large_image\" \/>\n<meta name=\"twitter:label1\" content=\"Escrito por\" \/>\n\t<meta name=\"twitter:data1\" content=\"portalraizes\" \/>\n\t<meta name=\"twitter:label2\" content=\"Est. tempo de leitura\" \/>\n\t<meta name=\"twitter:data2\" content=\"1 minuto\" \/>\n<script type=\"application\/ld+json\" class=\"yoast-schema-graph\">{\"@context\":\"https:\/\/schema.org\",\"@graph\":[{\"@type\":\"Article\",\"@id\":\"https:\/\/portalraizesnoticias.com.br\/?p=1468#article\",\"isPartOf\":{\"@id\":\"https:\/\/portalraizesnoticias.com.br\/?p=1468\"},\"author\":{\"name\":\"portalraizes\",\"@id\":\"https:\/\/portalraizesnoticias.com.br\/#\/schema\/person\/47207a73b4d645e4bd448ff43b5aee47\"},\"headline\":\"Homem morre ap\u00f3s um m\u00eas hospitalizado em decorr\u00eancia de acidente na zona rural de Serrinha\",\"datePublished\":\"2024-10-17T19:38:25+00:00\",\"dateModified\":\"2024-10-21T20:51:46+00:00\",\"mainEntityOfPage\":{\"@id\":\"https:\/\/portalraizesnoticias.com.br\/?p=1468\"},\"wordCount\":148,\"commentCount\":0,\"publisher\":{\"@id\":\"https:\/\/portalraizesnoticias.com.br\/#organization\"},\"image\":{\"@id\":\"https:\/\/portalraizesnoticias.com.br\/?p=1468#primaryimage\"},\"thumbnailUrl\":\"https:\/\/portalraizesnoticias.com.br\/wp-content\/uploads\/2024\/10\/cats-2-2-qvp72voukp0sslkjmujllp9sq2fojft0jflxhi7v5c.jpg\",\"articleSection\":[\"ACIDENTES\",\"REGI\u00c3O\",\"ULTIMAS NOTICIAS\"],\"inLanguage\":\"pt-BR\",\"potentialAction\":[{\"@type\":\"CommentAction\",\"name\":\"Comment\",\"target\":[\"https:\/\/portalraizesnoticias.com.br\/?p=1468#respond\"]}]},{\"@type\":\"WebPage\",\"@id\":\"https:\/\/portalraizesnoticias.com.br\/?p=1468\",\"url\":\"https:\/\/portalraizesnoticias.com.br\/?p=1468\",\"name\":\"Homem morre ap\u00f3s um m\u00eas hospitalizado em decorr\u00eancia de acidente na zona rural de Serrinha - Portal raizes noticias\",\"isPartOf\":{\"@id\":\"https:\/\/portalraizesnoticias.com.br\/#website\"},\"primaryImageOfPage\":{\"@id\":\"https:\/\/portalraizesnoticias.com.br\/?p=1468#primaryimage\"},\"image\":{\"@id\":\"https:\/\/portalraizesnoticias.com.br\/?p=1468#primaryimage\"},\"thumbnailUrl\":\"https:\/\/portalraizesnoticias.com.br\/wp-content\/uploads\/2024\/10\/cats-2-2-qvp72voukp0sslkjmujllp9sq2fojft0jflxhi7v5c.jpg\",\"datePublished\":\"2024-10-17T19:38:25+00:00\",\"dateModified\":\"2024-10-21T20:51:46+00:00\",\"breadcrumb\":{\"@id\":\"https:\/\/portalraizesnoticias.com.br\/?p=1468#breadcrumb\"},\"inLanguage\":\"pt-BR\",\"potentialAction\":[{\"@type\":\"ReadAction\",\"target\":[\"https:\/\/portalraizesnoticias.com.br\/?p=1468\"]}]},{\"@type\":\"ImageObject\",\"inLanguage\":\"pt-BR\",\"@id\":\"https:\/\/portalraizesnoticias.com.br\/?p=1468#primaryimage\",\"url\":\"https:\/\/portalraizesnoticias.com.br\/wp-content\/uploads\/2024\/10\/cats-2-2-qvp72voukp0sslkjmujllp9sq2fojft0jflxhi7v5c.jpg\",\"contentUrl\":\"https:\/\/portalraizesnoticias.com.br\/wp-content\/uploads\/2024\/10\/cats-2-2-qvp72voukp0sslkjmujllp9sq2fojft0jflxhi7v5c.jpg\",\"width\":800,\"height\":600},{\"@type\":\"BreadcrumbList\",\"@id\":\"https:\/\/portalraizesnoticias.com.br\/?p=1468#breadcrumb\",\"itemListElement\":[{\"@type\":\"ListItem\",\"position\":1,\"name\":\"In\u00edcio\",\"item\":\"https:\/\/portalraizesnoticias.com.br\/\"},{\"@type\":\"ListItem\",\"position\":2,\"name\":\"Homem morre ap\u00f3s um m\u00eas hospitalizado em decorr\u00eancia de acidente na zona rural de Serrinha\"}]},{\"@type\":\"WebSite\",\"@id\":\"https:\/\/portalraizesnoticias.com.br\/#website\",\"url\":\"https:\/\/portalraizesnoticias.com.br\/\",\"name\":\"Portal raizes NOTICIAS\",\"description\":\"site de noticias de concei\u00e7\u00e3o do coit\u00e9 e regi\u00e3o\",\"publisher\":{\"@id\":\"https:\/\/portalraizesnoticias.com.br\/#organization\"},\"alternateName\":\"PORTAL RAIZES COIT\u00c9\",\"potentialAction\":[{\"@type\":\"SearchAction\",\"target\":{\"@type\":\"EntryPoint\",\"urlTemplate\":\"https:\/\/portalraizesnoticias.com.br\/?s={search_term_string}\"},\"query-input\":{\"@type\":\"PropertyValueSpecification\",\"valueRequired\":true,\"valueName\":\"search_term_string\"}}],\"inLanguage\":\"pt-BR\"},{\"@type\":\"Organization\",\"@id\":\"https:\/\/portalraizesnoticias.com.br\/#organization\",\"name\":\"Portal raizes NOTICIAS\",\"url\":\"https:\/\/portalraizesnoticias.com.br\/\",\"logo\":{\"@type\":\"ImageObject\",\"inLanguage\":\"pt-BR\",\"@id\":\"https:\/\/portalraizesnoticias.com.br\/#\/schema\/logo\/image\/\",\"url\":\"https:\/\/portalraizesnoticias.com.br\/wp-content\/uploads\/2024\/09\/cropped-Captura-de-tela-2024-09-08-011108.png\",\"contentUrl\":\"https:\/\/portalraizesnoticias.com.br\/wp-content\/uploads\/2024\/09\/cropped-Captura-de-tela-2024-09-08-011108.png\",\"width\":606,\"height\":173,\"caption\":\"Portal raizes NOTICIAS\"},\"image\":{\"@id\":\"https:\/\/portalraizesnoticias.com.br\/#\/schema\/logo\/image\/\"}},{\"@type\":\"Person\",\"@id\":\"https:\/\/portalraizesnoticias.com.br\/#\/schema\/person\/47207a73b4d645e4bd448ff43b5aee47\",\"name\":\"portalraizes\",\"image\":{\"@type\":\"ImageObject\",\"inLanguage\":\"pt-BR\",\"@id\":\"https:\/\/portalraizesnoticias.com.br\/#\/schema\/person\/image\/\",\"url\":\"https:\/\/secure.gravatar.com\/avatar\/3085bc999770afd37c60e4f96ee3d103?s=96&d=mm&r=g\",\"contentUrl\":\"https:\/\/secure.gravatar.com\/avatar\/3085bc999770afd37c60e4f96ee3d103?s=96&d=mm&r=g\",\"caption\":\"portalraizes\"},\"sameAs\":[\"https:\/\/portalraizesnoticias.com.br\"],\"url\":\"https:\/\/portalraizesnoticias.com.br\/?author=1\"}]}<\/script>\n<!-- \/ Yoast SEO plugin. -->","yoast_head_json":{"title":"Homem morre ap\u00f3s um m\u00eas hospitalizado em decorr\u00eancia de acidente na zona rural de Serrinha - Portal raizes noticias","robots":{"index":"index","follow":"follow","max-snippet":"max-snippet:-1","max-image-preview":"max-image-preview:large","max-video-preview":"max-video-preview:-1"},"canonical":"https:\/\/portalraizesnoticias.com.br\/?p=1468","og_locale":"pt_BR","og_type":"article","og_title":"Homem morre ap\u00f3s um m\u00eas hospitalizado em decorr\u00eancia de acidente na zona rural de Serrinha - Portal raizes noticias","og_description":"Um homem de 57 anos faleceu na noite da \u00faltima ter\u00e7a-feira, 15, no\u00a0Hospital Geral Cl\u00e9riston Andrade\u00a0(HGCA) em\u00a0Feira de Santana\u00a0ap\u00f3s um m\u00eas internado em decorr\u00eancia de um\u00a0acidente\u00a0envolvendo uma motocicleta e um cavalo na zona rural\u00a0de\u00a0Serrinha. A informa\u00e7\u00e3o \u00e9 do site\u00a0Central de Pol\u00edcia\u00a0parceiro do Ichu Not\u00edcias. Ainda segundo o site, o\u00a0acidente\u00a0ocorreu no dia 14 do m\u00eas passado, na localidade da Fazenda Palmeira, onde a v\u00edtima se envolveu na colis\u00e3o e desde ent\u00e3o, vinha lutando contra os ferimentos, mas acabou n\u00e3o resistindo \u00e0s complica\u00e7\u00f5es e evoluiu a \u00f3bito. O corpo foi encaminhado ao Departamento de Pol\u00edcia T\u00e9cnica para a realiza\u00e7\u00e3o dos procedimentos de necropsia. \u00a0Central de Pol\u00edcia","og_url":"https:\/\/portalraizesnoticias.com.br\/?p=1468","og_site_name":"Portal raizes noticias","article_published_time":"2024-10-17T19:38:25+00:00","article_modified_time":"2024-10-21T20:51:46+00:00","og_image":[{"width":800,"height":600,"url":"https:\/\/portalraizesnoticias.com.br\/wp-content\/uploads\/2024\/10\/cats-2-2-qvp72voukp0sslkjmujllp9sq2fojft0jflxhi7v5c.jpg","type":"image\/jpeg"}],"author":"portalraizes","twitter_card":"summary_large_image","twitter_misc":{"Escrito por":"portalraizes","Est. tempo de leitura":"1 minuto"},"schema":{"@context":"https:\/\/schema.org","@graph":[{"@type":"Article","@id":"https:\/\/portalraizesnoticias.com.br\/?p=1468#article","isPartOf":{"@id":"https:\/\/portalraizesnoticias.com.br\/?p=1468"},"author":{"name":"portalraizes","@id":"https:\/\/portalraizesnoticias.com.br\/#\/schema\/person\/47207a73b4d645e4bd448ff43b5aee47"},"headline":"Homem morre ap\u00f3s um m\u00eas hospitalizado em decorr\u00eancia de acidente na zona rural de Serrinha","datePublished":"2024-10-17T19:38:25+00:00","dateModified":"2024-10-21T20:51:46+00:00","mainEntityOfPage":{"@id":"https:\/\/portalraizesnoticias.com.br\/?p=1468"},"wordCount":148,"commentCount":0,"publisher":{"@id":"https:\/\/portalraizesnoticias.com.br\/#organization"},"image":{"@id":"https:\/\/portalraizesnoticias.com.br\/?p=1468#primaryimage"},"thumbnailUrl":"https:\/\/portalraizesnoticias.com.br\/wp-content\/uploads\/2024\/10\/cats-2-2-qvp72voukp0sslkjmujllp9sq2fojft0jflxhi7v5c.jpg","articleSection":["ACIDENTES","REGI\u00c3O","ULTIMAS NOTICIAS"],"inLanguage":"pt-BR","potentialAction":[{"@type":"CommentAction","name":"Comment","target":["https:\/\/portalraizesnoticias.com.br\/?p=1468#respond"]}]},{"@type":"WebPage","@id":"https:\/\/portalraizesnoticias.com.br\/?p=1468","url":"https:\/\/portalraizesnoticias.com.br\/?p=1468","name":"Homem morre ap\u00f3s um m\u00eas hospitalizado em decorr\u00eancia de acidente na zona rural de Serrinha - Portal raizes noticias","isPartOf":{"@id":"https:\/\/portalraizesnoticias.com.br\/#website"},"primaryImageOfPage":{"@id":"https:\/\/portalraizesnoticias.com.br\/?p=1468#primaryimage"},"image":{"@id":"https:\/\/portalraizesnoticias.com.br\/?p=1468#primaryimage"},"thumbnailUrl":"https:\/\/portalraizesnoticias.com.br\/wp-content\/uploads\/2024\/10\/cats-2-2-qvp72voukp0sslkjmujllp9sq2fojft0jflxhi7v5c.jpg","datePublished":"2024-10-17T19:38:25+00:00","dateModified":"2024-10-21T20:51:46+00:00","breadcrumb":{"@id":"https:\/\/portalraizesnoticias.com.br\/?p=1468#breadcrumb"},"inLanguage":"pt-BR","potentialAction":[{"@type":"ReadAction","target":["https:\/\/portalraizesnoticias.com.br\/?p=1468"]}]},{"@type":"ImageObject","inLanguage":"pt-BR","@id":"https:\/\/portalraizesnoticias.com.br\/?p=1468#primaryimage","url":"https:\/\/portalraizesnoticias.com.br\/wp-content\/uploads\/2024\/10\/cats-2-2-qvp72voukp0sslkjmujllp9sq2fojft0jflxhi7v5c.jpg","contentUrl":"https:\/\/portalraizesnoticias.com.br\/wp-content\/uploads\/2024\/10\/cats-2-2-qvp72voukp0sslkjmujllp9sq2fojft0jflxhi7v5c.jpg","width":800,"height":600},{"@type":"BreadcrumbList","@id":"https:\/\/portalraizesnoticias.com.br\/?p=1468#breadcrumb","itemListElement":[{"@type":"ListItem","position":1,"name":"In\u00edcio","item":"https:\/\/portalraizesnoticias.com.br\/"},{"@type":"ListItem","position":2,"name":"Homem morre ap\u00f3s um m\u00eas hospitalizado em decorr\u00eancia de acidente na zona rural de Serrinha"}]},{"@type":"WebSite","@id":"https:\/\/portalraizesnoticias.com.br\/#website","url":"https:\/\/portalraizesnoticias.com.br\/","name":"Portal raizes NOTICIAS","description":"site de noticias de concei\u00e7\u00e3o do coit\u00e9 e regi\u00e3o","publisher":{"@id":"https:\/\/portalraizesnoticias.com.br\/#organization"},"alternateName":"PORTAL RAIZES COIT\u00c9","potentialAction":[{"@type":"SearchAction","target":{"@type":"EntryPoint","urlTemplate":"https:\/\/portalraizesnoticias.com.br\/?s={search_term_string}"},"query-input":{"@type":"PropertyValueSpecification","valueRequired":true,"valueName":"search_term_string"}}],"inLanguage":"pt-BR"},{"@type":"Organization","@id":"https:\/\/portalraizesnoticias.com.br\/#organization","name":"Portal raizes NOTICIAS","url":"https:\/\/portalraizesnoticias.com.br\/","logo":{"@type":"ImageObject","inLanguage":"pt-BR","@id":"https:\/\/portalraizesnoticias.com.br\/#\/schema\/logo\/image\/","url":"https:\/\/portalraizesnoticias.com.br\/wp-content\/uploads\/2024\/09\/cropped-Captura-de-tela-2024-09-08-011108.png","contentUrl":"https:\/\/portalraizesnoticias.com.br\/wp-content\/uploads\/2024\/09\/cropped-Captura-de-tela-2024-09-08-011108.png","width":606,"height":173,"caption":"Portal raizes NOTICIAS"},"image":{"@id":"https:\/\/portalraizesnoticias.com.br\/#\/schema\/logo\/image\/"}},{"@type":"Person","@id":"https:\/\/portalraizesnoticias.com.br\/#\/schema\/person\/47207a73b4d645e4bd448ff43b5aee47","name":"portalraizes","image":{"@type":"ImageObject","inLanguage":"pt-BR","@id":"https:\/\/portalraizesnoticias.com.br\/#\/schema\/person\/image\/","url":"https:\/\/secure.gravatar.com\/avatar\/3085bc999770afd37c60e4f96ee3d103?s=96&d=mm&r=g","contentUrl":"https:\/\/secure.gravatar.com\/avatar\/3085bc999770afd37c60e4f96ee3d103?s=96&d=mm&r=g","caption":"portalraizes"},"sameAs":["https:\/\/portalraizesnoticias.com.br"],"url":"https:\/\/portalraizesnoticias.com.br\/?author=1"}]}},"_links":{"self":[{"href":"https:\/\/portalraizesnoticias.com.br\/index.php?rest_route=\/wp\/v2\/posts\/1468"}],"collection":[{"href":"https:\/\/portalraizesnoticias.com.br\/index.php?rest_route=\/wp\/v2\/posts"}],"about":[{"href":"https:\/\/portalraizesnoticias.com.br\/index.php?rest_route=\/wp\/v2\/types\/post"}],"author":[{"embeddable":true,"href":"https:\/\/portalraizesnoticias.com.br\/index.php?rest_route=\/wp\/v2\/users\/1"}],"replies":[{"embeddable":true,"href":"https:\/\/portalraizesnoticias.com.br\/index.php?rest_route=%2Fwp%2Fv2%2Fcomments&post=1468"}],"version-history":[{"count":1,"href":"https:\/\/portalraizesnoticias.com.br\/index.php?rest_route=\/wp\/v2\/posts\/1468\/revisions"}],"predecessor-version":[{"id":1470,"href":"https:\/\/portalraizesnoticias.com.br\/index.php?rest_route=\/wp\/v2\/posts\/1468\/revisions\/1470"}],"wp:featuredmedia":[{"embeddable":true,"href":"https:\/\/portalraizesnoticias.com.br\/index.php?rest_route=\/wp\/v2\/media\/1469"}],"wp:attachment":[{"href":"https:\/\/portalraizesnoticias.com.br\/index.php?rest_route=%2Fwp%2Fv2%2Fmedia&parent=1468"}],"wp:term":[{"taxonomy":"category","embeddable":true,"href":"https:\/\/portalraizesnoticias.com.br\/index.php?rest_route=%2Fwp%2Fv2%2Fcategories&post=1468"},{"taxonomy":"post_tag","embeddable":true,"href":"https:\/\/portalraizesnoticias.com.br\/index.php?rest_route=%2Fwp%2Fv2%2Ftags&post=1468"}],"curies":[{"name":"wp","href":"https:\/\/api.w.org\/{rel}","templated":true}]}}