{"id":1465,"date":"2024-10-17T19:37:47","date_gmt":"2024-10-17T19:37:47","guid":{"rendered":"https:\/\/portalraizesnoticias.com.br\/?p=1465"},"modified":"2024-10-18T16:02:21","modified_gmt":"2024-10-18T16:02:21","slug":"suspeitos-de-matar-adolescente-em-retirolandia-entram-em-confronto-com-a-policia-em-coite-um-morre-e-outro-e-preso","status":"publish","type":"post","link":"https:\/\/portalraizesnoticias.com.br\/?p=1465","title":{"rendered":"Suspeitos de matar adolescente em Retirol\u00e2ndia entram em confronto com a pol\u00edcia em Coit\u00e9; um morre e outro \u00e9 preso"},"content":{"rendered":"<p>Um homem morreu nesta quarta-feira (16) ap\u00f3s um confronto com policiais militares na zona rural de Concei\u00e7\u00e3o do Coit\u00e9, na regi\u00e3o sisaleira da Bahia. De acordo com a Pol\u00edcia Militar, o confronto aconteceu no povoado Nova Palmares, durante uma a\u00e7\u00e3o da Companhia de Emprego T\u00e1tico Operacional (Ceto) do 16\u00ba Batalh\u00e3o.<\/p>\n<p>A PM informou que os policiais apuravam uma den\u00fancia que indicava a localiza\u00e7\u00e3o dos suspeitos de envolvimento no assassinato de um adolescente de 16 anos, ocorrido pouco antes no povoado Lagoa do Canto, em Retirol\u00e2ndia, munic\u00edpio vizinho.<\/p>\n<p>Segundo a PM, tr\u00eas homens atiraram contra os policiais, que revidaram. Um dos suspeitos foi baleado, chegou a ser socorrido para o hospital local, mas n\u00e3o resistiu aos ferimentos. Os outros dois conseguiram fugir e, inicialmente, n\u00e3o foram encontrados. No entanto, na noite desta quarta-feira, a Pol\u00edcia Civil de Retirol\u00e2ndia informou que prendeu um deles.<\/p>\n<p>Ainda conforme a PM, por\u00e7\u00f5es de maconha, coca\u00edna e um rev\u00f3lver calibre 38 foram apreendidos e levados para a Delegacia Territorial de Concei\u00e7\u00e3o do Coit\u00e9, onde o caso foi registrado.<\/p>\n<p>Not\u00edcias de Santaluz<\/p>\n","protected":false},"excerpt":{"rendered":"<p>Um homem morreu nesta quarta-feira (16) ap\u00f3s um confronto com policiais militares na zona rural de Concei\u00e7\u00e3o do Coit\u00e9, na regi\u00e3o sisaleira da Bahia. De acordo com a Pol\u00edcia Militar, o confronto aconteceu no povoado Nova Palmares, durante uma a\u00e7\u00e3o da Companhia de Emprego T\u00e1tico Operacional (Ceto) do 16\u00ba Batalh\u00e3o. A PM informou que os policiais apuravam uma den\u00fancia que indicava a localiza\u00e7\u00e3o dos suspeitos de envolvimento no assassinato de um adolescente de 16 anos, ocorrido pouco antes no povoado Lagoa do Canto, em Retirol\u00e2ndia, munic\u00edpio vizinho. Segundo a PM, tr\u00eas homens atiraram contra os policiais, que revidaram. Um dos suspeitos foi baleado, chegou a ser socorrido para o hospital local, mas n\u00e3o resistiu aos ferimentos. Os outros dois conseguiram fugir e, inicialmente, n\u00e3o foram encontrados. No entanto, na noite desta quarta-feira, a Pol\u00edcia Civil de Retirol\u00e2ndia informou que prendeu um deles. Ainda conforme a PM, por\u00e7\u00f5es de maconha, coca\u00edna e um rev\u00f3lver calibre 38 foram apreendidos e levados para a Delegacia Territorial de Concei\u00e7\u00e3o do Coit\u00e9, onde o caso foi registrado. Not\u00edcias de Santaluz<\/p>\n","protected":false},"author":1,"featured_media":1466,"comment_status":"open","ping_status":"open","sticky":false,"template":"","format":"standard","meta":{"_joinchat":[],"footnotes":""},"categories":[55,67,56],"tags":[],"class_list":["post-1465","post","type-post","status-publish","format-standard","has-post-thumbnail","hentry","category-destaques","category-policia","category-regiao"],"yoast_head":"<!-- This site is optimized with the Yoast SEO plugin v24.4 - https:\/\/yoast.com\/wordpress\/plugins\/seo\/ -->\n<title>Suspeitos de matar adolescente em Retirol\u00e2ndia entram em confronto com a pol\u00edcia em Coit\u00e9; um morre e outro \u00e9 preso - Portal raizes noticias<\/title>\n<meta name=\"robots\" content=\"index, follow, max-snippet:-1, max-image-preview:large, max-video-preview:-1\" \/>\n<link rel=\"canonical\" href=\"https:\/\/portalraizesnoticias.com.br\/?p=1465\" \/>\n<meta property=\"og:locale\" content=\"pt_BR\" \/>\n<meta property=\"og:type\" content=\"article\" \/>\n<meta property=\"og:title\" content=\"Suspeitos de matar adolescente em Retirol\u00e2ndia entram em confronto com a pol\u00edcia em Coit\u00e9; um morre e outro \u00e9 preso - Portal raizes noticias\" \/>\n<meta property=\"og:description\" content=\"Um homem morreu nesta quarta-feira (16) ap\u00f3s um confronto com policiais militares na zona rural de Concei\u00e7\u00e3o do Coit\u00e9, na regi\u00e3o sisaleira da Bahia. De acordo com a Pol\u00edcia Militar, o confronto aconteceu no povoado Nova Palmares, durante uma a\u00e7\u00e3o da Companhia de Emprego T\u00e1tico Operacional (Ceto) do 16\u00ba Batalh\u00e3o. A PM informou que os policiais apuravam uma den\u00fancia que indicava a localiza\u00e7\u00e3o dos suspeitos de envolvimento no assassinato de um adolescente de 16 anos, ocorrido pouco antes no povoado Lagoa do Canto, em Retirol\u00e2ndia, munic\u00edpio vizinho. Segundo a PM, tr\u00eas homens atiraram contra os policiais, que revidaram. Um dos suspeitos foi baleado, chegou a ser socorrido para o hospital local, mas n\u00e3o resistiu aos ferimentos. Os outros dois conseguiram fugir e, inicialmente, n\u00e3o foram encontrados. No entanto, na noite desta quarta-feira, a Pol\u00edcia Civil de Retirol\u00e2ndia informou que prendeu um deles. Ainda conforme a PM, por\u00e7\u00f5es de maconha, coca\u00edna e um rev\u00f3lver calibre 38 foram apreendidos e levados para a Delegacia Territorial de Concei\u00e7\u00e3o do Coit\u00e9, onde o caso foi registrado. Not\u00edcias de Santaluz\" \/>\n<meta property=\"og:url\" content=\"https:\/\/portalraizesnoticias.com.br\/?p=1465\" \/>\n<meta property=\"og:site_name\" content=\"Portal raizes noticias\" \/>\n<meta property=\"article:published_time\" content=\"2024-10-17T19:37:47+00:00\" \/>\n<meta property=\"article:modified_time\" content=\"2024-10-18T16:02:21+00:00\" \/>\n<meta property=\"og:image\" content=\"https:\/\/portalraizesnoticias.com.br\/wp-content\/uploads\/2024\/10\/151351865165.jpg\" \/>\n\t<meta property=\"og:image:width\" content=\"540\" \/>\n\t<meta property=\"og:image:height\" content=\"360\" \/>\n\t<meta property=\"og:image:type\" content=\"image\/jpeg\" \/>\n<meta name=\"author\" content=\"portalraizes\" \/>\n<meta name=\"twitter:card\" content=\"summary_large_image\" \/>\n<meta name=\"twitter:label1\" content=\"Escrito por\" \/>\n\t<meta name=\"twitter:data1\" content=\"portalraizes\" \/>\n\t<meta name=\"twitter:label2\" content=\"Est. tempo de leitura\" \/>\n\t<meta name=\"twitter:data2\" content=\"1 minuto\" \/>\n<script type=\"application\/ld+json\" class=\"yoast-schema-graph\">{\"@context\":\"https:\/\/schema.org\",\"@graph\":[{\"@type\":\"Article\",\"@id\":\"https:\/\/portalraizesnoticias.com.br\/?p=1465#article\",\"isPartOf\":{\"@id\":\"https:\/\/portalraizesnoticias.com.br\/?p=1465\"},\"author\":{\"name\":\"portalraizes\",\"@id\":\"https:\/\/portalraizesnoticias.com.br\/#\/schema\/person\/47207a73b4d645e4bd448ff43b5aee47\"},\"headline\":\"Suspeitos de matar adolescente em Retirol\u00e2ndia entram em confronto com a pol\u00edcia em Coit\u00e9; um morre e outro \u00e9 preso\",\"datePublished\":\"2024-10-17T19:37:47+00:00\",\"dateModified\":\"2024-10-18T16:02:21+00:00\",\"mainEntityOfPage\":{\"@id\":\"https:\/\/portalraizesnoticias.com.br\/?p=1465\"},\"wordCount\":213,\"commentCount\":0,\"publisher\":{\"@id\":\"https:\/\/portalraizesnoticias.com.br\/#organization\"},\"image\":{\"@id\":\"https:\/\/portalraizesnoticias.com.br\/?p=1465#primaryimage\"},\"thumbnailUrl\":\"https:\/\/portalraizesnoticias.com.br\/wp-content\/uploads\/2024\/10\/151351865165.jpg\",\"articleSection\":[\"DESTAQUES\",\"POLICIA\",\"REGI\u00c3O\"],\"inLanguage\":\"pt-BR\",\"potentialAction\":[{\"@type\":\"CommentAction\",\"name\":\"Comment\",\"target\":[\"https:\/\/portalraizesnoticias.com.br\/?p=1465#respond\"]}]},{\"@type\":\"WebPage\",\"@id\":\"https:\/\/portalraizesnoticias.com.br\/?p=1465\",\"url\":\"https:\/\/portalraizesnoticias.com.br\/?p=1465\",\"name\":\"Suspeitos de matar adolescente em Retirol\u00e2ndia entram em confronto com a pol\u00edcia em Coit\u00e9; um morre e outro \u00e9 preso - Portal raizes noticias\",\"isPartOf\":{\"@id\":\"https:\/\/portalraizesnoticias.com.br\/#website\"},\"primaryImageOfPage\":{\"@id\":\"https:\/\/portalraizesnoticias.com.br\/?p=1465#primaryimage\"},\"image\":{\"@id\":\"https:\/\/portalraizesnoticias.com.br\/?p=1465#primaryimage\"},\"thumbnailUrl\":\"https:\/\/portalraizesnoticias.com.br\/wp-content\/uploads\/2024\/10\/151351865165.jpg\",\"datePublished\":\"2024-10-17T19:37:47+00:00\",\"dateModified\":\"2024-10-18T16:02:21+00:00\",\"breadcrumb\":{\"@id\":\"https:\/\/portalraizesnoticias.com.br\/?p=1465#breadcrumb\"},\"inLanguage\":\"pt-BR\",\"potentialAction\":[{\"@type\":\"ReadAction\",\"target\":[\"https:\/\/portalraizesnoticias.com.br\/?p=1465\"]}]},{\"@type\":\"ImageObject\",\"inLanguage\":\"pt-BR\",\"@id\":\"https:\/\/portalraizesnoticias.com.br\/?p=1465#primaryimage\",\"url\":\"https:\/\/portalraizesnoticias.com.br\/wp-content\/uploads\/2024\/10\/151351865165.jpg\",\"contentUrl\":\"https:\/\/portalraizesnoticias.com.br\/wp-content\/uploads\/2024\/10\/151351865165.jpg\",\"width\":540,\"height\":360},{\"@type\":\"BreadcrumbList\",\"@id\":\"https:\/\/portalraizesnoticias.com.br\/?p=1465#breadcrumb\",\"itemListElement\":[{\"@type\":\"ListItem\",\"position\":1,\"name\":\"In\u00edcio\",\"item\":\"https:\/\/portalraizesnoticias.com.br\/\"},{\"@type\":\"ListItem\",\"position\":2,\"name\":\"Suspeitos de matar adolescente em Retirol\u00e2ndia entram em confronto com a pol\u00edcia em Coit\u00e9; um morre e outro \u00e9 preso\"}]},{\"@type\":\"WebSite\",\"@id\":\"https:\/\/portalraizesnoticias.com.br\/#website\",\"url\":\"https:\/\/portalraizesnoticias.com.br\/\",\"name\":\"Portal raizes NOTICIAS\",\"description\":\"site de noticias de concei\u00e7\u00e3o do coit\u00e9 e regi\u00e3o\",\"publisher\":{\"@id\":\"https:\/\/portalraizesnoticias.com.br\/#organization\"},\"alternateName\":\"PORTAL RAIZES COIT\u00c9\",\"potentialAction\":[{\"@type\":\"SearchAction\",\"target\":{\"@type\":\"EntryPoint\",\"urlTemplate\":\"https:\/\/portalraizesnoticias.com.br\/?s={search_term_string}\"},\"query-input\":{\"@type\":\"PropertyValueSpecification\",\"valueRequired\":true,\"valueName\":\"search_term_string\"}}],\"inLanguage\":\"pt-BR\"},{\"@type\":\"Organization\",\"@id\":\"https:\/\/portalraizesnoticias.com.br\/#organization\",\"name\":\"Portal raizes NOTICIAS\",\"url\":\"https:\/\/portalraizesnoticias.com.br\/\",\"logo\":{\"@type\":\"ImageObject\",\"inLanguage\":\"pt-BR\",\"@id\":\"https:\/\/portalraizesnoticias.com.br\/#\/schema\/logo\/image\/\",\"url\":\"https:\/\/portalraizesnoticias.com.br\/wp-content\/uploads\/2024\/09\/cropped-Captura-de-tela-2024-09-08-011108.png\",\"contentUrl\":\"https:\/\/portalraizesnoticias.com.br\/wp-content\/uploads\/2024\/09\/cropped-Captura-de-tela-2024-09-08-011108.png\",\"width\":606,\"height\":173,\"caption\":\"Portal raizes NOTICIAS\"},\"image\":{\"@id\":\"https:\/\/portalraizesnoticias.com.br\/#\/schema\/logo\/image\/\"}},{\"@type\":\"Person\",\"@id\":\"https:\/\/portalraizesnoticias.com.br\/#\/schema\/person\/47207a73b4d645e4bd448ff43b5aee47\",\"name\":\"portalraizes\",\"image\":{\"@type\":\"ImageObject\",\"inLanguage\":\"pt-BR\",\"@id\":\"https:\/\/portalraizesnoticias.com.br\/#\/schema\/person\/image\/\",\"url\":\"https:\/\/secure.gravatar.com\/avatar\/3085bc999770afd37c60e4f96ee3d103?s=96&d=mm&r=g\",\"contentUrl\":\"https:\/\/secure.gravatar.com\/avatar\/3085bc999770afd37c60e4f96ee3d103?s=96&d=mm&r=g\",\"caption\":\"portalraizes\"},\"sameAs\":[\"https:\/\/portalraizesnoticias.com.br\"],\"url\":\"https:\/\/portalraizesnoticias.com.br\/?author=1\"}]}<\/script>\n<!-- \/ Yoast SEO plugin. -->","yoast_head_json":{"title":"Suspeitos de matar adolescente em Retirol\u00e2ndia entram em confronto com a pol\u00edcia em Coit\u00e9; um morre e outro \u00e9 preso - Portal raizes noticias","robots":{"index":"index","follow":"follow","max-snippet":"max-snippet:-1","max-image-preview":"max-image-preview:large","max-video-preview":"max-video-preview:-1"},"canonical":"https:\/\/portalraizesnoticias.com.br\/?p=1465","og_locale":"pt_BR","og_type":"article","og_title":"Suspeitos de matar adolescente em Retirol\u00e2ndia entram em confronto com a pol\u00edcia em Coit\u00e9; um morre e outro \u00e9 preso - Portal raizes noticias","og_description":"Um homem morreu nesta quarta-feira (16) ap\u00f3s um confronto com policiais militares na zona rural de Concei\u00e7\u00e3o do Coit\u00e9, na regi\u00e3o sisaleira da Bahia. De acordo com a Pol\u00edcia Militar, o confronto aconteceu no povoado Nova Palmares, durante uma a\u00e7\u00e3o da Companhia de Emprego T\u00e1tico Operacional (Ceto) do 16\u00ba Batalh\u00e3o. A PM informou que os policiais apuravam uma den\u00fancia que indicava a localiza\u00e7\u00e3o dos suspeitos de envolvimento no assassinato de um adolescente de 16 anos, ocorrido pouco antes no povoado Lagoa do Canto, em Retirol\u00e2ndia, munic\u00edpio vizinho. Segundo a PM, tr\u00eas homens atiraram contra os policiais, que revidaram. Um dos suspeitos foi baleado, chegou a ser socorrido para o hospital local, mas n\u00e3o resistiu aos ferimentos. Os outros dois conseguiram fugir e, inicialmente, n\u00e3o foram encontrados. No entanto, na noite desta quarta-feira, a Pol\u00edcia Civil de Retirol\u00e2ndia informou que prendeu um deles. Ainda conforme a PM, por\u00e7\u00f5es de maconha, coca\u00edna e um rev\u00f3lver calibre 38 foram apreendidos e levados para a Delegacia Territorial de Concei\u00e7\u00e3o do Coit\u00e9, onde o caso foi registrado. Not\u00edcias de Santaluz","og_url":"https:\/\/portalraizesnoticias.com.br\/?p=1465","og_site_name":"Portal raizes noticias","article_published_time":"2024-10-17T19:37:47+00:00","article_modified_time":"2024-10-18T16:02:21+00:00","og_image":[{"width":540,"height":360,"url":"https:\/\/portalraizesnoticias.com.br\/wp-content\/uploads\/2024\/10\/151351865165.jpg","type":"image\/jpeg"}],"author":"portalraizes","twitter_card":"summary_large_image","twitter_misc":{"Escrito por":"portalraizes","Est. tempo de leitura":"1 minuto"},"schema":{"@context":"https:\/\/schema.org","@graph":[{"@type":"Article","@id":"https:\/\/portalraizesnoticias.com.br\/?p=1465#article","isPartOf":{"@id":"https:\/\/portalraizesnoticias.com.br\/?p=1465"},"author":{"name":"portalraizes","@id":"https:\/\/portalraizesnoticias.com.br\/#\/schema\/person\/47207a73b4d645e4bd448ff43b5aee47"},"headline":"Suspeitos de matar adolescente em Retirol\u00e2ndia entram em confronto com a pol\u00edcia em Coit\u00e9; um morre e outro \u00e9 preso","datePublished":"2024-10-17T19:37:47+00:00","dateModified":"2024-10-18T16:02:21+00:00","mainEntityOfPage":{"@id":"https:\/\/portalraizesnoticias.com.br\/?p=1465"},"wordCount":213,"commentCount":0,"publisher":{"@id":"https:\/\/portalraizesnoticias.com.br\/#organization"},"image":{"@id":"https:\/\/portalraizesnoticias.com.br\/?p=1465#primaryimage"},"thumbnailUrl":"https:\/\/portalraizesnoticias.com.br\/wp-content\/uploads\/2024\/10\/151351865165.jpg","articleSection":["DESTAQUES","POLICIA","REGI\u00c3O"],"inLanguage":"pt-BR","potentialAction":[{"@type":"CommentAction","name":"Comment","target":["https:\/\/portalraizesnoticias.com.br\/?p=1465#respond"]}]},{"@type":"WebPage","@id":"https:\/\/portalraizesnoticias.com.br\/?p=1465","url":"https:\/\/portalraizesnoticias.com.br\/?p=1465","name":"Suspeitos de matar adolescente em Retirol\u00e2ndia entram em confronto com a pol\u00edcia em Coit\u00e9; um morre e outro \u00e9 preso - Portal raizes noticias","isPartOf":{"@id":"https:\/\/portalraizesnoticias.com.br\/#website"},"primaryImageOfPage":{"@id":"https:\/\/portalraizesnoticias.com.br\/?p=1465#primaryimage"},"image":{"@id":"https:\/\/portalraizesnoticias.com.br\/?p=1465#primaryimage"},"thumbnailUrl":"https:\/\/portalraizesnoticias.com.br\/wp-content\/uploads\/2024\/10\/151351865165.jpg","datePublished":"2024-10-17T19:37:47+00:00","dateModified":"2024-10-18T16:02:21+00:00","breadcrumb":{"@id":"https:\/\/portalraizesnoticias.com.br\/?p=1465#breadcrumb"},"inLanguage":"pt-BR","potentialAction":[{"@type":"ReadAction","target":["https:\/\/portalraizesnoticias.com.br\/?p=1465"]}]},{"@type":"ImageObject","inLanguage":"pt-BR","@id":"https:\/\/portalraizesnoticias.com.br\/?p=1465#primaryimage","url":"https:\/\/portalraizesnoticias.com.br\/wp-content\/uploads\/2024\/10\/151351865165.jpg","contentUrl":"https:\/\/portalraizesnoticias.com.br\/wp-content\/uploads\/2024\/10\/151351865165.jpg","width":540,"height":360},{"@type":"BreadcrumbList","@id":"https:\/\/portalraizesnoticias.com.br\/?p=1465#breadcrumb","itemListElement":[{"@type":"ListItem","position":1,"name":"In\u00edcio","item":"https:\/\/portalraizesnoticias.com.br\/"},{"@type":"ListItem","position":2,"name":"Suspeitos de matar adolescente em Retirol\u00e2ndia entram em confronto com a pol\u00edcia em Coit\u00e9; um morre e outro \u00e9 preso"}]},{"@type":"WebSite","@id":"https:\/\/portalraizesnoticias.com.br\/#website","url":"https:\/\/portalraizesnoticias.com.br\/","name":"Portal raizes NOTICIAS","description":"site de noticias de concei\u00e7\u00e3o do coit\u00e9 e regi\u00e3o","publisher":{"@id":"https:\/\/portalraizesnoticias.com.br\/#organization"},"alternateName":"PORTAL RAIZES COIT\u00c9","potentialAction":[{"@type":"SearchAction","target":{"@type":"EntryPoint","urlTemplate":"https:\/\/portalraizesnoticias.com.br\/?s={search_term_string}"},"query-input":{"@type":"PropertyValueSpecification","valueRequired":true,"valueName":"search_term_string"}}],"inLanguage":"pt-BR"},{"@type":"Organization","@id":"https:\/\/portalraizesnoticias.com.br\/#organization","name":"Portal raizes NOTICIAS","url":"https:\/\/portalraizesnoticias.com.br\/","logo":{"@type":"ImageObject","inLanguage":"pt-BR","@id":"https:\/\/portalraizesnoticias.com.br\/#\/schema\/logo\/image\/","url":"https:\/\/portalraizesnoticias.com.br\/wp-content\/uploads\/2024\/09\/cropped-Captura-de-tela-2024-09-08-011108.png","contentUrl":"https:\/\/portalraizesnoticias.com.br\/wp-content\/uploads\/2024\/09\/cropped-Captura-de-tela-2024-09-08-011108.png","width":606,"height":173,"caption":"Portal raizes NOTICIAS"},"image":{"@id":"https:\/\/portalraizesnoticias.com.br\/#\/schema\/logo\/image\/"}},{"@type":"Person","@id":"https:\/\/portalraizesnoticias.com.br\/#\/schema\/person\/47207a73b4d645e4bd448ff43b5aee47","name":"portalraizes","image":{"@type":"ImageObject","inLanguage":"pt-BR","@id":"https:\/\/portalraizesnoticias.com.br\/#\/schema\/person\/image\/","url":"https:\/\/secure.gravatar.com\/avatar\/3085bc999770afd37c60e4f96ee3d103?s=96&d=mm&r=g","contentUrl":"https:\/\/secure.gravatar.com\/avatar\/3085bc999770afd37c60e4f96ee3d103?s=96&d=mm&r=g","caption":"portalraizes"},"sameAs":["https:\/\/portalraizesnoticias.com.br"],"url":"https:\/\/portalraizesnoticias.com.br\/?author=1"}]}},"_links":{"self":[{"href":"https:\/\/portalraizesnoticias.com.br\/index.php?rest_route=\/wp\/v2\/posts\/1465"}],"collection":[{"href":"https:\/\/portalraizesnoticias.com.br\/index.php?rest_route=\/wp\/v2\/posts"}],"about":[{"href":"https:\/\/portalraizesnoticias.com.br\/index.php?rest_route=\/wp\/v2\/types\/post"}],"author":[{"embeddable":true,"href":"https:\/\/portalraizesnoticias.com.br\/index.php?rest_route=\/wp\/v2\/users\/1"}],"replies":[{"embeddable":true,"href":"https:\/\/portalraizesnoticias.com.br\/index.php?rest_route=%2Fwp%2Fv2%2Fcomments&post=1465"}],"version-history":[{"count":1,"href":"https:\/\/portalraizesnoticias.com.br\/index.php?rest_route=\/wp\/v2\/posts\/1465\/revisions"}],"predecessor-version":[{"id":1467,"href":"https:\/\/portalraizesnoticias.com.br\/index.php?rest_route=\/wp\/v2\/posts\/1465\/revisions\/1467"}],"wp:featuredmedia":[{"embeddable":true,"href":"https:\/\/portalraizesnoticias.com.br\/index.php?rest_route=\/wp\/v2\/media\/1466"}],"wp:attachment":[{"href":"https:\/\/portalraizesnoticias.com.br\/index.php?rest_route=%2Fwp%2Fv2%2Fmedia&parent=1465"}],"wp:term":[{"taxonomy":"category","embeddable":true,"href":"https:\/\/portalraizesnoticias.com.br\/index.php?rest_route=%2Fwp%2Fv2%2Fcategories&post=1465"},{"taxonomy":"post_tag","embeddable":true,"href":"https:\/\/portalraizesnoticias.com.br\/index.php?rest_route=%2Fwp%2Fv2%2Ftags&post=1465"}],"curies":[{"name":"wp","href":"https:\/\/api.w.org\/{rel}","templated":true}]}}