{"id":1459,"date":"2024-10-17T19:36:12","date_gmt":"2024-10-17T19:36:12","guid":{"rendered":"https:\/\/portalraizesnoticias.com.br\/?p=1459"},"modified":"2024-10-21T20:34:50","modified_gmt":"2024-10-21T20:34:50","slug":"misterio-na-regiao-do-sisal-jovem-desaparece-apos-ser-sequestrado-por-encapuzados","status":"publish","type":"post","link":"https:\/\/portalraizesnoticias.com.br\/?p=1459","title":{"rendered":"Mist\u00e9rio na regi\u00e3o do sisal: jovem desaparece ap\u00f3s ser sequestrado por encapuzados"},"content":{"rendered":"<p>A fam\u00edlia de Jackson dos Santos Marques, de 26 anos, n\u00e3o sabe mais onde procurar o rapaz. Ele est\u00e1 desaparecido desde o \u00faltimo dia 11, ap\u00f3s ser sequestrado dentro da pr\u00f3pria casa, em Monte Santo, regi\u00e3o sisaleira da Bahia.<\/p>\n<p>Testemunhas disseram ao Not\u00edcias de Queimadas e Regi\u00e3o que Jackson estava dormindo, com a esposa, quando tr\u00eas homens a bordo de um carro, modelo HB20, entraram no im\u00f3vel onde eles estavam. A casa fica no povoado Po\u00e7o Salgado.<\/p>\n<p>Ap\u00f3s alguns minutos, o grupo levou a v\u00edtima. Os suspeitos estavam encapuzados e com armas de grosso calibre. Desde ent\u00e3o, Jackson n\u00e3o foi mais visto.<\/p>\n<p><a href=\"https:\/\/noticiasdequeimadas.com.br\/misterio-na-regiao-do-sisal-jovem-desaparece-apos-ser-sequestrado-por-encapuzados\/3f5ccf1c-bb34-43a7-a04e-4e2100df8f5c\/\" rel=\"attachment wp-att-5481\"><img fetchpriority=\"high\" decoding=\"async\" class=\"size-full wp-image-5481 aligncenter\" src=\"http:\/\/noticiasdequeimadas.com.br\/wp-content\/uploads\/2024\/10\/3F5CCF1C-BB34-43A7-A04E-4E2100DF8F5C.jpeg\" sizes=\"(max-width: 720px) 100vw, 720px\" srcset=\"https:\/\/noticiasdequeimadas.com.br\/wp-content\/uploads\/2024\/10\/3F5CCF1C-BB34-43A7-A04E-4E2100DF8F5C.jpeg 720w, https:\/\/noticiasdequeimadas.com.br\/wp-content\/uploads\/2024\/10\/3F5CCF1C-BB34-43A7-A04E-4E2100DF8F5C-253x300.jpeg 253w\" alt=\"\" width=\"720\" height=\"854\" \/><\/a><\/p>\n<p>O Not\u00edcias de Queimadas e Regi\u00e3o tentou contato com a esposa de Jackson, mas ela n\u00e3o quis falar por medo. A fam\u00edlia dele garante que o rapaz trabalhava como motorista e n\u00e3o tinha nenhum envolvimento com o tr\u00e1fico de drogas.<\/p>\n<p>O caso foi registrado na Delegacia Territorial de Monte Santo. Quem tiver informa\u00e7\u00f5es sobre o paradeiro do homem pode ligar para o n\u00famero 181. O sigilo \u00e9 garantido.<\/p>\n<p>noticiasdequeimadas<\/p>\n","protected":false},"excerpt":{"rendered":"<p>A fam\u00edlia de Jackson dos Santos Marques, de 26 anos, n\u00e3o sabe mais onde procurar o rapaz. Ele est\u00e1 desaparecido desde o \u00faltimo dia 11, ap\u00f3s ser sequestrado dentro da pr\u00f3pria casa, em Monte Santo, regi\u00e3o sisaleira da Bahia. Testemunhas disseram ao Not\u00edcias de Queimadas e Regi\u00e3o que Jackson estava dormindo, com a esposa, quando tr\u00eas homens a bordo de um carro, modelo HB20, entraram no im\u00f3vel onde eles estavam. A casa fica no povoado Po\u00e7o Salgado. Ap\u00f3s alguns minutos, o grupo levou a v\u00edtima. Os suspeitos estavam encapuzados e com armas de grosso calibre. Desde ent\u00e3o, Jackson n\u00e3o foi mais visto. O Not\u00edcias de Queimadas e Regi\u00e3o tentou contato com a esposa de Jackson, mas ela n\u00e3o quis falar por medo. A fam\u00edlia dele garante que o rapaz trabalhava como motorista e n\u00e3o tinha nenhum envolvimento com o tr\u00e1fico de drogas. O caso foi registrado na Delegacia Territorial de Monte Santo. Quem tiver informa\u00e7\u00f5es sobre o paradeiro do homem pode ligar para o n\u00famero 181. O sigilo \u00e9 garantido. noticiasdequeimadas<\/p>\n","protected":false},"author":1,"featured_media":1460,"comment_status":"open","ping_status":"open","sticky":false,"template":"","format":"standard","meta":{"_joinchat":[],"footnotes":""},"categories":[55,67,59],"tags":[],"class_list":["post-1459","post","type-post","status-publish","format-standard","has-post-thumbnail","hentry","category-destaques","category-policia","category-ultimas-noticias"],"yoast_head":"<!-- This site is optimized with the Yoast SEO plugin v24.4 - https:\/\/yoast.com\/wordpress\/plugins\/seo\/ -->\n<title>Mist\u00e9rio na regi\u00e3o do sisal: jovem desaparece ap\u00f3s ser sequestrado por encapuzados - Portal raizes noticias<\/title>\n<meta name=\"robots\" content=\"index, follow, max-snippet:-1, max-image-preview:large, max-video-preview:-1\" \/>\n<link rel=\"canonical\" href=\"https:\/\/portalraizesnoticias.com.br\/?p=1459\" \/>\n<meta property=\"og:locale\" content=\"pt_BR\" \/>\n<meta property=\"og:type\" content=\"article\" \/>\n<meta property=\"og:title\" content=\"Mist\u00e9rio na regi\u00e3o do sisal: jovem desaparece ap\u00f3s ser sequestrado por encapuzados - Portal raizes noticias\" \/>\n<meta property=\"og:description\" content=\"A fam\u00edlia de Jackson dos Santos Marques, de 26 anos, n\u00e3o sabe mais onde procurar o rapaz. Ele est\u00e1 desaparecido desde o \u00faltimo dia 11, ap\u00f3s ser sequestrado dentro da pr\u00f3pria casa, em Monte Santo, regi\u00e3o sisaleira da Bahia. Testemunhas disseram ao Not\u00edcias de Queimadas e Regi\u00e3o que Jackson estava dormindo, com a esposa, quando tr\u00eas homens a bordo de um carro, modelo HB20, entraram no im\u00f3vel onde eles estavam. A casa fica no povoado Po\u00e7o Salgado. Ap\u00f3s alguns minutos, o grupo levou a v\u00edtima. Os suspeitos estavam encapuzados e com armas de grosso calibre. Desde ent\u00e3o, Jackson n\u00e3o foi mais visto. O Not\u00edcias de Queimadas e Regi\u00e3o tentou contato com a esposa de Jackson, mas ela n\u00e3o quis falar por medo. A fam\u00edlia dele garante que o rapaz trabalhava como motorista e n\u00e3o tinha nenhum envolvimento com o tr\u00e1fico de drogas. O caso foi registrado na Delegacia Territorial de Monte Santo. Quem tiver informa\u00e7\u00f5es sobre o paradeiro do homem pode ligar para o n\u00famero 181. O sigilo \u00e9 garantido. noticiasdequeimadas\" \/>\n<meta property=\"og:url\" content=\"https:\/\/portalraizesnoticias.com.br\/?p=1459\" \/>\n<meta property=\"og:site_name\" content=\"Portal raizes noticias\" \/>\n<meta property=\"article:published_time\" content=\"2024-10-17T19:36:12+00:00\" \/>\n<meta property=\"article:modified_time\" content=\"2024-10-21T20:34:50+00:00\" \/>\n<meta property=\"og:image\" content=\"https:\/\/portalraizesnoticias.com.br\/wp-content\/uploads\/2024\/10\/0E1D97F2-7D0D-4A7A-B78C-7057D5FC750E.jpeg\" \/>\n\t<meta property=\"og:image:width\" content=\"720\" \/>\n\t<meta property=\"og:image:height\" content=\"597\" \/>\n\t<meta property=\"og:image:type\" content=\"image\/jpeg\" \/>\n<meta name=\"author\" content=\"portalraizes\" \/>\n<meta name=\"twitter:card\" content=\"summary_large_image\" \/>\n<meta name=\"twitter:label1\" content=\"Escrito por\" \/>\n\t<meta name=\"twitter:data1\" content=\"portalraizes\" \/>\n\t<meta name=\"twitter:label2\" content=\"Est. tempo de leitura\" \/>\n\t<meta name=\"twitter:data2\" content=\"1 minuto\" \/>\n<script type=\"application\/ld+json\" class=\"yoast-schema-graph\">{\"@context\":\"https:\/\/schema.org\",\"@graph\":[{\"@type\":\"Article\",\"@id\":\"https:\/\/portalraizesnoticias.com.br\/?p=1459#article\",\"isPartOf\":{\"@id\":\"https:\/\/portalraizesnoticias.com.br\/?p=1459\"},\"author\":{\"name\":\"portalraizes\",\"@id\":\"https:\/\/portalraizesnoticias.com.br\/#\/schema\/person\/47207a73b4d645e4bd448ff43b5aee47\"},\"headline\":\"Mist\u00e9rio na regi\u00e3o do sisal: jovem desaparece ap\u00f3s ser sequestrado por encapuzados\",\"datePublished\":\"2024-10-17T19:36:12+00:00\",\"dateModified\":\"2024-10-21T20:34:50+00:00\",\"mainEntityOfPage\":{\"@id\":\"https:\/\/portalraizesnoticias.com.br\/?p=1459\"},\"wordCount\":204,\"commentCount\":0,\"publisher\":{\"@id\":\"https:\/\/portalraizesnoticias.com.br\/#organization\"},\"image\":{\"@id\":\"https:\/\/portalraizesnoticias.com.br\/?p=1459#primaryimage\"},\"thumbnailUrl\":\"https:\/\/portalraizesnoticias.com.br\/wp-content\/uploads\/2024\/10\/0E1D97F2-7D0D-4A7A-B78C-7057D5FC750E.jpeg\",\"articleSection\":[\"DESTAQUES\",\"POLICIA\",\"ULTIMAS NOTICIAS\"],\"inLanguage\":\"pt-BR\",\"potentialAction\":[{\"@type\":\"CommentAction\",\"name\":\"Comment\",\"target\":[\"https:\/\/portalraizesnoticias.com.br\/?p=1459#respond\"]}]},{\"@type\":\"WebPage\",\"@id\":\"https:\/\/portalraizesnoticias.com.br\/?p=1459\",\"url\":\"https:\/\/portalraizesnoticias.com.br\/?p=1459\",\"name\":\"Mist\u00e9rio na regi\u00e3o do sisal: jovem desaparece ap\u00f3s ser sequestrado por encapuzados - Portal raizes noticias\",\"isPartOf\":{\"@id\":\"https:\/\/portalraizesnoticias.com.br\/#website\"},\"primaryImageOfPage\":{\"@id\":\"https:\/\/portalraizesnoticias.com.br\/?p=1459#primaryimage\"},\"image\":{\"@id\":\"https:\/\/portalraizesnoticias.com.br\/?p=1459#primaryimage\"},\"thumbnailUrl\":\"https:\/\/portalraizesnoticias.com.br\/wp-content\/uploads\/2024\/10\/0E1D97F2-7D0D-4A7A-B78C-7057D5FC750E.jpeg\",\"datePublished\":\"2024-10-17T19:36:12+00:00\",\"dateModified\":\"2024-10-21T20:34:50+00:00\",\"breadcrumb\":{\"@id\":\"https:\/\/portalraizesnoticias.com.br\/?p=1459#breadcrumb\"},\"inLanguage\":\"pt-BR\",\"potentialAction\":[{\"@type\":\"ReadAction\",\"target\":[\"https:\/\/portalraizesnoticias.com.br\/?p=1459\"]}]},{\"@type\":\"ImageObject\",\"inLanguage\":\"pt-BR\",\"@id\":\"https:\/\/portalraizesnoticias.com.br\/?p=1459#primaryimage\",\"url\":\"https:\/\/portalraizesnoticias.com.br\/wp-content\/uploads\/2024\/10\/0E1D97F2-7D0D-4A7A-B78C-7057D5FC750E.jpeg\",\"contentUrl\":\"https:\/\/portalraizesnoticias.com.br\/wp-content\/uploads\/2024\/10\/0E1D97F2-7D0D-4A7A-B78C-7057D5FC750E.jpeg\",\"width\":720,\"height\":597},{\"@type\":\"BreadcrumbList\",\"@id\":\"https:\/\/portalraizesnoticias.com.br\/?p=1459#breadcrumb\",\"itemListElement\":[{\"@type\":\"ListItem\",\"position\":1,\"name\":\"In\u00edcio\",\"item\":\"https:\/\/portalraizesnoticias.com.br\/\"},{\"@type\":\"ListItem\",\"position\":2,\"name\":\"Mist\u00e9rio na regi\u00e3o do sisal: jovem desaparece ap\u00f3s ser sequestrado por encapuzados\"}]},{\"@type\":\"WebSite\",\"@id\":\"https:\/\/portalraizesnoticias.com.br\/#website\",\"url\":\"https:\/\/portalraizesnoticias.com.br\/\",\"name\":\"Portal raizes NOTICIAS\",\"description\":\"site de noticias de concei\u00e7\u00e3o do coit\u00e9 e regi\u00e3o\",\"publisher\":{\"@id\":\"https:\/\/portalraizesnoticias.com.br\/#organization\"},\"alternateName\":\"PORTAL RAIZES COIT\u00c9\",\"potentialAction\":[{\"@type\":\"SearchAction\",\"target\":{\"@type\":\"EntryPoint\",\"urlTemplate\":\"https:\/\/portalraizesnoticias.com.br\/?s={search_term_string}\"},\"query-input\":{\"@type\":\"PropertyValueSpecification\",\"valueRequired\":true,\"valueName\":\"search_term_string\"}}],\"inLanguage\":\"pt-BR\"},{\"@type\":\"Organization\",\"@id\":\"https:\/\/portalraizesnoticias.com.br\/#organization\",\"name\":\"Portal raizes NOTICIAS\",\"url\":\"https:\/\/portalraizesnoticias.com.br\/\",\"logo\":{\"@type\":\"ImageObject\",\"inLanguage\":\"pt-BR\",\"@id\":\"https:\/\/portalraizesnoticias.com.br\/#\/schema\/logo\/image\/\",\"url\":\"https:\/\/portalraizesnoticias.com.br\/wp-content\/uploads\/2024\/09\/cropped-Captura-de-tela-2024-09-08-011108.png\",\"contentUrl\":\"https:\/\/portalraizesnoticias.com.br\/wp-content\/uploads\/2024\/09\/cropped-Captura-de-tela-2024-09-08-011108.png\",\"width\":606,\"height\":173,\"caption\":\"Portal raizes NOTICIAS\"},\"image\":{\"@id\":\"https:\/\/portalraizesnoticias.com.br\/#\/schema\/logo\/image\/\"}},{\"@type\":\"Person\",\"@id\":\"https:\/\/portalraizesnoticias.com.br\/#\/schema\/person\/47207a73b4d645e4bd448ff43b5aee47\",\"name\":\"portalraizes\",\"image\":{\"@type\":\"ImageObject\",\"inLanguage\":\"pt-BR\",\"@id\":\"https:\/\/portalraizesnoticias.com.br\/#\/schema\/person\/image\/\",\"url\":\"https:\/\/secure.gravatar.com\/avatar\/3085bc999770afd37c60e4f96ee3d103?s=96&d=mm&r=g\",\"contentUrl\":\"https:\/\/secure.gravatar.com\/avatar\/3085bc999770afd37c60e4f96ee3d103?s=96&d=mm&r=g\",\"caption\":\"portalraizes\"},\"sameAs\":[\"https:\/\/portalraizesnoticias.com.br\"],\"url\":\"https:\/\/portalraizesnoticias.com.br\/?author=1\"}]}<\/script>\n<!-- \/ Yoast SEO plugin. -->","yoast_head_json":{"title":"Mist\u00e9rio na regi\u00e3o do sisal: jovem desaparece ap\u00f3s ser sequestrado por encapuzados - Portal raizes noticias","robots":{"index":"index","follow":"follow","max-snippet":"max-snippet:-1","max-image-preview":"max-image-preview:large","max-video-preview":"max-video-preview:-1"},"canonical":"https:\/\/portalraizesnoticias.com.br\/?p=1459","og_locale":"pt_BR","og_type":"article","og_title":"Mist\u00e9rio na regi\u00e3o do sisal: jovem desaparece ap\u00f3s ser sequestrado por encapuzados - Portal raizes noticias","og_description":"A fam\u00edlia de Jackson dos Santos Marques, de 26 anos, n\u00e3o sabe mais onde procurar o rapaz. Ele est\u00e1 desaparecido desde o \u00faltimo dia 11, ap\u00f3s ser sequestrado dentro da pr\u00f3pria casa, em Monte Santo, regi\u00e3o sisaleira da Bahia. Testemunhas disseram ao Not\u00edcias de Queimadas e Regi\u00e3o que Jackson estava dormindo, com a esposa, quando tr\u00eas homens a bordo de um carro, modelo HB20, entraram no im\u00f3vel onde eles estavam. A casa fica no povoado Po\u00e7o Salgado. Ap\u00f3s alguns minutos, o grupo levou a v\u00edtima. Os suspeitos estavam encapuzados e com armas de grosso calibre. Desde ent\u00e3o, Jackson n\u00e3o foi mais visto. O Not\u00edcias de Queimadas e Regi\u00e3o tentou contato com a esposa de Jackson, mas ela n\u00e3o quis falar por medo. A fam\u00edlia dele garante que o rapaz trabalhava como motorista e n\u00e3o tinha nenhum envolvimento com o tr\u00e1fico de drogas. O caso foi registrado na Delegacia Territorial de Monte Santo. Quem tiver informa\u00e7\u00f5es sobre o paradeiro do homem pode ligar para o n\u00famero 181. O sigilo \u00e9 garantido. noticiasdequeimadas","og_url":"https:\/\/portalraizesnoticias.com.br\/?p=1459","og_site_name":"Portal raizes noticias","article_published_time":"2024-10-17T19:36:12+00:00","article_modified_time":"2024-10-21T20:34:50+00:00","og_image":[{"width":720,"height":597,"url":"https:\/\/portalraizesnoticias.com.br\/wp-content\/uploads\/2024\/10\/0E1D97F2-7D0D-4A7A-B78C-7057D5FC750E.jpeg","type":"image\/jpeg"}],"author":"portalraizes","twitter_card":"summary_large_image","twitter_misc":{"Escrito por":"portalraizes","Est. tempo de leitura":"1 minuto"},"schema":{"@context":"https:\/\/schema.org","@graph":[{"@type":"Article","@id":"https:\/\/portalraizesnoticias.com.br\/?p=1459#article","isPartOf":{"@id":"https:\/\/portalraizesnoticias.com.br\/?p=1459"},"author":{"name":"portalraizes","@id":"https:\/\/portalraizesnoticias.com.br\/#\/schema\/person\/47207a73b4d645e4bd448ff43b5aee47"},"headline":"Mist\u00e9rio na regi\u00e3o do sisal: jovem desaparece ap\u00f3s ser sequestrado por encapuzados","datePublished":"2024-10-17T19:36:12+00:00","dateModified":"2024-10-21T20:34:50+00:00","mainEntityOfPage":{"@id":"https:\/\/portalraizesnoticias.com.br\/?p=1459"},"wordCount":204,"commentCount":0,"publisher":{"@id":"https:\/\/portalraizesnoticias.com.br\/#organization"},"image":{"@id":"https:\/\/portalraizesnoticias.com.br\/?p=1459#primaryimage"},"thumbnailUrl":"https:\/\/portalraizesnoticias.com.br\/wp-content\/uploads\/2024\/10\/0E1D97F2-7D0D-4A7A-B78C-7057D5FC750E.jpeg","articleSection":["DESTAQUES","POLICIA","ULTIMAS NOTICIAS"],"inLanguage":"pt-BR","potentialAction":[{"@type":"CommentAction","name":"Comment","target":["https:\/\/portalraizesnoticias.com.br\/?p=1459#respond"]}]},{"@type":"WebPage","@id":"https:\/\/portalraizesnoticias.com.br\/?p=1459","url":"https:\/\/portalraizesnoticias.com.br\/?p=1459","name":"Mist\u00e9rio na regi\u00e3o do sisal: jovem desaparece ap\u00f3s ser sequestrado por encapuzados - Portal raizes noticias","isPartOf":{"@id":"https:\/\/portalraizesnoticias.com.br\/#website"},"primaryImageOfPage":{"@id":"https:\/\/portalraizesnoticias.com.br\/?p=1459#primaryimage"},"image":{"@id":"https:\/\/portalraizesnoticias.com.br\/?p=1459#primaryimage"},"thumbnailUrl":"https:\/\/portalraizesnoticias.com.br\/wp-content\/uploads\/2024\/10\/0E1D97F2-7D0D-4A7A-B78C-7057D5FC750E.jpeg","datePublished":"2024-10-17T19:36:12+00:00","dateModified":"2024-10-21T20:34:50+00:00","breadcrumb":{"@id":"https:\/\/portalraizesnoticias.com.br\/?p=1459#breadcrumb"},"inLanguage":"pt-BR","potentialAction":[{"@type":"ReadAction","target":["https:\/\/portalraizesnoticias.com.br\/?p=1459"]}]},{"@type":"ImageObject","inLanguage":"pt-BR","@id":"https:\/\/portalraizesnoticias.com.br\/?p=1459#primaryimage","url":"https:\/\/portalraizesnoticias.com.br\/wp-content\/uploads\/2024\/10\/0E1D97F2-7D0D-4A7A-B78C-7057D5FC750E.jpeg","contentUrl":"https:\/\/portalraizesnoticias.com.br\/wp-content\/uploads\/2024\/10\/0E1D97F2-7D0D-4A7A-B78C-7057D5FC750E.jpeg","width":720,"height":597},{"@type":"BreadcrumbList","@id":"https:\/\/portalraizesnoticias.com.br\/?p=1459#breadcrumb","itemListElement":[{"@type":"ListItem","position":1,"name":"In\u00edcio","item":"https:\/\/portalraizesnoticias.com.br\/"},{"@type":"ListItem","position":2,"name":"Mist\u00e9rio na regi\u00e3o do sisal: jovem desaparece ap\u00f3s ser sequestrado por encapuzados"}]},{"@type":"WebSite","@id":"https:\/\/portalraizesnoticias.com.br\/#website","url":"https:\/\/portalraizesnoticias.com.br\/","name":"Portal raizes NOTICIAS","description":"site de noticias de concei\u00e7\u00e3o do coit\u00e9 e regi\u00e3o","publisher":{"@id":"https:\/\/portalraizesnoticias.com.br\/#organization"},"alternateName":"PORTAL RAIZES COIT\u00c9","potentialAction":[{"@type":"SearchAction","target":{"@type":"EntryPoint","urlTemplate":"https:\/\/portalraizesnoticias.com.br\/?s={search_term_string}"},"query-input":{"@type":"PropertyValueSpecification","valueRequired":true,"valueName":"search_term_string"}}],"inLanguage":"pt-BR"},{"@type":"Organization","@id":"https:\/\/portalraizesnoticias.com.br\/#organization","name":"Portal raizes NOTICIAS","url":"https:\/\/portalraizesnoticias.com.br\/","logo":{"@type":"ImageObject","inLanguage":"pt-BR","@id":"https:\/\/portalraizesnoticias.com.br\/#\/schema\/logo\/image\/","url":"https:\/\/portalraizesnoticias.com.br\/wp-content\/uploads\/2024\/09\/cropped-Captura-de-tela-2024-09-08-011108.png","contentUrl":"https:\/\/portalraizesnoticias.com.br\/wp-content\/uploads\/2024\/09\/cropped-Captura-de-tela-2024-09-08-011108.png","width":606,"height":173,"caption":"Portal raizes NOTICIAS"},"image":{"@id":"https:\/\/portalraizesnoticias.com.br\/#\/schema\/logo\/image\/"}},{"@type":"Person","@id":"https:\/\/portalraizesnoticias.com.br\/#\/schema\/person\/47207a73b4d645e4bd448ff43b5aee47","name":"portalraizes","image":{"@type":"ImageObject","inLanguage":"pt-BR","@id":"https:\/\/portalraizesnoticias.com.br\/#\/schema\/person\/image\/","url":"https:\/\/secure.gravatar.com\/avatar\/3085bc999770afd37c60e4f96ee3d103?s=96&d=mm&r=g","contentUrl":"https:\/\/secure.gravatar.com\/avatar\/3085bc999770afd37c60e4f96ee3d103?s=96&d=mm&r=g","caption":"portalraizes"},"sameAs":["https:\/\/portalraizesnoticias.com.br"],"url":"https:\/\/portalraizesnoticias.com.br\/?author=1"}]}},"_links":{"self":[{"href":"https:\/\/portalraizesnoticias.com.br\/index.php?rest_route=\/wp\/v2\/posts\/1459"}],"collection":[{"href":"https:\/\/portalraizesnoticias.com.br\/index.php?rest_route=\/wp\/v2\/posts"}],"about":[{"href":"https:\/\/portalraizesnoticias.com.br\/index.php?rest_route=\/wp\/v2\/types\/post"}],"author":[{"embeddable":true,"href":"https:\/\/portalraizesnoticias.com.br\/index.php?rest_route=\/wp\/v2\/users\/1"}],"replies":[{"embeddable":true,"href":"https:\/\/portalraizesnoticias.com.br\/index.php?rest_route=%2Fwp%2Fv2%2Fcomments&post=1459"}],"version-history":[{"count":1,"href":"https:\/\/portalraizesnoticias.com.br\/index.php?rest_route=\/wp\/v2\/posts\/1459\/revisions"}],"predecessor-version":[{"id":1461,"href":"https:\/\/portalraizesnoticias.com.br\/index.php?rest_route=\/wp\/v2\/posts\/1459\/revisions\/1461"}],"wp:featuredmedia":[{"embeddable":true,"href":"https:\/\/portalraizesnoticias.com.br\/index.php?rest_route=\/wp\/v2\/media\/1460"}],"wp:attachment":[{"href":"https:\/\/portalraizesnoticias.com.br\/index.php?rest_route=%2Fwp%2Fv2%2Fmedia&parent=1459"}],"wp:term":[{"taxonomy":"category","embeddable":true,"href":"https:\/\/portalraizesnoticias.com.br\/index.php?rest_route=%2Fwp%2Fv2%2Fcategories&post=1459"},{"taxonomy":"post_tag","embeddable":true,"href":"https:\/\/portalraizesnoticias.com.br\/index.php?rest_route=%2Fwp%2Fv2%2Ftags&post=1459"}],"curies":[{"name":"wp","href":"https:\/\/api.w.org\/{rel}","templated":true}]}}