{"id":1364,"date":"2024-10-15T17:10:50","date_gmt":"2024-10-15T17:10:50","guid":{"rendered":"https:\/\/portalraizesnoticias.com.br\/?p=1364"},"modified":"2024-10-21T21:00:34","modified_gmt":"2024-10-21T21:00:34","slug":"idoso-de-74-anos-fica-ferido-apos-cair-do-primeiro-andar-da-propria-residencia-no-centro-de-conceicao-do-coite","status":"publish","type":"post","link":"https:\/\/portalraizesnoticias.com.br\/?p=1364","title":{"rendered":"Idoso de 74 anos fica ferido ap\u00f3s cair do primeiro andar da pr\u00f3pria resid\u00eancia no centro de Concei\u00e7\u00e3o  do Coit\u00e9"},"content":{"rendered":"<p>Um idoso de 74 anos ficou ferido ap\u00f3s cair do telhado do primeiro andar da pr\u00f3pria resid\u00eancia na rua Jo\u00e3o Evangelista, centro de Concei\u00e7\u00e3o do Coit\u00e9. O acidente ocorreu por volta das 13h16 desta ter\u00e7a-feira (15).<\/p>\n<p>&#8220;Ap\u00f3s cair, ele conseguiu se arrastar at\u00e9 a cama e conseguiu chamar o socorro&#8221;, informou o coordenador da equipe \u00c1guia Resgate, Gildo Carneiro.<\/p>\n<p>Raimundo da Silva Santos foi encontrado consciente, orientado e com lacera\u00e7\u00f5es na face.<\/p>\n<p>&#8220;Ele tamb\u00e9m se queixava de dores na regi\u00e3o tor\u00e1cica. Fizemos todos os procedimentos e encaminhamos para emerg\u00eancia do Hospital Portugu\u00eas de Coit\u00e9&#8221;, informou Gildo.<\/p>\n<p>Reda\u00e7\u00e3o<\/p>\n","protected":false},"excerpt":{"rendered":"<p>Um idoso de 74 anos ficou ferido ap\u00f3s cair do telhado do primeiro andar da pr\u00f3pria resid\u00eancia na rua Jo\u00e3o Evangelista, centro de Concei\u00e7\u00e3o do Coit\u00e9. O acidente ocorreu por volta das 13h16 desta ter\u00e7a-feira (15). &#8220;Ap\u00f3s cair, ele conseguiu se arrastar at\u00e9 a cama e conseguiu chamar o socorro&#8221;, informou o coordenador da equipe \u00c1guia Resgate, Gildo Carneiro. Raimundo da Silva Santos foi encontrado consciente, orientado e com lacera\u00e7\u00f5es na face. &#8220;Ele tamb\u00e9m se queixava de dores na regi\u00e3o tor\u00e1cica. Fizemos todos os procedimentos e encaminhamos para emerg\u00eancia do Hospital Portugu\u00eas de Coit\u00e9&#8221;, informou Gildo. Reda\u00e7\u00e3o<\/p>\n","protected":false},"author":1,"featured_media":1365,"comment_status":"open","ping_status":"open","sticky":false,"template":"","format":"standard","meta":{"_joinchat":[],"footnotes":""},"categories":[58,55,59],"tags":[80,79,81],"class_list":["post-1364","post","type-post","status-publish","format-standard","has-post-thumbnail","hentry","category-acidentes","category-destaques","category-ultimas-noticias","tag-ferido","tag-idoso","tag-queda"],"yoast_head":"<!-- This site is optimized with the Yoast SEO plugin v24.4 - https:\/\/yoast.com\/wordpress\/plugins\/seo\/ -->\n<title>Idoso de 74 anos fica ferido ap\u00f3s cair do primeiro andar da pr\u00f3pria resid\u00eancia no centro de Concei\u00e7\u00e3o do Coit\u00e9 - Portal raizes noticias<\/title>\n<meta name=\"robots\" content=\"index, follow, max-snippet:-1, max-image-preview:large, max-video-preview:-1\" \/>\n<link rel=\"canonical\" href=\"https:\/\/portalraizesnoticias.com.br\/?p=1364\" \/>\n<meta property=\"og:locale\" content=\"pt_BR\" \/>\n<meta property=\"og:type\" content=\"article\" \/>\n<meta property=\"og:title\" content=\"Idoso de 74 anos fica ferido ap\u00f3s cair do primeiro andar da pr\u00f3pria resid\u00eancia no centro de Concei\u00e7\u00e3o do Coit\u00e9 - Portal raizes noticias\" \/>\n<meta property=\"og:description\" content=\"Um idoso de 74 anos ficou ferido ap\u00f3s cair do telhado do primeiro andar da pr\u00f3pria resid\u00eancia na rua Jo\u00e3o Evangelista, centro de Concei\u00e7\u00e3o do Coit\u00e9. O acidente ocorreu por volta das 13h16 desta ter\u00e7a-feira (15). &#8220;Ap\u00f3s cair, ele conseguiu se arrastar at\u00e9 a cama e conseguiu chamar o socorro&#8221;, informou o coordenador da equipe \u00c1guia Resgate, Gildo Carneiro. Raimundo da Silva Santos foi encontrado consciente, orientado e com lacera\u00e7\u00f5es na face. &#8220;Ele tamb\u00e9m se queixava de dores na regi\u00e3o tor\u00e1cica. Fizemos todos os procedimentos e encaminhamos para emerg\u00eancia do Hospital Portugu\u00eas de Coit\u00e9&#8221;, informou Gildo. Reda\u00e7\u00e3o\" \/>\n<meta property=\"og:url\" content=\"https:\/\/portalraizesnoticias.com.br\/?p=1364\" \/>\n<meta property=\"og:site_name\" content=\"Portal raizes noticias\" \/>\n<meta property=\"article:published_time\" content=\"2024-10-15T17:10:50+00:00\" \/>\n<meta property=\"article:modified_time\" content=\"2024-10-21T21:00:34+00:00\" \/>\n<meta property=\"og:image\" content=\"https:\/\/portalraizesnoticias.com.br\/wp-content\/uploads\/2024\/10\/IMG-20241015-WA0239.jpg\" \/>\n\t<meta property=\"og:image:width\" content=\"1280\" \/>\n\t<meta property=\"og:image:height\" content=\"960\" \/>\n\t<meta property=\"og:image:type\" content=\"image\/jpeg\" \/>\n<meta name=\"author\" content=\"portalraizes\" \/>\n<meta name=\"twitter:card\" content=\"summary_large_image\" \/>\n<meta name=\"twitter:label1\" content=\"Escrito por\" \/>\n\t<meta name=\"twitter:data1\" content=\"portalraizes\" \/>\n\t<meta name=\"twitter:label2\" content=\"Est. tempo de leitura\" \/>\n\t<meta name=\"twitter:data2\" content=\"1 minuto\" \/>\n<script type=\"application\/ld+json\" class=\"yoast-schema-graph\">{\"@context\":\"https:\/\/schema.org\",\"@graph\":[{\"@type\":\"Article\",\"@id\":\"https:\/\/portalraizesnoticias.com.br\/?p=1364#article\",\"isPartOf\":{\"@id\":\"https:\/\/portalraizesnoticias.com.br\/?p=1364\"},\"author\":{\"name\":\"portalraizes\",\"@id\":\"https:\/\/portalraizesnoticias.com.br\/#\/schema\/person\/47207a73b4d645e4bd448ff43b5aee47\"},\"headline\":\"Idoso de 74 anos fica ferido ap\u00f3s cair do primeiro andar da pr\u00f3pria resid\u00eancia no centro de Concei\u00e7\u00e3o do Coit\u00e9\",\"datePublished\":\"2024-10-15T17:10:50+00:00\",\"dateModified\":\"2024-10-21T21:00:34+00:00\",\"mainEntityOfPage\":{\"@id\":\"https:\/\/portalraizesnoticias.com.br\/?p=1364\"},\"wordCount\":132,\"commentCount\":0,\"publisher\":{\"@id\":\"https:\/\/portalraizesnoticias.com.br\/#organization\"},\"image\":{\"@id\":\"https:\/\/portalraizesnoticias.com.br\/?p=1364#primaryimage\"},\"thumbnailUrl\":\"https:\/\/portalraizesnoticias.com.br\/wp-content\/uploads\/2024\/10\/IMG-20241015-WA0239.jpg\",\"keywords\":[\"Ferido\",\"Idoso\",\"Queda\"],\"articleSection\":[\"ACIDENTES\",\"DESTAQUES\",\"ULTIMAS NOTICIAS\"],\"inLanguage\":\"pt-BR\",\"potentialAction\":[{\"@type\":\"CommentAction\",\"name\":\"Comment\",\"target\":[\"https:\/\/portalraizesnoticias.com.br\/?p=1364#respond\"]}]},{\"@type\":\"WebPage\",\"@id\":\"https:\/\/portalraizesnoticias.com.br\/?p=1364\",\"url\":\"https:\/\/portalraizesnoticias.com.br\/?p=1364\",\"name\":\"Idoso de 74 anos fica ferido ap\u00f3s cair do primeiro andar da pr\u00f3pria resid\u00eancia no centro de Concei\u00e7\u00e3o do Coit\u00e9 - Portal raizes noticias\",\"isPartOf\":{\"@id\":\"https:\/\/portalraizesnoticias.com.br\/#website\"},\"primaryImageOfPage\":{\"@id\":\"https:\/\/portalraizesnoticias.com.br\/?p=1364#primaryimage\"},\"image\":{\"@id\":\"https:\/\/portalraizesnoticias.com.br\/?p=1364#primaryimage\"},\"thumbnailUrl\":\"https:\/\/portalraizesnoticias.com.br\/wp-content\/uploads\/2024\/10\/IMG-20241015-WA0239.jpg\",\"datePublished\":\"2024-10-15T17:10:50+00:00\",\"dateModified\":\"2024-10-21T21:00:34+00:00\",\"breadcrumb\":{\"@id\":\"https:\/\/portalraizesnoticias.com.br\/?p=1364#breadcrumb\"},\"inLanguage\":\"pt-BR\",\"potentialAction\":[{\"@type\":\"ReadAction\",\"target\":[\"https:\/\/portalraizesnoticias.com.br\/?p=1364\"]}]},{\"@type\":\"ImageObject\",\"inLanguage\":\"pt-BR\",\"@id\":\"https:\/\/portalraizesnoticias.com.br\/?p=1364#primaryimage\",\"url\":\"https:\/\/portalraizesnoticias.com.br\/wp-content\/uploads\/2024\/10\/IMG-20241015-WA0239.jpg\",\"contentUrl\":\"https:\/\/portalraizesnoticias.com.br\/wp-content\/uploads\/2024\/10\/IMG-20241015-WA0239.jpg\",\"width\":1280,\"height\":960},{\"@type\":\"BreadcrumbList\",\"@id\":\"https:\/\/portalraizesnoticias.com.br\/?p=1364#breadcrumb\",\"itemListElement\":[{\"@type\":\"ListItem\",\"position\":1,\"name\":\"In\u00edcio\",\"item\":\"https:\/\/portalraizesnoticias.com.br\/\"},{\"@type\":\"ListItem\",\"position\":2,\"name\":\"Idoso de 74 anos fica ferido ap\u00f3s cair do primeiro andar da pr\u00f3pria resid\u00eancia no centro de Concei\u00e7\u00e3o do Coit\u00e9\"}]},{\"@type\":\"WebSite\",\"@id\":\"https:\/\/portalraizesnoticias.com.br\/#website\",\"url\":\"https:\/\/portalraizesnoticias.com.br\/\",\"name\":\"Portal raizes NOTICIAS\",\"description\":\"site de noticias de concei\u00e7\u00e3o do coit\u00e9 e regi\u00e3o\",\"publisher\":{\"@id\":\"https:\/\/portalraizesnoticias.com.br\/#organization\"},\"alternateName\":\"PORTAL RAIZES COIT\u00c9\",\"potentialAction\":[{\"@type\":\"SearchAction\",\"target\":{\"@type\":\"EntryPoint\",\"urlTemplate\":\"https:\/\/portalraizesnoticias.com.br\/?s={search_term_string}\"},\"query-input\":{\"@type\":\"PropertyValueSpecification\",\"valueRequired\":true,\"valueName\":\"search_term_string\"}}],\"inLanguage\":\"pt-BR\"},{\"@type\":\"Organization\",\"@id\":\"https:\/\/portalraizesnoticias.com.br\/#organization\",\"name\":\"Portal raizes NOTICIAS\",\"url\":\"https:\/\/portalraizesnoticias.com.br\/\",\"logo\":{\"@type\":\"ImageObject\",\"inLanguage\":\"pt-BR\",\"@id\":\"https:\/\/portalraizesnoticias.com.br\/#\/schema\/logo\/image\/\",\"url\":\"https:\/\/portalraizesnoticias.com.br\/wp-content\/uploads\/2024\/09\/cropped-Captura-de-tela-2024-09-08-011108.png\",\"contentUrl\":\"https:\/\/portalraizesnoticias.com.br\/wp-content\/uploads\/2024\/09\/cropped-Captura-de-tela-2024-09-08-011108.png\",\"width\":606,\"height\":173,\"caption\":\"Portal raizes NOTICIAS\"},\"image\":{\"@id\":\"https:\/\/portalraizesnoticias.com.br\/#\/schema\/logo\/image\/\"}},{\"@type\":\"Person\",\"@id\":\"https:\/\/portalraizesnoticias.com.br\/#\/schema\/person\/47207a73b4d645e4bd448ff43b5aee47\",\"name\":\"portalraizes\",\"image\":{\"@type\":\"ImageObject\",\"inLanguage\":\"pt-BR\",\"@id\":\"https:\/\/portalraizesnoticias.com.br\/#\/schema\/person\/image\/\",\"url\":\"https:\/\/secure.gravatar.com\/avatar\/3085bc999770afd37c60e4f96ee3d103?s=96&d=mm&r=g\",\"contentUrl\":\"https:\/\/secure.gravatar.com\/avatar\/3085bc999770afd37c60e4f96ee3d103?s=96&d=mm&r=g\",\"caption\":\"portalraizes\"},\"sameAs\":[\"https:\/\/portalraizesnoticias.com.br\"],\"url\":\"https:\/\/portalraizesnoticias.com.br\/?author=1\"}]}<\/script>\n<!-- \/ Yoast SEO plugin. -->","yoast_head_json":{"title":"Idoso de 74 anos fica ferido ap\u00f3s cair do primeiro andar da pr\u00f3pria resid\u00eancia no centro de Concei\u00e7\u00e3o do Coit\u00e9 - Portal raizes noticias","robots":{"index":"index","follow":"follow","max-snippet":"max-snippet:-1","max-image-preview":"max-image-preview:large","max-video-preview":"max-video-preview:-1"},"canonical":"https:\/\/portalraizesnoticias.com.br\/?p=1364","og_locale":"pt_BR","og_type":"article","og_title":"Idoso de 74 anos fica ferido ap\u00f3s cair do primeiro andar da pr\u00f3pria resid\u00eancia no centro de Concei\u00e7\u00e3o do Coit\u00e9 - Portal raizes noticias","og_description":"Um idoso de 74 anos ficou ferido ap\u00f3s cair do telhado do primeiro andar da pr\u00f3pria resid\u00eancia na rua Jo\u00e3o Evangelista, centro de Concei\u00e7\u00e3o do Coit\u00e9. O acidente ocorreu por volta das 13h16 desta ter\u00e7a-feira (15). &#8220;Ap\u00f3s cair, ele conseguiu se arrastar at\u00e9 a cama e conseguiu chamar o socorro&#8221;, informou o coordenador da equipe \u00c1guia Resgate, Gildo Carneiro. Raimundo da Silva Santos foi encontrado consciente, orientado e com lacera\u00e7\u00f5es na face. &#8220;Ele tamb\u00e9m se queixava de dores na regi\u00e3o tor\u00e1cica. Fizemos todos os procedimentos e encaminhamos para emerg\u00eancia do Hospital Portugu\u00eas de Coit\u00e9&#8221;, informou Gildo. Reda\u00e7\u00e3o","og_url":"https:\/\/portalraizesnoticias.com.br\/?p=1364","og_site_name":"Portal raizes noticias","article_published_time":"2024-10-15T17:10:50+00:00","article_modified_time":"2024-10-21T21:00:34+00:00","og_image":[{"width":1280,"height":960,"url":"https:\/\/portalraizesnoticias.com.br\/wp-content\/uploads\/2024\/10\/IMG-20241015-WA0239.jpg","type":"image\/jpeg"}],"author":"portalraizes","twitter_card":"summary_large_image","twitter_misc":{"Escrito por":"portalraizes","Est. tempo de leitura":"1 minuto"},"schema":{"@context":"https:\/\/schema.org","@graph":[{"@type":"Article","@id":"https:\/\/portalraizesnoticias.com.br\/?p=1364#article","isPartOf":{"@id":"https:\/\/portalraizesnoticias.com.br\/?p=1364"},"author":{"name":"portalraizes","@id":"https:\/\/portalraizesnoticias.com.br\/#\/schema\/person\/47207a73b4d645e4bd448ff43b5aee47"},"headline":"Idoso de 74 anos fica ferido ap\u00f3s cair do primeiro andar da pr\u00f3pria resid\u00eancia no centro de Concei\u00e7\u00e3o do Coit\u00e9","datePublished":"2024-10-15T17:10:50+00:00","dateModified":"2024-10-21T21:00:34+00:00","mainEntityOfPage":{"@id":"https:\/\/portalraizesnoticias.com.br\/?p=1364"},"wordCount":132,"commentCount":0,"publisher":{"@id":"https:\/\/portalraizesnoticias.com.br\/#organization"},"image":{"@id":"https:\/\/portalraizesnoticias.com.br\/?p=1364#primaryimage"},"thumbnailUrl":"https:\/\/portalraizesnoticias.com.br\/wp-content\/uploads\/2024\/10\/IMG-20241015-WA0239.jpg","keywords":["Ferido","Idoso","Queda"],"articleSection":["ACIDENTES","DESTAQUES","ULTIMAS NOTICIAS"],"inLanguage":"pt-BR","potentialAction":[{"@type":"CommentAction","name":"Comment","target":["https:\/\/portalraizesnoticias.com.br\/?p=1364#respond"]}]},{"@type":"WebPage","@id":"https:\/\/portalraizesnoticias.com.br\/?p=1364","url":"https:\/\/portalraizesnoticias.com.br\/?p=1364","name":"Idoso de 74 anos fica ferido ap\u00f3s cair do primeiro andar da pr\u00f3pria resid\u00eancia no centro de Concei\u00e7\u00e3o do Coit\u00e9 - Portal raizes noticias","isPartOf":{"@id":"https:\/\/portalraizesnoticias.com.br\/#website"},"primaryImageOfPage":{"@id":"https:\/\/portalraizesnoticias.com.br\/?p=1364#primaryimage"},"image":{"@id":"https:\/\/portalraizesnoticias.com.br\/?p=1364#primaryimage"},"thumbnailUrl":"https:\/\/portalraizesnoticias.com.br\/wp-content\/uploads\/2024\/10\/IMG-20241015-WA0239.jpg","datePublished":"2024-10-15T17:10:50+00:00","dateModified":"2024-10-21T21:00:34+00:00","breadcrumb":{"@id":"https:\/\/portalraizesnoticias.com.br\/?p=1364#breadcrumb"},"inLanguage":"pt-BR","potentialAction":[{"@type":"ReadAction","target":["https:\/\/portalraizesnoticias.com.br\/?p=1364"]}]},{"@type":"ImageObject","inLanguage":"pt-BR","@id":"https:\/\/portalraizesnoticias.com.br\/?p=1364#primaryimage","url":"https:\/\/portalraizesnoticias.com.br\/wp-content\/uploads\/2024\/10\/IMG-20241015-WA0239.jpg","contentUrl":"https:\/\/portalraizesnoticias.com.br\/wp-content\/uploads\/2024\/10\/IMG-20241015-WA0239.jpg","width":1280,"height":960},{"@type":"BreadcrumbList","@id":"https:\/\/portalraizesnoticias.com.br\/?p=1364#breadcrumb","itemListElement":[{"@type":"ListItem","position":1,"name":"In\u00edcio","item":"https:\/\/portalraizesnoticias.com.br\/"},{"@type":"ListItem","position":2,"name":"Idoso de 74 anos fica ferido ap\u00f3s cair do primeiro andar da pr\u00f3pria resid\u00eancia no centro de Concei\u00e7\u00e3o do Coit\u00e9"}]},{"@type":"WebSite","@id":"https:\/\/portalraizesnoticias.com.br\/#website","url":"https:\/\/portalraizesnoticias.com.br\/","name":"Portal raizes NOTICIAS","description":"site de noticias de concei\u00e7\u00e3o do coit\u00e9 e regi\u00e3o","publisher":{"@id":"https:\/\/portalraizesnoticias.com.br\/#organization"},"alternateName":"PORTAL RAIZES COIT\u00c9","potentialAction":[{"@type":"SearchAction","target":{"@type":"EntryPoint","urlTemplate":"https:\/\/portalraizesnoticias.com.br\/?s={search_term_string}"},"query-input":{"@type":"PropertyValueSpecification","valueRequired":true,"valueName":"search_term_string"}}],"inLanguage":"pt-BR"},{"@type":"Organization","@id":"https:\/\/portalraizesnoticias.com.br\/#organization","name":"Portal raizes NOTICIAS","url":"https:\/\/portalraizesnoticias.com.br\/","logo":{"@type":"ImageObject","inLanguage":"pt-BR","@id":"https:\/\/portalraizesnoticias.com.br\/#\/schema\/logo\/image\/","url":"https:\/\/portalraizesnoticias.com.br\/wp-content\/uploads\/2024\/09\/cropped-Captura-de-tela-2024-09-08-011108.png","contentUrl":"https:\/\/portalraizesnoticias.com.br\/wp-content\/uploads\/2024\/09\/cropped-Captura-de-tela-2024-09-08-011108.png","width":606,"height":173,"caption":"Portal raizes NOTICIAS"},"image":{"@id":"https:\/\/portalraizesnoticias.com.br\/#\/schema\/logo\/image\/"}},{"@type":"Person","@id":"https:\/\/portalraizesnoticias.com.br\/#\/schema\/person\/47207a73b4d645e4bd448ff43b5aee47","name":"portalraizes","image":{"@type":"ImageObject","inLanguage":"pt-BR","@id":"https:\/\/portalraizesnoticias.com.br\/#\/schema\/person\/image\/","url":"https:\/\/secure.gravatar.com\/avatar\/3085bc999770afd37c60e4f96ee3d103?s=96&d=mm&r=g","contentUrl":"https:\/\/secure.gravatar.com\/avatar\/3085bc999770afd37c60e4f96ee3d103?s=96&d=mm&r=g","caption":"portalraizes"},"sameAs":["https:\/\/portalraizesnoticias.com.br"],"url":"https:\/\/portalraizesnoticias.com.br\/?author=1"}]}},"_links":{"self":[{"href":"https:\/\/portalraizesnoticias.com.br\/index.php?rest_route=\/wp\/v2\/posts\/1364"}],"collection":[{"href":"https:\/\/portalraizesnoticias.com.br\/index.php?rest_route=\/wp\/v2\/posts"}],"about":[{"href":"https:\/\/portalraizesnoticias.com.br\/index.php?rest_route=\/wp\/v2\/types\/post"}],"author":[{"embeddable":true,"href":"https:\/\/portalraizesnoticias.com.br\/index.php?rest_route=\/wp\/v2\/users\/1"}],"replies":[{"embeddable":true,"href":"https:\/\/portalraizesnoticias.com.br\/index.php?rest_route=%2Fwp%2Fv2%2Fcomments&post=1364"}],"version-history":[{"count":1,"href":"https:\/\/portalraizesnoticias.com.br\/index.php?rest_route=\/wp\/v2\/posts\/1364\/revisions"}],"predecessor-version":[{"id":1366,"href":"https:\/\/portalraizesnoticias.com.br\/index.php?rest_route=\/wp\/v2\/posts\/1364\/revisions\/1366"}],"wp:featuredmedia":[{"embeddable":true,"href":"https:\/\/portalraizesnoticias.com.br\/index.php?rest_route=\/wp\/v2\/media\/1365"}],"wp:attachment":[{"href":"https:\/\/portalraizesnoticias.com.br\/index.php?rest_route=%2Fwp%2Fv2%2Fmedia&parent=1364"}],"wp:term":[{"taxonomy":"category","embeddable":true,"href":"https:\/\/portalraizesnoticias.com.br\/index.php?rest_route=%2Fwp%2Fv2%2Fcategories&post=1364"},{"taxonomy":"post_tag","embeddable":true,"href":"https:\/\/portalraizesnoticias.com.br\/index.php?rest_route=%2Fwp%2Fv2%2Ftags&post=1364"}],"curies":[{"name":"wp","href":"https:\/\/api.w.org\/{rel}","templated":true}]}}