{"id":13458,"date":"2026-05-02T02:31:29","date_gmt":"2026-05-02T05:31:29","guid":{"rendered":"https:\/\/portalraizesnoticias.com.br\/?p=13458"},"modified":"2026-05-02T02:31:30","modified_gmt":"2026-05-02T05:31:30","slug":"homem-e-morto-a-tiros-na-madrugada-deste-sabado-02-em-araci","status":"publish","type":"post","link":"https:\/\/portalraizesnoticias.com.br\/?p=13458","title":{"rendered":"Homem \u00e9 morto a tiros na madrugada deste s\u00e1bado (02) em Araci"},"content":{"rendered":"<p>Um homem de 25 anos morreu ap\u00f3s ser baleado na madrugada deste s\u00e1bado (2), na zona rural de Araci, regi\u00e3o sisaleira.<\/p>\n<p>De acordo com informa\u00e7\u00f5es da Pol\u00edcia Militar apuradas pelo Portal Ra\u00edzes, a ocorr\u00eancia foi registrada por volta das 00h27, no povoado Rufino, nas proximidades do cemit\u00e9rio, na sa\u00edda para o Balaio. O SAMU acionou a guarni\u00e7\u00e3o ap\u00f3s atender uma v\u00edtima de disparos de arma de fogo no local.<\/p>\n<p><img fetchpriority=\"high\" decoding=\"async\" class=\"size-medium wp-image-13298 aligncenter\" src=\"https:\/\/portalraizesnoticias.com.br\/wp-content\/uploads\/2026\/04\/IMG-20260428-WA0303-240x300.jpg\" alt=\"\" width=\"240\" height=\"300\" srcset=\"https:\/\/portalraizesnoticias.com.br\/wp-content\/uploads\/2026\/04\/IMG-20260428-WA0303-240x300.jpg 240w, https:\/\/portalraizesnoticias.com.br\/wp-content\/uploads\/2026\/04\/IMG-20260428-WA0303-819x1024.jpg 819w, https:\/\/portalraizesnoticias.com.br\/wp-content\/uploads\/2026\/04\/IMG-20260428-WA0303-768x960.jpg 768w, https:\/\/portalraizesnoticias.com.br\/wp-content\/uploads\/2026\/04\/IMG-20260428-WA0303.jpg 1024w\" sizes=\"(max-width: 240px) 100vw, 240px\" \/><\/p>\n<p style=\"text-align: center;\"><strong>PUBLICIDADE<\/strong><\/p>\n<p>Ao chegarem, os policiais constataram a veracidade do fato. A v\u00edtima foi identificada como Anivaldo Jesus de Oliveira, que apresentava tr\u00eas perfura\u00e7\u00f5es provocadas por arma de fogo.<\/p>\n<p>O homem ainda foi socorrido com sinais vitais e encaminhado \u00e0 Unidade de Pronto Atendimento (UPA), mas n\u00e3o resistiu aos ferimentos e j\u00e1 chegou sem vida \u00e0 unidade.<\/p>\n<p>A \u00e1rea foi isolada e a ocorr\u00eancia acompanhada pela guarni\u00e7\u00e3o durante o atendimento. At\u00e9 o momento, n\u00e3o h\u00e1 informa\u00e7\u00f5es sobre autoria ou motiva\u00e7\u00e3o do crime.<\/p>\n<p>O caso deve ser investigado pela Pol\u00edcia Civil.<\/p>\n<p>Reda\u00e7\u00e3o<\/p>\n","protected":false},"excerpt":{"rendered":"<p>Um homem de 25 anos morreu ap\u00f3s ser baleado na madrugada deste s\u00e1bado (2), na zona rural de Araci, regi\u00e3o sisaleira. De acordo com informa\u00e7\u00f5es da Pol\u00edcia Militar apuradas pelo Portal Ra\u00edzes, a ocorr\u00eancia foi registrada por volta das 00h27, no povoado Rufino, nas proximidades do cemit\u00e9rio, na sa\u00edda para o Balaio. O SAMU acionou a guarni\u00e7\u00e3o ap\u00f3s atender uma v\u00edtima de disparos de arma de fogo no local. PUBLICIDADE Ao chegarem, os policiais constataram a veracidade do fato. A v\u00edtima foi identificada como Anivaldo Jesus de Oliveira, que apresentava tr\u00eas perfura\u00e7\u00f5es provocadas por arma de fogo. O homem ainda foi socorrido com sinais vitais e encaminhado \u00e0 Unidade de Pronto Atendimento (UPA), mas n\u00e3o resistiu aos ferimentos e j\u00e1 chegou sem vida \u00e0 unidade. A \u00e1rea foi isolada e a ocorr\u00eancia acompanhada pela guarni\u00e7\u00e3o durante o atendimento. At\u00e9 o momento, n\u00e3o h\u00e1 informa\u00e7\u00f5es sobre autoria ou motiva\u00e7\u00e3o do crime. O caso deve ser investigado pela Pol\u00edcia Civil. Reda\u00e7\u00e3o<\/p>\n","protected":false},"author":3,"featured_media":5739,"comment_status":"open","ping_status":"open","sticky":false,"template":"","format":"standard","meta":{"_joinchat":[],"footnotes":""},"categories":[55,67,59],"tags":[],"class_list":["post-13458","post","type-post","status-publish","format-standard","has-post-thumbnail","hentry","category-destaques","category-policia","category-ultimas-noticias"],"yoast_head":"<!-- This site is optimized with the Yoast SEO plugin v24.4 - https:\/\/yoast.com\/wordpress\/plugins\/seo\/ -->\n<title>Homem \u00e9 morto a tiros na madrugada deste s\u00e1bado (02) em Araci - Portal raizes noticias<\/title>\n<meta name=\"robots\" content=\"index, follow, max-snippet:-1, max-image-preview:large, max-video-preview:-1\" \/>\n<link rel=\"canonical\" href=\"https:\/\/portalraizesnoticias.com.br\/?p=13458\" \/>\n<meta property=\"og:locale\" content=\"pt_BR\" \/>\n<meta property=\"og:type\" content=\"article\" \/>\n<meta property=\"og:title\" content=\"Homem \u00e9 morto a tiros na madrugada deste s\u00e1bado (02) em Araci - Portal raizes noticias\" \/>\n<meta property=\"og:description\" content=\"Um homem de 25 anos morreu ap\u00f3s ser baleado na madrugada deste s\u00e1bado (2), na zona rural de Araci, regi\u00e3o sisaleira. De acordo com informa\u00e7\u00f5es da Pol\u00edcia Militar apuradas pelo Portal Ra\u00edzes, a ocorr\u00eancia foi registrada por volta das 00h27, no povoado Rufino, nas proximidades do cemit\u00e9rio, na sa\u00edda para o Balaio. O SAMU acionou a guarni\u00e7\u00e3o ap\u00f3s atender uma v\u00edtima de disparos de arma de fogo no local. PUBLICIDADE Ao chegarem, os policiais constataram a veracidade do fato. A v\u00edtima foi identificada como Anivaldo Jesus de Oliveira, que apresentava tr\u00eas perfura\u00e7\u00f5es provocadas por arma de fogo. O homem ainda foi socorrido com sinais vitais e encaminhado \u00e0 Unidade de Pronto Atendimento (UPA), mas n\u00e3o resistiu aos ferimentos e j\u00e1 chegou sem vida \u00e0 unidade. A \u00e1rea foi isolada e a ocorr\u00eancia acompanhada pela guarni\u00e7\u00e3o durante o atendimento. At\u00e9 o momento, n\u00e3o h\u00e1 informa\u00e7\u00f5es sobre autoria ou motiva\u00e7\u00e3o do crime. O caso deve ser investigado pela Pol\u00edcia Civil. Reda\u00e7\u00e3o\" \/>\n<meta property=\"og:url\" content=\"https:\/\/portalraizesnoticias.com.br\/?p=13458\" \/>\n<meta property=\"og:site_name\" content=\"Portal raizes noticias\" \/>\n<meta property=\"article:published_time\" content=\"2026-05-02T05:31:29+00:00\" \/>\n<meta property=\"article:modified_time\" content=\"2026-05-02T05:31:30+00:00\" \/>\n<meta property=\"og:image\" content=\"https:\/\/portalraizesnoticias.com.br\/wp-content\/uploads\/2025\/04\/arma_de_fogo_cacs-768x461-1.jpg\" \/>\n\t<meta property=\"og:image:width\" content=\"768\" \/>\n\t<meta property=\"og:image:height\" content=\"461\" \/>\n\t<meta property=\"og:image:type\" content=\"image\/jpeg\" \/>\n<meta name=\"author\" content=\"Portal Raizes\" \/>\n<meta name=\"twitter:card\" content=\"summary_large_image\" \/>\n<meta name=\"twitter:label1\" content=\"Escrito por\" \/>\n\t<meta name=\"twitter:data1\" content=\"Portal Raizes\" \/>\n\t<meta name=\"twitter:label2\" content=\"Est. tempo de leitura\" \/>\n\t<meta name=\"twitter:data2\" content=\"2 minutos\" \/>\n<script type=\"application\/ld+json\" class=\"yoast-schema-graph\">{\"@context\":\"https:\/\/schema.org\",\"@graph\":[{\"@type\":\"Article\",\"@id\":\"https:\/\/portalraizesnoticias.com.br\/?p=13458#article\",\"isPartOf\":{\"@id\":\"https:\/\/portalraizesnoticias.com.br\/?p=13458\"},\"author\":{\"name\":\"Portal Raizes\",\"@id\":\"https:\/\/portalraizesnoticias.com.br\/#\/schema\/person\/a3ca6b0fc701e78df19756c417d943ae\"},\"headline\":\"Homem \u00e9 morto a tiros na madrugada deste s\u00e1bado (02) em Araci\",\"datePublished\":\"2026-05-02T05:31:29+00:00\",\"dateModified\":\"2026-05-02T05:31:30+00:00\",\"mainEntityOfPage\":{\"@id\":\"https:\/\/portalraizesnoticias.com.br\/?p=13458\"},\"wordCount\":189,\"commentCount\":0,\"publisher\":{\"@id\":\"https:\/\/portalraizesnoticias.com.br\/#organization\"},\"image\":{\"@id\":\"https:\/\/portalraizesnoticias.com.br\/?p=13458#primaryimage\"},\"thumbnailUrl\":\"https:\/\/portalraizesnoticias.com.br\/wp-content\/uploads\/2025\/04\/arma_de_fogo_cacs-768x461-1.jpg\",\"articleSection\":[\"DESTAQUES\",\"POLICIA\",\"ULTIMAS NOTICIAS\"],\"inLanguage\":\"pt-BR\",\"potentialAction\":[{\"@type\":\"CommentAction\",\"name\":\"Comment\",\"target\":[\"https:\/\/portalraizesnoticias.com.br\/?p=13458#respond\"]}]},{\"@type\":\"WebPage\",\"@id\":\"https:\/\/portalraizesnoticias.com.br\/?p=13458\",\"url\":\"https:\/\/portalraizesnoticias.com.br\/?p=13458\",\"name\":\"Homem \u00e9 morto a tiros na madrugada deste s\u00e1bado (02) em Araci - Portal raizes noticias\",\"isPartOf\":{\"@id\":\"https:\/\/portalraizesnoticias.com.br\/#website\"},\"primaryImageOfPage\":{\"@id\":\"https:\/\/portalraizesnoticias.com.br\/?p=13458#primaryimage\"},\"image\":{\"@id\":\"https:\/\/portalraizesnoticias.com.br\/?p=13458#primaryimage\"},\"thumbnailUrl\":\"https:\/\/portalraizesnoticias.com.br\/wp-content\/uploads\/2025\/04\/arma_de_fogo_cacs-768x461-1.jpg\",\"datePublished\":\"2026-05-02T05:31:29+00:00\",\"dateModified\":\"2026-05-02T05:31:30+00:00\",\"breadcrumb\":{\"@id\":\"https:\/\/portalraizesnoticias.com.br\/?p=13458#breadcrumb\"},\"inLanguage\":\"pt-BR\",\"potentialAction\":[{\"@type\":\"ReadAction\",\"target\":[\"https:\/\/portalraizesnoticias.com.br\/?p=13458\"]}]},{\"@type\":\"ImageObject\",\"inLanguage\":\"pt-BR\",\"@id\":\"https:\/\/portalraizesnoticias.com.br\/?p=13458#primaryimage\",\"url\":\"https:\/\/portalraizesnoticias.com.br\/wp-content\/uploads\/2025\/04\/arma_de_fogo_cacs-768x461-1.jpg\",\"contentUrl\":\"https:\/\/portalraizesnoticias.com.br\/wp-content\/uploads\/2025\/04\/arma_de_fogo_cacs-768x461-1.jpg\",\"width\":768,\"height\":461},{\"@type\":\"BreadcrumbList\",\"@id\":\"https:\/\/portalraizesnoticias.com.br\/?p=13458#breadcrumb\",\"itemListElement\":[{\"@type\":\"ListItem\",\"position\":1,\"name\":\"In\u00edcio\",\"item\":\"https:\/\/portalraizesnoticias.com.br\/\"},{\"@type\":\"ListItem\",\"position\":2,\"name\":\"Homem \u00e9 morto a tiros na madrugada deste s\u00e1bado (02) em Araci\"}]},{\"@type\":\"WebSite\",\"@id\":\"https:\/\/portalraizesnoticias.com.br\/#website\",\"url\":\"https:\/\/portalraizesnoticias.com.br\/\",\"name\":\"Portal raizes NOTICIAS\",\"description\":\"site de noticias de concei\u00e7\u00e3o do coit\u00e9 e regi\u00e3o\",\"publisher\":{\"@id\":\"https:\/\/portalraizesnoticias.com.br\/#organization\"},\"alternateName\":\"PORTAL RAIZES COIT\u00c9\",\"potentialAction\":[{\"@type\":\"SearchAction\",\"target\":{\"@type\":\"EntryPoint\",\"urlTemplate\":\"https:\/\/portalraizesnoticias.com.br\/?s={search_term_string}\"},\"query-input\":{\"@type\":\"PropertyValueSpecification\",\"valueRequired\":true,\"valueName\":\"search_term_string\"}}],\"inLanguage\":\"pt-BR\"},{\"@type\":\"Organization\",\"@id\":\"https:\/\/portalraizesnoticias.com.br\/#organization\",\"name\":\"Portal raizes NOTICIAS\",\"url\":\"https:\/\/portalraizesnoticias.com.br\/\",\"logo\":{\"@type\":\"ImageObject\",\"inLanguage\":\"pt-BR\",\"@id\":\"https:\/\/portalraizesnoticias.com.br\/#\/schema\/logo\/image\/\",\"url\":\"https:\/\/portalraizesnoticias.com.br\/wp-content\/uploads\/2024\/09\/cropped-Captura-de-tela-2024-09-08-011108.png\",\"contentUrl\":\"https:\/\/portalraizesnoticias.com.br\/wp-content\/uploads\/2024\/09\/cropped-Captura-de-tela-2024-09-08-011108.png\",\"width\":606,\"height\":173,\"caption\":\"Portal raizes NOTICIAS\"},\"image\":{\"@id\":\"https:\/\/portalraizesnoticias.com.br\/#\/schema\/logo\/image\/\"}},{\"@type\":\"Person\",\"@id\":\"https:\/\/portalraizesnoticias.com.br\/#\/schema\/person\/a3ca6b0fc701e78df19756c417d943ae\",\"name\":\"Portal Raizes\",\"image\":{\"@type\":\"ImageObject\",\"inLanguage\":\"pt-BR\",\"@id\":\"https:\/\/portalraizesnoticias.com.br\/#\/schema\/person\/image\/\",\"url\":\"https:\/\/secure.gravatar.com\/avatar\/ef450d29013a3d3fba867a12a249d7b1?s=96&d=mm&r=g\",\"contentUrl\":\"https:\/\/secure.gravatar.com\/avatar\/ef450d29013a3d3fba867a12a249d7b1?s=96&d=mm&r=g\",\"caption\":\"Portal Raizes\"},\"url\":\"https:\/\/portalraizesnoticias.com.br\/?author=3\"}]}<\/script>\n<!-- \/ Yoast SEO plugin. -->","yoast_head_json":{"title":"Homem \u00e9 morto a tiros na madrugada deste s\u00e1bado (02) em Araci - Portal raizes noticias","robots":{"index":"index","follow":"follow","max-snippet":"max-snippet:-1","max-image-preview":"max-image-preview:large","max-video-preview":"max-video-preview:-1"},"canonical":"https:\/\/portalraizesnoticias.com.br\/?p=13458","og_locale":"pt_BR","og_type":"article","og_title":"Homem \u00e9 morto a tiros na madrugada deste s\u00e1bado (02) em Araci - Portal raizes noticias","og_description":"Um homem de 25 anos morreu ap\u00f3s ser baleado na madrugada deste s\u00e1bado (2), na zona rural de Araci, regi\u00e3o sisaleira. De acordo com informa\u00e7\u00f5es da Pol\u00edcia Militar apuradas pelo Portal Ra\u00edzes, a ocorr\u00eancia foi registrada por volta das 00h27, no povoado Rufino, nas proximidades do cemit\u00e9rio, na sa\u00edda para o Balaio. O SAMU acionou a guarni\u00e7\u00e3o ap\u00f3s atender uma v\u00edtima de disparos de arma de fogo no local. PUBLICIDADE Ao chegarem, os policiais constataram a veracidade do fato. A v\u00edtima foi identificada como Anivaldo Jesus de Oliveira, que apresentava tr\u00eas perfura\u00e7\u00f5es provocadas por arma de fogo. O homem ainda foi socorrido com sinais vitais e encaminhado \u00e0 Unidade de Pronto Atendimento (UPA), mas n\u00e3o resistiu aos ferimentos e j\u00e1 chegou sem vida \u00e0 unidade. A \u00e1rea foi isolada e a ocorr\u00eancia acompanhada pela guarni\u00e7\u00e3o durante o atendimento. At\u00e9 o momento, n\u00e3o h\u00e1 informa\u00e7\u00f5es sobre autoria ou motiva\u00e7\u00e3o do crime. O caso deve ser investigado pela Pol\u00edcia Civil. Reda\u00e7\u00e3o","og_url":"https:\/\/portalraizesnoticias.com.br\/?p=13458","og_site_name":"Portal raizes noticias","article_published_time":"2026-05-02T05:31:29+00:00","article_modified_time":"2026-05-02T05:31:30+00:00","og_image":[{"width":768,"height":461,"url":"https:\/\/portalraizesnoticias.com.br\/wp-content\/uploads\/2025\/04\/arma_de_fogo_cacs-768x461-1.jpg","type":"image\/jpeg"}],"author":"Portal Raizes","twitter_card":"summary_large_image","twitter_misc":{"Escrito por":"Portal Raizes","Est. tempo de leitura":"2 minutos"},"schema":{"@context":"https:\/\/schema.org","@graph":[{"@type":"Article","@id":"https:\/\/portalraizesnoticias.com.br\/?p=13458#article","isPartOf":{"@id":"https:\/\/portalraizesnoticias.com.br\/?p=13458"},"author":{"name":"Portal Raizes","@id":"https:\/\/portalraizesnoticias.com.br\/#\/schema\/person\/a3ca6b0fc701e78df19756c417d943ae"},"headline":"Homem \u00e9 morto a tiros na madrugada deste s\u00e1bado (02) em Araci","datePublished":"2026-05-02T05:31:29+00:00","dateModified":"2026-05-02T05:31:30+00:00","mainEntityOfPage":{"@id":"https:\/\/portalraizesnoticias.com.br\/?p=13458"},"wordCount":189,"commentCount":0,"publisher":{"@id":"https:\/\/portalraizesnoticias.com.br\/#organization"},"image":{"@id":"https:\/\/portalraizesnoticias.com.br\/?p=13458#primaryimage"},"thumbnailUrl":"https:\/\/portalraizesnoticias.com.br\/wp-content\/uploads\/2025\/04\/arma_de_fogo_cacs-768x461-1.jpg","articleSection":["DESTAQUES","POLICIA","ULTIMAS NOTICIAS"],"inLanguage":"pt-BR","potentialAction":[{"@type":"CommentAction","name":"Comment","target":["https:\/\/portalraizesnoticias.com.br\/?p=13458#respond"]}]},{"@type":"WebPage","@id":"https:\/\/portalraizesnoticias.com.br\/?p=13458","url":"https:\/\/portalraizesnoticias.com.br\/?p=13458","name":"Homem \u00e9 morto a tiros na madrugada deste s\u00e1bado (02) em Araci - Portal raizes noticias","isPartOf":{"@id":"https:\/\/portalraizesnoticias.com.br\/#website"},"primaryImageOfPage":{"@id":"https:\/\/portalraizesnoticias.com.br\/?p=13458#primaryimage"},"image":{"@id":"https:\/\/portalraizesnoticias.com.br\/?p=13458#primaryimage"},"thumbnailUrl":"https:\/\/portalraizesnoticias.com.br\/wp-content\/uploads\/2025\/04\/arma_de_fogo_cacs-768x461-1.jpg","datePublished":"2026-05-02T05:31:29+00:00","dateModified":"2026-05-02T05:31:30+00:00","breadcrumb":{"@id":"https:\/\/portalraizesnoticias.com.br\/?p=13458#breadcrumb"},"inLanguage":"pt-BR","potentialAction":[{"@type":"ReadAction","target":["https:\/\/portalraizesnoticias.com.br\/?p=13458"]}]},{"@type":"ImageObject","inLanguage":"pt-BR","@id":"https:\/\/portalraizesnoticias.com.br\/?p=13458#primaryimage","url":"https:\/\/portalraizesnoticias.com.br\/wp-content\/uploads\/2025\/04\/arma_de_fogo_cacs-768x461-1.jpg","contentUrl":"https:\/\/portalraizesnoticias.com.br\/wp-content\/uploads\/2025\/04\/arma_de_fogo_cacs-768x461-1.jpg","width":768,"height":461},{"@type":"BreadcrumbList","@id":"https:\/\/portalraizesnoticias.com.br\/?p=13458#breadcrumb","itemListElement":[{"@type":"ListItem","position":1,"name":"In\u00edcio","item":"https:\/\/portalraizesnoticias.com.br\/"},{"@type":"ListItem","position":2,"name":"Homem \u00e9 morto a tiros na madrugada deste s\u00e1bado (02) em Araci"}]},{"@type":"WebSite","@id":"https:\/\/portalraizesnoticias.com.br\/#website","url":"https:\/\/portalraizesnoticias.com.br\/","name":"Portal raizes NOTICIAS","description":"site de noticias de concei\u00e7\u00e3o do coit\u00e9 e regi\u00e3o","publisher":{"@id":"https:\/\/portalraizesnoticias.com.br\/#organization"},"alternateName":"PORTAL RAIZES COIT\u00c9","potentialAction":[{"@type":"SearchAction","target":{"@type":"EntryPoint","urlTemplate":"https:\/\/portalraizesnoticias.com.br\/?s={search_term_string}"},"query-input":{"@type":"PropertyValueSpecification","valueRequired":true,"valueName":"search_term_string"}}],"inLanguage":"pt-BR"},{"@type":"Organization","@id":"https:\/\/portalraizesnoticias.com.br\/#organization","name":"Portal raizes NOTICIAS","url":"https:\/\/portalraizesnoticias.com.br\/","logo":{"@type":"ImageObject","inLanguage":"pt-BR","@id":"https:\/\/portalraizesnoticias.com.br\/#\/schema\/logo\/image\/","url":"https:\/\/portalraizesnoticias.com.br\/wp-content\/uploads\/2024\/09\/cropped-Captura-de-tela-2024-09-08-011108.png","contentUrl":"https:\/\/portalraizesnoticias.com.br\/wp-content\/uploads\/2024\/09\/cropped-Captura-de-tela-2024-09-08-011108.png","width":606,"height":173,"caption":"Portal raizes NOTICIAS"},"image":{"@id":"https:\/\/portalraizesnoticias.com.br\/#\/schema\/logo\/image\/"}},{"@type":"Person","@id":"https:\/\/portalraizesnoticias.com.br\/#\/schema\/person\/a3ca6b0fc701e78df19756c417d943ae","name":"Portal Raizes","image":{"@type":"ImageObject","inLanguage":"pt-BR","@id":"https:\/\/portalraizesnoticias.com.br\/#\/schema\/person\/image\/","url":"https:\/\/secure.gravatar.com\/avatar\/ef450d29013a3d3fba867a12a249d7b1?s=96&d=mm&r=g","contentUrl":"https:\/\/secure.gravatar.com\/avatar\/ef450d29013a3d3fba867a12a249d7b1?s=96&d=mm&r=g","caption":"Portal Raizes"},"url":"https:\/\/portalraizesnoticias.com.br\/?author=3"}]}},"_links":{"self":[{"href":"https:\/\/portalraizesnoticias.com.br\/index.php?rest_route=\/wp\/v2\/posts\/13458"}],"collection":[{"href":"https:\/\/portalraizesnoticias.com.br\/index.php?rest_route=\/wp\/v2\/posts"}],"about":[{"href":"https:\/\/portalraizesnoticias.com.br\/index.php?rest_route=\/wp\/v2\/types\/post"}],"author":[{"embeddable":true,"href":"https:\/\/portalraizesnoticias.com.br\/index.php?rest_route=\/wp\/v2\/users\/3"}],"replies":[{"embeddable":true,"href":"https:\/\/portalraizesnoticias.com.br\/index.php?rest_route=%2Fwp%2Fv2%2Fcomments&post=13458"}],"version-history":[{"count":3,"href":"https:\/\/portalraizesnoticias.com.br\/index.php?rest_route=\/wp\/v2\/posts\/13458\/revisions"}],"predecessor-version":[{"id":13461,"href":"https:\/\/portalraizesnoticias.com.br\/index.php?rest_route=\/wp\/v2\/posts\/13458\/revisions\/13461"}],"wp:featuredmedia":[{"embeddable":true,"href":"https:\/\/portalraizesnoticias.com.br\/index.php?rest_route=\/wp\/v2\/media\/5739"}],"wp:attachment":[{"href":"https:\/\/portalraizesnoticias.com.br\/index.php?rest_route=%2Fwp%2Fv2%2Fmedia&parent=13458"}],"wp:term":[{"taxonomy":"category","embeddable":true,"href":"https:\/\/portalraizesnoticias.com.br\/index.php?rest_route=%2Fwp%2Fv2%2Fcategories&post=13458"},{"taxonomy":"post_tag","embeddable":true,"href":"https:\/\/portalraizesnoticias.com.br\/index.php?rest_route=%2Fwp%2Fv2%2Ftags&post=13458"}],"curies":[{"name":"wp","href":"https:\/\/api.w.org\/{rel}","templated":true}]}}