{"id":13451,"date":"2026-05-01T23:55:04","date_gmt":"2026-05-02T02:55:04","guid":{"rendered":"https:\/\/portalraizesnoticias.com.br\/?p=13451"},"modified":"2026-05-01T23:55:05","modified_gmt":"2026-05-02T02:55:05","slug":"policia-civil-localiza-menor-desaparecido-durante-a-micareta-de-conceicao-do-coite","status":"publish","type":"post","link":"https:\/\/portalraizesnoticias.com.br\/?p=13451","title":{"rendered":"Pol\u00edcia Civil localiza menor desaparecido durante a Micareta de Concei\u00e7\u00e3o do Coit\u00e9"},"content":{"rendered":"<p>A Pol\u00edcia Civil da Bahia localizou, na noite desta sexta-feira (1\u00ba), um menor que havia sido dado como desaparecido durante a Coit\u00e9 Folia 2026, em Concei\u00e7\u00e3o do Coit\u00e9.<br \/>\nDe acordo com informa\u00e7\u00f5es da corpora\u00e7\u00e3o, o desaparecimento do adolescente, identificado pelas iniciais M.S.S., foi registrado no circuito da festa. Assim que a ocorr\u00eancia foi formalizada, equipes iniciaram buscas imediatas no local, adotando protocolos de varredura em meio ao grande fluxo de pessoas.<\/p>\n<p>Ap\u00f3s uma a\u00e7\u00e3o r\u00e1pida e coordenada, o menor foi encontrado ainda dentro do circuito do evento. Ele foi acolhido pelos policiais e devolvido aos respons\u00e1veis legais, sem apresentar ferimentos ou sinais de viol\u00eancia.<\/p>\n<p>A Pol\u00edcia Civil destacou a efici\u00eancia da opera\u00e7\u00e3o e refor\u00e7ou o compromisso com a seguran\u00e7a da popula\u00e7\u00e3o, especialmente durante eventos de grande porte como a micareta.<\/p>\n","protected":false},"excerpt":{"rendered":"<p>A Pol\u00edcia Civil da Bahia localizou, na noite desta sexta-feira (1\u00ba), um menor que havia sido dado como desaparecido durante a Coit\u00e9 Folia 2026, em Concei\u00e7\u00e3o do Coit\u00e9. De acordo com informa\u00e7\u00f5es da corpora\u00e7\u00e3o, o desaparecimento do adolescente, identificado pelas iniciais M.S.S., foi registrado no circuito da festa. Assim que a ocorr\u00eancia foi formalizada, equipes iniciaram buscas imediatas no local, adotando protocolos de varredura em meio ao grande fluxo de pessoas. Ap\u00f3s uma a\u00e7\u00e3o r\u00e1pida e coordenada, o menor foi encontrado ainda dentro do circuito do evento. Ele foi acolhido pelos policiais e devolvido aos respons\u00e1veis legais, sem apresentar ferimentos ou sinais de viol\u00eancia. A Pol\u00edcia Civil destacou a efici\u00eancia da opera\u00e7\u00e3o e refor\u00e7ou o compromisso com a seguran\u00e7a da popula\u00e7\u00e3o, especialmente durante eventos de grande porte como a micareta.<\/p>\n","protected":false},"author":3,"featured_media":9221,"comment_status":"open","ping_status":"open","sticky":false,"template":"","format":"standard","meta":{"_joinchat":[],"footnotes":""},"categories":[55,67,59],"tags":[],"class_list":["post-13451","post","type-post","status-publish","format-standard","has-post-thumbnail","hentry","category-destaques","category-policia","category-ultimas-noticias"],"yoast_head":"<!-- This site is optimized with the Yoast SEO plugin v24.4 - https:\/\/yoast.com\/wordpress\/plugins\/seo\/ -->\n<title>Pol\u00edcia Civil localiza menor desaparecido durante a Micareta de Concei\u00e7\u00e3o do Coit\u00e9 - Portal raizes noticias<\/title>\n<meta name=\"robots\" content=\"index, follow, max-snippet:-1, max-image-preview:large, max-video-preview:-1\" \/>\n<link rel=\"canonical\" href=\"https:\/\/portalraizesnoticias.com.br\/?p=13451\" \/>\n<meta property=\"og:locale\" content=\"pt_BR\" \/>\n<meta property=\"og:type\" content=\"article\" \/>\n<meta property=\"og:title\" content=\"Pol\u00edcia Civil localiza menor desaparecido durante a Micareta de Concei\u00e7\u00e3o do Coit\u00e9 - Portal raizes noticias\" \/>\n<meta property=\"og:description\" content=\"A Pol\u00edcia Civil da Bahia localizou, na noite desta sexta-feira (1\u00ba), um menor que havia sido dado como desaparecido durante a Coit\u00e9 Folia 2026, em Concei\u00e7\u00e3o do Coit\u00e9. De acordo com informa\u00e7\u00f5es da corpora\u00e7\u00e3o, o desaparecimento do adolescente, identificado pelas iniciais M.S.S., foi registrado no circuito da festa. Assim que a ocorr\u00eancia foi formalizada, equipes iniciaram buscas imediatas no local, adotando protocolos de varredura em meio ao grande fluxo de pessoas. Ap\u00f3s uma a\u00e7\u00e3o r\u00e1pida e coordenada, o menor foi encontrado ainda dentro do circuito do evento. Ele foi acolhido pelos policiais e devolvido aos respons\u00e1veis legais, sem apresentar ferimentos ou sinais de viol\u00eancia. A Pol\u00edcia Civil destacou a efici\u00eancia da opera\u00e7\u00e3o e refor\u00e7ou o compromisso com a seguran\u00e7a da popula\u00e7\u00e3o, especialmente durante eventos de grande porte como a micareta.\" \/>\n<meta property=\"og:url\" content=\"https:\/\/portalraizesnoticias.com.br\/?p=13451\" \/>\n<meta property=\"og:site_name\" content=\"Portal raizes noticias\" \/>\n<meta property=\"article:published_time\" content=\"2026-05-02T02:55:04+00:00\" \/>\n<meta property=\"article:modified_time\" content=\"2026-05-02T02:55:05+00:00\" \/>\n<meta property=\"og:image\" content=\"https:\/\/portalraizesnoticias.com.br\/wp-content\/uploads\/2025\/11\/Policia-Civil-conquista2.jpg.webp\" \/>\n\t<meta property=\"og:image:width\" content=\"1280\" \/>\n\t<meta property=\"og:image:height\" content=\"852\" \/>\n\t<meta property=\"og:image:type\" content=\"image\/webp\" \/>\n<meta name=\"author\" content=\"Portal Raizes\" \/>\n<meta name=\"twitter:card\" content=\"summary_large_image\" \/>\n<meta name=\"twitter:label1\" content=\"Escrito por\" \/>\n\t<meta name=\"twitter:data1\" content=\"Portal Raizes\" \/>\n\t<meta name=\"twitter:label2\" content=\"Est. tempo de leitura\" \/>\n\t<meta name=\"twitter:data2\" content=\"1 minuto\" \/>\n<script type=\"application\/ld+json\" class=\"yoast-schema-graph\">{\"@context\":\"https:\/\/schema.org\",\"@graph\":[{\"@type\":\"Article\",\"@id\":\"https:\/\/portalraizesnoticias.com.br\/?p=13451#article\",\"isPartOf\":{\"@id\":\"https:\/\/portalraizesnoticias.com.br\/?p=13451\"},\"author\":{\"name\":\"Portal Raizes\",\"@id\":\"https:\/\/portalraizesnoticias.com.br\/#\/schema\/person\/a3ca6b0fc701e78df19756c417d943ae\"},\"headline\":\"Pol\u00edcia Civil localiza menor desaparecido durante a Micareta de Concei\u00e7\u00e3o do Coit\u00e9\",\"datePublished\":\"2026-05-02T02:55:04+00:00\",\"dateModified\":\"2026-05-02T02:55:05+00:00\",\"mainEntityOfPage\":{\"@id\":\"https:\/\/portalraizesnoticias.com.br\/?p=13451\"},\"wordCount\":160,\"commentCount\":0,\"publisher\":{\"@id\":\"https:\/\/portalraizesnoticias.com.br\/#organization\"},\"image\":{\"@id\":\"https:\/\/portalraizesnoticias.com.br\/?p=13451#primaryimage\"},\"thumbnailUrl\":\"https:\/\/portalraizesnoticias.com.br\/wp-content\/uploads\/2025\/11\/Policia-Civil-conquista2.jpg.webp\",\"articleSection\":[\"DESTAQUES\",\"POLICIA\",\"ULTIMAS NOTICIAS\"],\"inLanguage\":\"pt-BR\",\"potentialAction\":[{\"@type\":\"CommentAction\",\"name\":\"Comment\",\"target\":[\"https:\/\/portalraizesnoticias.com.br\/?p=13451#respond\"]}]},{\"@type\":\"WebPage\",\"@id\":\"https:\/\/portalraizesnoticias.com.br\/?p=13451\",\"url\":\"https:\/\/portalraizesnoticias.com.br\/?p=13451\",\"name\":\"Pol\u00edcia Civil localiza menor desaparecido durante a Micareta de Concei\u00e7\u00e3o do Coit\u00e9 - Portal raizes noticias\",\"isPartOf\":{\"@id\":\"https:\/\/portalraizesnoticias.com.br\/#website\"},\"primaryImageOfPage\":{\"@id\":\"https:\/\/portalraizesnoticias.com.br\/?p=13451#primaryimage\"},\"image\":{\"@id\":\"https:\/\/portalraizesnoticias.com.br\/?p=13451#primaryimage\"},\"thumbnailUrl\":\"https:\/\/portalraizesnoticias.com.br\/wp-content\/uploads\/2025\/11\/Policia-Civil-conquista2.jpg.webp\",\"datePublished\":\"2026-05-02T02:55:04+00:00\",\"dateModified\":\"2026-05-02T02:55:05+00:00\",\"breadcrumb\":{\"@id\":\"https:\/\/portalraizesnoticias.com.br\/?p=13451#breadcrumb\"},\"inLanguage\":\"pt-BR\",\"potentialAction\":[{\"@type\":\"ReadAction\",\"target\":[\"https:\/\/portalraizesnoticias.com.br\/?p=13451\"]}]},{\"@type\":\"ImageObject\",\"inLanguage\":\"pt-BR\",\"@id\":\"https:\/\/portalraizesnoticias.com.br\/?p=13451#primaryimage\",\"url\":\"https:\/\/portalraizesnoticias.com.br\/wp-content\/uploads\/2025\/11\/Policia-Civil-conquista2.jpg.webp\",\"contentUrl\":\"https:\/\/portalraizesnoticias.com.br\/wp-content\/uploads\/2025\/11\/Policia-Civil-conquista2.jpg.webp\",\"width\":1280,\"height\":852},{\"@type\":\"BreadcrumbList\",\"@id\":\"https:\/\/portalraizesnoticias.com.br\/?p=13451#breadcrumb\",\"itemListElement\":[{\"@type\":\"ListItem\",\"position\":1,\"name\":\"In\u00edcio\",\"item\":\"https:\/\/portalraizesnoticias.com.br\/\"},{\"@type\":\"ListItem\",\"position\":2,\"name\":\"Pol\u00edcia Civil localiza menor desaparecido durante a Micareta de Concei\u00e7\u00e3o do Coit\u00e9\"}]},{\"@type\":\"WebSite\",\"@id\":\"https:\/\/portalraizesnoticias.com.br\/#website\",\"url\":\"https:\/\/portalraizesnoticias.com.br\/\",\"name\":\"Portal raizes NOTICIAS\",\"description\":\"site de noticias de concei\u00e7\u00e3o do coit\u00e9 e regi\u00e3o\",\"publisher\":{\"@id\":\"https:\/\/portalraizesnoticias.com.br\/#organization\"},\"alternateName\":\"PORTAL RAIZES COIT\u00c9\",\"potentialAction\":[{\"@type\":\"SearchAction\",\"target\":{\"@type\":\"EntryPoint\",\"urlTemplate\":\"https:\/\/portalraizesnoticias.com.br\/?s={search_term_string}\"},\"query-input\":{\"@type\":\"PropertyValueSpecification\",\"valueRequired\":true,\"valueName\":\"search_term_string\"}}],\"inLanguage\":\"pt-BR\"},{\"@type\":\"Organization\",\"@id\":\"https:\/\/portalraizesnoticias.com.br\/#organization\",\"name\":\"Portal raizes NOTICIAS\",\"url\":\"https:\/\/portalraizesnoticias.com.br\/\",\"logo\":{\"@type\":\"ImageObject\",\"inLanguage\":\"pt-BR\",\"@id\":\"https:\/\/portalraizesnoticias.com.br\/#\/schema\/logo\/image\/\",\"url\":\"https:\/\/portalraizesnoticias.com.br\/wp-content\/uploads\/2024\/09\/cropped-Captura-de-tela-2024-09-08-011108.png\",\"contentUrl\":\"https:\/\/portalraizesnoticias.com.br\/wp-content\/uploads\/2024\/09\/cropped-Captura-de-tela-2024-09-08-011108.png\",\"width\":606,\"height\":173,\"caption\":\"Portal raizes NOTICIAS\"},\"image\":{\"@id\":\"https:\/\/portalraizesnoticias.com.br\/#\/schema\/logo\/image\/\"}},{\"@type\":\"Person\",\"@id\":\"https:\/\/portalraizesnoticias.com.br\/#\/schema\/person\/a3ca6b0fc701e78df19756c417d943ae\",\"name\":\"Portal Raizes\",\"image\":{\"@type\":\"ImageObject\",\"inLanguage\":\"pt-BR\",\"@id\":\"https:\/\/portalraizesnoticias.com.br\/#\/schema\/person\/image\/\",\"url\":\"https:\/\/secure.gravatar.com\/avatar\/ef450d29013a3d3fba867a12a249d7b1?s=96&d=mm&r=g\",\"contentUrl\":\"https:\/\/secure.gravatar.com\/avatar\/ef450d29013a3d3fba867a12a249d7b1?s=96&d=mm&r=g\",\"caption\":\"Portal Raizes\"},\"url\":\"https:\/\/portalraizesnoticias.com.br\/?author=3\"}]}<\/script>\n<!-- \/ Yoast SEO plugin. -->","yoast_head_json":{"title":"Pol\u00edcia Civil localiza menor desaparecido durante a Micareta de Concei\u00e7\u00e3o do Coit\u00e9 - Portal raizes noticias","robots":{"index":"index","follow":"follow","max-snippet":"max-snippet:-1","max-image-preview":"max-image-preview:large","max-video-preview":"max-video-preview:-1"},"canonical":"https:\/\/portalraizesnoticias.com.br\/?p=13451","og_locale":"pt_BR","og_type":"article","og_title":"Pol\u00edcia Civil localiza menor desaparecido durante a Micareta de Concei\u00e7\u00e3o do Coit\u00e9 - Portal raizes noticias","og_description":"A Pol\u00edcia Civil da Bahia localizou, na noite desta sexta-feira (1\u00ba), um menor que havia sido dado como desaparecido durante a Coit\u00e9 Folia 2026, em Concei\u00e7\u00e3o do Coit\u00e9. De acordo com informa\u00e7\u00f5es da corpora\u00e7\u00e3o, o desaparecimento do adolescente, identificado pelas iniciais M.S.S., foi registrado no circuito da festa. Assim que a ocorr\u00eancia foi formalizada, equipes iniciaram buscas imediatas no local, adotando protocolos de varredura em meio ao grande fluxo de pessoas. Ap\u00f3s uma a\u00e7\u00e3o r\u00e1pida e coordenada, o menor foi encontrado ainda dentro do circuito do evento. Ele foi acolhido pelos policiais e devolvido aos respons\u00e1veis legais, sem apresentar ferimentos ou sinais de viol\u00eancia. A Pol\u00edcia Civil destacou a efici\u00eancia da opera\u00e7\u00e3o e refor\u00e7ou o compromisso com a seguran\u00e7a da popula\u00e7\u00e3o, especialmente durante eventos de grande porte como a micareta.","og_url":"https:\/\/portalraizesnoticias.com.br\/?p=13451","og_site_name":"Portal raizes noticias","article_published_time":"2026-05-02T02:55:04+00:00","article_modified_time":"2026-05-02T02:55:05+00:00","og_image":[{"width":1280,"height":852,"url":"https:\/\/portalraizesnoticias.com.br\/wp-content\/uploads\/2025\/11\/Policia-Civil-conquista2.jpg.webp","type":"image\/webp"}],"author":"Portal Raizes","twitter_card":"summary_large_image","twitter_misc":{"Escrito por":"Portal Raizes","Est. tempo de leitura":"1 minuto"},"schema":{"@context":"https:\/\/schema.org","@graph":[{"@type":"Article","@id":"https:\/\/portalraizesnoticias.com.br\/?p=13451#article","isPartOf":{"@id":"https:\/\/portalraizesnoticias.com.br\/?p=13451"},"author":{"name":"Portal Raizes","@id":"https:\/\/portalraizesnoticias.com.br\/#\/schema\/person\/a3ca6b0fc701e78df19756c417d943ae"},"headline":"Pol\u00edcia Civil localiza menor desaparecido durante a Micareta de Concei\u00e7\u00e3o do Coit\u00e9","datePublished":"2026-05-02T02:55:04+00:00","dateModified":"2026-05-02T02:55:05+00:00","mainEntityOfPage":{"@id":"https:\/\/portalraizesnoticias.com.br\/?p=13451"},"wordCount":160,"commentCount":0,"publisher":{"@id":"https:\/\/portalraizesnoticias.com.br\/#organization"},"image":{"@id":"https:\/\/portalraizesnoticias.com.br\/?p=13451#primaryimage"},"thumbnailUrl":"https:\/\/portalraizesnoticias.com.br\/wp-content\/uploads\/2025\/11\/Policia-Civil-conquista2.jpg.webp","articleSection":["DESTAQUES","POLICIA","ULTIMAS NOTICIAS"],"inLanguage":"pt-BR","potentialAction":[{"@type":"CommentAction","name":"Comment","target":["https:\/\/portalraizesnoticias.com.br\/?p=13451#respond"]}]},{"@type":"WebPage","@id":"https:\/\/portalraizesnoticias.com.br\/?p=13451","url":"https:\/\/portalraizesnoticias.com.br\/?p=13451","name":"Pol\u00edcia Civil localiza menor desaparecido durante a Micareta de Concei\u00e7\u00e3o do Coit\u00e9 - Portal raizes noticias","isPartOf":{"@id":"https:\/\/portalraizesnoticias.com.br\/#website"},"primaryImageOfPage":{"@id":"https:\/\/portalraizesnoticias.com.br\/?p=13451#primaryimage"},"image":{"@id":"https:\/\/portalraizesnoticias.com.br\/?p=13451#primaryimage"},"thumbnailUrl":"https:\/\/portalraizesnoticias.com.br\/wp-content\/uploads\/2025\/11\/Policia-Civil-conquista2.jpg.webp","datePublished":"2026-05-02T02:55:04+00:00","dateModified":"2026-05-02T02:55:05+00:00","breadcrumb":{"@id":"https:\/\/portalraizesnoticias.com.br\/?p=13451#breadcrumb"},"inLanguage":"pt-BR","potentialAction":[{"@type":"ReadAction","target":["https:\/\/portalraizesnoticias.com.br\/?p=13451"]}]},{"@type":"ImageObject","inLanguage":"pt-BR","@id":"https:\/\/portalraizesnoticias.com.br\/?p=13451#primaryimage","url":"https:\/\/portalraizesnoticias.com.br\/wp-content\/uploads\/2025\/11\/Policia-Civil-conquista2.jpg.webp","contentUrl":"https:\/\/portalraizesnoticias.com.br\/wp-content\/uploads\/2025\/11\/Policia-Civil-conquista2.jpg.webp","width":1280,"height":852},{"@type":"BreadcrumbList","@id":"https:\/\/portalraizesnoticias.com.br\/?p=13451#breadcrumb","itemListElement":[{"@type":"ListItem","position":1,"name":"In\u00edcio","item":"https:\/\/portalraizesnoticias.com.br\/"},{"@type":"ListItem","position":2,"name":"Pol\u00edcia Civil localiza menor desaparecido durante a Micareta de Concei\u00e7\u00e3o do Coit\u00e9"}]},{"@type":"WebSite","@id":"https:\/\/portalraizesnoticias.com.br\/#website","url":"https:\/\/portalraizesnoticias.com.br\/","name":"Portal raizes NOTICIAS","description":"site de noticias de concei\u00e7\u00e3o do coit\u00e9 e regi\u00e3o","publisher":{"@id":"https:\/\/portalraizesnoticias.com.br\/#organization"},"alternateName":"PORTAL RAIZES COIT\u00c9","potentialAction":[{"@type":"SearchAction","target":{"@type":"EntryPoint","urlTemplate":"https:\/\/portalraizesnoticias.com.br\/?s={search_term_string}"},"query-input":{"@type":"PropertyValueSpecification","valueRequired":true,"valueName":"search_term_string"}}],"inLanguage":"pt-BR"},{"@type":"Organization","@id":"https:\/\/portalraizesnoticias.com.br\/#organization","name":"Portal raizes NOTICIAS","url":"https:\/\/portalraizesnoticias.com.br\/","logo":{"@type":"ImageObject","inLanguage":"pt-BR","@id":"https:\/\/portalraizesnoticias.com.br\/#\/schema\/logo\/image\/","url":"https:\/\/portalraizesnoticias.com.br\/wp-content\/uploads\/2024\/09\/cropped-Captura-de-tela-2024-09-08-011108.png","contentUrl":"https:\/\/portalraizesnoticias.com.br\/wp-content\/uploads\/2024\/09\/cropped-Captura-de-tela-2024-09-08-011108.png","width":606,"height":173,"caption":"Portal raizes NOTICIAS"},"image":{"@id":"https:\/\/portalraizesnoticias.com.br\/#\/schema\/logo\/image\/"}},{"@type":"Person","@id":"https:\/\/portalraizesnoticias.com.br\/#\/schema\/person\/a3ca6b0fc701e78df19756c417d943ae","name":"Portal Raizes","image":{"@type":"ImageObject","inLanguage":"pt-BR","@id":"https:\/\/portalraizesnoticias.com.br\/#\/schema\/person\/image\/","url":"https:\/\/secure.gravatar.com\/avatar\/ef450d29013a3d3fba867a12a249d7b1?s=96&d=mm&r=g","contentUrl":"https:\/\/secure.gravatar.com\/avatar\/ef450d29013a3d3fba867a12a249d7b1?s=96&d=mm&r=g","caption":"Portal Raizes"},"url":"https:\/\/portalraizesnoticias.com.br\/?author=3"}]}},"_links":{"self":[{"href":"https:\/\/portalraizesnoticias.com.br\/index.php?rest_route=\/wp\/v2\/posts\/13451"}],"collection":[{"href":"https:\/\/portalraizesnoticias.com.br\/index.php?rest_route=\/wp\/v2\/posts"}],"about":[{"href":"https:\/\/portalraizesnoticias.com.br\/index.php?rest_route=\/wp\/v2\/types\/post"}],"author":[{"embeddable":true,"href":"https:\/\/portalraizesnoticias.com.br\/index.php?rest_route=\/wp\/v2\/users\/3"}],"replies":[{"embeddable":true,"href":"https:\/\/portalraizesnoticias.com.br\/index.php?rest_route=%2Fwp%2Fv2%2Fcomments&post=13451"}],"version-history":[{"count":2,"href":"https:\/\/portalraizesnoticias.com.br\/index.php?rest_route=\/wp\/v2\/posts\/13451\/revisions"}],"predecessor-version":[{"id":13453,"href":"https:\/\/portalraizesnoticias.com.br\/index.php?rest_route=\/wp\/v2\/posts\/13451\/revisions\/13453"}],"wp:featuredmedia":[{"embeddable":true,"href":"https:\/\/portalraizesnoticias.com.br\/index.php?rest_route=\/wp\/v2\/media\/9221"}],"wp:attachment":[{"href":"https:\/\/portalraizesnoticias.com.br\/index.php?rest_route=%2Fwp%2Fv2%2Fmedia&parent=13451"}],"wp:term":[{"taxonomy":"category","embeddable":true,"href":"https:\/\/portalraizesnoticias.com.br\/index.php?rest_route=%2Fwp%2Fv2%2Fcategories&post=13451"},{"taxonomy":"post_tag","embeddable":true,"href":"https:\/\/portalraizesnoticias.com.br\/index.php?rest_route=%2Fwp%2Fv2%2Ftags&post=13451"}],"curies":[{"name":"wp","href":"https:\/\/api.w.org\/{rel}","templated":true}]}}