{"id":13448,"date":"2026-05-01T23:44:18","date_gmt":"2026-05-02T02:44:18","guid":{"rendered":"https:\/\/portalraizesnoticias.com.br\/?p=13448"},"modified":"2026-05-01T23:44:18","modified_gmt":"2026-05-02T02:44:18","slug":"jovem-e-morto-a-tiros-em-candeal","status":"publish","type":"post","link":"https:\/\/portalraizesnoticias.com.br\/?p=13448","title":{"rendered":"Jovem \u00e9 morto a tiros em Candeal"},"content":{"rendered":"<p>Um homem de 22 anos foi morto a tiros no fim da tarde desta sexta-feira (1\u00ba), no munic\u00edpio de Candeal, regi\u00e3o sisaleira<\/p>\n<p><img fetchpriority=\"high\" decoding=\"async\" class=\"size-medium wp-image-13405 aligncenter\" src=\"https:\/\/portalraizesnoticias.com.br\/wp-content\/uploads\/2026\/04\/IMG-20260428-WA0354-300x300.jpg\" alt=\"\" width=\"300\" height=\"300\" srcset=\"https:\/\/portalraizesnoticias.com.br\/wp-content\/uploads\/2026\/04\/IMG-20260428-WA0354-300x300.jpg 300w, https:\/\/portalraizesnoticias.com.br\/wp-content\/uploads\/2026\/04\/IMG-20260428-WA0354-1024x1024.jpg 1024w, https:\/\/portalraizesnoticias.com.br\/wp-content\/uploads\/2026\/04\/IMG-20260428-WA0354-150x150.jpg 150w, https:\/\/portalraizesnoticias.com.br\/wp-content\/uploads\/2026\/04\/IMG-20260428-WA0354-768x768.jpg 768w, https:\/\/portalraizesnoticias.com.br\/wp-content\/uploads\/2026\/04\/IMG-20260428-WA0354.jpg 1080w\" sizes=\"(max-width: 300px) 100vw, 300px\" \/><\/p>\n<p style=\"text-align: center;\"><strong>PUBLICIDADE<\/strong><\/p>\n<p>De acordo com informa\u00e7\u00f5es da Pol\u00edcia Militar obtidas pelo Portal Ra\u00edzes, o crime ocorreu por volta das 17h, dentro de um bar localizado na Rua Manoel Vaz, no conjunto Fernando Neri, \u00e1rea central da cidade.<\/p>\n<p><img decoding=\"async\" class=\"size-medium wp-image-13298 aligncenter\" src=\"https:\/\/portalraizesnoticias.com.br\/wp-content\/uploads\/2026\/04\/IMG-20260428-WA0303-240x300.jpg\" alt=\"\" width=\"240\" height=\"300\" srcset=\"https:\/\/portalraizesnoticias.com.br\/wp-content\/uploads\/2026\/04\/IMG-20260428-WA0303-240x300.jpg 240w, https:\/\/portalraizesnoticias.com.br\/wp-content\/uploads\/2026\/04\/IMG-20260428-WA0303-819x1024.jpg 819w, https:\/\/portalraizesnoticias.com.br\/wp-content\/uploads\/2026\/04\/IMG-20260428-WA0303-768x960.jpg 768w, https:\/\/portalraizesnoticias.com.br\/wp-content\/uploads\/2026\/04\/IMG-20260428-WA0303.jpg 1024w\" sizes=\"(max-width: 240px) 100vw, 240px\" \/><\/p>\n<p style=\"text-align: center;\"><strong>PUBLICIDADE<\/strong><\/p>\n<p>Populares relataram aos policiais ter ouvido v\u00e1rios disparos de arma de fogo efetuados por tr\u00eas homens que chegaram ao local em um ve\u00edculo de cor escura.<\/p>\n<p>Ao chegar no estabelecimento, a guarni\u00e7\u00e3o constatou o homic\u00eddio.<\/p>\n<p>A v\u00edtima foi identificada como Carlisson L\u00facio Carneiros dos Reis, de 22 anos, que j\u00e1 foi encontrada sem sinais vitais no interior do bar.<\/p>\n<p>Segundo a pol\u00edcia, o jovem possu\u00eda passagens por tr\u00e1fico de drogas, tentativa de homic\u00eddio e tamb\u00e9m era suspeito de envolvimento em um duplo homic\u00eddio ocorrido anteriormente.<\/p>\n<p>A \u00e1rea foi isolada para a realiza\u00e7\u00e3o da per\u00edcia pelo Departamento de Pol\u00edcia T\u00e9cnica (DPT). Ap\u00f3s os procedimentos, o corpo foi encaminhado para necropsia.<\/p>\n<p>Reda\u00e7\u00e3o<\/p>\n<p>Foto: Reprodu\u00e7\u00e3o<\/p>\n","protected":false},"excerpt":{"rendered":"<p>Um homem de 22 anos foi morto a tiros no fim da tarde desta sexta-feira (1\u00ba), no munic\u00edpio de Candeal, regi\u00e3o sisaleira PUBLICIDADE De acordo com informa\u00e7\u00f5es da Pol\u00edcia Militar obtidas pelo Portal Ra\u00edzes, o crime ocorreu por volta das 17h, dentro de um bar localizado na Rua Manoel Vaz, no conjunto Fernando Neri, \u00e1rea central da cidade. PUBLICIDADE Populares relataram aos policiais ter ouvido v\u00e1rios disparos de arma de fogo efetuados por tr\u00eas homens que chegaram ao local em um ve\u00edculo de cor escura. Ao chegar no estabelecimento, a guarni\u00e7\u00e3o constatou o homic\u00eddio. A v\u00edtima foi identificada como Carlisson L\u00facio Carneiros dos Reis, de 22 anos, que j\u00e1 foi encontrada sem sinais vitais no interior do bar. Segundo a pol\u00edcia, o jovem possu\u00eda passagens por tr\u00e1fico de drogas, tentativa de homic\u00eddio e tamb\u00e9m era suspeito de envolvimento em um duplo homic\u00eddio ocorrido anteriormente. A \u00e1rea foi isolada para a realiza\u00e7\u00e3o da per\u00edcia pelo Departamento de Pol\u00edcia T\u00e9cnica (DPT). Ap\u00f3s os procedimentos, o corpo foi encaminhado para necropsia. Reda\u00e7\u00e3o Foto: Reprodu\u00e7\u00e3o<\/p>\n","protected":false},"author":3,"featured_media":12025,"comment_status":"open","ping_status":"open","sticky":false,"template":"","format":"standard","meta":{"_joinchat":[],"footnotes":""},"categories":[55,67,59],"tags":[],"class_list":["post-13448","post","type-post","status-publish","format-standard","has-post-thumbnail","hentry","category-destaques","category-policia","category-ultimas-noticias"],"yoast_head":"<!-- This site is optimized with the Yoast SEO plugin v24.4 - https:\/\/yoast.com\/wordpress\/plugins\/seo\/ -->\n<title>Jovem \u00e9 morto a tiros em Candeal - Portal raizes noticias<\/title>\n<meta name=\"robots\" content=\"index, follow, max-snippet:-1, max-image-preview:large, max-video-preview:-1\" \/>\n<link rel=\"canonical\" href=\"https:\/\/portalraizesnoticias.com.br\/?p=13448\" \/>\n<meta property=\"og:locale\" content=\"pt_BR\" \/>\n<meta property=\"og:type\" content=\"article\" \/>\n<meta property=\"og:title\" content=\"Jovem \u00e9 morto a tiros em Candeal - Portal raizes noticias\" \/>\n<meta property=\"og:description\" content=\"Um homem de 22 anos foi morto a tiros no fim da tarde desta sexta-feira (1\u00ba), no munic\u00edpio de Candeal, regi\u00e3o sisaleira PUBLICIDADE De acordo com informa\u00e7\u00f5es da Pol\u00edcia Militar obtidas pelo Portal Ra\u00edzes, o crime ocorreu por volta das 17h, dentro de um bar localizado na Rua Manoel Vaz, no conjunto Fernando Neri, \u00e1rea central da cidade. PUBLICIDADE Populares relataram aos policiais ter ouvido v\u00e1rios disparos de arma de fogo efetuados por tr\u00eas homens que chegaram ao local em um ve\u00edculo de cor escura. Ao chegar no estabelecimento, a guarni\u00e7\u00e3o constatou o homic\u00eddio. A v\u00edtima foi identificada como Carlisson L\u00facio Carneiros dos Reis, de 22 anos, que j\u00e1 foi encontrada sem sinais vitais no interior do bar. Segundo a pol\u00edcia, o jovem possu\u00eda passagens por tr\u00e1fico de drogas, tentativa de homic\u00eddio e tamb\u00e9m era suspeito de envolvimento em um duplo homic\u00eddio ocorrido anteriormente. A \u00e1rea foi isolada para a realiza\u00e7\u00e3o da per\u00edcia pelo Departamento de Pol\u00edcia T\u00e9cnica (DPT). Ap\u00f3s os procedimentos, o corpo foi encaminhado para necropsia. Reda\u00e7\u00e3o Foto: Reprodu\u00e7\u00e3o\" \/>\n<meta property=\"og:url\" content=\"https:\/\/portalraizesnoticias.com.br\/?p=13448\" \/>\n<meta property=\"og:site_name\" content=\"Portal raizes noticias\" \/>\n<meta property=\"article:published_time\" content=\"2026-05-02T02:44:18+00:00\" \/>\n<meta property=\"og:image\" content=\"https:\/\/portalraizesnoticias.com.br\/wp-content\/uploads\/2026\/03\/arma.jpg\" \/>\n\t<meta property=\"og:image:width\" content=\"984\" \/>\n\t<meta property=\"og:image:height\" content=\"572\" \/>\n\t<meta property=\"og:image:type\" content=\"image\/jpeg\" \/>\n<meta name=\"author\" content=\"Portal Raizes\" \/>\n<meta name=\"twitter:card\" content=\"summary_large_image\" \/>\n<meta name=\"twitter:label1\" content=\"Escrito por\" \/>\n\t<meta name=\"twitter:data1\" content=\"Portal Raizes\" \/>\n\t<meta name=\"twitter:label2\" content=\"Est. tempo de leitura\" \/>\n\t<meta name=\"twitter:data2\" content=\"2 minutos\" \/>\n<script type=\"application\/ld+json\" class=\"yoast-schema-graph\">{\"@context\":\"https:\/\/schema.org\",\"@graph\":[{\"@type\":\"Article\",\"@id\":\"https:\/\/portalraizesnoticias.com.br\/?p=13448#article\",\"isPartOf\":{\"@id\":\"https:\/\/portalraizesnoticias.com.br\/?p=13448\"},\"author\":{\"name\":\"Portal Raizes\",\"@id\":\"https:\/\/portalraizesnoticias.com.br\/#\/schema\/person\/a3ca6b0fc701e78df19756c417d943ae\"},\"headline\":\"Jovem \u00e9 morto a tiros em Candeal\",\"datePublished\":\"2026-05-02T02:44:18+00:00\",\"mainEntityOfPage\":{\"@id\":\"https:\/\/portalraizesnoticias.com.br\/?p=13448\"},\"wordCount\":199,\"commentCount\":0,\"publisher\":{\"@id\":\"https:\/\/portalraizesnoticias.com.br\/#organization\"},\"image\":{\"@id\":\"https:\/\/portalraizesnoticias.com.br\/?p=13448#primaryimage\"},\"thumbnailUrl\":\"https:\/\/portalraizesnoticias.com.br\/wp-content\/uploads\/2026\/03\/arma.jpg\",\"articleSection\":[\"DESTAQUES\",\"POLICIA\",\"ULTIMAS NOTICIAS\"],\"inLanguage\":\"pt-BR\",\"potentialAction\":[{\"@type\":\"CommentAction\",\"name\":\"Comment\",\"target\":[\"https:\/\/portalraizesnoticias.com.br\/?p=13448#respond\"]}]},{\"@type\":\"WebPage\",\"@id\":\"https:\/\/portalraizesnoticias.com.br\/?p=13448\",\"url\":\"https:\/\/portalraizesnoticias.com.br\/?p=13448\",\"name\":\"Jovem \u00e9 morto a tiros em Candeal - Portal raizes noticias\",\"isPartOf\":{\"@id\":\"https:\/\/portalraizesnoticias.com.br\/#website\"},\"primaryImageOfPage\":{\"@id\":\"https:\/\/portalraizesnoticias.com.br\/?p=13448#primaryimage\"},\"image\":{\"@id\":\"https:\/\/portalraizesnoticias.com.br\/?p=13448#primaryimage\"},\"thumbnailUrl\":\"https:\/\/portalraizesnoticias.com.br\/wp-content\/uploads\/2026\/03\/arma.jpg\",\"datePublished\":\"2026-05-02T02:44:18+00:00\",\"breadcrumb\":{\"@id\":\"https:\/\/portalraizesnoticias.com.br\/?p=13448#breadcrumb\"},\"inLanguage\":\"pt-BR\",\"potentialAction\":[{\"@type\":\"ReadAction\",\"target\":[\"https:\/\/portalraizesnoticias.com.br\/?p=13448\"]}]},{\"@type\":\"ImageObject\",\"inLanguage\":\"pt-BR\",\"@id\":\"https:\/\/portalraizesnoticias.com.br\/?p=13448#primaryimage\",\"url\":\"https:\/\/portalraizesnoticias.com.br\/wp-content\/uploads\/2026\/03\/arma.jpg\",\"contentUrl\":\"https:\/\/portalraizesnoticias.com.br\/wp-content\/uploads\/2026\/03\/arma.jpg\",\"width\":984,\"height\":572},{\"@type\":\"BreadcrumbList\",\"@id\":\"https:\/\/portalraizesnoticias.com.br\/?p=13448#breadcrumb\",\"itemListElement\":[{\"@type\":\"ListItem\",\"position\":1,\"name\":\"In\u00edcio\",\"item\":\"https:\/\/portalraizesnoticias.com.br\/\"},{\"@type\":\"ListItem\",\"position\":2,\"name\":\"Jovem \u00e9 morto a tiros em Candeal\"}]},{\"@type\":\"WebSite\",\"@id\":\"https:\/\/portalraizesnoticias.com.br\/#website\",\"url\":\"https:\/\/portalraizesnoticias.com.br\/\",\"name\":\"Portal raizes NOTICIAS\",\"description\":\"site de noticias de concei\u00e7\u00e3o do coit\u00e9 e regi\u00e3o\",\"publisher\":{\"@id\":\"https:\/\/portalraizesnoticias.com.br\/#organization\"},\"alternateName\":\"PORTAL RAIZES COIT\u00c9\",\"potentialAction\":[{\"@type\":\"SearchAction\",\"target\":{\"@type\":\"EntryPoint\",\"urlTemplate\":\"https:\/\/portalraizesnoticias.com.br\/?s={search_term_string}\"},\"query-input\":{\"@type\":\"PropertyValueSpecification\",\"valueRequired\":true,\"valueName\":\"search_term_string\"}}],\"inLanguage\":\"pt-BR\"},{\"@type\":\"Organization\",\"@id\":\"https:\/\/portalraizesnoticias.com.br\/#organization\",\"name\":\"Portal raizes NOTICIAS\",\"url\":\"https:\/\/portalraizesnoticias.com.br\/\",\"logo\":{\"@type\":\"ImageObject\",\"inLanguage\":\"pt-BR\",\"@id\":\"https:\/\/portalraizesnoticias.com.br\/#\/schema\/logo\/image\/\",\"url\":\"https:\/\/portalraizesnoticias.com.br\/wp-content\/uploads\/2024\/09\/cropped-Captura-de-tela-2024-09-08-011108.png\",\"contentUrl\":\"https:\/\/portalraizesnoticias.com.br\/wp-content\/uploads\/2024\/09\/cropped-Captura-de-tela-2024-09-08-011108.png\",\"width\":606,\"height\":173,\"caption\":\"Portal raizes NOTICIAS\"},\"image\":{\"@id\":\"https:\/\/portalraizesnoticias.com.br\/#\/schema\/logo\/image\/\"}},{\"@type\":\"Person\",\"@id\":\"https:\/\/portalraizesnoticias.com.br\/#\/schema\/person\/a3ca6b0fc701e78df19756c417d943ae\",\"name\":\"Portal Raizes\",\"image\":{\"@type\":\"ImageObject\",\"inLanguage\":\"pt-BR\",\"@id\":\"https:\/\/portalraizesnoticias.com.br\/#\/schema\/person\/image\/\",\"url\":\"https:\/\/secure.gravatar.com\/avatar\/ef450d29013a3d3fba867a12a249d7b1?s=96&d=mm&r=g\",\"contentUrl\":\"https:\/\/secure.gravatar.com\/avatar\/ef450d29013a3d3fba867a12a249d7b1?s=96&d=mm&r=g\",\"caption\":\"Portal Raizes\"},\"url\":\"https:\/\/portalraizesnoticias.com.br\/?author=3\"}]}<\/script>\n<!-- \/ Yoast SEO plugin. -->","yoast_head_json":{"title":"Jovem \u00e9 morto a tiros em Candeal - Portal raizes noticias","robots":{"index":"index","follow":"follow","max-snippet":"max-snippet:-1","max-image-preview":"max-image-preview:large","max-video-preview":"max-video-preview:-1"},"canonical":"https:\/\/portalraizesnoticias.com.br\/?p=13448","og_locale":"pt_BR","og_type":"article","og_title":"Jovem \u00e9 morto a tiros em Candeal - Portal raizes noticias","og_description":"Um homem de 22 anos foi morto a tiros no fim da tarde desta sexta-feira (1\u00ba), no munic\u00edpio de Candeal, regi\u00e3o sisaleira PUBLICIDADE De acordo com informa\u00e7\u00f5es da Pol\u00edcia Militar obtidas pelo Portal Ra\u00edzes, o crime ocorreu por volta das 17h, dentro de um bar localizado na Rua Manoel Vaz, no conjunto Fernando Neri, \u00e1rea central da cidade. PUBLICIDADE Populares relataram aos policiais ter ouvido v\u00e1rios disparos de arma de fogo efetuados por tr\u00eas homens que chegaram ao local em um ve\u00edculo de cor escura. Ao chegar no estabelecimento, a guarni\u00e7\u00e3o constatou o homic\u00eddio. A v\u00edtima foi identificada como Carlisson L\u00facio Carneiros dos Reis, de 22 anos, que j\u00e1 foi encontrada sem sinais vitais no interior do bar. Segundo a pol\u00edcia, o jovem possu\u00eda passagens por tr\u00e1fico de drogas, tentativa de homic\u00eddio e tamb\u00e9m era suspeito de envolvimento em um duplo homic\u00eddio ocorrido anteriormente. A \u00e1rea foi isolada para a realiza\u00e7\u00e3o da per\u00edcia pelo Departamento de Pol\u00edcia T\u00e9cnica (DPT). Ap\u00f3s os procedimentos, o corpo foi encaminhado para necropsia. Reda\u00e7\u00e3o Foto: Reprodu\u00e7\u00e3o","og_url":"https:\/\/portalraizesnoticias.com.br\/?p=13448","og_site_name":"Portal raizes noticias","article_published_time":"2026-05-02T02:44:18+00:00","og_image":[{"width":984,"height":572,"url":"https:\/\/portalraizesnoticias.com.br\/wp-content\/uploads\/2026\/03\/arma.jpg","type":"image\/jpeg"}],"author":"Portal Raizes","twitter_card":"summary_large_image","twitter_misc":{"Escrito por":"Portal Raizes","Est. tempo de leitura":"2 minutos"},"schema":{"@context":"https:\/\/schema.org","@graph":[{"@type":"Article","@id":"https:\/\/portalraizesnoticias.com.br\/?p=13448#article","isPartOf":{"@id":"https:\/\/portalraizesnoticias.com.br\/?p=13448"},"author":{"name":"Portal Raizes","@id":"https:\/\/portalraizesnoticias.com.br\/#\/schema\/person\/a3ca6b0fc701e78df19756c417d943ae"},"headline":"Jovem \u00e9 morto a tiros em Candeal","datePublished":"2026-05-02T02:44:18+00:00","mainEntityOfPage":{"@id":"https:\/\/portalraizesnoticias.com.br\/?p=13448"},"wordCount":199,"commentCount":0,"publisher":{"@id":"https:\/\/portalraizesnoticias.com.br\/#organization"},"image":{"@id":"https:\/\/portalraizesnoticias.com.br\/?p=13448#primaryimage"},"thumbnailUrl":"https:\/\/portalraizesnoticias.com.br\/wp-content\/uploads\/2026\/03\/arma.jpg","articleSection":["DESTAQUES","POLICIA","ULTIMAS NOTICIAS"],"inLanguage":"pt-BR","potentialAction":[{"@type":"CommentAction","name":"Comment","target":["https:\/\/portalraizesnoticias.com.br\/?p=13448#respond"]}]},{"@type":"WebPage","@id":"https:\/\/portalraizesnoticias.com.br\/?p=13448","url":"https:\/\/portalraizesnoticias.com.br\/?p=13448","name":"Jovem \u00e9 morto a tiros em Candeal - Portal raizes noticias","isPartOf":{"@id":"https:\/\/portalraizesnoticias.com.br\/#website"},"primaryImageOfPage":{"@id":"https:\/\/portalraizesnoticias.com.br\/?p=13448#primaryimage"},"image":{"@id":"https:\/\/portalraizesnoticias.com.br\/?p=13448#primaryimage"},"thumbnailUrl":"https:\/\/portalraizesnoticias.com.br\/wp-content\/uploads\/2026\/03\/arma.jpg","datePublished":"2026-05-02T02:44:18+00:00","breadcrumb":{"@id":"https:\/\/portalraizesnoticias.com.br\/?p=13448#breadcrumb"},"inLanguage":"pt-BR","potentialAction":[{"@type":"ReadAction","target":["https:\/\/portalraizesnoticias.com.br\/?p=13448"]}]},{"@type":"ImageObject","inLanguage":"pt-BR","@id":"https:\/\/portalraizesnoticias.com.br\/?p=13448#primaryimage","url":"https:\/\/portalraizesnoticias.com.br\/wp-content\/uploads\/2026\/03\/arma.jpg","contentUrl":"https:\/\/portalraizesnoticias.com.br\/wp-content\/uploads\/2026\/03\/arma.jpg","width":984,"height":572},{"@type":"BreadcrumbList","@id":"https:\/\/portalraizesnoticias.com.br\/?p=13448#breadcrumb","itemListElement":[{"@type":"ListItem","position":1,"name":"In\u00edcio","item":"https:\/\/portalraizesnoticias.com.br\/"},{"@type":"ListItem","position":2,"name":"Jovem \u00e9 morto a tiros em Candeal"}]},{"@type":"WebSite","@id":"https:\/\/portalraizesnoticias.com.br\/#website","url":"https:\/\/portalraizesnoticias.com.br\/","name":"Portal raizes NOTICIAS","description":"site de noticias de concei\u00e7\u00e3o do coit\u00e9 e regi\u00e3o","publisher":{"@id":"https:\/\/portalraizesnoticias.com.br\/#organization"},"alternateName":"PORTAL RAIZES COIT\u00c9","potentialAction":[{"@type":"SearchAction","target":{"@type":"EntryPoint","urlTemplate":"https:\/\/portalraizesnoticias.com.br\/?s={search_term_string}"},"query-input":{"@type":"PropertyValueSpecification","valueRequired":true,"valueName":"search_term_string"}}],"inLanguage":"pt-BR"},{"@type":"Organization","@id":"https:\/\/portalraizesnoticias.com.br\/#organization","name":"Portal raizes NOTICIAS","url":"https:\/\/portalraizesnoticias.com.br\/","logo":{"@type":"ImageObject","inLanguage":"pt-BR","@id":"https:\/\/portalraizesnoticias.com.br\/#\/schema\/logo\/image\/","url":"https:\/\/portalraizesnoticias.com.br\/wp-content\/uploads\/2024\/09\/cropped-Captura-de-tela-2024-09-08-011108.png","contentUrl":"https:\/\/portalraizesnoticias.com.br\/wp-content\/uploads\/2024\/09\/cropped-Captura-de-tela-2024-09-08-011108.png","width":606,"height":173,"caption":"Portal raizes NOTICIAS"},"image":{"@id":"https:\/\/portalraizesnoticias.com.br\/#\/schema\/logo\/image\/"}},{"@type":"Person","@id":"https:\/\/portalraizesnoticias.com.br\/#\/schema\/person\/a3ca6b0fc701e78df19756c417d943ae","name":"Portal Raizes","image":{"@type":"ImageObject","inLanguage":"pt-BR","@id":"https:\/\/portalraizesnoticias.com.br\/#\/schema\/person\/image\/","url":"https:\/\/secure.gravatar.com\/avatar\/ef450d29013a3d3fba867a12a249d7b1?s=96&d=mm&r=g","contentUrl":"https:\/\/secure.gravatar.com\/avatar\/ef450d29013a3d3fba867a12a249d7b1?s=96&d=mm&r=g","caption":"Portal Raizes"},"url":"https:\/\/portalraizesnoticias.com.br\/?author=3"}]}},"_links":{"self":[{"href":"https:\/\/portalraizesnoticias.com.br\/index.php?rest_route=\/wp\/v2\/posts\/13448"}],"collection":[{"href":"https:\/\/portalraizesnoticias.com.br\/index.php?rest_route=\/wp\/v2\/posts"}],"about":[{"href":"https:\/\/portalraizesnoticias.com.br\/index.php?rest_route=\/wp\/v2\/types\/post"}],"author":[{"embeddable":true,"href":"https:\/\/portalraizesnoticias.com.br\/index.php?rest_route=\/wp\/v2\/users\/3"}],"replies":[{"embeddable":true,"href":"https:\/\/portalraizesnoticias.com.br\/index.php?rest_route=%2Fwp%2Fv2%2Fcomments&post=13448"}],"version-history":[{"count":2,"href":"https:\/\/portalraizesnoticias.com.br\/index.php?rest_route=\/wp\/v2\/posts\/13448\/revisions"}],"predecessor-version":[{"id":13450,"href":"https:\/\/portalraizesnoticias.com.br\/index.php?rest_route=\/wp\/v2\/posts\/13448\/revisions\/13450"}],"wp:featuredmedia":[{"embeddable":true,"href":"https:\/\/portalraizesnoticias.com.br\/index.php?rest_route=\/wp\/v2\/media\/12025"}],"wp:attachment":[{"href":"https:\/\/portalraizesnoticias.com.br\/index.php?rest_route=%2Fwp%2Fv2%2Fmedia&parent=13448"}],"wp:term":[{"taxonomy":"category","embeddable":true,"href":"https:\/\/portalraizesnoticias.com.br\/index.php?rest_route=%2Fwp%2Fv2%2Fcategories&post=13448"},{"taxonomy":"post_tag","embeddable":true,"href":"https:\/\/portalraizesnoticias.com.br\/index.php?rest_route=%2Fwp%2Fv2%2Ftags&post=13448"}],"curies":[{"name":"wp","href":"https:\/\/api.w.org\/{rel}","templated":true}]}}