{"id":13429,"date":"2026-05-01T18:34:58","date_gmt":"2026-05-01T21:34:58","guid":{"rendered":"https:\/\/portalraizesnoticias.com.br\/?p=13429"},"modified":"2026-05-01T18:34:58","modified_gmt":"2026-05-01T21:34:58","slug":"ocorrencias-sao-registradas-mas-nao-ofuscam-brilho-da-coite-folia","status":"publish","type":"post","link":"https:\/\/portalraizesnoticias.com.br\/?p=13429","title":{"rendered":"Ocorr\u00eancias s\u00e3o registradas, mas n\u00e3o ofuscam brilho da Coit\u00e9 Folia!"},"content":{"rendered":"<p>Apesar de alguns registros policiais, o brilho da Coit\u00e9 Folia prevaleceu no primeiro dia do evento, realizado ontem 30.<\/p>\n<p><img fetchpriority=\"high\" decoding=\"async\" class=\"size-medium wp-image-13298 aligncenter\" src=\"https:\/\/portalraizesnoticias.com.br\/wp-content\/uploads\/2026\/04\/IMG-20260428-WA0303-240x300.jpg\" alt=\"\" width=\"240\" height=\"300\" srcset=\"https:\/\/portalraizesnoticias.com.br\/wp-content\/uploads\/2026\/04\/IMG-20260428-WA0303-240x300.jpg 240w, https:\/\/portalraizesnoticias.com.br\/wp-content\/uploads\/2026\/04\/IMG-20260428-WA0303-819x1024.jpg 819w, https:\/\/portalraizesnoticias.com.br\/wp-content\/uploads\/2026\/04\/IMG-20260428-WA0303-768x960.jpg 768w, https:\/\/portalraizesnoticias.com.br\/wp-content\/uploads\/2026\/04\/IMG-20260428-WA0303.jpg 1024w\" sizes=\"(max-width: 240px) 100vw, 240px\" \/><\/p>\n<p style=\"text-align: center;\"><strong>PUBLICIDADE<\/strong><\/p>\n<p>Uma multid\u00e3o tomou conta da avenida e curtiu intensamente as apresenta\u00e7\u00f5es, que reuniram desde artistas locais at\u00e9 atra\u00e7\u00f5es j\u00e1 consolidadas no cen\u00e1rio musical.<\/p>\n<p><img decoding=\"async\" class=\"size-medium wp-image-13411 aligncenter\" src=\"https:\/\/portalraizesnoticias.com.br\/wp-content\/uploads\/2026\/05\/IMG-20260428-WA0354-300x300.jpg\" alt=\"\" width=\"300\" height=\"300\" srcset=\"https:\/\/portalraizesnoticias.com.br\/wp-content\/uploads\/2026\/05\/IMG-20260428-WA0354-300x300.jpg 300w, https:\/\/portalraizesnoticias.com.br\/wp-content\/uploads\/2026\/05\/IMG-20260428-WA0354-1024x1024.jpg 1024w, https:\/\/portalraizesnoticias.com.br\/wp-content\/uploads\/2026\/05\/IMG-20260428-WA0354-150x150.jpg 150w, https:\/\/portalraizesnoticias.com.br\/wp-content\/uploads\/2026\/05\/IMG-20260428-WA0354-768x768.jpg 768w, https:\/\/portalraizesnoticias.com.br\/wp-content\/uploads\/2026\/05\/IMG-20260428-WA0354.jpg 1080w\" sizes=\"(max-width: 300px) 100vw, 300px\" \/><\/p>\n<p style=\"text-align: center;\"><strong>PUBLICIDADE<\/strong><\/p>\n<p>O cantor Tomate deu um verdadeiro show de simpatia e talento, levando o p\u00fablico ao del\u00edrio com seus sucessos e muita energia no trio.<\/p>\n<p>Um dos artistas mais aguardados da noite, Igor Kann\u00e1rio, subiu ao palco com atraso \u2014 a apresenta\u00e7\u00e3o, prevista para as 2h, come\u00e7ou cerca de duas horas depois. Ainda assim, a espera n\u00e3o desanimou os foli\u00f5es, que permaneceram firmes e acompanharam o show com entusiasmo.<\/p>\n<p>Mesmo com as ocorr\u00eancias registradas, o clima de festa, anima\u00e7\u00e3o e grande participa\u00e7\u00e3o popular marcaram a abertura da Coit\u00e9 Folia, mostrando que os epis\u00f3dios pontuais n\u00e3o tiraram o brilho de um dos eventos mais aguardados da regi\u00e3o.<\/p>\n<p>Reda\u00e7\u00e3o<\/p>\n<p>Foto: Raimundo Mascarenhas\/Calila Not\u00edcias<\/p>\n","protected":false},"excerpt":{"rendered":"<p>Apesar de alguns registros policiais, o brilho da Coit\u00e9 Folia prevaleceu no primeiro dia do evento, realizado ontem 30. PUBLICIDADE Uma multid\u00e3o tomou conta da avenida e curtiu intensamente as apresenta\u00e7\u00f5es, que reuniram desde artistas locais at\u00e9 atra\u00e7\u00f5es j\u00e1 consolidadas no cen\u00e1rio musical. PUBLICIDADE O cantor Tomate deu um verdadeiro show de simpatia e talento, levando o p\u00fablico ao del\u00edrio com seus sucessos e muita energia no trio. Um dos artistas mais aguardados da noite, Igor Kann\u00e1rio, subiu ao palco com atraso \u2014 a apresenta\u00e7\u00e3o, prevista para as 2h, come\u00e7ou cerca de duas horas depois. Ainda assim, a espera n\u00e3o desanimou os foli\u00f5es, que permaneceram firmes e acompanharam o show com entusiasmo. Mesmo com as ocorr\u00eancias registradas, o clima de festa, anima\u00e7\u00e3o e grande participa\u00e7\u00e3o popular marcaram a abertura da Coit\u00e9 Folia, mostrando que os epis\u00f3dios pontuais n\u00e3o tiraram o brilho de um dos eventos mais aguardados da regi\u00e3o. Reda\u00e7\u00e3o Foto: Raimundo Mascarenhas\/Calila Not\u00edcias<\/p>\n","protected":false},"author":3,"featured_media":13431,"comment_status":"open","ping_status":"open","sticky":false,"template":"","format":"standard","meta":{"_joinchat":[],"footnotes":""},"categories":[55,69,59],"tags":[],"class_list":["post-13429","post","type-post","status-publish","format-standard","has-post-thumbnail","hentry","category-destaques","category-entreterimento-e-cultura","category-ultimas-noticias"],"yoast_head":"<!-- This site is optimized with the Yoast SEO plugin v24.4 - https:\/\/yoast.com\/wordpress\/plugins\/seo\/ -->\n<title>Ocorr\u00eancias s\u00e3o registradas, mas n\u00e3o ofuscam brilho da Coit\u00e9 Folia! - Portal raizes noticias<\/title>\n<meta name=\"robots\" content=\"index, follow, max-snippet:-1, max-image-preview:large, max-video-preview:-1\" \/>\n<link rel=\"canonical\" href=\"https:\/\/portalraizesnoticias.com.br\/?p=13429\" \/>\n<meta property=\"og:locale\" content=\"pt_BR\" \/>\n<meta property=\"og:type\" content=\"article\" \/>\n<meta property=\"og:title\" content=\"Ocorr\u00eancias s\u00e3o registradas, mas n\u00e3o ofuscam brilho da Coit\u00e9 Folia! - Portal raizes noticias\" \/>\n<meta property=\"og:description\" content=\"Apesar de alguns registros policiais, o brilho da Coit\u00e9 Folia prevaleceu no primeiro dia do evento, realizado ontem 30. PUBLICIDADE Uma multid\u00e3o tomou conta da avenida e curtiu intensamente as apresenta\u00e7\u00f5es, que reuniram desde artistas locais at\u00e9 atra\u00e7\u00f5es j\u00e1 consolidadas no cen\u00e1rio musical. PUBLICIDADE O cantor Tomate deu um verdadeiro show de simpatia e talento, levando o p\u00fablico ao del\u00edrio com seus sucessos e muita energia no trio. Um dos artistas mais aguardados da noite, Igor Kann\u00e1rio, subiu ao palco com atraso \u2014 a apresenta\u00e7\u00e3o, prevista para as 2h, come\u00e7ou cerca de duas horas depois. Ainda assim, a espera n\u00e3o desanimou os foli\u00f5es, que permaneceram firmes e acompanharam o show com entusiasmo. Mesmo com as ocorr\u00eancias registradas, o clima de festa, anima\u00e7\u00e3o e grande participa\u00e7\u00e3o popular marcaram a abertura da Coit\u00e9 Folia, mostrando que os epis\u00f3dios pontuais n\u00e3o tiraram o brilho de um dos eventos mais aguardados da regi\u00e3o. Reda\u00e7\u00e3o Foto: Raimundo Mascarenhas\/Calila Not\u00edcias\" \/>\n<meta property=\"og:url\" content=\"https:\/\/portalraizesnoticias.com.br\/?p=13429\" \/>\n<meta property=\"og:site_name\" content=\"Portal raizes noticias\" \/>\n<meta property=\"article:published_time\" content=\"2026-05-01T21:34:58+00:00\" \/>\n<meta property=\"og:image\" content=\"https:\/\/portalraizesnoticias.com.br\/wp-content\/uploads\/2026\/05\/tomate.jpg\" \/>\n\t<meta property=\"og:image:width\" content=\"700\" \/>\n\t<meta property=\"og:image:height\" content=\"467\" \/>\n\t<meta property=\"og:image:type\" content=\"image\/jpeg\" \/>\n<meta name=\"author\" content=\"Portal Raizes\" \/>\n<meta name=\"twitter:card\" content=\"summary_large_image\" \/>\n<meta name=\"twitter:label1\" content=\"Escrito por\" \/>\n\t<meta name=\"twitter:data1\" content=\"Portal Raizes\" \/>\n\t<meta name=\"twitter:label2\" content=\"Est. tempo de leitura\" \/>\n\t<meta name=\"twitter:data2\" content=\"2 minutos\" \/>\n<script type=\"application\/ld+json\" class=\"yoast-schema-graph\">{\"@context\":\"https:\/\/schema.org\",\"@graph\":[{\"@type\":\"Article\",\"@id\":\"https:\/\/portalraizesnoticias.com.br\/?p=13429#article\",\"isPartOf\":{\"@id\":\"https:\/\/portalraizesnoticias.com.br\/?p=13429\"},\"author\":{\"name\":\"Portal Raizes\",\"@id\":\"https:\/\/portalraizesnoticias.com.br\/#\/schema\/person\/a3ca6b0fc701e78df19756c417d943ae\"},\"headline\":\"Ocorr\u00eancias s\u00e3o registradas, mas n\u00e3o ofuscam brilho da Coit\u00e9 Folia!\",\"datePublished\":\"2026-05-01T21:34:58+00:00\",\"mainEntityOfPage\":{\"@id\":\"https:\/\/portalraizesnoticias.com.br\/?p=13429\"},\"wordCount\":185,\"commentCount\":0,\"publisher\":{\"@id\":\"https:\/\/portalraizesnoticias.com.br\/#organization\"},\"image\":{\"@id\":\"https:\/\/portalraizesnoticias.com.br\/?p=13429#primaryimage\"},\"thumbnailUrl\":\"https:\/\/portalraizesnoticias.com.br\/wp-content\/uploads\/2026\/05\/tomate.jpg\",\"articleSection\":[\"DESTAQUES\",\"ENTRETERIMENTO E CULTURA\",\"ULTIMAS NOTICIAS\"],\"inLanguage\":\"pt-BR\",\"potentialAction\":[{\"@type\":\"CommentAction\",\"name\":\"Comment\",\"target\":[\"https:\/\/portalraizesnoticias.com.br\/?p=13429#respond\"]}]},{\"@type\":\"WebPage\",\"@id\":\"https:\/\/portalraizesnoticias.com.br\/?p=13429\",\"url\":\"https:\/\/portalraizesnoticias.com.br\/?p=13429\",\"name\":\"Ocorr\u00eancias s\u00e3o registradas, mas n\u00e3o ofuscam brilho da Coit\u00e9 Folia! - Portal raizes noticias\",\"isPartOf\":{\"@id\":\"https:\/\/portalraizesnoticias.com.br\/#website\"},\"primaryImageOfPage\":{\"@id\":\"https:\/\/portalraizesnoticias.com.br\/?p=13429#primaryimage\"},\"image\":{\"@id\":\"https:\/\/portalraizesnoticias.com.br\/?p=13429#primaryimage\"},\"thumbnailUrl\":\"https:\/\/portalraizesnoticias.com.br\/wp-content\/uploads\/2026\/05\/tomate.jpg\",\"datePublished\":\"2026-05-01T21:34:58+00:00\",\"breadcrumb\":{\"@id\":\"https:\/\/portalraizesnoticias.com.br\/?p=13429#breadcrumb\"},\"inLanguage\":\"pt-BR\",\"potentialAction\":[{\"@type\":\"ReadAction\",\"target\":[\"https:\/\/portalraizesnoticias.com.br\/?p=13429\"]}]},{\"@type\":\"ImageObject\",\"inLanguage\":\"pt-BR\",\"@id\":\"https:\/\/portalraizesnoticias.com.br\/?p=13429#primaryimage\",\"url\":\"https:\/\/portalraizesnoticias.com.br\/wp-content\/uploads\/2026\/05\/tomate.jpg\",\"contentUrl\":\"https:\/\/portalraizesnoticias.com.br\/wp-content\/uploads\/2026\/05\/tomate.jpg\",\"width\":700,\"height\":467},{\"@type\":\"BreadcrumbList\",\"@id\":\"https:\/\/portalraizesnoticias.com.br\/?p=13429#breadcrumb\",\"itemListElement\":[{\"@type\":\"ListItem\",\"position\":1,\"name\":\"In\u00edcio\",\"item\":\"https:\/\/portalraizesnoticias.com.br\/\"},{\"@type\":\"ListItem\",\"position\":2,\"name\":\"Ocorr\u00eancias s\u00e3o registradas, mas n\u00e3o ofuscam brilho da Coit\u00e9 Folia!\"}]},{\"@type\":\"WebSite\",\"@id\":\"https:\/\/portalraizesnoticias.com.br\/#website\",\"url\":\"https:\/\/portalraizesnoticias.com.br\/\",\"name\":\"Portal raizes NOTICIAS\",\"description\":\"site de noticias de concei\u00e7\u00e3o do coit\u00e9 e regi\u00e3o\",\"publisher\":{\"@id\":\"https:\/\/portalraizesnoticias.com.br\/#organization\"},\"alternateName\":\"PORTAL RAIZES COIT\u00c9\",\"potentialAction\":[{\"@type\":\"SearchAction\",\"target\":{\"@type\":\"EntryPoint\",\"urlTemplate\":\"https:\/\/portalraizesnoticias.com.br\/?s={search_term_string}\"},\"query-input\":{\"@type\":\"PropertyValueSpecification\",\"valueRequired\":true,\"valueName\":\"search_term_string\"}}],\"inLanguage\":\"pt-BR\"},{\"@type\":\"Organization\",\"@id\":\"https:\/\/portalraizesnoticias.com.br\/#organization\",\"name\":\"Portal raizes NOTICIAS\",\"url\":\"https:\/\/portalraizesnoticias.com.br\/\",\"logo\":{\"@type\":\"ImageObject\",\"inLanguage\":\"pt-BR\",\"@id\":\"https:\/\/portalraizesnoticias.com.br\/#\/schema\/logo\/image\/\",\"url\":\"https:\/\/portalraizesnoticias.com.br\/wp-content\/uploads\/2024\/09\/cropped-Captura-de-tela-2024-09-08-011108.png\",\"contentUrl\":\"https:\/\/portalraizesnoticias.com.br\/wp-content\/uploads\/2024\/09\/cropped-Captura-de-tela-2024-09-08-011108.png\",\"width\":606,\"height\":173,\"caption\":\"Portal raizes NOTICIAS\"},\"image\":{\"@id\":\"https:\/\/portalraizesnoticias.com.br\/#\/schema\/logo\/image\/\"}},{\"@type\":\"Person\",\"@id\":\"https:\/\/portalraizesnoticias.com.br\/#\/schema\/person\/a3ca6b0fc701e78df19756c417d943ae\",\"name\":\"Portal Raizes\",\"image\":{\"@type\":\"ImageObject\",\"inLanguage\":\"pt-BR\",\"@id\":\"https:\/\/portalraizesnoticias.com.br\/#\/schema\/person\/image\/\",\"url\":\"https:\/\/secure.gravatar.com\/avatar\/ef450d29013a3d3fba867a12a249d7b1?s=96&d=mm&r=g\",\"contentUrl\":\"https:\/\/secure.gravatar.com\/avatar\/ef450d29013a3d3fba867a12a249d7b1?s=96&d=mm&r=g\",\"caption\":\"Portal Raizes\"},\"url\":\"https:\/\/portalraizesnoticias.com.br\/?author=3\"}]}<\/script>\n<!-- \/ Yoast SEO plugin. -->","yoast_head_json":{"title":"Ocorr\u00eancias s\u00e3o registradas, mas n\u00e3o ofuscam brilho da Coit\u00e9 Folia! - Portal raizes noticias","robots":{"index":"index","follow":"follow","max-snippet":"max-snippet:-1","max-image-preview":"max-image-preview:large","max-video-preview":"max-video-preview:-1"},"canonical":"https:\/\/portalraizesnoticias.com.br\/?p=13429","og_locale":"pt_BR","og_type":"article","og_title":"Ocorr\u00eancias s\u00e3o registradas, mas n\u00e3o ofuscam brilho da Coit\u00e9 Folia! - Portal raizes noticias","og_description":"Apesar de alguns registros policiais, o brilho da Coit\u00e9 Folia prevaleceu no primeiro dia do evento, realizado ontem 30. PUBLICIDADE Uma multid\u00e3o tomou conta da avenida e curtiu intensamente as apresenta\u00e7\u00f5es, que reuniram desde artistas locais at\u00e9 atra\u00e7\u00f5es j\u00e1 consolidadas no cen\u00e1rio musical. PUBLICIDADE O cantor Tomate deu um verdadeiro show de simpatia e talento, levando o p\u00fablico ao del\u00edrio com seus sucessos e muita energia no trio. Um dos artistas mais aguardados da noite, Igor Kann\u00e1rio, subiu ao palco com atraso \u2014 a apresenta\u00e7\u00e3o, prevista para as 2h, come\u00e7ou cerca de duas horas depois. Ainda assim, a espera n\u00e3o desanimou os foli\u00f5es, que permaneceram firmes e acompanharam o show com entusiasmo. Mesmo com as ocorr\u00eancias registradas, o clima de festa, anima\u00e7\u00e3o e grande participa\u00e7\u00e3o popular marcaram a abertura da Coit\u00e9 Folia, mostrando que os epis\u00f3dios pontuais n\u00e3o tiraram o brilho de um dos eventos mais aguardados da regi\u00e3o. Reda\u00e7\u00e3o Foto: Raimundo Mascarenhas\/Calila Not\u00edcias","og_url":"https:\/\/portalraizesnoticias.com.br\/?p=13429","og_site_name":"Portal raizes noticias","article_published_time":"2026-05-01T21:34:58+00:00","og_image":[{"width":700,"height":467,"url":"https:\/\/portalraizesnoticias.com.br\/wp-content\/uploads\/2026\/05\/tomate.jpg","type":"image\/jpeg"}],"author":"Portal Raizes","twitter_card":"summary_large_image","twitter_misc":{"Escrito por":"Portal Raizes","Est. tempo de leitura":"2 minutos"},"schema":{"@context":"https:\/\/schema.org","@graph":[{"@type":"Article","@id":"https:\/\/portalraizesnoticias.com.br\/?p=13429#article","isPartOf":{"@id":"https:\/\/portalraizesnoticias.com.br\/?p=13429"},"author":{"name":"Portal Raizes","@id":"https:\/\/portalraizesnoticias.com.br\/#\/schema\/person\/a3ca6b0fc701e78df19756c417d943ae"},"headline":"Ocorr\u00eancias s\u00e3o registradas, mas n\u00e3o ofuscam brilho da Coit\u00e9 Folia!","datePublished":"2026-05-01T21:34:58+00:00","mainEntityOfPage":{"@id":"https:\/\/portalraizesnoticias.com.br\/?p=13429"},"wordCount":185,"commentCount":0,"publisher":{"@id":"https:\/\/portalraizesnoticias.com.br\/#organization"},"image":{"@id":"https:\/\/portalraizesnoticias.com.br\/?p=13429#primaryimage"},"thumbnailUrl":"https:\/\/portalraizesnoticias.com.br\/wp-content\/uploads\/2026\/05\/tomate.jpg","articleSection":["DESTAQUES","ENTRETERIMENTO E CULTURA","ULTIMAS NOTICIAS"],"inLanguage":"pt-BR","potentialAction":[{"@type":"CommentAction","name":"Comment","target":["https:\/\/portalraizesnoticias.com.br\/?p=13429#respond"]}]},{"@type":"WebPage","@id":"https:\/\/portalraizesnoticias.com.br\/?p=13429","url":"https:\/\/portalraizesnoticias.com.br\/?p=13429","name":"Ocorr\u00eancias s\u00e3o registradas, mas n\u00e3o ofuscam brilho da Coit\u00e9 Folia! - Portal raizes noticias","isPartOf":{"@id":"https:\/\/portalraizesnoticias.com.br\/#website"},"primaryImageOfPage":{"@id":"https:\/\/portalraizesnoticias.com.br\/?p=13429#primaryimage"},"image":{"@id":"https:\/\/portalraizesnoticias.com.br\/?p=13429#primaryimage"},"thumbnailUrl":"https:\/\/portalraizesnoticias.com.br\/wp-content\/uploads\/2026\/05\/tomate.jpg","datePublished":"2026-05-01T21:34:58+00:00","breadcrumb":{"@id":"https:\/\/portalraizesnoticias.com.br\/?p=13429#breadcrumb"},"inLanguage":"pt-BR","potentialAction":[{"@type":"ReadAction","target":["https:\/\/portalraizesnoticias.com.br\/?p=13429"]}]},{"@type":"ImageObject","inLanguage":"pt-BR","@id":"https:\/\/portalraizesnoticias.com.br\/?p=13429#primaryimage","url":"https:\/\/portalraizesnoticias.com.br\/wp-content\/uploads\/2026\/05\/tomate.jpg","contentUrl":"https:\/\/portalraizesnoticias.com.br\/wp-content\/uploads\/2026\/05\/tomate.jpg","width":700,"height":467},{"@type":"BreadcrumbList","@id":"https:\/\/portalraizesnoticias.com.br\/?p=13429#breadcrumb","itemListElement":[{"@type":"ListItem","position":1,"name":"In\u00edcio","item":"https:\/\/portalraizesnoticias.com.br\/"},{"@type":"ListItem","position":2,"name":"Ocorr\u00eancias s\u00e3o registradas, mas n\u00e3o ofuscam brilho da Coit\u00e9 Folia!"}]},{"@type":"WebSite","@id":"https:\/\/portalraizesnoticias.com.br\/#website","url":"https:\/\/portalraizesnoticias.com.br\/","name":"Portal raizes NOTICIAS","description":"site de noticias de concei\u00e7\u00e3o do coit\u00e9 e regi\u00e3o","publisher":{"@id":"https:\/\/portalraizesnoticias.com.br\/#organization"},"alternateName":"PORTAL RAIZES COIT\u00c9","potentialAction":[{"@type":"SearchAction","target":{"@type":"EntryPoint","urlTemplate":"https:\/\/portalraizesnoticias.com.br\/?s={search_term_string}"},"query-input":{"@type":"PropertyValueSpecification","valueRequired":true,"valueName":"search_term_string"}}],"inLanguage":"pt-BR"},{"@type":"Organization","@id":"https:\/\/portalraizesnoticias.com.br\/#organization","name":"Portal raizes NOTICIAS","url":"https:\/\/portalraizesnoticias.com.br\/","logo":{"@type":"ImageObject","inLanguage":"pt-BR","@id":"https:\/\/portalraizesnoticias.com.br\/#\/schema\/logo\/image\/","url":"https:\/\/portalraizesnoticias.com.br\/wp-content\/uploads\/2024\/09\/cropped-Captura-de-tela-2024-09-08-011108.png","contentUrl":"https:\/\/portalraizesnoticias.com.br\/wp-content\/uploads\/2024\/09\/cropped-Captura-de-tela-2024-09-08-011108.png","width":606,"height":173,"caption":"Portal raizes NOTICIAS"},"image":{"@id":"https:\/\/portalraizesnoticias.com.br\/#\/schema\/logo\/image\/"}},{"@type":"Person","@id":"https:\/\/portalraizesnoticias.com.br\/#\/schema\/person\/a3ca6b0fc701e78df19756c417d943ae","name":"Portal Raizes","image":{"@type":"ImageObject","inLanguage":"pt-BR","@id":"https:\/\/portalraizesnoticias.com.br\/#\/schema\/person\/image\/","url":"https:\/\/secure.gravatar.com\/avatar\/ef450d29013a3d3fba867a12a249d7b1?s=96&d=mm&r=g","contentUrl":"https:\/\/secure.gravatar.com\/avatar\/ef450d29013a3d3fba867a12a249d7b1?s=96&d=mm&r=g","caption":"Portal Raizes"},"url":"https:\/\/portalraizesnoticias.com.br\/?author=3"}]}},"_links":{"self":[{"href":"https:\/\/portalraizesnoticias.com.br\/index.php?rest_route=\/wp\/v2\/posts\/13429"}],"collection":[{"href":"https:\/\/portalraizesnoticias.com.br\/index.php?rest_route=\/wp\/v2\/posts"}],"about":[{"href":"https:\/\/portalraizesnoticias.com.br\/index.php?rest_route=\/wp\/v2\/types\/post"}],"author":[{"embeddable":true,"href":"https:\/\/portalraizesnoticias.com.br\/index.php?rest_route=\/wp\/v2\/users\/3"}],"replies":[{"embeddable":true,"href":"https:\/\/portalraizesnoticias.com.br\/index.php?rest_route=%2Fwp%2Fv2%2Fcomments&post=13429"}],"version-history":[{"count":3,"href":"https:\/\/portalraizesnoticias.com.br\/index.php?rest_route=\/wp\/v2\/posts\/13429\/revisions"}],"predecessor-version":[{"id":13433,"href":"https:\/\/portalraizesnoticias.com.br\/index.php?rest_route=\/wp\/v2\/posts\/13429\/revisions\/13433"}],"wp:featuredmedia":[{"embeddable":true,"href":"https:\/\/portalraizesnoticias.com.br\/index.php?rest_route=\/wp\/v2\/media\/13431"}],"wp:attachment":[{"href":"https:\/\/portalraizesnoticias.com.br\/index.php?rest_route=%2Fwp%2Fv2%2Fmedia&parent=13429"}],"wp:term":[{"taxonomy":"category","embeddable":true,"href":"https:\/\/portalraizesnoticias.com.br\/index.php?rest_route=%2Fwp%2Fv2%2Fcategories&post=13429"},{"taxonomy":"post_tag","embeddable":true,"href":"https:\/\/portalraizesnoticias.com.br\/index.php?rest_route=%2Fwp%2Fv2%2Ftags&post=13429"}],"curies":[{"name":"wp","href":"https:\/\/api.w.org\/{rel}","templated":true}]}}