{"id":13407,"date":"2026-05-01T16:09:52","date_gmt":"2026-05-01T19:09:52","guid":{"rendered":"https:\/\/portalraizesnoticias.com.br\/?p=13407"},"modified":"2026-05-01T16:09:53","modified_gmt":"2026-05-01T19:09:53","slug":"cordeiros-agridem-homem-e-acabam-detidos-no-circuito-do-coite-folia","status":"publish","type":"post","link":"https:\/\/portalraizesnoticias.com.br\/?p=13407","title":{"rendered":"Cordeiros agridem homem e acabam detidos no circuito do Coit\u00e9 Folia"},"content":{"rendered":"<p>Um homem de 49 anos foi v\u00edtima de agress\u00e3o na noite desta quinta-feira (30), durante o evento Coit\u00e9 Folia, em Concei\u00e7\u00e3o do Coit\u00e9.<\/p>\n<div style=\"width: 960px;\" class=\"wp-video\"><!--[if lt IE 9]><script>document.createElement('video');<\/script><![endif]-->\n<video class=\"wp-video-shortcode\" id=\"video-13407-1\" width=\"960\" height=\"540\" preload=\"metadata\" controls=\"controls\"><source type=\"video\/mp4\" src=\"https:\/\/portalraizesnoticias.com.br\/wp-content\/uploads\/2026\/05\/VID-20260501-WA0152.mp4?_=1\" \/><a href=\"https:\/\/portalraizesnoticias.com.br\/wp-content\/uploads\/2026\/05\/VID-20260501-WA0152.mp4\">https:\/\/portalraizesnoticias.com.br\/wp-content\/uploads\/2026\/05\/VID-20260501-WA0152.mp4<\/a><\/video><\/div>\n<p>De acordo com informa\u00e7\u00f5es da Pol\u00edcia Militar obtidas pelo Portal Ra\u00edzes\u00a0 a ocorr\u00eancia foi registrada por volta das 22h45, na Avenida Bar\u00e3o do Rio Branco, no centro da cidade.<\/p>\n<p><img fetchpriority=\"high\" decoding=\"async\" class=\"size-medium wp-image-13411 aligncenter\" src=\"https:\/\/portalraizesnoticias.com.br\/wp-content\/uploads\/2026\/05\/IMG-20260428-WA0354-300x300.jpg\" alt=\"\" width=\"300\" height=\"300\" srcset=\"https:\/\/portalraizesnoticias.com.br\/wp-content\/uploads\/2026\/05\/IMG-20260428-WA0354-300x300.jpg 300w, https:\/\/portalraizesnoticias.com.br\/wp-content\/uploads\/2026\/05\/IMG-20260428-WA0354-1024x1024.jpg 1024w, https:\/\/portalraizesnoticias.com.br\/wp-content\/uploads\/2026\/05\/IMG-20260428-WA0354-150x150.jpg 150w, https:\/\/portalraizesnoticias.com.br\/wp-content\/uploads\/2026\/05\/IMG-20260428-WA0354-768x768.jpg 768w, https:\/\/portalraizesnoticias.com.br\/wp-content\/uploads\/2026\/05\/IMG-20260428-WA0354.jpg 1080w\" sizes=\"(max-width: 300px) 100vw, 300px\" \/><\/p>\n<p>Durante patrulhamento, os policiais se depararam com uma confus\u00e3o envolvendo v\u00e1rias pessoas e flagraram a v\u00edtima sendo agredida por indiv\u00edduos que atuavam como \u201ccordeiros\u201d de um trio el\u00e9trico.<\/p>\n<p><img decoding=\"async\" class=\"size-medium wp-image-13298 aligncenter\" src=\"https:\/\/portalraizesnoticias.com.br\/wp-content\/uploads\/2026\/04\/IMG-20260428-WA0303-240x300.jpg\" alt=\"\" width=\"240\" height=\"300\" srcset=\"https:\/\/portalraizesnoticias.com.br\/wp-content\/uploads\/2026\/04\/IMG-20260428-WA0303-240x300.jpg 240w, https:\/\/portalraizesnoticias.com.br\/wp-content\/uploads\/2026\/04\/IMG-20260428-WA0303-819x1024.jpg 819w, https:\/\/portalraizesnoticias.com.br\/wp-content\/uploads\/2026\/04\/IMG-20260428-WA0303-768x960.jpg 768w, https:\/\/portalraizesnoticias.com.br\/wp-content\/uploads\/2026\/04\/IMG-20260428-WA0303.jpg 1024w\" sizes=\"(max-width: 240px) 100vw, 240px\" \/><\/p>\n<p style=\"text-align: center;\"><strong>PUBLICIDADE<\/strong><\/p>\n<p>Ainda segundo a PM, o homem j\u00e1 estava ca\u00eddo ao solo quando a guarni\u00e7\u00e3o interveio e conseguiu conter as agress\u00f5es. Tr\u00eas suspeitos foram detidos no local.<\/p>\n<p>A v\u00edtima foi socorrida e levada inicialmente para um posto de sa\u00fade, onde recebeu os primeiros atendimentos. Devido \u00e0 gravidade dos ferimentos, ela precisou ser transferida para o Hospital Portugu\u00eas.<\/p>\n<p><img decoding=\"async\" class=\"size-medium wp-image-13326 aligncenter\" src=\"https:\/\/portalraizesnoticias.com.br\/wp-content\/uploads\/2026\/04\/WhatsApp-Image-2026-04-24-at-12.08.55-300x200.jpeg\" alt=\"\" width=\"300\" height=\"200\" srcset=\"https:\/\/portalraizesnoticias.com.br\/wp-content\/uploads\/2026\/04\/WhatsApp-Image-2026-04-24-at-12.08.55-300x200.jpeg 300w, https:\/\/portalraizesnoticias.com.br\/wp-content\/uploads\/2026\/04\/WhatsApp-Image-2026-04-24-at-12.08.55-1024x683.jpeg 1024w, https:\/\/portalraizesnoticias.com.br\/wp-content\/uploads\/2026\/04\/WhatsApp-Image-2026-04-24-at-12.08.55-768x512.jpeg 768w, https:\/\/portalraizesnoticias.com.br\/wp-content\/uploads\/2026\/04\/WhatsApp-Image-2026-04-24-at-12.08.55.jpeg 1536w\" sizes=\"(max-width: 300px) 100vw, 300px\" \/><\/p>\n<p style=\"text-align: center;\"><strong>PUBLICIDADE<\/strong><\/p>\n<p>Os suspeitos foram encaminhados ao posto da Pol\u00edcia Civil, onde foram adotadas as medidas cab\u00edveis.<\/p>\n<p>Reda\u00e7\u00e3o<\/p>\n","protected":false},"excerpt":{"rendered":"<p>Um homem de 49 anos foi v\u00edtima de agress\u00e3o na noite desta quinta-feira (30), durante o evento Coit\u00e9 Folia, em Concei\u00e7\u00e3o do Coit\u00e9. De acordo com informa\u00e7\u00f5es da Pol\u00edcia Militar obtidas pelo Portal Ra\u00edzes\u00a0 a ocorr\u00eancia foi registrada por volta das 22h45, na Avenida Bar\u00e3o do Rio Branco, no centro da cidade. Durante patrulhamento, os policiais se depararam com uma confus\u00e3o envolvendo v\u00e1rias pessoas e flagraram a v\u00edtima sendo agredida por indiv\u00edduos que atuavam como \u201ccordeiros\u201d de um trio el\u00e9trico. PUBLICIDADE Ainda segundo a PM, o homem j\u00e1 estava ca\u00eddo ao solo quando a guarni\u00e7\u00e3o interveio e conseguiu conter as agress\u00f5es. Tr\u00eas suspeitos foram detidos no local. A v\u00edtima foi socorrida e levada inicialmente para um posto de sa\u00fade, onde recebeu os primeiros atendimentos. Devido \u00e0 gravidade dos ferimentos, ela precisou ser transferida para o Hospital Portugu\u00eas. PUBLICIDADE Os suspeitos foram encaminhados ao posto da Pol\u00edcia Civil, onde foram adotadas as medidas cab\u00edveis. Reda\u00e7\u00e3o<\/p>\n","protected":false},"author":3,"featured_media":13410,"comment_status":"open","ping_status":"open","sticky":false,"template":"","format":"standard","meta":{"_joinchat":[],"footnotes":""},"categories":[55,67,59],"tags":[],"class_list":["post-13407","post","type-post","status-publish","format-standard","has-post-thumbnail","hentry","category-destaques","category-policia","category-ultimas-noticias"],"yoast_head":"<!-- This site is optimized with the Yoast SEO plugin v24.4 - https:\/\/yoast.com\/wordpress\/plugins\/seo\/ -->\n<title>Cordeiros agridem homem e acabam detidos no circuito do Coit\u00e9 Folia - Portal raizes noticias<\/title>\n<meta name=\"robots\" content=\"index, follow, max-snippet:-1, max-image-preview:large, max-video-preview:-1\" \/>\n<link rel=\"canonical\" href=\"https:\/\/portalraizesnoticias.com.br\/?p=13407\" \/>\n<meta property=\"og:locale\" content=\"pt_BR\" \/>\n<meta property=\"og:type\" content=\"article\" \/>\n<meta property=\"og:title\" content=\"Cordeiros agridem homem e acabam detidos no circuito do Coit\u00e9 Folia - Portal raizes noticias\" \/>\n<meta property=\"og:description\" content=\"Um homem de 49 anos foi v\u00edtima de agress\u00e3o na noite desta quinta-feira (30), durante o evento Coit\u00e9 Folia, em Concei\u00e7\u00e3o do Coit\u00e9. De acordo com informa\u00e7\u00f5es da Pol\u00edcia Militar obtidas pelo Portal Ra\u00edzes\u00a0 a ocorr\u00eancia foi registrada por volta das 22h45, na Avenida Bar\u00e3o do Rio Branco, no centro da cidade. Durante patrulhamento, os policiais se depararam com uma confus\u00e3o envolvendo v\u00e1rias pessoas e flagraram a v\u00edtima sendo agredida por indiv\u00edduos que atuavam como \u201ccordeiros\u201d de um trio el\u00e9trico. PUBLICIDADE Ainda segundo a PM, o homem j\u00e1 estava ca\u00eddo ao solo quando a guarni\u00e7\u00e3o interveio e conseguiu conter as agress\u00f5es. Tr\u00eas suspeitos foram detidos no local. A v\u00edtima foi socorrida e levada inicialmente para um posto de sa\u00fade, onde recebeu os primeiros atendimentos. Devido \u00e0 gravidade dos ferimentos, ela precisou ser transferida para o Hospital Portugu\u00eas. PUBLICIDADE Os suspeitos foram encaminhados ao posto da Pol\u00edcia Civil, onde foram adotadas as medidas cab\u00edveis. Reda\u00e7\u00e3o\" \/>\n<meta property=\"og:url\" content=\"https:\/\/portalraizesnoticias.com.br\/?p=13407\" \/>\n<meta property=\"og:site_name\" content=\"Portal raizes noticias\" \/>\n<meta property=\"article:published_time\" content=\"2026-05-01T19:09:52+00:00\" \/>\n<meta property=\"article:modified_time\" content=\"2026-05-01T19:09:53+00:00\" \/>\n<meta property=\"og:image\" content=\"https:\/\/portalraizesnoticias.com.br\/wp-content\/uploads\/2026\/05\/IMG-20260501-WA01681.jpg\" \/>\n\t<meta property=\"og:image:width\" content=\"1080\" \/>\n\t<meta property=\"og:image:height\" content=\"1122\" \/>\n\t<meta property=\"og:image:type\" content=\"image\/jpeg\" \/>\n<meta name=\"author\" content=\"Portal Raizes\" \/>\n<meta name=\"twitter:card\" content=\"summary_large_image\" \/>\n<meta name=\"twitter:label1\" content=\"Escrito por\" \/>\n\t<meta name=\"twitter:data1\" content=\"Portal Raizes\" \/>\n\t<meta name=\"twitter:label2\" content=\"Est. tempo de leitura\" \/>\n\t<meta name=\"twitter:data2\" content=\"2 minutos\" \/>\n<script type=\"application\/ld+json\" class=\"yoast-schema-graph\">{\"@context\":\"https:\/\/schema.org\",\"@graph\":[{\"@type\":\"Article\",\"@id\":\"https:\/\/portalraizesnoticias.com.br\/?p=13407#article\",\"isPartOf\":{\"@id\":\"https:\/\/portalraizesnoticias.com.br\/?p=13407\"},\"author\":{\"name\":\"Portal Raizes\",\"@id\":\"https:\/\/portalraizesnoticias.com.br\/#\/schema\/person\/a3ca6b0fc701e78df19756c417d943ae\"},\"headline\":\"Cordeiros agridem homem e acabam detidos no circuito do Coit\u00e9 Folia\",\"datePublished\":\"2026-05-01T19:09:52+00:00\",\"dateModified\":\"2026-05-01T19:09:53+00:00\",\"mainEntityOfPage\":{\"@id\":\"https:\/\/portalraizesnoticias.com.br\/?p=13407\"},\"wordCount\":199,\"commentCount\":0,\"publisher\":{\"@id\":\"https:\/\/portalraizesnoticias.com.br\/#organization\"},\"image\":{\"@id\":\"https:\/\/portalraizesnoticias.com.br\/?p=13407#primaryimage\"},\"thumbnailUrl\":\"https:\/\/portalraizesnoticias.com.br\/wp-content\/uploads\/2026\/05\/IMG-20260501-WA01681.jpg\",\"articleSection\":[\"DESTAQUES\",\"POLICIA\",\"ULTIMAS NOTICIAS\"],\"inLanguage\":\"pt-BR\",\"potentialAction\":[{\"@type\":\"CommentAction\",\"name\":\"Comment\",\"target\":[\"https:\/\/portalraizesnoticias.com.br\/?p=13407#respond\"]}]},{\"@type\":\"WebPage\",\"@id\":\"https:\/\/portalraizesnoticias.com.br\/?p=13407\",\"url\":\"https:\/\/portalraizesnoticias.com.br\/?p=13407\",\"name\":\"Cordeiros agridem homem e acabam detidos no circuito do Coit\u00e9 Folia - Portal raizes noticias\",\"isPartOf\":{\"@id\":\"https:\/\/portalraizesnoticias.com.br\/#website\"},\"primaryImageOfPage\":{\"@id\":\"https:\/\/portalraizesnoticias.com.br\/?p=13407#primaryimage\"},\"image\":{\"@id\":\"https:\/\/portalraizesnoticias.com.br\/?p=13407#primaryimage\"},\"thumbnailUrl\":\"https:\/\/portalraizesnoticias.com.br\/wp-content\/uploads\/2026\/05\/IMG-20260501-WA01681.jpg\",\"datePublished\":\"2026-05-01T19:09:52+00:00\",\"dateModified\":\"2026-05-01T19:09:53+00:00\",\"breadcrumb\":{\"@id\":\"https:\/\/portalraizesnoticias.com.br\/?p=13407#breadcrumb\"},\"inLanguage\":\"pt-BR\",\"potentialAction\":[{\"@type\":\"ReadAction\",\"target\":[\"https:\/\/portalraizesnoticias.com.br\/?p=13407\"]}]},{\"@type\":\"ImageObject\",\"inLanguage\":\"pt-BR\",\"@id\":\"https:\/\/portalraizesnoticias.com.br\/?p=13407#primaryimage\",\"url\":\"https:\/\/portalraizesnoticias.com.br\/wp-content\/uploads\/2026\/05\/IMG-20260501-WA01681.jpg\",\"contentUrl\":\"https:\/\/portalraizesnoticias.com.br\/wp-content\/uploads\/2026\/05\/IMG-20260501-WA01681.jpg\",\"width\":1080,\"height\":1122},{\"@type\":\"BreadcrumbList\",\"@id\":\"https:\/\/portalraizesnoticias.com.br\/?p=13407#breadcrumb\",\"itemListElement\":[{\"@type\":\"ListItem\",\"position\":1,\"name\":\"In\u00edcio\",\"item\":\"https:\/\/portalraizesnoticias.com.br\/\"},{\"@type\":\"ListItem\",\"position\":2,\"name\":\"Cordeiros agridem homem e acabam detidos no circuito do Coit\u00e9 Folia\"}]},{\"@type\":\"WebSite\",\"@id\":\"https:\/\/portalraizesnoticias.com.br\/#website\",\"url\":\"https:\/\/portalraizesnoticias.com.br\/\",\"name\":\"Portal raizes NOTICIAS\",\"description\":\"site de noticias de concei\u00e7\u00e3o do coit\u00e9 e regi\u00e3o\",\"publisher\":{\"@id\":\"https:\/\/portalraizesnoticias.com.br\/#organization\"},\"alternateName\":\"PORTAL RAIZES COIT\u00c9\",\"potentialAction\":[{\"@type\":\"SearchAction\",\"target\":{\"@type\":\"EntryPoint\",\"urlTemplate\":\"https:\/\/portalraizesnoticias.com.br\/?s={search_term_string}\"},\"query-input\":{\"@type\":\"PropertyValueSpecification\",\"valueRequired\":true,\"valueName\":\"search_term_string\"}}],\"inLanguage\":\"pt-BR\"},{\"@type\":\"Organization\",\"@id\":\"https:\/\/portalraizesnoticias.com.br\/#organization\",\"name\":\"Portal raizes NOTICIAS\",\"url\":\"https:\/\/portalraizesnoticias.com.br\/\",\"logo\":{\"@type\":\"ImageObject\",\"inLanguage\":\"pt-BR\",\"@id\":\"https:\/\/portalraizesnoticias.com.br\/#\/schema\/logo\/image\/\",\"url\":\"https:\/\/portalraizesnoticias.com.br\/wp-content\/uploads\/2024\/09\/cropped-Captura-de-tela-2024-09-08-011108.png\",\"contentUrl\":\"https:\/\/portalraizesnoticias.com.br\/wp-content\/uploads\/2024\/09\/cropped-Captura-de-tela-2024-09-08-011108.png\",\"width\":606,\"height\":173,\"caption\":\"Portal raizes NOTICIAS\"},\"image\":{\"@id\":\"https:\/\/portalraizesnoticias.com.br\/#\/schema\/logo\/image\/\"}},{\"@type\":\"Person\",\"@id\":\"https:\/\/portalraizesnoticias.com.br\/#\/schema\/person\/a3ca6b0fc701e78df19756c417d943ae\",\"name\":\"Portal Raizes\",\"image\":{\"@type\":\"ImageObject\",\"inLanguage\":\"pt-BR\",\"@id\":\"https:\/\/portalraizesnoticias.com.br\/#\/schema\/person\/image\/\",\"url\":\"https:\/\/secure.gravatar.com\/avatar\/ef450d29013a3d3fba867a12a249d7b1?s=96&d=mm&r=g\",\"contentUrl\":\"https:\/\/secure.gravatar.com\/avatar\/ef450d29013a3d3fba867a12a249d7b1?s=96&d=mm&r=g\",\"caption\":\"Portal Raizes\"},\"url\":\"https:\/\/portalraizesnoticias.com.br\/?author=3\"}]}<\/script>\n<!-- \/ Yoast SEO plugin. -->","yoast_head_json":{"title":"Cordeiros agridem homem e acabam detidos no circuito do Coit\u00e9 Folia - Portal raizes noticias","robots":{"index":"index","follow":"follow","max-snippet":"max-snippet:-1","max-image-preview":"max-image-preview:large","max-video-preview":"max-video-preview:-1"},"canonical":"https:\/\/portalraizesnoticias.com.br\/?p=13407","og_locale":"pt_BR","og_type":"article","og_title":"Cordeiros agridem homem e acabam detidos no circuito do Coit\u00e9 Folia - Portal raizes noticias","og_description":"Um homem de 49 anos foi v\u00edtima de agress\u00e3o na noite desta quinta-feira (30), durante o evento Coit\u00e9 Folia, em Concei\u00e7\u00e3o do Coit\u00e9. De acordo com informa\u00e7\u00f5es da Pol\u00edcia Militar obtidas pelo Portal Ra\u00edzes\u00a0 a ocorr\u00eancia foi registrada por volta das 22h45, na Avenida Bar\u00e3o do Rio Branco, no centro da cidade. Durante patrulhamento, os policiais se depararam com uma confus\u00e3o envolvendo v\u00e1rias pessoas e flagraram a v\u00edtima sendo agredida por indiv\u00edduos que atuavam como \u201ccordeiros\u201d de um trio el\u00e9trico. PUBLICIDADE Ainda segundo a PM, o homem j\u00e1 estava ca\u00eddo ao solo quando a guarni\u00e7\u00e3o interveio e conseguiu conter as agress\u00f5es. Tr\u00eas suspeitos foram detidos no local. A v\u00edtima foi socorrida e levada inicialmente para um posto de sa\u00fade, onde recebeu os primeiros atendimentos. Devido \u00e0 gravidade dos ferimentos, ela precisou ser transferida para o Hospital Portugu\u00eas. PUBLICIDADE Os suspeitos foram encaminhados ao posto da Pol\u00edcia Civil, onde foram adotadas as medidas cab\u00edveis. Reda\u00e7\u00e3o","og_url":"https:\/\/portalraizesnoticias.com.br\/?p=13407","og_site_name":"Portal raizes noticias","article_published_time":"2026-05-01T19:09:52+00:00","article_modified_time":"2026-05-01T19:09:53+00:00","og_image":[{"width":1080,"height":1122,"url":"https:\/\/portalraizesnoticias.com.br\/wp-content\/uploads\/2026\/05\/IMG-20260501-WA01681.jpg","type":"image\/jpeg"}],"author":"Portal Raizes","twitter_card":"summary_large_image","twitter_misc":{"Escrito por":"Portal Raizes","Est. tempo de leitura":"2 minutos"},"schema":{"@context":"https:\/\/schema.org","@graph":[{"@type":"Article","@id":"https:\/\/portalraizesnoticias.com.br\/?p=13407#article","isPartOf":{"@id":"https:\/\/portalraizesnoticias.com.br\/?p=13407"},"author":{"name":"Portal Raizes","@id":"https:\/\/portalraizesnoticias.com.br\/#\/schema\/person\/a3ca6b0fc701e78df19756c417d943ae"},"headline":"Cordeiros agridem homem e acabam detidos no circuito do Coit\u00e9 Folia","datePublished":"2026-05-01T19:09:52+00:00","dateModified":"2026-05-01T19:09:53+00:00","mainEntityOfPage":{"@id":"https:\/\/portalraizesnoticias.com.br\/?p=13407"},"wordCount":199,"commentCount":0,"publisher":{"@id":"https:\/\/portalraizesnoticias.com.br\/#organization"},"image":{"@id":"https:\/\/portalraizesnoticias.com.br\/?p=13407#primaryimage"},"thumbnailUrl":"https:\/\/portalraizesnoticias.com.br\/wp-content\/uploads\/2026\/05\/IMG-20260501-WA01681.jpg","articleSection":["DESTAQUES","POLICIA","ULTIMAS NOTICIAS"],"inLanguage":"pt-BR","potentialAction":[{"@type":"CommentAction","name":"Comment","target":["https:\/\/portalraizesnoticias.com.br\/?p=13407#respond"]}]},{"@type":"WebPage","@id":"https:\/\/portalraizesnoticias.com.br\/?p=13407","url":"https:\/\/portalraizesnoticias.com.br\/?p=13407","name":"Cordeiros agridem homem e acabam detidos no circuito do Coit\u00e9 Folia - Portal raizes noticias","isPartOf":{"@id":"https:\/\/portalraizesnoticias.com.br\/#website"},"primaryImageOfPage":{"@id":"https:\/\/portalraizesnoticias.com.br\/?p=13407#primaryimage"},"image":{"@id":"https:\/\/portalraizesnoticias.com.br\/?p=13407#primaryimage"},"thumbnailUrl":"https:\/\/portalraizesnoticias.com.br\/wp-content\/uploads\/2026\/05\/IMG-20260501-WA01681.jpg","datePublished":"2026-05-01T19:09:52+00:00","dateModified":"2026-05-01T19:09:53+00:00","breadcrumb":{"@id":"https:\/\/portalraizesnoticias.com.br\/?p=13407#breadcrumb"},"inLanguage":"pt-BR","potentialAction":[{"@type":"ReadAction","target":["https:\/\/portalraizesnoticias.com.br\/?p=13407"]}]},{"@type":"ImageObject","inLanguage":"pt-BR","@id":"https:\/\/portalraizesnoticias.com.br\/?p=13407#primaryimage","url":"https:\/\/portalraizesnoticias.com.br\/wp-content\/uploads\/2026\/05\/IMG-20260501-WA01681.jpg","contentUrl":"https:\/\/portalraizesnoticias.com.br\/wp-content\/uploads\/2026\/05\/IMG-20260501-WA01681.jpg","width":1080,"height":1122},{"@type":"BreadcrumbList","@id":"https:\/\/portalraizesnoticias.com.br\/?p=13407#breadcrumb","itemListElement":[{"@type":"ListItem","position":1,"name":"In\u00edcio","item":"https:\/\/portalraizesnoticias.com.br\/"},{"@type":"ListItem","position":2,"name":"Cordeiros agridem homem e acabam detidos no circuito do Coit\u00e9 Folia"}]},{"@type":"WebSite","@id":"https:\/\/portalraizesnoticias.com.br\/#website","url":"https:\/\/portalraizesnoticias.com.br\/","name":"Portal raizes NOTICIAS","description":"site de noticias de concei\u00e7\u00e3o do coit\u00e9 e regi\u00e3o","publisher":{"@id":"https:\/\/portalraizesnoticias.com.br\/#organization"},"alternateName":"PORTAL RAIZES COIT\u00c9","potentialAction":[{"@type":"SearchAction","target":{"@type":"EntryPoint","urlTemplate":"https:\/\/portalraizesnoticias.com.br\/?s={search_term_string}"},"query-input":{"@type":"PropertyValueSpecification","valueRequired":true,"valueName":"search_term_string"}}],"inLanguage":"pt-BR"},{"@type":"Organization","@id":"https:\/\/portalraizesnoticias.com.br\/#organization","name":"Portal raizes NOTICIAS","url":"https:\/\/portalraizesnoticias.com.br\/","logo":{"@type":"ImageObject","inLanguage":"pt-BR","@id":"https:\/\/portalraizesnoticias.com.br\/#\/schema\/logo\/image\/","url":"https:\/\/portalraizesnoticias.com.br\/wp-content\/uploads\/2024\/09\/cropped-Captura-de-tela-2024-09-08-011108.png","contentUrl":"https:\/\/portalraizesnoticias.com.br\/wp-content\/uploads\/2024\/09\/cropped-Captura-de-tela-2024-09-08-011108.png","width":606,"height":173,"caption":"Portal raizes NOTICIAS"},"image":{"@id":"https:\/\/portalraizesnoticias.com.br\/#\/schema\/logo\/image\/"}},{"@type":"Person","@id":"https:\/\/portalraizesnoticias.com.br\/#\/schema\/person\/a3ca6b0fc701e78df19756c417d943ae","name":"Portal Raizes","image":{"@type":"ImageObject","inLanguage":"pt-BR","@id":"https:\/\/portalraizesnoticias.com.br\/#\/schema\/person\/image\/","url":"https:\/\/secure.gravatar.com\/avatar\/ef450d29013a3d3fba867a12a249d7b1?s=96&d=mm&r=g","contentUrl":"https:\/\/secure.gravatar.com\/avatar\/ef450d29013a3d3fba867a12a249d7b1?s=96&d=mm&r=g","caption":"Portal Raizes"},"url":"https:\/\/portalraizesnoticias.com.br\/?author=3"}]}},"_links":{"self":[{"href":"https:\/\/portalraizesnoticias.com.br\/index.php?rest_route=\/wp\/v2\/posts\/13407"}],"collection":[{"href":"https:\/\/portalraizesnoticias.com.br\/index.php?rest_route=\/wp\/v2\/posts"}],"about":[{"href":"https:\/\/portalraizesnoticias.com.br\/index.php?rest_route=\/wp\/v2\/types\/post"}],"author":[{"embeddable":true,"href":"https:\/\/portalraizesnoticias.com.br\/index.php?rest_route=\/wp\/v2\/users\/3"}],"replies":[{"embeddable":true,"href":"https:\/\/portalraizesnoticias.com.br\/index.php?rest_route=%2Fwp%2Fv2%2Fcomments&post=13407"}],"version-history":[{"count":4,"href":"https:\/\/portalraizesnoticias.com.br\/index.php?rest_route=\/wp\/v2\/posts\/13407\/revisions"}],"predecessor-version":[{"id":13414,"href":"https:\/\/portalraizesnoticias.com.br\/index.php?rest_route=\/wp\/v2\/posts\/13407\/revisions\/13414"}],"wp:featuredmedia":[{"embeddable":true,"href":"https:\/\/portalraizesnoticias.com.br\/index.php?rest_route=\/wp\/v2\/media\/13410"}],"wp:attachment":[{"href":"https:\/\/portalraizesnoticias.com.br\/index.php?rest_route=%2Fwp%2Fv2%2Fmedia&parent=13407"}],"wp:term":[{"taxonomy":"category","embeddable":true,"href":"https:\/\/portalraizesnoticias.com.br\/index.php?rest_route=%2Fwp%2Fv2%2Fcategories&post=13407"},{"taxonomy":"post_tag","embeddable":true,"href":"https:\/\/portalraizesnoticias.com.br\/index.php?rest_route=%2Fwp%2Fv2%2Ftags&post=13407"}],"curies":[{"name":"wp","href":"https:\/\/api.w.org\/{rel}","templated":true}]}}