{"id":13274,"date":"2026-04-28T13:24:07","date_gmt":"2026-04-28T16:24:07","guid":{"rendered":"https:\/\/portalraizesnoticias.com.br\/?p=13274"},"modified":"2026-04-28T13:30:26","modified_gmt":"2026-04-28T16:30:26","slug":"preso-por-estupro-de-vulneravel-e-suposto-descumprimento-de-medida-protetiva-idoso-e-solto-um-dia-apos-a-prisao-em-conceicao-do-coite","status":"publish","type":"post","link":"https:\/\/portalraizesnoticias.com.br\/?p=13274","title":{"rendered":"Preso por estupro de vulner\u00e1vel e suposto descumprimento de medida protetiva, idoso \u00e9 solto um dia ap\u00f3s a pris\u00e3o em Concei\u00e7\u00e3o do Coit\u00e9"},"content":{"rendered":"<p>Um idoso preso pela Pol\u00edcia Civil na manh\u00e3 de segunda-feira (27), investigado por de estupro de vulner\u00e1vel e poss\u00edvel descumprimento de medida protetiva, foi colocado em liberdade nesta ter\u00e7a-feira (28), ap\u00f3s audi\u00eancia de cust\u00f3dia.<\/p>\n<p><strong>De acordo com informa\u00e7\u00f5es apuradas pela jornalista Rafaela Rodrigues junto \u00e0 assessoria de comunica\u00e7\u00e3o da Vara Criminal, o investigado alegou que n\u00e3o tinha conhecimento da exist\u00eancia da medida protetiva.\u00a0 Ele afirmou ainda que foi at\u00e9 a resid\u00eancia da v\u00edtima apenas para realizar uma cobran\u00e7a, cujo motivo n\u00e3o foi informado. No entanto, em depoimento \u00e0 Pol\u00edcia Civil, a pr\u00f3pria v\u00edtima afirma que ele a teria amea\u00e7ado de morte.<\/strong><\/p>\n<p><strong>Relembre aqui<\/strong>:\u00a0<a href=\"https:\/\/portalraizesnoticias.com.br\/coite-idoso-e-preso-por-estupro-e-ameaca-ele-culpava-a-vitima-pela-prisao-do-filho-que-junto-com-ele-cometeu-abusos-contra-ela\/\">Coit\u00e9: Idoso \u00e9 preso por estupro e amea\u00e7a; ele culpava a v\u00edtima pela pris\u00e3o do filho que, junto com ele, cometeu abusos contra ela<\/a><\/p>\n<p><img decoding=\"async\" class=\"size-medium wp-image-11228 aligncenter\" src=\"https:\/\/portalraizesnoticias.com.br\/wp-content\/uploads\/2026\/02\/IMG_8532-300x150.png\" alt=\"\" width=\"300\" height=\"150\" srcset=\"https:\/\/portalraizesnoticias.com.br\/wp-content\/uploads\/2026\/02\/IMG_8532-300x150.png 300w, https:\/\/portalraizesnoticias.com.br\/wp-content\/uploads\/2026\/02\/IMG_8532-1024x512.png 1024w, https:\/\/portalraizesnoticias.com.br\/wp-content\/uploads\/2026\/02\/IMG_8532-768x384.png 768w, https:\/\/portalraizesnoticias.com.br\/wp-content\/uploads\/2026\/02\/IMG_8532-1536x768.png 1536w, https:\/\/portalraizesnoticias.com.br\/wp-content\/uploads\/2026\/02\/IMG_8532-2048x1024.png 2048w\" sizes=\"(max-width: 300px) 100vw, 300px\" \/><\/p>\n<p>Contra o idoso havia um mandado de pris\u00e3o preventiva em aberto desde 2024, per\u00edodo em que ele era considerado foragido. No entanto, segundo o Judici\u00e1rio, n\u00e3o houve contemporaneidade dos fatos, ou seja, aus\u00eancia de elementos recentes que justificassem a manuten\u00e7\u00e3o da pris\u00e3o preventiva neste momento.<\/p>\n<p>Diante disso, a Justi\u00e7a concedeu liberdade provis\u00f3ria, mediante o cumprimento de medidas cautelares.<\/p>\n<p>A assessoria informou ainda que, apesar da gravidade da acusa\u00e7\u00e3o de estupro de vulner\u00e1vel, envolvendo uma v\u00edtima que, \u00e0 \u00e9poca, era menor de idade, n\u00e3o h\u00e1 registro de outros descumprimentos de medida protetiva ou novos processos em andamento contra o investigado, o que tamb\u00e9m foi considerado na decis\u00e3o.<\/p>\n<p><strong>Entre as medidas impostas pela Justi\u00e7a est\u00e3o:<\/strong><\/p>\n<p><strong>comparecimento mensal em ju\u00edzo;<\/strong><\/p>\n<p><strong>proibi\u00e7\u00e3o de se ausentar da comarca sem autoriza\u00e7\u00e3o judicial.<\/strong><\/p>\n<p>Reda\u00e7\u00e3o<\/p>\n","protected":false},"excerpt":{"rendered":"<p>Um idoso preso pela Pol\u00edcia Civil na manh\u00e3 de segunda-feira (27), investigado por de estupro de vulner\u00e1vel e poss\u00edvel descumprimento de medida protetiva, foi colocado em liberdade nesta ter\u00e7a-feira (28), ap\u00f3s audi\u00eancia de cust\u00f3dia. De acordo com informa\u00e7\u00f5es apuradas pela jornalista Rafaela Rodrigues junto \u00e0 assessoria de comunica\u00e7\u00e3o da Vara Criminal, o investigado alegou que n\u00e3o tinha conhecimento da exist\u00eancia da medida protetiva.\u00a0 Ele afirmou ainda que foi at\u00e9 a resid\u00eancia da v\u00edtima apenas para realizar uma cobran\u00e7a, cujo motivo n\u00e3o foi informado. No entanto, em depoimento \u00e0 Pol\u00edcia Civil, a pr\u00f3pria v\u00edtima afirma que ele a teria amea\u00e7ado de morte. Relembre aqui:\u00a0Coit\u00e9: Idoso \u00e9 preso por estupro e amea\u00e7a; ele culpava a v\u00edtima pela pris\u00e3o do filho que, junto com ele, cometeu abusos contra ela Contra o idoso havia um mandado de pris\u00e3o preventiva em aberto desde 2024, per\u00edodo em que ele era considerado foragido. No entanto, segundo o Judici\u00e1rio, n\u00e3o houve contemporaneidade dos fatos, ou seja, aus\u00eancia de elementos recentes que justificassem a manuten\u00e7\u00e3o da pris\u00e3o preventiva neste momento. Diante disso, a Justi\u00e7a concedeu liberdade provis\u00f3ria, mediante o cumprimento de medidas cautelares. A assessoria informou ainda que, apesar da gravidade da acusa\u00e7\u00e3o de estupro de vulner\u00e1vel, envolvendo uma v\u00edtima que, \u00e0 \u00e9poca, era menor de idade, n\u00e3o h\u00e1 registro de outros descumprimentos de medida protetiva ou novos processos em andamento contra o investigado, o que tamb\u00e9m foi considerado na decis\u00e3o. Entre as medidas impostas pela Justi\u00e7a est\u00e3o: comparecimento mensal em ju\u00edzo; proibi\u00e7\u00e3o de se ausentar da comarca sem autoriza\u00e7\u00e3o judicial. Reda\u00e7\u00e3o<\/p>\n","protected":false},"author":3,"featured_media":13276,"comment_status":"open","ping_status":"open","sticky":false,"template":"","format":"standard","meta":{"_joinchat":[],"footnotes":""},"categories":[55,67,59],"tags":[],"class_list":["post-13274","post","type-post","status-publish","format-standard","has-post-thumbnail","hentry","category-destaques","category-policia","category-ultimas-noticias"],"yoast_head":"<!-- This site is optimized with the Yoast SEO plugin v24.4 - https:\/\/yoast.com\/wordpress\/plugins\/seo\/ -->\n<title>Preso por estupro de vulner\u00e1vel e suposto descumprimento de medida protetiva, idoso \u00e9 solto um dia ap\u00f3s a pris\u00e3o em Concei\u00e7\u00e3o do Coit\u00e9 - Portal raizes noticias<\/title>\n<meta name=\"robots\" content=\"index, follow, max-snippet:-1, max-image-preview:large, max-video-preview:-1\" \/>\n<link rel=\"canonical\" href=\"https:\/\/portalraizesnoticias.com.br\/?p=13274\" \/>\n<meta property=\"og:locale\" content=\"pt_BR\" \/>\n<meta property=\"og:type\" content=\"article\" \/>\n<meta property=\"og:title\" content=\"Preso por estupro de vulner\u00e1vel e suposto descumprimento de medida protetiva, idoso \u00e9 solto um dia ap\u00f3s a pris\u00e3o em Concei\u00e7\u00e3o do Coit\u00e9 - Portal raizes noticias\" \/>\n<meta property=\"og:description\" content=\"Um idoso preso pela Pol\u00edcia Civil na manh\u00e3 de segunda-feira (27), investigado por de estupro de vulner\u00e1vel e poss\u00edvel descumprimento de medida protetiva, foi colocado em liberdade nesta ter\u00e7a-feira (28), ap\u00f3s audi\u00eancia de cust\u00f3dia. De acordo com informa\u00e7\u00f5es apuradas pela jornalista Rafaela Rodrigues junto \u00e0 assessoria de comunica\u00e7\u00e3o da Vara Criminal, o investigado alegou que n\u00e3o tinha conhecimento da exist\u00eancia da medida protetiva.\u00a0 Ele afirmou ainda que foi at\u00e9 a resid\u00eancia da v\u00edtima apenas para realizar uma cobran\u00e7a, cujo motivo n\u00e3o foi informado. No entanto, em depoimento \u00e0 Pol\u00edcia Civil, a pr\u00f3pria v\u00edtima afirma que ele a teria amea\u00e7ado de morte. Relembre aqui:\u00a0Coit\u00e9: Idoso \u00e9 preso por estupro e amea\u00e7a; ele culpava a v\u00edtima pela pris\u00e3o do filho que, junto com ele, cometeu abusos contra ela Contra o idoso havia um mandado de pris\u00e3o preventiva em aberto desde 2024, per\u00edodo em que ele era considerado foragido. No entanto, segundo o Judici\u00e1rio, n\u00e3o houve contemporaneidade dos fatos, ou seja, aus\u00eancia de elementos recentes que justificassem a manuten\u00e7\u00e3o da pris\u00e3o preventiva neste momento. Diante disso, a Justi\u00e7a concedeu liberdade provis\u00f3ria, mediante o cumprimento de medidas cautelares. A assessoria informou ainda que, apesar da gravidade da acusa\u00e7\u00e3o de estupro de vulner\u00e1vel, envolvendo uma v\u00edtima que, \u00e0 \u00e9poca, era menor de idade, n\u00e3o h\u00e1 registro de outros descumprimentos de medida protetiva ou novos processos em andamento contra o investigado, o que tamb\u00e9m foi considerado na decis\u00e3o. Entre as medidas impostas pela Justi\u00e7a est\u00e3o: comparecimento mensal em ju\u00edzo; proibi\u00e7\u00e3o de se ausentar da comarca sem autoriza\u00e7\u00e3o judicial. Reda\u00e7\u00e3o\" \/>\n<meta property=\"og:url\" content=\"https:\/\/portalraizesnoticias.com.br\/?p=13274\" \/>\n<meta property=\"og:site_name\" content=\"Portal raizes noticias\" \/>\n<meta property=\"article:published_time\" content=\"2026-04-28T16:24:07+00:00\" \/>\n<meta property=\"article:modified_time\" content=\"2026-04-28T16:30:26+00:00\" \/>\n<meta property=\"og:image\" content=\"https:\/\/portalraizesnoticias.com.br\/wp-content\/uploads\/2026\/04\/IMG-20260428-WA0199.jpg\" \/>\n\t<meta property=\"og:image:width\" content=\"851\" \/>\n\t<meta property=\"og:image:height\" content=\"737\" \/>\n\t<meta property=\"og:image:type\" content=\"image\/jpeg\" \/>\n<meta name=\"author\" content=\"Portal Raizes\" \/>\n<meta name=\"twitter:card\" content=\"summary_large_image\" \/>\n<meta name=\"twitter:label1\" content=\"Escrito por\" \/>\n\t<meta name=\"twitter:data1\" content=\"Portal Raizes\" \/>\n\t<meta name=\"twitter:label2\" content=\"Est. tempo de leitura\" \/>\n\t<meta name=\"twitter:data2\" content=\"2 minutos\" \/>\n<script type=\"application\/ld+json\" class=\"yoast-schema-graph\">{\"@context\":\"https:\/\/schema.org\",\"@graph\":[{\"@type\":\"Article\",\"@id\":\"https:\/\/portalraizesnoticias.com.br\/?p=13274#article\",\"isPartOf\":{\"@id\":\"https:\/\/portalraizesnoticias.com.br\/?p=13274\"},\"author\":{\"name\":\"Portal Raizes\",\"@id\":\"https:\/\/portalraizesnoticias.com.br\/#\/schema\/person\/a3ca6b0fc701e78df19756c417d943ae\"},\"headline\":\"Preso por estupro de vulner\u00e1vel e suposto descumprimento de medida protetiva, idoso \u00e9 solto um dia ap\u00f3s a pris\u00e3o em Concei\u00e7\u00e3o do Coit\u00e9\",\"datePublished\":\"2026-04-28T16:24:07+00:00\",\"dateModified\":\"2026-04-28T16:30:26+00:00\",\"mainEntityOfPage\":{\"@id\":\"https:\/\/portalraizesnoticias.com.br\/?p=13274\"},\"wordCount\":316,\"commentCount\":0,\"publisher\":{\"@id\":\"https:\/\/portalraizesnoticias.com.br\/#organization\"},\"image\":{\"@id\":\"https:\/\/portalraizesnoticias.com.br\/?p=13274#primaryimage\"},\"thumbnailUrl\":\"https:\/\/portalraizesnoticias.com.br\/wp-content\/uploads\/2026\/04\/IMG-20260428-WA0199.jpg\",\"articleSection\":[\"DESTAQUES\",\"POLICIA\",\"ULTIMAS NOTICIAS\"],\"inLanguage\":\"pt-BR\",\"potentialAction\":[{\"@type\":\"CommentAction\",\"name\":\"Comment\",\"target\":[\"https:\/\/portalraizesnoticias.com.br\/?p=13274#respond\"]}]},{\"@type\":\"WebPage\",\"@id\":\"https:\/\/portalraizesnoticias.com.br\/?p=13274\",\"url\":\"https:\/\/portalraizesnoticias.com.br\/?p=13274\",\"name\":\"Preso por estupro de vulner\u00e1vel e suposto descumprimento de medida protetiva, idoso \u00e9 solto um dia ap\u00f3s a pris\u00e3o em Concei\u00e7\u00e3o do Coit\u00e9 - Portal raizes noticias\",\"isPartOf\":{\"@id\":\"https:\/\/portalraizesnoticias.com.br\/#website\"},\"primaryImageOfPage\":{\"@id\":\"https:\/\/portalraizesnoticias.com.br\/?p=13274#primaryimage\"},\"image\":{\"@id\":\"https:\/\/portalraizesnoticias.com.br\/?p=13274#primaryimage\"},\"thumbnailUrl\":\"https:\/\/portalraizesnoticias.com.br\/wp-content\/uploads\/2026\/04\/IMG-20260428-WA0199.jpg\",\"datePublished\":\"2026-04-28T16:24:07+00:00\",\"dateModified\":\"2026-04-28T16:30:26+00:00\",\"breadcrumb\":{\"@id\":\"https:\/\/portalraizesnoticias.com.br\/?p=13274#breadcrumb\"},\"inLanguage\":\"pt-BR\",\"potentialAction\":[{\"@type\":\"ReadAction\",\"target\":[\"https:\/\/portalraizesnoticias.com.br\/?p=13274\"]}]},{\"@type\":\"ImageObject\",\"inLanguage\":\"pt-BR\",\"@id\":\"https:\/\/portalraizesnoticias.com.br\/?p=13274#primaryimage\",\"url\":\"https:\/\/portalraizesnoticias.com.br\/wp-content\/uploads\/2026\/04\/IMG-20260428-WA0199.jpg\",\"contentUrl\":\"https:\/\/portalraizesnoticias.com.br\/wp-content\/uploads\/2026\/04\/IMG-20260428-WA0199.jpg\",\"width\":851,\"height\":737},{\"@type\":\"BreadcrumbList\",\"@id\":\"https:\/\/portalraizesnoticias.com.br\/?p=13274#breadcrumb\",\"itemListElement\":[{\"@type\":\"ListItem\",\"position\":1,\"name\":\"In\u00edcio\",\"item\":\"https:\/\/portalraizesnoticias.com.br\/\"},{\"@type\":\"ListItem\",\"position\":2,\"name\":\"Preso por estupro de vulner\u00e1vel e suposto descumprimento de medida protetiva, idoso \u00e9 solto um dia ap\u00f3s a pris\u00e3o em Concei\u00e7\u00e3o do Coit\u00e9\"}]},{\"@type\":\"WebSite\",\"@id\":\"https:\/\/portalraizesnoticias.com.br\/#website\",\"url\":\"https:\/\/portalraizesnoticias.com.br\/\",\"name\":\"Portal raizes NOTICIAS\",\"description\":\"site de noticias de concei\u00e7\u00e3o do coit\u00e9 e regi\u00e3o\",\"publisher\":{\"@id\":\"https:\/\/portalraizesnoticias.com.br\/#organization\"},\"alternateName\":\"PORTAL RAIZES COIT\u00c9\",\"potentialAction\":[{\"@type\":\"SearchAction\",\"target\":{\"@type\":\"EntryPoint\",\"urlTemplate\":\"https:\/\/portalraizesnoticias.com.br\/?s={search_term_string}\"},\"query-input\":{\"@type\":\"PropertyValueSpecification\",\"valueRequired\":true,\"valueName\":\"search_term_string\"}}],\"inLanguage\":\"pt-BR\"},{\"@type\":\"Organization\",\"@id\":\"https:\/\/portalraizesnoticias.com.br\/#organization\",\"name\":\"Portal raizes NOTICIAS\",\"url\":\"https:\/\/portalraizesnoticias.com.br\/\",\"logo\":{\"@type\":\"ImageObject\",\"inLanguage\":\"pt-BR\",\"@id\":\"https:\/\/portalraizesnoticias.com.br\/#\/schema\/logo\/image\/\",\"url\":\"https:\/\/portalraizesnoticias.com.br\/wp-content\/uploads\/2024\/09\/cropped-Captura-de-tela-2024-09-08-011108.png\",\"contentUrl\":\"https:\/\/portalraizesnoticias.com.br\/wp-content\/uploads\/2024\/09\/cropped-Captura-de-tela-2024-09-08-011108.png\",\"width\":606,\"height\":173,\"caption\":\"Portal raizes NOTICIAS\"},\"image\":{\"@id\":\"https:\/\/portalraizesnoticias.com.br\/#\/schema\/logo\/image\/\"}},{\"@type\":\"Person\",\"@id\":\"https:\/\/portalraizesnoticias.com.br\/#\/schema\/person\/a3ca6b0fc701e78df19756c417d943ae\",\"name\":\"Portal Raizes\",\"image\":{\"@type\":\"ImageObject\",\"inLanguage\":\"pt-BR\",\"@id\":\"https:\/\/portalraizesnoticias.com.br\/#\/schema\/person\/image\/\",\"url\":\"https:\/\/secure.gravatar.com\/avatar\/ef450d29013a3d3fba867a12a249d7b1?s=96&d=mm&r=g\",\"contentUrl\":\"https:\/\/secure.gravatar.com\/avatar\/ef450d29013a3d3fba867a12a249d7b1?s=96&d=mm&r=g\",\"caption\":\"Portal Raizes\"},\"url\":\"https:\/\/portalraizesnoticias.com.br\/?author=3\"}]}<\/script>\n<!-- \/ Yoast SEO plugin. -->","yoast_head_json":{"title":"Preso por estupro de vulner\u00e1vel e suposto descumprimento de medida protetiva, idoso \u00e9 solto um dia ap\u00f3s a pris\u00e3o em Concei\u00e7\u00e3o do Coit\u00e9 - Portal raizes noticias","robots":{"index":"index","follow":"follow","max-snippet":"max-snippet:-1","max-image-preview":"max-image-preview:large","max-video-preview":"max-video-preview:-1"},"canonical":"https:\/\/portalraizesnoticias.com.br\/?p=13274","og_locale":"pt_BR","og_type":"article","og_title":"Preso por estupro de vulner\u00e1vel e suposto descumprimento de medida protetiva, idoso \u00e9 solto um dia ap\u00f3s a pris\u00e3o em Concei\u00e7\u00e3o do Coit\u00e9 - Portal raizes noticias","og_description":"Um idoso preso pela Pol\u00edcia Civil na manh\u00e3 de segunda-feira (27), investigado por de estupro de vulner\u00e1vel e poss\u00edvel descumprimento de medida protetiva, foi colocado em liberdade nesta ter\u00e7a-feira (28), ap\u00f3s audi\u00eancia de cust\u00f3dia. De acordo com informa\u00e7\u00f5es apuradas pela jornalista Rafaela Rodrigues junto \u00e0 assessoria de comunica\u00e7\u00e3o da Vara Criminal, o investigado alegou que n\u00e3o tinha conhecimento da exist\u00eancia da medida protetiva.\u00a0 Ele afirmou ainda que foi at\u00e9 a resid\u00eancia da v\u00edtima apenas para realizar uma cobran\u00e7a, cujo motivo n\u00e3o foi informado. No entanto, em depoimento \u00e0 Pol\u00edcia Civil, a pr\u00f3pria v\u00edtima afirma que ele a teria amea\u00e7ado de morte. Relembre aqui:\u00a0Coit\u00e9: Idoso \u00e9 preso por estupro e amea\u00e7a; ele culpava a v\u00edtima pela pris\u00e3o do filho que, junto com ele, cometeu abusos contra ela Contra o idoso havia um mandado de pris\u00e3o preventiva em aberto desde 2024, per\u00edodo em que ele era considerado foragido. No entanto, segundo o Judici\u00e1rio, n\u00e3o houve contemporaneidade dos fatos, ou seja, aus\u00eancia de elementos recentes que justificassem a manuten\u00e7\u00e3o da pris\u00e3o preventiva neste momento. Diante disso, a Justi\u00e7a concedeu liberdade provis\u00f3ria, mediante o cumprimento de medidas cautelares. A assessoria informou ainda que, apesar da gravidade da acusa\u00e7\u00e3o de estupro de vulner\u00e1vel, envolvendo uma v\u00edtima que, \u00e0 \u00e9poca, era menor de idade, n\u00e3o h\u00e1 registro de outros descumprimentos de medida protetiva ou novos processos em andamento contra o investigado, o que tamb\u00e9m foi considerado na decis\u00e3o. Entre as medidas impostas pela Justi\u00e7a est\u00e3o: comparecimento mensal em ju\u00edzo; proibi\u00e7\u00e3o de se ausentar da comarca sem autoriza\u00e7\u00e3o judicial. Reda\u00e7\u00e3o","og_url":"https:\/\/portalraizesnoticias.com.br\/?p=13274","og_site_name":"Portal raizes noticias","article_published_time":"2026-04-28T16:24:07+00:00","article_modified_time":"2026-04-28T16:30:26+00:00","og_image":[{"width":851,"height":737,"url":"https:\/\/portalraizesnoticias.com.br\/wp-content\/uploads\/2026\/04\/IMG-20260428-WA0199.jpg","type":"image\/jpeg"}],"author":"Portal Raizes","twitter_card":"summary_large_image","twitter_misc":{"Escrito por":"Portal Raizes","Est. tempo de leitura":"2 minutos"},"schema":{"@context":"https:\/\/schema.org","@graph":[{"@type":"Article","@id":"https:\/\/portalraizesnoticias.com.br\/?p=13274#article","isPartOf":{"@id":"https:\/\/portalraizesnoticias.com.br\/?p=13274"},"author":{"name":"Portal Raizes","@id":"https:\/\/portalraizesnoticias.com.br\/#\/schema\/person\/a3ca6b0fc701e78df19756c417d943ae"},"headline":"Preso por estupro de vulner\u00e1vel e suposto descumprimento de medida protetiva, idoso \u00e9 solto um dia ap\u00f3s a pris\u00e3o em Concei\u00e7\u00e3o do Coit\u00e9","datePublished":"2026-04-28T16:24:07+00:00","dateModified":"2026-04-28T16:30:26+00:00","mainEntityOfPage":{"@id":"https:\/\/portalraizesnoticias.com.br\/?p=13274"},"wordCount":316,"commentCount":0,"publisher":{"@id":"https:\/\/portalraizesnoticias.com.br\/#organization"},"image":{"@id":"https:\/\/portalraizesnoticias.com.br\/?p=13274#primaryimage"},"thumbnailUrl":"https:\/\/portalraizesnoticias.com.br\/wp-content\/uploads\/2026\/04\/IMG-20260428-WA0199.jpg","articleSection":["DESTAQUES","POLICIA","ULTIMAS NOTICIAS"],"inLanguage":"pt-BR","potentialAction":[{"@type":"CommentAction","name":"Comment","target":["https:\/\/portalraizesnoticias.com.br\/?p=13274#respond"]}]},{"@type":"WebPage","@id":"https:\/\/portalraizesnoticias.com.br\/?p=13274","url":"https:\/\/portalraizesnoticias.com.br\/?p=13274","name":"Preso por estupro de vulner\u00e1vel e suposto descumprimento de medida protetiva, idoso \u00e9 solto um dia ap\u00f3s a pris\u00e3o em Concei\u00e7\u00e3o do Coit\u00e9 - Portal raizes noticias","isPartOf":{"@id":"https:\/\/portalraizesnoticias.com.br\/#website"},"primaryImageOfPage":{"@id":"https:\/\/portalraizesnoticias.com.br\/?p=13274#primaryimage"},"image":{"@id":"https:\/\/portalraizesnoticias.com.br\/?p=13274#primaryimage"},"thumbnailUrl":"https:\/\/portalraizesnoticias.com.br\/wp-content\/uploads\/2026\/04\/IMG-20260428-WA0199.jpg","datePublished":"2026-04-28T16:24:07+00:00","dateModified":"2026-04-28T16:30:26+00:00","breadcrumb":{"@id":"https:\/\/portalraizesnoticias.com.br\/?p=13274#breadcrumb"},"inLanguage":"pt-BR","potentialAction":[{"@type":"ReadAction","target":["https:\/\/portalraizesnoticias.com.br\/?p=13274"]}]},{"@type":"ImageObject","inLanguage":"pt-BR","@id":"https:\/\/portalraizesnoticias.com.br\/?p=13274#primaryimage","url":"https:\/\/portalraizesnoticias.com.br\/wp-content\/uploads\/2026\/04\/IMG-20260428-WA0199.jpg","contentUrl":"https:\/\/portalraizesnoticias.com.br\/wp-content\/uploads\/2026\/04\/IMG-20260428-WA0199.jpg","width":851,"height":737},{"@type":"BreadcrumbList","@id":"https:\/\/portalraizesnoticias.com.br\/?p=13274#breadcrumb","itemListElement":[{"@type":"ListItem","position":1,"name":"In\u00edcio","item":"https:\/\/portalraizesnoticias.com.br\/"},{"@type":"ListItem","position":2,"name":"Preso por estupro de vulner\u00e1vel e suposto descumprimento de medida protetiva, idoso \u00e9 solto um dia ap\u00f3s a pris\u00e3o em Concei\u00e7\u00e3o do Coit\u00e9"}]},{"@type":"WebSite","@id":"https:\/\/portalraizesnoticias.com.br\/#website","url":"https:\/\/portalraizesnoticias.com.br\/","name":"Portal raizes NOTICIAS","description":"site de noticias de concei\u00e7\u00e3o do coit\u00e9 e regi\u00e3o","publisher":{"@id":"https:\/\/portalraizesnoticias.com.br\/#organization"},"alternateName":"PORTAL RAIZES COIT\u00c9","potentialAction":[{"@type":"SearchAction","target":{"@type":"EntryPoint","urlTemplate":"https:\/\/portalraizesnoticias.com.br\/?s={search_term_string}"},"query-input":{"@type":"PropertyValueSpecification","valueRequired":true,"valueName":"search_term_string"}}],"inLanguage":"pt-BR"},{"@type":"Organization","@id":"https:\/\/portalraizesnoticias.com.br\/#organization","name":"Portal raizes NOTICIAS","url":"https:\/\/portalraizesnoticias.com.br\/","logo":{"@type":"ImageObject","inLanguage":"pt-BR","@id":"https:\/\/portalraizesnoticias.com.br\/#\/schema\/logo\/image\/","url":"https:\/\/portalraizesnoticias.com.br\/wp-content\/uploads\/2024\/09\/cropped-Captura-de-tela-2024-09-08-011108.png","contentUrl":"https:\/\/portalraizesnoticias.com.br\/wp-content\/uploads\/2024\/09\/cropped-Captura-de-tela-2024-09-08-011108.png","width":606,"height":173,"caption":"Portal raizes NOTICIAS"},"image":{"@id":"https:\/\/portalraizesnoticias.com.br\/#\/schema\/logo\/image\/"}},{"@type":"Person","@id":"https:\/\/portalraizesnoticias.com.br\/#\/schema\/person\/a3ca6b0fc701e78df19756c417d943ae","name":"Portal Raizes","image":{"@type":"ImageObject","inLanguage":"pt-BR","@id":"https:\/\/portalraizesnoticias.com.br\/#\/schema\/person\/image\/","url":"https:\/\/secure.gravatar.com\/avatar\/ef450d29013a3d3fba867a12a249d7b1?s=96&d=mm&r=g","contentUrl":"https:\/\/secure.gravatar.com\/avatar\/ef450d29013a3d3fba867a12a249d7b1?s=96&d=mm&r=g","caption":"Portal Raizes"},"url":"https:\/\/portalraizesnoticias.com.br\/?author=3"}]}},"_links":{"self":[{"href":"https:\/\/portalraizesnoticias.com.br\/index.php?rest_route=\/wp\/v2\/posts\/13274"}],"collection":[{"href":"https:\/\/portalraizesnoticias.com.br\/index.php?rest_route=\/wp\/v2\/posts"}],"about":[{"href":"https:\/\/portalraizesnoticias.com.br\/index.php?rest_route=\/wp\/v2\/types\/post"}],"author":[{"embeddable":true,"href":"https:\/\/portalraizesnoticias.com.br\/index.php?rest_route=\/wp\/v2\/users\/3"}],"replies":[{"embeddable":true,"href":"https:\/\/portalraizesnoticias.com.br\/index.php?rest_route=%2Fwp%2Fv2%2Fcomments&post=13274"}],"version-history":[{"count":5,"href":"https:\/\/portalraizesnoticias.com.br\/index.php?rest_route=\/wp\/v2\/posts\/13274\/revisions"}],"predecessor-version":[{"id":13281,"href":"https:\/\/portalraizesnoticias.com.br\/index.php?rest_route=\/wp\/v2\/posts\/13274\/revisions\/13281"}],"wp:featuredmedia":[{"embeddable":true,"href":"https:\/\/portalraizesnoticias.com.br\/index.php?rest_route=\/wp\/v2\/media\/13276"}],"wp:attachment":[{"href":"https:\/\/portalraizesnoticias.com.br\/index.php?rest_route=%2Fwp%2Fv2%2Fmedia&parent=13274"}],"wp:term":[{"taxonomy":"category","embeddable":true,"href":"https:\/\/portalraizesnoticias.com.br\/index.php?rest_route=%2Fwp%2Fv2%2Fcategories&post=13274"},{"taxonomy":"post_tag","embeddable":true,"href":"https:\/\/portalraizesnoticias.com.br\/index.php?rest_route=%2Fwp%2Fv2%2Ftags&post=13274"}],"curies":[{"name":"wp","href":"https:\/\/api.w.org\/{rel}","templated":true}]}}