{"id":13269,"date":"2026-04-28T12:16:34","date_gmt":"2026-04-28T15:16:34","guid":{"rendered":"https:\/\/portalraizesnoticias.com.br\/?p=13269"},"modified":"2026-04-28T12:16:34","modified_gmt":"2026-04-28T15:16:34","slug":"homem-e-preso-apos-ameacar-o-proprio-sobrinho-de-14-anos-com-espingarda-e-facao-em-conceicao-do-coite","status":"publish","type":"post","link":"https:\/\/portalraizesnoticias.com.br\/?p=13269","title":{"rendered":"Homem \u00e9 preso ap\u00f3s amea\u00e7ar o pr\u00f3prio sobrinho de 14 anos com espingarda e fac\u00e3o em Concei\u00e7\u00e3o do Coit\u00e9"},"content":{"rendered":"<p>Um homem de 37 anos foi preso na noite desta segunda-feira (27), ap\u00f3s amea\u00e7ar o pr\u00f3prio sobrinho, de 14 anos, com uma espingarda artesanal e um fac\u00e3o, na Terra Nova, zona urbana de Concei\u00e7\u00e3o do Coit\u00e9.<\/p>\n<p>De acordo com informa\u00e7\u00f5es da Pol\u00edcia Militar, a guarni\u00e7\u00e3o foi acionada ap\u00f3s den\u00fancia de uma briga familiar. Ao chegar ao local, os policiais confirmaram a situa\u00e7\u00e3o e ouviram relatos de que o suspeito teria discutido com o adolescente e, em seguida, feito amea\u00e7as de morte utilizando as armas.<\/p>\n<p>Diante da gravidade do caso, os policiais apreenderam uma espingarda de fabrica\u00e7\u00e3o artesanal e um fac\u00e3o. As partes envolvidas foram encaminhadas inicialmente ao Hospital Portugu\u00eas, onde receberam atendimento m\u00e9dico, e posteriormente conduzidas \u00e0 Delegacia de Serrinha.<\/p>\n<p>O suspeito foi autuado e permanece \u00e0 disposi\u00e7\u00e3o da Justi\u00e7a. O menor foi acompanhado por uma respons\u00e1vel legal durante todo o procedimento.<\/p>\n<p>Reda\u00e7\u00e3o<\/p>\n<p>Foto: Ilustra\u00e7\u00e3o<\/p>\n","protected":false},"excerpt":{"rendered":"<p>Um homem de 37 anos foi preso na noite desta segunda-feira (27), ap\u00f3s amea\u00e7ar o pr\u00f3prio sobrinho, de 14 anos, com uma espingarda artesanal e um fac\u00e3o, na Terra Nova, zona urbana de Concei\u00e7\u00e3o do Coit\u00e9. De acordo com informa\u00e7\u00f5es da Pol\u00edcia Militar, a guarni\u00e7\u00e3o foi acionada ap\u00f3s den\u00fancia de uma briga familiar. Ao chegar ao local, os policiais confirmaram a situa\u00e7\u00e3o e ouviram relatos de que o suspeito teria discutido com o adolescente e, em seguida, feito amea\u00e7as de morte utilizando as armas. Diante da gravidade do caso, os policiais apreenderam uma espingarda de fabrica\u00e7\u00e3o artesanal e um fac\u00e3o. As partes envolvidas foram encaminhadas inicialmente ao Hospital Portugu\u00eas, onde receberam atendimento m\u00e9dico, e posteriormente conduzidas \u00e0 Delegacia de Serrinha. O suspeito foi autuado e permanece \u00e0 disposi\u00e7\u00e3o da Justi\u00e7a. O menor foi acompanhado por uma respons\u00e1vel legal durante todo o procedimento. Reda\u00e7\u00e3o Foto: Ilustra\u00e7\u00e3o<\/p>\n","protected":false},"author":3,"featured_media":13016,"comment_status":"open","ping_status":"open","sticky":false,"template":"","format":"standard","meta":{"_joinchat":[],"footnotes":""},"categories":[55,67,59],"tags":[],"class_list":["post-13269","post","type-post","status-publish","format-standard","has-post-thumbnail","hentry","category-destaques","category-policia","category-ultimas-noticias"],"yoast_head":"<!-- This site is optimized with the Yoast SEO plugin v24.4 - https:\/\/yoast.com\/wordpress\/plugins\/seo\/ -->\n<title>Homem \u00e9 preso ap\u00f3s amea\u00e7ar o pr\u00f3prio sobrinho de 14 anos com espingarda e fac\u00e3o em Concei\u00e7\u00e3o do Coit\u00e9 - Portal raizes noticias<\/title>\n<meta name=\"robots\" content=\"index, follow, max-snippet:-1, max-image-preview:large, max-video-preview:-1\" \/>\n<link rel=\"canonical\" href=\"https:\/\/portalraizesnoticias.com.br\/?p=13269\" \/>\n<meta property=\"og:locale\" content=\"pt_BR\" \/>\n<meta property=\"og:type\" content=\"article\" \/>\n<meta property=\"og:title\" content=\"Homem \u00e9 preso ap\u00f3s amea\u00e7ar o pr\u00f3prio sobrinho de 14 anos com espingarda e fac\u00e3o em Concei\u00e7\u00e3o do Coit\u00e9 - Portal raizes noticias\" \/>\n<meta property=\"og:description\" content=\"Um homem de 37 anos foi preso na noite desta segunda-feira (27), ap\u00f3s amea\u00e7ar o pr\u00f3prio sobrinho, de 14 anos, com uma espingarda artesanal e um fac\u00e3o, na Terra Nova, zona urbana de Concei\u00e7\u00e3o do Coit\u00e9. De acordo com informa\u00e7\u00f5es da Pol\u00edcia Militar, a guarni\u00e7\u00e3o foi acionada ap\u00f3s den\u00fancia de uma briga familiar. Ao chegar ao local, os policiais confirmaram a situa\u00e7\u00e3o e ouviram relatos de que o suspeito teria discutido com o adolescente e, em seguida, feito amea\u00e7as de morte utilizando as armas. Diante da gravidade do caso, os policiais apreenderam uma espingarda de fabrica\u00e7\u00e3o artesanal e um fac\u00e3o. As partes envolvidas foram encaminhadas inicialmente ao Hospital Portugu\u00eas, onde receberam atendimento m\u00e9dico, e posteriormente conduzidas \u00e0 Delegacia de Serrinha. O suspeito foi autuado e permanece \u00e0 disposi\u00e7\u00e3o da Justi\u00e7a. O menor foi acompanhado por uma respons\u00e1vel legal durante todo o procedimento. Reda\u00e7\u00e3o Foto: Ilustra\u00e7\u00e3o\" \/>\n<meta property=\"og:url\" content=\"https:\/\/portalraizesnoticias.com.br\/?p=13269\" \/>\n<meta property=\"og:site_name\" content=\"Portal raizes noticias\" \/>\n<meta property=\"article:published_time\" content=\"2026-04-28T15:16:34+00:00\" \/>\n<meta property=\"og:image\" content=\"https:\/\/portalraizesnoticias.com.br\/wp-content\/uploads\/2026\/04\/989685_carabina-de-pressao-qgk14-madeira-55mm-cqgk0011_m1_636556004194623172.webp\" \/>\n\t<meta property=\"og:image:width\" content=\"500\" \/>\n\t<meta property=\"og:image:height\" content=\"500\" \/>\n\t<meta property=\"og:image:type\" content=\"image\/webp\" \/>\n<meta name=\"author\" content=\"Portal Raizes\" \/>\n<meta name=\"twitter:card\" content=\"summary_large_image\" \/>\n<meta name=\"twitter:label1\" content=\"Escrito por\" \/>\n\t<meta name=\"twitter:data1\" content=\"Portal Raizes\" \/>\n\t<meta name=\"twitter:label2\" content=\"Est. tempo de leitura\" \/>\n\t<meta name=\"twitter:data2\" content=\"2 minutos\" \/>\n<script type=\"application\/ld+json\" class=\"yoast-schema-graph\">{\"@context\":\"https:\/\/schema.org\",\"@graph\":[{\"@type\":\"Article\",\"@id\":\"https:\/\/portalraizesnoticias.com.br\/?p=13269#article\",\"isPartOf\":{\"@id\":\"https:\/\/portalraizesnoticias.com.br\/?p=13269\"},\"author\":{\"name\":\"Portal Raizes\",\"@id\":\"https:\/\/portalraizesnoticias.com.br\/#\/schema\/person\/a3ca6b0fc701e78df19756c417d943ae\"},\"headline\":\"Homem \u00e9 preso ap\u00f3s amea\u00e7ar o pr\u00f3prio sobrinho de 14 anos com espingarda e fac\u00e3o em Concei\u00e7\u00e3o do Coit\u00e9\",\"datePublished\":\"2026-04-28T15:16:34+00:00\",\"mainEntityOfPage\":{\"@id\":\"https:\/\/portalraizesnoticias.com.br\/?p=13269\"},\"wordCount\":183,\"commentCount\":0,\"publisher\":{\"@id\":\"https:\/\/portalraizesnoticias.com.br\/#organization\"},\"image\":{\"@id\":\"https:\/\/portalraizesnoticias.com.br\/?p=13269#primaryimage\"},\"thumbnailUrl\":\"https:\/\/portalraizesnoticias.com.br\/wp-content\/uploads\/2026\/04\/989685_carabina-de-pressao-qgk14-madeira-55mm-cqgk0011_m1_636556004194623172.webp\",\"articleSection\":[\"DESTAQUES\",\"POLICIA\",\"ULTIMAS NOTICIAS\"],\"inLanguage\":\"pt-BR\",\"potentialAction\":[{\"@type\":\"CommentAction\",\"name\":\"Comment\",\"target\":[\"https:\/\/portalraizesnoticias.com.br\/?p=13269#respond\"]}]},{\"@type\":\"WebPage\",\"@id\":\"https:\/\/portalraizesnoticias.com.br\/?p=13269\",\"url\":\"https:\/\/portalraizesnoticias.com.br\/?p=13269\",\"name\":\"Homem \u00e9 preso ap\u00f3s amea\u00e7ar o pr\u00f3prio sobrinho de 14 anos com espingarda e fac\u00e3o em Concei\u00e7\u00e3o do Coit\u00e9 - Portal raizes noticias\",\"isPartOf\":{\"@id\":\"https:\/\/portalraizesnoticias.com.br\/#website\"},\"primaryImageOfPage\":{\"@id\":\"https:\/\/portalraizesnoticias.com.br\/?p=13269#primaryimage\"},\"image\":{\"@id\":\"https:\/\/portalraizesnoticias.com.br\/?p=13269#primaryimage\"},\"thumbnailUrl\":\"https:\/\/portalraizesnoticias.com.br\/wp-content\/uploads\/2026\/04\/989685_carabina-de-pressao-qgk14-madeira-55mm-cqgk0011_m1_636556004194623172.webp\",\"datePublished\":\"2026-04-28T15:16:34+00:00\",\"breadcrumb\":{\"@id\":\"https:\/\/portalraizesnoticias.com.br\/?p=13269#breadcrumb\"},\"inLanguage\":\"pt-BR\",\"potentialAction\":[{\"@type\":\"ReadAction\",\"target\":[\"https:\/\/portalraizesnoticias.com.br\/?p=13269\"]}]},{\"@type\":\"ImageObject\",\"inLanguage\":\"pt-BR\",\"@id\":\"https:\/\/portalraizesnoticias.com.br\/?p=13269#primaryimage\",\"url\":\"https:\/\/portalraizesnoticias.com.br\/wp-content\/uploads\/2026\/04\/989685_carabina-de-pressao-qgk14-madeira-55mm-cqgk0011_m1_636556004194623172.webp\",\"contentUrl\":\"https:\/\/portalraizesnoticias.com.br\/wp-content\/uploads\/2026\/04\/989685_carabina-de-pressao-qgk14-madeira-55mm-cqgk0011_m1_636556004194623172.webp\",\"width\":500,\"height\":500},{\"@type\":\"BreadcrumbList\",\"@id\":\"https:\/\/portalraizesnoticias.com.br\/?p=13269#breadcrumb\",\"itemListElement\":[{\"@type\":\"ListItem\",\"position\":1,\"name\":\"In\u00edcio\",\"item\":\"https:\/\/portalraizesnoticias.com.br\/\"},{\"@type\":\"ListItem\",\"position\":2,\"name\":\"Homem \u00e9 preso ap\u00f3s amea\u00e7ar o pr\u00f3prio sobrinho de 14 anos com espingarda e fac\u00e3o em Concei\u00e7\u00e3o do Coit\u00e9\"}]},{\"@type\":\"WebSite\",\"@id\":\"https:\/\/portalraizesnoticias.com.br\/#website\",\"url\":\"https:\/\/portalraizesnoticias.com.br\/\",\"name\":\"Portal raizes NOTICIAS\",\"description\":\"site de noticias de concei\u00e7\u00e3o do coit\u00e9 e regi\u00e3o\",\"publisher\":{\"@id\":\"https:\/\/portalraizesnoticias.com.br\/#organization\"},\"alternateName\":\"PORTAL RAIZES COIT\u00c9\",\"potentialAction\":[{\"@type\":\"SearchAction\",\"target\":{\"@type\":\"EntryPoint\",\"urlTemplate\":\"https:\/\/portalraizesnoticias.com.br\/?s={search_term_string}\"},\"query-input\":{\"@type\":\"PropertyValueSpecification\",\"valueRequired\":true,\"valueName\":\"search_term_string\"}}],\"inLanguage\":\"pt-BR\"},{\"@type\":\"Organization\",\"@id\":\"https:\/\/portalraizesnoticias.com.br\/#organization\",\"name\":\"Portal raizes NOTICIAS\",\"url\":\"https:\/\/portalraizesnoticias.com.br\/\",\"logo\":{\"@type\":\"ImageObject\",\"inLanguage\":\"pt-BR\",\"@id\":\"https:\/\/portalraizesnoticias.com.br\/#\/schema\/logo\/image\/\",\"url\":\"https:\/\/portalraizesnoticias.com.br\/wp-content\/uploads\/2024\/09\/cropped-Captura-de-tela-2024-09-08-011108.png\",\"contentUrl\":\"https:\/\/portalraizesnoticias.com.br\/wp-content\/uploads\/2024\/09\/cropped-Captura-de-tela-2024-09-08-011108.png\",\"width\":606,\"height\":173,\"caption\":\"Portal raizes NOTICIAS\"},\"image\":{\"@id\":\"https:\/\/portalraizesnoticias.com.br\/#\/schema\/logo\/image\/\"}},{\"@type\":\"Person\",\"@id\":\"https:\/\/portalraizesnoticias.com.br\/#\/schema\/person\/a3ca6b0fc701e78df19756c417d943ae\",\"name\":\"Portal Raizes\",\"image\":{\"@type\":\"ImageObject\",\"inLanguage\":\"pt-BR\",\"@id\":\"https:\/\/portalraizesnoticias.com.br\/#\/schema\/person\/image\/\",\"url\":\"https:\/\/secure.gravatar.com\/avatar\/ef450d29013a3d3fba867a12a249d7b1?s=96&d=mm&r=g\",\"contentUrl\":\"https:\/\/secure.gravatar.com\/avatar\/ef450d29013a3d3fba867a12a249d7b1?s=96&d=mm&r=g\",\"caption\":\"Portal Raizes\"},\"url\":\"https:\/\/portalraizesnoticias.com.br\/?author=3\"}]}<\/script>\n<!-- \/ Yoast SEO plugin. -->","yoast_head_json":{"title":"Homem \u00e9 preso ap\u00f3s amea\u00e7ar o pr\u00f3prio sobrinho de 14 anos com espingarda e fac\u00e3o em Concei\u00e7\u00e3o do Coit\u00e9 - Portal raizes noticias","robots":{"index":"index","follow":"follow","max-snippet":"max-snippet:-1","max-image-preview":"max-image-preview:large","max-video-preview":"max-video-preview:-1"},"canonical":"https:\/\/portalraizesnoticias.com.br\/?p=13269","og_locale":"pt_BR","og_type":"article","og_title":"Homem \u00e9 preso ap\u00f3s amea\u00e7ar o pr\u00f3prio sobrinho de 14 anos com espingarda e fac\u00e3o em Concei\u00e7\u00e3o do Coit\u00e9 - Portal raizes noticias","og_description":"Um homem de 37 anos foi preso na noite desta segunda-feira (27), ap\u00f3s amea\u00e7ar o pr\u00f3prio sobrinho, de 14 anos, com uma espingarda artesanal e um fac\u00e3o, na Terra Nova, zona urbana de Concei\u00e7\u00e3o do Coit\u00e9. De acordo com informa\u00e7\u00f5es da Pol\u00edcia Militar, a guarni\u00e7\u00e3o foi acionada ap\u00f3s den\u00fancia de uma briga familiar. Ao chegar ao local, os policiais confirmaram a situa\u00e7\u00e3o e ouviram relatos de que o suspeito teria discutido com o adolescente e, em seguida, feito amea\u00e7as de morte utilizando as armas. Diante da gravidade do caso, os policiais apreenderam uma espingarda de fabrica\u00e7\u00e3o artesanal e um fac\u00e3o. As partes envolvidas foram encaminhadas inicialmente ao Hospital Portugu\u00eas, onde receberam atendimento m\u00e9dico, e posteriormente conduzidas \u00e0 Delegacia de Serrinha. O suspeito foi autuado e permanece \u00e0 disposi\u00e7\u00e3o da Justi\u00e7a. O menor foi acompanhado por uma respons\u00e1vel legal durante todo o procedimento. Reda\u00e7\u00e3o Foto: Ilustra\u00e7\u00e3o","og_url":"https:\/\/portalraizesnoticias.com.br\/?p=13269","og_site_name":"Portal raizes noticias","article_published_time":"2026-04-28T15:16:34+00:00","og_image":[{"width":500,"height":500,"url":"https:\/\/portalraizesnoticias.com.br\/wp-content\/uploads\/2026\/04\/989685_carabina-de-pressao-qgk14-madeira-55mm-cqgk0011_m1_636556004194623172.webp","type":"image\/webp"}],"author":"Portal Raizes","twitter_card":"summary_large_image","twitter_misc":{"Escrito por":"Portal Raizes","Est. tempo de leitura":"2 minutos"},"schema":{"@context":"https:\/\/schema.org","@graph":[{"@type":"Article","@id":"https:\/\/portalraizesnoticias.com.br\/?p=13269#article","isPartOf":{"@id":"https:\/\/portalraizesnoticias.com.br\/?p=13269"},"author":{"name":"Portal Raizes","@id":"https:\/\/portalraizesnoticias.com.br\/#\/schema\/person\/a3ca6b0fc701e78df19756c417d943ae"},"headline":"Homem \u00e9 preso ap\u00f3s amea\u00e7ar o pr\u00f3prio sobrinho de 14 anos com espingarda e fac\u00e3o em Concei\u00e7\u00e3o do Coit\u00e9","datePublished":"2026-04-28T15:16:34+00:00","mainEntityOfPage":{"@id":"https:\/\/portalraizesnoticias.com.br\/?p=13269"},"wordCount":183,"commentCount":0,"publisher":{"@id":"https:\/\/portalraizesnoticias.com.br\/#organization"},"image":{"@id":"https:\/\/portalraizesnoticias.com.br\/?p=13269#primaryimage"},"thumbnailUrl":"https:\/\/portalraizesnoticias.com.br\/wp-content\/uploads\/2026\/04\/989685_carabina-de-pressao-qgk14-madeira-55mm-cqgk0011_m1_636556004194623172.webp","articleSection":["DESTAQUES","POLICIA","ULTIMAS NOTICIAS"],"inLanguage":"pt-BR","potentialAction":[{"@type":"CommentAction","name":"Comment","target":["https:\/\/portalraizesnoticias.com.br\/?p=13269#respond"]}]},{"@type":"WebPage","@id":"https:\/\/portalraizesnoticias.com.br\/?p=13269","url":"https:\/\/portalraizesnoticias.com.br\/?p=13269","name":"Homem \u00e9 preso ap\u00f3s amea\u00e7ar o pr\u00f3prio sobrinho de 14 anos com espingarda e fac\u00e3o em Concei\u00e7\u00e3o do Coit\u00e9 - Portal raizes noticias","isPartOf":{"@id":"https:\/\/portalraizesnoticias.com.br\/#website"},"primaryImageOfPage":{"@id":"https:\/\/portalraizesnoticias.com.br\/?p=13269#primaryimage"},"image":{"@id":"https:\/\/portalraizesnoticias.com.br\/?p=13269#primaryimage"},"thumbnailUrl":"https:\/\/portalraizesnoticias.com.br\/wp-content\/uploads\/2026\/04\/989685_carabina-de-pressao-qgk14-madeira-55mm-cqgk0011_m1_636556004194623172.webp","datePublished":"2026-04-28T15:16:34+00:00","breadcrumb":{"@id":"https:\/\/portalraizesnoticias.com.br\/?p=13269#breadcrumb"},"inLanguage":"pt-BR","potentialAction":[{"@type":"ReadAction","target":["https:\/\/portalraizesnoticias.com.br\/?p=13269"]}]},{"@type":"ImageObject","inLanguage":"pt-BR","@id":"https:\/\/portalraizesnoticias.com.br\/?p=13269#primaryimage","url":"https:\/\/portalraizesnoticias.com.br\/wp-content\/uploads\/2026\/04\/989685_carabina-de-pressao-qgk14-madeira-55mm-cqgk0011_m1_636556004194623172.webp","contentUrl":"https:\/\/portalraizesnoticias.com.br\/wp-content\/uploads\/2026\/04\/989685_carabina-de-pressao-qgk14-madeira-55mm-cqgk0011_m1_636556004194623172.webp","width":500,"height":500},{"@type":"BreadcrumbList","@id":"https:\/\/portalraizesnoticias.com.br\/?p=13269#breadcrumb","itemListElement":[{"@type":"ListItem","position":1,"name":"In\u00edcio","item":"https:\/\/portalraizesnoticias.com.br\/"},{"@type":"ListItem","position":2,"name":"Homem \u00e9 preso ap\u00f3s amea\u00e7ar o pr\u00f3prio sobrinho de 14 anos com espingarda e fac\u00e3o em Concei\u00e7\u00e3o do Coit\u00e9"}]},{"@type":"WebSite","@id":"https:\/\/portalraizesnoticias.com.br\/#website","url":"https:\/\/portalraizesnoticias.com.br\/","name":"Portal raizes NOTICIAS","description":"site de noticias de concei\u00e7\u00e3o do coit\u00e9 e regi\u00e3o","publisher":{"@id":"https:\/\/portalraizesnoticias.com.br\/#organization"},"alternateName":"PORTAL RAIZES COIT\u00c9","potentialAction":[{"@type":"SearchAction","target":{"@type":"EntryPoint","urlTemplate":"https:\/\/portalraizesnoticias.com.br\/?s={search_term_string}"},"query-input":{"@type":"PropertyValueSpecification","valueRequired":true,"valueName":"search_term_string"}}],"inLanguage":"pt-BR"},{"@type":"Organization","@id":"https:\/\/portalraizesnoticias.com.br\/#organization","name":"Portal raizes NOTICIAS","url":"https:\/\/portalraizesnoticias.com.br\/","logo":{"@type":"ImageObject","inLanguage":"pt-BR","@id":"https:\/\/portalraizesnoticias.com.br\/#\/schema\/logo\/image\/","url":"https:\/\/portalraizesnoticias.com.br\/wp-content\/uploads\/2024\/09\/cropped-Captura-de-tela-2024-09-08-011108.png","contentUrl":"https:\/\/portalraizesnoticias.com.br\/wp-content\/uploads\/2024\/09\/cropped-Captura-de-tela-2024-09-08-011108.png","width":606,"height":173,"caption":"Portal raizes NOTICIAS"},"image":{"@id":"https:\/\/portalraizesnoticias.com.br\/#\/schema\/logo\/image\/"}},{"@type":"Person","@id":"https:\/\/portalraizesnoticias.com.br\/#\/schema\/person\/a3ca6b0fc701e78df19756c417d943ae","name":"Portal Raizes","image":{"@type":"ImageObject","inLanguage":"pt-BR","@id":"https:\/\/portalraizesnoticias.com.br\/#\/schema\/person\/image\/","url":"https:\/\/secure.gravatar.com\/avatar\/ef450d29013a3d3fba867a12a249d7b1?s=96&d=mm&r=g","contentUrl":"https:\/\/secure.gravatar.com\/avatar\/ef450d29013a3d3fba867a12a249d7b1?s=96&d=mm&r=g","caption":"Portal Raizes"},"url":"https:\/\/portalraizesnoticias.com.br\/?author=3"}]}},"_links":{"self":[{"href":"https:\/\/portalraizesnoticias.com.br\/index.php?rest_route=\/wp\/v2\/posts\/13269"}],"collection":[{"href":"https:\/\/portalraizesnoticias.com.br\/index.php?rest_route=\/wp\/v2\/posts"}],"about":[{"href":"https:\/\/portalraizesnoticias.com.br\/index.php?rest_route=\/wp\/v2\/types\/post"}],"author":[{"embeddable":true,"href":"https:\/\/portalraizesnoticias.com.br\/index.php?rest_route=\/wp\/v2\/users\/3"}],"replies":[{"embeddable":true,"href":"https:\/\/portalraizesnoticias.com.br\/index.php?rest_route=%2Fwp%2Fv2%2Fcomments&post=13269"}],"version-history":[{"count":3,"href":"https:\/\/portalraizesnoticias.com.br\/index.php?rest_route=\/wp\/v2\/posts\/13269\/revisions"}],"predecessor-version":[{"id":13272,"href":"https:\/\/portalraizesnoticias.com.br\/index.php?rest_route=\/wp\/v2\/posts\/13269\/revisions\/13272"}],"wp:featuredmedia":[{"embeddable":true,"href":"https:\/\/portalraizesnoticias.com.br\/index.php?rest_route=\/wp\/v2\/media\/13016"}],"wp:attachment":[{"href":"https:\/\/portalraizesnoticias.com.br\/index.php?rest_route=%2Fwp%2Fv2%2Fmedia&parent=13269"}],"wp:term":[{"taxonomy":"category","embeddable":true,"href":"https:\/\/portalraizesnoticias.com.br\/index.php?rest_route=%2Fwp%2Fv2%2Fcategories&post=13269"},{"taxonomy":"post_tag","embeddable":true,"href":"https:\/\/portalraizesnoticias.com.br\/index.php?rest_route=%2Fwp%2Fv2%2Ftags&post=13269"}],"curies":[{"name":"wp","href":"https:\/\/api.w.org\/{rel}","templated":true}]}}