{"id":13034,"date":"2026-04-20T21:28:26","date_gmt":"2026-04-21T00:28:26","guid":{"rendered":"https:\/\/portalraizesnoticias.com.br\/?p=13034"},"modified":"2026-04-20T21:28:27","modified_gmt":"2026-04-21T00:28:27","slug":"prefeitura-de-conceicao-do-coite-abre-inscricoes-para-doacao-de-lotes-e-garante-novas-oportunidades-de-moradia-para-familias-em-situacao-de-vulnerabilidade","status":"publish","type":"post","link":"https:\/\/portalraizesnoticias.com.br\/?p=13034","title":{"rendered":"Prefeitura de Concei\u00e7\u00e3o do Coit\u00e9 abre inscri\u00e7\u00f5es para doa\u00e7\u00e3o de lotes e garante novas oportunidades de moradia para fam\u00edlias em situa\u00e7\u00e3o de vulnerabilidade"},"content":{"rendered":"<p>A Prefeitura de Concei\u00e7\u00e3o do Coit\u00e9 est\u00e1 com inscri\u00e7\u00f5es abertas para o processo de credenciamento e sele\u00e7\u00e3o de fam\u00edlias interessadas na doa\u00e7\u00e3o de lotes destinados \u00e0 constru\u00e7\u00e3o de moradias. A iniciativa \u00e9 voltada a pessoas em situa\u00e7\u00e3o de vulnerabilidade social, com renda familiar de at\u00e9 um sal\u00e1rio m\u00ednimo, e tem como objetivo ampliar o acesso \u00e0 moradia digna no munic\u00edpio.<\/p>\n<p>Os lotes est\u00e3o localizados nas regi\u00f5es de Almas, S\u00e3o Roque e Riacho da Serra, contemplando \u00e1reas estrat\u00e9gicas para o desenvolvimento habitacional. A a\u00e7\u00e3o refor\u00e7a o compromisso da gest\u00e3o municipal em transformar o sonho da casa pr\u00f3pria em realidade para quem mais precisa.<\/p>\n<p>As inscri\u00e7\u00f5es seguem at\u00e9 o dia 27 de abril e podem ser realizadas de segunda a sexta-feira, nos hor\u00e1rios das 8h30 \u00e0s 11h30 e das 13h30 \u00e0s 16h30, conforme cronograma definido no edital. Os interessados podem se inscrever por meio do site oficial da Prefeitura ou presencialmente na Secretaria Municipal de Assist\u00eancia e Desenvolvimento Social, onde tamb\u00e9m \u00e9 poss\u00edvel receber orienta\u00e7\u00f5es sobre o processo.<\/p>\n<p>Para participar, \u00e9 necess\u00e1rio atender a crit\u00e9rios como possuir renda familiar de at\u00e9 um sal\u00e1rio m\u00ednimo, comprovar resid\u00eancia m\u00ednima de cinco anos em Concei\u00e7\u00e3o do Coit\u00e9 e n\u00e3o possuir im\u00f3vel em nome pr\u00f3prio. O processo exige o preenchimento da ficha de inscri\u00e7\u00e3o e a apresenta\u00e7\u00e3o de documenta\u00e7\u00e3o completa do candidato, do c\u00f4njuge ou companheiro (se houver) e dos demais membros da fam\u00edlia.<\/p>\n<p>Entre os documentos obrigat\u00f3rios est\u00e3o RG, CPF, certid\u00e3o de nascimento ou casamento e a Folha Resumo atualizada do Cadastro \u00danico (Cad\u00danico). Tamb\u00e9m \u00e9 necess\u00e1rio apresentar termo de compromisso assinado, comprovantes de resid\u00eancia que atestem o tempo m\u00ednimo no munic\u00edpio, como contas de \u00e1gua ou energia, contrato de loca\u00e7\u00e3o, hist\u00f3rico escolar de filhos ou registros em servi\u00e7os p\u00fablicos, al\u00e9m de declara\u00e7\u00f5es espec\u00edficas previstas no edital.<\/p>\n<p>O candidato dever\u00e1 ainda apresentar declara\u00e7\u00e3o de que n\u00e3o possui im\u00f3vel, bem como certid\u00f5es negativas emitidas pelo Cart\u00f3rio de Registro de Im\u00f3veis e pelo setor de tributos do munic\u00edpio, sendo esse um dos crit\u00e9rios indispens\u00e1veis para a valida\u00e7\u00e3o da inscri\u00e7\u00e3o. Em casos espec\u00edficos, poder\u00e3o ser exigidas declara\u00e7\u00f5es complementares, como comprova\u00e7\u00e3o de fam\u00edlia monoparental ou conviv\u00eancia com pessoa idosa ou com defici\u00eancia, acompanhada de laudo m\u00e9dico quando necess\u00e1rio.<\/p>\n<p>A Prefeitura refor\u00e7a que n\u00e3o ser\u00e1 permitida a entrega de documentos fora do prazo estipulado, exceto em situa\u00e7\u00f5es em que a comiss\u00e3o respons\u00e1vel solicite complementa\u00e7\u00e3o das informa\u00e7\u00f5es.<\/p>\n<p>Mais do que a entrega de lotes, a iniciativa representa um passo importante na promo\u00e7\u00e3o da dignidade, da inclus\u00e3o social e da melhoria da qualidade de vida da popula\u00e7\u00e3o coiteense, consolidando pol\u00edticas p\u00fablicas que fortalecem o desenvolvimento do munic\u00edpio.<\/p>\n<p>Para acessar a documenta\u00e7\u00e3o completa, crit\u00e9rios e prazos, clique no link abaixo ou consulte o edital em anexo.<\/p>\n<p>(todos os anexos necess\u00e1rios para inscri\u00e7\u00e3o se encontram no documento abaixo).<\/p>\n<p>Link: <a href=\"https:\/\/domunicipio.com\/cidade.php?q=1&amp;id=34\">https:\/\/domunicipio.com\/cidade.php?q=1&amp;id=34<\/a><\/p>\n<p>ASCOM<\/p>\n","protected":false},"excerpt":{"rendered":"<p>A Prefeitura de Concei\u00e7\u00e3o do Coit\u00e9 est\u00e1 com inscri\u00e7\u00f5es abertas para o processo de credenciamento e sele\u00e7\u00e3o de fam\u00edlias interessadas na doa\u00e7\u00e3o de lotes destinados \u00e0 constru\u00e7\u00e3o de moradias. A iniciativa \u00e9 voltada a pessoas em situa\u00e7\u00e3o de vulnerabilidade social, com renda familiar de at\u00e9 um sal\u00e1rio m\u00ednimo, e tem como objetivo ampliar o acesso \u00e0 moradia digna no munic\u00edpio. Os lotes est\u00e3o localizados nas regi\u00f5es de Almas, S\u00e3o Roque e Riacho da Serra, contemplando \u00e1reas estrat\u00e9gicas para o desenvolvimento habitacional. A a\u00e7\u00e3o refor\u00e7a o compromisso da gest\u00e3o municipal em transformar o sonho da casa pr\u00f3pria em realidade para quem mais precisa. As inscri\u00e7\u00f5es seguem at\u00e9 o dia 27 de abril e podem ser realizadas de segunda a sexta-feira, nos hor\u00e1rios das 8h30 \u00e0s 11h30 e das 13h30 \u00e0s 16h30, conforme cronograma definido no edital. Os interessados podem se inscrever por meio do site oficial da Prefeitura ou presencialmente na Secretaria Municipal de Assist\u00eancia e Desenvolvimento Social, onde tamb\u00e9m \u00e9 poss\u00edvel receber orienta\u00e7\u00f5es sobre o processo. Para participar, \u00e9 necess\u00e1rio atender a crit\u00e9rios como possuir renda familiar de at\u00e9 um sal\u00e1rio m\u00ednimo, comprovar resid\u00eancia m\u00ednima de cinco anos em Concei\u00e7\u00e3o do Coit\u00e9 e n\u00e3o possuir im\u00f3vel em nome pr\u00f3prio. O processo exige o preenchimento da ficha de inscri\u00e7\u00e3o e a apresenta\u00e7\u00e3o de documenta\u00e7\u00e3o completa do candidato, do c\u00f4njuge ou companheiro (se houver) e dos demais membros da fam\u00edlia. Entre os documentos obrigat\u00f3rios est\u00e3o RG, CPF, certid\u00e3o de nascimento ou casamento e a Folha Resumo atualizada do Cadastro \u00danico (Cad\u00danico). Tamb\u00e9m \u00e9 necess\u00e1rio apresentar termo de compromisso assinado, comprovantes de resid\u00eancia que atestem o tempo m\u00ednimo no munic\u00edpio, como contas de \u00e1gua ou energia, contrato de loca\u00e7\u00e3o, hist\u00f3rico escolar de filhos ou registros em servi\u00e7os p\u00fablicos, al\u00e9m de declara\u00e7\u00f5es espec\u00edficas previstas no edital. O candidato dever\u00e1 ainda apresentar declara\u00e7\u00e3o de que n\u00e3o possui im\u00f3vel, bem como certid\u00f5es negativas emitidas pelo Cart\u00f3rio de Registro de Im\u00f3veis e pelo setor de tributos do munic\u00edpio, sendo esse um dos crit\u00e9rios indispens\u00e1veis para a valida\u00e7\u00e3o da inscri\u00e7\u00e3o. Em casos espec\u00edficos, poder\u00e3o ser exigidas declara\u00e7\u00f5es complementares, como comprova\u00e7\u00e3o de fam\u00edlia monoparental ou conviv\u00eancia com pessoa idosa ou com defici\u00eancia, acompanhada de laudo m\u00e9dico quando necess\u00e1rio. A Prefeitura refor\u00e7a que n\u00e3o ser\u00e1 permitida a entrega de documentos fora do prazo estipulado, exceto em situa\u00e7\u00f5es em que a comiss\u00e3o respons\u00e1vel solicite complementa\u00e7\u00e3o das informa\u00e7\u00f5es. Mais do que a entrega de lotes, a iniciativa representa um passo importante na promo\u00e7\u00e3o da dignidade, da inclus\u00e3o social e da melhoria da qualidade de vida da popula\u00e7\u00e3o coiteense, consolidando pol\u00edticas p\u00fablicas que fortalecem o desenvolvimento do munic\u00edpio. Para acessar a documenta\u00e7\u00e3o completa, crit\u00e9rios e prazos, clique no link abaixo ou consulte o edital em anexo. (todos os anexos necess\u00e1rios para inscri\u00e7\u00e3o se encontram no documento abaixo). Link: https:\/\/domunicipio.com\/cidade.php?q=1&amp;id=34 ASCOM<\/p>\n","protected":false},"author":3,"featured_media":13035,"comment_status":"open","ping_status":"open","sticky":false,"template":"","format":"standard","meta":{"_joinchat":[],"footnotes":""},"categories":[55,53,59],"tags":[],"class_list":["post-13034","post","type-post","status-publish","format-standard","has-post-thumbnail","hentry","category-destaques","category-politica","category-ultimas-noticias"],"yoast_head":"<!-- This site is optimized with the Yoast SEO plugin v24.4 - https:\/\/yoast.com\/wordpress\/plugins\/seo\/ -->\n<title>Prefeitura de Concei\u00e7\u00e3o do Coit\u00e9 abre inscri\u00e7\u00f5es para doa\u00e7\u00e3o de lotes e garante novas oportunidades de moradia para fam\u00edlias em situa\u00e7\u00e3o de vulnerabilidade - Portal raizes noticias<\/title>\n<meta name=\"robots\" content=\"index, follow, max-snippet:-1, max-image-preview:large, max-video-preview:-1\" \/>\n<link rel=\"canonical\" href=\"https:\/\/portalraizesnoticias.com.br\/?p=13034\" \/>\n<meta property=\"og:locale\" content=\"pt_BR\" \/>\n<meta property=\"og:type\" content=\"article\" \/>\n<meta property=\"og:title\" content=\"Prefeitura de Concei\u00e7\u00e3o do Coit\u00e9 abre inscri\u00e7\u00f5es para doa\u00e7\u00e3o de lotes e garante novas oportunidades de moradia para fam\u00edlias em situa\u00e7\u00e3o de vulnerabilidade - Portal raizes noticias\" \/>\n<meta property=\"og:description\" content=\"A Prefeitura de Concei\u00e7\u00e3o do Coit\u00e9 est\u00e1 com inscri\u00e7\u00f5es abertas para o processo de credenciamento e sele\u00e7\u00e3o de fam\u00edlias interessadas na doa\u00e7\u00e3o de lotes destinados \u00e0 constru\u00e7\u00e3o de moradias. A iniciativa \u00e9 voltada a pessoas em situa\u00e7\u00e3o de vulnerabilidade social, com renda familiar de at\u00e9 um sal\u00e1rio m\u00ednimo, e tem como objetivo ampliar o acesso \u00e0 moradia digna no munic\u00edpio. Os lotes est\u00e3o localizados nas regi\u00f5es de Almas, S\u00e3o Roque e Riacho da Serra, contemplando \u00e1reas estrat\u00e9gicas para o desenvolvimento habitacional. A a\u00e7\u00e3o refor\u00e7a o compromisso da gest\u00e3o municipal em transformar o sonho da casa pr\u00f3pria em realidade para quem mais precisa. As inscri\u00e7\u00f5es seguem at\u00e9 o dia 27 de abril e podem ser realizadas de segunda a sexta-feira, nos hor\u00e1rios das 8h30 \u00e0s 11h30 e das 13h30 \u00e0s 16h30, conforme cronograma definido no edital. Os interessados podem se inscrever por meio do site oficial da Prefeitura ou presencialmente na Secretaria Municipal de Assist\u00eancia e Desenvolvimento Social, onde tamb\u00e9m \u00e9 poss\u00edvel receber orienta\u00e7\u00f5es sobre o processo. Para participar, \u00e9 necess\u00e1rio atender a crit\u00e9rios como possuir renda familiar de at\u00e9 um sal\u00e1rio m\u00ednimo, comprovar resid\u00eancia m\u00ednima de cinco anos em Concei\u00e7\u00e3o do Coit\u00e9 e n\u00e3o possuir im\u00f3vel em nome pr\u00f3prio. O processo exige o preenchimento da ficha de inscri\u00e7\u00e3o e a apresenta\u00e7\u00e3o de documenta\u00e7\u00e3o completa do candidato, do c\u00f4njuge ou companheiro (se houver) e dos demais membros da fam\u00edlia. Entre os documentos obrigat\u00f3rios est\u00e3o RG, CPF, certid\u00e3o de nascimento ou casamento e a Folha Resumo atualizada do Cadastro \u00danico (Cad\u00danico). Tamb\u00e9m \u00e9 necess\u00e1rio apresentar termo de compromisso assinado, comprovantes de resid\u00eancia que atestem o tempo m\u00ednimo no munic\u00edpio, como contas de \u00e1gua ou energia, contrato de loca\u00e7\u00e3o, hist\u00f3rico escolar de filhos ou registros em servi\u00e7os p\u00fablicos, al\u00e9m de declara\u00e7\u00f5es espec\u00edficas previstas no edital. O candidato dever\u00e1 ainda apresentar declara\u00e7\u00e3o de que n\u00e3o possui im\u00f3vel, bem como certid\u00f5es negativas emitidas pelo Cart\u00f3rio de Registro de Im\u00f3veis e pelo setor de tributos do munic\u00edpio, sendo esse um dos crit\u00e9rios indispens\u00e1veis para a valida\u00e7\u00e3o da inscri\u00e7\u00e3o. Em casos espec\u00edficos, poder\u00e3o ser exigidas declara\u00e7\u00f5es complementares, como comprova\u00e7\u00e3o de fam\u00edlia monoparental ou conviv\u00eancia com pessoa idosa ou com defici\u00eancia, acompanhada de laudo m\u00e9dico quando necess\u00e1rio. A Prefeitura refor\u00e7a que n\u00e3o ser\u00e1 permitida a entrega de documentos fora do prazo estipulado, exceto em situa\u00e7\u00f5es em que a comiss\u00e3o respons\u00e1vel solicite complementa\u00e7\u00e3o das informa\u00e7\u00f5es. Mais do que a entrega de lotes, a iniciativa representa um passo importante na promo\u00e7\u00e3o da dignidade, da inclus\u00e3o social e da melhoria da qualidade de vida da popula\u00e7\u00e3o coiteense, consolidando pol\u00edticas p\u00fablicas que fortalecem o desenvolvimento do munic\u00edpio. Para acessar a documenta\u00e7\u00e3o completa, crit\u00e9rios e prazos, clique no link abaixo ou consulte o edital em anexo. (todos os anexos necess\u00e1rios para inscri\u00e7\u00e3o se encontram no documento abaixo). Link: https:\/\/domunicipio.com\/cidade.php?q=1&amp;id=34 ASCOM\" \/>\n<meta property=\"og:url\" content=\"https:\/\/portalraizesnoticias.com.br\/?p=13034\" \/>\n<meta property=\"og:site_name\" content=\"Portal raizes noticias\" \/>\n<meta property=\"article:published_time\" content=\"2026-04-21T00:28:26+00:00\" \/>\n<meta property=\"article:modified_time\" content=\"2026-04-21T00:28:27+00:00\" \/>\n<meta property=\"og:image\" content=\"https:\/\/portalraizesnoticias.com.br\/wp-content\/uploads\/2026\/04\/IMG-20260420-WA0411.jpg\" \/>\n\t<meta property=\"og:image:width\" content=\"1280\" \/>\n\t<meta property=\"og:image:height\" content=\"853\" \/>\n\t<meta property=\"og:image:type\" content=\"image\/jpeg\" \/>\n<meta name=\"author\" content=\"Portal Raizes\" \/>\n<meta name=\"twitter:card\" content=\"summary_large_image\" \/>\n<meta name=\"twitter:label1\" content=\"Escrito por\" \/>\n\t<meta name=\"twitter:data1\" content=\"Portal Raizes\" \/>\n\t<meta name=\"twitter:label2\" content=\"Est. tempo de leitura\" \/>\n\t<meta name=\"twitter:data2\" content=\"3 minutos\" \/>\n<script type=\"application\/ld+json\" class=\"yoast-schema-graph\">{\"@context\":\"https:\/\/schema.org\",\"@graph\":[{\"@type\":\"Article\",\"@id\":\"https:\/\/portalraizesnoticias.com.br\/?p=13034#article\",\"isPartOf\":{\"@id\":\"https:\/\/portalraizesnoticias.com.br\/?p=13034\"},\"author\":{\"name\":\"Portal Raizes\",\"@id\":\"https:\/\/portalraizesnoticias.com.br\/#\/schema\/person\/a3ca6b0fc701e78df19756c417d943ae\"},\"headline\":\"Prefeitura de Concei\u00e7\u00e3o do Coit\u00e9 abre inscri\u00e7\u00f5es para doa\u00e7\u00e3o de lotes e garante novas oportunidades de moradia para fam\u00edlias em situa\u00e7\u00e3o de vulnerabilidade\",\"datePublished\":\"2026-04-21T00:28:26+00:00\",\"dateModified\":\"2026-04-21T00:28:27+00:00\",\"mainEntityOfPage\":{\"@id\":\"https:\/\/portalraizesnoticias.com.br\/?p=13034\"},\"wordCount\":577,\"commentCount\":0,\"publisher\":{\"@id\":\"https:\/\/portalraizesnoticias.com.br\/#organization\"},\"image\":{\"@id\":\"https:\/\/portalraizesnoticias.com.br\/?p=13034#primaryimage\"},\"thumbnailUrl\":\"https:\/\/portalraizesnoticias.com.br\/wp-content\/uploads\/2026\/04\/IMG-20260420-WA0411.jpg\",\"articleSection\":[\"DESTAQUES\",\"POLITICA\",\"ULTIMAS NOTICIAS\"],\"inLanguage\":\"pt-BR\",\"potentialAction\":[{\"@type\":\"CommentAction\",\"name\":\"Comment\",\"target\":[\"https:\/\/portalraizesnoticias.com.br\/?p=13034#respond\"]}]},{\"@type\":\"WebPage\",\"@id\":\"https:\/\/portalraizesnoticias.com.br\/?p=13034\",\"url\":\"https:\/\/portalraizesnoticias.com.br\/?p=13034\",\"name\":\"Prefeitura de Concei\u00e7\u00e3o do Coit\u00e9 abre inscri\u00e7\u00f5es para doa\u00e7\u00e3o de lotes e garante novas oportunidades de moradia para fam\u00edlias em situa\u00e7\u00e3o de vulnerabilidade - Portal raizes noticias\",\"isPartOf\":{\"@id\":\"https:\/\/portalraizesnoticias.com.br\/#website\"},\"primaryImageOfPage\":{\"@id\":\"https:\/\/portalraizesnoticias.com.br\/?p=13034#primaryimage\"},\"image\":{\"@id\":\"https:\/\/portalraizesnoticias.com.br\/?p=13034#primaryimage\"},\"thumbnailUrl\":\"https:\/\/portalraizesnoticias.com.br\/wp-content\/uploads\/2026\/04\/IMG-20260420-WA0411.jpg\",\"datePublished\":\"2026-04-21T00:28:26+00:00\",\"dateModified\":\"2026-04-21T00:28:27+00:00\",\"breadcrumb\":{\"@id\":\"https:\/\/portalraizesnoticias.com.br\/?p=13034#breadcrumb\"},\"inLanguage\":\"pt-BR\",\"potentialAction\":[{\"@type\":\"ReadAction\",\"target\":[\"https:\/\/portalraizesnoticias.com.br\/?p=13034\"]}]},{\"@type\":\"ImageObject\",\"inLanguage\":\"pt-BR\",\"@id\":\"https:\/\/portalraizesnoticias.com.br\/?p=13034#primaryimage\",\"url\":\"https:\/\/portalraizesnoticias.com.br\/wp-content\/uploads\/2026\/04\/IMG-20260420-WA0411.jpg\",\"contentUrl\":\"https:\/\/portalraizesnoticias.com.br\/wp-content\/uploads\/2026\/04\/IMG-20260420-WA0411.jpg\",\"width\":1280,\"height\":853},{\"@type\":\"BreadcrumbList\",\"@id\":\"https:\/\/portalraizesnoticias.com.br\/?p=13034#breadcrumb\",\"itemListElement\":[{\"@type\":\"ListItem\",\"position\":1,\"name\":\"In\u00edcio\",\"item\":\"https:\/\/portalraizesnoticias.com.br\/\"},{\"@type\":\"ListItem\",\"position\":2,\"name\":\"Prefeitura de Concei\u00e7\u00e3o do Coit\u00e9 abre inscri\u00e7\u00f5es para doa\u00e7\u00e3o de lotes e garante novas oportunidades de moradia para fam\u00edlias em situa\u00e7\u00e3o de vulnerabilidade\"}]},{\"@type\":\"WebSite\",\"@id\":\"https:\/\/portalraizesnoticias.com.br\/#website\",\"url\":\"https:\/\/portalraizesnoticias.com.br\/\",\"name\":\"Portal raizes NOTICIAS\",\"description\":\"site de noticias de concei\u00e7\u00e3o do coit\u00e9 e regi\u00e3o\",\"publisher\":{\"@id\":\"https:\/\/portalraizesnoticias.com.br\/#organization\"},\"alternateName\":\"PORTAL RAIZES COIT\u00c9\",\"potentialAction\":[{\"@type\":\"SearchAction\",\"target\":{\"@type\":\"EntryPoint\",\"urlTemplate\":\"https:\/\/portalraizesnoticias.com.br\/?s={search_term_string}\"},\"query-input\":{\"@type\":\"PropertyValueSpecification\",\"valueRequired\":true,\"valueName\":\"search_term_string\"}}],\"inLanguage\":\"pt-BR\"},{\"@type\":\"Organization\",\"@id\":\"https:\/\/portalraizesnoticias.com.br\/#organization\",\"name\":\"Portal raizes NOTICIAS\",\"url\":\"https:\/\/portalraizesnoticias.com.br\/\",\"logo\":{\"@type\":\"ImageObject\",\"inLanguage\":\"pt-BR\",\"@id\":\"https:\/\/portalraizesnoticias.com.br\/#\/schema\/logo\/image\/\",\"url\":\"https:\/\/portalraizesnoticias.com.br\/wp-content\/uploads\/2024\/09\/cropped-Captura-de-tela-2024-09-08-011108.png\",\"contentUrl\":\"https:\/\/portalraizesnoticias.com.br\/wp-content\/uploads\/2024\/09\/cropped-Captura-de-tela-2024-09-08-011108.png\",\"width\":606,\"height\":173,\"caption\":\"Portal raizes NOTICIAS\"},\"image\":{\"@id\":\"https:\/\/portalraizesnoticias.com.br\/#\/schema\/logo\/image\/\"}},{\"@type\":\"Person\",\"@id\":\"https:\/\/portalraizesnoticias.com.br\/#\/schema\/person\/a3ca6b0fc701e78df19756c417d943ae\",\"name\":\"Portal Raizes\",\"image\":{\"@type\":\"ImageObject\",\"inLanguage\":\"pt-BR\",\"@id\":\"https:\/\/portalraizesnoticias.com.br\/#\/schema\/person\/image\/\",\"url\":\"https:\/\/secure.gravatar.com\/avatar\/ef450d29013a3d3fba867a12a249d7b1?s=96&d=mm&r=g\",\"contentUrl\":\"https:\/\/secure.gravatar.com\/avatar\/ef450d29013a3d3fba867a12a249d7b1?s=96&d=mm&r=g\",\"caption\":\"Portal Raizes\"},\"url\":\"https:\/\/portalraizesnoticias.com.br\/?author=3\"}]}<\/script>\n<!-- \/ Yoast SEO plugin. -->","yoast_head_json":{"title":"Prefeitura de Concei\u00e7\u00e3o do Coit\u00e9 abre inscri\u00e7\u00f5es para doa\u00e7\u00e3o de lotes e garante novas oportunidades de moradia para fam\u00edlias em situa\u00e7\u00e3o de vulnerabilidade - Portal raizes noticias","robots":{"index":"index","follow":"follow","max-snippet":"max-snippet:-1","max-image-preview":"max-image-preview:large","max-video-preview":"max-video-preview:-1"},"canonical":"https:\/\/portalraizesnoticias.com.br\/?p=13034","og_locale":"pt_BR","og_type":"article","og_title":"Prefeitura de Concei\u00e7\u00e3o do Coit\u00e9 abre inscri\u00e7\u00f5es para doa\u00e7\u00e3o de lotes e garante novas oportunidades de moradia para fam\u00edlias em situa\u00e7\u00e3o de vulnerabilidade - Portal raizes noticias","og_description":"A Prefeitura de Concei\u00e7\u00e3o do Coit\u00e9 est\u00e1 com inscri\u00e7\u00f5es abertas para o processo de credenciamento e sele\u00e7\u00e3o de fam\u00edlias interessadas na doa\u00e7\u00e3o de lotes destinados \u00e0 constru\u00e7\u00e3o de moradias. A iniciativa \u00e9 voltada a pessoas em situa\u00e7\u00e3o de vulnerabilidade social, com renda familiar de at\u00e9 um sal\u00e1rio m\u00ednimo, e tem como objetivo ampliar o acesso \u00e0 moradia digna no munic\u00edpio. Os lotes est\u00e3o localizados nas regi\u00f5es de Almas, S\u00e3o Roque e Riacho da Serra, contemplando \u00e1reas estrat\u00e9gicas para o desenvolvimento habitacional. A a\u00e7\u00e3o refor\u00e7a o compromisso da gest\u00e3o municipal em transformar o sonho da casa pr\u00f3pria em realidade para quem mais precisa. As inscri\u00e7\u00f5es seguem at\u00e9 o dia 27 de abril e podem ser realizadas de segunda a sexta-feira, nos hor\u00e1rios das 8h30 \u00e0s 11h30 e das 13h30 \u00e0s 16h30, conforme cronograma definido no edital. Os interessados podem se inscrever por meio do site oficial da Prefeitura ou presencialmente na Secretaria Municipal de Assist\u00eancia e Desenvolvimento Social, onde tamb\u00e9m \u00e9 poss\u00edvel receber orienta\u00e7\u00f5es sobre o processo. Para participar, \u00e9 necess\u00e1rio atender a crit\u00e9rios como possuir renda familiar de at\u00e9 um sal\u00e1rio m\u00ednimo, comprovar resid\u00eancia m\u00ednima de cinco anos em Concei\u00e7\u00e3o do Coit\u00e9 e n\u00e3o possuir im\u00f3vel em nome pr\u00f3prio. O processo exige o preenchimento da ficha de inscri\u00e7\u00e3o e a apresenta\u00e7\u00e3o de documenta\u00e7\u00e3o completa do candidato, do c\u00f4njuge ou companheiro (se houver) e dos demais membros da fam\u00edlia. Entre os documentos obrigat\u00f3rios est\u00e3o RG, CPF, certid\u00e3o de nascimento ou casamento e a Folha Resumo atualizada do Cadastro \u00danico (Cad\u00danico). Tamb\u00e9m \u00e9 necess\u00e1rio apresentar termo de compromisso assinado, comprovantes de resid\u00eancia que atestem o tempo m\u00ednimo no munic\u00edpio, como contas de \u00e1gua ou energia, contrato de loca\u00e7\u00e3o, hist\u00f3rico escolar de filhos ou registros em servi\u00e7os p\u00fablicos, al\u00e9m de declara\u00e7\u00f5es espec\u00edficas previstas no edital. O candidato dever\u00e1 ainda apresentar declara\u00e7\u00e3o de que n\u00e3o possui im\u00f3vel, bem como certid\u00f5es negativas emitidas pelo Cart\u00f3rio de Registro de Im\u00f3veis e pelo setor de tributos do munic\u00edpio, sendo esse um dos crit\u00e9rios indispens\u00e1veis para a valida\u00e7\u00e3o da inscri\u00e7\u00e3o. Em casos espec\u00edficos, poder\u00e3o ser exigidas declara\u00e7\u00f5es complementares, como comprova\u00e7\u00e3o de fam\u00edlia monoparental ou conviv\u00eancia com pessoa idosa ou com defici\u00eancia, acompanhada de laudo m\u00e9dico quando necess\u00e1rio. A Prefeitura refor\u00e7a que n\u00e3o ser\u00e1 permitida a entrega de documentos fora do prazo estipulado, exceto em situa\u00e7\u00f5es em que a comiss\u00e3o respons\u00e1vel solicite complementa\u00e7\u00e3o das informa\u00e7\u00f5es. Mais do que a entrega de lotes, a iniciativa representa um passo importante na promo\u00e7\u00e3o da dignidade, da inclus\u00e3o social e da melhoria da qualidade de vida da popula\u00e7\u00e3o coiteense, consolidando pol\u00edticas p\u00fablicas que fortalecem o desenvolvimento do munic\u00edpio. Para acessar a documenta\u00e7\u00e3o completa, crit\u00e9rios e prazos, clique no link abaixo ou consulte o edital em anexo. (todos os anexos necess\u00e1rios para inscri\u00e7\u00e3o se encontram no documento abaixo). Link: https:\/\/domunicipio.com\/cidade.php?q=1&amp;id=34 ASCOM","og_url":"https:\/\/portalraizesnoticias.com.br\/?p=13034","og_site_name":"Portal raizes noticias","article_published_time":"2026-04-21T00:28:26+00:00","article_modified_time":"2026-04-21T00:28:27+00:00","og_image":[{"width":1280,"height":853,"url":"https:\/\/portalraizesnoticias.com.br\/wp-content\/uploads\/2026\/04\/IMG-20260420-WA0411.jpg","type":"image\/jpeg"}],"author":"Portal Raizes","twitter_card":"summary_large_image","twitter_misc":{"Escrito por":"Portal Raizes","Est. tempo de leitura":"3 minutos"},"schema":{"@context":"https:\/\/schema.org","@graph":[{"@type":"Article","@id":"https:\/\/portalraizesnoticias.com.br\/?p=13034#article","isPartOf":{"@id":"https:\/\/portalraizesnoticias.com.br\/?p=13034"},"author":{"name":"Portal Raizes","@id":"https:\/\/portalraizesnoticias.com.br\/#\/schema\/person\/a3ca6b0fc701e78df19756c417d943ae"},"headline":"Prefeitura de Concei\u00e7\u00e3o do Coit\u00e9 abre inscri\u00e7\u00f5es para doa\u00e7\u00e3o de lotes e garante novas oportunidades de moradia para fam\u00edlias em situa\u00e7\u00e3o de vulnerabilidade","datePublished":"2026-04-21T00:28:26+00:00","dateModified":"2026-04-21T00:28:27+00:00","mainEntityOfPage":{"@id":"https:\/\/portalraizesnoticias.com.br\/?p=13034"},"wordCount":577,"commentCount":0,"publisher":{"@id":"https:\/\/portalraizesnoticias.com.br\/#organization"},"image":{"@id":"https:\/\/portalraizesnoticias.com.br\/?p=13034#primaryimage"},"thumbnailUrl":"https:\/\/portalraizesnoticias.com.br\/wp-content\/uploads\/2026\/04\/IMG-20260420-WA0411.jpg","articleSection":["DESTAQUES","POLITICA","ULTIMAS NOTICIAS"],"inLanguage":"pt-BR","potentialAction":[{"@type":"CommentAction","name":"Comment","target":["https:\/\/portalraizesnoticias.com.br\/?p=13034#respond"]}]},{"@type":"WebPage","@id":"https:\/\/portalraizesnoticias.com.br\/?p=13034","url":"https:\/\/portalraizesnoticias.com.br\/?p=13034","name":"Prefeitura de Concei\u00e7\u00e3o do Coit\u00e9 abre inscri\u00e7\u00f5es para doa\u00e7\u00e3o de lotes e garante novas oportunidades de moradia para fam\u00edlias em situa\u00e7\u00e3o de vulnerabilidade - Portal raizes noticias","isPartOf":{"@id":"https:\/\/portalraizesnoticias.com.br\/#website"},"primaryImageOfPage":{"@id":"https:\/\/portalraizesnoticias.com.br\/?p=13034#primaryimage"},"image":{"@id":"https:\/\/portalraizesnoticias.com.br\/?p=13034#primaryimage"},"thumbnailUrl":"https:\/\/portalraizesnoticias.com.br\/wp-content\/uploads\/2026\/04\/IMG-20260420-WA0411.jpg","datePublished":"2026-04-21T00:28:26+00:00","dateModified":"2026-04-21T00:28:27+00:00","breadcrumb":{"@id":"https:\/\/portalraizesnoticias.com.br\/?p=13034#breadcrumb"},"inLanguage":"pt-BR","potentialAction":[{"@type":"ReadAction","target":["https:\/\/portalraizesnoticias.com.br\/?p=13034"]}]},{"@type":"ImageObject","inLanguage":"pt-BR","@id":"https:\/\/portalraizesnoticias.com.br\/?p=13034#primaryimage","url":"https:\/\/portalraizesnoticias.com.br\/wp-content\/uploads\/2026\/04\/IMG-20260420-WA0411.jpg","contentUrl":"https:\/\/portalraizesnoticias.com.br\/wp-content\/uploads\/2026\/04\/IMG-20260420-WA0411.jpg","width":1280,"height":853},{"@type":"BreadcrumbList","@id":"https:\/\/portalraizesnoticias.com.br\/?p=13034#breadcrumb","itemListElement":[{"@type":"ListItem","position":1,"name":"In\u00edcio","item":"https:\/\/portalraizesnoticias.com.br\/"},{"@type":"ListItem","position":2,"name":"Prefeitura de Concei\u00e7\u00e3o do Coit\u00e9 abre inscri\u00e7\u00f5es para doa\u00e7\u00e3o de lotes e garante novas oportunidades de moradia para fam\u00edlias em situa\u00e7\u00e3o de vulnerabilidade"}]},{"@type":"WebSite","@id":"https:\/\/portalraizesnoticias.com.br\/#website","url":"https:\/\/portalraizesnoticias.com.br\/","name":"Portal raizes NOTICIAS","description":"site de noticias de concei\u00e7\u00e3o do coit\u00e9 e regi\u00e3o","publisher":{"@id":"https:\/\/portalraizesnoticias.com.br\/#organization"},"alternateName":"PORTAL RAIZES COIT\u00c9","potentialAction":[{"@type":"SearchAction","target":{"@type":"EntryPoint","urlTemplate":"https:\/\/portalraizesnoticias.com.br\/?s={search_term_string}"},"query-input":{"@type":"PropertyValueSpecification","valueRequired":true,"valueName":"search_term_string"}}],"inLanguage":"pt-BR"},{"@type":"Organization","@id":"https:\/\/portalraizesnoticias.com.br\/#organization","name":"Portal raizes NOTICIAS","url":"https:\/\/portalraizesnoticias.com.br\/","logo":{"@type":"ImageObject","inLanguage":"pt-BR","@id":"https:\/\/portalraizesnoticias.com.br\/#\/schema\/logo\/image\/","url":"https:\/\/portalraizesnoticias.com.br\/wp-content\/uploads\/2024\/09\/cropped-Captura-de-tela-2024-09-08-011108.png","contentUrl":"https:\/\/portalraizesnoticias.com.br\/wp-content\/uploads\/2024\/09\/cropped-Captura-de-tela-2024-09-08-011108.png","width":606,"height":173,"caption":"Portal raizes NOTICIAS"},"image":{"@id":"https:\/\/portalraizesnoticias.com.br\/#\/schema\/logo\/image\/"}},{"@type":"Person","@id":"https:\/\/portalraizesnoticias.com.br\/#\/schema\/person\/a3ca6b0fc701e78df19756c417d943ae","name":"Portal Raizes","image":{"@type":"ImageObject","inLanguage":"pt-BR","@id":"https:\/\/portalraizesnoticias.com.br\/#\/schema\/person\/image\/","url":"https:\/\/secure.gravatar.com\/avatar\/ef450d29013a3d3fba867a12a249d7b1?s=96&d=mm&r=g","contentUrl":"https:\/\/secure.gravatar.com\/avatar\/ef450d29013a3d3fba867a12a249d7b1?s=96&d=mm&r=g","caption":"Portal Raizes"},"url":"https:\/\/portalraizesnoticias.com.br\/?author=3"}]}},"_links":{"self":[{"href":"https:\/\/portalraizesnoticias.com.br\/index.php?rest_route=\/wp\/v2\/posts\/13034"}],"collection":[{"href":"https:\/\/portalraizesnoticias.com.br\/index.php?rest_route=\/wp\/v2\/posts"}],"about":[{"href":"https:\/\/portalraizesnoticias.com.br\/index.php?rest_route=\/wp\/v2\/types\/post"}],"author":[{"embeddable":true,"href":"https:\/\/portalraizesnoticias.com.br\/index.php?rest_route=\/wp\/v2\/users\/3"}],"replies":[{"embeddable":true,"href":"https:\/\/portalraizesnoticias.com.br\/index.php?rest_route=%2Fwp%2Fv2%2Fcomments&post=13034"}],"version-history":[{"count":1,"href":"https:\/\/portalraizesnoticias.com.br\/index.php?rest_route=\/wp\/v2\/posts\/13034\/revisions"}],"predecessor-version":[{"id":13036,"href":"https:\/\/portalraizesnoticias.com.br\/index.php?rest_route=\/wp\/v2\/posts\/13034\/revisions\/13036"}],"wp:featuredmedia":[{"embeddable":true,"href":"https:\/\/portalraizesnoticias.com.br\/index.php?rest_route=\/wp\/v2\/media\/13035"}],"wp:attachment":[{"href":"https:\/\/portalraizesnoticias.com.br\/index.php?rest_route=%2Fwp%2Fv2%2Fmedia&parent=13034"}],"wp:term":[{"taxonomy":"category","embeddable":true,"href":"https:\/\/portalraizesnoticias.com.br\/index.php?rest_route=%2Fwp%2Fv2%2Fcategories&post=13034"},{"taxonomy":"post_tag","embeddable":true,"href":"https:\/\/portalraizesnoticias.com.br\/index.php?rest_route=%2Fwp%2Fv2%2Ftags&post=13034"}],"curies":[{"name":"wp","href":"https:\/\/api.w.org\/{rel}","templated":true}]}}