{"id":12958,"date":"2026-04-17T21:15:17","date_gmt":"2026-04-18T00:15:17","guid":{"rendered":"https:\/\/portalraizesnoticias.com.br\/?p=12958"},"modified":"2026-04-17T21:15:18","modified_gmt":"2026-04-18T00:15:18","slug":"jovem-fica-ferido-ao-bater-moto-na-traseira-de-veiculo-na-saida-conceicao-do-coite-x-retirolandia","status":"publish","type":"post","link":"https:\/\/portalraizesnoticias.com.br\/?p=12958","title":{"rendered":"Jovem fica ferido ao bater moto na traseira de ve\u00edculo na sa\u00edda Concei\u00e7\u00e3o do Coit\u00e9 X Retirol\u00e2ndia"},"content":{"rendered":"<p>Um motociclista ficou ferido ap\u00f3s colidir na traseira de um ve\u00edculo na BA-120, trecho entre Concei\u00e7\u00e3o do Coit\u00e9 e Retirol\u00e2ndia, por volta das 20h40 desta sexta-feira (17).<\/p>\n<div style=\"width: 960px;\" class=\"wp-video\"><!--[if lt IE 9]><script>document.createElement('video');<\/script><![endif]-->\n<video class=\"wp-video-shortcode\" id=\"video-12958-1\" width=\"960\" height=\"540\" preload=\"metadata\" controls=\"controls\"><source type=\"video\/mp4\" src=\"https:\/\/portalraizesnoticias.com.br\/wp-content\/uploads\/2026\/04\/VID-20260417-WA0378.mp4?_=1\" \/><a href=\"https:\/\/portalraizesnoticias.com.br\/wp-content\/uploads\/2026\/04\/VID-20260417-WA0378.mp4\">https:\/\/portalraizesnoticias.com.br\/wp-content\/uploads\/2026\/04\/VID-20260417-WA0378.mp4<\/a><\/video><\/div>\n<p>Segundo informa\u00e7\u00f5es, a v\u00edtima, identificada pelas iniciais P.S., tem 17 anos e \u00e9 natural de Madre de Deus.<\/p>\n<p>De acordo com o coordenador do \u00c1guia Resgate, Gildo Carneiro, o jovem foi encontrado consciente e orientado, apresentando escoria\u00e7\u00f5es pelo corpo e suspeita de fratura em um dos dedos do p\u00e9.<\/p>\n<p>Ele recebeu os primeiros socorros ainda no local e, em seguida, foi encaminhado para a emerg\u00eancia do Hospital Portugu\u00eas.<\/p>\n","protected":false},"excerpt":{"rendered":"<p>Um motociclista ficou ferido ap\u00f3s colidir na traseira de um ve\u00edculo na BA-120, trecho entre Concei\u00e7\u00e3o do Coit\u00e9 e Retirol\u00e2ndia, por volta das 20h40 desta sexta-feira (17). Segundo informa\u00e7\u00f5es, a v\u00edtima, identificada pelas iniciais P.S., tem 17 anos e \u00e9 natural de Madre de Deus. De acordo com o coordenador do \u00c1guia Resgate, Gildo Carneiro, o jovem foi encontrado consciente e orientado, apresentando escoria\u00e7\u00f5es pelo corpo e suspeita de fratura em um dos dedos do p\u00e9. Ele recebeu os primeiros socorros ainda no local e, em seguida, foi encaminhado para a emerg\u00eancia do Hospital Portugu\u00eas.<\/p>\n","protected":false},"author":3,"featured_media":12960,"comment_status":"open","ping_status":"open","sticky":false,"template":"","format":"standard","meta":{"_joinchat":[],"footnotes":""},"categories":[58,59],"tags":[],"class_list":["post-12958","post","type-post","status-publish","format-standard","has-post-thumbnail","hentry","category-acidentes","category-ultimas-noticias"],"yoast_head":"<!-- This site is optimized with the Yoast SEO plugin v24.4 - https:\/\/yoast.com\/wordpress\/plugins\/seo\/ -->\n<title>Jovem fica ferido ao bater moto na traseira de ve\u00edculo na sa\u00edda Concei\u00e7\u00e3o do Coit\u00e9 X Retirol\u00e2ndia - Portal raizes noticias<\/title>\n<meta name=\"robots\" content=\"index, follow, max-snippet:-1, max-image-preview:large, max-video-preview:-1\" \/>\n<link rel=\"canonical\" href=\"https:\/\/portalraizesnoticias.com.br\/?p=12958\" \/>\n<meta property=\"og:locale\" content=\"pt_BR\" \/>\n<meta property=\"og:type\" content=\"article\" \/>\n<meta property=\"og:title\" content=\"Jovem fica ferido ao bater moto na traseira de ve\u00edculo na sa\u00edda Concei\u00e7\u00e3o do Coit\u00e9 X Retirol\u00e2ndia - Portal raizes noticias\" \/>\n<meta property=\"og:description\" content=\"Um motociclista ficou ferido ap\u00f3s colidir na traseira de um ve\u00edculo na BA-120, trecho entre Concei\u00e7\u00e3o do Coit\u00e9 e Retirol\u00e2ndia, por volta das 20h40 desta sexta-feira (17). Segundo informa\u00e7\u00f5es, a v\u00edtima, identificada pelas iniciais P.S., tem 17 anos e \u00e9 natural de Madre de Deus. De acordo com o coordenador do \u00c1guia Resgate, Gildo Carneiro, o jovem foi encontrado consciente e orientado, apresentando escoria\u00e7\u00f5es pelo corpo e suspeita de fratura em um dos dedos do p\u00e9. Ele recebeu os primeiros socorros ainda no local e, em seguida, foi encaminhado para a emerg\u00eancia do Hospital Portugu\u00eas.\" \/>\n<meta property=\"og:url\" content=\"https:\/\/portalraizesnoticias.com.br\/?p=12958\" \/>\n<meta property=\"og:site_name\" content=\"Portal raizes noticias\" \/>\n<meta property=\"article:published_time\" content=\"2026-04-18T00:15:17+00:00\" \/>\n<meta property=\"article:modified_time\" content=\"2026-04-18T00:15:18+00:00\" \/>\n<meta property=\"og:image\" content=\"https:\/\/portalraizesnoticias.com.br\/wp-content\/uploads\/2026\/04\/IMG-20260417-WA0377.jpg\" \/>\n\t<meta property=\"og:image:width\" content=\"1600\" \/>\n\t<meta property=\"og:image:height\" content=\"1200\" \/>\n\t<meta property=\"og:image:type\" content=\"image\/jpeg\" \/>\n<meta name=\"author\" content=\"Portal Raizes\" \/>\n<meta name=\"twitter:card\" content=\"summary_large_image\" \/>\n<meta name=\"twitter:label1\" content=\"Escrito por\" \/>\n\t<meta name=\"twitter:data1\" content=\"Portal Raizes\" \/>\n\t<meta name=\"twitter:label2\" content=\"Est. tempo de leitura\" \/>\n\t<meta name=\"twitter:data2\" content=\"1 minuto\" \/>\n<script type=\"application\/ld+json\" class=\"yoast-schema-graph\">{\"@context\":\"https:\/\/schema.org\",\"@graph\":[{\"@type\":\"Article\",\"@id\":\"https:\/\/portalraizesnoticias.com.br\/?p=12958#article\",\"isPartOf\":{\"@id\":\"https:\/\/portalraizesnoticias.com.br\/?p=12958\"},\"author\":{\"name\":\"Portal Raizes\",\"@id\":\"https:\/\/portalraizesnoticias.com.br\/#\/schema\/person\/a3ca6b0fc701e78df19756c417d943ae\"},\"headline\":\"Jovem fica ferido ao bater moto na traseira de ve\u00edculo na sa\u00edda Concei\u00e7\u00e3o do Coit\u00e9 X Retirol\u00e2ndia\",\"datePublished\":\"2026-04-18T00:15:17+00:00\",\"dateModified\":\"2026-04-18T00:15:18+00:00\",\"mainEntityOfPage\":{\"@id\":\"https:\/\/portalraizesnoticias.com.br\/?p=12958\"},\"wordCount\":137,\"commentCount\":0,\"publisher\":{\"@id\":\"https:\/\/portalraizesnoticias.com.br\/#organization\"},\"image\":{\"@id\":\"https:\/\/portalraizesnoticias.com.br\/?p=12958#primaryimage\"},\"thumbnailUrl\":\"https:\/\/portalraizesnoticias.com.br\/wp-content\/uploads\/2026\/04\/IMG-20260417-WA0377.jpg\",\"articleSection\":[\"ACIDENTES\",\"ULTIMAS NOTICIAS\"],\"inLanguage\":\"pt-BR\",\"potentialAction\":[{\"@type\":\"CommentAction\",\"name\":\"Comment\",\"target\":[\"https:\/\/portalraizesnoticias.com.br\/?p=12958#respond\"]}]},{\"@type\":\"WebPage\",\"@id\":\"https:\/\/portalraizesnoticias.com.br\/?p=12958\",\"url\":\"https:\/\/portalraizesnoticias.com.br\/?p=12958\",\"name\":\"Jovem fica ferido ao bater moto na traseira de ve\u00edculo na sa\u00edda Concei\u00e7\u00e3o do Coit\u00e9 X Retirol\u00e2ndia - Portal raizes noticias\",\"isPartOf\":{\"@id\":\"https:\/\/portalraizesnoticias.com.br\/#website\"},\"primaryImageOfPage\":{\"@id\":\"https:\/\/portalraizesnoticias.com.br\/?p=12958#primaryimage\"},\"image\":{\"@id\":\"https:\/\/portalraizesnoticias.com.br\/?p=12958#primaryimage\"},\"thumbnailUrl\":\"https:\/\/portalraizesnoticias.com.br\/wp-content\/uploads\/2026\/04\/IMG-20260417-WA0377.jpg\",\"datePublished\":\"2026-04-18T00:15:17+00:00\",\"dateModified\":\"2026-04-18T00:15:18+00:00\",\"breadcrumb\":{\"@id\":\"https:\/\/portalraizesnoticias.com.br\/?p=12958#breadcrumb\"},\"inLanguage\":\"pt-BR\",\"potentialAction\":[{\"@type\":\"ReadAction\",\"target\":[\"https:\/\/portalraizesnoticias.com.br\/?p=12958\"]}]},{\"@type\":\"ImageObject\",\"inLanguage\":\"pt-BR\",\"@id\":\"https:\/\/portalraizesnoticias.com.br\/?p=12958#primaryimage\",\"url\":\"https:\/\/portalraizesnoticias.com.br\/wp-content\/uploads\/2026\/04\/IMG-20260417-WA0377.jpg\",\"contentUrl\":\"https:\/\/portalraizesnoticias.com.br\/wp-content\/uploads\/2026\/04\/IMG-20260417-WA0377.jpg\",\"width\":1600,\"height\":1200},{\"@type\":\"BreadcrumbList\",\"@id\":\"https:\/\/portalraizesnoticias.com.br\/?p=12958#breadcrumb\",\"itemListElement\":[{\"@type\":\"ListItem\",\"position\":1,\"name\":\"In\u00edcio\",\"item\":\"https:\/\/portalraizesnoticias.com.br\/\"},{\"@type\":\"ListItem\",\"position\":2,\"name\":\"Jovem fica ferido ao bater moto na traseira de ve\u00edculo na sa\u00edda Concei\u00e7\u00e3o do Coit\u00e9 X Retirol\u00e2ndia\"}]},{\"@type\":\"WebSite\",\"@id\":\"https:\/\/portalraizesnoticias.com.br\/#website\",\"url\":\"https:\/\/portalraizesnoticias.com.br\/\",\"name\":\"Portal raizes NOTICIAS\",\"description\":\"site de noticias de concei\u00e7\u00e3o do coit\u00e9 e regi\u00e3o\",\"publisher\":{\"@id\":\"https:\/\/portalraizesnoticias.com.br\/#organization\"},\"alternateName\":\"PORTAL RAIZES COIT\u00c9\",\"potentialAction\":[{\"@type\":\"SearchAction\",\"target\":{\"@type\":\"EntryPoint\",\"urlTemplate\":\"https:\/\/portalraizesnoticias.com.br\/?s={search_term_string}\"},\"query-input\":{\"@type\":\"PropertyValueSpecification\",\"valueRequired\":true,\"valueName\":\"search_term_string\"}}],\"inLanguage\":\"pt-BR\"},{\"@type\":\"Organization\",\"@id\":\"https:\/\/portalraizesnoticias.com.br\/#organization\",\"name\":\"Portal raizes NOTICIAS\",\"url\":\"https:\/\/portalraizesnoticias.com.br\/\",\"logo\":{\"@type\":\"ImageObject\",\"inLanguage\":\"pt-BR\",\"@id\":\"https:\/\/portalraizesnoticias.com.br\/#\/schema\/logo\/image\/\",\"url\":\"https:\/\/portalraizesnoticias.com.br\/wp-content\/uploads\/2024\/09\/cropped-Captura-de-tela-2024-09-08-011108.png\",\"contentUrl\":\"https:\/\/portalraizesnoticias.com.br\/wp-content\/uploads\/2024\/09\/cropped-Captura-de-tela-2024-09-08-011108.png\",\"width\":606,\"height\":173,\"caption\":\"Portal raizes NOTICIAS\"},\"image\":{\"@id\":\"https:\/\/portalraizesnoticias.com.br\/#\/schema\/logo\/image\/\"}},{\"@type\":\"Person\",\"@id\":\"https:\/\/portalraizesnoticias.com.br\/#\/schema\/person\/a3ca6b0fc701e78df19756c417d943ae\",\"name\":\"Portal Raizes\",\"image\":{\"@type\":\"ImageObject\",\"inLanguage\":\"pt-BR\",\"@id\":\"https:\/\/portalraizesnoticias.com.br\/#\/schema\/person\/image\/\",\"url\":\"https:\/\/secure.gravatar.com\/avatar\/ef450d29013a3d3fba867a12a249d7b1?s=96&d=mm&r=g\",\"contentUrl\":\"https:\/\/secure.gravatar.com\/avatar\/ef450d29013a3d3fba867a12a249d7b1?s=96&d=mm&r=g\",\"caption\":\"Portal Raizes\"},\"url\":\"https:\/\/portalraizesnoticias.com.br\/?author=3\"}]}<\/script>\n<!-- \/ Yoast SEO plugin. -->","yoast_head_json":{"title":"Jovem fica ferido ao bater moto na traseira de ve\u00edculo na sa\u00edda Concei\u00e7\u00e3o do Coit\u00e9 X Retirol\u00e2ndia - Portal raizes noticias","robots":{"index":"index","follow":"follow","max-snippet":"max-snippet:-1","max-image-preview":"max-image-preview:large","max-video-preview":"max-video-preview:-1"},"canonical":"https:\/\/portalraizesnoticias.com.br\/?p=12958","og_locale":"pt_BR","og_type":"article","og_title":"Jovem fica ferido ao bater moto na traseira de ve\u00edculo na sa\u00edda Concei\u00e7\u00e3o do Coit\u00e9 X Retirol\u00e2ndia - Portal raizes noticias","og_description":"Um motociclista ficou ferido ap\u00f3s colidir na traseira de um ve\u00edculo na BA-120, trecho entre Concei\u00e7\u00e3o do Coit\u00e9 e Retirol\u00e2ndia, por volta das 20h40 desta sexta-feira (17). Segundo informa\u00e7\u00f5es, a v\u00edtima, identificada pelas iniciais P.S., tem 17 anos e \u00e9 natural de Madre de Deus. De acordo com o coordenador do \u00c1guia Resgate, Gildo Carneiro, o jovem foi encontrado consciente e orientado, apresentando escoria\u00e7\u00f5es pelo corpo e suspeita de fratura em um dos dedos do p\u00e9. Ele recebeu os primeiros socorros ainda no local e, em seguida, foi encaminhado para a emerg\u00eancia do Hospital Portugu\u00eas.","og_url":"https:\/\/portalraizesnoticias.com.br\/?p=12958","og_site_name":"Portal raizes noticias","article_published_time":"2026-04-18T00:15:17+00:00","article_modified_time":"2026-04-18T00:15:18+00:00","og_image":[{"width":1600,"height":1200,"url":"https:\/\/portalraizesnoticias.com.br\/wp-content\/uploads\/2026\/04\/IMG-20260417-WA0377.jpg","type":"image\/jpeg"}],"author":"Portal Raizes","twitter_card":"summary_large_image","twitter_misc":{"Escrito por":"Portal Raizes","Est. tempo de leitura":"1 minuto"},"schema":{"@context":"https:\/\/schema.org","@graph":[{"@type":"Article","@id":"https:\/\/portalraizesnoticias.com.br\/?p=12958#article","isPartOf":{"@id":"https:\/\/portalraizesnoticias.com.br\/?p=12958"},"author":{"name":"Portal Raizes","@id":"https:\/\/portalraizesnoticias.com.br\/#\/schema\/person\/a3ca6b0fc701e78df19756c417d943ae"},"headline":"Jovem fica ferido ao bater moto na traseira de ve\u00edculo na sa\u00edda Concei\u00e7\u00e3o do Coit\u00e9 X Retirol\u00e2ndia","datePublished":"2026-04-18T00:15:17+00:00","dateModified":"2026-04-18T00:15:18+00:00","mainEntityOfPage":{"@id":"https:\/\/portalraizesnoticias.com.br\/?p=12958"},"wordCount":137,"commentCount":0,"publisher":{"@id":"https:\/\/portalraizesnoticias.com.br\/#organization"},"image":{"@id":"https:\/\/portalraizesnoticias.com.br\/?p=12958#primaryimage"},"thumbnailUrl":"https:\/\/portalraizesnoticias.com.br\/wp-content\/uploads\/2026\/04\/IMG-20260417-WA0377.jpg","articleSection":["ACIDENTES","ULTIMAS NOTICIAS"],"inLanguage":"pt-BR","potentialAction":[{"@type":"CommentAction","name":"Comment","target":["https:\/\/portalraizesnoticias.com.br\/?p=12958#respond"]}]},{"@type":"WebPage","@id":"https:\/\/portalraizesnoticias.com.br\/?p=12958","url":"https:\/\/portalraizesnoticias.com.br\/?p=12958","name":"Jovem fica ferido ao bater moto na traseira de ve\u00edculo na sa\u00edda Concei\u00e7\u00e3o do Coit\u00e9 X Retirol\u00e2ndia - Portal raizes noticias","isPartOf":{"@id":"https:\/\/portalraizesnoticias.com.br\/#website"},"primaryImageOfPage":{"@id":"https:\/\/portalraizesnoticias.com.br\/?p=12958#primaryimage"},"image":{"@id":"https:\/\/portalraizesnoticias.com.br\/?p=12958#primaryimage"},"thumbnailUrl":"https:\/\/portalraizesnoticias.com.br\/wp-content\/uploads\/2026\/04\/IMG-20260417-WA0377.jpg","datePublished":"2026-04-18T00:15:17+00:00","dateModified":"2026-04-18T00:15:18+00:00","breadcrumb":{"@id":"https:\/\/portalraizesnoticias.com.br\/?p=12958#breadcrumb"},"inLanguage":"pt-BR","potentialAction":[{"@type":"ReadAction","target":["https:\/\/portalraizesnoticias.com.br\/?p=12958"]}]},{"@type":"ImageObject","inLanguage":"pt-BR","@id":"https:\/\/portalraizesnoticias.com.br\/?p=12958#primaryimage","url":"https:\/\/portalraizesnoticias.com.br\/wp-content\/uploads\/2026\/04\/IMG-20260417-WA0377.jpg","contentUrl":"https:\/\/portalraizesnoticias.com.br\/wp-content\/uploads\/2026\/04\/IMG-20260417-WA0377.jpg","width":1600,"height":1200},{"@type":"BreadcrumbList","@id":"https:\/\/portalraizesnoticias.com.br\/?p=12958#breadcrumb","itemListElement":[{"@type":"ListItem","position":1,"name":"In\u00edcio","item":"https:\/\/portalraizesnoticias.com.br\/"},{"@type":"ListItem","position":2,"name":"Jovem fica ferido ao bater moto na traseira de ve\u00edculo na sa\u00edda Concei\u00e7\u00e3o do Coit\u00e9 X Retirol\u00e2ndia"}]},{"@type":"WebSite","@id":"https:\/\/portalraizesnoticias.com.br\/#website","url":"https:\/\/portalraizesnoticias.com.br\/","name":"Portal raizes NOTICIAS","description":"site de noticias de concei\u00e7\u00e3o do coit\u00e9 e regi\u00e3o","publisher":{"@id":"https:\/\/portalraizesnoticias.com.br\/#organization"},"alternateName":"PORTAL RAIZES COIT\u00c9","potentialAction":[{"@type":"SearchAction","target":{"@type":"EntryPoint","urlTemplate":"https:\/\/portalraizesnoticias.com.br\/?s={search_term_string}"},"query-input":{"@type":"PropertyValueSpecification","valueRequired":true,"valueName":"search_term_string"}}],"inLanguage":"pt-BR"},{"@type":"Organization","@id":"https:\/\/portalraizesnoticias.com.br\/#organization","name":"Portal raizes NOTICIAS","url":"https:\/\/portalraizesnoticias.com.br\/","logo":{"@type":"ImageObject","inLanguage":"pt-BR","@id":"https:\/\/portalraizesnoticias.com.br\/#\/schema\/logo\/image\/","url":"https:\/\/portalraizesnoticias.com.br\/wp-content\/uploads\/2024\/09\/cropped-Captura-de-tela-2024-09-08-011108.png","contentUrl":"https:\/\/portalraizesnoticias.com.br\/wp-content\/uploads\/2024\/09\/cropped-Captura-de-tela-2024-09-08-011108.png","width":606,"height":173,"caption":"Portal raizes NOTICIAS"},"image":{"@id":"https:\/\/portalraizesnoticias.com.br\/#\/schema\/logo\/image\/"}},{"@type":"Person","@id":"https:\/\/portalraizesnoticias.com.br\/#\/schema\/person\/a3ca6b0fc701e78df19756c417d943ae","name":"Portal Raizes","image":{"@type":"ImageObject","inLanguage":"pt-BR","@id":"https:\/\/portalraizesnoticias.com.br\/#\/schema\/person\/image\/","url":"https:\/\/secure.gravatar.com\/avatar\/ef450d29013a3d3fba867a12a249d7b1?s=96&d=mm&r=g","contentUrl":"https:\/\/secure.gravatar.com\/avatar\/ef450d29013a3d3fba867a12a249d7b1?s=96&d=mm&r=g","caption":"Portal Raizes"},"url":"https:\/\/portalraizesnoticias.com.br\/?author=3"}]}},"_links":{"self":[{"href":"https:\/\/portalraizesnoticias.com.br\/index.php?rest_route=\/wp\/v2\/posts\/12958"}],"collection":[{"href":"https:\/\/portalraizesnoticias.com.br\/index.php?rest_route=\/wp\/v2\/posts"}],"about":[{"href":"https:\/\/portalraizesnoticias.com.br\/index.php?rest_route=\/wp\/v2\/types\/post"}],"author":[{"embeddable":true,"href":"https:\/\/portalraizesnoticias.com.br\/index.php?rest_route=\/wp\/v2\/users\/3"}],"replies":[{"embeddable":true,"href":"https:\/\/portalraizesnoticias.com.br\/index.php?rest_route=%2Fwp%2Fv2%2Fcomments&post=12958"}],"version-history":[{"count":2,"href":"https:\/\/portalraizesnoticias.com.br\/index.php?rest_route=\/wp\/v2\/posts\/12958\/revisions"}],"predecessor-version":[{"id":12962,"href":"https:\/\/portalraizesnoticias.com.br\/index.php?rest_route=\/wp\/v2\/posts\/12958\/revisions\/12962"}],"wp:featuredmedia":[{"embeddable":true,"href":"https:\/\/portalraizesnoticias.com.br\/index.php?rest_route=\/wp\/v2\/media\/12960"}],"wp:attachment":[{"href":"https:\/\/portalraizesnoticias.com.br\/index.php?rest_route=%2Fwp%2Fv2%2Fmedia&parent=12958"}],"wp:term":[{"taxonomy":"category","embeddable":true,"href":"https:\/\/portalraizesnoticias.com.br\/index.php?rest_route=%2Fwp%2Fv2%2Fcategories&post=12958"},{"taxonomy":"post_tag","embeddable":true,"href":"https:\/\/portalraizesnoticias.com.br\/index.php?rest_route=%2Fwp%2Fv2%2Ftags&post=12958"}],"curies":[{"name":"wp","href":"https:\/\/api.w.org\/{rel}","templated":true}]}}