{"id":12918,"date":"2026-04-17T12:29:17","date_gmt":"2026-04-17T15:29:17","guid":{"rendered":"https:\/\/portalraizesnoticias.com.br\/?p=12918"},"modified":"2026-04-17T12:29:18","modified_gmt":"2026-04-17T15:29:18","slug":"jovem-e-flagrado-com-cocaina-escondida-em-capa-de-celular-no-centro-de-valente","status":"publish","type":"post","link":"https:\/\/portalraizesnoticias.com.br\/?p=12918","title":{"rendered":"Jovem \u00e9 flagrado com coca\u00edna escondida em capa de celular no centro de Valente"},"content":{"rendered":"<p>Um jovem de 20 anos foi conduzido \u00e0 delegacia na noite de quinta-feira (16), ap\u00f3s ser flagrado com drogas no munic\u00edpio de Valente, na regi\u00e3o sisaleira.<\/p>\n<p>De acordo com a Pol\u00edcia Militar, a a\u00e7\u00e3o ocorreu por volta das 18h, durante patrulhamento t\u00e1tico realizado por uma guarni\u00e7\u00e3o da CETO. Os policiais avistaram dois indiv\u00edduos em atitude suspeita na Rua Jos\u00e9 de Alencar, no centro da cidade. Ao perceberem a aproxima\u00e7\u00e3o da viatura, os suspeitos tentaram fugir, mas foram alcan\u00e7ados e abordados.<\/p>\n<p>Durante a revista pessoal, os agentes encontraram, dentro da capa do celular de um dos indiv\u00edduos, tr\u00eas por\u00e7\u00f5es de uma subst\u00e2ncia esbranqui\u00e7ada, com caracter\u00edsticas semelhantes \u00e0 coca\u00edna.<br \/>\nO suspeito, T. S, foi conduzido e apresentado no plant\u00e3o regional da Pol\u00edcia Civil, em Serrinha, junto com o material apreendido,\u00a0 tr\u00eas trouxinhas de coca\u00edna e um smartphone. O caso foi registrado e segue sob responsabilidade da autoridade policial competente.<\/p>\n","protected":false},"excerpt":{"rendered":"<p>Um jovem de 20 anos foi conduzido \u00e0 delegacia na noite de quinta-feira (16), ap\u00f3s ser flagrado com drogas no munic\u00edpio de Valente, na regi\u00e3o sisaleira. De acordo com a Pol\u00edcia Militar, a a\u00e7\u00e3o ocorreu por volta das 18h, durante patrulhamento t\u00e1tico realizado por uma guarni\u00e7\u00e3o da CETO. Os policiais avistaram dois indiv\u00edduos em atitude suspeita na Rua Jos\u00e9 de Alencar, no centro da cidade. Ao perceberem a aproxima\u00e7\u00e3o da viatura, os suspeitos tentaram fugir, mas foram alcan\u00e7ados e abordados. Durante a revista pessoal, os agentes encontraram, dentro da capa do celular de um dos indiv\u00edduos, tr\u00eas por\u00e7\u00f5es de uma subst\u00e2ncia esbranqui\u00e7ada, com caracter\u00edsticas semelhantes \u00e0 coca\u00edna. O suspeito, T. S, foi conduzido e apresentado no plant\u00e3o regional da Pol\u00edcia Civil, em Serrinha, junto com o material apreendido,\u00a0 tr\u00eas trouxinhas de coca\u00edna e um smartphone. O caso foi registrado e segue sob responsabilidade da autoridade policial competente.<\/p>\n","protected":false},"author":3,"featured_media":2063,"comment_status":"open","ping_status":"open","sticky":false,"template":"","format":"standard","meta":{"_joinchat":[],"footnotes":""},"categories":[55,67,59],"tags":[],"class_list":["post-12918","post","type-post","status-publish","format-standard","has-post-thumbnail","hentry","category-destaques","category-policia","category-ultimas-noticias"],"yoast_head":"<!-- This site is optimized with the Yoast SEO plugin v24.4 - https:\/\/yoast.com\/wordpress\/plugins\/seo\/ -->\n<title>Jovem \u00e9 flagrado com coca\u00edna escondida em capa de celular no centro de Valente - Portal raizes noticias<\/title>\n<meta name=\"robots\" content=\"index, follow, max-snippet:-1, max-image-preview:large, max-video-preview:-1\" \/>\n<link rel=\"canonical\" href=\"https:\/\/portalraizesnoticias.com.br\/?p=12918\" \/>\n<meta property=\"og:locale\" content=\"pt_BR\" \/>\n<meta property=\"og:type\" content=\"article\" \/>\n<meta property=\"og:title\" content=\"Jovem \u00e9 flagrado com coca\u00edna escondida em capa de celular no centro de Valente - Portal raizes noticias\" \/>\n<meta property=\"og:description\" content=\"Um jovem de 20 anos foi conduzido \u00e0 delegacia na noite de quinta-feira (16), ap\u00f3s ser flagrado com drogas no munic\u00edpio de Valente, na regi\u00e3o sisaleira. De acordo com a Pol\u00edcia Militar, a a\u00e7\u00e3o ocorreu por volta das 18h, durante patrulhamento t\u00e1tico realizado por uma guarni\u00e7\u00e3o da CETO. Os policiais avistaram dois indiv\u00edduos em atitude suspeita na Rua Jos\u00e9 de Alencar, no centro da cidade. Ao perceberem a aproxima\u00e7\u00e3o da viatura, os suspeitos tentaram fugir, mas foram alcan\u00e7ados e abordados. Durante a revista pessoal, os agentes encontraram, dentro da capa do celular de um dos indiv\u00edduos, tr\u00eas por\u00e7\u00f5es de uma subst\u00e2ncia esbranqui\u00e7ada, com caracter\u00edsticas semelhantes \u00e0 coca\u00edna. O suspeito, T. S, foi conduzido e apresentado no plant\u00e3o regional da Pol\u00edcia Civil, em Serrinha, junto com o material apreendido,\u00a0 tr\u00eas trouxinhas de coca\u00edna e um smartphone. O caso foi registrado e segue sob responsabilidade da autoridade policial competente.\" \/>\n<meta property=\"og:url\" content=\"https:\/\/portalraizesnoticias.com.br\/?p=12918\" \/>\n<meta property=\"og:site_name\" content=\"Portal raizes noticias\" \/>\n<meta property=\"article:published_time\" content=\"2026-04-17T15:29:17+00:00\" \/>\n<meta property=\"article:modified_time\" content=\"2026-04-17T15:29:18+00:00\" \/>\n<meta property=\"og:image\" content=\"https:\/\/portalraizesnoticias.com.br\/wp-content\/uploads\/2024\/11\/pm-policia-militar-53151373421_6fb63d5c5d_o-qwpo2blvhkl4x8z1yykn8fe73p89nh9w7jtstkb6uo.jpg\" \/>\n\t<meta property=\"og:image:width\" content=\"800\" \/>\n\t<meta property=\"og:image:height\" content=\"600\" \/>\n\t<meta property=\"og:image:type\" content=\"image\/jpeg\" \/>\n<meta name=\"author\" content=\"Portal Raizes\" \/>\n<meta name=\"twitter:card\" content=\"summary_large_image\" \/>\n<meta name=\"twitter:label1\" content=\"Escrito por\" \/>\n\t<meta name=\"twitter:data1\" content=\"Portal Raizes\" \/>\n\t<meta name=\"twitter:label2\" content=\"Est. tempo de leitura\" \/>\n\t<meta name=\"twitter:data2\" content=\"2 minutos\" \/>\n<script type=\"application\/ld+json\" class=\"yoast-schema-graph\">{\"@context\":\"https:\/\/schema.org\",\"@graph\":[{\"@type\":\"Article\",\"@id\":\"https:\/\/portalraizesnoticias.com.br\/?p=12918#article\",\"isPartOf\":{\"@id\":\"https:\/\/portalraizesnoticias.com.br\/?p=12918\"},\"author\":{\"name\":\"Portal Raizes\",\"@id\":\"https:\/\/portalraizesnoticias.com.br\/#\/schema\/person\/a3ca6b0fc701e78df19756c417d943ae\"},\"headline\":\"Jovem \u00e9 flagrado com coca\u00edna escondida em capa de celular no centro de Valente\",\"datePublished\":\"2026-04-17T15:29:17+00:00\",\"dateModified\":\"2026-04-17T15:29:18+00:00\",\"mainEntityOfPage\":{\"@id\":\"https:\/\/portalraizesnoticias.com.br\/?p=12918\"},\"wordCount\":178,\"commentCount\":0,\"publisher\":{\"@id\":\"https:\/\/portalraizesnoticias.com.br\/#organization\"},\"image\":{\"@id\":\"https:\/\/portalraizesnoticias.com.br\/?p=12918#primaryimage\"},\"thumbnailUrl\":\"https:\/\/portalraizesnoticias.com.br\/wp-content\/uploads\/2024\/11\/pm-policia-militar-53151373421_6fb63d5c5d_o-qwpo2blvhkl4x8z1yykn8fe73p89nh9w7jtstkb6uo.jpg\",\"articleSection\":[\"DESTAQUES\",\"POLICIA\",\"ULTIMAS NOTICIAS\"],\"inLanguage\":\"pt-BR\",\"potentialAction\":[{\"@type\":\"CommentAction\",\"name\":\"Comment\",\"target\":[\"https:\/\/portalraizesnoticias.com.br\/?p=12918#respond\"]}]},{\"@type\":\"WebPage\",\"@id\":\"https:\/\/portalraizesnoticias.com.br\/?p=12918\",\"url\":\"https:\/\/portalraizesnoticias.com.br\/?p=12918\",\"name\":\"Jovem \u00e9 flagrado com coca\u00edna escondida em capa de celular no centro de Valente - Portal raizes noticias\",\"isPartOf\":{\"@id\":\"https:\/\/portalraizesnoticias.com.br\/#website\"},\"primaryImageOfPage\":{\"@id\":\"https:\/\/portalraizesnoticias.com.br\/?p=12918#primaryimage\"},\"image\":{\"@id\":\"https:\/\/portalraizesnoticias.com.br\/?p=12918#primaryimage\"},\"thumbnailUrl\":\"https:\/\/portalraizesnoticias.com.br\/wp-content\/uploads\/2024\/11\/pm-policia-militar-53151373421_6fb63d5c5d_o-qwpo2blvhkl4x8z1yykn8fe73p89nh9w7jtstkb6uo.jpg\",\"datePublished\":\"2026-04-17T15:29:17+00:00\",\"dateModified\":\"2026-04-17T15:29:18+00:00\",\"breadcrumb\":{\"@id\":\"https:\/\/portalraizesnoticias.com.br\/?p=12918#breadcrumb\"},\"inLanguage\":\"pt-BR\",\"potentialAction\":[{\"@type\":\"ReadAction\",\"target\":[\"https:\/\/portalraizesnoticias.com.br\/?p=12918\"]}]},{\"@type\":\"ImageObject\",\"inLanguage\":\"pt-BR\",\"@id\":\"https:\/\/portalraizesnoticias.com.br\/?p=12918#primaryimage\",\"url\":\"https:\/\/portalraizesnoticias.com.br\/wp-content\/uploads\/2024\/11\/pm-policia-militar-53151373421_6fb63d5c5d_o-qwpo2blvhkl4x8z1yykn8fe73p89nh9w7jtstkb6uo.jpg\",\"contentUrl\":\"https:\/\/portalraizesnoticias.com.br\/wp-content\/uploads\/2024\/11\/pm-policia-militar-53151373421_6fb63d5c5d_o-qwpo2blvhkl4x8z1yykn8fe73p89nh9w7jtstkb6uo.jpg\",\"width\":800,\"height\":600},{\"@type\":\"BreadcrumbList\",\"@id\":\"https:\/\/portalraizesnoticias.com.br\/?p=12918#breadcrumb\",\"itemListElement\":[{\"@type\":\"ListItem\",\"position\":1,\"name\":\"In\u00edcio\",\"item\":\"https:\/\/portalraizesnoticias.com.br\/\"},{\"@type\":\"ListItem\",\"position\":2,\"name\":\"Jovem \u00e9 flagrado com coca\u00edna escondida em capa de celular no centro de Valente\"}]},{\"@type\":\"WebSite\",\"@id\":\"https:\/\/portalraizesnoticias.com.br\/#website\",\"url\":\"https:\/\/portalraizesnoticias.com.br\/\",\"name\":\"Portal raizes NOTICIAS\",\"description\":\"site de noticias de concei\u00e7\u00e3o do coit\u00e9 e regi\u00e3o\",\"publisher\":{\"@id\":\"https:\/\/portalraizesnoticias.com.br\/#organization\"},\"alternateName\":\"PORTAL RAIZES COIT\u00c9\",\"potentialAction\":[{\"@type\":\"SearchAction\",\"target\":{\"@type\":\"EntryPoint\",\"urlTemplate\":\"https:\/\/portalraizesnoticias.com.br\/?s={search_term_string}\"},\"query-input\":{\"@type\":\"PropertyValueSpecification\",\"valueRequired\":true,\"valueName\":\"search_term_string\"}}],\"inLanguage\":\"pt-BR\"},{\"@type\":\"Organization\",\"@id\":\"https:\/\/portalraizesnoticias.com.br\/#organization\",\"name\":\"Portal raizes NOTICIAS\",\"url\":\"https:\/\/portalraizesnoticias.com.br\/\",\"logo\":{\"@type\":\"ImageObject\",\"inLanguage\":\"pt-BR\",\"@id\":\"https:\/\/portalraizesnoticias.com.br\/#\/schema\/logo\/image\/\",\"url\":\"https:\/\/portalraizesnoticias.com.br\/wp-content\/uploads\/2024\/09\/cropped-Captura-de-tela-2024-09-08-011108.png\",\"contentUrl\":\"https:\/\/portalraizesnoticias.com.br\/wp-content\/uploads\/2024\/09\/cropped-Captura-de-tela-2024-09-08-011108.png\",\"width\":606,\"height\":173,\"caption\":\"Portal raizes NOTICIAS\"},\"image\":{\"@id\":\"https:\/\/portalraizesnoticias.com.br\/#\/schema\/logo\/image\/\"}},{\"@type\":\"Person\",\"@id\":\"https:\/\/portalraizesnoticias.com.br\/#\/schema\/person\/a3ca6b0fc701e78df19756c417d943ae\",\"name\":\"Portal Raizes\",\"image\":{\"@type\":\"ImageObject\",\"inLanguage\":\"pt-BR\",\"@id\":\"https:\/\/portalraizesnoticias.com.br\/#\/schema\/person\/image\/\",\"url\":\"https:\/\/secure.gravatar.com\/avatar\/ef450d29013a3d3fba867a12a249d7b1?s=96&d=mm&r=g\",\"contentUrl\":\"https:\/\/secure.gravatar.com\/avatar\/ef450d29013a3d3fba867a12a249d7b1?s=96&d=mm&r=g\",\"caption\":\"Portal Raizes\"},\"url\":\"https:\/\/portalraizesnoticias.com.br\/?author=3\"}]}<\/script>\n<!-- \/ Yoast SEO plugin. -->","yoast_head_json":{"title":"Jovem \u00e9 flagrado com coca\u00edna escondida em capa de celular no centro de Valente - Portal raizes noticias","robots":{"index":"index","follow":"follow","max-snippet":"max-snippet:-1","max-image-preview":"max-image-preview:large","max-video-preview":"max-video-preview:-1"},"canonical":"https:\/\/portalraizesnoticias.com.br\/?p=12918","og_locale":"pt_BR","og_type":"article","og_title":"Jovem \u00e9 flagrado com coca\u00edna escondida em capa de celular no centro de Valente - Portal raizes noticias","og_description":"Um jovem de 20 anos foi conduzido \u00e0 delegacia na noite de quinta-feira (16), ap\u00f3s ser flagrado com drogas no munic\u00edpio de Valente, na regi\u00e3o sisaleira. De acordo com a Pol\u00edcia Militar, a a\u00e7\u00e3o ocorreu por volta das 18h, durante patrulhamento t\u00e1tico realizado por uma guarni\u00e7\u00e3o da CETO. Os policiais avistaram dois indiv\u00edduos em atitude suspeita na Rua Jos\u00e9 de Alencar, no centro da cidade. Ao perceberem a aproxima\u00e7\u00e3o da viatura, os suspeitos tentaram fugir, mas foram alcan\u00e7ados e abordados. Durante a revista pessoal, os agentes encontraram, dentro da capa do celular de um dos indiv\u00edduos, tr\u00eas por\u00e7\u00f5es de uma subst\u00e2ncia esbranqui\u00e7ada, com caracter\u00edsticas semelhantes \u00e0 coca\u00edna. O suspeito, T. S, foi conduzido e apresentado no plant\u00e3o regional da Pol\u00edcia Civil, em Serrinha, junto com o material apreendido,\u00a0 tr\u00eas trouxinhas de coca\u00edna e um smartphone. O caso foi registrado e segue sob responsabilidade da autoridade policial competente.","og_url":"https:\/\/portalraizesnoticias.com.br\/?p=12918","og_site_name":"Portal raizes noticias","article_published_time":"2026-04-17T15:29:17+00:00","article_modified_time":"2026-04-17T15:29:18+00:00","og_image":[{"width":800,"height":600,"url":"https:\/\/portalraizesnoticias.com.br\/wp-content\/uploads\/2024\/11\/pm-policia-militar-53151373421_6fb63d5c5d_o-qwpo2blvhkl4x8z1yykn8fe73p89nh9w7jtstkb6uo.jpg","type":"image\/jpeg"}],"author":"Portal Raizes","twitter_card":"summary_large_image","twitter_misc":{"Escrito por":"Portal Raizes","Est. tempo de leitura":"2 minutos"},"schema":{"@context":"https:\/\/schema.org","@graph":[{"@type":"Article","@id":"https:\/\/portalraizesnoticias.com.br\/?p=12918#article","isPartOf":{"@id":"https:\/\/portalraizesnoticias.com.br\/?p=12918"},"author":{"name":"Portal Raizes","@id":"https:\/\/portalraizesnoticias.com.br\/#\/schema\/person\/a3ca6b0fc701e78df19756c417d943ae"},"headline":"Jovem \u00e9 flagrado com coca\u00edna escondida em capa de celular no centro de Valente","datePublished":"2026-04-17T15:29:17+00:00","dateModified":"2026-04-17T15:29:18+00:00","mainEntityOfPage":{"@id":"https:\/\/portalraizesnoticias.com.br\/?p=12918"},"wordCount":178,"commentCount":0,"publisher":{"@id":"https:\/\/portalraizesnoticias.com.br\/#organization"},"image":{"@id":"https:\/\/portalraizesnoticias.com.br\/?p=12918#primaryimage"},"thumbnailUrl":"https:\/\/portalraizesnoticias.com.br\/wp-content\/uploads\/2024\/11\/pm-policia-militar-53151373421_6fb63d5c5d_o-qwpo2blvhkl4x8z1yykn8fe73p89nh9w7jtstkb6uo.jpg","articleSection":["DESTAQUES","POLICIA","ULTIMAS NOTICIAS"],"inLanguage":"pt-BR","potentialAction":[{"@type":"CommentAction","name":"Comment","target":["https:\/\/portalraizesnoticias.com.br\/?p=12918#respond"]}]},{"@type":"WebPage","@id":"https:\/\/portalraizesnoticias.com.br\/?p=12918","url":"https:\/\/portalraizesnoticias.com.br\/?p=12918","name":"Jovem \u00e9 flagrado com coca\u00edna escondida em capa de celular no centro de Valente - Portal raizes noticias","isPartOf":{"@id":"https:\/\/portalraizesnoticias.com.br\/#website"},"primaryImageOfPage":{"@id":"https:\/\/portalraizesnoticias.com.br\/?p=12918#primaryimage"},"image":{"@id":"https:\/\/portalraizesnoticias.com.br\/?p=12918#primaryimage"},"thumbnailUrl":"https:\/\/portalraizesnoticias.com.br\/wp-content\/uploads\/2024\/11\/pm-policia-militar-53151373421_6fb63d5c5d_o-qwpo2blvhkl4x8z1yykn8fe73p89nh9w7jtstkb6uo.jpg","datePublished":"2026-04-17T15:29:17+00:00","dateModified":"2026-04-17T15:29:18+00:00","breadcrumb":{"@id":"https:\/\/portalraizesnoticias.com.br\/?p=12918#breadcrumb"},"inLanguage":"pt-BR","potentialAction":[{"@type":"ReadAction","target":["https:\/\/portalraizesnoticias.com.br\/?p=12918"]}]},{"@type":"ImageObject","inLanguage":"pt-BR","@id":"https:\/\/portalraizesnoticias.com.br\/?p=12918#primaryimage","url":"https:\/\/portalraizesnoticias.com.br\/wp-content\/uploads\/2024\/11\/pm-policia-militar-53151373421_6fb63d5c5d_o-qwpo2blvhkl4x8z1yykn8fe73p89nh9w7jtstkb6uo.jpg","contentUrl":"https:\/\/portalraizesnoticias.com.br\/wp-content\/uploads\/2024\/11\/pm-policia-militar-53151373421_6fb63d5c5d_o-qwpo2blvhkl4x8z1yykn8fe73p89nh9w7jtstkb6uo.jpg","width":800,"height":600},{"@type":"BreadcrumbList","@id":"https:\/\/portalraizesnoticias.com.br\/?p=12918#breadcrumb","itemListElement":[{"@type":"ListItem","position":1,"name":"In\u00edcio","item":"https:\/\/portalraizesnoticias.com.br\/"},{"@type":"ListItem","position":2,"name":"Jovem \u00e9 flagrado com coca\u00edna escondida em capa de celular no centro de Valente"}]},{"@type":"WebSite","@id":"https:\/\/portalraizesnoticias.com.br\/#website","url":"https:\/\/portalraizesnoticias.com.br\/","name":"Portal raizes NOTICIAS","description":"site de noticias de concei\u00e7\u00e3o do coit\u00e9 e regi\u00e3o","publisher":{"@id":"https:\/\/portalraizesnoticias.com.br\/#organization"},"alternateName":"PORTAL RAIZES COIT\u00c9","potentialAction":[{"@type":"SearchAction","target":{"@type":"EntryPoint","urlTemplate":"https:\/\/portalraizesnoticias.com.br\/?s={search_term_string}"},"query-input":{"@type":"PropertyValueSpecification","valueRequired":true,"valueName":"search_term_string"}}],"inLanguage":"pt-BR"},{"@type":"Organization","@id":"https:\/\/portalraizesnoticias.com.br\/#organization","name":"Portal raizes NOTICIAS","url":"https:\/\/portalraizesnoticias.com.br\/","logo":{"@type":"ImageObject","inLanguage":"pt-BR","@id":"https:\/\/portalraizesnoticias.com.br\/#\/schema\/logo\/image\/","url":"https:\/\/portalraizesnoticias.com.br\/wp-content\/uploads\/2024\/09\/cropped-Captura-de-tela-2024-09-08-011108.png","contentUrl":"https:\/\/portalraizesnoticias.com.br\/wp-content\/uploads\/2024\/09\/cropped-Captura-de-tela-2024-09-08-011108.png","width":606,"height":173,"caption":"Portal raizes NOTICIAS"},"image":{"@id":"https:\/\/portalraizesnoticias.com.br\/#\/schema\/logo\/image\/"}},{"@type":"Person","@id":"https:\/\/portalraizesnoticias.com.br\/#\/schema\/person\/a3ca6b0fc701e78df19756c417d943ae","name":"Portal Raizes","image":{"@type":"ImageObject","inLanguage":"pt-BR","@id":"https:\/\/portalraizesnoticias.com.br\/#\/schema\/person\/image\/","url":"https:\/\/secure.gravatar.com\/avatar\/ef450d29013a3d3fba867a12a249d7b1?s=96&d=mm&r=g","contentUrl":"https:\/\/secure.gravatar.com\/avatar\/ef450d29013a3d3fba867a12a249d7b1?s=96&d=mm&r=g","caption":"Portal Raizes"},"url":"https:\/\/portalraizesnoticias.com.br\/?author=3"}]}},"_links":{"self":[{"href":"https:\/\/portalraizesnoticias.com.br\/index.php?rest_route=\/wp\/v2\/posts\/12918"}],"collection":[{"href":"https:\/\/portalraizesnoticias.com.br\/index.php?rest_route=\/wp\/v2\/posts"}],"about":[{"href":"https:\/\/portalraizesnoticias.com.br\/index.php?rest_route=\/wp\/v2\/types\/post"}],"author":[{"embeddable":true,"href":"https:\/\/portalraizesnoticias.com.br\/index.php?rest_route=\/wp\/v2\/users\/3"}],"replies":[{"embeddable":true,"href":"https:\/\/portalraizesnoticias.com.br\/index.php?rest_route=%2Fwp%2Fv2%2Fcomments&post=12918"}],"version-history":[{"count":2,"href":"https:\/\/portalraizesnoticias.com.br\/index.php?rest_route=\/wp\/v2\/posts\/12918\/revisions"}],"predecessor-version":[{"id":12920,"href":"https:\/\/portalraizesnoticias.com.br\/index.php?rest_route=\/wp\/v2\/posts\/12918\/revisions\/12920"}],"wp:featuredmedia":[{"embeddable":true,"href":"https:\/\/portalraizesnoticias.com.br\/index.php?rest_route=\/wp\/v2\/media\/2063"}],"wp:attachment":[{"href":"https:\/\/portalraizesnoticias.com.br\/index.php?rest_route=%2Fwp%2Fv2%2Fmedia&parent=12918"}],"wp:term":[{"taxonomy":"category","embeddable":true,"href":"https:\/\/portalraizesnoticias.com.br\/index.php?rest_route=%2Fwp%2Fv2%2Fcategories&post=12918"},{"taxonomy":"post_tag","embeddable":true,"href":"https:\/\/portalraizesnoticias.com.br\/index.php?rest_route=%2Fwp%2Fv2%2Ftags&post=12918"}],"curies":[{"name":"wp","href":"https:\/\/api.w.org\/{rel}","templated":true}]}}