{"id":12913,"date":"2026-04-16T21:12:26","date_gmt":"2026-04-17T00:12:26","guid":{"rendered":"https:\/\/portalraizesnoticias.com.br\/?p=12913"},"modified":"2026-04-16T21:12:26","modified_gmt":"2026-04-17T00:12:26","slug":"moto-e-tomada-de-assalto-no-centro-de-valente","status":"publish","type":"post","link":"https:\/\/portalraizesnoticias.com.br\/?p=12913","title":{"rendered":"Moto \u00e9 tomada de assalto no centro de Valente"},"content":{"rendered":"<p>Uma motocicleta foi tomada de assalto na noite desta quinta-feira (16), no centro de Valente, regi\u00e3o sisaleira da Bahia.<\/p>\n<p>De acordo com informa\u00e7\u00f5es da Pol\u00edcia Militar, o crime aconteceu por volta das 19h, nas proximidades de um col\u00e9gio\u00a0 na Avenida Get\u00falio Vargas. A v\u00edtima E. S de 56 anos, relatou que foi abordada por dois indiv\u00edduos que estavam em outra motocicleta.<\/p>\n<p>Ainda segundo o relato, um dos suspeitos simulou estar armado ao colocar a m\u00e3o na cintura, intimidando a v\u00edtima e anunciando o assalto. Em seguida, a dupla levou uma motocicleta Honda Fan 160, de cor vermelha, fugindo em dire\u00e7\u00e3o desconhecida.<\/p>\n<p>A Pol\u00edcia Militar realizou rondas nas vias de acesso a cidades vizinhas na tentativa de localizar os suspeitos e recuperar o ve\u00edculo, mas at\u00e9 o momento ningu\u00e9m foi preso.<\/p>\n<p>A v\u00edtima, que estava bastante nervosa, n\u00e3o conseguiu fornecer mais detalhes sobre os autores do crime. Ela foi orientada a registrar o caso na Delegacia de Pol\u00edcia Civil, que ficar\u00e1 respons\u00e1vel pela investiga\u00e7\u00e3o.<\/p>\n<p>Reda\u00e7\u00e3o<\/p>\n<p>Foto: Ilustra\u00e7\u00e3o<\/p>\n","protected":false},"excerpt":{"rendered":"<p>Uma motocicleta foi tomada de assalto na noite desta quinta-feira (16), no centro de Valente, regi\u00e3o sisaleira da Bahia. De acordo com informa\u00e7\u00f5es da Pol\u00edcia Militar, o crime aconteceu por volta das 19h, nas proximidades de um col\u00e9gio\u00a0 na Avenida Get\u00falio Vargas. A v\u00edtima E. S de 56 anos, relatou que foi abordada por dois indiv\u00edduos que estavam em outra motocicleta. Ainda segundo o relato, um dos suspeitos simulou estar armado ao colocar a m\u00e3o na cintura, intimidando a v\u00edtima e anunciando o assalto. Em seguida, a dupla levou uma motocicleta Honda Fan 160, de cor vermelha, fugindo em dire\u00e7\u00e3o desconhecida. A Pol\u00edcia Militar realizou rondas nas vias de acesso a cidades vizinhas na tentativa de localizar os suspeitos e recuperar o ve\u00edculo, mas at\u00e9 o momento ningu\u00e9m foi preso. A v\u00edtima, que estava bastante nervosa, n\u00e3o conseguiu fornecer mais detalhes sobre os autores do crime. Ela foi orientada a registrar o caso na Delegacia de Pol\u00edcia Civil, que ficar\u00e1 respons\u00e1vel pela investiga\u00e7\u00e3o. Reda\u00e7\u00e3o Foto: Ilustra\u00e7\u00e3o<\/p>\n","protected":false},"author":3,"featured_media":12917,"comment_status":"open","ping_status":"open","sticky":false,"template":"","format":"standard","meta":{"_joinchat":[],"footnotes":""},"categories":[55,67,59],"tags":[],"class_list":["post-12913","post","type-post","status-publish","format-standard","has-post-thumbnail","hentry","category-destaques","category-policia","category-ultimas-noticias"],"yoast_head":"<!-- This site is optimized with the Yoast SEO plugin v24.4 - https:\/\/yoast.com\/wordpress\/plugins\/seo\/ -->\n<title>Moto \u00e9 tomada de assalto no centro de Valente - Portal raizes noticias<\/title>\n<meta name=\"robots\" content=\"index, follow, max-snippet:-1, max-image-preview:large, max-video-preview:-1\" \/>\n<link rel=\"canonical\" href=\"https:\/\/portalraizesnoticias.com.br\/?p=12913\" \/>\n<meta property=\"og:locale\" content=\"pt_BR\" \/>\n<meta property=\"og:type\" content=\"article\" \/>\n<meta property=\"og:title\" content=\"Moto \u00e9 tomada de assalto no centro de Valente - Portal raizes noticias\" \/>\n<meta property=\"og:description\" content=\"Uma motocicleta foi tomada de assalto na noite desta quinta-feira (16), no centro de Valente, regi\u00e3o sisaleira da Bahia. De acordo com informa\u00e7\u00f5es da Pol\u00edcia Militar, o crime aconteceu por volta das 19h, nas proximidades de um col\u00e9gio\u00a0 na Avenida Get\u00falio Vargas. A v\u00edtima E. S de 56 anos, relatou que foi abordada por dois indiv\u00edduos que estavam em outra motocicleta. Ainda segundo o relato, um dos suspeitos simulou estar armado ao colocar a m\u00e3o na cintura, intimidando a v\u00edtima e anunciando o assalto. Em seguida, a dupla levou uma motocicleta Honda Fan 160, de cor vermelha, fugindo em dire\u00e7\u00e3o desconhecida. A Pol\u00edcia Militar realizou rondas nas vias de acesso a cidades vizinhas na tentativa de localizar os suspeitos e recuperar o ve\u00edculo, mas at\u00e9 o momento ningu\u00e9m foi preso. A v\u00edtima, que estava bastante nervosa, n\u00e3o conseguiu fornecer mais detalhes sobre os autores do crime. Ela foi orientada a registrar o caso na Delegacia de Pol\u00edcia Civil, que ficar\u00e1 respons\u00e1vel pela investiga\u00e7\u00e3o. Reda\u00e7\u00e3o Foto: Ilustra\u00e7\u00e3o\" \/>\n<meta property=\"og:url\" content=\"https:\/\/portalraizesnoticias.com.br\/?p=12913\" \/>\n<meta property=\"og:site_name\" content=\"Portal raizes noticias\" \/>\n<meta property=\"article:published_time\" content=\"2026-04-17T00:12:26+00:00\" \/>\n<meta property=\"og:image\" content=\"https:\/\/portalraizesnoticias.com.br\/wp-content\/uploads\/2026\/04\/honda-cg-160-fan-wmimagem17575484221.webp\" \/>\n\t<meta property=\"og:image:width\" content=\"560\" \/>\n\t<meta property=\"og:image:height\" content=\"315\" \/>\n\t<meta property=\"og:image:type\" content=\"image\/webp\" \/>\n<meta name=\"author\" content=\"Portal Raizes\" \/>\n<meta name=\"twitter:card\" content=\"summary_large_image\" \/>\n<meta name=\"twitter:label1\" content=\"Escrito por\" \/>\n\t<meta name=\"twitter:data1\" content=\"Portal Raizes\" \/>\n\t<meta name=\"twitter:label2\" content=\"Est. tempo de leitura\" \/>\n\t<meta name=\"twitter:data2\" content=\"2 minutos\" \/>\n<script type=\"application\/ld+json\" class=\"yoast-schema-graph\">{\"@context\":\"https:\/\/schema.org\",\"@graph\":[{\"@type\":\"Article\",\"@id\":\"https:\/\/portalraizesnoticias.com.br\/?p=12913#article\",\"isPartOf\":{\"@id\":\"https:\/\/portalraizesnoticias.com.br\/?p=12913\"},\"author\":{\"name\":\"Portal Raizes\",\"@id\":\"https:\/\/portalraizesnoticias.com.br\/#\/schema\/person\/a3ca6b0fc701e78df19756c417d943ae\"},\"headline\":\"Moto \u00e9 tomada de assalto no centro de Valente\",\"datePublished\":\"2026-04-17T00:12:26+00:00\",\"mainEntityOfPage\":{\"@id\":\"https:\/\/portalraizesnoticias.com.br\/?p=12913\"},\"wordCount\":191,\"commentCount\":0,\"publisher\":{\"@id\":\"https:\/\/portalraizesnoticias.com.br\/#organization\"},\"image\":{\"@id\":\"https:\/\/portalraizesnoticias.com.br\/?p=12913#primaryimage\"},\"thumbnailUrl\":\"https:\/\/portalraizesnoticias.com.br\/wp-content\/uploads\/2026\/04\/honda-cg-160-fan-wmimagem17575484221.webp\",\"articleSection\":[\"DESTAQUES\",\"POLICIA\",\"ULTIMAS NOTICIAS\"],\"inLanguage\":\"pt-BR\",\"potentialAction\":[{\"@type\":\"CommentAction\",\"name\":\"Comment\",\"target\":[\"https:\/\/portalraizesnoticias.com.br\/?p=12913#respond\"]}]},{\"@type\":\"WebPage\",\"@id\":\"https:\/\/portalraizesnoticias.com.br\/?p=12913\",\"url\":\"https:\/\/portalraizesnoticias.com.br\/?p=12913\",\"name\":\"Moto \u00e9 tomada de assalto no centro de Valente - Portal raizes noticias\",\"isPartOf\":{\"@id\":\"https:\/\/portalraizesnoticias.com.br\/#website\"},\"primaryImageOfPage\":{\"@id\":\"https:\/\/portalraizesnoticias.com.br\/?p=12913#primaryimage\"},\"image\":{\"@id\":\"https:\/\/portalraizesnoticias.com.br\/?p=12913#primaryimage\"},\"thumbnailUrl\":\"https:\/\/portalraizesnoticias.com.br\/wp-content\/uploads\/2026\/04\/honda-cg-160-fan-wmimagem17575484221.webp\",\"datePublished\":\"2026-04-17T00:12:26+00:00\",\"breadcrumb\":{\"@id\":\"https:\/\/portalraizesnoticias.com.br\/?p=12913#breadcrumb\"},\"inLanguage\":\"pt-BR\",\"potentialAction\":[{\"@type\":\"ReadAction\",\"target\":[\"https:\/\/portalraizesnoticias.com.br\/?p=12913\"]}]},{\"@type\":\"ImageObject\",\"inLanguage\":\"pt-BR\",\"@id\":\"https:\/\/portalraizesnoticias.com.br\/?p=12913#primaryimage\",\"url\":\"https:\/\/portalraizesnoticias.com.br\/wp-content\/uploads\/2026\/04\/honda-cg-160-fan-wmimagem17575484221.webp\",\"contentUrl\":\"https:\/\/portalraizesnoticias.com.br\/wp-content\/uploads\/2026\/04\/honda-cg-160-fan-wmimagem17575484221.webp\",\"width\":560,\"height\":315},{\"@type\":\"BreadcrumbList\",\"@id\":\"https:\/\/portalraizesnoticias.com.br\/?p=12913#breadcrumb\",\"itemListElement\":[{\"@type\":\"ListItem\",\"position\":1,\"name\":\"In\u00edcio\",\"item\":\"https:\/\/portalraizesnoticias.com.br\/\"},{\"@type\":\"ListItem\",\"position\":2,\"name\":\"Moto \u00e9 tomada de assalto no centro de Valente\"}]},{\"@type\":\"WebSite\",\"@id\":\"https:\/\/portalraizesnoticias.com.br\/#website\",\"url\":\"https:\/\/portalraizesnoticias.com.br\/\",\"name\":\"Portal raizes NOTICIAS\",\"description\":\"site de noticias de concei\u00e7\u00e3o do coit\u00e9 e regi\u00e3o\",\"publisher\":{\"@id\":\"https:\/\/portalraizesnoticias.com.br\/#organization\"},\"alternateName\":\"PORTAL RAIZES COIT\u00c9\",\"potentialAction\":[{\"@type\":\"SearchAction\",\"target\":{\"@type\":\"EntryPoint\",\"urlTemplate\":\"https:\/\/portalraizesnoticias.com.br\/?s={search_term_string}\"},\"query-input\":{\"@type\":\"PropertyValueSpecification\",\"valueRequired\":true,\"valueName\":\"search_term_string\"}}],\"inLanguage\":\"pt-BR\"},{\"@type\":\"Organization\",\"@id\":\"https:\/\/portalraizesnoticias.com.br\/#organization\",\"name\":\"Portal raizes NOTICIAS\",\"url\":\"https:\/\/portalraizesnoticias.com.br\/\",\"logo\":{\"@type\":\"ImageObject\",\"inLanguage\":\"pt-BR\",\"@id\":\"https:\/\/portalraizesnoticias.com.br\/#\/schema\/logo\/image\/\",\"url\":\"https:\/\/portalraizesnoticias.com.br\/wp-content\/uploads\/2024\/09\/cropped-Captura-de-tela-2024-09-08-011108.png\",\"contentUrl\":\"https:\/\/portalraizesnoticias.com.br\/wp-content\/uploads\/2024\/09\/cropped-Captura-de-tela-2024-09-08-011108.png\",\"width\":606,\"height\":173,\"caption\":\"Portal raizes NOTICIAS\"},\"image\":{\"@id\":\"https:\/\/portalraizesnoticias.com.br\/#\/schema\/logo\/image\/\"}},{\"@type\":\"Person\",\"@id\":\"https:\/\/portalraizesnoticias.com.br\/#\/schema\/person\/a3ca6b0fc701e78df19756c417d943ae\",\"name\":\"Portal Raizes\",\"image\":{\"@type\":\"ImageObject\",\"inLanguage\":\"pt-BR\",\"@id\":\"https:\/\/portalraizesnoticias.com.br\/#\/schema\/person\/image\/\",\"url\":\"https:\/\/secure.gravatar.com\/avatar\/ef450d29013a3d3fba867a12a249d7b1?s=96&d=mm&r=g\",\"contentUrl\":\"https:\/\/secure.gravatar.com\/avatar\/ef450d29013a3d3fba867a12a249d7b1?s=96&d=mm&r=g\",\"caption\":\"Portal Raizes\"},\"url\":\"https:\/\/portalraizesnoticias.com.br\/?author=3\"}]}<\/script>\n<!-- \/ Yoast SEO plugin. -->","yoast_head_json":{"title":"Moto \u00e9 tomada de assalto no centro de Valente - Portal raizes noticias","robots":{"index":"index","follow":"follow","max-snippet":"max-snippet:-1","max-image-preview":"max-image-preview:large","max-video-preview":"max-video-preview:-1"},"canonical":"https:\/\/portalraizesnoticias.com.br\/?p=12913","og_locale":"pt_BR","og_type":"article","og_title":"Moto \u00e9 tomada de assalto no centro de Valente - Portal raizes noticias","og_description":"Uma motocicleta foi tomada de assalto na noite desta quinta-feira (16), no centro de Valente, regi\u00e3o sisaleira da Bahia. De acordo com informa\u00e7\u00f5es da Pol\u00edcia Militar, o crime aconteceu por volta das 19h, nas proximidades de um col\u00e9gio\u00a0 na Avenida Get\u00falio Vargas. A v\u00edtima E. S de 56 anos, relatou que foi abordada por dois indiv\u00edduos que estavam em outra motocicleta. Ainda segundo o relato, um dos suspeitos simulou estar armado ao colocar a m\u00e3o na cintura, intimidando a v\u00edtima e anunciando o assalto. Em seguida, a dupla levou uma motocicleta Honda Fan 160, de cor vermelha, fugindo em dire\u00e7\u00e3o desconhecida. A Pol\u00edcia Militar realizou rondas nas vias de acesso a cidades vizinhas na tentativa de localizar os suspeitos e recuperar o ve\u00edculo, mas at\u00e9 o momento ningu\u00e9m foi preso. A v\u00edtima, que estava bastante nervosa, n\u00e3o conseguiu fornecer mais detalhes sobre os autores do crime. Ela foi orientada a registrar o caso na Delegacia de Pol\u00edcia Civil, que ficar\u00e1 respons\u00e1vel pela investiga\u00e7\u00e3o. Reda\u00e7\u00e3o Foto: Ilustra\u00e7\u00e3o","og_url":"https:\/\/portalraizesnoticias.com.br\/?p=12913","og_site_name":"Portal raizes noticias","article_published_time":"2026-04-17T00:12:26+00:00","og_image":[{"width":560,"height":315,"url":"https:\/\/portalraizesnoticias.com.br\/wp-content\/uploads\/2026\/04\/honda-cg-160-fan-wmimagem17575484221.webp","type":"image\/webp"}],"author":"Portal Raizes","twitter_card":"summary_large_image","twitter_misc":{"Escrito por":"Portal Raizes","Est. tempo de leitura":"2 minutos"},"schema":{"@context":"https:\/\/schema.org","@graph":[{"@type":"Article","@id":"https:\/\/portalraizesnoticias.com.br\/?p=12913#article","isPartOf":{"@id":"https:\/\/portalraizesnoticias.com.br\/?p=12913"},"author":{"name":"Portal Raizes","@id":"https:\/\/portalraizesnoticias.com.br\/#\/schema\/person\/a3ca6b0fc701e78df19756c417d943ae"},"headline":"Moto \u00e9 tomada de assalto no centro de Valente","datePublished":"2026-04-17T00:12:26+00:00","mainEntityOfPage":{"@id":"https:\/\/portalraizesnoticias.com.br\/?p=12913"},"wordCount":191,"commentCount":0,"publisher":{"@id":"https:\/\/portalraizesnoticias.com.br\/#organization"},"image":{"@id":"https:\/\/portalraizesnoticias.com.br\/?p=12913#primaryimage"},"thumbnailUrl":"https:\/\/portalraizesnoticias.com.br\/wp-content\/uploads\/2026\/04\/honda-cg-160-fan-wmimagem17575484221.webp","articleSection":["DESTAQUES","POLICIA","ULTIMAS NOTICIAS"],"inLanguage":"pt-BR","potentialAction":[{"@type":"CommentAction","name":"Comment","target":["https:\/\/portalraizesnoticias.com.br\/?p=12913#respond"]}]},{"@type":"WebPage","@id":"https:\/\/portalraizesnoticias.com.br\/?p=12913","url":"https:\/\/portalraizesnoticias.com.br\/?p=12913","name":"Moto \u00e9 tomada de assalto no centro de Valente - Portal raizes noticias","isPartOf":{"@id":"https:\/\/portalraizesnoticias.com.br\/#website"},"primaryImageOfPage":{"@id":"https:\/\/portalraizesnoticias.com.br\/?p=12913#primaryimage"},"image":{"@id":"https:\/\/portalraizesnoticias.com.br\/?p=12913#primaryimage"},"thumbnailUrl":"https:\/\/portalraizesnoticias.com.br\/wp-content\/uploads\/2026\/04\/honda-cg-160-fan-wmimagem17575484221.webp","datePublished":"2026-04-17T00:12:26+00:00","breadcrumb":{"@id":"https:\/\/portalraizesnoticias.com.br\/?p=12913#breadcrumb"},"inLanguage":"pt-BR","potentialAction":[{"@type":"ReadAction","target":["https:\/\/portalraizesnoticias.com.br\/?p=12913"]}]},{"@type":"ImageObject","inLanguage":"pt-BR","@id":"https:\/\/portalraizesnoticias.com.br\/?p=12913#primaryimage","url":"https:\/\/portalraizesnoticias.com.br\/wp-content\/uploads\/2026\/04\/honda-cg-160-fan-wmimagem17575484221.webp","contentUrl":"https:\/\/portalraizesnoticias.com.br\/wp-content\/uploads\/2026\/04\/honda-cg-160-fan-wmimagem17575484221.webp","width":560,"height":315},{"@type":"BreadcrumbList","@id":"https:\/\/portalraizesnoticias.com.br\/?p=12913#breadcrumb","itemListElement":[{"@type":"ListItem","position":1,"name":"In\u00edcio","item":"https:\/\/portalraizesnoticias.com.br\/"},{"@type":"ListItem","position":2,"name":"Moto \u00e9 tomada de assalto no centro de Valente"}]},{"@type":"WebSite","@id":"https:\/\/portalraizesnoticias.com.br\/#website","url":"https:\/\/portalraizesnoticias.com.br\/","name":"Portal raizes NOTICIAS","description":"site de noticias de concei\u00e7\u00e3o do coit\u00e9 e regi\u00e3o","publisher":{"@id":"https:\/\/portalraizesnoticias.com.br\/#organization"},"alternateName":"PORTAL RAIZES COIT\u00c9","potentialAction":[{"@type":"SearchAction","target":{"@type":"EntryPoint","urlTemplate":"https:\/\/portalraizesnoticias.com.br\/?s={search_term_string}"},"query-input":{"@type":"PropertyValueSpecification","valueRequired":true,"valueName":"search_term_string"}}],"inLanguage":"pt-BR"},{"@type":"Organization","@id":"https:\/\/portalraizesnoticias.com.br\/#organization","name":"Portal raizes NOTICIAS","url":"https:\/\/portalraizesnoticias.com.br\/","logo":{"@type":"ImageObject","inLanguage":"pt-BR","@id":"https:\/\/portalraizesnoticias.com.br\/#\/schema\/logo\/image\/","url":"https:\/\/portalraizesnoticias.com.br\/wp-content\/uploads\/2024\/09\/cropped-Captura-de-tela-2024-09-08-011108.png","contentUrl":"https:\/\/portalraizesnoticias.com.br\/wp-content\/uploads\/2024\/09\/cropped-Captura-de-tela-2024-09-08-011108.png","width":606,"height":173,"caption":"Portal raizes NOTICIAS"},"image":{"@id":"https:\/\/portalraizesnoticias.com.br\/#\/schema\/logo\/image\/"}},{"@type":"Person","@id":"https:\/\/portalraizesnoticias.com.br\/#\/schema\/person\/a3ca6b0fc701e78df19756c417d943ae","name":"Portal Raizes","image":{"@type":"ImageObject","inLanguage":"pt-BR","@id":"https:\/\/portalraizesnoticias.com.br\/#\/schema\/person\/image\/","url":"https:\/\/secure.gravatar.com\/avatar\/ef450d29013a3d3fba867a12a249d7b1?s=96&d=mm&r=g","contentUrl":"https:\/\/secure.gravatar.com\/avatar\/ef450d29013a3d3fba867a12a249d7b1?s=96&d=mm&r=g","caption":"Portal Raizes"},"url":"https:\/\/portalraizesnoticias.com.br\/?author=3"}]}},"_links":{"self":[{"href":"https:\/\/portalraizesnoticias.com.br\/index.php?rest_route=\/wp\/v2\/posts\/12913"}],"collection":[{"href":"https:\/\/portalraizesnoticias.com.br\/index.php?rest_route=\/wp\/v2\/posts"}],"about":[{"href":"https:\/\/portalraizesnoticias.com.br\/index.php?rest_route=\/wp\/v2\/types\/post"}],"author":[{"embeddable":true,"href":"https:\/\/portalraizesnoticias.com.br\/index.php?rest_route=\/wp\/v2\/users\/3"}],"replies":[{"embeddable":true,"href":"https:\/\/portalraizesnoticias.com.br\/index.php?rest_route=%2Fwp%2Fv2%2Fcomments&post=12913"}],"version-history":[{"count":3,"href":"https:\/\/portalraizesnoticias.com.br\/index.php?rest_route=\/wp\/v2\/posts\/12913\/revisions"}],"predecessor-version":[{"id":12916,"href":"https:\/\/portalraizesnoticias.com.br\/index.php?rest_route=\/wp\/v2\/posts\/12913\/revisions\/12916"}],"wp:featuredmedia":[{"embeddable":true,"href":"https:\/\/portalraizesnoticias.com.br\/index.php?rest_route=\/wp\/v2\/media\/12917"}],"wp:attachment":[{"href":"https:\/\/portalraizesnoticias.com.br\/index.php?rest_route=%2Fwp%2Fv2%2Fmedia&parent=12913"}],"wp:term":[{"taxonomy":"category","embeddable":true,"href":"https:\/\/portalraizesnoticias.com.br\/index.php?rest_route=%2Fwp%2Fv2%2Fcategories&post=12913"},{"taxonomy":"post_tag","embeddable":true,"href":"https:\/\/portalraizesnoticias.com.br\/index.php?rest_route=%2Fwp%2Fv2%2Ftags&post=12913"}],"curies":[{"name":"wp","href":"https:\/\/api.w.org\/{rel}","templated":true}]}}